{"id":1558,"date":"2013-01-21T08:55:53","date_gmt":"2013-01-21T07:55:53","guid":{"rendered":"http:\/\/jp2doc.pl\/en\/?p=1558"},"modified":"2017-04-14T09:03:38","modified_gmt":"2017-04-14T07:03:38","slug":"karol-wojtyla-vatican-ii","status":"publish","type":"post","link":"https:\/\/jp2doc.pl\/en\/2013\/01\/21\/karol-wojtyla-vatican-ii\/","title":{"rendered":"Karol Wojty\u0142a on the Vatican II"},"content":{"rendered":"<p>Thanks to the efforts of the John Paul II Pontificate Centre for Research and Documentation in Rome, scholarly articles and lectures on the Second Vatican Council by Karol Wojty\u0142a have been recently published in Polish. The book The Church in the Mystery of Redemption. Interpretation of Vatican II contains a total of thirty four writings from the years 1965-1977. They are mostly texts of lectures by the Archbishop of Krakow pronounced at scholarly symposia or during the meetings of the commission of the Polish Bishop\u2019s Conference for the implementation of Vatican II into the life of the Church in Poland. One-third of those writings are available for the first time.<a href=\"http:\/\/jp2doc.pl\/en\/wp-content\/uploads\/sites\/2\/2017\/04\/50fd6fc43480cundefined.jpg\"><img loading=\"lazy\" decoding=\"async\" width=\"500\" height=\"680\" class=\"aligncenter wp-image-1559 size-full\" src=\"http:\/\/jp2doc.pl\/en\/wp-content\/uploads\/sites\/2\/2017\/04\/50fd6fc43480cundefined.jpg\" alt=\"\" srcset=\"https:\/\/jp2doc.pl\/en\/wp-content\/uploads\/sites\/2\/2017\/04\/50fd6fc43480cundefined.jpg 500w, https:\/\/jp2doc.pl\/en\/wp-content\/uploads\/sites\/2\/2017\/04\/50fd6fc43480cundefined-471x640.jpg 471w\" sizes=\"auto, (max-width: 500px) 100vw, 500px\" \/><\/a><\/p>\n<p>The book, of nearly 500 pages, is divided into four chapters. In the first chapter, entitled Getting to know the Council, are gathered the writings on the activity of the Council Fathers and theological experts and the preparation of the documents. Also, there are the texts that discuss the general doctrine of Vatican II. The second chapter is entitled The Church in Christ. It includes the writings on the Dogmatic Constitution on the Church Lumen Gentium, and other documents which fundamentally show the participation of the People of God &#8211; clergy and laity &#8211; in the threefold mission of Christ as Priest, Prophet and King. In the third chapter, The Church in the World includes the writings on the Pastoral Constitution on the Church in the Modern World Gaudium et Spes and the Declaration on Religious Freedom, Dignitatis Humanae. The fourth chapter, The Implementation of the Second Vatican Council includes writings of a pastoral character, in which the author sets out the way of reception of the Council, that is, the process of knowing and understanding its doctrine by faithful people, and he sets out the way of implementing Vatican II, that is introducing Vatican II\u2019s teaching in the lives of people and Church institutions.<\/p>\n<p>This publication includes a preface by Rev. Adam Kubi\u015b, a theologian who worked closely with Cardinal Karol Wojty\u0142a, an introduction by Fr. Andrzej Dobrzy\u0144ski, who prepared this edition of the texts, a summary in English and indexes. A collection of these articles and council lectures is a valuable supplement to the well-known monograph by Cardinal Karol Wojty\u0142a, Sources of Renewal. The Implementation of the Second Vatican Council published in 1972. In addition, this new collection is an aid for the proper interpretation of the Vatican II\u2019s doctrine, for which Bl. Pope John Paul II strived for during his pontificate, and which is the important concern of Benedict XVI. It is worth noticing that the book The Church in the Mystery of Redemption was preceded by the publication of the conciliar sermons and pastoral letters by the Archbishop of Krakow, from the years 1962-1966, entitled Renewal of the Church and of the world. Reflections on Vatican II, published in Polish in 2011.<\/p>\n<p>The book The Church in the Mystery of Redemption is being distributed by the Polish Publisher St. Stanislaus in Cracow. More information about this publication is available at John Paul II Pontificate\u2019s Centre for Research and Documentation (info@jp2doc.org).<\/p>\n","protected":false},"excerpt":{"rendered":"<p>New book of our Center<\/p>\n","protected":false},"author":2,"featured_media":0,"comment_status":"open","ping_status":"open","sticky":false,"template":"","format":"standard","meta":{"_acf_changed":false,"_exactmetrics_skip_tracking":false,"_exactmetrics_sitenote_active":false,"_exactmetrics_sitenote_note":"","_exactmetrics_sitenote_category":0,"footnotes":""},"categories":[6],"tags":[],"class_list":["post-1558","post","type-post","status-publish","format-standard","hentry","category-articles"],"acf":[],"yoast_head":"<!-- This site is optimized with the Yoast SEO plugin v26.2 - https:\/\/yoast.com\/wordpress\/plugins\/seo\/ -->\n<title>Karol Wojty\u0142a on the Vatican II - Center for Documentation<\/title>\n<meta name=\"robots\" content=\"index, follow, max-snippet:-1, max-image-preview:large, max-video-preview:-1\" \/>\n<link rel=\"canonical\" href=\"https:\/\/jp2doc.pl\/en\/2013\/01\/21\/karol-wojtyla-vatican-ii\/\" \/>\n<meta property=\"og:locale\" content=\"en_US\" \/>\n<meta property=\"og:type\" content=\"article\" \/>\n<meta property=\"og:title\" content=\"Karol Wojty\u0142a on the Vatican II - Center for Documentation\" \/>\n<meta property=\"og:description\" content=\"New book of our Center\" \/>\n<meta property=\"og:url\" content=\"https:\/\/jp2doc.pl\/en\/2013\/01\/21\/karol-wojtyla-vatican-ii\/\" \/>\n<meta property=\"og:site_name\" content=\"Center for Documentation\" \/>\n<meta property=\"article:published_time\" content=\"2013-01-21T07:55:53+00:00\" \/>\n<meta property=\"article:modified_time\" content=\"2017-04-14T07:03:38+00:00\" \/>\n<meta property=\"og:image\" content=\"http:\/\/jp2doc.pl\/en\/wp-content\/uploads\/sites\/2\/2017\/04\/50fd6fc43480cundefined.jpg\" \/>\n<meta name=\"author\" content=\"Anna Rudzicka\" \/>\n<meta name=\"twitter:card\" content=\"summary_large_image\" \/>\n<meta name=\"twitter:label1\" content=\"Written by\" \/>\n\t<meta name=\"twitter:data1\" content=\"Anna Rudzicka\" \/>\n\t<meta name=\"twitter:label2\" content=\"Est. reading time\" \/>\n\t<meta name=\"twitter:data2\" content=\"3 minutes\" \/>\n<script type=\"application\/ld+json\" class=\"yoast-schema-graph\">{\"@context\":\"https:\/\/schema.org\",\"@graph\":[{\"@type\":\"Article\",\"@id\":\"https:\/\/jp2doc.pl\/en\/2013\/01\/21\/karol-wojtyla-vatican-ii\/#article\",\"isPartOf\":{\"@id\":\"https:\/\/jp2doc.pl\/en\/2013\/01\/21\/karol-wojtyla-vatican-ii\/\"},\"author\":{\"name\":\"Anna Rudzicka\",\"@id\":\"https:\/\/jp2doc.pl\/en\/#\/schema\/person\/bdb6226d49bc071fa63fbcdc7c8018ea\"},\"headline\":\"Karol Wojty\u0142a on the Vatican II\",\"datePublished\":\"2013-01-21T07:55:53+00:00\",\"dateModified\":\"2017-04-14T07:03:38+00:00\",\"mainEntityOfPage\":{\"@id\":\"https:\/\/jp2doc.pl\/en\/2013\/01\/21\/karol-wojtyla-vatican-ii\/\"},\"wordCount\":529,\"commentCount\":0,\"publisher\":{\"@id\":\"https:\/\/jp2doc.pl\/en\/#organization\"},\"image\":{\"@id\":\"https:\/\/jp2doc.pl\/en\/2013\/01\/21\/karol-wojtyla-vatican-ii\/#primaryimage\"},\"thumbnailUrl\":\"http:\/\/jp2doc.pl\/en\/wp-content\/uploads\/sites\/2\/2017\/04\/50fd6fc43480cundefined.jpg\",\"articleSection\":[\"Articles\"],\"inLanguage\":\"en-US\",\"potentialAction\":[{\"@type\":\"CommentAction\",\"name\":\"Comment\",\"target\":[\"https:\/\/jp2doc.pl\/en\/2013\/01\/21\/karol-wojtyla-vatican-ii\/#respond\"]}]},{\"@type\":\"WebPage\",\"@id\":\"https:\/\/jp2doc.pl\/en\/2013\/01\/21\/karol-wojtyla-vatican-ii\/\",\"url\":\"https:\/\/jp2doc.pl\/en\/2013\/01\/21\/karol-wojtyla-vatican-ii\/\",\"name\":\"Karol Wojty\u0142a on the Vatican II - Center for Documentation\",\"isPartOf\":{\"@id\":\"https:\/\/jp2doc.pl\/en\/#website\"},\"primaryImageOfPage\":{\"@id\":\"https:\/\/jp2doc.pl\/en\/2013\/01\/21\/karol-wojtyla-vatican-ii\/#primaryimage\"},\"image\":{\"@id\":\"https:\/\/jp2doc.pl\/en\/2013\/01\/21\/karol-wojtyla-vatican-ii\/#primaryimage\"},\"thumbnailUrl\":\"http:\/\/jp2doc.pl\/en\/wp-content\/uploads\/sites\/2\/2017\/04\/50fd6fc43480cundefined.jpg\",\"datePublished\":\"2013-01-21T07:55:53+00:00\",\"dateModified\":\"2017-04-14T07:03:38+00:00\",\"breadcrumb\":{\"@id\":\"https:\/\/jp2doc.pl\/en\/2013\/01\/21\/karol-wojtyla-vatican-ii\/#breadcrumb\"},\"inLanguage\":\"en-US\",\"potentialAction\":[{\"@type\":\"ReadAction\",\"target\":[\"https:\/\/jp2doc.pl\/en\/2013\/01\/21\/karol-wojtyla-vatican-ii\/\"]}]},{\"@type\":\"ImageObject\",\"inLanguage\":\"en-US\",\"@id\":\"https:\/\/jp2doc.pl\/en\/2013\/01\/21\/karol-wojtyla-vatican-ii\/#primaryimage\",\"url\":\"http:\/\/jp2doc.pl\/en\/wp-content\/uploads\/sites\/2\/2017\/04\/50fd6fc43480cundefined.jpg\",\"contentUrl\":\"http:\/\/jp2doc.pl\/en\/wp-content\/uploads\/sites\/2\/2017\/04\/50fd6fc43480cundefined.jpg\"},{\"@type\":\"BreadcrumbList\",\"@id\":\"https:\/\/jp2doc.pl\/en\/2013\/01\/21\/karol-wojtyla-vatican-ii\/#breadcrumb\",\"itemListElement\":[{\"@type\":\"ListItem\",\"position\":1,\"name\":\"Home\",\"item\":\"https:\/\/jp2doc.pl\/en\/\"},{\"@type\":\"ListItem\",\"position\":2,\"name\":\"Karol Wojty\u0142a on the Vatican II\"}]},{\"@type\":\"WebSite\",\"@id\":\"https:\/\/jp2doc.pl\/en\/#website\",\"url\":\"https:\/\/jp2doc.pl\/en\/\",\"name\":\"Center for Documentation\",\"description\":\"and Research of the Pontificate of John Paul II in Rome\",\"publisher\":{\"@id\":\"https:\/\/jp2doc.pl\/en\/#organization\"},\"potentialAction\":[{\"@type\":\"SearchAction\",\"target\":{\"@type\":\"EntryPoint\",\"urlTemplate\":\"https:\/\/jp2doc.pl\/en\/?s={search_term_string}\"},\"query-input\":{\"@type\":\"PropertyValueSpecification\",\"valueRequired\":true,\"valueName\":\"search_term_string\"}}],\"inLanguage\":\"en-US\"},{\"@type\":\"Organization\",\"@id\":\"https:\/\/jp2doc.pl\/en\/#organization\",\"name\":\"Center for Documentation\",\"url\":\"https:\/\/jp2doc.pl\/en\/\",\"logo\":{\"@type\":\"ImageObject\",\"inLanguage\":\"en-US\",\"@id\":\"https:\/\/jp2doc.pl\/en\/#\/schema\/logo\/image\/\",\"url\":\"https:\/\/jp2doc.pl\/en\/wp-content\/uploads\/sites\/2\/2017\/03\/logo.png\",\"contentUrl\":\"https:\/\/jp2doc.pl\/en\/wp-content\/uploads\/sites\/2\/2017\/03\/logo.png\",\"width\":115,\"height\":115,\"caption\":\"Center for Documentation\"},\"image\":{\"@id\":\"https:\/\/jp2doc.pl\/en\/#\/schema\/logo\/image\/\"}},{\"@type\":\"Person\",\"@id\":\"https:\/\/jp2doc.pl\/en\/#\/schema\/person\/bdb6226d49bc071fa63fbcdc7c8018ea\",\"name\":\"Anna Rudzicka\",\"image\":{\"@type\":\"ImageObject\",\"inLanguage\":\"en-US\",\"@id\":\"https:\/\/jp2doc.pl\/en\/#\/schema\/person\/image\/\",\"url\":\"https:\/\/secure.gravatar.com\/avatar\/3ec0a7913913c54ed56083375aea7afda203c4bb047ff7e8a0c2776876a5341e?s=96&d=mm&r=g\",\"contentUrl\":\"https:\/\/secure.gravatar.com\/avatar\/3ec0a7913913c54ed56083375aea7afda203c4bb047ff7e8a0c2776876a5341e?s=96&d=mm&r=g\",\"caption\":\"Anna Rudzicka\"},\"url\":\"https:\/\/jp2doc.pl\/en\/author\/ania\/\"}]}<\/script>\n<!-- \/ Yoast SEO plugin. -->","yoast_head_json":{"title":"Karol Wojty\u0142a on the Vatican II - Center for Documentation","robots":{"index":"index","follow":"follow","max-snippet":"max-snippet:-1","max-image-preview":"max-image-preview:large","max-video-preview":"max-video-preview:-1"},"canonical":"https:\/\/jp2doc.pl\/en\/2013\/01\/21\/karol-wojtyla-vatican-ii\/","og_locale":"en_US","og_type":"article","og_title":"Karol Wojty\u0142a on the Vatican II - Center for Documentation","og_description":"New book of our Center","og_url":"https:\/\/jp2doc.pl\/en\/2013\/01\/21\/karol-wojtyla-vatican-ii\/","og_site_name":"Center for Documentation","article_published_time":"2013-01-21T07:55:53+00:00","article_modified_time":"2017-04-14T07:03:38+00:00","og_image":[{"url":"http:\/\/jp2doc.pl\/en\/wp-content\/uploads\/sites\/2\/2017\/04\/50fd6fc43480cundefined.jpg","type":"","width":"","height":""}],"author":"Anna Rudzicka","twitter_card":"summary_large_image","twitter_misc":{"Written by":"Anna Rudzicka","Est. reading time":"3 minutes"},"schema":{"@context":"https:\/\/schema.org","@graph":[{"@type":"Article","@id":"https:\/\/jp2doc.pl\/en\/2013\/01\/21\/karol-wojtyla-vatican-ii\/#article","isPartOf":{"@id":"https:\/\/jp2doc.pl\/en\/2013\/01\/21\/karol-wojtyla-vatican-ii\/"},"author":{"name":"Anna Rudzicka","@id":"https:\/\/jp2doc.pl\/en\/#\/schema\/person\/bdb6226d49bc071fa63fbcdc7c8018ea"},"headline":"Karol Wojty\u0142a on the Vatican II","datePublished":"2013-01-21T07:55:53+00:00","dateModified":"2017-04-14T07:03:38+00:00","mainEntityOfPage":{"@id":"https:\/\/jp2doc.pl\/en\/2013\/01\/21\/karol-wojtyla-vatican-ii\/"},"wordCount":529,"commentCount":0,"publisher":{"@id":"https:\/\/jp2doc.pl\/en\/#organization"},"image":{"@id":"https:\/\/jp2doc.pl\/en\/2013\/01\/21\/karol-wojtyla-vatican-ii\/#primaryimage"},"thumbnailUrl":"http:\/\/jp2doc.pl\/en\/wp-content\/uploads\/sites\/2\/2017\/04\/50fd6fc43480cundefined.jpg","articleSection":["Articles"],"inLanguage":"en-US","potentialAction":[{"@type":"CommentAction","name":"Comment","target":["https:\/\/jp2doc.pl\/en\/2013\/01\/21\/karol-wojtyla-vatican-ii\/#respond"]}]},{"@type":"WebPage","@id":"https:\/\/jp2doc.pl\/en\/2013\/01\/21\/karol-wojtyla-vatican-ii\/","url":"https:\/\/jp2doc.pl\/en\/2013\/01\/21\/karol-wojtyla-vatican-ii\/","name":"Karol Wojty\u0142a on the Vatican II - Center for Documentation","isPartOf":{"@id":"https:\/\/jp2doc.pl\/en\/#website"},"primaryImageOfPage":{"@id":"https:\/\/jp2doc.pl\/en\/2013\/01\/21\/karol-wojtyla-vatican-ii\/#primaryimage"},"image":{"@id":"https:\/\/jp2doc.pl\/en\/2013\/01\/21\/karol-wojtyla-vatican-ii\/#primaryimage"},"thumbnailUrl":"http:\/\/jp2doc.pl\/en\/wp-content\/uploads\/sites\/2\/2017\/04\/50fd6fc43480cundefined.jpg","datePublished":"2013-01-21T07:55:53+00:00","dateModified":"2017-04-14T07:03:38+00:00","breadcrumb":{"@id":"https:\/\/jp2doc.pl\/en\/2013\/01\/21\/karol-wojtyla-vatican-ii\/#breadcrumb"},"inLanguage":"en-US","potentialAction":[{"@type":"ReadAction","target":["https:\/\/jp2doc.pl\/en\/2013\/01\/21\/karol-wojtyla-vatican-ii\/"]}]},{"@type":"ImageObject","inLanguage":"en-US","@id":"https:\/\/jp2doc.pl\/en\/2013\/01\/21\/karol-wojtyla-vatican-ii\/#primaryimage","url":"http:\/\/jp2doc.pl\/en\/wp-content\/uploads\/sites\/2\/2017\/04\/50fd6fc43480cundefined.jpg","contentUrl":"http:\/\/jp2doc.pl\/en\/wp-content\/uploads\/sites\/2\/2017\/04\/50fd6fc43480cundefined.jpg"},{"@type":"BreadcrumbList","@id":"https:\/\/jp2doc.pl\/en\/2013\/01\/21\/karol-wojtyla-vatican-ii\/#breadcrumb","itemListElement":[{"@type":"ListItem","position":1,"name":"Home","item":"https:\/\/jp2doc.pl\/en\/"},{"@type":"ListItem","position":2,"name":"Karol Wojty\u0142a on the Vatican II"}]},{"@type":"WebSite","@id":"https:\/\/jp2doc.pl\/en\/#website","url":"https:\/\/jp2doc.pl\/en\/","name":"Center for Documentation","description":"and Research of the Pontificate of John Paul II in Rome","publisher":{"@id":"https:\/\/jp2doc.pl\/en\/#organization"},"potentialAction":[{"@type":"SearchAction","target":{"@type":"EntryPoint","urlTemplate":"https:\/\/jp2doc.pl\/en\/?s={search_term_string}"},"query-input":{"@type":"PropertyValueSpecification","valueRequired":true,"valueName":"search_term_string"}}],"inLanguage":"en-US"},{"@type":"Organization","@id":"https:\/\/jp2doc.pl\/en\/#organization","name":"Center for Documentation","url":"https:\/\/jp2doc.pl\/en\/","logo":{"@type":"ImageObject","inLanguage":"en-US","@id":"https:\/\/jp2doc.pl\/en\/#\/schema\/logo\/image\/","url":"https:\/\/jp2doc.pl\/en\/wp-content\/uploads\/sites\/2\/2017\/03\/logo.png","contentUrl":"https:\/\/jp2doc.pl\/en\/wp-content\/uploads\/sites\/2\/2017\/03\/logo.png","width":115,"height":115,"caption":"Center for Documentation"},"image":{"@id":"https:\/\/jp2doc.pl\/en\/#\/schema\/logo\/image\/"}},{"@type":"Person","@id":"https:\/\/jp2doc.pl\/en\/#\/schema\/person\/bdb6226d49bc071fa63fbcdc7c8018ea","name":"Anna Rudzicka","image":{"@type":"ImageObject","inLanguage":"en-US","@id":"https:\/\/jp2doc.pl\/en\/#\/schema\/person\/image\/","url":"https:\/\/secure.gravatar.com\/avatar\/3ec0a7913913c54ed56083375aea7afda203c4bb047ff7e8a0c2776876a5341e?s=96&d=mm&r=g","contentUrl":"https:\/\/secure.gravatar.com\/avatar\/3ec0a7913913c54ed56083375aea7afda203c4bb047ff7e8a0c2776876a5341e?s=96&d=mm&r=g","caption":"Anna Rudzicka"},"url":"https:\/\/jp2doc.pl\/en\/author\/ania\/"}]}},"_links":{"self":[{"href":"https:\/\/jp2doc.pl\/en\/wp-json\/wp\/v2\/posts\/1558","targetHints":{"allow":["GET"]}}],"collection":[{"href":"https:\/\/jp2doc.pl\/en\/wp-json\/wp\/v2\/posts"}],"about":[{"href":"https:\/\/jp2doc.pl\/en\/wp-json\/wp\/v2\/types\/post"}],"author":[{"embeddable":true,"href":"https:\/\/jp2doc.pl\/en\/wp-json\/wp\/v2\/users\/2"}],"replies":[{"embeddable":true,"href":"https:\/\/jp2doc.pl\/en\/wp-json\/wp\/v2\/comments?post=1558"}],"version-history":[{"count":1,"href":"https:\/\/jp2doc.pl\/en\/wp-json\/wp\/v2\/posts\/1558\/revisions"}],"predecessor-version":[{"id":1560,"href":"https:\/\/jp2doc.pl\/en\/wp-json\/wp\/v2\/posts\/1558\/revisions\/1560"}],"wp:attachment":[{"href":"https:\/\/jp2doc.pl\/en\/wp-json\/wp\/v2\/media?parent=1558"}],"wp:term":[{"taxonomy":"category","embeddable":true,"href":"https:\/\/jp2doc.pl\/en\/wp-json\/wp\/v2\/categories?post=1558"},{"taxonomy":"post_tag","embeddable":true,"href":"https:\/\/jp2doc.pl\/en\/wp-json\/wp\/v2\/tags?post=1558"}],"curies":[{"name":"wp","href":"https:\/\/api.w.org\/{rel}","templated":true}]}}