{"id":1827,"date":"2017-12-01T11:44:20","date_gmt":"2017-12-01T10:44:20","guid":{"rendered":"http:\/\/jp2doc.pl\/en\/?p=1827"},"modified":"2017-12-01T11:44:20","modified_gmt":"2017-12-01T10:44:20","slug":"faith-and-reason-at-work","status":"publish","type":"post","link":"https:\/\/jp2doc.pl\/en\/2017\/12\/01\/faith-and-reason-at-work\/","title":{"rendered":"Faith and Reason at Work"},"content":{"rendered":"<p>A few seasons ago while researching at the Center for Documentation and Research of the Pontificate of John Paul II I had the pleasure of attending the Pontifical Academy of the Sciences. It was the 2014 Plenary Session on the \u201cEvolving Concepts of Nature\u201d held at the Vatican. At the time I was a doctoral student from the Pontificia Universidad Catolica de Chile in Rome on a research scholarship. Professor Rafael Vicuna of my university was a participant. It was at his invite that Profs. Marta Bertolaso (University Campus Bio-Medico of Rome), Dr. H\u00e9ctor Vel\u00e1zquez Fern\u00e1ndez (Universidad Panamericana in Mexico) and myself were invited to attend. After the day\u2019s lectures, we enjoyed some local Italian Calzones nearby and discussed many of the themes of the day.<\/p>\n<h5><strong>Dialogue among the sciences<\/strong><\/h5>\n<p>The Pontifical Academy of the Sciences is one of those places where persons of religious faith and persons of no religious faith find common ground to advance knowledge and humanistic values. The Vatican encourages a freedom of dialogue between believers and unbelievers as an important aspect of scientific inquiry and inter-disciplinary collaboration. This was an endeavor dear to the heart of Pope John Paul II.<br \/>\nI found it fascinating to see the collaborative efforts of scientists from all over the world despite the very divergent opinions regarding the question of God or the possibility of a first cause in the form of a Creator. One could find representatives of different philosophies ranging from the pure materialist to material scientists who embrace a broader view of science such as that found in the middle ages which included theology among the sciences. The themes and collaborative nature of the Plenary Session seemed to embrace this broad view of science.<br \/>\nClassically, the term \u201cscience\u201d included the logical and rational sciences such as philosophy and theology as disciplines capable of a rigorous scientific inquiry sharing in rational inquiry yet, different in their <em>modus operandi<\/em> from the material sciences.<br \/>\nMaterial sciences operate through inductive reasoning proceeding from hypothesis through experimentation and validation to arrive at greater and greater probabilities while the purely rational sciences operate through a combination of inductive reasoning and deductive reasoning founded on such principles as the principle of identity and the law of non-contradiction. In the case of philosophy, those general principles act as the starting point and no particular doctrine is presupposed while in the case of theology the starting principle involves an agreed body of revealed information.<\/p>\n<h5><strong>The origin of life<\/strong><\/h5>\n<p>I was able to attend several lectures while there. Prof. Rafael Vicuna delivered a talk on <em>The Origin of Life on Earth: Nature\u2019s Agency and\/or Divine Intervention?<\/em> His talk continued themes we often pursue in conversation.<br \/>\nSince meeting Professor Vicuna, he and I have had the good fortune of several inspiring conversations on the dual causality of nature and God. We have also discussed the role and place of philosophy in the modern world and among the sciences and he has shared with me his groundbreaking discoveries in the Atacama Desert regarding microbial colonies under translucent quartz supported by cloud moisture as a source of life. He suggested to the distinguished panel that material causes alone may not explain all there is to causality in the universe. His remarks sparked a lively Q and A.<\/p>\n<h5><strong>Colors of nature<\/strong><\/h5>\n<p>After a brief break, we heard a presentation by Maxine F. Singer on <em>Genes in the Garden<\/em>. Dr. Singer is known for many contributions including those which assisted the project which led to solving the genetic code. That project has already delivered a great contribution to humanity and holds promise for science and medicine. She has also been involved in an array of new ethical considerations related to these advances in material science.<br \/>\nIn her talk, she explored what she called a new direction and interest for her highlighting recognizable patterns of color and design in the evolution of flowers and plants. She brought to our attention that there is a great deal of work to be done in the direction of understanding plants and that there is a shortage of qualified scientists and researchers dedicated to this important field which holds the potential for great discoveries. She called for an increase in research on the evolution of plants citing Darwin\u2019s own frustration over his inability to explicate plant evolution.<\/p>\n<h5><strong>Bridge between brain and mind<\/strong><\/h5>\n<p>Finally, we heard an incredibly thought provoking talk by Wolf J. Singer, professor of physiology in M\u00fcnchen, Germany known for his discoveries in neuroscience and brain plasticity, speaking on what he also characterized as a new direction of interest for him: <em>Culture, a Bridge Between Brain and Mind<\/em>? In his talk, Dr. Singer explored the discoveries of brain plasticity and learning on the development of culture and our concept of culture. He provided me with interdisciplinary insights and challenges to my dissertation project on <em>The Problem of the Idea of Culture in Karol Wojtyla\/John Paul II<\/em>.<\/p>\n<h5><strong>Finally, some advice to students<\/strong><\/h5>\n<p>If you are a student make use of all of the resources available to you to broaden your education experience. Consider a semester abroad. Such an experience will help to expand your education and make your studies exciting. It will also give you opportunities to give back to the community and to engage in interdisciplinary cooperation.<\/p>\n<p><strong>John Corrigan<\/strong> holds a Ph.D. in philosophy and currently resides in the U.S.A where he teaches at Immaculata University.<\/p>\n","protected":false},"excerpt":{"rendered":"<p>John Corrigan<\/p>\n","protected":false},"author":5,"featured_media":1830,"comment_status":"open","ping_status":"open","sticky":false,"template":"","format":"standard","meta":{"_acf_changed":false,"_exactmetrics_skip_tracking":false,"_exactmetrics_sitenote_active":false,"_exactmetrics_sitenote_note":"","_exactmetrics_sitenote_category":0,"footnotes":""},"categories":[6,17,18],"tags":[92,93,22,88,87,89,21,91,90,19],"class_list":["post-1827","post","type-post","status-publish","format-standard","has-post-thumbnail","hentry","category-articles","category-strona-glowna-najnowsze","category-strona-glowna-slider","tag-corrigan","tag-immaculata-university","tag-jp2","tag-life","tag-origin","tag-philosophy","tag-pope","tag-rome","tag-sciences","tag-theology"],"acf":[],"yoast_head":"<!-- This site is optimized with the Yoast SEO plugin v26.2 - https:\/\/yoast.com\/wordpress\/plugins\/seo\/ -->\n<title>Faith and Reason at Work - Center for Documentation<\/title>\n<meta name=\"robots\" content=\"index, follow, max-snippet:-1, max-image-preview:large, max-video-preview:-1\" \/>\n<link rel=\"canonical\" href=\"https:\/\/jp2doc.pl\/en\/2017\/12\/01\/faith-and-reason-at-work\/\" \/>\n<meta property=\"og:locale\" content=\"en_US\" \/>\n<meta property=\"og:type\" content=\"article\" \/>\n<meta property=\"og:title\" content=\"Faith and Reason at Work - Center for Documentation\" \/>\n<meta property=\"og:description\" content=\"John Corrigan\" \/>\n<meta property=\"og:url\" content=\"https:\/\/jp2doc.pl\/en\/2017\/12\/01\/faith-and-reason-at-work\/\" \/>\n<meta property=\"og:site_name\" content=\"Center for Documentation\" \/>\n<meta property=\"article:published_time\" content=\"2017-12-01T10:44:20+00:00\" \/>\n<meta property=\"og:image\" content=\"https:\/\/jp2doc.pl\/en\/wp-content\/uploads\/sites\/2\/2017\/12\/ricky-kharawala-71743.jpg\" \/>\n\t<meta property=\"og:image:width\" content=\"1865\" \/>\n\t<meta property=\"og:image:height\" content=\"1245\" \/>\n\t<meta property=\"og:image:type\" content=\"image\/jpeg\" \/>\n<meta name=\"author\" content=\"juliasercanka\" \/>\n<meta name=\"twitter:card\" content=\"summary_large_image\" \/>\n<meta name=\"twitter:label1\" content=\"Written by\" \/>\n\t<meta name=\"twitter:data1\" content=\"juliasercanka\" \/>\n\t<meta name=\"twitter:label2\" content=\"Est. reading time\" \/>\n\t<meta name=\"twitter:data2\" content=\"5 minutes\" \/>\n<script type=\"application\/ld+json\" class=\"yoast-schema-graph\">{\"@context\":\"https:\/\/schema.org\",\"@graph\":[{\"@type\":\"Article\",\"@id\":\"https:\/\/jp2doc.pl\/en\/2017\/12\/01\/faith-and-reason-at-work\/#article\",\"isPartOf\":{\"@id\":\"https:\/\/jp2doc.pl\/en\/2017\/12\/01\/faith-and-reason-at-work\/\"},\"author\":{\"name\":\"juliasercanka\",\"@id\":\"https:\/\/jp2doc.pl\/en\/#\/schema\/person\/6110109e80abb51f6fac4824777eabfe\"},\"headline\":\"Faith and Reason at Work\",\"datePublished\":\"2017-12-01T10:44:20+00:00\",\"mainEntityOfPage\":{\"@id\":\"https:\/\/jp2doc.pl\/en\/2017\/12\/01\/faith-and-reason-at-work\/\"},\"wordCount\":917,\"commentCount\":0,\"publisher\":{\"@id\":\"https:\/\/jp2doc.pl\/en\/#organization\"},\"image\":{\"@id\":\"https:\/\/jp2doc.pl\/en\/2017\/12\/01\/faith-and-reason-at-work\/#primaryimage\"},\"thumbnailUrl\":\"https:\/\/jp2doc.pl\/en\/wp-content\/uploads\/sites\/2\/2017\/12\/ricky-kharawala-71743.jpg\",\"keywords\":[\"Corrigan\",\"Immaculata University\",\"jp2\",\"life\",\"origin\",\"philosophy\",\"pope\",\"Rome\",\"sciences\",\"theology\"],\"articleSection\":[\"Articles\",\"Strona g\u0142\u00f3wna - najnowsze\",\"Strona g\u0142\u00f3wna - slider\"],\"inLanguage\":\"en-US\",\"potentialAction\":[{\"@type\":\"CommentAction\",\"name\":\"Comment\",\"target\":[\"https:\/\/jp2doc.pl\/en\/2017\/12\/01\/faith-and-reason-at-work\/#respond\"]}]},{\"@type\":\"WebPage\",\"@id\":\"https:\/\/jp2doc.pl\/en\/2017\/12\/01\/faith-and-reason-at-work\/\",\"url\":\"https:\/\/jp2doc.pl\/en\/2017\/12\/01\/faith-and-reason-at-work\/\",\"name\":\"Faith and Reason at Work - Center for Documentation\",\"isPartOf\":{\"@id\":\"https:\/\/jp2doc.pl\/en\/#website\"},\"primaryImageOfPage\":{\"@id\":\"https:\/\/jp2doc.pl\/en\/2017\/12\/01\/faith-and-reason-at-work\/#primaryimage\"},\"image\":{\"@id\":\"https:\/\/jp2doc.pl\/en\/2017\/12\/01\/faith-and-reason-at-work\/#primaryimage\"},\"thumbnailUrl\":\"https:\/\/jp2doc.pl\/en\/wp-content\/uploads\/sites\/2\/2017\/12\/ricky-kharawala-71743.jpg\",\"datePublished\":\"2017-12-01T10:44:20+00:00\",\"breadcrumb\":{\"@id\":\"https:\/\/jp2doc.pl\/en\/2017\/12\/01\/faith-and-reason-at-work\/#breadcrumb\"},\"inLanguage\":\"en-US\",\"potentialAction\":[{\"@type\":\"ReadAction\",\"target\":[\"https:\/\/jp2doc.pl\/en\/2017\/12\/01\/faith-and-reason-at-work\/\"]}]},{\"@type\":\"ImageObject\",\"inLanguage\":\"en-US\",\"@id\":\"https:\/\/jp2doc.pl\/en\/2017\/12\/01\/faith-and-reason-at-work\/#primaryimage\",\"url\":\"https:\/\/jp2doc.pl\/en\/wp-content\/uploads\/sites\/2\/2017\/12\/ricky-kharawala-71743.jpg\",\"contentUrl\":\"https:\/\/jp2doc.pl\/en\/wp-content\/uploads\/sites\/2\/2017\/12\/ricky-kharawala-71743.jpg\",\"width\":1865,\"height\":1245},{\"@type\":\"BreadcrumbList\",\"@id\":\"https:\/\/jp2doc.pl\/en\/2017\/12\/01\/faith-and-reason-at-work\/#breadcrumb\",\"itemListElement\":[{\"@type\":\"ListItem\",\"position\":1,\"name\":\"Home\",\"item\":\"https:\/\/jp2doc.pl\/en\/\"},{\"@type\":\"ListItem\",\"position\":2,\"name\":\"Faith and Reason at Work\"}]},{\"@type\":\"WebSite\",\"@id\":\"https:\/\/jp2doc.pl\/en\/#website\",\"url\":\"https:\/\/jp2doc.pl\/en\/\",\"name\":\"Center for Documentation\",\"description\":\"and Research of the Pontificate of John Paul II in Rome\",\"publisher\":{\"@id\":\"https:\/\/jp2doc.pl\/en\/#organization\"},\"potentialAction\":[{\"@type\":\"SearchAction\",\"target\":{\"@type\":\"EntryPoint\",\"urlTemplate\":\"https:\/\/jp2doc.pl\/en\/?s={search_term_string}\"},\"query-input\":{\"@type\":\"PropertyValueSpecification\",\"valueRequired\":true,\"valueName\":\"search_term_string\"}}],\"inLanguage\":\"en-US\"},{\"@type\":\"Organization\",\"@id\":\"https:\/\/jp2doc.pl\/en\/#organization\",\"name\":\"Center for Documentation\",\"url\":\"https:\/\/jp2doc.pl\/en\/\",\"logo\":{\"@type\":\"ImageObject\",\"inLanguage\":\"en-US\",\"@id\":\"https:\/\/jp2doc.pl\/en\/#\/schema\/logo\/image\/\",\"url\":\"https:\/\/jp2doc.pl\/en\/wp-content\/uploads\/sites\/2\/2017\/03\/logo.png\",\"contentUrl\":\"https:\/\/jp2doc.pl\/en\/wp-content\/uploads\/sites\/2\/2017\/03\/logo.png\",\"width\":115,\"height\":115,\"caption\":\"Center for Documentation\"},\"image\":{\"@id\":\"https:\/\/jp2doc.pl\/en\/#\/schema\/logo\/image\/\"}},{\"@type\":\"Person\",\"@id\":\"https:\/\/jp2doc.pl\/en\/#\/schema\/person\/6110109e80abb51f6fac4824777eabfe\",\"name\":\"juliasercanka\",\"image\":{\"@type\":\"ImageObject\",\"inLanguage\":\"en-US\",\"@id\":\"https:\/\/jp2doc.pl\/en\/#\/schema\/person\/image\/\",\"url\":\"https:\/\/secure.gravatar.com\/avatar\/266a66e864556e22d55d61b6b10c97fab9060767b738564bcd109f3997e372bc?s=96&d=mm&r=g\",\"contentUrl\":\"https:\/\/secure.gravatar.com\/avatar\/266a66e864556e22d55d61b6b10c97fab9060767b738564bcd109f3997e372bc?s=96&d=mm&r=g\",\"caption\":\"juliasercanka\"},\"url\":\"https:\/\/jp2doc.pl\/en\/author\/juliasercanka\/\"}]}<\/script>\n<!-- \/ Yoast SEO plugin. -->","yoast_head_json":{"title":"Faith and Reason at Work - Center for Documentation","robots":{"index":"index","follow":"follow","max-snippet":"max-snippet:-1","max-image-preview":"max-image-preview:large","max-video-preview":"max-video-preview:-1"},"canonical":"https:\/\/jp2doc.pl\/en\/2017\/12\/01\/faith-and-reason-at-work\/","og_locale":"en_US","og_type":"article","og_title":"Faith and Reason at Work - Center for Documentation","og_description":"John Corrigan","og_url":"https:\/\/jp2doc.pl\/en\/2017\/12\/01\/faith-and-reason-at-work\/","og_site_name":"Center for Documentation","article_published_time":"2017-12-01T10:44:20+00:00","og_image":[{"width":1865,"height":1245,"url":"https:\/\/jp2doc.pl\/en\/wp-content\/uploads\/sites\/2\/2017\/12\/ricky-kharawala-71743.jpg","type":"image\/jpeg"}],"author":"juliasercanka","twitter_card":"summary_large_image","twitter_misc":{"Written by":"juliasercanka","Est. reading time":"5 minutes"},"schema":{"@context":"https:\/\/schema.org","@graph":[{"@type":"Article","@id":"https:\/\/jp2doc.pl\/en\/2017\/12\/01\/faith-and-reason-at-work\/#article","isPartOf":{"@id":"https:\/\/jp2doc.pl\/en\/2017\/12\/01\/faith-and-reason-at-work\/"},"author":{"name":"juliasercanka","@id":"https:\/\/jp2doc.pl\/en\/#\/schema\/person\/6110109e80abb51f6fac4824777eabfe"},"headline":"Faith and Reason at Work","datePublished":"2017-12-01T10:44:20+00:00","mainEntityOfPage":{"@id":"https:\/\/jp2doc.pl\/en\/2017\/12\/01\/faith-and-reason-at-work\/"},"wordCount":917,"commentCount":0,"publisher":{"@id":"https:\/\/jp2doc.pl\/en\/#organization"},"image":{"@id":"https:\/\/jp2doc.pl\/en\/2017\/12\/01\/faith-and-reason-at-work\/#primaryimage"},"thumbnailUrl":"https:\/\/jp2doc.pl\/en\/wp-content\/uploads\/sites\/2\/2017\/12\/ricky-kharawala-71743.jpg","keywords":["Corrigan","Immaculata University","jp2","life","origin","philosophy","pope","Rome","sciences","theology"],"articleSection":["Articles","Strona g\u0142\u00f3wna - najnowsze","Strona g\u0142\u00f3wna - slider"],"inLanguage":"en-US","potentialAction":[{"@type":"CommentAction","name":"Comment","target":["https:\/\/jp2doc.pl\/en\/2017\/12\/01\/faith-and-reason-at-work\/#respond"]}]},{"@type":"WebPage","@id":"https:\/\/jp2doc.pl\/en\/2017\/12\/01\/faith-and-reason-at-work\/","url":"https:\/\/jp2doc.pl\/en\/2017\/12\/01\/faith-and-reason-at-work\/","name":"Faith and Reason at Work - Center for Documentation","isPartOf":{"@id":"https:\/\/jp2doc.pl\/en\/#website"},"primaryImageOfPage":{"@id":"https:\/\/jp2doc.pl\/en\/2017\/12\/01\/faith-and-reason-at-work\/#primaryimage"},"image":{"@id":"https:\/\/jp2doc.pl\/en\/2017\/12\/01\/faith-and-reason-at-work\/#primaryimage"},"thumbnailUrl":"https:\/\/jp2doc.pl\/en\/wp-content\/uploads\/sites\/2\/2017\/12\/ricky-kharawala-71743.jpg","datePublished":"2017-12-01T10:44:20+00:00","breadcrumb":{"@id":"https:\/\/jp2doc.pl\/en\/2017\/12\/01\/faith-and-reason-at-work\/#breadcrumb"},"inLanguage":"en-US","potentialAction":[{"@type":"ReadAction","target":["https:\/\/jp2doc.pl\/en\/2017\/12\/01\/faith-and-reason-at-work\/"]}]},{"@type":"ImageObject","inLanguage":"en-US","@id":"https:\/\/jp2doc.pl\/en\/2017\/12\/01\/faith-and-reason-at-work\/#primaryimage","url":"https:\/\/jp2doc.pl\/en\/wp-content\/uploads\/sites\/2\/2017\/12\/ricky-kharawala-71743.jpg","contentUrl":"https:\/\/jp2doc.pl\/en\/wp-content\/uploads\/sites\/2\/2017\/12\/ricky-kharawala-71743.jpg","width":1865,"height":1245},{"@type":"BreadcrumbList","@id":"https:\/\/jp2doc.pl\/en\/2017\/12\/01\/faith-and-reason-at-work\/#breadcrumb","itemListElement":[{"@type":"ListItem","position":1,"name":"Home","item":"https:\/\/jp2doc.pl\/en\/"},{"@type":"ListItem","position":2,"name":"Faith and Reason at Work"}]},{"@type":"WebSite","@id":"https:\/\/jp2doc.pl\/en\/#website","url":"https:\/\/jp2doc.pl\/en\/","name":"Center for Documentation","description":"and Research of the Pontificate of John Paul II in Rome","publisher":{"@id":"https:\/\/jp2doc.pl\/en\/#organization"},"potentialAction":[{"@type":"SearchAction","target":{"@type":"EntryPoint","urlTemplate":"https:\/\/jp2doc.pl\/en\/?s={search_term_string}"},"query-input":{"@type":"PropertyValueSpecification","valueRequired":true,"valueName":"search_term_string"}}],"inLanguage":"en-US"},{"@type":"Organization","@id":"https:\/\/jp2doc.pl\/en\/#organization","name":"Center for Documentation","url":"https:\/\/jp2doc.pl\/en\/","logo":{"@type":"ImageObject","inLanguage":"en-US","@id":"https:\/\/jp2doc.pl\/en\/#\/schema\/logo\/image\/","url":"https:\/\/jp2doc.pl\/en\/wp-content\/uploads\/sites\/2\/2017\/03\/logo.png","contentUrl":"https:\/\/jp2doc.pl\/en\/wp-content\/uploads\/sites\/2\/2017\/03\/logo.png","width":115,"height":115,"caption":"Center for Documentation"},"image":{"@id":"https:\/\/jp2doc.pl\/en\/#\/schema\/logo\/image\/"}},{"@type":"Person","@id":"https:\/\/jp2doc.pl\/en\/#\/schema\/person\/6110109e80abb51f6fac4824777eabfe","name":"juliasercanka","image":{"@type":"ImageObject","inLanguage":"en-US","@id":"https:\/\/jp2doc.pl\/en\/#\/schema\/person\/image\/","url":"https:\/\/secure.gravatar.com\/avatar\/266a66e864556e22d55d61b6b10c97fab9060767b738564bcd109f3997e372bc?s=96&d=mm&r=g","contentUrl":"https:\/\/secure.gravatar.com\/avatar\/266a66e864556e22d55d61b6b10c97fab9060767b738564bcd109f3997e372bc?s=96&d=mm&r=g","caption":"juliasercanka"},"url":"https:\/\/jp2doc.pl\/en\/author\/juliasercanka\/"}]}},"_links":{"self":[{"href":"https:\/\/jp2doc.pl\/en\/wp-json\/wp\/v2\/posts\/1827","targetHints":{"allow":["GET"]}}],"collection":[{"href":"https:\/\/jp2doc.pl\/en\/wp-json\/wp\/v2\/posts"}],"about":[{"href":"https:\/\/jp2doc.pl\/en\/wp-json\/wp\/v2\/types\/post"}],"author":[{"embeddable":true,"href":"https:\/\/jp2doc.pl\/en\/wp-json\/wp\/v2\/users\/5"}],"replies":[{"embeddable":true,"href":"https:\/\/jp2doc.pl\/en\/wp-json\/wp\/v2\/comments?post=1827"}],"version-history":[{"count":1,"href":"https:\/\/jp2doc.pl\/en\/wp-json\/wp\/v2\/posts\/1827\/revisions"}],"predecessor-version":[{"id":1829,"href":"https:\/\/jp2doc.pl\/en\/wp-json\/wp\/v2\/posts\/1827\/revisions\/1829"}],"wp:featuredmedia":[{"embeddable":true,"href":"https:\/\/jp2doc.pl\/en\/wp-json\/wp\/v2\/media\/1830"}],"wp:attachment":[{"href":"https:\/\/jp2doc.pl\/en\/wp-json\/wp\/v2\/media?parent=1827"}],"wp:term":[{"taxonomy":"category","embeddable":true,"href":"https:\/\/jp2doc.pl\/en\/wp-json\/wp\/v2\/categories?post=1827"},{"taxonomy":"post_tag","embeddable":true,"href":"https:\/\/jp2doc.pl\/en\/wp-json\/wp\/v2\/tags?post=1827"}],"curies":[{"name":"wp","href":"https:\/\/api.w.org\/{rel}","templated":true}]}}