{"id":1190,"date":"2017-05-30T11:19:40","date_gmt":"2017-05-30T09:19:40","guid":{"rendered":"http:\/\/jp2doc.pl\/es\/?p=1190"},"modified":"2017-05-31T17:50:25","modified_gmt":"2017-05-31T15:50:25","slug":"familia-juan-pablo-teologia","status":"publish","type":"post","link":"https:\/\/jp2doc.pl\/es\/2017\/05\/30\/familia-juan-pablo-teologia\/","title":{"rendered":"La discusi\u00f3n por el legado de Juan Pablo II"},"content":{"rendered":"<p>El 27 de abril se cumpli\u00f3 el tercer aniversario de la canonizaci\u00f3n de Juan Pablo II. El proceso de la instrucci\u00f3n de la causa fue uno de los m\u00e1s cortos en la historia moderna de la Iglesia. Durante la misa de canonizaci\u00f3n, el Papa Francisco llam\u00f3 a Juan Pablo II \u201cel Papa de la familia\u201d (\u00abil Papa della famiglia\u00bb) con el objeto de destacar la extraordinaria aportaci\u00f3n de Juan Pablo II a la reflexi\u00f3n contempor\u00e1nea de la Iglesia acerca del matrimonio, la familia, la interpretaci\u00f3n de la sexualidad humana, la diferencia de g\u00e9nero y la fecundidad. Desgraciadamente, este gran legado ya no es, o quiz\u00e1s nunca ha sido, aceptado por toda la Iglesia.<\/p>\n<p>El 25 de mayo de 2015, en la Universidad Gregoriana de los jesuitas, de Roma, se celebr\u00f3 una conferencia internacional \u201cLa vocaci\u00f3n y la misi\u00f3n de la familia en la Iglesia y en el mundo moderno\u201d. El simposio fue organizado por los presidentes de tres episcopados europeos: franc\u00e9s, alem\u00e1n y suizo. Su objetivo consist\u00eda en la preparaci\u00f3n del S\u00ednodo Ordinario de los obispos dedicado al tema de la familia, que tuvo lugar en octubre de 2016. Las ponencias publicadas en las p\u00e1ginas de las tres conferencias episcopales, arriba mencionadas, reflejan que el prop\u00f3sito principal era la presentaci\u00f3n de la teolog\u00eda del matrimonio y familia alternativa frente a la postulada por Juan Pablo II.<\/p>\n<p>Durante la sesi\u00f3n, se escucharon llamamientos a la revisi\u00f3n del magisterio de la enc\u00edclica de Pablo VI <em>Humanae vitae<\/em>, tan importante para Juan Pablo II y su teolog\u00eda del matrimonio. Las propuestas de este tipo alud\u00edan a la idea de conciencia creativa y la argumentaci\u00f3n proporcional \u2013 ambas teor\u00edas fueron descritas y rechazadas por Juan Pablo II, en su enc\u00edclica <em>Veritatis splendor<\/em>, consider\u00e1ndolas err\u00f3neas. Algunos de los ponentes postulaban renunciar, en la teolog\u00eda cat\u00f3lica del matrimonio, a las im\u00e1genes b\u00edblicas del matrimonio; matrimonio como <em>imago Trinitatis<\/em> o matrimonio como imagen del amor de Dios (Cristo) hacia su pueblo (Iglesia).<\/p>\n<p>Este tipo conceptos, en opini\u00f3n de los ponentes, representan un cierto ideal que poco expresa la realidad de los matrimonios cristianos. En un contexto parecido &#8211; el rechazo del ideal en pro de una valiente confrontaci\u00f3n con la gris cotidianidad &#8211; surgi\u00f3 el argumento, de que la interpretaci\u00f3n del amor conyugal como una ofrenda de uno mismo, es una carga insoportable para los j\u00f3venes de hoy. Una indiscriminada aceptaci\u00f3n, por parte de los participantes en la conferencia, del postulado de administrar la comuni\u00f3n a los divorciados o casados de nuevo acompa\u00f1aba a los supuestos de la sobreestimaci\u00f3n \u00e9tica de tales comportamientos, hasta ahora considerados pecaminosos, como la convivencia sexual antes del matrimonio y fuera de \u00e9l o los actos de car\u00e1cter homosexual.<\/p>\n<p>La Iglesia es como un \u201cpadre de familia, que saca de su tesoro cosas nuevas y cosas viejas\u201d (Mt 13,52). En el magisterio de la Iglesia no se trata de permanecer, de forma obstinada, en los logros pasados; nuevos tiempos siempre formulan preguntas nuevas y exigen una actitud creativa respecto al legado de la Iglesia. Es importante, sin embargo, no tratar el magisterio de la Iglesia como \u201cun lastre sobrante\u201d, que hay que olvidar, en confrontaci\u00f3n con los retos actuales. Ello, en particular, se refiere a las ense\u00f1anzas de Juan Pablo II sobre el matrimonio y la familia, ense\u00f1anzas del \u201cPapa de la familia\u201d. Las Iglesias que basan su catequesis sobre el matrimonio en el magisterio de Juan Pablo II pueden dar fe de la permanente frescura y el atractivo de tal magisterio.<\/p>\n<p style=\"text-align: right;\"><strong>Jaros\u0142aw Kupczak OP<\/strong><br \/>\nprofesor de teolog\u00eda de la Pontificia Universidad de Juan Pablo II en Cracovia<\/p>\n<p style=\"text-align: right;\">\n","protected":false},"excerpt":{"rendered":"<p>Jaros\u0142aw Kupczak OP<\/p>\n","protected":false},"author":5,"featured_media":1195,"comment_status":"open","ping_status":"open","sticky":false,"template":"","format":"standard","meta":{"_acf_changed":false,"_exactmetrics_skip_tracking":false,"_exactmetrics_sitenote_active":false,"_exactmetrics_sitenote_note":"","_exactmetrics_sitenote_category":0,"footnotes":""},"categories":[2,13,14],"tags":[20,21,19,22,23],"class_list":["post-1190","post","type-post","status-publish","format-standard","has-post-thumbnail","hentry","category-articulos","category-strona-glowna-najnowsze","category-strona-glowna-slider","tag-familia","tag-juan-pablo-ii","tag-kupczak","tag-matrimonio","tag-teologia"],"acf":[],"yoast_head":"<!-- This site is optimized with the Yoast SEO plugin v26.2 - https:\/\/yoast.com\/wordpress\/plugins\/seo\/ -->\n<title>La discusi\u00f3n por el legado de Juan Pablo II - Centro de Documentaci\u00f3n y Estudios del Pontificado de Juan Pablo II en Roma<\/title>\n<meta name=\"robots\" content=\"index, follow, max-snippet:-1, max-image-preview:large, max-video-preview:-1\" \/>\n<link rel=\"canonical\" href=\"https:\/\/jp2doc.pl\/es\/2017\/05\/30\/familia-juan-pablo-teologia\/\" \/>\n<meta property=\"og:locale\" content=\"es_ES\" \/>\n<meta property=\"og:type\" content=\"article\" \/>\n<meta property=\"og:title\" content=\"La discusi\u00f3n por el legado de Juan Pablo II - Centro de Documentaci\u00f3n y Estudios del Pontificado de Juan Pablo II en Roma\" \/>\n<meta property=\"og:description\" content=\"Jaros\u0142aw Kupczak OP\" \/>\n<meta property=\"og:url\" content=\"https:\/\/jp2doc.pl\/es\/2017\/05\/30\/familia-juan-pablo-teologia\/\" \/>\n<meta property=\"og:site_name\" content=\"Centro de Documentaci\u00f3n y Estudios del Pontificado de Juan Pablo II en Roma\" \/>\n<meta property=\"article:published_time\" content=\"2017-05-30T09:19:40+00:00\" \/>\n<meta property=\"article:modified_time\" content=\"2017-05-31T15:50:25+00:00\" \/>\n<meta property=\"og:image\" content=\"https:\/\/jp2doc.pl\/es\/wp-content\/uploads\/sites\/4\/2017\/05\/Fot.2.3.-1-e1496245805114.jpg\" \/>\n\t<meta property=\"og:image:width\" content=\"1270\" \/>\n\t<meta property=\"og:image:height\" content=\"700\" \/>\n\t<meta property=\"og:image:type\" content=\"image\/jpeg\" \/>\n<meta name=\"author\" content=\"juliasercanka\" \/>\n<meta name=\"twitter:card\" content=\"summary_large_image\" \/>\n<meta name=\"twitter:label1\" content=\"Escrito por\" \/>\n\t<meta name=\"twitter:data1\" content=\"juliasercanka\" \/>\n\t<meta name=\"twitter:label2\" content=\"Tiempo de lectura\" \/>\n\t<meta name=\"twitter:data2\" content=\"3 minutos\" \/>\n<script type=\"application\/ld+json\" class=\"yoast-schema-graph\">{\"@context\":\"https:\/\/schema.org\",\"@graph\":[{\"@type\":\"Article\",\"@id\":\"https:\/\/jp2doc.pl\/es\/2017\/05\/30\/familia-juan-pablo-teologia\/#article\",\"isPartOf\":{\"@id\":\"https:\/\/jp2doc.pl\/es\/2017\/05\/30\/familia-juan-pablo-teologia\/\"},\"author\":{\"name\":\"juliasercanka\",\"@id\":\"https:\/\/jp2doc.pl\/es\/#\/schema\/person\/6110109e80abb51f6fac4824777eabfe\"},\"headline\":\"La discusi\u00f3n por el legado de Juan Pablo II\",\"datePublished\":\"2017-05-30T09:19:40+00:00\",\"dateModified\":\"2017-05-31T15:50:25+00:00\",\"mainEntityOfPage\":{\"@id\":\"https:\/\/jp2doc.pl\/es\/2017\/05\/30\/familia-juan-pablo-teologia\/\"},\"wordCount\":649,\"commentCount\":0,\"publisher\":{\"@id\":\"https:\/\/jp2doc.pl\/es\/#organization\"},\"image\":{\"@id\":\"https:\/\/jp2doc.pl\/es\/2017\/05\/30\/familia-juan-pablo-teologia\/#primaryimage\"},\"thumbnailUrl\":\"https:\/\/jp2doc.pl\/es\/wp-content\/uploads\/sites\/4\/2017\/05\/Fot.2.3.-1-e1496245805114.jpg\",\"keywords\":[\"familia\",\"Juan Pablo II\",\"kupczak\",\"matrimonio\",\"teolog\u00eda\"],\"articleSection\":[\"Art\u00edculos\",\"Strona g\u0142\u00f3wna - najnowsze\",\"Strona g\u0142\u00f3wna - slider\"],\"inLanguage\":\"es\",\"potentialAction\":[{\"@type\":\"CommentAction\",\"name\":\"Comment\",\"target\":[\"https:\/\/jp2doc.pl\/es\/2017\/05\/30\/familia-juan-pablo-teologia\/#respond\"]}]},{\"@type\":\"WebPage\",\"@id\":\"https:\/\/jp2doc.pl\/es\/2017\/05\/30\/familia-juan-pablo-teologia\/\",\"url\":\"https:\/\/jp2doc.pl\/es\/2017\/05\/30\/familia-juan-pablo-teologia\/\",\"name\":\"La discusi\u00f3n por el legado de Juan Pablo II - Centro de Documentaci\u00f3n y Estudios del Pontificado de Juan Pablo II en Roma\",\"isPartOf\":{\"@id\":\"https:\/\/jp2doc.pl\/es\/#website\"},\"primaryImageOfPage\":{\"@id\":\"https:\/\/jp2doc.pl\/es\/2017\/05\/30\/familia-juan-pablo-teologia\/#primaryimage\"},\"image\":{\"@id\":\"https:\/\/jp2doc.pl\/es\/2017\/05\/30\/familia-juan-pablo-teologia\/#primaryimage\"},\"thumbnailUrl\":\"https:\/\/jp2doc.pl\/es\/wp-content\/uploads\/sites\/4\/2017\/05\/Fot.2.3.-1-e1496245805114.jpg\",\"datePublished\":\"2017-05-30T09:19:40+00:00\",\"dateModified\":\"2017-05-31T15:50:25+00:00\",\"breadcrumb\":{\"@id\":\"https:\/\/jp2doc.pl\/es\/2017\/05\/30\/familia-juan-pablo-teologia\/#breadcrumb\"},\"inLanguage\":\"es\",\"potentialAction\":[{\"@type\":\"ReadAction\",\"target\":[\"https:\/\/jp2doc.pl\/es\/2017\/05\/30\/familia-juan-pablo-teologia\/\"]}]},{\"@type\":\"ImageObject\",\"inLanguage\":\"es\",\"@id\":\"https:\/\/jp2doc.pl\/es\/2017\/05\/30\/familia-juan-pablo-teologia\/#primaryimage\",\"url\":\"https:\/\/jp2doc.pl\/es\/wp-content\/uploads\/sites\/4\/2017\/05\/Fot.2.3.-1-e1496245805114.jpg\",\"contentUrl\":\"https:\/\/jp2doc.pl\/es\/wp-content\/uploads\/sites\/4\/2017\/05\/Fot.2.3.-1-e1496245805114.jpg\",\"width\":1270,\"height\":700},{\"@type\":\"BreadcrumbList\",\"@id\":\"https:\/\/jp2doc.pl\/es\/2017\/05\/30\/familia-juan-pablo-teologia\/#breadcrumb\",\"itemListElement\":[{\"@type\":\"ListItem\",\"position\":1,\"name\":\"Home\",\"item\":\"https:\/\/jp2doc.pl\/es\/\"},{\"@type\":\"ListItem\",\"position\":2,\"name\":\"La discusi\u00f3n por el legado de Juan Pablo II\"}]},{\"@type\":\"WebSite\",\"@id\":\"https:\/\/jp2doc.pl\/es\/#website\",\"url\":\"https:\/\/jp2doc.pl\/es\/\",\"name\":\"Centro de Documentaci\u00f3n y Estudios del Pontificado de Juan Pablo II en Roma\",\"description\":\"\",\"publisher\":{\"@id\":\"https:\/\/jp2doc.pl\/es\/#organization\"},\"potentialAction\":[{\"@type\":\"SearchAction\",\"target\":{\"@type\":\"EntryPoint\",\"urlTemplate\":\"https:\/\/jp2doc.pl\/es\/?s={search_term_string}\"},\"query-input\":{\"@type\":\"PropertyValueSpecification\",\"valueRequired\":true,\"valueName\":\"search_term_string\"}}],\"inLanguage\":\"es\"},{\"@type\":\"Organization\",\"@id\":\"https:\/\/jp2doc.pl\/es\/#organization\",\"name\":\"Centro de Documentaci\u00f3n y Estudios del Pontificado de Juan Pablo II en Roma\",\"url\":\"https:\/\/jp2doc.pl\/es\/\",\"logo\":{\"@type\":\"ImageObject\",\"inLanguage\":\"es\",\"@id\":\"https:\/\/jp2doc.pl\/es\/#\/schema\/logo\/image\/\",\"url\":\"https:\/\/jp2doc.pl\/es\/wp-content\/uploads\/sites\/4\/2017\/03\/cropped-logo.png\",\"contentUrl\":\"https:\/\/jp2doc.pl\/es\/wp-content\/uploads\/sites\/4\/2017\/03\/cropped-logo.png\",\"width\":115,\"height\":115,\"caption\":\"Centro de Documentaci\u00f3n y Estudios del Pontificado de Juan Pablo II en Roma\"},\"image\":{\"@id\":\"https:\/\/jp2doc.pl\/es\/#\/schema\/logo\/image\/\"}},{\"@type\":\"Person\",\"@id\":\"https:\/\/jp2doc.pl\/es\/#\/schema\/person\/6110109e80abb51f6fac4824777eabfe\",\"name\":\"juliasercanka\",\"image\":{\"@type\":\"ImageObject\",\"inLanguage\":\"es\",\"@id\":\"https:\/\/jp2doc.pl\/es\/#\/schema\/person\/image\/\",\"url\":\"https:\/\/secure.gravatar.com\/avatar\/266a66e864556e22d55d61b6b10c97fab9060767b738564bcd109f3997e372bc?s=96&d=mm&r=g\",\"contentUrl\":\"https:\/\/secure.gravatar.com\/avatar\/266a66e864556e22d55d61b6b10c97fab9060767b738564bcd109f3997e372bc?s=96&d=mm&r=g\",\"caption\":\"juliasercanka\"},\"url\":\"https:\/\/jp2doc.pl\/es\/author\/juliasercanka\/\"}]}<\/script>\n<!-- \/ Yoast SEO plugin. -->","yoast_head_json":{"title":"La discusi\u00f3n por el legado de Juan Pablo II - Centro de Documentaci\u00f3n y Estudios del Pontificado de Juan Pablo II en Roma","robots":{"index":"index","follow":"follow","max-snippet":"max-snippet:-1","max-image-preview":"max-image-preview:large","max-video-preview":"max-video-preview:-1"},"canonical":"https:\/\/jp2doc.pl\/es\/2017\/05\/30\/familia-juan-pablo-teologia\/","og_locale":"es_ES","og_type":"article","og_title":"La discusi\u00f3n por el legado de Juan Pablo II - Centro de Documentaci\u00f3n y Estudios del Pontificado de Juan Pablo II en Roma","og_description":"Jaros\u0142aw Kupczak OP","og_url":"https:\/\/jp2doc.pl\/es\/2017\/05\/30\/familia-juan-pablo-teologia\/","og_site_name":"Centro de Documentaci\u00f3n y Estudios del Pontificado de Juan Pablo II en Roma","article_published_time":"2017-05-30T09:19:40+00:00","article_modified_time":"2017-05-31T15:50:25+00:00","og_image":[{"width":1270,"height":700,"url":"https:\/\/jp2doc.pl\/es\/wp-content\/uploads\/sites\/4\/2017\/05\/Fot.2.3.-1-e1496245805114.jpg","type":"image\/jpeg"}],"author":"juliasercanka","twitter_card":"summary_large_image","twitter_misc":{"Escrito por":"juliasercanka","Tiempo de lectura":"3 minutos"},"schema":{"@context":"https:\/\/schema.org","@graph":[{"@type":"Article","@id":"https:\/\/jp2doc.pl\/es\/2017\/05\/30\/familia-juan-pablo-teologia\/#article","isPartOf":{"@id":"https:\/\/jp2doc.pl\/es\/2017\/05\/30\/familia-juan-pablo-teologia\/"},"author":{"name":"juliasercanka","@id":"https:\/\/jp2doc.pl\/es\/#\/schema\/person\/6110109e80abb51f6fac4824777eabfe"},"headline":"La discusi\u00f3n por el legado de Juan Pablo II","datePublished":"2017-05-30T09:19:40+00:00","dateModified":"2017-05-31T15:50:25+00:00","mainEntityOfPage":{"@id":"https:\/\/jp2doc.pl\/es\/2017\/05\/30\/familia-juan-pablo-teologia\/"},"wordCount":649,"commentCount":0,"publisher":{"@id":"https:\/\/jp2doc.pl\/es\/#organization"},"image":{"@id":"https:\/\/jp2doc.pl\/es\/2017\/05\/30\/familia-juan-pablo-teologia\/#primaryimage"},"thumbnailUrl":"https:\/\/jp2doc.pl\/es\/wp-content\/uploads\/sites\/4\/2017\/05\/Fot.2.3.-1-e1496245805114.jpg","keywords":["familia","Juan Pablo II","kupczak","matrimonio","teolog\u00eda"],"articleSection":["Art\u00edculos","Strona g\u0142\u00f3wna - najnowsze","Strona g\u0142\u00f3wna - slider"],"inLanguage":"es","potentialAction":[{"@type":"CommentAction","name":"Comment","target":["https:\/\/jp2doc.pl\/es\/2017\/05\/30\/familia-juan-pablo-teologia\/#respond"]}]},{"@type":"WebPage","@id":"https:\/\/jp2doc.pl\/es\/2017\/05\/30\/familia-juan-pablo-teologia\/","url":"https:\/\/jp2doc.pl\/es\/2017\/05\/30\/familia-juan-pablo-teologia\/","name":"La discusi\u00f3n por el legado de Juan Pablo II - Centro de Documentaci\u00f3n y Estudios del Pontificado de Juan Pablo II en Roma","isPartOf":{"@id":"https:\/\/jp2doc.pl\/es\/#website"},"primaryImageOfPage":{"@id":"https:\/\/jp2doc.pl\/es\/2017\/05\/30\/familia-juan-pablo-teologia\/#primaryimage"},"image":{"@id":"https:\/\/jp2doc.pl\/es\/2017\/05\/30\/familia-juan-pablo-teologia\/#primaryimage"},"thumbnailUrl":"https:\/\/jp2doc.pl\/es\/wp-content\/uploads\/sites\/4\/2017\/05\/Fot.2.3.-1-e1496245805114.jpg","datePublished":"2017-05-30T09:19:40+00:00","dateModified":"2017-05-31T15:50:25+00:00","breadcrumb":{"@id":"https:\/\/jp2doc.pl\/es\/2017\/05\/30\/familia-juan-pablo-teologia\/#breadcrumb"},"inLanguage":"es","potentialAction":[{"@type":"ReadAction","target":["https:\/\/jp2doc.pl\/es\/2017\/05\/30\/familia-juan-pablo-teologia\/"]}]},{"@type":"ImageObject","inLanguage":"es","@id":"https:\/\/jp2doc.pl\/es\/2017\/05\/30\/familia-juan-pablo-teologia\/#primaryimage","url":"https:\/\/jp2doc.pl\/es\/wp-content\/uploads\/sites\/4\/2017\/05\/Fot.2.3.-1-e1496245805114.jpg","contentUrl":"https:\/\/jp2doc.pl\/es\/wp-content\/uploads\/sites\/4\/2017\/05\/Fot.2.3.-1-e1496245805114.jpg","width":1270,"height":700},{"@type":"BreadcrumbList","@id":"https:\/\/jp2doc.pl\/es\/2017\/05\/30\/familia-juan-pablo-teologia\/#breadcrumb","itemListElement":[{"@type":"ListItem","position":1,"name":"Home","item":"https:\/\/jp2doc.pl\/es\/"},{"@type":"ListItem","position":2,"name":"La discusi\u00f3n por el legado de Juan Pablo II"}]},{"@type":"WebSite","@id":"https:\/\/jp2doc.pl\/es\/#website","url":"https:\/\/jp2doc.pl\/es\/","name":"Centro de Documentaci\u00f3n y Estudios del Pontificado de Juan Pablo II en Roma","description":"","publisher":{"@id":"https:\/\/jp2doc.pl\/es\/#organization"},"potentialAction":[{"@type":"SearchAction","target":{"@type":"EntryPoint","urlTemplate":"https:\/\/jp2doc.pl\/es\/?s={search_term_string}"},"query-input":{"@type":"PropertyValueSpecification","valueRequired":true,"valueName":"search_term_string"}}],"inLanguage":"es"},{"@type":"Organization","@id":"https:\/\/jp2doc.pl\/es\/#organization","name":"Centro de Documentaci\u00f3n y Estudios del Pontificado de Juan Pablo II en Roma","url":"https:\/\/jp2doc.pl\/es\/","logo":{"@type":"ImageObject","inLanguage":"es","@id":"https:\/\/jp2doc.pl\/es\/#\/schema\/logo\/image\/","url":"https:\/\/jp2doc.pl\/es\/wp-content\/uploads\/sites\/4\/2017\/03\/cropped-logo.png","contentUrl":"https:\/\/jp2doc.pl\/es\/wp-content\/uploads\/sites\/4\/2017\/03\/cropped-logo.png","width":115,"height":115,"caption":"Centro de Documentaci\u00f3n y Estudios del Pontificado de Juan Pablo II en Roma"},"image":{"@id":"https:\/\/jp2doc.pl\/es\/#\/schema\/logo\/image\/"}},{"@type":"Person","@id":"https:\/\/jp2doc.pl\/es\/#\/schema\/person\/6110109e80abb51f6fac4824777eabfe","name":"juliasercanka","image":{"@type":"ImageObject","inLanguage":"es","@id":"https:\/\/jp2doc.pl\/es\/#\/schema\/person\/image\/","url":"https:\/\/secure.gravatar.com\/avatar\/266a66e864556e22d55d61b6b10c97fab9060767b738564bcd109f3997e372bc?s=96&d=mm&r=g","contentUrl":"https:\/\/secure.gravatar.com\/avatar\/266a66e864556e22d55d61b6b10c97fab9060767b738564bcd109f3997e372bc?s=96&d=mm&r=g","caption":"juliasercanka"},"url":"https:\/\/jp2doc.pl\/es\/author\/juliasercanka\/"}]}},"_links":{"self":[{"href":"https:\/\/jp2doc.pl\/es\/wp-json\/wp\/v2\/posts\/1190","targetHints":{"allow":["GET"]}}],"collection":[{"href":"https:\/\/jp2doc.pl\/es\/wp-json\/wp\/v2\/posts"}],"about":[{"href":"https:\/\/jp2doc.pl\/es\/wp-json\/wp\/v2\/types\/post"}],"author":[{"embeddable":true,"href":"https:\/\/jp2doc.pl\/es\/wp-json\/wp\/v2\/users\/5"}],"replies":[{"embeddable":true,"href":"https:\/\/jp2doc.pl\/es\/wp-json\/wp\/v2\/comments?post=1190"}],"version-history":[{"count":3,"href":"https:\/\/jp2doc.pl\/es\/wp-json\/wp\/v2\/posts\/1190\/revisions"}],"predecessor-version":[{"id":1193,"href":"https:\/\/jp2doc.pl\/es\/wp-json\/wp\/v2\/posts\/1190\/revisions\/1193"}],"wp:featuredmedia":[{"embeddable":true,"href":"https:\/\/jp2doc.pl\/es\/wp-json\/wp\/v2\/media\/1195"}],"wp:attachment":[{"href":"https:\/\/jp2doc.pl\/es\/wp-json\/wp\/v2\/media?parent=1190"}],"wp:term":[{"taxonomy":"category","embeddable":true,"href":"https:\/\/jp2doc.pl\/es\/wp-json\/wp\/v2\/categories?post=1190"},{"taxonomy":"post_tag","embeddable":true,"href":"https:\/\/jp2doc.pl\/es\/wp-json\/wp\/v2\/tags?post=1190"}],"curies":[{"name":"wp","href":"https:\/\/api.w.org\/{rel}","templated":true}]}}