{"id":1201,"date":"2017-06-21T13:04:20","date_gmt":"2017-06-21T11:04:20","guid":{"rendered":"http:\/\/jp2doc.pl\/es\/?p=1201"},"modified":"2017-06-21T13:04:20","modified_gmt":"2017-06-21T11:04:20","slug":"la-iglesia-morada-del-amor-humano","status":"publish","type":"post","link":"https:\/\/jp2doc.pl\/es\/2017\/06\/21\/la-iglesia-morada-del-amor-humano\/","title":{"rendered":"La Iglesia, morada del amor humano"},"content":{"rendered":"<p>La publicaci\u00f3n de cualquier nuevo documento papal siempre induce a una b\u00fasqueda inmediata de los fundamentos de su \u201cactualidad\u201d y, por ello, a la determinaci\u00f3n de su papel en la gesti\u00f3n y fomento de la vida y del testimonio de las comunidades cristianas. Tal actitud no solo es necesaria; una bondad inteligente con la que ese talante deber\u00eda manifestarse, marca el espacio en que una simple pertenencia a la Iglesia y un riesgo creativo responsable, animando no tanto al respeto que a una plena identificaci\u00f3n, coexisten apoy\u00e1ndose mutuamente.<\/p>\n<p>Los dinamismos, aqu\u00ed presentados, pueden ser sostenidos y fortalecidos si la referencia al texto, en este caso al <em>Amoris Laetitia<\/em>, es capaz de captar plenamente su car\u00e1cter y colocarlo en un per\u00edodo m\u00e1s largo, lo que ayuda a comprender que su \u201cnovedad\u201d no se parece a una seta que, de repente, asoma debajo de las hojas en el bosque, sino que, m\u00e1s bien, evoca una rama nueva, reci\u00e9n crecida, en una planta centenaria.<\/p>\n<p>Yendo m\u00e1s all\u00e1 de la met\u00e1fora, estoy convencido de que <em>Amoris Laetitia<\/em> constituye una aportaci\u00f3n muy original al Concilio Vaticano II, sobre todo en cuestiones relacionadas con la presencia de la Iglesia en el mundo, dado que es capaz de recordar el adecuado entendimiento de este aspecto, expresado en <em>Gaudium et Spes<\/em>.<\/p>\n<p>La decisi\u00f3n de implicar a toda la autoridad de la Iglesia en una serie tem\u00e1tica que, al menos a corto plazo, aprecia las ense\u00f1anzas significativas del magisterio de la Iglesia revela aspectos interesantes de las prioridades del papa Francisco, m\u00e1xime teniendo en cuenta, que la Secretar\u00eda del S\u00ednodo, que culmin\u00f3 sus trabajos en 2012, present\u00f3 las propuestas de los temarios de la siguiente asamblea, que inclu\u00edan \u201cmaterias cristl\u00f3gicas y antropol\u00f3gicas, con una referencia especial a la constituci\u00f3n conciliar <em>Gaudium et Spes<\/em>.<\/p>\n<p>La selecci\u00f3n espec\u00edfica, llevada a cabo por el papa Francisco, ha sostenido el inter\u00e9s por los aspectos de la presencia de la Iglesia en el mundo, demostrando la voluntad de re-evaluar la importancia de planteamientos del sistema teol\u00f3gico situando la familia como uno de los centros m\u00e1s neur\u00e1lgicos de la vida eclesi\u00e1stica y social, colocada en el meollo de las cuestiones. La familia debe esta posici\u00f3n central al propio Concilio, que la emplaz\u00f3, en este contexto, entre \u201calgunos de los problemas m\u00e1s acuciantes\u201d (GS 47-52).<\/p>\n<p>Debido a ello, los valiosos frutos de la asamblea sinodal han generado una nueva actitud hacia la recepci\u00f3n de <em>Gaudium et Spes<\/em>. Al tener en cuenta el enfoque espec\u00edfico del papa Francisco, esta enc\u00edclica reinterpretada de nuevo refleja su novedad, particularmente original en la segunda parte, en que fue expresada la conciencia de la Iglesia, en cuanto a la adecuaci\u00f3n del mensaje cristiano a la realidad, los problemas y asuntos urgentes, con presencia a diario, en la vida humana. Tras esta disposici\u00f3n se vislumbra el convencimiento de que las causas fundamentales de la existencia de la Iglesia en el mundo y entre la gente brotan directamente de ella, de la propia Iglesia, del \u201cser Iglesia\u201d. <em>Gaudium et Spes<\/em> parece estar, m\u00e1s que cualquier otro documento eclesi\u00e1stico anterior, presente en la recuperaci\u00f3n de este formato original de la subjetividad de la Iglesia. El acompa\u00f1amiento a los cristianos en este proceso es una de las principales maneras de afrontar los retos del cambio de \u00e9poca que se est\u00e1 produciendo hoy en d\u00eda, seg\u00fan las palabras del Papa.<\/p>\n<p>Hay que reconocer que pertenece ya al pasado la relaci\u00f3n de oposici\u00f3n entre dos modelos del matrimonio, el mundanal y el cristiano. En la actualidad la alternativa consiste en la preocupaci\u00f3n por las dif\u00edciles condiciones en que muchas personas se ven obligadas a arriesgar su propia libertad. Es menester tener presente, al mismo tiempo, los condicionamientos relacionados con el clima hist\u00f3rico vigente y mantener la promesa del bien y de una vida de bien.<\/p>\n<p>Esta actitud alude a algo m\u00e1s que a una renovaci\u00f3n cosm\u00e9tica de pr\u00e1cticas pastorales. La correcci\u00f3n de algunos paradigmas, presentes desde hace tiempo, en las acciones de los cristianos, arrastra tras s\u00ed una preocupaci\u00f3n triple, conforme a una trayectoria doble, sobre las dimensiones fundamentales de la identidad eclesial: la Iglesia est\u00e1 predestinada a estar en el mundo y entre las personas por el mero hecho de \u201cser Iglesia\u201d y cuanto m\u00e1s activa se muestra, aqu\u00ed y ahora, en su misi\u00f3n tanto mejor se redescubre a s\u00ed misma.<\/p>\n<p style=\"text-align: right;\"><strong>Don Gilgredo Marengo<\/strong><br \/>\nsacerdote, profesor de antropolog\u00eda teol\u00f3gica<br \/>\nen el Pontificio Instituto de Juan Pablo II para<br \/>\nlos Estudios sobre el Matrimonio y la Familia, Roma<\/p>\n","protected":false},"excerpt":{"rendered":"<p>Giflredo Marengo<\/p>\n","protected":false},"author":5,"featured_media":1202,"comment_status":"open","ping_status":"open","sticky":false,"template":"","format":"standard","meta":{"_acf_changed":false,"_exactmetrics_skip_tracking":false,"_exactmetrics_sitenote_active":false,"_exactmetrics_sitenote_note":"","_exactmetrics_sitenote_category":0,"footnotes":""},"categories":[2,13,14],"tags":[20,24,25,22],"class_list":["post-1201","post","type-post","status-publish","format-standard","has-post-thumbnail","hentry","category-articulos","category-strona-glowna-najnowsze","category-strona-glowna-slider","tag-familia","tag-francisco","tag-iglesia","tag-matrimonio"],"acf":[],"yoast_head":"<!-- This site is optimized with the Yoast SEO plugin v26.2 - https:\/\/yoast.com\/wordpress\/plugins\/seo\/ -->\n<title>La Iglesia, morada del amor humano - Centro de Documentaci\u00f3n y Estudios del Pontificado de Juan Pablo II en Roma<\/title>\n<meta name=\"robots\" content=\"index, follow, max-snippet:-1, max-image-preview:large, max-video-preview:-1\" \/>\n<link rel=\"canonical\" href=\"https:\/\/jp2doc.pl\/es\/2017\/06\/21\/la-iglesia-morada-del-amor-humano\/\" \/>\n<meta property=\"og:locale\" content=\"es_ES\" \/>\n<meta property=\"og:type\" content=\"article\" \/>\n<meta property=\"og:title\" content=\"La Iglesia, morada del amor humano - Centro de Documentaci\u00f3n y Estudios del Pontificado de Juan Pablo II en Roma\" \/>\n<meta property=\"og:description\" content=\"Giflredo Marengo\" \/>\n<meta property=\"og:url\" content=\"https:\/\/jp2doc.pl\/es\/2017\/06\/21\/la-iglesia-morada-del-amor-humano\/\" \/>\n<meta property=\"og:site_name\" content=\"Centro de Documentaci\u00f3n y Estudios del Pontificado de Juan Pablo II en Roma\" \/>\n<meta property=\"article:published_time\" content=\"2017-06-21T11:04:20+00:00\" \/>\n<meta property=\"og:image\" content=\"https:\/\/jp2doc.pl\/es\/wp-content\/uploads\/sites\/4\/2017\/06\/f5282f8744be3180804afead5549fa43.jpg\" \/>\n\t<meta property=\"og:image:width\" content=\"1280\" \/>\n\t<meta property=\"og:image:height\" content=\"853\" \/>\n\t<meta property=\"og:image:type\" content=\"image\/jpeg\" \/>\n<meta name=\"author\" content=\"juliasercanka\" \/>\n<meta name=\"twitter:card\" content=\"summary_large_image\" \/>\n<meta name=\"twitter:label1\" content=\"Escrito por\" \/>\n\t<meta name=\"twitter:data1\" content=\"juliasercanka\" \/>\n\t<meta name=\"twitter:label2\" content=\"Tiempo de lectura\" \/>\n\t<meta name=\"twitter:data2\" content=\"4 minutos\" \/>\n<script type=\"application\/ld+json\" class=\"yoast-schema-graph\">{\"@context\":\"https:\/\/schema.org\",\"@graph\":[{\"@type\":\"Article\",\"@id\":\"https:\/\/jp2doc.pl\/es\/2017\/06\/21\/la-iglesia-morada-del-amor-humano\/#article\",\"isPartOf\":{\"@id\":\"https:\/\/jp2doc.pl\/es\/2017\/06\/21\/la-iglesia-morada-del-amor-humano\/\"},\"author\":{\"name\":\"juliasercanka\",\"@id\":\"https:\/\/jp2doc.pl\/es\/#\/schema\/person\/6110109e80abb51f6fac4824777eabfe\"},\"headline\":\"La Iglesia, morada del amor humano\",\"datePublished\":\"2017-06-21T11:04:20+00:00\",\"mainEntityOfPage\":{\"@id\":\"https:\/\/jp2doc.pl\/es\/2017\/06\/21\/la-iglesia-morada-del-amor-humano\/\"},\"wordCount\":806,\"commentCount\":0,\"publisher\":{\"@id\":\"https:\/\/jp2doc.pl\/es\/#organization\"},\"image\":{\"@id\":\"https:\/\/jp2doc.pl\/es\/2017\/06\/21\/la-iglesia-morada-del-amor-humano\/#primaryimage\"},\"thumbnailUrl\":\"https:\/\/jp2doc.pl\/es\/wp-content\/uploads\/sites\/4\/2017\/06\/f5282f8744be3180804afead5549fa43.jpg\",\"keywords\":[\"familia\",\"Francisco\",\"Iglesia\",\"matrimonio\"],\"articleSection\":[\"Art\u00edculos\",\"Strona g\u0142\u00f3wna - najnowsze\",\"Strona g\u0142\u00f3wna - slider\"],\"inLanguage\":\"es\",\"potentialAction\":[{\"@type\":\"CommentAction\",\"name\":\"Comment\",\"target\":[\"https:\/\/jp2doc.pl\/es\/2017\/06\/21\/la-iglesia-morada-del-amor-humano\/#respond\"]}]},{\"@type\":\"WebPage\",\"@id\":\"https:\/\/jp2doc.pl\/es\/2017\/06\/21\/la-iglesia-morada-del-amor-humano\/\",\"url\":\"https:\/\/jp2doc.pl\/es\/2017\/06\/21\/la-iglesia-morada-del-amor-humano\/\",\"name\":\"La Iglesia, morada del amor humano - Centro de Documentaci\u00f3n y Estudios del Pontificado de Juan Pablo II en Roma\",\"isPartOf\":{\"@id\":\"https:\/\/jp2doc.pl\/es\/#website\"},\"primaryImageOfPage\":{\"@id\":\"https:\/\/jp2doc.pl\/es\/2017\/06\/21\/la-iglesia-morada-del-amor-humano\/#primaryimage\"},\"image\":{\"@id\":\"https:\/\/jp2doc.pl\/es\/2017\/06\/21\/la-iglesia-morada-del-amor-humano\/#primaryimage\"},\"thumbnailUrl\":\"https:\/\/jp2doc.pl\/es\/wp-content\/uploads\/sites\/4\/2017\/06\/f5282f8744be3180804afead5549fa43.jpg\",\"datePublished\":\"2017-06-21T11:04:20+00:00\",\"breadcrumb\":{\"@id\":\"https:\/\/jp2doc.pl\/es\/2017\/06\/21\/la-iglesia-morada-del-amor-humano\/#breadcrumb\"},\"inLanguage\":\"es\",\"potentialAction\":[{\"@type\":\"ReadAction\",\"target\":[\"https:\/\/jp2doc.pl\/es\/2017\/06\/21\/la-iglesia-morada-del-amor-humano\/\"]}]},{\"@type\":\"ImageObject\",\"inLanguage\":\"es\",\"@id\":\"https:\/\/jp2doc.pl\/es\/2017\/06\/21\/la-iglesia-morada-del-amor-humano\/#primaryimage\",\"url\":\"https:\/\/jp2doc.pl\/es\/wp-content\/uploads\/sites\/4\/2017\/06\/f5282f8744be3180804afead5549fa43.jpg\",\"contentUrl\":\"https:\/\/jp2doc.pl\/es\/wp-content\/uploads\/sites\/4\/2017\/06\/f5282f8744be3180804afead5549fa43.jpg\",\"width\":1280,\"height\":853},{\"@type\":\"BreadcrumbList\",\"@id\":\"https:\/\/jp2doc.pl\/es\/2017\/06\/21\/la-iglesia-morada-del-amor-humano\/#breadcrumb\",\"itemListElement\":[{\"@type\":\"ListItem\",\"position\":1,\"name\":\"Home\",\"item\":\"https:\/\/jp2doc.pl\/es\/\"},{\"@type\":\"ListItem\",\"position\":2,\"name\":\"La Iglesia, morada del amor humano\"}]},{\"@type\":\"WebSite\",\"@id\":\"https:\/\/jp2doc.pl\/es\/#website\",\"url\":\"https:\/\/jp2doc.pl\/es\/\",\"name\":\"Centro de Documentaci\u00f3n y Estudios del Pontificado de Juan Pablo II en Roma\",\"description\":\"\",\"publisher\":{\"@id\":\"https:\/\/jp2doc.pl\/es\/#organization\"},\"potentialAction\":[{\"@type\":\"SearchAction\",\"target\":{\"@type\":\"EntryPoint\",\"urlTemplate\":\"https:\/\/jp2doc.pl\/es\/?s={search_term_string}\"},\"query-input\":{\"@type\":\"PropertyValueSpecification\",\"valueRequired\":true,\"valueName\":\"search_term_string\"}}],\"inLanguage\":\"es\"},{\"@type\":\"Organization\",\"@id\":\"https:\/\/jp2doc.pl\/es\/#organization\",\"name\":\"Centro de Documentaci\u00f3n y Estudios del Pontificado de Juan Pablo II en Roma\",\"url\":\"https:\/\/jp2doc.pl\/es\/\",\"logo\":{\"@type\":\"ImageObject\",\"inLanguage\":\"es\",\"@id\":\"https:\/\/jp2doc.pl\/es\/#\/schema\/logo\/image\/\",\"url\":\"https:\/\/jp2doc.pl\/es\/wp-content\/uploads\/sites\/4\/2017\/03\/cropped-logo.png\",\"contentUrl\":\"https:\/\/jp2doc.pl\/es\/wp-content\/uploads\/sites\/4\/2017\/03\/cropped-logo.png\",\"width\":115,\"height\":115,\"caption\":\"Centro de Documentaci\u00f3n y Estudios del Pontificado de Juan Pablo II en Roma\"},\"image\":{\"@id\":\"https:\/\/jp2doc.pl\/es\/#\/schema\/logo\/image\/\"}},{\"@type\":\"Person\",\"@id\":\"https:\/\/jp2doc.pl\/es\/#\/schema\/person\/6110109e80abb51f6fac4824777eabfe\",\"name\":\"juliasercanka\",\"image\":{\"@type\":\"ImageObject\",\"inLanguage\":\"es\",\"@id\":\"https:\/\/jp2doc.pl\/es\/#\/schema\/person\/image\/\",\"url\":\"https:\/\/secure.gravatar.com\/avatar\/266a66e864556e22d55d61b6b10c97fab9060767b738564bcd109f3997e372bc?s=96&d=mm&r=g\",\"contentUrl\":\"https:\/\/secure.gravatar.com\/avatar\/266a66e864556e22d55d61b6b10c97fab9060767b738564bcd109f3997e372bc?s=96&d=mm&r=g\",\"caption\":\"juliasercanka\"},\"url\":\"https:\/\/jp2doc.pl\/es\/author\/juliasercanka\/\"}]}<\/script>\n<!-- \/ Yoast SEO plugin. -->","yoast_head_json":{"title":"La Iglesia, morada del amor humano - Centro de Documentaci\u00f3n y Estudios del Pontificado de Juan Pablo II en Roma","robots":{"index":"index","follow":"follow","max-snippet":"max-snippet:-1","max-image-preview":"max-image-preview:large","max-video-preview":"max-video-preview:-1"},"canonical":"https:\/\/jp2doc.pl\/es\/2017\/06\/21\/la-iglesia-morada-del-amor-humano\/","og_locale":"es_ES","og_type":"article","og_title":"La Iglesia, morada del amor humano - Centro de Documentaci\u00f3n y Estudios del Pontificado de Juan Pablo II en Roma","og_description":"Giflredo Marengo","og_url":"https:\/\/jp2doc.pl\/es\/2017\/06\/21\/la-iglesia-morada-del-amor-humano\/","og_site_name":"Centro de Documentaci\u00f3n y Estudios del Pontificado de Juan Pablo II en Roma","article_published_time":"2017-06-21T11:04:20+00:00","og_image":[{"width":1280,"height":853,"url":"https:\/\/jp2doc.pl\/es\/wp-content\/uploads\/sites\/4\/2017\/06\/f5282f8744be3180804afead5549fa43.jpg","type":"image\/jpeg"}],"author":"juliasercanka","twitter_card":"summary_large_image","twitter_misc":{"Escrito por":"juliasercanka","Tiempo de lectura":"4 minutos"},"schema":{"@context":"https:\/\/schema.org","@graph":[{"@type":"Article","@id":"https:\/\/jp2doc.pl\/es\/2017\/06\/21\/la-iglesia-morada-del-amor-humano\/#article","isPartOf":{"@id":"https:\/\/jp2doc.pl\/es\/2017\/06\/21\/la-iglesia-morada-del-amor-humano\/"},"author":{"name":"juliasercanka","@id":"https:\/\/jp2doc.pl\/es\/#\/schema\/person\/6110109e80abb51f6fac4824777eabfe"},"headline":"La Iglesia, morada del amor humano","datePublished":"2017-06-21T11:04:20+00:00","mainEntityOfPage":{"@id":"https:\/\/jp2doc.pl\/es\/2017\/06\/21\/la-iglesia-morada-del-amor-humano\/"},"wordCount":806,"commentCount":0,"publisher":{"@id":"https:\/\/jp2doc.pl\/es\/#organization"},"image":{"@id":"https:\/\/jp2doc.pl\/es\/2017\/06\/21\/la-iglesia-morada-del-amor-humano\/#primaryimage"},"thumbnailUrl":"https:\/\/jp2doc.pl\/es\/wp-content\/uploads\/sites\/4\/2017\/06\/f5282f8744be3180804afead5549fa43.jpg","keywords":["familia","Francisco","Iglesia","matrimonio"],"articleSection":["Art\u00edculos","Strona g\u0142\u00f3wna - najnowsze","Strona g\u0142\u00f3wna - slider"],"inLanguage":"es","potentialAction":[{"@type":"CommentAction","name":"Comment","target":["https:\/\/jp2doc.pl\/es\/2017\/06\/21\/la-iglesia-morada-del-amor-humano\/#respond"]}]},{"@type":"WebPage","@id":"https:\/\/jp2doc.pl\/es\/2017\/06\/21\/la-iglesia-morada-del-amor-humano\/","url":"https:\/\/jp2doc.pl\/es\/2017\/06\/21\/la-iglesia-morada-del-amor-humano\/","name":"La Iglesia, morada del amor humano - Centro de Documentaci\u00f3n y Estudios del Pontificado de Juan Pablo II en Roma","isPartOf":{"@id":"https:\/\/jp2doc.pl\/es\/#website"},"primaryImageOfPage":{"@id":"https:\/\/jp2doc.pl\/es\/2017\/06\/21\/la-iglesia-morada-del-amor-humano\/#primaryimage"},"image":{"@id":"https:\/\/jp2doc.pl\/es\/2017\/06\/21\/la-iglesia-morada-del-amor-humano\/#primaryimage"},"thumbnailUrl":"https:\/\/jp2doc.pl\/es\/wp-content\/uploads\/sites\/4\/2017\/06\/f5282f8744be3180804afead5549fa43.jpg","datePublished":"2017-06-21T11:04:20+00:00","breadcrumb":{"@id":"https:\/\/jp2doc.pl\/es\/2017\/06\/21\/la-iglesia-morada-del-amor-humano\/#breadcrumb"},"inLanguage":"es","potentialAction":[{"@type":"ReadAction","target":["https:\/\/jp2doc.pl\/es\/2017\/06\/21\/la-iglesia-morada-del-amor-humano\/"]}]},{"@type":"ImageObject","inLanguage":"es","@id":"https:\/\/jp2doc.pl\/es\/2017\/06\/21\/la-iglesia-morada-del-amor-humano\/#primaryimage","url":"https:\/\/jp2doc.pl\/es\/wp-content\/uploads\/sites\/4\/2017\/06\/f5282f8744be3180804afead5549fa43.jpg","contentUrl":"https:\/\/jp2doc.pl\/es\/wp-content\/uploads\/sites\/4\/2017\/06\/f5282f8744be3180804afead5549fa43.jpg","width":1280,"height":853},{"@type":"BreadcrumbList","@id":"https:\/\/jp2doc.pl\/es\/2017\/06\/21\/la-iglesia-morada-del-amor-humano\/#breadcrumb","itemListElement":[{"@type":"ListItem","position":1,"name":"Home","item":"https:\/\/jp2doc.pl\/es\/"},{"@type":"ListItem","position":2,"name":"La Iglesia, morada del amor humano"}]},{"@type":"WebSite","@id":"https:\/\/jp2doc.pl\/es\/#website","url":"https:\/\/jp2doc.pl\/es\/","name":"Centro de Documentaci\u00f3n y Estudios del Pontificado de Juan Pablo II en Roma","description":"","publisher":{"@id":"https:\/\/jp2doc.pl\/es\/#organization"},"potentialAction":[{"@type":"SearchAction","target":{"@type":"EntryPoint","urlTemplate":"https:\/\/jp2doc.pl\/es\/?s={search_term_string}"},"query-input":{"@type":"PropertyValueSpecification","valueRequired":true,"valueName":"search_term_string"}}],"inLanguage":"es"},{"@type":"Organization","@id":"https:\/\/jp2doc.pl\/es\/#organization","name":"Centro de Documentaci\u00f3n y Estudios del Pontificado de Juan Pablo II en Roma","url":"https:\/\/jp2doc.pl\/es\/","logo":{"@type":"ImageObject","inLanguage":"es","@id":"https:\/\/jp2doc.pl\/es\/#\/schema\/logo\/image\/","url":"https:\/\/jp2doc.pl\/es\/wp-content\/uploads\/sites\/4\/2017\/03\/cropped-logo.png","contentUrl":"https:\/\/jp2doc.pl\/es\/wp-content\/uploads\/sites\/4\/2017\/03\/cropped-logo.png","width":115,"height":115,"caption":"Centro de Documentaci\u00f3n y Estudios del Pontificado de Juan Pablo II en Roma"},"image":{"@id":"https:\/\/jp2doc.pl\/es\/#\/schema\/logo\/image\/"}},{"@type":"Person","@id":"https:\/\/jp2doc.pl\/es\/#\/schema\/person\/6110109e80abb51f6fac4824777eabfe","name":"juliasercanka","image":{"@type":"ImageObject","inLanguage":"es","@id":"https:\/\/jp2doc.pl\/es\/#\/schema\/person\/image\/","url":"https:\/\/secure.gravatar.com\/avatar\/266a66e864556e22d55d61b6b10c97fab9060767b738564bcd109f3997e372bc?s=96&d=mm&r=g","contentUrl":"https:\/\/secure.gravatar.com\/avatar\/266a66e864556e22d55d61b6b10c97fab9060767b738564bcd109f3997e372bc?s=96&d=mm&r=g","caption":"juliasercanka"},"url":"https:\/\/jp2doc.pl\/es\/author\/juliasercanka\/"}]}},"_links":{"self":[{"href":"https:\/\/jp2doc.pl\/es\/wp-json\/wp\/v2\/posts\/1201","targetHints":{"allow":["GET"]}}],"collection":[{"href":"https:\/\/jp2doc.pl\/es\/wp-json\/wp\/v2\/posts"}],"about":[{"href":"https:\/\/jp2doc.pl\/es\/wp-json\/wp\/v2\/types\/post"}],"author":[{"embeddable":true,"href":"https:\/\/jp2doc.pl\/es\/wp-json\/wp\/v2\/users\/5"}],"replies":[{"embeddable":true,"href":"https:\/\/jp2doc.pl\/es\/wp-json\/wp\/v2\/comments?post=1201"}],"version-history":[{"count":1,"href":"https:\/\/jp2doc.pl\/es\/wp-json\/wp\/v2\/posts\/1201\/revisions"}],"predecessor-version":[{"id":1203,"href":"https:\/\/jp2doc.pl\/es\/wp-json\/wp\/v2\/posts\/1201\/revisions\/1203"}],"wp:featuredmedia":[{"embeddable":true,"href":"https:\/\/jp2doc.pl\/es\/wp-json\/wp\/v2\/media\/1202"}],"wp:attachment":[{"href":"https:\/\/jp2doc.pl\/es\/wp-json\/wp\/v2\/media?parent=1201"}],"wp:term":[{"taxonomy":"category","embeddable":true,"href":"https:\/\/jp2doc.pl\/es\/wp-json\/wp\/v2\/categories?post=1201"},{"taxonomy":"post_tag","embeddable":true,"href":"https:\/\/jp2doc.pl\/es\/wp-json\/wp\/v2\/tags?post=1201"}],"curies":[{"name":"wp","href":"https:\/\/api.w.org\/{rel}","templated":true}]}}