{"id":1223,"date":"2017-08-18T23:28:15","date_gmt":"2017-08-18T21:28:15","guid":{"rendered":"http:\/\/jp2doc.pl\/es\/?p=1223"},"modified":"2017-08-18T23:28:15","modified_gmt":"2017-08-18T21:28:15","slug":"la-secretaria-del-papa","status":"publish","type":"post","link":"https:\/\/jp2doc.pl\/es\/2017\/08\/18\/la-secretaria-del-papa\/","title":{"rendered":"La Secretaria del Papa"},"content":{"rendered":"<p>Hace poco hemos despedido a D. Joaqu\u00edn Navarro Valls que se ha marchado hacia la eternidad. Ahora, nos llena de tristeza la noticia sobre el fallecimiento de sor Eufrosina; otra de las personas del c\u00edrculo \u00edntimo de San Juan Pablo II. Cualquiera que la haya conocido afirma que era una persona excepcional que cautivaba con su discreci\u00f3n, humildad y bondad.<\/p>\n<h3>Parroquia, estudios, ej\u00e9rcito<\/h3>\n<p>Teresa Aniela Rumian naci\u00f3 el 7 de noviembre 1925 en el pueblo de Raciborowice, donde su padre ejerc\u00eda de director del colegio, desde 1920 y su madre era maestra. Teresa tuvo cinco hermanos. Sus padres manten\u00edan amistad con el vicario local, padre Adam Biela, compa\u00f1ero mayor de Karol Wojty\u0142a en la escuela secundaria de Wadowice.\u00a0\u00a0Juan Pablo II rememoraba en su libro <em>Don y Misterio<\/em>.<\/p>\n<blockquote><p>\u201cFui enviado por el arzobispo (Adam Sapieha) a la parroquia de Raciborowice, cerca de Cracovia. No puedo expresar m\u00e1s que mi profundo agradecimiento al p\u00e1rroco de Raciborowice, padre J\u00f3zef Jamroz y a los vicarios, que se convirtieron en compa\u00f1eros de vida de un joven seminarista clandestino. [\u2026] Pasaba mucho tiempo en la vieja iglesia de Raciborowice, que data de la \u00e9poca de Jan D\u0142ugosz. Dediqu\u00e9 horas enteras a las meditaciones mientras paseaba por el cementerio. Hab\u00eda tra\u00eddo a Raciborowice mi taller de estudios, gruesos vol\u00famenes de las obras comentadas de santo Tom\u00e1s. Estudiaba teolog\u00eda, por as\u00ed decirlo, en el propio \u201ccentro\u201d de una gran tradici\u00f3n teol\u00f3gica. Estaba, entonces, escribiendo una disertaci\u00f3n sobre San Juan de la Cruz\u201d.<\/p><\/blockquote>\n<p>Tal vez, por aquel entonces, frecuentara, tambi\u00e9n, la casa de los se\u00f1ores Rumian y conociera a Teresa, la futura sor Eufrosina, Sierva del Sagrado Coraz\u00f3n de Jes\u00fas. Era la m\u00e1s joven de las tres hermanas. Acabada la carrera universitaria de farmacia fue, requerida desde su lugar de trabajo, en Bytom, a un entrenamiento militar en la localidad de \u015arem, cerca de Pozna\u0144. Finaliz\u00f3 la formaci\u00f3n con el grado de teniente. Este hecho, precisamente, explica que, a\u00f1os despu\u00e9s, Teresa recibiera de manos de obispos castrenses, el grado de capit\u00e1n (2004) y luego de mayor (2006) y, la medalla Pro Memoria.<\/p>\n<h3>Una secretaria discreta<\/h3>\n<p>Terminada la \u201caventura\u201d con el ej\u00e9rcito, Teresa ingres\u00f3 en la Congregaci\u00f3n de las Siervas del Sagrado Coraz\u00f3n de Jes\u00fas, tomando el nombre de sor Eufrosina. Celebr\u00f3 su primera profesi\u00f3n religiosa en 1955 e hizo los votos perpetuos el 2 de agosto de 1961, en el convento de la calle Garncarska, de Cracovia (Casa Madre de la Congregaci\u00f3n).<\/p>\n<p>Entre los a\u00f1os 1967 -1978 trabaj\u00f3 en la secretar\u00eda del cardenal Karol Wojty\u0142a, en Cracovia y, desde 1978 hasta 2005, en el Vaticano, como secretaria personal del Papa Juan Pablo II.<\/p>\n<p>Del grupo de las cinco \u201dhermanas papales\u201d de las Siervas del Sagrado Coraz\u00f3n de Jes\u00fas, sor Eufrosina era la mayor. Sus obligaciones consist\u00edan en llevar parte de la correspondencia del Papa y en traducir sus textos al franc\u00e9s e italiano. Los pasaba primero a m\u00e1quina y luego en el ordenador. En los archivos del Centro de Documentaci\u00f3n y Estudios del Pontificado de Juan Pablo II, en Roma, se pueden ver las huellas de su trabajo. Entre las hojas de los libros, utilizados por el Papa, se han encontrado peque\u00f1as notas del Pont\u00edfice en las que ped\u00eda a sor Eufrosina que le tradujera o resumiera algunos textos o le agradec\u00eda el trabajo ya hecho. Juan Pablo II confiaba mucho en ella y tambi\u00e9n disfrutaba de su sentido de humor y de los giros t\u00edpicos de los monta\u00f1eses del sur de Polonia.<\/p>\n<p><img loading=\"lazy\" decoding=\"async\" width=\"640\" height=\"391\" class=\"wp-image-1224 alignleft\" src=\"http:\/\/jp2doc.pl\/es\/wp-content\/uploads\/sites\/4\/2017\/08\/siostry-sercanki-z-Janem-Paw\u0142em-II_Watykan-640x391.jpg\" alt=\"\" srcset=\"https:\/\/jp2doc.pl\/es\/wp-content\/uploads\/sites\/4\/2017\/08\/siostry-sercanki-z-Janem-Paw\u0142em-II_Watykan-640x391.jpg 640w, https:\/\/jp2doc.pl\/es\/wp-content\/uploads\/sites\/4\/2017\/08\/siostry-sercanki-z-Janem-Paw\u0142em-II_Watykan-768x469.jpg 768w, https:\/\/jp2doc.pl\/es\/wp-content\/uploads\/sites\/4\/2017\/08\/siostry-sercanki-z-Janem-Paw\u0142em-II_Watykan.jpg 956w\" sizes=\"auto, (max-width: 640px) 100vw, 640px\" \/><\/p>\n<h3>Ambiente de hogar familiar<\/h3>\n<p>Las Siervas del Sagrado Coraz\u00f3n de Jes\u00fas sirvieron al Santo Padre durante todo su pontificado pero poco sabemos acerca de su labor. Evitaban, generalmente, hacer declaraciones p\u00fablicas sobre su trabajo junto al Papa, en el Palacio Apost\u00f3lico. A pesar de las expectativas y ruegos para que escribieran sus memorias, las hermanas se mantienen firmes. \u201cAs\u00ed lo hemos decidido y as\u00ed ha de permanecer para siempre\u201d dec\u00eda sor Eufrosina.<\/p>\n<p>No queda, pues, otra cosa que respetar esta decisi\u00f3n de guardar discreci\u00f3n. En la \u00e9poca de la apoteosis de una curiosidad desenfrenada, la discreci\u00f3n de las hermanas religiosas cobra un valor especial. Lo m\u00e1s importante es lo que se puede entender de las palabras del cardenal Estanislao Dziwisz y del arzobispo Mieczys\u0142aw Mokrzycki, en el sentido, en que las hermanas Siervas del Sagrado Coraz\u00f3n de Jes\u00fas creaban, en los apartamentos papales, un ambiente de un verdadero hogar c\u00e1lido, lleno de amistad y alegr\u00eda. Vivieron, junto al Santo Padre, los momentos tanto bellos como dif\u00edciles de su pontificado y luego, la enfermedad y el paso hacia la eternidad. Las religiosas han permanecido testigos callados de la santidad del Papa, su entrega y servicio a la Iglesia y al mundo.<\/p>\n<h3>Angel de bondad<\/h3>\n<p>A su regreso a Polonia, en 2005, sor Eufrosina continu\u00f3 trabajando, esta vez, de secretaria del cardenal Estanislao Dziwisz, en Cracovia. En la primavera de 2014, debido a su delicado estado de salud, se traslad\u00f3 al convento de las Hermanas Siervas del Sagrado Coraz\u00f3n de Jes\u00fas, en la misma ciudad.<\/p>\n<p>Han sido precisamente los encuentros en la Casa Madre de nuestra Congregaci\u00f3n, en Cracovia, que m\u00e1s recuerdos me traen de sor Eufrosina. Hacia el final de su vida, se la ve\u00eda muy feliz, alegre, llena de oraci\u00f3n y extremadamente servicial. La vi, por \u00faltima vez, hace dos semanas. Vino a la enfermer\u00eda a visitar a la hermana Katarzyna St\u0119pie\u0144 que sufre par\u00e1lisis y, que durante varios a\u00f1os hab\u00eda trabajado en el Centro de Estudios del Pontificado en Roma. Me enter\u00e9 de que sor Eufrosina, como un buen \u00e1ngel, hac\u00eda compa\u00f1\u00eda a la enferma.<\/p>\n<p>La espiritualidad de nuestra Congregaci\u00f3n molde\u00f3 el coraz\u00f3n de sor Eufrosina, al servicio del Coraz\u00f3n de Jes\u00fas. Es indudable que la actitud de Juan Pablo II hab\u00eda ejercido sobre ella una gran influencia porque \u00c9l no s\u00f3lo ense\u00f1aba sobre el amor de Dios, sino que lo viv\u00eda a diario. \u201cExperimentamos una especie de impulso &#8211; dijo el Papa en el parque de B\u0142onie de Cracovia, en 2002 &#8211; para que al aprovechar el don del amor misericordioso de Dios, nosotros mismos, d\u00eda tras d\u00eda, entreguemos nuestra vida, al practicar la misericordia para con nuestros hermanos\u201d. Sor Eufrosina regal\u00f3 su vida a un amor callado y humilde que se abrasa en el servicio cotidiano a Dios y a los hombres. Se fue con el Se\u00f1or el 14 de agosto de 2017.<\/p>\n<p>Confiamos en que Cristo Resucitado la introduzca en su reino donde lo \u00fanico que cuenta es el capital del coraz\u00f3n, desinteresadamente ofrecido al servicio del pr\u00f3jimo.<\/p>\n<p style=\"text-align: right;\">s. Remigia Sawicka<\/p>\n","protected":false},"excerpt":{"rendered":"<p>Ha fallecido sor Eufrosina Rumian<\/p>\n","protected":false},"author":6,"featured_media":1225,"comment_status":"open","ping_status":"open","sticky":false,"template":"","format":"standard","meta":{"_acf_changed":false,"_exactmetrics_skip_tracking":false,"_exactmetrics_sitenote_active":false,"_exactmetrics_sitenote_note":"","_exactmetrics_sitenote_category":0,"footnotes":""},"categories":[2,13,14],"tags":[28,21],"class_list":["post-1223","post","type-post","status-publish","format-standard","has-post-thumbnail","hentry","category-articulos","category-strona-glowna-najnowsze","category-strona-glowna-slider","tag-eufrozyna","tag-juan-pablo-ii"],"acf":[],"yoast_head":"<!-- This site is optimized with the Yoast SEO plugin v26.2 - https:\/\/yoast.com\/wordpress\/plugins\/seo\/ -->\n<title>La Secretaria del Papa - Centro de Documentaci\u00f3n y Estudios del Pontificado de Juan Pablo II en Roma<\/title>\n<meta name=\"robots\" content=\"index, follow, max-snippet:-1, max-image-preview:large, max-video-preview:-1\" \/>\n<link rel=\"canonical\" href=\"https:\/\/jp2doc.pl\/es\/2017\/08\/18\/la-secretaria-del-papa\/\" \/>\n<meta property=\"og:locale\" content=\"es_ES\" \/>\n<meta property=\"og:type\" content=\"article\" \/>\n<meta property=\"og:title\" content=\"La Secretaria del Papa - Centro de Documentaci\u00f3n y Estudios del Pontificado de Juan Pablo II en Roma\" \/>\n<meta property=\"og:description\" content=\"Ha fallecido sor Eufrosina Rumian\" \/>\n<meta property=\"og:url\" content=\"https:\/\/jp2doc.pl\/es\/2017\/08\/18\/la-secretaria-del-papa\/\" \/>\n<meta property=\"og:site_name\" content=\"Centro de Documentaci\u00f3n y Estudios del Pontificado de Juan Pablo II en Roma\" \/>\n<meta property=\"article:published_time\" content=\"2017-08-18T21:28:15+00:00\" \/>\n<meta property=\"og:image\" content=\"https:\/\/jp2doc.pl\/es\/wp-content\/uploads\/sites\/4\/2017\/08\/s.-Eufrozyna_1-strona..jpg\" \/>\n\t<meta property=\"og:image:width\" content=\"1318\" \/>\n\t<meta property=\"og:image:height\" content=\"889\" \/>\n\t<meta property=\"og:image:type\" content=\"image\/jpeg\" \/>\n<meta name=\"author\" content=\"adobrzynski\" \/>\n<meta name=\"twitter:card\" content=\"summary_large_image\" \/>\n<meta name=\"twitter:label1\" content=\"Escrito por\" \/>\n\t<meta name=\"twitter:data1\" content=\"adobrzynski\" \/>\n\t<meta name=\"twitter:label2\" content=\"Tiempo de lectura\" \/>\n\t<meta name=\"twitter:data2\" content=\"6 minutos\" \/>\n<script type=\"application\/ld+json\" class=\"yoast-schema-graph\">{\"@context\":\"https:\/\/schema.org\",\"@graph\":[{\"@type\":\"Article\",\"@id\":\"https:\/\/jp2doc.pl\/es\/2017\/08\/18\/la-secretaria-del-papa\/#article\",\"isPartOf\":{\"@id\":\"https:\/\/jp2doc.pl\/es\/2017\/08\/18\/la-secretaria-del-papa\/\"},\"author\":{\"name\":\"adobrzynski\",\"@id\":\"https:\/\/jp2doc.pl\/es\/#\/schema\/person\/f1a6804b6b9f176835bf67cba35c4212\"},\"headline\":\"La Secretaria del Papa\",\"datePublished\":\"2017-08-18T21:28:15+00:00\",\"mainEntityOfPage\":{\"@id\":\"https:\/\/jp2doc.pl\/es\/2017\/08\/18\/la-secretaria-del-papa\/\"},\"wordCount\":1161,\"commentCount\":0,\"publisher\":{\"@id\":\"https:\/\/jp2doc.pl\/es\/#organization\"},\"image\":{\"@id\":\"https:\/\/jp2doc.pl\/es\/2017\/08\/18\/la-secretaria-del-papa\/#primaryimage\"},\"thumbnailUrl\":\"https:\/\/jp2doc.pl\/es\/wp-content\/uploads\/sites\/4\/2017\/08\/s.-Eufrozyna_1-strona..jpg\",\"keywords\":[\"Eufrozyna\",\"Juan Pablo II\"],\"articleSection\":[\"Art\u00edculos\",\"Strona g\u0142\u00f3wna - najnowsze\",\"Strona g\u0142\u00f3wna - slider\"],\"inLanguage\":\"es\",\"potentialAction\":[{\"@type\":\"CommentAction\",\"name\":\"Comment\",\"target\":[\"https:\/\/jp2doc.pl\/es\/2017\/08\/18\/la-secretaria-del-papa\/#respond\"]}]},{\"@type\":\"WebPage\",\"@id\":\"https:\/\/jp2doc.pl\/es\/2017\/08\/18\/la-secretaria-del-papa\/\",\"url\":\"https:\/\/jp2doc.pl\/es\/2017\/08\/18\/la-secretaria-del-papa\/\",\"name\":\"La Secretaria del Papa - Centro de Documentaci\u00f3n y Estudios del Pontificado de Juan Pablo II en Roma\",\"isPartOf\":{\"@id\":\"https:\/\/jp2doc.pl\/es\/#website\"},\"primaryImageOfPage\":{\"@id\":\"https:\/\/jp2doc.pl\/es\/2017\/08\/18\/la-secretaria-del-papa\/#primaryimage\"},\"image\":{\"@id\":\"https:\/\/jp2doc.pl\/es\/2017\/08\/18\/la-secretaria-del-papa\/#primaryimage\"},\"thumbnailUrl\":\"https:\/\/jp2doc.pl\/es\/wp-content\/uploads\/sites\/4\/2017\/08\/s.-Eufrozyna_1-strona..jpg\",\"datePublished\":\"2017-08-18T21:28:15+00:00\",\"breadcrumb\":{\"@id\":\"https:\/\/jp2doc.pl\/es\/2017\/08\/18\/la-secretaria-del-papa\/#breadcrumb\"},\"inLanguage\":\"es\",\"potentialAction\":[{\"@type\":\"ReadAction\",\"target\":[\"https:\/\/jp2doc.pl\/es\/2017\/08\/18\/la-secretaria-del-papa\/\"]}]},{\"@type\":\"ImageObject\",\"inLanguage\":\"es\",\"@id\":\"https:\/\/jp2doc.pl\/es\/2017\/08\/18\/la-secretaria-del-papa\/#primaryimage\",\"url\":\"https:\/\/jp2doc.pl\/es\/wp-content\/uploads\/sites\/4\/2017\/08\/s.-Eufrozyna_1-strona..jpg\",\"contentUrl\":\"https:\/\/jp2doc.pl\/es\/wp-content\/uploads\/sites\/4\/2017\/08\/s.-Eufrozyna_1-strona..jpg\",\"width\":1318,\"height\":889},{\"@type\":\"BreadcrumbList\",\"@id\":\"https:\/\/jp2doc.pl\/es\/2017\/08\/18\/la-secretaria-del-papa\/#breadcrumb\",\"itemListElement\":[{\"@type\":\"ListItem\",\"position\":1,\"name\":\"Home\",\"item\":\"https:\/\/jp2doc.pl\/es\/\"},{\"@type\":\"ListItem\",\"position\":2,\"name\":\"La Secretaria del Papa\"}]},{\"@type\":\"WebSite\",\"@id\":\"https:\/\/jp2doc.pl\/es\/#website\",\"url\":\"https:\/\/jp2doc.pl\/es\/\",\"name\":\"Centro de Documentaci\u00f3n y Estudios del Pontificado de Juan Pablo II en Roma\",\"description\":\"\",\"publisher\":{\"@id\":\"https:\/\/jp2doc.pl\/es\/#organization\"},\"potentialAction\":[{\"@type\":\"SearchAction\",\"target\":{\"@type\":\"EntryPoint\",\"urlTemplate\":\"https:\/\/jp2doc.pl\/es\/?s={search_term_string}\"},\"query-input\":{\"@type\":\"PropertyValueSpecification\",\"valueRequired\":true,\"valueName\":\"search_term_string\"}}],\"inLanguage\":\"es\"},{\"@type\":\"Organization\",\"@id\":\"https:\/\/jp2doc.pl\/es\/#organization\",\"name\":\"Centro de Documentaci\u00f3n y Estudios del Pontificado de Juan Pablo II en Roma\",\"url\":\"https:\/\/jp2doc.pl\/es\/\",\"logo\":{\"@type\":\"ImageObject\",\"inLanguage\":\"es\",\"@id\":\"https:\/\/jp2doc.pl\/es\/#\/schema\/logo\/image\/\",\"url\":\"https:\/\/jp2doc.pl\/es\/wp-content\/uploads\/sites\/4\/2017\/03\/cropped-logo.png\",\"contentUrl\":\"https:\/\/jp2doc.pl\/es\/wp-content\/uploads\/sites\/4\/2017\/03\/cropped-logo.png\",\"width\":115,\"height\":115,\"caption\":\"Centro de Documentaci\u00f3n y Estudios del Pontificado de Juan Pablo II en Roma\"},\"image\":{\"@id\":\"https:\/\/jp2doc.pl\/es\/#\/schema\/logo\/image\/\"}},{\"@type\":\"Person\",\"@id\":\"https:\/\/jp2doc.pl\/es\/#\/schema\/person\/f1a6804b6b9f176835bf67cba35c4212\",\"name\":\"adobrzynski\",\"image\":{\"@type\":\"ImageObject\",\"inLanguage\":\"es\",\"@id\":\"https:\/\/jp2doc.pl\/es\/#\/schema\/person\/image\/\",\"url\":\"https:\/\/secure.gravatar.com\/avatar\/6e7eb2a67f64535320a8aa3d72bc5f83c9e81f3ad1797c6abee2e7c78ed2252a?s=96&d=mm&r=g\",\"contentUrl\":\"https:\/\/secure.gravatar.com\/avatar\/6e7eb2a67f64535320a8aa3d72bc5f83c9e81f3ad1797c6abee2e7c78ed2252a?s=96&d=mm&r=g\",\"caption\":\"adobrzynski\"},\"url\":\"https:\/\/jp2doc.pl\/es\/author\/adobrzynski\/\"}]}<\/script>\n<!-- \/ Yoast SEO plugin. -->","yoast_head_json":{"title":"La Secretaria del Papa - Centro de Documentaci\u00f3n y Estudios del Pontificado de Juan Pablo II en Roma","robots":{"index":"index","follow":"follow","max-snippet":"max-snippet:-1","max-image-preview":"max-image-preview:large","max-video-preview":"max-video-preview:-1"},"canonical":"https:\/\/jp2doc.pl\/es\/2017\/08\/18\/la-secretaria-del-papa\/","og_locale":"es_ES","og_type":"article","og_title":"La Secretaria del Papa - Centro de Documentaci\u00f3n y Estudios del Pontificado de Juan Pablo II en Roma","og_description":"Ha fallecido sor Eufrosina Rumian","og_url":"https:\/\/jp2doc.pl\/es\/2017\/08\/18\/la-secretaria-del-papa\/","og_site_name":"Centro de Documentaci\u00f3n y Estudios del Pontificado de Juan Pablo II en Roma","article_published_time":"2017-08-18T21:28:15+00:00","og_image":[{"width":1318,"height":889,"url":"https:\/\/jp2doc.pl\/es\/wp-content\/uploads\/sites\/4\/2017\/08\/s.-Eufrozyna_1-strona..jpg","type":"image\/jpeg"}],"author":"adobrzynski","twitter_card":"summary_large_image","twitter_misc":{"Escrito por":"adobrzynski","Tiempo de lectura":"6 minutos"},"schema":{"@context":"https:\/\/schema.org","@graph":[{"@type":"Article","@id":"https:\/\/jp2doc.pl\/es\/2017\/08\/18\/la-secretaria-del-papa\/#article","isPartOf":{"@id":"https:\/\/jp2doc.pl\/es\/2017\/08\/18\/la-secretaria-del-papa\/"},"author":{"name":"adobrzynski","@id":"https:\/\/jp2doc.pl\/es\/#\/schema\/person\/f1a6804b6b9f176835bf67cba35c4212"},"headline":"La Secretaria del Papa","datePublished":"2017-08-18T21:28:15+00:00","mainEntityOfPage":{"@id":"https:\/\/jp2doc.pl\/es\/2017\/08\/18\/la-secretaria-del-papa\/"},"wordCount":1161,"commentCount":0,"publisher":{"@id":"https:\/\/jp2doc.pl\/es\/#organization"},"image":{"@id":"https:\/\/jp2doc.pl\/es\/2017\/08\/18\/la-secretaria-del-papa\/#primaryimage"},"thumbnailUrl":"https:\/\/jp2doc.pl\/es\/wp-content\/uploads\/sites\/4\/2017\/08\/s.-Eufrozyna_1-strona..jpg","keywords":["Eufrozyna","Juan Pablo II"],"articleSection":["Art\u00edculos","Strona g\u0142\u00f3wna - najnowsze","Strona g\u0142\u00f3wna - slider"],"inLanguage":"es","potentialAction":[{"@type":"CommentAction","name":"Comment","target":["https:\/\/jp2doc.pl\/es\/2017\/08\/18\/la-secretaria-del-papa\/#respond"]}]},{"@type":"WebPage","@id":"https:\/\/jp2doc.pl\/es\/2017\/08\/18\/la-secretaria-del-papa\/","url":"https:\/\/jp2doc.pl\/es\/2017\/08\/18\/la-secretaria-del-papa\/","name":"La Secretaria del Papa - Centro de Documentaci\u00f3n y Estudios del Pontificado de Juan Pablo II en Roma","isPartOf":{"@id":"https:\/\/jp2doc.pl\/es\/#website"},"primaryImageOfPage":{"@id":"https:\/\/jp2doc.pl\/es\/2017\/08\/18\/la-secretaria-del-papa\/#primaryimage"},"image":{"@id":"https:\/\/jp2doc.pl\/es\/2017\/08\/18\/la-secretaria-del-papa\/#primaryimage"},"thumbnailUrl":"https:\/\/jp2doc.pl\/es\/wp-content\/uploads\/sites\/4\/2017\/08\/s.-Eufrozyna_1-strona..jpg","datePublished":"2017-08-18T21:28:15+00:00","breadcrumb":{"@id":"https:\/\/jp2doc.pl\/es\/2017\/08\/18\/la-secretaria-del-papa\/#breadcrumb"},"inLanguage":"es","potentialAction":[{"@type":"ReadAction","target":["https:\/\/jp2doc.pl\/es\/2017\/08\/18\/la-secretaria-del-papa\/"]}]},{"@type":"ImageObject","inLanguage":"es","@id":"https:\/\/jp2doc.pl\/es\/2017\/08\/18\/la-secretaria-del-papa\/#primaryimage","url":"https:\/\/jp2doc.pl\/es\/wp-content\/uploads\/sites\/4\/2017\/08\/s.-Eufrozyna_1-strona..jpg","contentUrl":"https:\/\/jp2doc.pl\/es\/wp-content\/uploads\/sites\/4\/2017\/08\/s.-Eufrozyna_1-strona..jpg","width":1318,"height":889},{"@type":"BreadcrumbList","@id":"https:\/\/jp2doc.pl\/es\/2017\/08\/18\/la-secretaria-del-papa\/#breadcrumb","itemListElement":[{"@type":"ListItem","position":1,"name":"Home","item":"https:\/\/jp2doc.pl\/es\/"},{"@type":"ListItem","position":2,"name":"La Secretaria del Papa"}]},{"@type":"WebSite","@id":"https:\/\/jp2doc.pl\/es\/#website","url":"https:\/\/jp2doc.pl\/es\/","name":"Centro de Documentaci\u00f3n y Estudios del Pontificado de Juan Pablo II en Roma","description":"","publisher":{"@id":"https:\/\/jp2doc.pl\/es\/#organization"},"potentialAction":[{"@type":"SearchAction","target":{"@type":"EntryPoint","urlTemplate":"https:\/\/jp2doc.pl\/es\/?s={search_term_string}"},"query-input":{"@type":"PropertyValueSpecification","valueRequired":true,"valueName":"search_term_string"}}],"inLanguage":"es"},{"@type":"Organization","@id":"https:\/\/jp2doc.pl\/es\/#organization","name":"Centro de Documentaci\u00f3n y Estudios del Pontificado de Juan Pablo II en Roma","url":"https:\/\/jp2doc.pl\/es\/","logo":{"@type":"ImageObject","inLanguage":"es","@id":"https:\/\/jp2doc.pl\/es\/#\/schema\/logo\/image\/","url":"https:\/\/jp2doc.pl\/es\/wp-content\/uploads\/sites\/4\/2017\/03\/cropped-logo.png","contentUrl":"https:\/\/jp2doc.pl\/es\/wp-content\/uploads\/sites\/4\/2017\/03\/cropped-logo.png","width":115,"height":115,"caption":"Centro de Documentaci\u00f3n y Estudios del Pontificado de Juan Pablo II en Roma"},"image":{"@id":"https:\/\/jp2doc.pl\/es\/#\/schema\/logo\/image\/"}},{"@type":"Person","@id":"https:\/\/jp2doc.pl\/es\/#\/schema\/person\/f1a6804b6b9f176835bf67cba35c4212","name":"adobrzynski","image":{"@type":"ImageObject","inLanguage":"es","@id":"https:\/\/jp2doc.pl\/es\/#\/schema\/person\/image\/","url":"https:\/\/secure.gravatar.com\/avatar\/6e7eb2a67f64535320a8aa3d72bc5f83c9e81f3ad1797c6abee2e7c78ed2252a?s=96&d=mm&r=g","contentUrl":"https:\/\/secure.gravatar.com\/avatar\/6e7eb2a67f64535320a8aa3d72bc5f83c9e81f3ad1797c6abee2e7c78ed2252a?s=96&d=mm&r=g","caption":"adobrzynski"},"url":"https:\/\/jp2doc.pl\/es\/author\/adobrzynski\/"}]}},"_links":{"self":[{"href":"https:\/\/jp2doc.pl\/es\/wp-json\/wp\/v2\/posts\/1223","targetHints":{"allow":["GET"]}}],"collection":[{"href":"https:\/\/jp2doc.pl\/es\/wp-json\/wp\/v2\/posts"}],"about":[{"href":"https:\/\/jp2doc.pl\/es\/wp-json\/wp\/v2\/types\/post"}],"author":[{"embeddable":true,"href":"https:\/\/jp2doc.pl\/es\/wp-json\/wp\/v2\/users\/6"}],"replies":[{"embeddable":true,"href":"https:\/\/jp2doc.pl\/es\/wp-json\/wp\/v2\/comments?post=1223"}],"version-history":[{"count":1,"href":"https:\/\/jp2doc.pl\/es\/wp-json\/wp\/v2\/posts\/1223\/revisions"}],"predecessor-version":[{"id":1226,"href":"https:\/\/jp2doc.pl\/es\/wp-json\/wp\/v2\/posts\/1223\/revisions\/1226"}],"wp:featuredmedia":[{"embeddable":true,"href":"https:\/\/jp2doc.pl\/es\/wp-json\/wp\/v2\/media\/1225"}],"wp:attachment":[{"href":"https:\/\/jp2doc.pl\/es\/wp-json\/wp\/v2\/media?parent=1223"}],"wp:term":[{"taxonomy":"category","embeddable":true,"href":"https:\/\/jp2doc.pl\/es\/wp-json\/wp\/v2\/categories?post=1223"},{"taxonomy":"post_tag","embeddable":true,"href":"https:\/\/jp2doc.pl\/es\/wp-json\/wp\/v2\/tags?post=1223"}],"curies":[{"name":"wp","href":"https:\/\/api.w.org\/{rel}","templated":true}]}}