{"id":1253,"date":"2017-10-25T09:43:38","date_gmt":"2017-10-25T07:43:38","guid":{"rendered":"http:\/\/jp2doc.pl\/es\/?p=1253"},"modified":"2017-10-25T09:44:38","modified_gmt":"2017-10-25T07:44:38","slug":"juan-pablo-ii-y-la-libertad","status":"publish","type":"post","link":"https:\/\/jp2doc.pl\/es\/2017\/10\/25\/juan-pablo-ii-y-la-libertad\/","title":{"rendered":"Juan Pablo II y la Libertad"},"content":{"rendered":"<p>El pasado 5 de octubre, en Madrid tuvo lugar el estreno de un documental, titulado \u201cLiberando un Continente. Juan Pablo II y la Revoluci\u00f3n de la Libertad\u201d (t\u00edtulo original \u201cLiberating a Continent. John Paul II and the Fall of Communism\u201d). El autor del gui\u00f3n y, a la vez, director de la pel\u00edcula, David Naglieri, centra su atenci\u00f3n en la figura del Papa polaco, impulsor espiritual de las extraordinarias transformaciones operadas en las conciencias de las sociedades de la \u00f3rbita sovi\u00e9tica, con el fin de combatir los reg\u00edmenes opresores por medio de la fe y la oraci\u00f3n, rechazando siempre la violencia f\u00edsica.<\/p>\n<h5><strong>M\u00e1s que una cr\u00f3nica<\/strong><\/h5>\n<p>La cinta no es una cr\u00f3nica del Papado de aquella \u00e9poca, sino una reflexi\u00f3n sobre la influencia de la profunda religiosidad de Juan Pablo II sobre los pa\u00edses del entorno geogr\u00e1fico de Polonia. Tal vez, el hecho de ser eslavo y haber soportado, desde muy pronto, tanto durante su juventud como en la segunda guerra mundial y la posterior \u00e9poca comunista, sufrimientos compartidos por miles de personas, facilitaron que muchas se identificaran con \u00e9l. Y fueron muchos los que le convirtieron en un referente a seguir en la vida diaria y en las acciones pol\u00edticas para abolir el denostado r\u00e9gimen opresor.<br \/>\nDe este modo el concepto de la \u201clibertad\u201d para la que est\u00e1 hecho el ser humano, empez\u00f3 a cobrar una dimensi\u00f3n nueva, reforzada por los conceptos de la dignidad humana y del valor incalculable de la verdad. La pel\u00edcula recuerda, con raz\u00f3n, el sobrecogedor impacto que tuvieron aquellas palabras proclamadas por Juan Pablo II, despu\u00e9s de ser elegido Papa, durante su primer viaje a Polonia, en junio de 1979, en la Plaza de la Victoria, de Varsovia: \u201c!Qu\u00e9 descienda tu Esp\u00edritu y renueve la faz de la tierra. De esta tierra!\u201d. La inflexi\u00f3n de la voz de Papa al pronunciar estas tres \u00faltimas palabras las convirti\u00f3 en en s\u00edmbolo del mensaje pol\u00edtico en clave.<\/p>\n<h5><strong>Reflejo de la personalidad del Papa<\/strong><\/h5>\n<p>La pel\u00edcula tampoco es una historia detallada de la Polonia de aquellos a\u00f1os; simplemente empieza con una alusi\u00f3n a la revoluci\u00f3n de Rusia de 1917, apunta algunos datos biogr\u00e1ficos del Papa, los avatares de la segunda guerra mundial y la etapa posterior para centrarse en los a\u00f1os 1979 \u2013 1989. Refleja, gracias a impactantes im\u00e1genes de archivo, la secuencia cronol\u00f3gica de la lucha de \u201cSolidaridad\u201d y su influencia contagiosa a los dem\u00e1s pa\u00edses de la zona.<br \/>\nMuestra a un Papa, a veces alegre, en otros momentos, preocupado o incluso molesto, o enfadado cuando ve\u00eda que los valores consumistas iban sustituyendo a los espirituales. Incluye entrevistas con los colaboradores m\u00e1s directos de Juan Pablo II, como el recientemente fallecido Joaqu\u00edn Navarro Valls o su secretario personal, el cardenal Stanis\u0142aw Dziwisz, al igual que testimonios de analistas del Papado y personas que conoc\u00edan bien al Pont\u00edfice (su bi\u00f3grafo George Weigel, el historiador Norman Davis etc.) El propio productor ejecutivo del documental, Carl Anderson, Caballero Supremo de Los Caballeros de Col\u00f3n, hab\u00eda sido colaborador de San Juan Pablo II desde principios de los a\u00f1os ochenta.<br \/>\nLa pel\u00edcula, ganadora de dos Premios Emmy, exhibe un buen ritmo; en 90 minutos simultanea los acontecimientos de Polonia con el papel y el apoyo de varios pol\u00edticos coet\u00e1neos, como Ronald Reagan o Margaret Thatcher y evidencia el progresivo desmoronamiento del antiguo bloque sovi\u00e9tico.<\/p>\n<h5><strong>Una pel\u00edcula que hace reflexionar<\/strong><\/h5>\n<p>No oculta los hechos dram\u00e1ticos de aquellos a\u00f1os, como el asesinato del capell\u00e1n de Solidaridad, el beato Jerzy Popie\u0142uszko, a manos de los esbirros del r\u00e9gimen. El sacerdote, fiel seguidor del pensamiento de Juan Pablo II, protector de los trabajadores y sus derechos, de la dignidad de los obreros, al trasluz del Evangelio, sabiendo que se expon\u00eda a la muerte, hac\u00eda un llamamiento a sus seguidores predicando: \u201cVence el mal con el bien\u201d.<br \/>\nPor eso, el mensaje de la pel\u00edcula, f\u00e1cilmente comprensible incluso para el p\u00fablico no polaco, va m\u00e1s all\u00e1 del tiempo pasado; hace reflexionar al espectador que los valores, tan defendidos, por San Juan Pablo II, como la libertad, la dignidad de la persona y la verdad siguen vigentes y han de guiar a las generaciones venideras que ya no han conocido a ese gran defensor de los derechos humanos y de la paz en el mundo.<\/p>\n<p><strong>El\u017cbieta Teresa Swi\u0119cka<\/strong>, Madrid<\/p>\n","protected":false},"excerpt":{"rendered":"<p>Rese\u00f1a de la pel\u00edcula<\/p>\n","protected":false},"author":5,"featured_media":1254,"comment_status":"open","ping_status":"open","sticky":false,"template":"","format":"standard","meta":{"_acf_changed":false,"_exactmetrics_skip_tracking":false,"_exactmetrics_sitenote_active":false,"_exactmetrics_sitenote_note":"","_exactmetrics_sitenote_category":0,"footnotes":""},"categories":[2,13,14],"tags":[40,21,39,41,42,38],"class_list":["post-1253","post","type-post","status-publish","format-standard","has-post-thumbnail","hentry","category-articulos","category-strona-glowna-najnowsze","category-strona-glowna-slider","tag-david-naglieri","tag-juan-pablo-ii","tag-libertad","tag-polonia","tag-premios-emmy","tag-revolucion"],"acf":[],"yoast_head":"<!-- This site is optimized with the Yoast SEO plugin v26.2 - https:\/\/yoast.com\/wordpress\/plugins\/seo\/ -->\n<title>Juan Pablo II y la Libertad - Centro de Documentaci\u00f3n y Estudios del Pontificado de Juan Pablo II en Roma<\/title>\n<meta name=\"robots\" content=\"index, follow, max-snippet:-1, max-image-preview:large, max-video-preview:-1\" \/>\n<link rel=\"canonical\" href=\"https:\/\/jp2doc.pl\/es\/2017\/10\/25\/juan-pablo-ii-y-la-libertad\/\" \/>\n<meta property=\"og:locale\" content=\"es_ES\" \/>\n<meta property=\"og:type\" content=\"article\" \/>\n<meta property=\"og:title\" content=\"Juan Pablo II y la Libertad - Centro de Documentaci\u00f3n y Estudios del Pontificado de Juan Pablo II en Roma\" \/>\n<meta property=\"og:description\" content=\"Rese\u00f1a de la pel\u00edcula\" \/>\n<meta property=\"og:url\" content=\"https:\/\/jp2doc.pl\/es\/2017\/10\/25\/juan-pablo-ii-y-la-libertad\/\" \/>\n<meta property=\"og:site_name\" content=\"Centro de Documentaci\u00f3n y Estudios del Pontificado de Juan Pablo II en Roma\" \/>\n<meta property=\"article:published_time\" content=\"2017-10-25T07:43:38+00:00\" \/>\n<meta property=\"article:modified_time\" content=\"2017-10-25T07:44:38+00:00\" \/>\n<meta property=\"og:image\" content=\"https:\/\/jp2doc.pl\/es\/wp-content\/uploads\/sites\/4\/2017\/10\/jp2-e1508917248543.jpg\" \/>\n\t<meta property=\"og:image:width\" content=\"2707\" \/>\n\t<meta property=\"og:image:height\" content=\"1490\" \/>\n\t<meta property=\"og:image:type\" content=\"image\/jpeg\" \/>\n<meta name=\"author\" content=\"juliasercanka\" \/>\n<meta name=\"twitter:card\" content=\"summary_large_image\" \/>\n<meta name=\"twitter:label1\" content=\"Escrito por\" \/>\n\t<meta name=\"twitter:data1\" content=\"juliasercanka\" \/>\n\t<meta name=\"twitter:label2\" content=\"Tiempo de lectura\" \/>\n\t<meta name=\"twitter:data2\" content=\"4 minutos\" \/>\n<script type=\"application\/ld+json\" class=\"yoast-schema-graph\">{\"@context\":\"https:\/\/schema.org\",\"@graph\":[{\"@type\":\"Article\",\"@id\":\"https:\/\/jp2doc.pl\/es\/2017\/10\/25\/juan-pablo-ii-y-la-libertad\/#article\",\"isPartOf\":{\"@id\":\"https:\/\/jp2doc.pl\/es\/2017\/10\/25\/juan-pablo-ii-y-la-libertad\/\"},\"author\":{\"name\":\"juliasercanka\",\"@id\":\"https:\/\/jp2doc.pl\/es\/#\/schema\/person\/6110109e80abb51f6fac4824777eabfe\"},\"headline\":\"Juan Pablo II y la Libertad\",\"datePublished\":\"2017-10-25T07:43:38+00:00\",\"dateModified\":\"2017-10-25T07:44:38+00:00\",\"mainEntityOfPage\":{\"@id\":\"https:\/\/jp2doc.pl\/es\/2017\/10\/25\/juan-pablo-ii-y-la-libertad\/\"},\"wordCount\":772,\"commentCount\":0,\"publisher\":{\"@id\":\"https:\/\/jp2doc.pl\/es\/#organization\"},\"image\":{\"@id\":\"https:\/\/jp2doc.pl\/es\/2017\/10\/25\/juan-pablo-ii-y-la-libertad\/#primaryimage\"},\"thumbnailUrl\":\"https:\/\/jp2doc.pl\/es\/wp-content\/uploads\/sites\/4\/2017\/10\/jp2-e1508917248543.jpg\",\"keywords\":[\"David Naglieri\",\"Juan Pablo II\",\"libertad\",\"Polonia\",\"Premios Emmy\",\"revoluci\u00f3n\"],\"articleSection\":[\"Art\u00edculos\",\"Strona g\u0142\u00f3wna - najnowsze\",\"Strona g\u0142\u00f3wna - slider\"],\"inLanguage\":\"es\",\"potentialAction\":[{\"@type\":\"CommentAction\",\"name\":\"Comment\",\"target\":[\"https:\/\/jp2doc.pl\/es\/2017\/10\/25\/juan-pablo-ii-y-la-libertad\/#respond\"]}]},{\"@type\":\"WebPage\",\"@id\":\"https:\/\/jp2doc.pl\/es\/2017\/10\/25\/juan-pablo-ii-y-la-libertad\/\",\"url\":\"https:\/\/jp2doc.pl\/es\/2017\/10\/25\/juan-pablo-ii-y-la-libertad\/\",\"name\":\"Juan Pablo II y la Libertad - Centro de Documentaci\u00f3n y Estudios del Pontificado de Juan Pablo II en Roma\",\"isPartOf\":{\"@id\":\"https:\/\/jp2doc.pl\/es\/#website\"},\"primaryImageOfPage\":{\"@id\":\"https:\/\/jp2doc.pl\/es\/2017\/10\/25\/juan-pablo-ii-y-la-libertad\/#primaryimage\"},\"image\":{\"@id\":\"https:\/\/jp2doc.pl\/es\/2017\/10\/25\/juan-pablo-ii-y-la-libertad\/#primaryimage\"},\"thumbnailUrl\":\"https:\/\/jp2doc.pl\/es\/wp-content\/uploads\/sites\/4\/2017\/10\/jp2-e1508917248543.jpg\",\"datePublished\":\"2017-10-25T07:43:38+00:00\",\"dateModified\":\"2017-10-25T07:44:38+00:00\",\"breadcrumb\":{\"@id\":\"https:\/\/jp2doc.pl\/es\/2017\/10\/25\/juan-pablo-ii-y-la-libertad\/#breadcrumb\"},\"inLanguage\":\"es\",\"potentialAction\":[{\"@type\":\"ReadAction\",\"target\":[\"https:\/\/jp2doc.pl\/es\/2017\/10\/25\/juan-pablo-ii-y-la-libertad\/\"]}]},{\"@type\":\"ImageObject\",\"inLanguage\":\"es\",\"@id\":\"https:\/\/jp2doc.pl\/es\/2017\/10\/25\/juan-pablo-ii-y-la-libertad\/#primaryimage\",\"url\":\"https:\/\/jp2doc.pl\/es\/wp-content\/uploads\/sites\/4\/2017\/10\/jp2-e1508917248543.jpg\",\"contentUrl\":\"https:\/\/jp2doc.pl\/es\/wp-content\/uploads\/sites\/4\/2017\/10\/jp2-e1508917248543.jpg\",\"width\":2707,\"height\":1490},{\"@type\":\"BreadcrumbList\",\"@id\":\"https:\/\/jp2doc.pl\/es\/2017\/10\/25\/juan-pablo-ii-y-la-libertad\/#breadcrumb\",\"itemListElement\":[{\"@type\":\"ListItem\",\"position\":1,\"name\":\"Home\",\"item\":\"https:\/\/jp2doc.pl\/es\/\"},{\"@type\":\"ListItem\",\"position\":2,\"name\":\"Juan Pablo II y la Libertad\"}]},{\"@type\":\"WebSite\",\"@id\":\"https:\/\/jp2doc.pl\/es\/#website\",\"url\":\"https:\/\/jp2doc.pl\/es\/\",\"name\":\"Centro de Documentaci\u00f3n y Estudios del Pontificado de Juan Pablo II en Roma\",\"description\":\"\",\"publisher\":{\"@id\":\"https:\/\/jp2doc.pl\/es\/#organization\"},\"potentialAction\":[{\"@type\":\"SearchAction\",\"target\":{\"@type\":\"EntryPoint\",\"urlTemplate\":\"https:\/\/jp2doc.pl\/es\/?s={search_term_string}\"},\"query-input\":{\"@type\":\"PropertyValueSpecification\",\"valueRequired\":true,\"valueName\":\"search_term_string\"}}],\"inLanguage\":\"es\"},{\"@type\":\"Organization\",\"@id\":\"https:\/\/jp2doc.pl\/es\/#organization\",\"name\":\"Centro de Documentaci\u00f3n y Estudios del Pontificado de Juan Pablo II en Roma\",\"url\":\"https:\/\/jp2doc.pl\/es\/\",\"logo\":{\"@type\":\"ImageObject\",\"inLanguage\":\"es\",\"@id\":\"https:\/\/jp2doc.pl\/es\/#\/schema\/logo\/image\/\",\"url\":\"https:\/\/jp2doc.pl\/es\/wp-content\/uploads\/sites\/4\/2017\/03\/cropped-logo.png\",\"contentUrl\":\"https:\/\/jp2doc.pl\/es\/wp-content\/uploads\/sites\/4\/2017\/03\/cropped-logo.png\",\"width\":115,\"height\":115,\"caption\":\"Centro de Documentaci\u00f3n y Estudios del Pontificado de Juan Pablo II en Roma\"},\"image\":{\"@id\":\"https:\/\/jp2doc.pl\/es\/#\/schema\/logo\/image\/\"}},{\"@type\":\"Person\",\"@id\":\"https:\/\/jp2doc.pl\/es\/#\/schema\/person\/6110109e80abb51f6fac4824777eabfe\",\"name\":\"juliasercanka\",\"image\":{\"@type\":\"ImageObject\",\"inLanguage\":\"es\",\"@id\":\"https:\/\/jp2doc.pl\/es\/#\/schema\/person\/image\/\",\"url\":\"https:\/\/secure.gravatar.com\/avatar\/266a66e864556e22d55d61b6b10c97fab9060767b738564bcd109f3997e372bc?s=96&d=mm&r=g\",\"contentUrl\":\"https:\/\/secure.gravatar.com\/avatar\/266a66e864556e22d55d61b6b10c97fab9060767b738564bcd109f3997e372bc?s=96&d=mm&r=g\",\"caption\":\"juliasercanka\"},\"url\":\"https:\/\/jp2doc.pl\/es\/author\/juliasercanka\/\"}]}<\/script>\n<!-- \/ Yoast SEO plugin. -->","yoast_head_json":{"title":"Juan Pablo II y la Libertad - Centro de Documentaci\u00f3n y Estudios del Pontificado de Juan Pablo II en Roma","robots":{"index":"index","follow":"follow","max-snippet":"max-snippet:-1","max-image-preview":"max-image-preview:large","max-video-preview":"max-video-preview:-1"},"canonical":"https:\/\/jp2doc.pl\/es\/2017\/10\/25\/juan-pablo-ii-y-la-libertad\/","og_locale":"es_ES","og_type":"article","og_title":"Juan Pablo II y la Libertad - Centro de Documentaci\u00f3n y Estudios del Pontificado de Juan Pablo II en Roma","og_description":"Rese\u00f1a de la pel\u00edcula","og_url":"https:\/\/jp2doc.pl\/es\/2017\/10\/25\/juan-pablo-ii-y-la-libertad\/","og_site_name":"Centro de Documentaci\u00f3n y Estudios del Pontificado de Juan Pablo II en Roma","article_published_time":"2017-10-25T07:43:38+00:00","article_modified_time":"2017-10-25T07:44:38+00:00","og_image":[{"width":2707,"height":1490,"url":"https:\/\/jp2doc.pl\/es\/wp-content\/uploads\/sites\/4\/2017\/10\/jp2-e1508917248543.jpg","type":"image\/jpeg"}],"author":"juliasercanka","twitter_card":"summary_large_image","twitter_misc":{"Escrito por":"juliasercanka","Tiempo de lectura":"4 minutos"},"schema":{"@context":"https:\/\/schema.org","@graph":[{"@type":"Article","@id":"https:\/\/jp2doc.pl\/es\/2017\/10\/25\/juan-pablo-ii-y-la-libertad\/#article","isPartOf":{"@id":"https:\/\/jp2doc.pl\/es\/2017\/10\/25\/juan-pablo-ii-y-la-libertad\/"},"author":{"name":"juliasercanka","@id":"https:\/\/jp2doc.pl\/es\/#\/schema\/person\/6110109e80abb51f6fac4824777eabfe"},"headline":"Juan Pablo II y la Libertad","datePublished":"2017-10-25T07:43:38+00:00","dateModified":"2017-10-25T07:44:38+00:00","mainEntityOfPage":{"@id":"https:\/\/jp2doc.pl\/es\/2017\/10\/25\/juan-pablo-ii-y-la-libertad\/"},"wordCount":772,"commentCount":0,"publisher":{"@id":"https:\/\/jp2doc.pl\/es\/#organization"},"image":{"@id":"https:\/\/jp2doc.pl\/es\/2017\/10\/25\/juan-pablo-ii-y-la-libertad\/#primaryimage"},"thumbnailUrl":"https:\/\/jp2doc.pl\/es\/wp-content\/uploads\/sites\/4\/2017\/10\/jp2-e1508917248543.jpg","keywords":["David Naglieri","Juan Pablo II","libertad","Polonia","Premios Emmy","revoluci\u00f3n"],"articleSection":["Art\u00edculos","Strona g\u0142\u00f3wna - najnowsze","Strona g\u0142\u00f3wna - slider"],"inLanguage":"es","potentialAction":[{"@type":"CommentAction","name":"Comment","target":["https:\/\/jp2doc.pl\/es\/2017\/10\/25\/juan-pablo-ii-y-la-libertad\/#respond"]}]},{"@type":"WebPage","@id":"https:\/\/jp2doc.pl\/es\/2017\/10\/25\/juan-pablo-ii-y-la-libertad\/","url":"https:\/\/jp2doc.pl\/es\/2017\/10\/25\/juan-pablo-ii-y-la-libertad\/","name":"Juan Pablo II y la Libertad - Centro de Documentaci\u00f3n y Estudios del Pontificado de Juan Pablo II en Roma","isPartOf":{"@id":"https:\/\/jp2doc.pl\/es\/#website"},"primaryImageOfPage":{"@id":"https:\/\/jp2doc.pl\/es\/2017\/10\/25\/juan-pablo-ii-y-la-libertad\/#primaryimage"},"image":{"@id":"https:\/\/jp2doc.pl\/es\/2017\/10\/25\/juan-pablo-ii-y-la-libertad\/#primaryimage"},"thumbnailUrl":"https:\/\/jp2doc.pl\/es\/wp-content\/uploads\/sites\/4\/2017\/10\/jp2-e1508917248543.jpg","datePublished":"2017-10-25T07:43:38+00:00","dateModified":"2017-10-25T07:44:38+00:00","breadcrumb":{"@id":"https:\/\/jp2doc.pl\/es\/2017\/10\/25\/juan-pablo-ii-y-la-libertad\/#breadcrumb"},"inLanguage":"es","potentialAction":[{"@type":"ReadAction","target":["https:\/\/jp2doc.pl\/es\/2017\/10\/25\/juan-pablo-ii-y-la-libertad\/"]}]},{"@type":"ImageObject","inLanguage":"es","@id":"https:\/\/jp2doc.pl\/es\/2017\/10\/25\/juan-pablo-ii-y-la-libertad\/#primaryimage","url":"https:\/\/jp2doc.pl\/es\/wp-content\/uploads\/sites\/4\/2017\/10\/jp2-e1508917248543.jpg","contentUrl":"https:\/\/jp2doc.pl\/es\/wp-content\/uploads\/sites\/4\/2017\/10\/jp2-e1508917248543.jpg","width":2707,"height":1490},{"@type":"BreadcrumbList","@id":"https:\/\/jp2doc.pl\/es\/2017\/10\/25\/juan-pablo-ii-y-la-libertad\/#breadcrumb","itemListElement":[{"@type":"ListItem","position":1,"name":"Home","item":"https:\/\/jp2doc.pl\/es\/"},{"@type":"ListItem","position":2,"name":"Juan Pablo II y la Libertad"}]},{"@type":"WebSite","@id":"https:\/\/jp2doc.pl\/es\/#website","url":"https:\/\/jp2doc.pl\/es\/","name":"Centro de Documentaci\u00f3n y Estudios del Pontificado de Juan Pablo II en Roma","description":"","publisher":{"@id":"https:\/\/jp2doc.pl\/es\/#organization"},"potentialAction":[{"@type":"SearchAction","target":{"@type":"EntryPoint","urlTemplate":"https:\/\/jp2doc.pl\/es\/?s={search_term_string}"},"query-input":{"@type":"PropertyValueSpecification","valueRequired":true,"valueName":"search_term_string"}}],"inLanguage":"es"},{"@type":"Organization","@id":"https:\/\/jp2doc.pl\/es\/#organization","name":"Centro de Documentaci\u00f3n y Estudios del Pontificado de Juan Pablo II en Roma","url":"https:\/\/jp2doc.pl\/es\/","logo":{"@type":"ImageObject","inLanguage":"es","@id":"https:\/\/jp2doc.pl\/es\/#\/schema\/logo\/image\/","url":"https:\/\/jp2doc.pl\/es\/wp-content\/uploads\/sites\/4\/2017\/03\/cropped-logo.png","contentUrl":"https:\/\/jp2doc.pl\/es\/wp-content\/uploads\/sites\/4\/2017\/03\/cropped-logo.png","width":115,"height":115,"caption":"Centro de Documentaci\u00f3n y Estudios del Pontificado de Juan Pablo II en Roma"},"image":{"@id":"https:\/\/jp2doc.pl\/es\/#\/schema\/logo\/image\/"}},{"@type":"Person","@id":"https:\/\/jp2doc.pl\/es\/#\/schema\/person\/6110109e80abb51f6fac4824777eabfe","name":"juliasercanka","image":{"@type":"ImageObject","inLanguage":"es","@id":"https:\/\/jp2doc.pl\/es\/#\/schema\/person\/image\/","url":"https:\/\/secure.gravatar.com\/avatar\/266a66e864556e22d55d61b6b10c97fab9060767b738564bcd109f3997e372bc?s=96&d=mm&r=g","contentUrl":"https:\/\/secure.gravatar.com\/avatar\/266a66e864556e22d55d61b6b10c97fab9060767b738564bcd109f3997e372bc?s=96&d=mm&r=g","caption":"juliasercanka"},"url":"https:\/\/jp2doc.pl\/es\/author\/juliasercanka\/"}]}},"_links":{"self":[{"href":"https:\/\/jp2doc.pl\/es\/wp-json\/wp\/v2\/posts\/1253","targetHints":{"allow":["GET"]}}],"collection":[{"href":"https:\/\/jp2doc.pl\/es\/wp-json\/wp\/v2\/posts"}],"about":[{"href":"https:\/\/jp2doc.pl\/es\/wp-json\/wp\/v2\/types\/post"}],"author":[{"embeddable":true,"href":"https:\/\/jp2doc.pl\/es\/wp-json\/wp\/v2\/users\/5"}],"replies":[{"embeddable":true,"href":"https:\/\/jp2doc.pl\/es\/wp-json\/wp\/v2\/comments?post=1253"}],"version-history":[{"count":2,"href":"https:\/\/jp2doc.pl\/es\/wp-json\/wp\/v2\/posts\/1253\/revisions"}],"predecessor-version":[{"id":1256,"href":"https:\/\/jp2doc.pl\/es\/wp-json\/wp\/v2\/posts\/1253\/revisions\/1256"}],"wp:featuredmedia":[{"embeddable":true,"href":"https:\/\/jp2doc.pl\/es\/wp-json\/wp\/v2\/media\/1254"}],"wp:attachment":[{"href":"https:\/\/jp2doc.pl\/es\/wp-json\/wp\/v2\/media?parent=1253"}],"wp:term":[{"taxonomy":"category","embeddable":true,"href":"https:\/\/jp2doc.pl\/es\/wp-json\/wp\/v2\/categories?post=1253"},{"taxonomy":"post_tag","embeddable":true,"href":"https:\/\/jp2doc.pl\/es\/wp-json\/wp\/v2\/tags?post=1253"}],"curies":[{"name":"wp","href":"https:\/\/api.w.org\/{rel}","templated":true}]}}