{"id":1257,"date":"2017-10-26T12:57:02","date_gmt":"2017-10-26T10:57:02","guid":{"rendered":"http:\/\/jp2doc.pl\/es\/?p=1257"},"modified":"2017-10-26T13:02:03","modified_gmt":"2017-10-26T11:02:03","slug":"dos-coronas","status":"publish","type":"post","link":"https:\/\/jp2doc.pl\/es\/2017\/10\/26\/dos-coronas\/","title":{"rendered":"\u00abDos Coronas\u00bb"},"content":{"rendered":"<p>El pasado 13 de octubre se ha estrenado en Polonia la pel\u00edcula \u201cDos Coronas\u201d sobre la vida de un siempre inquieto y visionario San Maximiliano Mar\u00eda Kolbe, en la que se intercala la parte documental con la ficci\u00f3n. Coproducida por la televisi\u00f3n p\u00fablica polaca y la fundaci\u00f3n filmogr\u00e1fica polaca de San Maximiliano Kolbe, ha sido dirigida por el joven director Marek Kondrat. La parte dramatizada del proyecto ha contado con un ambicioso elenco de actores polacos, tales como Adam Woronowicz, Cezary Pazura, Maciej Musia\u0142, Antoni Pawlicki, Dominika Figurska y S\u0142awomir Orzechowski.<\/p>\n<h5><strong>Siguiendo las huellas de un santo<\/strong><\/h5>\n<p>La producci\u00f3n ha seguido las huellas del P. Kolbe en Italia, Polonia y Jap\u00f3n, incluyendo testimonios de expertos, as\u00ed como de personas que conocieron al santo polaco. \u201cDos Coronas\u201d quiere abordar los momentos m\u00e1s decisivos, algunos de ellos no tan conocidos, de la vida del santo polaco. Por ello, durante m\u00e1s de 80 minutos, la pel\u00edcula reconstruye \u00e1gilmente los hitos m\u00e1s importantes de la biograf\u00eda de San Maximiliano Mar\u00eda Kolbe, el fundador de la Milicia de la Inmaculada y de la revista Caballero de la Inmaculada, as\u00ed como de la Ciudad de la Inmaculada en Polonia (Niepokalan\u00f3w) y Jap\u00f3n (Mugenzai No Sono), que se consum\u00f3 martirialmente en el holocausto de la caridad en el campo de exterminio de Auschwitz.<br \/>\nEl t\u00edtulo de la pel\u00edcula alude a la visi\u00f3n que tuvo el peque\u00f1o Raimundo Kolbe, en la que la Virgen Mar\u00eda le propuso escoger una de las dos coronas que le ofrec\u00eda y que simbolizaban la castidad y el martirio. \u00c9l eligi\u00f3 las dos, refrendando con su propia vida estos dos ideales. Fue canonizado en 1982 por San Juan Pablo II, el papa polaco.<\/p>\n<h5><strong>Coincidencia de los hechos<\/strong><\/h5>\n<p>La aparici\u00f3n de la pel\u00edcula \u201cDos Coronas\u201d coincide con el centenario de la fundaci\u00f3n de la Milicia de la Inmaculada. Hace cien a\u00f1os, la celebraci\u00f3n del 75 aniversario de la conversi\u00f3n del jud\u00edo Alfonso de Ratisbona el 20 de enero de 1917 y poco despu\u00e9s, el 17 de febrero de 1917, la procesi\u00f3n mas\u00f3nica plantada ante las mism\u00edsimas puertas del Vaticano hab\u00edan impresionado profundamente el \u00e1nimo de San Maximiliano. En una Europa inmersa en la I Guerra Mundial, en Rusia la Revoluci\u00f3n bolchevique y marxista pretend\u00eda erradicar la religi\u00f3n, a la que consideraba como \u00abopio del pueblo\u00bb. Sin embargo, al mismo tiempo, en la otra punta del continente europeo, en el pueblo luso de F\u00e1tima, Nuestra Se\u00f1ora promet\u00eda a unos peque\u00f1os pastorcitos que su Coraz\u00f3n Inmaculado triunfar\u00eda.<\/p>\n<h5><strong>Vencer el mal con el bien<\/strong><\/h5>\n<p>Ante la audacia de los enemigos de la Iglesia Cat\u00f3lica, el joven Kolbe sent\u00eda la necesidad de contraatacar directamente a los servidores del mal y de la corrupci\u00f3n de la moralidad. Plante\u00f3 a sus superiores su inquietud de instituir una asociaci\u00f3n que se empe\u00f1ara en la lucha contra la masoner\u00eda y los dem\u00e1s servidores de Lucifer.<br \/>\nEn el anochecer del mi\u00e9rcoles 16 de octubre de 1917, en una celda del Colegio romano de los franciscanos conventuales en Roma, San Maximiliano Kolbe junto a seis j\u00f3venes frailes m\u00e1s estaban fundando una asociaci\u00f3n, la Militia Immaculatae, cuyo fin estatutario buscaba la conversi\u00f3n de los pecadores, de los herejes, de los cism\u00e1ticos y, en particular, de los masones; as\u00ed como la santificaci\u00f3n de todos bajo el patrocinio y por medio de la Inmaculada. A trav\u00e9s de la consagraci\u00f3n personal de los m\u00edlites como cosa y propiedad de la Inmaculada, la Milicia se servir\u00eda de todos los medios leg\u00edtimos para alcanzar su fin, en especial, la difusi\u00f3n de la Medalla Milagrosa.<br \/>\nActualmente, la Milicia de la Inmaculada es una asociaci\u00f3n internacional p\u00fablica de fieles, abierta a laicos, a cl\u00e9rigos y a religiosos, que persigue en los cinco continentes el fin apost\u00f3lico trazado por San Maximiliano Kolbe.<\/p>\n<h5><strong>Aposionante vida en la pantalla<\/strong><\/h5>\n<p>Existen numerosos audiovisuales sobre la vida de Kolbe. Por su parte, el film \u201cMaximilian Kolbe\u201d de Krzysztof Zanussi (1991) realiza una interpretaci\u00f3n muy subjetiva de la estancia del fraile polaco en Auschwitz. En este sentido, \u201cDos Coronas\u201d constituye el largometraje m\u00e1s actual que nos acerca de modo ameno y muy documentado a la atrayente figura del P. Kolbe. A la vez, esta obra nos muestra las enormes posibilidades que ofrece la apasionante vida del santo franciscano polaco para abordar de forma definitiva un proyecto cinematogr\u00e1fico que plasme de forma dramatizada en la gran pantalla la historia de la incomparable vida de San Maximiliano.<\/p>\n<p>Miquel Bordas Pr\u00f3szy\u00f1ski, Madrid<\/p>\n","protected":false},"excerpt":{"rendered":"<p>Miquel Bordas Pr\u00f3szy\u00f1ski<\/p>\n","protected":false},"author":5,"featured_media":1261,"comment_status":"open","ping_status":"open","sticky":false,"template":"","format":"standard","meta":{"_acf_changed":false,"_exactmetrics_skip_tracking":false,"_exactmetrics_sitenote_active":false,"_exactmetrics_sitenote_note":"","_exactmetrics_sitenote_category":0,"footnotes":""},"categories":[2,13,14],"tags":[45,44,43,41],"class_list":["post-1257","post","type-post","status-publish","format-standard","has-post-thumbnail","hentry","category-articulos","category-strona-glowna-najnowsze","category-strona-glowna-slider","tag-ciudad-de-la-inmaculada","tag-dos-coronas","tag-kolbe","tag-polonia"],"acf":[],"yoast_head":"<!-- This site is optimized with the Yoast SEO plugin v26.2 - https:\/\/yoast.com\/wordpress\/plugins\/seo\/ -->\n<title>&quot;Dos Coronas&quot; - Centro de Documentaci\u00f3n y Estudios del Pontificado de Juan Pablo II en Roma<\/title>\n<meta name=\"robots\" content=\"index, follow, max-snippet:-1, max-image-preview:large, max-video-preview:-1\" \/>\n<link rel=\"canonical\" href=\"https:\/\/jp2doc.pl\/es\/2017\/10\/26\/dos-coronas\/\" \/>\n<meta property=\"og:locale\" content=\"es_ES\" \/>\n<meta property=\"og:type\" content=\"article\" \/>\n<meta property=\"og:title\" content=\"&quot;Dos Coronas&quot; - Centro de Documentaci\u00f3n y Estudios del Pontificado de Juan Pablo II en Roma\" \/>\n<meta property=\"og:description\" content=\"Miquel Bordas Pr\u00f3szy\u00f1ski\" \/>\n<meta property=\"og:url\" content=\"https:\/\/jp2doc.pl\/es\/2017\/10\/26\/dos-coronas\/\" \/>\n<meta property=\"og:site_name\" content=\"Centro de Documentaci\u00f3n y Estudios del Pontificado de Juan Pablo II en Roma\" \/>\n<meta property=\"article:published_time\" content=\"2017-10-26T10:57:02+00:00\" \/>\n<meta property=\"article:modified_time\" content=\"2017-10-26T11:02:03+00:00\" \/>\n<meta property=\"og:image\" content=\"https:\/\/jp2doc.pl\/es\/wp-content\/uploads\/sites\/4\/2017\/10\/maxresdefaultkkk-1-e1509015698913.jpg\" \/>\n\t<meta property=\"og:image:width\" content=\"1280\" \/>\n\t<meta property=\"og:image:height\" content=\"646\" \/>\n\t<meta property=\"og:image:type\" content=\"image\/jpeg\" \/>\n<meta name=\"author\" content=\"juliasercanka\" \/>\n<meta name=\"twitter:card\" content=\"summary_large_image\" \/>\n<meta name=\"twitter:label1\" content=\"Escrito por\" \/>\n\t<meta name=\"twitter:data1\" content=\"juliasercanka\" \/>\n\t<meta name=\"twitter:label2\" content=\"Tiempo de lectura\" \/>\n\t<meta name=\"twitter:data2\" content=\"4 minutos\" \/>\n<script type=\"application\/ld+json\" class=\"yoast-schema-graph\">{\"@context\":\"https:\/\/schema.org\",\"@graph\":[{\"@type\":\"Article\",\"@id\":\"https:\/\/jp2doc.pl\/es\/2017\/10\/26\/dos-coronas\/#article\",\"isPartOf\":{\"@id\":\"https:\/\/jp2doc.pl\/es\/2017\/10\/26\/dos-coronas\/\"},\"author\":{\"name\":\"juliasercanka\",\"@id\":\"https:\/\/jp2doc.pl\/es\/#\/schema\/person\/6110109e80abb51f6fac4824777eabfe\"},\"headline\":\"\u00abDos Coronas\u00bb\",\"datePublished\":\"2017-10-26T10:57:02+00:00\",\"dateModified\":\"2017-10-26T11:02:03+00:00\",\"mainEntityOfPage\":{\"@id\":\"https:\/\/jp2doc.pl\/es\/2017\/10\/26\/dos-coronas\/\"},\"wordCount\":796,\"commentCount\":0,\"publisher\":{\"@id\":\"https:\/\/jp2doc.pl\/es\/#organization\"},\"image\":{\"@id\":\"https:\/\/jp2doc.pl\/es\/2017\/10\/26\/dos-coronas\/#primaryimage\"},\"thumbnailUrl\":\"https:\/\/jp2doc.pl\/es\/wp-content\/uploads\/sites\/4\/2017\/10\/maxresdefaultkkk-1-e1509015698913.jpg\",\"keywords\":[\"Ciudad de la Inmaculada\",\"Dos Coronas\",\"Kolbe\",\"Polonia\"],\"articleSection\":[\"Art\u00edculos\",\"Strona g\u0142\u00f3wna - najnowsze\",\"Strona g\u0142\u00f3wna - slider\"],\"inLanguage\":\"es\",\"potentialAction\":[{\"@type\":\"CommentAction\",\"name\":\"Comment\",\"target\":[\"https:\/\/jp2doc.pl\/es\/2017\/10\/26\/dos-coronas\/#respond\"]}]},{\"@type\":\"WebPage\",\"@id\":\"https:\/\/jp2doc.pl\/es\/2017\/10\/26\/dos-coronas\/\",\"url\":\"https:\/\/jp2doc.pl\/es\/2017\/10\/26\/dos-coronas\/\",\"name\":\"\\\"Dos Coronas\\\" - Centro de Documentaci\u00f3n y Estudios del Pontificado de Juan Pablo II en Roma\",\"isPartOf\":{\"@id\":\"https:\/\/jp2doc.pl\/es\/#website\"},\"primaryImageOfPage\":{\"@id\":\"https:\/\/jp2doc.pl\/es\/2017\/10\/26\/dos-coronas\/#primaryimage\"},\"image\":{\"@id\":\"https:\/\/jp2doc.pl\/es\/2017\/10\/26\/dos-coronas\/#primaryimage\"},\"thumbnailUrl\":\"https:\/\/jp2doc.pl\/es\/wp-content\/uploads\/sites\/4\/2017\/10\/maxresdefaultkkk-1-e1509015698913.jpg\",\"datePublished\":\"2017-10-26T10:57:02+00:00\",\"dateModified\":\"2017-10-26T11:02:03+00:00\",\"breadcrumb\":{\"@id\":\"https:\/\/jp2doc.pl\/es\/2017\/10\/26\/dos-coronas\/#breadcrumb\"},\"inLanguage\":\"es\",\"potentialAction\":[{\"@type\":\"ReadAction\",\"target\":[\"https:\/\/jp2doc.pl\/es\/2017\/10\/26\/dos-coronas\/\"]}]},{\"@type\":\"ImageObject\",\"inLanguage\":\"es\",\"@id\":\"https:\/\/jp2doc.pl\/es\/2017\/10\/26\/dos-coronas\/#primaryimage\",\"url\":\"https:\/\/jp2doc.pl\/es\/wp-content\/uploads\/sites\/4\/2017\/10\/maxresdefaultkkk-1-e1509015698913.jpg\",\"contentUrl\":\"https:\/\/jp2doc.pl\/es\/wp-content\/uploads\/sites\/4\/2017\/10\/maxresdefaultkkk-1-e1509015698913.jpg\",\"width\":1280,\"height\":646},{\"@type\":\"BreadcrumbList\",\"@id\":\"https:\/\/jp2doc.pl\/es\/2017\/10\/26\/dos-coronas\/#breadcrumb\",\"itemListElement\":[{\"@type\":\"ListItem\",\"position\":1,\"name\":\"Home\",\"item\":\"https:\/\/jp2doc.pl\/es\/\"},{\"@type\":\"ListItem\",\"position\":2,\"name\":\"\u00abDos Coronas\u00bb\"}]},{\"@type\":\"WebSite\",\"@id\":\"https:\/\/jp2doc.pl\/es\/#website\",\"url\":\"https:\/\/jp2doc.pl\/es\/\",\"name\":\"Centro de Documentaci\u00f3n y Estudios del Pontificado de Juan Pablo II en Roma\",\"description\":\"\",\"publisher\":{\"@id\":\"https:\/\/jp2doc.pl\/es\/#organization\"},\"potentialAction\":[{\"@type\":\"SearchAction\",\"target\":{\"@type\":\"EntryPoint\",\"urlTemplate\":\"https:\/\/jp2doc.pl\/es\/?s={search_term_string}\"},\"query-input\":{\"@type\":\"PropertyValueSpecification\",\"valueRequired\":true,\"valueName\":\"search_term_string\"}}],\"inLanguage\":\"es\"},{\"@type\":\"Organization\",\"@id\":\"https:\/\/jp2doc.pl\/es\/#organization\",\"name\":\"Centro de Documentaci\u00f3n y Estudios del Pontificado de Juan Pablo II en Roma\",\"url\":\"https:\/\/jp2doc.pl\/es\/\",\"logo\":{\"@type\":\"ImageObject\",\"inLanguage\":\"es\",\"@id\":\"https:\/\/jp2doc.pl\/es\/#\/schema\/logo\/image\/\",\"url\":\"https:\/\/jp2doc.pl\/es\/wp-content\/uploads\/sites\/4\/2017\/03\/cropped-logo.png\",\"contentUrl\":\"https:\/\/jp2doc.pl\/es\/wp-content\/uploads\/sites\/4\/2017\/03\/cropped-logo.png\",\"width\":115,\"height\":115,\"caption\":\"Centro de Documentaci\u00f3n y Estudios del Pontificado de Juan Pablo II en Roma\"},\"image\":{\"@id\":\"https:\/\/jp2doc.pl\/es\/#\/schema\/logo\/image\/\"}},{\"@type\":\"Person\",\"@id\":\"https:\/\/jp2doc.pl\/es\/#\/schema\/person\/6110109e80abb51f6fac4824777eabfe\",\"name\":\"juliasercanka\",\"image\":{\"@type\":\"ImageObject\",\"inLanguage\":\"es\",\"@id\":\"https:\/\/jp2doc.pl\/es\/#\/schema\/person\/image\/\",\"url\":\"https:\/\/secure.gravatar.com\/avatar\/266a66e864556e22d55d61b6b10c97fab9060767b738564bcd109f3997e372bc?s=96&d=mm&r=g\",\"contentUrl\":\"https:\/\/secure.gravatar.com\/avatar\/266a66e864556e22d55d61b6b10c97fab9060767b738564bcd109f3997e372bc?s=96&d=mm&r=g\",\"caption\":\"juliasercanka\"},\"url\":\"https:\/\/jp2doc.pl\/es\/author\/juliasercanka\/\"}]}<\/script>\n<!-- \/ Yoast SEO plugin. -->","yoast_head_json":{"title":"\"Dos Coronas\" - Centro de Documentaci\u00f3n y Estudios del Pontificado de Juan Pablo II en Roma","robots":{"index":"index","follow":"follow","max-snippet":"max-snippet:-1","max-image-preview":"max-image-preview:large","max-video-preview":"max-video-preview:-1"},"canonical":"https:\/\/jp2doc.pl\/es\/2017\/10\/26\/dos-coronas\/","og_locale":"es_ES","og_type":"article","og_title":"\"Dos Coronas\" - Centro de Documentaci\u00f3n y Estudios del Pontificado de Juan Pablo II en Roma","og_description":"Miquel Bordas Pr\u00f3szy\u00f1ski","og_url":"https:\/\/jp2doc.pl\/es\/2017\/10\/26\/dos-coronas\/","og_site_name":"Centro de Documentaci\u00f3n y Estudios del Pontificado de Juan Pablo II en Roma","article_published_time":"2017-10-26T10:57:02+00:00","article_modified_time":"2017-10-26T11:02:03+00:00","og_image":[{"width":1280,"height":646,"url":"https:\/\/jp2doc.pl\/es\/wp-content\/uploads\/sites\/4\/2017\/10\/maxresdefaultkkk-1-e1509015698913.jpg","type":"image\/jpeg"}],"author":"juliasercanka","twitter_card":"summary_large_image","twitter_misc":{"Escrito por":"juliasercanka","Tiempo de lectura":"4 minutos"},"schema":{"@context":"https:\/\/schema.org","@graph":[{"@type":"Article","@id":"https:\/\/jp2doc.pl\/es\/2017\/10\/26\/dos-coronas\/#article","isPartOf":{"@id":"https:\/\/jp2doc.pl\/es\/2017\/10\/26\/dos-coronas\/"},"author":{"name":"juliasercanka","@id":"https:\/\/jp2doc.pl\/es\/#\/schema\/person\/6110109e80abb51f6fac4824777eabfe"},"headline":"\u00abDos Coronas\u00bb","datePublished":"2017-10-26T10:57:02+00:00","dateModified":"2017-10-26T11:02:03+00:00","mainEntityOfPage":{"@id":"https:\/\/jp2doc.pl\/es\/2017\/10\/26\/dos-coronas\/"},"wordCount":796,"commentCount":0,"publisher":{"@id":"https:\/\/jp2doc.pl\/es\/#organization"},"image":{"@id":"https:\/\/jp2doc.pl\/es\/2017\/10\/26\/dos-coronas\/#primaryimage"},"thumbnailUrl":"https:\/\/jp2doc.pl\/es\/wp-content\/uploads\/sites\/4\/2017\/10\/maxresdefaultkkk-1-e1509015698913.jpg","keywords":["Ciudad de la Inmaculada","Dos Coronas","Kolbe","Polonia"],"articleSection":["Art\u00edculos","Strona g\u0142\u00f3wna - najnowsze","Strona g\u0142\u00f3wna - slider"],"inLanguage":"es","potentialAction":[{"@type":"CommentAction","name":"Comment","target":["https:\/\/jp2doc.pl\/es\/2017\/10\/26\/dos-coronas\/#respond"]}]},{"@type":"WebPage","@id":"https:\/\/jp2doc.pl\/es\/2017\/10\/26\/dos-coronas\/","url":"https:\/\/jp2doc.pl\/es\/2017\/10\/26\/dos-coronas\/","name":"\"Dos Coronas\" - Centro de Documentaci\u00f3n y Estudios del Pontificado de Juan Pablo II en Roma","isPartOf":{"@id":"https:\/\/jp2doc.pl\/es\/#website"},"primaryImageOfPage":{"@id":"https:\/\/jp2doc.pl\/es\/2017\/10\/26\/dos-coronas\/#primaryimage"},"image":{"@id":"https:\/\/jp2doc.pl\/es\/2017\/10\/26\/dos-coronas\/#primaryimage"},"thumbnailUrl":"https:\/\/jp2doc.pl\/es\/wp-content\/uploads\/sites\/4\/2017\/10\/maxresdefaultkkk-1-e1509015698913.jpg","datePublished":"2017-10-26T10:57:02+00:00","dateModified":"2017-10-26T11:02:03+00:00","breadcrumb":{"@id":"https:\/\/jp2doc.pl\/es\/2017\/10\/26\/dos-coronas\/#breadcrumb"},"inLanguage":"es","potentialAction":[{"@type":"ReadAction","target":["https:\/\/jp2doc.pl\/es\/2017\/10\/26\/dos-coronas\/"]}]},{"@type":"ImageObject","inLanguage":"es","@id":"https:\/\/jp2doc.pl\/es\/2017\/10\/26\/dos-coronas\/#primaryimage","url":"https:\/\/jp2doc.pl\/es\/wp-content\/uploads\/sites\/4\/2017\/10\/maxresdefaultkkk-1-e1509015698913.jpg","contentUrl":"https:\/\/jp2doc.pl\/es\/wp-content\/uploads\/sites\/4\/2017\/10\/maxresdefaultkkk-1-e1509015698913.jpg","width":1280,"height":646},{"@type":"BreadcrumbList","@id":"https:\/\/jp2doc.pl\/es\/2017\/10\/26\/dos-coronas\/#breadcrumb","itemListElement":[{"@type":"ListItem","position":1,"name":"Home","item":"https:\/\/jp2doc.pl\/es\/"},{"@type":"ListItem","position":2,"name":"\u00abDos Coronas\u00bb"}]},{"@type":"WebSite","@id":"https:\/\/jp2doc.pl\/es\/#website","url":"https:\/\/jp2doc.pl\/es\/","name":"Centro de Documentaci\u00f3n y Estudios del Pontificado de Juan Pablo II en Roma","description":"","publisher":{"@id":"https:\/\/jp2doc.pl\/es\/#organization"},"potentialAction":[{"@type":"SearchAction","target":{"@type":"EntryPoint","urlTemplate":"https:\/\/jp2doc.pl\/es\/?s={search_term_string}"},"query-input":{"@type":"PropertyValueSpecification","valueRequired":true,"valueName":"search_term_string"}}],"inLanguage":"es"},{"@type":"Organization","@id":"https:\/\/jp2doc.pl\/es\/#organization","name":"Centro de Documentaci\u00f3n y Estudios del Pontificado de Juan Pablo II en Roma","url":"https:\/\/jp2doc.pl\/es\/","logo":{"@type":"ImageObject","inLanguage":"es","@id":"https:\/\/jp2doc.pl\/es\/#\/schema\/logo\/image\/","url":"https:\/\/jp2doc.pl\/es\/wp-content\/uploads\/sites\/4\/2017\/03\/cropped-logo.png","contentUrl":"https:\/\/jp2doc.pl\/es\/wp-content\/uploads\/sites\/4\/2017\/03\/cropped-logo.png","width":115,"height":115,"caption":"Centro de Documentaci\u00f3n y Estudios del Pontificado de Juan Pablo II en Roma"},"image":{"@id":"https:\/\/jp2doc.pl\/es\/#\/schema\/logo\/image\/"}},{"@type":"Person","@id":"https:\/\/jp2doc.pl\/es\/#\/schema\/person\/6110109e80abb51f6fac4824777eabfe","name":"juliasercanka","image":{"@type":"ImageObject","inLanguage":"es","@id":"https:\/\/jp2doc.pl\/es\/#\/schema\/person\/image\/","url":"https:\/\/secure.gravatar.com\/avatar\/266a66e864556e22d55d61b6b10c97fab9060767b738564bcd109f3997e372bc?s=96&d=mm&r=g","contentUrl":"https:\/\/secure.gravatar.com\/avatar\/266a66e864556e22d55d61b6b10c97fab9060767b738564bcd109f3997e372bc?s=96&d=mm&r=g","caption":"juliasercanka"},"url":"https:\/\/jp2doc.pl\/es\/author\/juliasercanka\/"}]}},"_links":{"self":[{"href":"https:\/\/jp2doc.pl\/es\/wp-json\/wp\/v2\/posts\/1257","targetHints":{"allow":["GET"]}}],"collection":[{"href":"https:\/\/jp2doc.pl\/es\/wp-json\/wp\/v2\/posts"}],"about":[{"href":"https:\/\/jp2doc.pl\/es\/wp-json\/wp\/v2\/types\/post"}],"author":[{"embeddable":true,"href":"https:\/\/jp2doc.pl\/es\/wp-json\/wp\/v2\/users\/5"}],"replies":[{"embeddable":true,"href":"https:\/\/jp2doc.pl\/es\/wp-json\/wp\/v2\/comments?post=1257"}],"version-history":[{"count":2,"href":"https:\/\/jp2doc.pl\/es\/wp-json\/wp\/v2\/posts\/1257\/revisions"}],"predecessor-version":[{"id":1260,"href":"https:\/\/jp2doc.pl\/es\/wp-json\/wp\/v2\/posts\/1257\/revisions\/1260"}],"wp:featuredmedia":[{"embeddable":true,"href":"https:\/\/jp2doc.pl\/es\/wp-json\/wp\/v2\/media\/1261"}],"wp:attachment":[{"href":"https:\/\/jp2doc.pl\/es\/wp-json\/wp\/v2\/media?parent=1257"}],"wp:term":[{"taxonomy":"category","embeddable":true,"href":"https:\/\/jp2doc.pl\/es\/wp-json\/wp\/v2\/categories?post=1257"},{"taxonomy":"post_tag","embeddable":true,"href":"https:\/\/jp2doc.pl\/es\/wp-json\/wp\/v2\/tags?post=1257"}],"curies":[{"name":"wp","href":"https:\/\/api.w.org\/{rel}","templated":true}]}}