{"id":1266,"date":"2017-10-28T17:02:40","date_gmt":"2017-10-28T15:02:40","guid":{"rendered":"http:\/\/jp2doc.pl\/es\/?p=1266"},"modified":"2017-10-28T18:46:11","modified_gmt":"2017-10-28T16:46:11","slug":"circulo-de-la-fundacion-de-jpii-en-espana","status":"publish","type":"post","link":"https:\/\/jp2doc.pl\/es\/2017\/10\/28\/circulo-de-la-fundacion-de-jpii-en-espana\/","title":{"rendered":"C\u00edrculo de la Fundaci\u00f3n de JPII en Espa\u00f1a"},"content":{"rendered":"<p>\u201cSe valiente, la misi\u00f3n te espera\u201d. El lema de este a\u00f1o del domingo misionero, en Espa\u00f1a, refleja perfectamente el esp\u00edritu de San Juan Pablo II. La condici\u00f3n de cristiano significa ser, tambi\u00e9n, miembro activo de la Iglesia, un creativo disc\u00edpulo-misionero de Jesucristo en el mundo de hoy; un hombre responsable de la vida social, pol\u00edtica y cultural.<\/p>\n<p>En Madrid, el domingo 22 de octubre, la colonia polaca se reuni\u00f3 en la parroquia del Sant\u00edsimo Redentor. Muchas personas, animadas por el buen tiempo, casi veraniego, llegaron de las localidades suburbanas. La misa fue presidida por el Padre Marek Raczkiewicz CSsR. \u00bfQu\u00e9 nos dir\u00eda hoy Juan Pablo II? \u00c9l que clamaba en Compostela: \u201cEuropa, s\u00e9 tu misma. Dale al C\u00e9sar lo que es de C\u00e9sar y a Dios lo que es de Dios\u201d. Primero, nos recomendar\u00eda que Jes\u00fas fuera, verdaderamente, el centro de nuestra vida. \u201cAbrid las puertas al Redentor\u201d. Segundo, nos animar\u00eda a escuchar atentamente el coraz\u00f3n de Mar\u00eda, especialmente, el que late en el Monasterio de Jasna G\u00f3ra. Tercero, que todos nos preocupemos por nuestra Patria: su historia, cultura y lengua. Durante la hist\u00f3rica reuni\u00f3n del Papa con la, entonces todav\u00eda poco numerosa colonia polaca, en Madrid, el 2 de noviembre de 1982, Juan Pablo II dijo que los polacos residentes en el extranjero constituyen una parte integral de la naci\u00f3n que \u201cvive no solo en su ra\u00edz hist\u00f3rica a orillas del V\u00edstula, sino tambi\u00e9n en diferentes lugares del mundo. Habita y, a la vez, vive su propia vida. Porque los polacos, fuera de su Patria, tambi\u00e9n la llevan encima.\u201d<\/p>\n<p>Al finalizar la misa y siguiendo el ejemplo de San Juan Pablo II, todos rezaron el Voto de Ofrecimiento a la Virgen de Cz\u0119stochowa&#8230;<\/p>\n<p>El d\u00eda de la fiesta del papa polaco ha renacido tambi\u00e9n el C\u00edrculo de los Amigos de la Fundaci\u00f3n Juan Pablo II. Varias personas han expresado ya su disposici\u00f3n de divulgar su pensamiento, al igual, que el patrimonio polaco y la cultura cristiana, en el amplio sentido de la palabra. Los destinatarios del C\u00edrculo y sus miembros ser\u00e1n no s\u00f3lo los polacos, sino tambi\u00e9n los espa\u00f1oles y otras nacionalidades.<\/p>\n<p>La primera iniciativa del C\u00edrculo fue el concierto ofrecido por el coro de San Andr\u00e9s Ap\u00f3stol de la iglesia rumana ortodoxa de Cluy-Napoca (Ruman\u00eda). Una espl\u00e9ndida interpretaci\u00f3n de las obras religiosas, al igual, que de las canciones populares rumanas abri\u00f3 las celebraciones de la fiesta de San Juan Pablo II y, a la vez, revel\u00f3 la riqueza que supone conocer otra cultura y tradici\u00f3n religiosa.<\/p>\n<p><strong>Padre Marek Raczkiewicz CSsR<\/strong><\/p>\n","protected":false},"excerpt":{"rendered":"<p>Padre\u00a0Marek Raczkiewicz CSsR<\/p>\n","protected":false},"author":5,"featured_media":1267,"comment_status":"open","ping_status":"open","sticky":false,"template":"","format":"standard","meta":{"_acf_changed":false,"_exactmetrics_skip_tracking":false,"_exactmetrics_sitenote_active":false,"_exactmetrics_sitenote_note":"","_exactmetrics_sitenote_category":0,"footnotes":""},"categories":[4,13,14],"tags":[51,50,21,52],"class_list":["post-1266","post","type-post","status-publish","format-standard","has-post-thumbnail","hentry","category-blog","category-strona-glowna-najnowsze","category-strona-glowna-slider","tag-espana","tag-fundacion-de-juan-pablo-ii","tag-juan-pablo-ii","tag-marek-raczkiewicz"],"acf":[],"yoast_head":"<!-- This site is optimized with the Yoast SEO plugin v26.2 - https:\/\/yoast.com\/wordpress\/plugins\/seo\/ -->\n<title>C\u00edrculo de la Fundaci\u00f3n de JPII en Espa\u00f1a - Centro de Documentaci\u00f3n y Estudios del Pontificado de Juan Pablo II en Roma<\/title>\n<meta name=\"robots\" content=\"index, follow, max-snippet:-1, max-image-preview:large, max-video-preview:-1\" \/>\n<link rel=\"canonical\" href=\"https:\/\/jp2doc.pl\/es\/2017\/10\/28\/circulo-de-la-fundacion-de-jpii-en-espana\/\" \/>\n<meta property=\"og:locale\" content=\"es_ES\" \/>\n<meta property=\"og:type\" content=\"article\" \/>\n<meta property=\"og:title\" content=\"C\u00edrculo de la Fundaci\u00f3n de JPII en Espa\u00f1a - Centro de Documentaci\u00f3n y Estudios del Pontificado de Juan Pablo II en Roma\" \/>\n<meta property=\"og:description\" content=\"Padre\u00a0Marek Raczkiewicz CSsR\" \/>\n<meta property=\"og:url\" content=\"https:\/\/jp2doc.pl\/es\/2017\/10\/28\/circulo-de-la-fundacion-de-jpii-en-espana\/\" \/>\n<meta property=\"og:site_name\" content=\"Centro de Documentaci\u00f3n y Estudios del Pontificado de Juan Pablo II en Roma\" \/>\n<meta property=\"article:published_time\" content=\"2017-10-28T15:02:40+00:00\" \/>\n<meta property=\"article:modified_time\" content=\"2017-10-28T16:46:11+00:00\" \/>\n<meta property=\"og:image\" content=\"https:\/\/jp2doc.pl\/es\/wp-content\/uploads\/sites\/4\/2017\/10\/unnamed.jpg\" \/>\n\t<meta property=\"og:image:width\" content=\"1671\" \/>\n\t<meta property=\"og:image:height\" content=\"950\" \/>\n\t<meta property=\"og:image:type\" content=\"image\/jpeg\" \/>\n<meta name=\"author\" content=\"juliasercanka\" \/>\n<meta name=\"twitter:card\" content=\"summary_large_image\" \/>\n<meta name=\"twitter:label1\" content=\"Escrito por\" \/>\n\t<meta name=\"twitter:data1\" content=\"juliasercanka\" \/>\n\t<meta name=\"twitter:label2\" content=\"Tiempo de lectura\" \/>\n\t<meta name=\"twitter:data2\" content=\"2 minutos\" \/>\n<script type=\"application\/ld+json\" class=\"yoast-schema-graph\">{\"@context\":\"https:\/\/schema.org\",\"@graph\":[{\"@type\":\"Article\",\"@id\":\"https:\/\/jp2doc.pl\/es\/2017\/10\/28\/circulo-de-la-fundacion-de-jpii-en-espana\/#article\",\"isPartOf\":{\"@id\":\"https:\/\/jp2doc.pl\/es\/2017\/10\/28\/circulo-de-la-fundacion-de-jpii-en-espana\/\"},\"author\":{\"name\":\"juliasercanka\",\"@id\":\"https:\/\/jp2doc.pl\/es\/#\/schema\/person\/6110109e80abb51f6fac4824777eabfe\"},\"headline\":\"C\u00edrculo de la Fundaci\u00f3n de JPII en Espa\u00f1a\",\"datePublished\":\"2017-10-28T15:02:40+00:00\",\"dateModified\":\"2017-10-28T16:46:11+00:00\",\"mainEntityOfPage\":{\"@id\":\"https:\/\/jp2doc.pl\/es\/2017\/10\/28\/circulo-de-la-fundacion-de-jpii-en-espana\/\"},\"wordCount\":475,\"commentCount\":0,\"publisher\":{\"@id\":\"https:\/\/jp2doc.pl\/es\/#organization\"},\"image\":{\"@id\":\"https:\/\/jp2doc.pl\/es\/2017\/10\/28\/circulo-de-la-fundacion-de-jpii-en-espana\/#primaryimage\"},\"thumbnailUrl\":\"https:\/\/jp2doc.pl\/es\/wp-content\/uploads\/sites\/4\/2017\/10\/unnamed.jpg\",\"keywords\":[\"Espa\u00f1a\",\"Fundaci\u00f3n de Juan Pablo II\",\"Juan Pablo II\",\"Marek Raczkiewicz\"],\"articleSection\":[\"Blog\",\"Strona g\u0142\u00f3wna - najnowsze\",\"Strona g\u0142\u00f3wna - slider\"],\"inLanguage\":\"es\",\"potentialAction\":[{\"@type\":\"CommentAction\",\"name\":\"Comment\",\"target\":[\"https:\/\/jp2doc.pl\/es\/2017\/10\/28\/circulo-de-la-fundacion-de-jpii-en-espana\/#respond\"]}]},{\"@type\":\"WebPage\",\"@id\":\"https:\/\/jp2doc.pl\/es\/2017\/10\/28\/circulo-de-la-fundacion-de-jpii-en-espana\/\",\"url\":\"https:\/\/jp2doc.pl\/es\/2017\/10\/28\/circulo-de-la-fundacion-de-jpii-en-espana\/\",\"name\":\"C\u00edrculo de la Fundaci\u00f3n de JPII en Espa\u00f1a - Centro de Documentaci\u00f3n y Estudios del Pontificado de Juan Pablo II en Roma\",\"isPartOf\":{\"@id\":\"https:\/\/jp2doc.pl\/es\/#website\"},\"primaryImageOfPage\":{\"@id\":\"https:\/\/jp2doc.pl\/es\/2017\/10\/28\/circulo-de-la-fundacion-de-jpii-en-espana\/#primaryimage\"},\"image\":{\"@id\":\"https:\/\/jp2doc.pl\/es\/2017\/10\/28\/circulo-de-la-fundacion-de-jpii-en-espana\/#primaryimage\"},\"thumbnailUrl\":\"https:\/\/jp2doc.pl\/es\/wp-content\/uploads\/sites\/4\/2017\/10\/unnamed.jpg\",\"datePublished\":\"2017-10-28T15:02:40+00:00\",\"dateModified\":\"2017-10-28T16:46:11+00:00\",\"breadcrumb\":{\"@id\":\"https:\/\/jp2doc.pl\/es\/2017\/10\/28\/circulo-de-la-fundacion-de-jpii-en-espana\/#breadcrumb\"},\"inLanguage\":\"es\",\"potentialAction\":[{\"@type\":\"ReadAction\",\"target\":[\"https:\/\/jp2doc.pl\/es\/2017\/10\/28\/circulo-de-la-fundacion-de-jpii-en-espana\/\"]}]},{\"@type\":\"ImageObject\",\"inLanguage\":\"es\",\"@id\":\"https:\/\/jp2doc.pl\/es\/2017\/10\/28\/circulo-de-la-fundacion-de-jpii-en-espana\/#primaryimage\",\"url\":\"https:\/\/jp2doc.pl\/es\/wp-content\/uploads\/sites\/4\/2017\/10\/unnamed.jpg\",\"contentUrl\":\"https:\/\/jp2doc.pl\/es\/wp-content\/uploads\/sites\/4\/2017\/10\/unnamed.jpg\",\"width\":1671,\"height\":950},{\"@type\":\"BreadcrumbList\",\"@id\":\"https:\/\/jp2doc.pl\/es\/2017\/10\/28\/circulo-de-la-fundacion-de-jpii-en-espana\/#breadcrumb\",\"itemListElement\":[{\"@type\":\"ListItem\",\"position\":1,\"name\":\"Home\",\"item\":\"https:\/\/jp2doc.pl\/es\/\"},{\"@type\":\"ListItem\",\"position\":2,\"name\":\"C\u00edrculo de la Fundaci\u00f3n de JPII en Espa\u00f1a\"}]},{\"@type\":\"WebSite\",\"@id\":\"https:\/\/jp2doc.pl\/es\/#website\",\"url\":\"https:\/\/jp2doc.pl\/es\/\",\"name\":\"Centro de Documentaci\u00f3n y Estudios del Pontificado de Juan Pablo II en Roma\",\"description\":\"\",\"publisher\":{\"@id\":\"https:\/\/jp2doc.pl\/es\/#organization\"},\"potentialAction\":[{\"@type\":\"SearchAction\",\"target\":{\"@type\":\"EntryPoint\",\"urlTemplate\":\"https:\/\/jp2doc.pl\/es\/?s={search_term_string}\"},\"query-input\":{\"@type\":\"PropertyValueSpecification\",\"valueRequired\":true,\"valueName\":\"search_term_string\"}}],\"inLanguage\":\"es\"},{\"@type\":\"Organization\",\"@id\":\"https:\/\/jp2doc.pl\/es\/#organization\",\"name\":\"Centro de Documentaci\u00f3n y Estudios del Pontificado de Juan Pablo II en Roma\",\"url\":\"https:\/\/jp2doc.pl\/es\/\",\"logo\":{\"@type\":\"ImageObject\",\"inLanguage\":\"es\",\"@id\":\"https:\/\/jp2doc.pl\/es\/#\/schema\/logo\/image\/\",\"url\":\"https:\/\/jp2doc.pl\/es\/wp-content\/uploads\/sites\/4\/2017\/03\/cropped-logo.png\",\"contentUrl\":\"https:\/\/jp2doc.pl\/es\/wp-content\/uploads\/sites\/4\/2017\/03\/cropped-logo.png\",\"width\":115,\"height\":115,\"caption\":\"Centro de Documentaci\u00f3n y Estudios del Pontificado de Juan Pablo II en Roma\"},\"image\":{\"@id\":\"https:\/\/jp2doc.pl\/es\/#\/schema\/logo\/image\/\"}},{\"@type\":\"Person\",\"@id\":\"https:\/\/jp2doc.pl\/es\/#\/schema\/person\/6110109e80abb51f6fac4824777eabfe\",\"name\":\"juliasercanka\",\"image\":{\"@type\":\"ImageObject\",\"inLanguage\":\"es\",\"@id\":\"https:\/\/jp2doc.pl\/es\/#\/schema\/person\/image\/\",\"url\":\"https:\/\/secure.gravatar.com\/avatar\/266a66e864556e22d55d61b6b10c97fab9060767b738564bcd109f3997e372bc?s=96&d=mm&r=g\",\"contentUrl\":\"https:\/\/secure.gravatar.com\/avatar\/266a66e864556e22d55d61b6b10c97fab9060767b738564bcd109f3997e372bc?s=96&d=mm&r=g\",\"caption\":\"juliasercanka\"},\"url\":\"https:\/\/jp2doc.pl\/es\/author\/juliasercanka\/\"}]}<\/script>\n<!-- \/ Yoast SEO plugin. -->","yoast_head_json":{"title":"C\u00edrculo de la Fundaci\u00f3n de JPII en Espa\u00f1a - Centro de Documentaci\u00f3n y Estudios del Pontificado de Juan Pablo II en Roma","robots":{"index":"index","follow":"follow","max-snippet":"max-snippet:-1","max-image-preview":"max-image-preview:large","max-video-preview":"max-video-preview:-1"},"canonical":"https:\/\/jp2doc.pl\/es\/2017\/10\/28\/circulo-de-la-fundacion-de-jpii-en-espana\/","og_locale":"es_ES","og_type":"article","og_title":"C\u00edrculo de la Fundaci\u00f3n de JPII en Espa\u00f1a - Centro de Documentaci\u00f3n y Estudios del Pontificado de Juan Pablo II en Roma","og_description":"Padre\u00a0Marek Raczkiewicz CSsR","og_url":"https:\/\/jp2doc.pl\/es\/2017\/10\/28\/circulo-de-la-fundacion-de-jpii-en-espana\/","og_site_name":"Centro de Documentaci\u00f3n y Estudios del Pontificado de Juan Pablo II en Roma","article_published_time":"2017-10-28T15:02:40+00:00","article_modified_time":"2017-10-28T16:46:11+00:00","og_image":[{"width":1671,"height":950,"url":"https:\/\/jp2doc.pl\/es\/wp-content\/uploads\/sites\/4\/2017\/10\/unnamed.jpg","type":"image\/jpeg"}],"author":"juliasercanka","twitter_card":"summary_large_image","twitter_misc":{"Escrito por":"juliasercanka","Tiempo de lectura":"2 minutos"},"schema":{"@context":"https:\/\/schema.org","@graph":[{"@type":"Article","@id":"https:\/\/jp2doc.pl\/es\/2017\/10\/28\/circulo-de-la-fundacion-de-jpii-en-espana\/#article","isPartOf":{"@id":"https:\/\/jp2doc.pl\/es\/2017\/10\/28\/circulo-de-la-fundacion-de-jpii-en-espana\/"},"author":{"name":"juliasercanka","@id":"https:\/\/jp2doc.pl\/es\/#\/schema\/person\/6110109e80abb51f6fac4824777eabfe"},"headline":"C\u00edrculo de la Fundaci\u00f3n de JPII en Espa\u00f1a","datePublished":"2017-10-28T15:02:40+00:00","dateModified":"2017-10-28T16:46:11+00:00","mainEntityOfPage":{"@id":"https:\/\/jp2doc.pl\/es\/2017\/10\/28\/circulo-de-la-fundacion-de-jpii-en-espana\/"},"wordCount":475,"commentCount":0,"publisher":{"@id":"https:\/\/jp2doc.pl\/es\/#organization"},"image":{"@id":"https:\/\/jp2doc.pl\/es\/2017\/10\/28\/circulo-de-la-fundacion-de-jpii-en-espana\/#primaryimage"},"thumbnailUrl":"https:\/\/jp2doc.pl\/es\/wp-content\/uploads\/sites\/4\/2017\/10\/unnamed.jpg","keywords":["Espa\u00f1a","Fundaci\u00f3n de Juan Pablo II","Juan Pablo II","Marek Raczkiewicz"],"articleSection":["Blog","Strona g\u0142\u00f3wna - najnowsze","Strona g\u0142\u00f3wna - slider"],"inLanguage":"es","potentialAction":[{"@type":"CommentAction","name":"Comment","target":["https:\/\/jp2doc.pl\/es\/2017\/10\/28\/circulo-de-la-fundacion-de-jpii-en-espana\/#respond"]}]},{"@type":"WebPage","@id":"https:\/\/jp2doc.pl\/es\/2017\/10\/28\/circulo-de-la-fundacion-de-jpii-en-espana\/","url":"https:\/\/jp2doc.pl\/es\/2017\/10\/28\/circulo-de-la-fundacion-de-jpii-en-espana\/","name":"C\u00edrculo de la Fundaci\u00f3n de JPII en Espa\u00f1a - Centro de Documentaci\u00f3n y Estudios del Pontificado de Juan Pablo II en Roma","isPartOf":{"@id":"https:\/\/jp2doc.pl\/es\/#website"},"primaryImageOfPage":{"@id":"https:\/\/jp2doc.pl\/es\/2017\/10\/28\/circulo-de-la-fundacion-de-jpii-en-espana\/#primaryimage"},"image":{"@id":"https:\/\/jp2doc.pl\/es\/2017\/10\/28\/circulo-de-la-fundacion-de-jpii-en-espana\/#primaryimage"},"thumbnailUrl":"https:\/\/jp2doc.pl\/es\/wp-content\/uploads\/sites\/4\/2017\/10\/unnamed.jpg","datePublished":"2017-10-28T15:02:40+00:00","dateModified":"2017-10-28T16:46:11+00:00","breadcrumb":{"@id":"https:\/\/jp2doc.pl\/es\/2017\/10\/28\/circulo-de-la-fundacion-de-jpii-en-espana\/#breadcrumb"},"inLanguage":"es","potentialAction":[{"@type":"ReadAction","target":["https:\/\/jp2doc.pl\/es\/2017\/10\/28\/circulo-de-la-fundacion-de-jpii-en-espana\/"]}]},{"@type":"ImageObject","inLanguage":"es","@id":"https:\/\/jp2doc.pl\/es\/2017\/10\/28\/circulo-de-la-fundacion-de-jpii-en-espana\/#primaryimage","url":"https:\/\/jp2doc.pl\/es\/wp-content\/uploads\/sites\/4\/2017\/10\/unnamed.jpg","contentUrl":"https:\/\/jp2doc.pl\/es\/wp-content\/uploads\/sites\/4\/2017\/10\/unnamed.jpg","width":1671,"height":950},{"@type":"BreadcrumbList","@id":"https:\/\/jp2doc.pl\/es\/2017\/10\/28\/circulo-de-la-fundacion-de-jpii-en-espana\/#breadcrumb","itemListElement":[{"@type":"ListItem","position":1,"name":"Home","item":"https:\/\/jp2doc.pl\/es\/"},{"@type":"ListItem","position":2,"name":"C\u00edrculo de la Fundaci\u00f3n de JPII en Espa\u00f1a"}]},{"@type":"WebSite","@id":"https:\/\/jp2doc.pl\/es\/#website","url":"https:\/\/jp2doc.pl\/es\/","name":"Centro de Documentaci\u00f3n y Estudios del Pontificado de Juan Pablo II en Roma","description":"","publisher":{"@id":"https:\/\/jp2doc.pl\/es\/#organization"},"potentialAction":[{"@type":"SearchAction","target":{"@type":"EntryPoint","urlTemplate":"https:\/\/jp2doc.pl\/es\/?s={search_term_string}"},"query-input":{"@type":"PropertyValueSpecification","valueRequired":true,"valueName":"search_term_string"}}],"inLanguage":"es"},{"@type":"Organization","@id":"https:\/\/jp2doc.pl\/es\/#organization","name":"Centro de Documentaci\u00f3n y Estudios del Pontificado de Juan Pablo II en Roma","url":"https:\/\/jp2doc.pl\/es\/","logo":{"@type":"ImageObject","inLanguage":"es","@id":"https:\/\/jp2doc.pl\/es\/#\/schema\/logo\/image\/","url":"https:\/\/jp2doc.pl\/es\/wp-content\/uploads\/sites\/4\/2017\/03\/cropped-logo.png","contentUrl":"https:\/\/jp2doc.pl\/es\/wp-content\/uploads\/sites\/4\/2017\/03\/cropped-logo.png","width":115,"height":115,"caption":"Centro de Documentaci\u00f3n y Estudios del Pontificado de Juan Pablo II en Roma"},"image":{"@id":"https:\/\/jp2doc.pl\/es\/#\/schema\/logo\/image\/"}},{"@type":"Person","@id":"https:\/\/jp2doc.pl\/es\/#\/schema\/person\/6110109e80abb51f6fac4824777eabfe","name":"juliasercanka","image":{"@type":"ImageObject","inLanguage":"es","@id":"https:\/\/jp2doc.pl\/es\/#\/schema\/person\/image\/","url":"https:\/\/secure.gravatar.com\/avatar\/266a66e864556e22d55d61b6b10c97fab9060767b738564bcd109f3997e372bc?s=96&d=mm&r=g","contentUrl":"https:\/\/secure.gravatar.com\/avatar\/266a66e864556e22d55d61b6b10c97fab9060767b738564bcd109f3997e372bc?s=96&d=mm&r=g","caption":"juliasercanka"},"url":"https:\/\/jp2doc.pl\/es\/author\/juliasercanka\/"}]}},"_links":{"self":[{"href":"https:\/\/jp2doc.pl\/es\/wp-json\/wp\/v2\/posts\/1266","targetHints":{"allow":["GET"]}}],"collection":[{"href":"https:\/\/jp2doc.pl\/es\/wp-json\/wp\/v2\/posts"}],"about":[{"href":"https:\/\/jp2doc.pl\/es\/wp-json\/wp\/v2\/types\/post"}],"author":[{"embeddable":true,"href":"https:\/\/jp2doc.pl\/es\/wp-json\/wp\/v2\/users\/5"}],"replies":[{"embeddable":true,"href":"https:\/\/jp2doc.pl\/es\/wp-json\/wp\/v2\/comments?post=1266"}],"version-history":[{"count":5,"href":"https:\/\/jp2doc.pl\/es\/wp-json\/wp\/v2\/posts\/1266\/revisions"}],"predecessor-version":[{"id":1272,"href":"https:\/\/jp2doc.pl\/es\/wp-json\/wp\/v2\/posts\/1266\/revisions\/1272"}],"wp:featuredmedia":[{"embeddable":true,"href":"https:\/\/jp2doc.pl\/es\/wp-json\/wp\/v2\/media\/1267"}],"wp:attachment":[{"href":"https:\/\/jp2doc.pl\/es\/wp-json\/wp\/v2\/media?parent=1266"}],"wp:term":[{"taxonomy":"category","embeddable":true,"href":"https:\/\/jp2doc.pl\/es\/wp-json\/wp\/v2\/categories?post=1266"},{"taxonomy":"post_tag","embeddable":true,"href":"https:\/\/jp2doc.pl\/es\/wp-json\/wp\/v2\/tags?post=1266"}],"curies":[{"name":"wp","href":"https:\/\/api.w.org\/{rel}","templated":true}]}}