{"id":1290,"date":"2017-11-11T19:43:43","date_gmt":"2017-11-11T18:43:43","guid":{"rendered":"http:\/\/jp2doc.pl\/es\/?p=1290"},"modified":"2017-11-11T19:43:43","modified_gmt":"2017-11-11T18:43:43","slug":"que-es-la-fuerza-de-la-esperanza","status":"publish","type":"post","link":"https:\/\/jp2doc.pl\/es\/2017\/11\/11\/que-es-la-fuerza-de-la-esperanza\/","title":{"rendered":"\u00bfQu\u00e9 es la fuerza de la esperanza?"},"content":{"rendered":"<p>Mateo 25, 1-13<\/p>\n<p>El evangelio seg\u00fan San Mateo fue escrito en un momento de especial tensi\u00f3n escatol\u00f3gica. La espera de un Cristo que tarda, junto a la persecuci\u00f3n a la primera comunidad cristiana pudieron ser razones comprensibles para la desesperanza, y esta \u00faltima, para relajar la observancia de la vida evang\u00e9lica. El contexto en el que se encuadra la par\u00e1bola de las diez v\u00edrgenes pone claramente la intenci\u00f3n: la invitaci\u00f3n a vigilar, pues \u201cno sab\u00e9is ni el d\u00eda ni la hora\u201d, reavivando la conversi\u00f3n.<\/p>\n<h5><strong>Necesidad de preparaci\u00f3n<\/strong><\/h5>\n<p>Para adentrarnos en el sentido de la par\u00e1bola partiremos del presupuesto de que el reino de los cielos no viene comparado con diez v\u00edrgenes, sino con la ya utilizada imagen de la fiesta de bodas. El reino de los cielos es presentado una vez m\u00e1s en un ambiente de alegr\u00eda, comuni\u00f3n y compartir. Imagen que vuelve a retomar la par\u00e1bola con la sala del fest\u00edn donde entrar\u00e1n las j\u00f3venes sensatas.<br \/>\nAl igual que en la par\u00e1bola que menciona al \u201ctraje de boda\u201d, vuelve a insistir Jes\u00fas en la necesidad de \u201cestar preparados\u201d para poder participar del banquete. Dada ya por supuesta la comparaci\u00f3n del reino con el banquete de boda, hemos de centrar la atenci\u00f3n en esta necesidad de preparaci\u00f3n.<\/p>\n<h5><strong>Estrechar v\u00ednculos de amistad<\/strong><\/h5>\n<p>La par\u00e1bola nos narra una escena del todo familiar en la preparaci\u00f3n de una boda en el medio oriente. Todav\u00eda hoy, se juntan las amigas de la novia, a manera de cortejo que hace de s\u00e9quito y la acompa\u00f1an, en ese momento tan importante en la vida. En la Galilea de la \u00e9poca de Jes\u00fas, sin embargo, las v\u00edrgenes deb\u00edan esperar en la casa de la novia hasta que llegase el novio a por ella. Esta presencia en el lugar y en el momento justo garantizaba la participaci\u00f3n en una danza inicial y con ella, la entrada al banquete. Ocasi\u00f3n no solo para acompa\u00f1ar a la amiga, sino para estrechar v\u00ednculos, e incluso, mostrar los propios atributos.<br \/>\nAunque algunos afirman que el n\u00famero de las v\u00edrgenes carece de significado alguno, seguramente ese n\u00famero redondo, como en la narraci\u00f3n de los diez leprosos sanados por Jes\u00fas (Lucas 11-19) nos ayuda a identificarnos con esa realidad. Hay mucho de personalidad corporativa en el grupo que bien pudiera representar a una sociedad de sensatos en insensatos, prudentes e imprudentes.<\/p>\n<h5><strong>Sensatez en la espera del Se\u00f1or<\/strong><\/h5>\n<p>El centro de inter\u00e9s de la par\u00e1bola versa en torno a: el retraso del novio y el sue\u00f1o que embarga a las que esperan. Donde lo que las hace llevar el calificativo de necias, insensatas o imprudentes, no es el haberse dormido, pues todas se duermen por igual, sino el no ir preparadas para su objetivo, quiz\u00e1 no habiendo previsto el posible retraso del novio y de consecuencia no haberse provisto de suficiente aceite.<br \/>\nComo el ladr\u00f3n (del cap\u00edtulo 24), el novio llega de forma inesperada. Se escucha el grito: \u201cque llega el novio, salid a recibirlo\u201d. Momento de avivar las l\u00e1mparas. Momento de dejar en evidencia la sensatez o insensatez, lo prudente o imprudente, que hemos sido. La negativa de las prudentes a compartir su aceite, no es en modo alguno apolog\u00eda del ego\u00edsmo, sino la manifestaci\u00f3n de otro rasgo fundamental de esta par\u00e1bola: esta preparaci\u00f3n es personal e insustituible. El que les manden a comprar el aceite a tales horas de la noche, donde evidentemente no lo encontrar\u00edan, sirve de ocasi\u00f3n para la ausencia de las imprudentes al momento de la llegada del novio. Mientras van de camino a enmendar su insensatez, llega el novio y se cierra la sala del fest\u00edn. Ya no hay tiempo.<\/p>\n<h5><strong>Hemos de vivir en la esperanza<\/strong><\/h5>\n<p>Nos encontramos en el Domingo XXXII del Tiempo Ordinario. Estamos a dos semanas de la fiesta de Cristo Rey. La liturgia de Palabra de este y los venideros Domingos nos ayudan a fijar la mirada en las realidades \u00faltimas sin abandonar nuestras responsabilidades presentes. La seriedad del aqu\u00ed y el ahora exigen una preparaci\u00f3n personal e inaplazable para el momento futuro. Los cristianos de nuestro tiempo hemos de vivir en la esperanza. Curiosamente muchos pueblos bienestantes, con mejores condiciones de vida, parecen haber apagado la llama de la esperanza, mientras quienes son m\u00e1s probados por la dificultad en el momento presente levantan la mirada con la esperanza puesta en la promesa de un cielo nuevo y tierra nueva donde morar. El Papa Francisco nos ense\u00f1a (el 15 de noviembre, 2015):<\/p>\n<blockquote><p>\nLa esperanza es la m\u00e1s peque\u00f1a de las virtudes, pero la m\u00e1s fuerte. Y nuestra esperanza tiene un rostro: el rostro del Se\u00f1or resucitado que viene \u00abcon poder y gloria\u00bb, que manifiesta su amor crucificado, transfigurado en la resurrecci\u00f3n<\/p><\/blockquote>\n<p><strong>Don Pedro Antonio Moya Rivera<\/strong>, Madrid<\/p>\n","protected":false},"excerpt":{"rendered":"<p>XXXII Domingo del Tiempo Ordinario<\/p>\n","protected":false},"author":5,"featured_media":1291,"comment_status":"open","ping_status":"open","sticky":false,"template":"","format":"standard","meta":{"_acf_changed":false,"_exactmetrics_skip_tracking":false,"_exactmetrics_sitenote_active":false,"_exactmetrics_sitenote_note":"","_exactmetrics_sitenote_category":0,"footnotes":""},"categories":[4,13,14],"tags":[58,31,48,47,37,59],"class_list":["post-1290","post","type-post","status-publish","format-standard","has-post-thumbnail","hentry","category-blog","category-strona-glowna-najnowsze","category-strona-glowna-slider","tag-domingo-xxxii","tag-evangelio","tag-madrid","tag-pedro-antonio-moya-rivera","tag-san-mateo","tag-virgenes"],"acf":[],"yoast_head":"<!-- This site is optimized with the Yoast SEO plugin v26.2 - https:\/\/yoast.com\/wordpress\/plugins\/seo\/ -->\n<title>\u00bfQu\u00e9 es la fuerza de la esperanza? - Centro de Documentaci\u00f3n y Estudios del Pontificado de Juan Pablo II en Roma<\/title>\n<meta name=\"robots\" content=\"index, follow, max-snippet:-1, max-image-preview:large, max-video-preview:-1\" \/>\n<link rel=\"canonical\" href=\"https:\/\/jp2doc.pl\/es\/2017\/11\/11\/que-es-la-fuerza-de-la-esperanza\/\" \/>\n<meta property=\"og:locale\" content=\"es_ES\" \/>\n<meta property=\"og:type\" content=\"article\" \/>\n<meta property=\"og:title\" content=\"\u00bfQu\u00e9 es la fuerza de la esperanza? - Centro de Documentaci\u00f3n y Estudios del Pontificado de Juan Pablo II en Roma\" \/>\n<meta property=\"og:description\" content=\"XXXII Domingo del Tiempo Ordinario\" \/>\n<meta property=\"og:url\" content=\"https:\/\/jp2doc.pl\/es\/2017\/11\/11\/que-es-la-fuerza-de-la-esperanza\/\" \/>\n<meta property=\"og:site_name\" content=\"Centro de Documentaci\u00f3n y Estudios del Pontificado de Juan Pablo II en Roma\" \/>\n<meta property=\"article:published_time\" content=\"2017-11-11T18:43:43+00:00\" \/>\n<meta property=\"og:image\" content=\"https:\/\/jp2doc.pl\/es\/wp-content\/uploads\/sites\/4\/2017\/11\/david-pentek-305016.jpg\" \/>\n\t<meta property=\"og:image:width\" content=\"1890\" \/>\n\t<meta property=\"og:image:height\" content=\"1260\" \/>\n\t<meta property=\"og:image:type\" content=\"image\/jpeg\" \/>\n<meta name=\"author\" content=\"juliasercanka\" \/>\n<meta name=\"twitter:card\" content=\"summary_large_image\" \/>\n<meta name=\"twitter:label1\" content=\"Escrito por\" \/>\n\t<meta name=\"twitter:data1\" content=\"juliasercanka\" \/>\n\t<meta name=\"twitter:label2\" content=\"Tiempo de lectura\" \/>\n\t<meta name=\"twitter:data2\" content=\"4 minutos\" \/>\n<script type=\"application\/ld+json\" class=\"yoast-schema-graph\">{\"@context\":\"https:\/\/schema.org\",\"@graph\":[{\"@type\":\"Article\",\"@id\":\"https:\/\/jp2doc.pl\/es\/2017\/11\/11\/que-es-la-fuerza-de-la-esperanza\/#article\",\"isPartOf\":{\"@id\":\"https:\/\/jp2doc.pl\/es\/2017\/11\/11\/que-es-la-fuerza-de-la-esperanza\/\"},\"author\":{\"name\":\"juliasercanka\",\"@id\":\"https:\/\/jp2doc.pl\/es\/#\/schema\/person\/6110109e80abb51f6fac4824777eabfe\"},\"headline\":\"\u00bfQu\u00e9 es la fuerza de la esperanza?\",\"datePublished\":\"2017-11-11T18:43:43+00:00\",\"mainEntityOfPage\":{\"@id\":\"https:\/\/jp2doc.pl\/es\/2017\/11\/11\/que-es-la-fuerza-de-la-esperanza\/\"},\"wordCount\":853,\"commentCount\":0,\"publisher\":{\"@id\":\"https:\/\/jp2doc.pl\/es\/#organization\"},\"image\":{\"@id\":\"https:\/\/jp2doc.pl\/es\/2017\/11\/11\/que-es-la-fuerza-de-la-esperanza\/#primaryimage\"},\"thumbnailUrl\":\"https:\/\/jp2doc.pl\/es\/wp-content\/uploads\/sites\/4\/2017\/11\/david-pentek-305016.jpg\",\"keywords\":[\"Domingo XXXII\",\"evangelio\",\"Madrid\",\"Pedro Antonio Moya Rivera\",\"San Mateo\",\"v\u00edrgenes\"],\"articleSection\":[\"Blog\",\"Strona g\u0142\u00f3wna - najnowsze\",\"Strona g\u0142\u00f3wna - slider\"],\"inLanguage\":\"es\",\"potentialAction\":[{\"@type\":\"CommentAction\",\"name\":\"Comment\",\"target\":[\"https:\/\/jp2doc.pl\/es\/2017\/11\/11\/que-es-la-fuerza-de-la-esperanza\/#respond\"]}]},{\"@type\":\"WebPage\",\"@id\":\"https:\/\/jp2doc.pl\/es\/2017\/11\/11\/que-es-la-fuerza-de-la-esperanza\/\",\"url\":\"https:\/\/jp2doc.pl\/es\/2017\/11\/11\/que-es-la-fuerza-de-la-esperanza\/\",\"name\":\"\u00bfQu\u00e9 es la fuerza de la esperanza? - Centro de Documentaci\u00f3n y Estudios del Pontificado de Juan Pablo II en Roma\",\"isPartOf\":{\"@id\":\"https:\/\/jp2doc.pl\/es\/#website\"},\"primaryImageOfPage\":{\"@id\":\"https:\/\/jp2doc.pl\/es\/2017\/11\/11\/que-es-la-fuerza-de-la-esperanza\/#primaryimage\"},\"image\":{\"@id\":\"https:\/\/jp2doc.pl\/es\/2017\/11\/11\/que-es-la-fuerza-de-la-esperanza\/#primaryimage\"},\"thumbnailUrl\":\"https:\/\/jp2doc.pl\/es\/wp-content\/uploads\/sites\/4\/2017\/11\/david-pentek-305016.jpg\",\"datePublished\":\"2017-11-11T18:43:43+00:00\",\"breadcrumb\":{\"@id\":\"https:\/\/jp2doc.pl\/es\/2017\/11\/11\/que-es-la-fuerza-de-la-esperanza\/#breadcrumb\"},\"inLanguage\":\"es\",\"potentialAction\":[{\"@type\":\"ReadAction\",\"target\":[\"https:\/\/jp2doc.pl\/es\/2017\/11\/11\/que-es-la-fuerza-de-la-esperanza\/\"]}]},{\"@type\":\"ImageObject\",\"inLanguage\":\"es\",\"@id\":\"https:\/\/jp2doc.pl\/es\/2017\/11\/11\/que-es-la-fuerza-de-la-esperanza\/#primaryimage\",\"url\":\"https:\/\/jp2doc.pl\/es\/wp-content\/uploads\/sites\/4\/2017\/11\/david-pentek-305016.jpg\",\"contentUrl\":\"https:\/\/jp2doc.pl\/es\/wp-content\/uploads\/sites\/4\/2017\/11\/david-pentek-305016.jpg\",\"width\":1890,\"height\":1260},{\"@type\":\"BreadcrumbList\",\"@id\":\"https:\/\/jp2doc.pl\/es\/2017\/11\/11\/que-es-la-fuerza-de-la-esperanza\/#breadcrumb\",\"itemListElement\":[{\"@type\":\"ListItem\",\"position\":1,\"name\":\"Home\",\"item\":\"https:\/\/jp2doc.pl\/es\/\"},{\"@type\":\"ListItem\",\"position\":2,\"name\":\"\u00bfQu\u00e9 es la fuerza de la esperanza?\"}]},{\"@type\":\"WebSite\",\"@id\":\"https:\/\/jp2doc.pl\/es\/#website\",\"url\":\"https:\/\/jp2doc.pl\/es\/\",\"name\":\"Centro de Documentaci\u00f3n y Estudios del Pontificado de Juan Pablo II en Roma\",\"description\":\"\",\"publisher\":{\"@id\":\"https:\/\/jp2doc.pl\/es\/#organization\"},\"potentialAction\":[{\"@type\":\"SearchAction\",\"target\":{\"@type\":\"EntryPoint\",\"urlTemplate\":\"https:\/\/jp2doc.pl\/es\/?s={search_term_string}\"},\"query-input\":{\"@type\":\"PropertyValueSpecification\",\"valueRequired\":true,\"valueName\":\"search_term_string\"}}],\"inLanguage\":\"es\"},{\"@type\":\"Organization\",\"@id\":\"https:\/\/jp2doc.pl\/es\/#organization\",\"name\":\"Centro de Documentaci\u00f3n y Estudios del Pontificado de Juan Pablo II en Roma\",\"url\":\"https:\/\/jp2doc.pl\/es\/\",\"logo\":{\"@type\":\"ImageObject\",\"inLanguage\":\"es\",\"@id\":\"https:\/\/jp2doc.pl\/es\/#\/schema\/logo\/image\/\",\"url\":\"https:\/\/jp2doc.pl\/es\/wp-content\/uploads\/sites\/4\/2017\/03\/cropped-logo.png\",\"contentUrl\":\"https:\/\/jp2doc.pl\/es\/wp-content\/uploads\/sites\/4\/2017\/03\/cropped-logo.png\",\"width\":115,\"height\":115,\"caption\":\"Centro de Documentaci\u00f3n y Estudios del Pontificado de Juan Pablo II en Roma\"},\"image\":{\"@id\":\"https:\/\/jp2doc.pl\/es\/#\/schema\/logo\/image\/\"}},{\"@type\":\"Person\",\"@id\":\"https:\/\/jp2doc.pl\/es\/#\/schema\/person\/6110109e80abb51f6fac4824777eabfe\",\"name\":\"juliasercanka\",\"image\":{\"@type\":\"ImageObject\",\"inLanguage\":\"es\",\"@id\":\"https:\/\/jp2doc.pl\/es\/#\/schema\/person\/image\/\",\"url\":\"https:\/\/secure.gravatar.com\/avatar\/266a66e864556e22d55d61b6b10c97fab9060767b738564bcd109f3997e372bc?s=96&d=mm&r=g\",\"contentUrl\":\"https:\/\/secure.gravatar.com\/avatar\/266a66e864556e22d55d61b6b10c97fab9060767b738564bcd109f3997e372bc?s=96&d=mm&r=g\",\"caption\":\"juliasercanka\"},\"url\":\"https:\/\/jp2doc.pl\/es\/author\/juliasercanka\/\"}]}<\/script>\n<!-- \/ Yoast SEO plugin. -->","yoast_head_json":{"title":"\u00bfQu\u00e9 es la fuerza de la esperanza? - Centro de Documentaci\u00f3n y Estudios del Pontificado de Juan Pablo II en Roma","robots":{"index":"index","follow":"follow","max-snippet":"max-snippet:-1","max-image-preview":"max-image-preview:large","max-video-preview":"max-video-preview:-1"},"canonical":"https:\/\/jp2doc.pl\/es\/2017\/11\/11\/que-es-la-fuerza-de-la-esperanza\/","og_locale":"es_ES","og_type":"article","og_title":"\u00bfQu\u00e9 es la fuerza de la esperanza? - Centro de Documentaci\u00f3n y Estudios del Pontificado de Juan Pablo II en Roma","og_description":"XXXII Domingo del Tiempo Ordinario","og_url":"https:\/\/jp2doc.pl\/es\/2017\/11\/11\/que-es-la-fuerza-de-la-esperanza\/","og_site_name":"Centro de Documentaci\u00f3n y Estudios del Pontificado de Juan Pablo II en Roma","article_published_time":"2017-11-11T18:43:43+00:00","og_image":[{"width":1890,"height":1260,"url":"https:\/\/jp2doc.pl\/es\/wp-content\/uploads\/sites\/4\/2017\/11\/david-pentek-305016.jpg","type":"image\/jpeg"}],"author":"juliasercanka","twitter_card":"summary_large_image","twitter_misc":{"Escrito por":"juliasercanka","Tiempo de lectura":"4 minutos"},"schema":{"@context":"https:\/\/schema.org","@graph":[{"@type":"Article","@id":"https:\/\/jp2doc.pl\/es\/2017\/11\/11\/que-es-la-fuerza-de-la-esperanza\/#article","isPartOf":{"@id":"https:\/\/jp2doc.pl\/es\/2017\/11\/11\/que-es-la-fuerza-de-la-esperanza\/"},"author":{"name":"juliasercanka","@id":"https:\/\/jp2doc.pl\/es\/#\/schema\/person\/6110109e80abb51f6fac4824777eabfe"},"headline":"\u00bfQu\u00e9 es la fuerza de la esperanza?","datePublished":"2017-11-11T18:43:43+00:00","mainEntityOfPage":{"@id":"https:\/\/jp2doc.pl\/es\/2017\/11\/11\/que-es-la-fuerza-de-la-esperanza\/"},"wordCount":853,"commentCount":0,"publisher":{"@id":"https:\/\/jp2doc.pl\/es\/#organization"},"image":{"@id":"https:\/\/jp2doc.pl\/es\/2017\/11\/11\/que-es-la-fuerza-de-la-esperanza\/#primaryimage"},"thumbnailUrl":"https:\/\/jp2doc.pl\/es\/wp-content\/uploads\/sites\/4\/2017\/11\/david-pentek-305016.jpg","keywords":["Domingo XXXII","evangelio","Madrid","Pedro Antonio Moya Rivera","San Mateo","v\u00edrgenes"],"articleSection":["Blog","Strona g\u0142\u00f3wna - najnowsze","Strona g\u0142\u00f3wna - slider"],"inLanguage":"es","potentialAction":[{"@type":"CommentAction","name":"Comment","target":["https:\/\/jp2doc.pl\/es\/2017\/11\/11\/que-es-la-fuerza-de-la-esperanza\/#respond"]}]},{"@type":"WebPage","@id":"https:\/\/jp2doc.pl\/es\/2017\/11\/11\/que-es-la-fuerza-de-la-esperanza\/","url":"https:\/\/jp2doc.pl\/es\/2017\/11\/11\/que-es-la-fuerza-de-la-esperanza\/","name":"\u00bfQu\u00e9 es la fuerza de la esperanza? - Centro de Documentaci\u00f3n y Estudios del Pontificado de Juan Pablo II en Roma","isPartOf":{"@id":"https:\/\/jp2doc.pl\/es\/#website"},"primaryImageOfPage":{"@id":"https:\/\/jp2doc.pl\/es\/2017\/11\/11\/que-es-la-fuerza-de-la-esperanza\/#primaryimage"},"image":{"@id":"https:\/\/jp2doc.pl\/es\/2017\/11\/11\/que-es-la-fuerza-de-la-esperanza\/#primaryimage"},"thumbnailUrl":"https:\/\/jp2doc.pl\/es\/wp-content\/uploads\/sites\/4\/2017\/11\/david-pentek-305016.jpg","datePublished":"2017-11-11T18:43:43+00:00","breadcrumb":{"@id":"https:\/\/jp2doc.pl\/es\/2017\/11\/11\/que-es-la-fuerza-de-la-esperanza\/#breadcrumb"},"inLanguage":"es","potentialAction":[{"@type":"ReadAction","target":["https:\/\/jp2doc.pl\/es\/2017\/11\/11\/que-es-la-fuerza-de-la-esperanza\/"]}]},{"@type":"ImageObject","inLanguage":"es","@id":"https:\/\/jp2doc.pl\/es\/2017\/11\/11\/que-es-la-fuerza-de-la-esperanza\/#primaryimage","url":"https:\/\/jp2doc.pl\/es\/wp-content\/uploads\/sites\/4\/2017\/11\/david-pentek-305016.jpg","contentUrl":"https:\/\/jp2doc.pl\/es\/wp-content\/uploads\/sites\/4\/2017\/11\/david-pentek-305016.jpg","width":1890,"height":1260},{"@type":"BreadcrumbList","@id":"https:\/\/jp2doc.pl\/es\/2017\/11\/11\/que-es-la-fuerza-de-la-esperanza\/#breadcrumb","itemListElement":[{"@type":"ListItem","position":1,"name":"Home","item":"https:\/\/jp2doc.pl\/es\/"},{"@type":"ListItem","position":2,"name":"\u00bfQu\u00e9 es la fuerza de la esperanza?"}]},{"@type":"WebSite","@id":"https:\/\/jp2doc.pl\/es\/#website","url":"https:\/\/jp2doc.pl\/es\/","name":"Centro de Documentaci\u00f3n y Estudios del Pontificado de Juan Pablo II en Roma","description":"","publisher":{"@id":"https:\/\/jp2doc.pl\/es\/#organization"},"potentialAction":[{"@type":"SearchAction","target":{"@type":"EntryPoint","urlTemplate":"https:\/\/jp2doc.pl\/es\/?s={search_term_string}"},"query-input":{"@type":"PropertyValueSpecification","valueRequired":true,"valueName":"search_term_string"}}],"inLanguage":"es"},{"@type":"Organization","@id":"https:\/\/jp2doc.pl\/es\/#organization","name":"Centro de Documentaci\u00f3n y Estudios del Pontificado de Juan Pablo II en Roma","url":"https:\/\/jp2doc.pl\/es\/","logo":{"@type":"ImageObject","inLanguage":"es","@id":"https:\/\/jp2doc.pl\/es\/#\/schema\/logo\/image\/","url":"https:\/\/jp2doc.pl\/es\/wp-content\/uploads\/sites\/4\/2017\/03\/cropped-logo.png","contentUrl":"https:\/\/jp2doc.pl\/es\/wp-content\/uploads\/sites\/4\/2017\/03\/cropped-logo.png","width":115,"height":115,"caption":"Centro de Documentaci\u00f3n y Estudios del Pontificado de Juan Pablo II en Roma"},"image":{"@id":"https:\/\/jp2doc.pl\/es\/#\/schema\/logo\/image\/"}},{"@type":"Person","@id":"https:\/\/jp2doc.pl\/es\/#\/schema\/person\/6110109e80abb51f6fac4824777eabfe","name":"juliasercanka","image":{"@type":"ImageObject","inLanguage":"es","@id":"https:\/\/jp2doc.pl\/es\/#\/schema\/person\/image\/","url":"https:\/\/secure.gravatar.com\/avatar\/266a66e864556e22d55d61b6b10c97fab9060767b738564bcd109f3997e372bc?s=96&d=mm&r=g","contentUrl":"https:\/\/secure.gravatar.com\/avatar\/266a66e864556e22d55d61b6b10c97fab9060767b738564bcd109f3997e372bc?s=96&d=mm&r=g","caption":"juliasercanka"},"url":"https:\/\/jp2doc.pl\/es\/author\/juliasercanka\/"}]}},"_links":{"self":[{"href":"https:\/\/jp2doc.pl\/es\/wp-json\/wp\/v2\/posts\/1290","targetHints":{"allow":["GET"]}}],"collection":[{"href":"https:\/\/jp2doc.pl\/es\/wp-json\/wp\/v2\/posts"}],"about":[{"href":"https:\/\/jp2doc.pl\/es\/wp-json\/wp\/v2\/types\/post"}],"author":[{"embeddable":true,"href":"https:\/\/jp2doc.pl\/es\/wp-json\/wp\/v2\/users\/5"}],"replies":[{"embeddable":true,"href":"https:\/\/jp2doc.pl\/es\/wp-json\/wp\/v2\/comments?post=1290"}],"version-history":[{"count":1,"href":"https:\/\/jp2doc.pl\/es\/wp-json\/wp\/v2\/posts\/1290\/revisions"}],"predecessor-version":[{"id":1292,"href":"https:\/\/jp2doc.pl\/es\/wp-json\/wp\/v2\/posts\/1290\/revisions\/1292"}],"wp:featuredmedia":[{"embeddable":true,"href":"https:\/\/jp2doc.pl\/es\/wp-json\/wp\/v2\/media\/1291"}],"wp:attachment":[{"href":"https:\/\/jp2doc.pl\/es\/wp-json\/wp\/v2\/media?parent=1290"}],"wp:term":[{"taxonomy":"category","embeddable":true,"href":"https:\/\/jp2doc.pl\/es\/wp-json\/wp\/v2\/categories?post=1290"},{"taxonomy":"post_tag","embeddable":true,"href":"https:\/\/jp2doc.pl\/es\/wp-json\/wp\/v2\/tags?post=1290"}],"curies":[{"name":"wp","href":"https:\/\/api.w.org\/{rel}","templated":true}]}}