{"id":1293,"date":"2017-11-14T18:08:30","date_gmt":"2017-11-14T17:08:30","guid":{"rendered":"http:\/\/jp2doc.pl\/es\/?p=1293"},"modified":"2017-11-14T18:08:30","modified_gmt":"2017-11-14T17:08:30","slug":"hasta-el-cielo","status":"publish","type":"post","link":"https:\/\/jp2doc.pl\/es\/2017\/11\/14\/hasta-el-cielo\/","title":{"rendered":"Hasta el cielo"},"content":{"rendered":"<p>En casi cuarenta a\u00f1os de bregar en el periodismo s\u00f3lo dos personas me han dejado una profunda huella. De las dem\u00e1s ni me acuerdo o procuro dejarles condenados en el olvido. Esas dos personas eran por contra muy especiales. Una de ellas era Adolfo Su\u00e1rez, el otro Juan Pablo II. No tuve ning\u00fan trato con ellos. Ni siquiera puedo sentirme digno de su amistad. Los dos llegaron y pasaron por mi vida como una estrella, fugaz, pero con tal intensidad que ilumin\u00f3 mi existir. Adem\u00e1s, los dos compart\u00edan algo especial. Te miraban como si fueras \u00fanico, mostrando bien a las claras que realmente le interesabas. Era un sentimiento que percib\u00edas como sincero, aut\u00e9ntico. Con el Papa hab\u00eda algo m\u00e1s. En sus gestos, en sus ojos, ve\u00edas, como al trasluz, la acci\u00f3n de Dios, que actuaba en un alma, forjada en el dolor y en el sufrimiento.<\/p>\n<h5><strong>\u201cQueremos obispos cat\u00f3licos\u201d<\/strong><\/h5>\n<p>Mi primer encuentro fue en el a\u00f1o 1982, en el castillo de Javier (fue el 6 de noviembre de 1982). Ten\u00eda 24 a\u00f1os y estaba destinado en el Centro Territorial de TVE en Navarra. Fui excluido del amplio dispositivo para seguir el primer viaje del Papa a Espa\u00f1a. No me import\u00f3. Fui como un peregrino m\u00e1s, cobij\u00e1ndome en una gran pancarta que pon\u00eda unas letras en polaco. Pregunt\u00e9 qu\u00e9 dec\u00eda. \u201cQueremos obispos cat\u00f3licos\u201d, me asegur\u00f3 un joven. \u201cEs un mensaje para el Papa\u2026. Ya sabes, Cirarda, el gudari (Jos\u00e9 Mar\u00eda Cirarda era el arzobispo titular de Pamplona y Tudela). Guard\u00e9 silencio y me qued\u00e9 mirando al Castillo de Javier, donde un Cristo lleg\u00f3 a sangrar, en el momento en el que el ap\u00f3stol de las Indias agonizaba mirando a las costas de China, que era todo su deseo.<br \/>\nLa espera en Javier fue, como dije, larga y hac\u00eda fr\u00edo. Nos aglomer\u00e1bamos mucha gente. Matamos el tiempo escuchando, con los transistores, al Papa desde Loyola, donde a los religiosos pidi\u00f3 fidelidad y ser modelos v\u00e1lidos de vida. Sus palabras hablaban de perd\u00f3n en una tierra atormentada por el odio y el dolor. Eran los tiempos de plomo.<\/p>\n<p>En aquella espera las palabras del Papa me confortaron:<\/p>\n<blockquote><p>La violencia no es un medio de construcci\u00f3n. Ofende a Dios, a quien la sufre, y a quien la practica<\/p><\/blockquote>\n<p>Todos asent\u00edamos, mientras escuch\u00e1bamos al Papa. Alguien rompi\u00f3 el silencio con un \u201cqu\u00e9 valiente\u201d, al referirse al Papa.<br \/>\nEn Javier apenas le vi, desde lejan\u00eda. Un punto blanco en la mole gris del castillo, transformado en Iglesia. Pude escuchar su voz poderosa:<\/p>\n<blockquote><p>Cristo necesita de vosotros y os llama, para ayudar a millones de hermanos vuestros a ser plenamente hombres y a salvarse. Vivid con esos nobles ideales en vuestra alma y no ced\u00e1is a la tentaci\u00f3n de ideolog\u00edas de hedonismo, de odio y de violencia que degradan al hombre. Abrid vuestro coraz\u00f3n a Cristo, a su ley de amor<\/p><\/blockquote>\n<p>Nada m\u00e1s marcharse los cielos se abrieron y no par\u00f3 de llover. Llegamos a Pamplona, calados hasta los huesos, d\u00e1ndole yo vueltas a aquel mensaje\u2026\u201dObis-pos cato-li-cos\u201d que contrastaba con las palabras del Papa. \u201cLa violencia\u2026 no es un medio de construcci\u00f3n. Ofende a Dios,\u2026 a quien la sufre\u2026 y a quien la practica\u201d. Y acogi\u00e9ndolas, pude al fin dormir.<\/p>\n<h5><strong>Una bendici\u00f3n en la nunciatura<\/strong><\/h5>\n<p>El Papa volvi\u00f3 m\u00e1s veces a Espa\u00f1a, hasta cinco. En el a\u00f1o 1993 vino a Madrid a consagrar la Catedral de la Almudena. Y otra vez fui excluido del dispositivo y no entend\u00ed por qu\u00e9. Ped\u00ed al Se\u00f1or ver al Papa. Lo hice con insistencia, sabiendo que era un imposible. No ten\u00eda la dichosa acreditaci\u00f3n. Y el Se\u00f1or me sorprendi\u00f3 una vez m\u00e1s. Una ma\u00f1ana estaba solo en la redacci\u00f3n. \u201cSal a la nunciatura\u2026\u201d, dec\u00eda mi jefa fuera de s\u00ed. \u201cUnos locos no paran de gritar\u201d. Sal\u00ed lo m\u00e1s r\u00e1pido posible. El equipo me esperaba. Y efectivamente, al llegar all\u00ed, me encontr\u00e9 con un grupo de j\u00f3venes que no paraban de gritar. \u201cJuan Pablo Segundo, te quiere todo el mundo\u201d, \u2026 \u201cTodo el muuuundo\u201d. Cada vez gritaban m\u00e1s. Me acerqu\u00e9 a la valla que rodea la Nunciatura. El c\u00e1mara me sigui\u00f3. Y cuando m\u00e1s gritaban los j\u00f3venes, el Papa apareci\u00f3. Me qued\u00e9 inm\u00f3vil, paralizado. Muy cerca de m\u00ed, le pude ver, sin acordarme en ese momento de la insistente petici\u00f3n que hab\u00eda hecho al Se\u00f1or. El Papa nos mir\u00f3 a todos, con una infinita ternura y nos bendijo, no de una manera rutinaria. No. Lo hizo con un gesto grave, sereno\u2026 Yo tambi\u00e9n me santig\u00fc\u00e9 ante el asombro de mis compa\u00f1eros y mir\u00e9 al cielo, para agradecer al Se\u00f1or esta propina. No esperaba la bendici\u00f3n primero del Papa y despu\u00e9s su amplia sonrisa. Fueron unos minutos que han llenado mi vida y que nunca olvidar\u00e9. La bendici\u00f3n del Papa, en aquella Nunciatura, el lugar, que, seg\u00fan supe m\u00e1s tarde, donde pasaba largas horas de oraci\u00f3n ante el sagrario, postrado en el suelo\u2026<\/p>\n<h5><strong>No teng\u00e1is miedo de hablar de \u00c9l<\/strong><\/h5>\n<p>En el a\u00f1o 2003 volvi\u00f3 por \u00faltima vez esta Papa viajero. Ya no era el mismo que conoc\u00ed en Javier y en la Nunciatura. Se encontraba enfermo y achacoso, pero sujetaba con firmeza todav\u00eda la f\u00e9rula, el b\u00e1culo rematado en una Cruz, que s\u00f3lo llevan los Papas. S\u00f3lo le quedaban tres viajes m\u00e1s y muy poca vida, pero ah\u00ed segu\u00eda, dando al mundo un ejemplo de dignidad en su ancianidad.<br \/>\nRecuerdo sus palabras en Cuatro Vientos. Parecen muy actuales:<\/p>\n<blockquote><p>La espiral de la violencia, el terrorismo y la guerra provoca, todav\u00eda en nuestros d\u00edas, odio y muerte. La paz &#8211; lo sabemos &#8211; es ante todo un don de lo Alto que debemos pedir con insistencia y que, adem\u00e1s, debemos construir entre todos mediante una profunda conversi\u00f3n interior<\/p><\/blockquote>\n<p>Me quedaron esas palabras muy grabadas. En aquellos momentos hab\u00eda perdido a mi madre. En lo personal me ve\u00eda sumido en un doloroso divorcio, otra espiral de violencia, que provoca en las almas heridas profundas y lacerantes. Son guerras silenciosas, que tambi\u00e9n matan a los hijos:<\/p>\n<blockquote><p>No teng\u00e1is miedo de hablar de \u00c9l- afirmaba el Papa- pues Cristo es la respuesta verdadera a todas las preguntas sobre el hombre y su destino<\/p><\/blockquote>\n<p>Aquellas palabras fueron como un aldabonazo para mi alma\u2026 Quise besar las manos del Papa y llorar, como hizo Ni\u00f1a Pastori, nada m\u00e1s terminar aquel desgarrador Ave Mar\u00eda ante millones de personas.<\/p>\n<h5><strong>Hasta el cielo<\/strong><\/h5>\n<p>El Papa morir\u00eda dos a\u00f1os despu\u00e9s, el dos de abril del a\u00f1o 2005, a los 84 a\u00f1os. Me acuerdo muy bien, pues me toc\u00f3 dar la noticia en el Teletexto de TVE. \u201cEl Papa ha muerto\u201d. Fue el breve mensaje que sali\u00f3 al aire, y mientras lo hac\u00eda, ven\u00eda a m\u00ed memoria aquel encuentro y aquella bendici\u00f3n en la Nunciatura de Madrid del a\u00f1o 1993. \u201cHasta el cielo\u201d, repet\u00eda en mi interior, mientras tecleaba una informaci\u00f3n de urgencia sobre aquel Papa venido de un pa\u00eds lejano.<\/p>\n<p><strong>Jos\u00e9 G. Concepci\u00f3n Blasco<\/strong>, periodista, Madrid<\/p>\n","protected":false},"excerpt":{"rendered":"<p>Jos\u00e9 G. Concepci\u00f3n Blasco<\/p>\n","protected":false},"author":5,"featured_media":1294,"comment_status":"open","ping_status":"open","sticky":false,"template":"","format":"standard","meta":{"_acf_changed":false,"_exactmetrics_skip_tracking":false,"_exactmetrics_sitenote_active":false,"_exactmetrics_sitenote_note":"","_exactmetrics_sitenote_category":0,"footnotes":""},"categories":[2,14],"tags":[21,48,60,61,62],"class_list":["post-1293","post","type-post","status-publish","format-standard","has-post-thumbnail","hentry","category-articulos","category-strona-glowna-slider","tag-juan-pablo-ii","tag-madrid","tag-papa","tag-periodista","tag-tve"],"acf":[],"yoast_head":"<!-- This site is optimized with the Yoast SEO plugin v26.2 - https:\/\/yoast.com\/wordpress\/plugins\/seo\/ -->\n<title>Hasta el cielo - Centro de Documentaci\u00f3n y Estudios del Pontificado de Juan Pablo II en Roma<\/title>\n<meta name=\"robots\" content=\"index, follow, max-snippet:-1, max-image-preview:large, max-video-preview:-1\" \/>\n<link rel=\"canonical\" href=\"https:\/\/jp2doc.pl\/es\/2017\/11\/14\/hasta-el-cielo\/\" \/>\n<meta property=\"og:locale\" content=\"es_ES\" \/>\n<meta property=\"og:type\" content=\"article\" \/>\n<meta property=\"og:title\" content=\"Hasta el cielo - Centro de Documentaci\u00f3n y Estudios del Pontificado de Juan Pablo II en Roma\" \/>\n<meta property=\"og:description\" content=\"Jos\u00e9 G. Concepci\u00f3n Blasco\" \/>\n<meta property=\"og:url\" content=\"https:\/\/jp2doc.pl\/es\/2017\/11\/14\/hasta-el-cielo\/\" \/>\n<meta property=\"og:site_name\" content=\"Centro de Documentaci\u00f3n y Estudios del Pontificado de Juan Pablo II en Roma\" \/>\n<meta property=\"article:published_time\" content=\"2017-11-14T17:08:30+00:00\" \/>\n<meta property=\"og:image\" content=\"https:\/\/jp2doc.pl\/es\/wp-content\/uploads\/sites\/4\/2017\/11\/hy.jpg\" \/>\n\t<meta property=\"og:image:width\" content=\"1119\" \/>\n\t<meta property=\"og:image:height\" content=\"751\" \/>\n\t<meta property=\"og:image:type\" content=\"image\/jpeg\" \/>\n<meta name=\"author\" content=\"juliasercanka\" \/>\n<meta name=\"twitter:card\" content=\"summary_large_image\" \/>\n<meta name=\"twitter:label1\" content=\"Escrito por\" \/>\n\t<meta name=\"twitter:data1\" content=\"juliasercanka\" \/>\n\t<meta name=\"twitter:label2\" content=\"Tiempo de lectura\" \/>\n\t<meta name=\"twitter:data2\" content=\"6 minutos\" \/>\n<script type=\"application\/ld+json\" class=\"yoast-schema-graph\">{\"@context\":\"https:\/\/schema.org\",\"@graph\":[{\"@type\":\"Article\",\"@id\":\"https:\/\/jp2doc.pl\/es\/2017\/11\/14\/hasta-el-cielo\/#article\",\"isPartOf\":{\"@id\":\"https:\/\/jp2doc.pl\/es\/2017\/11\/14\/hasta-el-cielo\/\"},\"author\":{\"name\":\"juliasercanka\",\"@id\":\"https:\/\/jp2doc.pl\/es\/#\/schema\/person\/6110109e80abb51f6fac4824777eabfe\"},\"headline\":\"Hasta el cielo\",\"datePublished\":\"2017-11-14T17:08:30+00:00\",\"mainEntityOfPage\":{\"@id\":\"https:\/\/jp2doc.pl\/es\/2017\/11\/14\/hasta-el-cielo\/\"},\"wordCount\":1245,\"commentCount\":0,\"publisher\":{\"@id\":\"https:\/\/jp2doc.pl\/es\/#organization\"},\"image\":{\"@id\":\"https:\/\/jp2doc.pl\/es\/2017\/11\/14\/hasta-el-cielo\/#primaryimage\"},\"thumbnailUrl\":\"https:\/\/jp2doc.pl\/es\/wp-content\/uploads\/sites\/4\/2017\/11\/hy.jpg\",\"keywords\":[\"Juan Pablo II\",\"Madrid\",\"Papa\",\"periodista\",\"TVE\"],\"articleSection\":[\"Art\u00edculos\",\"Strona g\u0142\u00f3wna - slider\"],\"inLanguage\":\"es\",\"potentialAction\":[{\"@type\":\"CommentAction\",\"name\":\"Comment\",\"target\":[\"https:\/\/jp2doc.pl\/es\/2017\/11\/14\/hasta-el-cielo\/#respond\"]}]},{\"@type\":\"WebPage\",\"@id\":\"https:\/\/jp2doc.pl\/es\/2017\/11\/14\/hasta-el-cielo\/\",\"url\":\"https:\/\/jp2doc.pl\/es\/2017\/11\/14\/hasta-el-cielo\/\",\"name\":\"Hasta el cielo - Centro de Documentaci\u00f3n y Estudios del Pontificado de Juan Pablo II en Roma\",\"isPartOf\":{\"@id\":\"https:\/\/jp2doc.pl\/es\/#website\"},\"primaryImageOfPage\":{\"@id\":\"https:\/\/jp2doc.pl\/es\/2017\/11\/14\/hasta-el-cielo\/#primaryimage\"},\"image\":{\"@id\":\"https:\/\/jp2doc.pl\/es\/2017\/11\/14\/hasta-el-cielo\/#primaryimage\"},\"thumbnailUrl\":\"https:\/\/jp2doc.pl\/es\/wp-content\/uploads\/sites\/4\/2017\/11\/hy.jpg\",\"datePublished\":\"2017-11-14T17:08:30+00:00\",\"breadcrumb\":{\"@id\":\"https:\/\/jp2doc.pl\/es\/2017\/11\/14\/hasta-el-cielo\/#breadcrumb\"},\"inLanguage\":\"es\",\"potentialAction\":[{\"@type\":\"ReadAction\",\"target\":[\"https:\/\/jp2doc.pl\/es\/2017\/11\/14\/hasta-el-cielo\/\"]}]},{\"@type\":\"ImageObject\",\"inLanguage\":\"es\",\"@id\":\"https:\/\/jp2doc.pl\/es\/2017\/11\/14\/hasta-el-cielo\/#primaryimage\",\"url\":\"https:\/\/jp2doc.pl\/es\/wp-content\/uploads\/sites\/4\/2017\/11\/hy.jpg\",\"contentUrl\":\"https:\/\/jp2doc.pl\/es\/wp-content\/uploads\/sites\/4\/2017\/11\/hy.jpg\",\"width\":1119,\"height\":751},{\"@type\":\"BreadcrumbList\",\"@id\":\"https:\/\/jp2doc.pl\/es\/2017\/11\/14\/hasta-el-cielo\/#breadcrumb\",\"itemListElement\":[{\"@type\":\"ListItem\",\"position\":1,\"name\":\"Home\",\"item\":\"https:\/\/jp2doc.pl\/es\/\"},{\"@type\":\"ListItem\",\"position\":2,\"name\":\"Hasta el cielo\"}]},{\"@type\":\"WebSite\",\"@id\":\"https:\/\/jp2doc.pl\/es\/#website\",\"url\":\"https:\/\/jp2doc.pl\/es\/\",\"name\":\"Centro de Documentaci\u00f3n y Estudios del Pontificado de Juan Pablo II en Roma\",\"description\":\"\",\"publisher\":{\"@id\":\"https:\/\/jp2doc.pl\/es\/#organization\"},\"potentialAction\":[{\"@type\":\"SearchAction\",\"target\":{\"@type\":\"EntryPoint\",\"urlTemplate\":\"https:\/\/jp2doc.pl\/es\/?s={search_term_string}\"},\"query-input\":{\"@type\":\"PropertyValueSpecification\",\"valueRequired\":true,\"valueName\":\"search_term_string\"}}],\"inLanguage\":\"es\"},{\"@type\":\"Organization\",\"@id\":\"https:\/\/jp2doc.pl\/es\/#organization\",\"name\":\"Centro de Documentaci\u00f3n y Estudios del Pontificado de Juan Pablo II en Roma\",\"url\":\"https:\/\/jp2doc.pl\/es\/\",\"logo\":{\"@type\":\"ImageObject\",\"inLanguage\":\"es\",\"@id\":\"https:\/\/jp2doc.pl\/es\/#\/schema\/logo\/image\/\",\"url\":\"https:\/\/jp2doc.pl\/es\/wp-content\/uploads\/sites\/4\/2017\/03\/cropped-logo.png\",\"contentUrl\":\"https:\/\/jp2doc.pl\/es\/wp-content\/uploads\/sites\/4\/2017\/03\/cropped-logo.png\",\"width\":115,\"height\":115,\"caption\":\"Centro de Documentaci\u00f3n y Estudios del Pontificado de Juan Pablo II en Roma\"},\"image\":{\"@id\":\"https:\/\/jp2doc.pl\/es\/#\/schema\/logo\/image\/\"}},{\"@type\":\"Person\",\"@id\":\"https:\/\/jp2doc.pl\/es\/#\/schema\/person\/6110109e80abb51f6fac4824777eabfe\",\"name\":\"juliasercanka\",\"image\":{\"@type\":\"ImageObject\",\"inLanguage\":\"es\",\"@id\":\"https:\/\/jp2doc.pl\/es\/#\/schema\/person\/image\/\",\"url\":\"https:\/\/secure.gravatar.com\/avatar\/266a66e864556e22d55d61b6b10c97fab9060767b738564bcd109f3997e372bc?s=96&d=mm&r=g\",\"contentUrl\":\"https:\/\/secure.gravatar.com\/avatar\/266a66e864556e22d55d61b6b10c97fab9060767b738564bcd109f3997e372bc?s=96&d=mm&r=g\",\"caption\":\"juliasercanka\"},\"url\":\"https:\/\/jp2doc.pl\/es\/author\/juliasercanka\/\"}]}<\/script>\n<!-- \/ Yoast SEO plugin. -->","yoast_head_json":{"title":"Hasta el cielo - Centro de Documentaci\u00f3n y Estudios del Pontificado de Juan Pablo II en Roma","robots":{"index":"index","follow":"follow","max-snippet":"max-snippet:-1","max-image-preview":"max-image-preview:large","max-video-preview":"max-video-preview:-1"},"canonical":"https:\/\/jp2doc.pl\/es\/2017\/11\/14\/hasta-el-cielo\/","og_locale":"es_ES","og_type":"article","og_title":"Hasta el cielo - Centro de Documentaci\u00f3n y Estudios del Pontificado de Juan Pablo II en Roma","og_description":"Jos\u00e9 G. Concepci\u00f3n Blasco","og_url":"https:\/\/jp2doc.pl\/es\/2017\/11\/14\/hasta-el-cielo\/","og_site_name":"Centro de Documentaci\u00f3n y Estudios del Pontificado de Juan Pablo II en Roma","article_published_time":"2017-11-14T17:08:30+00:00","og_image":[{"width":1119,"height":751,"url":"https:\/\/jp2doc.pl\/es\/wp-content\/uploads\/sites\/4\/2017\/11\/hy.jpg","type":"image\/jpeg"}],"author":"juliasercanka","twitter_card":"summary_large_image","twitter_misc":{"Escrito por":"juliasercanka","Tiempo de lectura":"6 minutos"},"schema":{"@context":"https:\/\/schema.org","@graph":[{"@type":"Article","@id":"https:\/\/jp2doc.pl\/es\/2017\/11\/14\/hasta-el-cielo\/#article","isPartOf":{"@id":"https:\/\/jp2doc.pl\/es\/2017\/11\/14\/hasta-el-cielo\/"},"author":{"name":"juliasercanka","@id":"https:\/\/jp2doc.pl\/es\/#\/schema\/person\/6110109e80abb51f6fac4824777eabfe"},"headline":"Hasta el cielo","datePublished":"2017-11-14T17:08:30+00:00","mainEntityOfPage":{"@id":"https:\/\/jp2doc.pl\/es\/2017\/11\/14\/hasta-el-cielo\/"},"wordCount":1245,"commentCount":0,"publisher":{"@id":"https:\/\/jp2doc.pl\/es\/#organization"},"image":{"@id":"https:\/\/jp2doc.pl\/es\/2017\/11\/14\/hasta-el-cielo\/#primaryimage"},"thumbnailUrl":"https:\/\/jp2doc.pl\/es\/wp-content\/uploads\/sites\/4\/2017\/11\/hy.jpg","keywords":["Juan Pablo II","Madrid","Papa","periodista","TVE"],"articleSection":["Art\u00edculos","Strona g\u0142\u00f3wna - slider"],"inLanguage":"es","potentialAction":[{"@type":"CommentAction","name":"Comment","target":["https:\/\/jp2doc.pl\/es\/2017\/11\/14\/hasta-el-cielo\/#respond"]}]},{"@type":"WebPage","@id":"https:\/\/jp2doc.pl\/es\/2017\/11\/14\/hasta-el-cielo\/","url":"https:\/\/jp2doc.pl\/es\/2017\/11\/14\/hasta-el-cielo\/","name":"Hasta el cielo - Centro de Documentaci\u00f3n y Estudios del Pontificado de Juan Pablo II en Roma","isPartOf":{"@id":"https:\/\/jp2doc.pl\/es\/#website"},"primaryImageOfPage":{"@id":"https:\/\/jp2doc.pl\/es\/2017\/11\/14\/hasta-el-cielo\/#primaryimage"},"image":{"@id":"https:\/\/jp2doc.pl\/es\/2017\/11\/14\/hasta-el-cielo\/#primaryimage"},"thumbnailUrl":"https:\/\/jp2doc.pl\/es\/wp-content\/uploads\/sites\/4\/2017\/11\/hy.jpg","datePublished":"2017-11-14T17:08:30+00:00","breadcrumb":{"@id":"https:\/\/jp2doc.pl\/es\/2017\/11\/14\/hasta-el-cielo\/#breadcrumb"},"inLanguage":"es","potentialAction":[{"@type":"ReadAction","target":["https:\/\/jp2doc.pl\/es\/2017\/11\/14\/hasta-el-cielo\/"]}]},{"@type":"ImageObject","inLanguage":"es","@id":"https:\/\/jp2doc.pl\/es\/2017\/11\/14\/hasta-el-cielo\/#primaryimage","url":"https:\/\/jp2doc.pl\/es\/wp-content\/uploads\/sites\/4\/2017\/11\/hy.jpg","contentUrl":"https:\/\/jp2doc.pl\/es\/wp-content\/uploads\/sites\/4\/2017\/11\/hy.jpg","width":1119,"height":751},{"@type":"BreadcrumbList","@id":"https:\/\/jp2doc.pl\/es\/2017\/11\/14\/hasta-el-cielo\/#breadcrumb","itemListElement":[{"@type":"ListItem","position":1,"name":"Home","item":"https:\/\/jp2doc.pl\/es\/"},{"@type":"ListItem","position":2,"name":"Hasta el cielo"}]},{"@type":"WebSite","@id":"https:\/\/jp2doc.pl\/es\/#website","url":"https:\/\/jp2doc.pl\/es\/","name":"Centro de Documentaci\u00f3n y Estudios del Pontificado de Juan Pablo II en Roma","description":"","publisher":{"@id":"https:\/\/jp2doc.pl\/es\/#organization"},"potentialAction":[{"@type":"SearchAction","target":{"@type":"EntryPoint","urlTemplate":"https:\/\/jp2doc.pl\/es\/?s={search_term_string}"},"query-input":{"@type":"PropertyValueSpecification","valueRequired":true,"valueName":"search_term_string"}}],"inLanguage":"es"},{"@type":"Organization","@id":"https:\/\/jp2doc.pl\/es\/#organization","name":"Centro de Documentaci\u00f3n y Estudios del Pontificado de Juan Pablo II en Roma","url":"https:\/\/jp2doc.pl\/es\/","logo":{"@type":"ImageObject","inLanguage":"es","@id":"https:\/\/jp2doc.pl\/es\/#\/schema\/logo\/image\/","url":"https:\/\/jp2doc.pl\/es\/wp-content\/uploads\/sites\/4\/2017\/03\/cropped-logo.png","contentUrl":"https:\/\/jp2doc.pl\/es\/wp-content\/uploads\/sites\/4\/2017\/03\/cropped-logo.png","width":115,"height":115,"caption":"Centro de Documentaci\u00f3n y Estudios del Pontificado de Juan Pablo II en Roma"},"image":{"@id":"https:\/\/jp2doc.pl\/es\/#\/schema\/logo\/image\/"}},{"@type":"Person","@id":"https:\/\/jp2doc.pl\/es\/#\/schema\/person\/6110109e80abb51f6fac4824777eabfe","name":"juliasercanka","image":{"@type":"ImageObject","inLanguage":"es","@id":"https:\/\/jp2doc.pl\/es\/#\/schema\/person\/image\/","url":"https:\/\/secure.gravatar.com\/avatar\/266a66e864556e22d55d61b6b10c97fab9060767b738564bcd109f3997e372bc?s=96&d=mm&r=g","contentUrl":"https:\/\/secure.gravatar.com\/avatar\/266a66e864556e22d55d61b6b10c97fab9060767b738564bcd109f3997e372bc?s=96&d=mm&r=g","caption":"juliasercanka"},"url":"https:\/\/jp2doc.pl\/es\/author\/juliasercanka\/"}]}},"_links":{"self":[{"href":"https:\/\/jp2doc.pl\/es\/wp-json\/wp\/v2\/posts\/1293","targetHints":{"allow":["GET"]}}],"collection":[{"href":"https:\/\/jp2doc.pl\/es\/wp-json\/wp\/v2\/posts"}],"about":[{"href":"https:\/\/jp2doc.pl\/es\/wp-json\/wp\/v2\/types\/post"}],"author":[{"embeddable":true,"href":"https:\/\/jp2doc.pl\/es\/wp-json\/wp\/v2\/users\/5"}],"replies":[{"embeddable":true,"href":"https:\/\/jp2doc.pl\/es\/wp-json\/wp\/v2\/comments?post=1293"}],"version-history":[{"count":1,"href":"https:\/\/jp2doc.pl\/es\/wp-json\/wp\/v2\/posts\/1293\/revisions"}],"predecessor-version":[{"id":1295,"href":"https:\/\/jp2doc.pl\/es\/wp-json\/wp\/v2\/posts\/1293\/revisions\/1295"}],"wp:featuredmedia":[{"embeddable":true,"href":"https:\/\/jp2doc.pl\/es\/wp-json\/wp\/v2\/media\/1294"}],"wp:attachment":[{"href":"https:\/\/jp2doc.pl\/es\/wp-json\/wp\/v2\/media?parent=1293"}],"wp:term":[{"taxonomy":"category","embeddable":true,"href":"https:\/\/jp2doc.pl\/es\/wp-json\/wp\/v2\/categories?post=1293"},{"taxonomy":"post_tag","embeddable":true,"href":"https:\/\/jp2doc.pl\/es\/wp-json\/wp\/v2\/tags?post=1293"}],"curies":[{"name":"wp","href":"https:\/\/api.w.org\/{rel}","templated":true}]}}