{"id":1326,"date":"2018-01-27T11:51:51","date_gmt":"2018-01-27T10:51:51","guid":{"rendered":"http:\/\/jp2doc.pl\/es\/?p=1326"},"modified":"2018-03-12T13:12:56","modified_gmt":"2018-03-12T12:12:56","slug":"el-estilo-de-jesus","status":"publish","type":"post","link":"https:\/\/jp2doc.pl\/es\/2018\/01\/27\/el-estilo-de-jesus\/","title":{"rendered":"El estilo de Jes\u00fas"},"content":{"rendered":"<p>Mc 1,21-28<br \/>\nQuerido amigo: en estos encuentros estamos dej\u00e1ndonos contagiar por lafigura de Jes\u00fas. Hoy t\u00fa y yo vamos a ver su estilo de vida y pensamos: \u00bfqu\u00e9 es lo quehace Jes\u00fas?. Hoy el Evangelio de Marcos nos habla un poquito de c\u00f3mo \u00c9l actuaba y loque hac\u00eda. Vamos a escuchar detenidamente el Evangelio de Marcos, cap\u00edtulo 1, vers\u00edculos 21-28:<\/p>\n<blockquote><p>\u201cY entraron en Cafarna\u00fan. Tan pronto como lleg\u00f3 el s\u00e1bado fue a la Sinagoga yense\u00f1aba. Se admiraban de su doctrina porque les ense\u00f1aba como quien tieneautoridad, y no como los escribas. Se encontraba en ese momento en la Sinagoga unhombre pose\u00eddo de un esp\u00edritu inmundo, quien a gritos dec\u00eda: \u201c\u00bfQu\u00e9 hay entre t\u00fa ynosotros, Jes\u00fas Nazareno, has venido a perdernos? S\u00e9 qui\u00e9n eres: el Santo de Dios\u201d. Y Jes\u00fas le conmin\u00f3: \u201cCalla y sal de ese hombre\u201d. Entonces el esp\u00edritu inmundo, retorci\u00e9ndole y dando un fuerte grito, sali\u00f3 de \u00e9l. Todos quedaron asombrados, de talmodo que se preguntaban: \u201c\u00bfQu\u00e9 es esto? Una doctrina nueva expuesta con todaautoridad, tanta que manda a los esp\u00edritus inmundos y le obedecen. Y se extendi\u00f3 muypronto su fama por todas partes a toda la regi\u00f3n de Galilea\u201d.<\/p><\/blockquote>\n<p>Bien, en esta narraci\u00f3n de Marcos vemos a Jes\u00fas ya comenzando su vidap\u00fablica, y es su primer encuentro en la Sinagoga. Jes\u00fas ha regresado con sus cuatrodisc\u00edpulos, Sim\u00f3n y Andr\u00e9s, Juan y Santiago, y va a Cafarna\u00fan, donde hab\u00eda salido, y all\u00edfija su residencia. Y ahora le vemos lo que hace sistem\u00e1ticamente. Todos los s\u00e1badosentra en la Sinagoga y all\u00ed predica la Buena Noticia, la noticia del amor de su Padre. Aprovecha todas las reuniones del s\u00e1bado en las que el pueblo se congrega para leer, para todo, para orar\u2026, y all\u00ed explica como uno m\u00e1s las ense\u00f1anzas de la Biblia, de los salmos o del texto que le sale al azar. Es su primer s\u00e1bado. Dice el Evangelio que todosse pasmaban por la manera de predicar de Jes\u00fas, porque lo hac\u00eda \u201ccon autoridad\u201d. Nohac\u00eda una aplicaci\u00f3n minuciosa de descripciones, no como los escribas, sino con unaautoridad. Y \u201cautoridad\u201d, querido amigo, es porque viv\u00eda el esp\u00edritu de su Padre, porque sent\u00eda la experiencia del amor de Dios.<\/p>\n<p>Y all\u00ed le vemos c\u00f3mo habla y lo que dice en ese lugar de la Sinagoga, el lugar dela Palabra, donde se lee, se ora, se comenta y se vive alrededor de los textos. Aprovecha &#8211; como dec\u00edamos antes -, cualquier circunstancia para predicar la Buena Noticia. Y nos hace pensar esta situaci\u00f3n de Jes\u00fas, un hombre cumplidor de la Ley, unhombre que vive la Ley, pero la vive desde el amor. Tanta ansia ten\u00eda de decir lo quesent\u00eda de su Padre, de liberar a toda esta gente, a todas estas personas que estabancomo atrapadas por la Ley y por las prescripciones, que aprovecha \u2014como decimos\u2014,toda ocasi\u00f3n para publicar y para fundamentar el Reino. Pero no creas, querido amigo, que se queda s\u00f3lo en las palabras. No. Jes\u00fas act\u00faa y act\u00faa con actitudes que leacompa\u00f1an, con su forma de darse a los dem\u00e1s, con su forma de hacer el bien. \u00bfYc\u00f3mo? Estando atento a todas las necesidades de los dem\u00e1s. \u00bfY c\u00f3mo m\u00e1s? Curando, ayudando, oponi\u00e9ndose al mal. \u00bfY c\u00f3mo m\u00e1s? Estando presente en cualquier situaci\u00f3nde necesidad. \u201cY el Verbo se hizo carne\u201d, se hizo uno de nosotros, se hizo vida para vivir nuestra propia vida.<\/p>\n<p>Y, de pronto se encuentra con este espect\u00e1culo de este hombre endemoniado,\u2014distinguiendo bien un endemoniado de un enfermo\u2014. Este hombre parece ser queera un endemoniado porque se enfrentaba al poder y a la autoridad y al esp\u00edritu de \u00c9l, de Jes\u00fas. \u201c\u00bfQu\u00e9 quieres de nosotros, Jes\u00fas Nazareno?\u201d \u2014le dice este hombregritando\u2014. \u201cHas venido a acabar con nosotros\u201d. Jes\u00fas act\u00faa con todo el esp\u00edritu de suPadre, con toda la legalidad: \u201c\u00a1C\u00e1llate y sal de \u00e9l!\u201d. Y este hombre se qued\u00f3 tranquilo. Pero todos dec\u00edan: \u201cQu\u00e9 es esto? Si este ense\u00f1ar es nuevo\u2026\u201d<br \/>\nTodo esto nos lleva, querido amigo, a plantearnos muchas cosas en la vida. Enprimer lugar, que si sentimos el amor de Dios y sentimos a Jes\u00fas tenemos que publicar la Buena Noticia. Y tenemos que aprovechar todas las circunstancias para vivir la Palabra como \u00c9l, para leerla con amor, orarla con amor, comentarla con amor y vivir estos textos que vamos analizando en el encuentro. Hoy Jes\u00fas a ti y a m\u00ed tambi\u00e9n me dice: \u201cAprende, hijo, aprende y aprovecha todas las circunstancias que tengas, cualquier situaci\u00f3n para publicar la Buena Noticia. Y act\u00faa. S\u00ed, t\u00fa tambi\u00e9n, tambi\u00e9n quiz\u00e1s necesitas la curaci\u00f3n. Necesitas salir de todos esos demonios o estas formas no aptas del Reino. No. Jes\u00fas se enfrenta al mal. Y le tenemos que decir en nuestro interior: \u201c\u00a1C\u00e1llate y sal de \u00e9l!\u201d. Un Evangelio de much\u00edsima reflexi\u00f3n, de much\u00edsimo amor. Jes\u00fas siempre siempre pendiente del pr\u00f3jimo. Y hoy el Se\u00f1or nos llama a ser mejor, a ser testigo, a no callar, a dejarme curar de todo lo que esos esp\u00edritus malos me dominan. As\u00ed es el estilo de Jes\u00fas. Siempre nos sorprende y siempre nos lleva a no separarnos de \u00c9l.<\/p>\n<p>Y como siempre, t\u00fa y yo nos preguntamos: \u00bfcu\u00e1l es nuestro estilo de vida? \u00bfEs as\u00ed como vamos a la Eucarist\u00eda, a la Palabra, a los sacramentos? \u00bfEs as\u00ed como proclamamos lo que sentimos en nuestros encuentros, en nuestros ratos de oraci\u00f3n con \u00c9l? Es el tiempo de preguntarnos y de pedirle al Se\u00f1or que quite nuestra mudez, que saque nuestros orgullos, que nos libre de la palabrer\u00eda vana y falsa y fatua. El Se\u00f1or convenc\u00eda porque su palabra era la palabra de su experiencia. Y todo iba acompa\u00f1ado con gestos: a este demonio no le toc\u00f3, sino que le dijo, le mand\u00f3: \u201cSal de ese hombre\u201d. Sin embargo al enfermo se acerca, le toca, le cura. Que hoy yo sepa estar pendiente de la gente oprimida, de la que pasa necesidad, la que est\u00e1 sin trabajo, sin hogar\u2026 Que me lo crea, que mi vida sea al estilo de Jes\u00fas y que act\u00fae consciente, que contraste mi vida siempre con la figura de Jes\u00fas y me pregunte: \u00bfQu\u00e9 hace Jes\u00fas? \u00bfQu\u00e9 hago yo? Y T\u00fa, Jes\u00fas, \u00bfqu\u00e9 me dices a m\u00ed hoy?, \u00bfqu\u00e9 me dices? Y me preguntas T\u00fa: \u201cBueno, \u00bfy cu\u00e1l es tu vida?, \u00bfcu\u00e1l es tu d\u00eda?, \u00bfa qui\u00e9n curas?, \u00bfc\u00f3mo oras?, \u00bfc\u00f3mo enlazas la vida con el amor m\u00edo, con el amor de mi Padre?, \u00bferes consciente?, \u00bferes consecuente y radical con tu vida y con tu palabra?\u201d.<\/p>\n<p>Vamos a pedirle al Se\u00f1or y a Jes\u00fas hoy que nos cure de todos estos miedos, de todos estos esp\u00edritus que nos hacen da\u00f1o. Y que nos haga obrar como \u00c9l. Que nuestra vida sea convincente y que nuestra vida sea sanadora, salvadora. Y que nuestro \u201cs\u00ed\u201d al. Se\u00f1or sea \u201cs\u00ed\u201d de verdad. Y vivamos al estilo de \u00c9l. Se lo pedimos tambi\u00e9n a nuestra Madre, la Virgen, que Ella nos gu\u00ede y que nos haga vivir como \u00c9l; Ella que ha vivido tantos a\u00f1os con \u00c9l y sabe c\u00f3mo es. Que nos haga seguirle y ser un disc\u00edpulo elegido, como nos ha elegido a nosotros, y que le sepamos seguir y que vivamos a su estilo. Hoy t\u00fa y yo, leyendo, viviendo y orando este texto del Evangelio, s\u00f3lo un compromiso: procuremos vivir al estilo de Jes\u00fas. Que \u00c9l nos dir\u00e1 el c\u00f3mo, el cu\u00e1ndo y el d\u00f3nde. Entramos en pleno di\u00e1logo con \u00c9l para decirle:<\/p>\n<blockquote><p>\u201cSe\u00f1or, Jes\u00fas, hazme como T\u00fa, lib\u00e9rame y convi\u00e9rteme en un testigo de la palabra del Dios Amor que me cuida, que me ama y que me hace cada d\u00eda m\u00e1s de Ti\u201d.<\/p><\/blockquote>\n<p><strong>Francisca Sierra G\u00f3mez,\u00a0<\/strong>Celadoras del Reinado del Coraz\u00f3n de Jes\u00fas<\/p>\n","protected":false},"excerpt":{"rendered":"<p>IV Domingo del Tiempo Ordinario<\/p>\n","protected":false},"author":5,"featured_media":1327,"comment_status":"open","ping_status":"open","sticky":false,"template":"","format":"standard","meta":{"_acf_changed":false,"_exactmetrics_skip_tracking":false,"_exactmetrics_sitenote_active":false,"_exactmetrics_sitenote_note":"","_exactmetrics_sitenote_category":0,"footnotes":""},"categories":[4,13,14],"tags":[73,80,27,72,81],"class_list":["post-1326","post","type-post","status-publish","format-standard","has-post-thumbnail","hentry","category-blog","category-strona-glowna-najnowsze","category-strona-glowna-slider","tag-francisca-sierra-gomez","tag-iv-domingo","tag-jesus","tag-senor","tag-tiempo-ordinario"],"acf":[],"yoast_head":"<!-- This site is optimized with the Yoast SEO plugin v26.2 - https:\/\/yoast.com\/wordpress\/plugins\/seo\/ -->\n<title>El estilo de Jes\u00fas - Centro de Documentaci\u00f3n y Estudios del Pontificado de Juan Pablo II en Roma<\/title>\n<meta name=\"robots\" content=\"index, follow, max-snippet:-1, max-image-preview:large, max-video-preview:-1\" \/>\n<link rel=\"canonical\" href=\"https:\/\/jp2doc.pl\/es\/2018\/01\/27\/el-estilo-de-jesus\/\" \/>\n<meta property=\"og:locale\" content=\"es_ES\" \/>\n<meta property=\"og:type\" content=\"article\" \/>\n<meta property=\"og:title\" content=\"El estilo de Jes\u00fas - Centro de Documentaci\u00f3n y Estudios del Pontificado de Juan Pablo II en Roma\" \/>\n<meta property=\"og:description\" content=\"IV Domingo del Tiempo Ordinario\" \/>\n<meta property=\"og:url\" content=\"https:\/\/jp2doc.pl\/es\/2018\/01\/27\/el-estilo-de-jesus\/\" \/>\n<meta property=\"og:site_name\" content=\"Centro de Documentaci\u00f3n y Estudios del Pontificado de Juan Pablo II en Roma\" \/>\n<meta property=\"article:published_time\" content=\"2018-01-27T10:51:51+00:00\" \/>\n<meta property=\"article:modified_time\" content=\"2018-03-12T12:12:56+00:00\" \/>\n<meta property=\"og:image\" content=\"https:\/\/jp2doc.pl\/es\/wp-content\/uploads\/sites\/4\/2018\/01\/eran-menashri-246198-e1517050271278.jpg\" \/>\n\t<meta property=\"og:image:width\" content=\"1338\" \/>\n\t<meta property=\"og:image:height\" content=\"725\" \/>\n\t<meta property=\"og:image:type\" content=\"image\/jpeg\" \/>\n<meta name=\"author\" content=\"juliasercanka\" \/>\n<meta name=\"twitter:card\" content=\"summary_large_image\" \/>\n<meta name=\"twitter:label1\" content=\"Escrito por\" \/>\n\t<meta name=\"twitter:data1\" content=\"juliasercanka\" \/>\n\t<meta name=\"twitter:label2\" content=\"Tiempo de lectura\" \/>\n\t<meta name=\"twitter:data2\" content=\"7 minutos\" \/>\n<script type=\"application\/ld+json\" class=\"yoast-schema-graph\">{\"@context\":\"https:\/\/schema.org\",\"@graph\":[{\"@type\":\"Article\",\"@id\":\"https:\/\/jp2doc.pl\/es\/2018\/01\/27\/el-estilo-de-jesus\/#article\",\"isPartOf\":{\"@id\":\"https:\/\/jp2doc.pl\/es\/2018\/01\/27\/el-estilo-de-jesus\/\"},\"author\":{\"name\":\"juliasercanka\",\"@id\":\"https:\/\/jp2doc.pl\/es\/#\/schema\/person\/6110109e80abb51f6fac4824777eabfe\"},\"headline\":\"El estilo de Jes\u00fas\",\"datePublished\":\"2018-01-27T10:51:51+00:00\",\"dateModified\":\"2018-03-12T12:12:56+00:00\",\"mainEntityOfPage\":{\"@id\":\"https:\/\/jp2doc.pl\/es\/2018\/01\/27\/el-estilo-de-jesus\/\"},\"wordCount\":1415,\"commentCount\":0,\"publisher\":{\"@id\":\"https:\/\/jp2doc.pl\/es\/#organization\"},\"image\":{\"@id\":\"https:\/\/jp2doc.pl\/es\/2018\/01\/27\/el-estilo-de-jesus\/#primaryimage\"},\"thumbnailUrl\":\"https:\/\/jp2doc.pl\/es\/wp-content\/uploads\/sites\/4\/2018\/01\/eran-menashri-246198-e1517050271278.jpg\",\"keywords\":[\"Francisca Sierra G\u00f3mez\",\"IV Domingo\",\"Jes\u00fas\",\"Se\u00f1or\",\"Tiempo Ordinario\"],\"articleSection\":[\"Blog\",\"Strona g\u0142\u00f3wna - najnowsze\",\"Strona g\u0142\u00f3wna - slider\"],\"inLanguage\":\"es\",\"potentialAction\":[{\"@type\":\"CommentAction\",\"name\":\"Comment\",\"target\":[\"https:\/\/jp2doc.pl\/es\/2018\/01\/27\/el-estilo-de-jesus\/#respond\"]}]},{\"@type\":\"WebPage\",\"@id\":\"https:\/\/jp2doc.pl\/es\/2018\/01\/27\/el-estilo-de-jesus\/\",\"url\":\"https:\/\/jp2doc.pl\/es\/2018\/01\/27\/el-estilo-de-jesus\/\",\"name\":\"El estilo de Jes\u00fas - Centro de Documentaci\u00f3n y Estudios del Pontificado de Juan Pablo II en Roma\",\"isPartOf\":{\"@id\":\"https:\/\/jp2doc.pl\/es\/#website\"},\"primaryImageOfPage\":{\"@id\":\"https:\/\/jp2doc.pl\/es\/2018\/01\/27\/el-estilo-de-jesus\/#primaryimage\"},\"image\":{\"@id\":\"https:\/\/jp2doc.pl\/es\/2018\/01\/27\/el-estilo-de-jesus\/#primaryimage\"},\"thumbnailUrl\":\"https:\/\/jp2doc.pl\/es\/wp-content\/uploads\/sites\/4\/2018\/01\/eran-menashri-246198-e1517050271278.jpg\",\"datePublished\":\"2018-01-27T10:51:51+00:00\",\"dateModified\":\"2018-03-12T12:12:56+00:00\",\"breadcrumb\":{\"@id\":\"https:\/\/jp2doc.pl\/es\/2018\/01\/27\/el-estilo-de-jesus\/#breadcrumb\"},\"inLanguage\":\"es\",\"potentialAction\":[{\"@type\":\"ReadAction\",\"target\":[\"https:\/\/jp2doc.pl\/es\/2018\/01\/27\/el-estilo-de-jesus\/\"]}]},{\"@type\":\"ImageObject\",\"inLanguage\":\"es\",\"@id\":\"https:\/\/jp2doc.pl\/es\/2018\/01\/27\/el-estilo-de-jesus\/#primaryimage\",\"url\":\"https:\/\/jp2doc.pl\/es\/wp-content\/uploads\/sites\/4\/2018\/01\/eran-menashri-246198-e1517050271278.jpg\",\"contentUrl\":\"https:\/\/jp2doc.pl\/es\/wp-content\/uploads\/sites\/4\/2018\/01\/eran-menashri-246198-e1517050271278.jpg\",\"width\":1338,\"height\":725},{\"@type\":\"BreadcrumbList\",\"@id\":\"https:\/\/jp2doc.pl\/es\/2018\/01\/27\/el-estilo-de-jesus\/#breadcrumb\",\"itemListElement\":[{\"@type\":\"ListItem\",\"position\":1,\"name\":\"Home\",\"item\":\"https:\/\/jp2doc.pl\/es\/\"},{\"@type\":\"ListItem\",\"position\":2,\"name\":\"El estilo de Jes\u00fas\"}]},{\"@type\":\"WebSite\",\"@id\":\"https:\/\/jp2doc.pl\/es\/#website\",\"url\":\"https:\/\/jp2doc.pl\/es\/\",\"name\":\"Centro de Documentaci\u00f3n y Estudios del Pontificado de Juan Pablo II en Roma\",\"description\":\"\",\"publisher\":{\"@id\":\"https:\/\/jp2doc.pl\/es\/#organization\"},\"potentialAction\":[{\"@type\":\"SearchAction\",\"target\":{\"@type\":\"EntryPoint\",\"urlTemplate\":\"https:\/\/jp2doc.pl\/es\/?s={search_term_string}\"},\"query-input\":{\"@type\":\"PropertyValueSpecification\",\"valueRequired\":true,\"valueName\":\"search_term_string\"}}],\"inLanguage\":\"es\"},{\"@type\":\"Organization\",\"@id\":\"https:\/\/jp2doc.pl\/es\/#organization\",\"name\":\"Centro de Documentaci\u00f3n y Estudios del Pontificado de Juan Pablo II en Roma\",\"url\":\"https:\/\/jp2doc.pl\/es\/\",\"logo\":{\"@type\":\"ImageObject\",\"inLanguage\":\"es\",\"@id\":\"https:\/\/jp2doc.pl\/es\/#\/schema\/logo\/image\/\",\"url\":\"https:\/\/jp2doc.pl\/es\/wp-content\/uploads\/sites\/4\/2017\/03\/cropped-logo.png\",\"contentUrl\":\"https:\/\/jp2doc.pl\/es\/wp-content\/uploads\/sites\/4\/2017\/03\/cropped-logo.png\",\"width\":115,\"height\":115,\"caption\":\"Centro de Documentaci\u00f3n y Estudios del Pontificado de Juan Pablo II en Roma\"},\"image\":{\"@id\":\"https:\/\/jp2doc.pl\/es\/#\/schema\/logo\/image\/\"}},{\"@type\":\"Person\",\"@id\":\"https:\/\/jp2doc.pl\/es\/#\/schema\/person\/6110109e80abb51f6fac4824777eabfe\",\"name\":\"juliasercanka\",\"image\":{\"@type\":\"ImageObject\",\"inLanguage\":\"es\",\"@id\":\"https:\/\/jp2doc.pl\/es\/#\/schema\/person\/image\/\",\"url\":\"https:\/\/secure.gravatar.com\/avatar\/266a66e864556e22d55d61b6b10c97fab9060767b738564bcd109f3997e372bc?s=96&d=mm&r=g\",\"contentUrl\":\"https:\/\/secure.gravatar.com\/avatar\/266a66e864556e22d55d61b6b10c97fab9060767b738564bcd109f3997e372bc?s=96&d=mm&r=g\",\"caption\":\"juliasercanka\"},\"url\":\"https:\/\/jp2doc.pl\/es\/author\/juliasercanka\/\"}]}<\/script>\n<!-- \/ Yoast SEO plugin. -->","yoast_head_json":{"title":"El estilo de Jes\u00fas - Centro de Documentaci\u00f3n y Estudios del Pontificado de Juan Pablo II en Roma","robots":{"index":"index","follow":"follow","max-snippet":"max-snippet:-1","max-image-preview":"max-image-preview:large","max-video-preview":"max-video-preview:-1"},"canonical":"https:\/\/jp2doc.pl\/es\/2018\/01\/27\/el-estilo-de-jesus\/","og_locale":"es_ES","og_type":"article","og_title":"El estilo de Jes\u00fas - Centro de Documentaci\u00f3n y Estudios del Pontificado de Juan Pablo II en Roma","og_description":"IV Domingo del Tiempo Ordinario","og_url":"https:\/\/jp2doc.pl\/es\/2018\/01\/27\/el-estilo-de-jesus\/","og_site_name":"Centro de Documentaci\u00f3n y Estudios del Pontificado de Juan Pablo II en Roma","article_published_time":"2018-01-27T10:51:51+00:00","article_modified_time":"2018-03-12T12:12:56+00:00","og_image":[{"width":1338,"height":725,"url":"https:\/\/jp2doc.pl\/es\/wp-content\/uploads\/sites\/4\/2018\/01\/eran-menashri-246198-e1517050271278.jpg","type":"image\/jpeg"}],"author":"juliasercanka","twitter_card":"summary_large_image","twitter_misc":{"Escrito por":"juliasercanka","Tiempo de lectura":"7 minutos"},"schema":{"@context":"https:\/\/schema.org","@graph":[{"@type":"Article","@id":"https:\/\/jp2doc.pl\/es\/2018\/01\/27\/el-estilo-de-jesus\/#article","isPartOf":{"@id":"https:\/\/jp2doc.pl\/es\/2018\/01\/27\/el-estilo-de-jesus\/"},"author":{"name":"juliasercanka","@id":"https:\/\/jp2doc.pl\/es\/#\/schema\/person\/6110109e80abb51f6fac4824777eabfe"},"headline":"El estilo de Jes\u00fas","datePublished":"2018-01-27T10:51:51+00:00","dateModified":"2018-03-12T12:12:56+00:00","mainEntityOfPage":{"@id":"https:\/\/jp2doc.pl\/es\/2018\/01\/27\/el-estilo-de-jesus\/"},"wordCount":1415,"commentCount":0,"publisher":{"@id":"https:\/\/jp2doc.pl\/es\/#organization"},"image":{"@id":"https:\/\/jp2doc.pl\/es\/2018\/01\/27\/el-estilo-de-jesus\/#primaryimage"},"thumbnailUrl":"https:\/\/jp2doc.pl\/es\/wp-content\/uploads\/sites\/4\/2018\/01\/eran-menashri-246198-e1517050271278.jpg","keywords":["Francisca Sierra G\u00f3mez","IV Domingo","Jes\u00fas","Se\u00f1or","Tiempo Ordinario"],"articleSection":["Blog","Strona g\u0142\u00f3wna - najnowsze","Strona g\u0142\u00f3wna - slider"],"inLanguage":"es","potentialAction":[{"@type":"CommentAction","name":"Comment","target":["https:\/\/jp2doc.pl\/es\/2018\/01\/27\/el-estilo-de-jesus\/#respond"]}]},{"@type":"WebPage","@id":"https:\/\/jp2doc.pl\/es\/2018\/01\/27\/el-estilo-de-jesus\/","url":"https:\/\/jp2doc.pl\/es\/2018\/01\/27\/el-estilo-de-jesus\/","name":"El estilo de Jes\u00fas - Centro de Documentaci\u00f3n y Estudios del Pontificado de Juan Pablo II en Roma","isPartOf":{"@id":"https:\/\/jp2doc.pl\/es\/#website"},"primaryImageOfPage":{"@id":"https:\/\/jp2doc.pl\/es\/2018\/01\/27\/el-estilo-de-jesus\/#primaryimage"},"image":{"@id":"https:\/\/jp2doc.pl\/es\/2018\/01\/27\/el-estilo-de-jesus\/#primaryimage"},"thumbnailUrl":"https:\/\/jp2doc.pl\/es\/wp-content\/uploads\/sites\/4\/2018\/01\/eran-menashri-246198-e1517050271278.jpg","datePublished":"2018-01-27T10:51:51+00:00","dateModified":"2018-03-12T12:12:56+00:00","breadcrumb":{"@id":"https:\/\/jp2doc.pl\/es\/2018\/01\/27\/el-estilo-de-jesus\/#breadcrumb"},"inLanguage":"es","potentialAction":[{"@type":"ReadAction","target":["https:\/\/jp2doc.pl\/es\/2018\/01\/27\/el-estilo-de-jesus\/"]}]},{"@type":"ImageObject","inLanguage":"es","@id":"https:\/\/jp2doc.pl\/es\/2018\/01\/27\/el-estilo-de-jesus\/#primaryimage","url":"https:\/\/jp2doc.pl\/es\/wp-content\/uploads\/sites\/4\/2018\/01\/eran-menashri-246198-e1517050271278.jpg","contentUrl":"https:\/\/jp2doc.pl\/es\/wp-content\/uploads\/sites\/4\/2018\/01\/eran-menashri-246198-e1517050271278.jpg","width":1338,"height":725},{"@type":"BreadcrumbList","@id":"https:\/\/jp2doc.pl\/es\/2018\/01\/27\/el-estilo-de-jesus\/#breadcrumb","itemListElement":[{"@type":"ListItem","position":1,"name":"Home","item":"https:\/\/jp2doc.pl\/es\/"},{"@type":"ListItem","position":2,"name":"El estilo de Jes\u00fas"}]},{"@type":"WebSite","@id":"https:\/\/jp2doc.pl\/es\/#website","url":"https:\/\/jp2doc.pl\/es\/","name":"Centro de Documentaci\u00f3n y Estudios del Pontificado de Juan Pablo II en Roma","description":"","publisher":{"@id":"https:\/\/jp2doc.pl\/es\/#organization"},"potentialAction":[{"@type":"SearchAction","target":{"@type":"EntryPoint","urlTemplate":"https:\/\/jp2doc.pl\/es\/?s={search_term_string}"},"query-input":{"@type":"PropertyValueSpecification","valueRequired":true,"valueName":"search_term_string"}}],"inLanguage":"es"},{"@type":"Organization","@id":"https:\/\/jp2doc.pl\/es\/#organization","name":"Centro de Documentaci\u00f3n y Estudios del Pontificado de Juan Pablo II en Roma","url":"https:\/\/jp2doc.pl\/es\/","logo":{"@type":"ImageObject","inLanguage":"es","@id":"https:\/\/jp2doc.pl\/es\/#\/schema\/logo\/image\/","url":"https:\/\/jp2doc.pl\/es\/wp-content\/uploads\/sites\/4\/2017\/03\/cropped-logo.png","contentUrl":"https:\/\/jp2doc.pl\/es\/wp-content\/uploads\/sites\/4\/2017\/03\/cropped-logo.png","width":115,"height":115,"caption":"Centro de Documentaci\u00f3n y Estudios del Pontificado de Juan Pablo II en Roma"},"image":{"@id":"https:\/\/jp2doc.pl\/es\/#\/schema\/logo\/image\/"}},{"@type":"Person","@id":"https:\/\/jp2doc.pl\/es\/#\/schema\/person\/6110109e80abb51f6fac4824777eabfe","name":"juliasercanka","image":{"@type":"ImageObject","inLanguage":"es","@id":"https:\/\/jp2doc.pl\/es\/#\/schema\/person\/image\/","url":"https:\/\/secure.gravatar.com\/avatar\/266a66e864556e22d55d61b6b10c97fab9060767b738564bcd109f3997e372bc?s=96&d=mm&r=g","contentUrl":"https:\/\/secure.gravatar.com\/avatar\/266a66e864556e22d55d61b6b10c97fab9060767b738564bcd109f3997e372bc?s=96&d=mm&r=g","caption":"juliasercanka"},"url":"https:\/\/jp2doc.pl\/es\/author\/juliasercanka\/"}]}},"_links":{"self":[{"href":"https:\/\/jp2doc.pl\/es\/wp-json\/wp\/v2\/posts\/1326","targetHints":{"allow":["GET"]}}],"collection":[{"href":"https:\/\/jp2doc.pl\/es\/wp-json\/wp\/v2\/posts"}],"about":[{"href":"https:\/\/jp2doc.pl\/es\/wp-json\/wp\/v2\/types\/post"}],"author":[{"embeddable":true,"href":"https:\/\/jp2doc.pl\/es\/wp-json\/wp\/v2\/users\/5"}],"replies":[{"embeddable":true,"href":"https:\/\/jp2doc.pl\/es\/wp-json\/wp\/v2\/comments?post=1326"}],"version-history":[{"count":3,"href":"https:\/\/jp2doc.pl\/es\/wp-json\/wp\/v2\/posts\/1326\/revisions"}],"predecessor-version":[{"id":1373,"href":"https:\/\/jp2doc.pl\/es\/wp-json\/wp\/v2\/posts\/1326\/revisions\/1373"}],"wp:featuredmedia":[{"embeddable":true,"href":"https:\/\/jp2doc.pl\/es\/wp-json\/wp\/v2\/media\/1327"}],"wp:attachment":[{"href":"https:\/\/jp2doc.pl\/es\/wp-json\/wp\/v2\/media?parent=1326"}],"wp:term":[{"taxonomy":"category","embeddable":true,"href":"https:\/\/jp2doc.pl\/es\/wp-json\/wp\/v2\/categories?post=1326"},{"taxonomy":"post_tag","embeddable":true,"href":"https:\/\/jp2doc.pl\/es\/wp-json\/wp\/v2\/tags?post=1326"}],"curies":[{"name":"wp","href":"https:\/\/api.w.org\/{rel}","templated":true}]}}