{"id":1331,"date":"2018-02-03T12:12:42","date_gmt":"2018-02-03T11:12:42","guid":{"rendered":"http:\/\/jp2doc.pl\/es\/?p=1331"},"modified":"2018-03-12T13:13:36","modified_gmt":"2018-03-12T12:13:36","slug":"un-dia-con-jesus","status":"publish","type":"post","link":"https:\/\/jp2doc.pl\/es\/2018\/02\/03\/un-dia-con-jesus\/","title":{"rendered":"Un d\u00eda con Jes\u00fas"},"content":{"rendered":"<p>Hoy te invito a pasar todo el d\u00eda junto a Jes\u00fas, desde por la ma\u00f1ana hasta por la noche y vamos a estar observando, viendo, escuchando y admirando todo lo que hace Jes\u00fas. Leemos en el Evangelio el texto de Marcos, que nos ayuda mucho para ver lo que hac\u00eda Jes\u00fas un d\u00eda completo. Dice as\u00ed Marcos 1,29-39:<\/p>\n<blockquote><p>\u201cEn cuanto salieron de la Sinagoga fueron a casa de Sim\u00f3n y Andr\u00e9s con Santiago y Juan. La suegra de Sim\u00f3n estaba en cama con fiebre y enseguida le hablaron de ella. Y acerc\u00e1ndose, la levant\u00f3 tom\u00e1ndola de la mano, le desapareci\u00f3 la fiebre y se puso a servirles. Al atardecer, ya puesto el sol, le llevaron todos los enfermos y los endemoniados, y la ciudad entera se agolpaba junto a la puerta. Y cur\u00f3 a muchos que padec\u00edan diversas enfermedades y expuls\u00f3 muchos demonios. Y a los demonios no les dejaba hablar porque le conoc\u00edan. Muy de ma\u00f1ana, al amanecer, se levant\u00f3, sali\u00f3 y se fue a un lugar solitario, y all\u00ed oraba. Sali\u00f3 a buscarle Sim\u00f3n y los que estaban con \u00c9l y despu\u00e9s de encontrarle le dijeron: \u201cTodos te buscan\u201d. Y les dice: \u201cVayamos a otra parte, a las aldeas vecinas, para que tambi\u00e9n all\u00ed predique, pues para esto he venido\u201d. Y pas\u00f3 por toda Galilea predicando en sus sinagogas y expulsando a los demonios\u201d.<\/p><\/blockquote>\n<p>Jes\u00fas ha salido de la Sinagoga. Le acompa\u00f1amos. Le vemos que va a casa de los hermanos Sim\u00f3n y Andr\u00e9s en Cafarna\u00fam, su lugar de trabajo, cerca del lago, en todos esos alrededores y le acompa\u00f1a un grupo peque\u00f1o de disc\u00edpulos. Ha tenido un d\u00eda muy ajetreado y necesita descansar. Despu\u00e9s de una jornada dif\u00edcil de unos con otros, de curar, de proclamar el Reino, de todo\u2026 necesita descansar. Es humano como t\u00fa y como yo. Pero no va a poder ser as\u00ed. Cuando llega a la casa de Sim\u00f3n se encuentra que la suegra de Pedro estaba en la cama con fiebre. Y Sim\u00f3n, que era uno de los disc\u00edpulos m\u00e1s queridos de Jes\u00fas, se da cuenta de que Jes\u00fas percibe que su suegra est\u00e1 en cama sufriendo una fuerte fiebre, ser\u00eda alguna enfermedad frecuente de la \u00e9poca. Pero all\u00ed est\u00e1, postrada en la cama. Cuando se entera Jes\u00fas, \u00bfqu\u00e9 hace? Se inclina suavemente sobre ella, la toma de la mano y pronuncia una palabra fuerte a la fiebre, y se le pas\u00f3 la fiebre y se puso a servirles, nos dice el texto.<\/p>\n<p>Observemos todos los detalles de Jes\u00fas que es el centro de nuestro encuentro. Primeramente atiende necesidades de enfermos uno por uno. Quiere descansar pero no puede, le esperan multitud de enfermos en la puerta y entonces se va a preocupar de las necesidades del grupo, de un grupo numeroso de enfermos. Me admiras, Jes\u00fas, porque no s\u00f3lo dices palabras sino que act\u00faas curando. Tu predicaci\u00f3n, tu palabra, tu vida va acompa\u00f1ada de hechos concretos, siempre en favor de los dem\u00e1s, de los que m\u00e1s sufren. \u00a1Cu\u00e1nto tengo que aprender de ti! Cura a todos los enfermo. Se preocupa de todo lo que ve.<\/p>\n<p>As\u00ed termina su jornada desgast\u00e1ndose por los dem\u00e1s. Muy temprano necesita comunicar a su Padre todo lo que est\u00e1 haciendo y le est\u00e1 pasando. Tiene necesidad de la plegaria despu\u00e9s de un d\u00eda ajetreado y se levanta de madrugada y se va a un lugar solitario. Y all\u00ed nadie se da cuenta de que ha salido. Pero Pedro s\u00ed, y cuando se da cuenta, le busca con af\u00e1n y cuando lo encuentra le dice. \u201cTodos te est\u00e1n buscando\u201d. Y \u00c9l dice: \u201cBueno, v\u00e1monos a otro sitio, a otras aldeas, vamos a otras ciudades cercanas por aqu\u00ed para que tambi\u00e9n conozcan el Reino de Dios\u201d.<\/p>\n<p>Parece una escena sencilla y normalita, pero este texto me lleva r\u00e1pidamente al encuentro. Un Jes\u00fas que ama, que siempre va haciendo el bien, que est\u00e1 pendiente de cada uno en particular, de las necesidades del grupo\u2026 Un d\u00eda completo. \u00bfQu\u00e9 hace? Habla, explica el Reino de su Padre, act\u00faa, cura, sana y ora. Y ora con intensidad y en la soledad. Hoy t\u00fa y yo nos tenemos que preguntar tambi\u00e9n sobre nuestra oraci\u00f3n. \u00bfEs prioritaria? \u00bfEs necesaria para ti y para m\u00ed? \u00bfDeseamos tener ese rato \u00edntimo con Dios Padre para comentarle nuestras preocupaciones, nuestros ajetreos, todo lo que nos ocurre? \u00bfVivimos con intensidad el rato de oraci\u00f3n? \u00bfEste rato de oraci\u00f3n me lleva a ver las necesidades de los que me rodean? As\u00ed es Jes\u00fas. \u00c9l ve el mal, el mal en su gente, en el pueblo que le rodea, en el mundo\u2026 y no puede, no puede, no puede dejar a todos los enfermos abandonados a su suerte. No. Es mensajero del amor. Es mensajero de la salud. Es mensajero de la alegr\u00eda. Es mensajero de la libertad. Arroja a los demonios, quita, libera. \u00c9ste es un d\u00eda completo del Se\u00f1or.<\/p>\n<p>\u00bfCu\u00e1ntas necesidades, qu\u00e9 personas tengo a mi lado hoy, a qui\u00e9n, c\u00f3mo, cu\u00e1ndo tengo que ayudar, curar, sanar? Pero me preocupa mucho hoy, Jes\u00fas, s\u00ed me preocupa mucho el encontrar espacios para la oraci\u00f3n, para el silencio, para estar contigo cada d\u00eda. Ojal\u00e1 pueda tener mi jornada muchos momentos salpicados de encuentros contigo. Ojal\u00e1 sepa actuar donde T\u00fa me has colocado, en la situaci\u00f3n personal que tengo d\u00eda a d\u00eda. Se\u00f1or, cu\u00e9ntame, h\u00e1blame, dime c\u00f3mo te gustar\u00eda que fuera una jornada al estilo tuyo, d\u00e9jame un huequecito junto a Ti, ah\u00ed en tu soledad para que yo comprenda, palpe y sienta lo que T\u00fa le dices y le hablas a tu Padre. Y d\u00e9jame que te observe con amor para que aprenda a entregarme como T\u00fa. Que yo sepa \u2014como dice el salmo 146\u2014 sanar corazones destrozados, reconstruir personas heridas, que mi vida sea una alabanza de amor tuyo. Pero necesito tu ayuda, enriqu\u00e9ceme con tu ayuda, aux\u00edliame. Ven conmigo, ens\u00e9\u00f1ame.<\/p>\n<p>Pero, amigo m\u00edo, los ojos, los o\u00eddos, el coraz\u00f3n los tenemos que tener muy abiertos, porque el Se\u00f1or pasa continuamente junto a nosotros en las personas que rozo y no nos damos cuenta. Vamos a pedirle al Se\u00f1or que \u00c9l nos abra todos nuestros sentidos interiores para que podamos ser como \u00c9l y descubrir en los dem\u00e1s su rostro. Y que disfrutemos de esos silencios y esos espacios de la oraci\u00f3n. Nos quedamos con c\u00f3mo es nuestra oraci\u00f3n, c\u00f3mo es un d\u00eda completo, c\u00f3mo me preocupo por los dem\u00e1s, qu\u00e9 hago en mis ratos solitarios de encuentro contigo.<\/p>\n<p>La Madre, la Virgen, nuestra Se\u00f1ora del Silencio y del recogimiento y de la oraci\u00f3n y de la entrega nos tiene que ayudar mucho. Que as\u00ed sea. Que t\u00fa y yo aprendamos a estar un d\u00eda completo al estilo de Jes\u00fas \u00a1Es tan maravilloso actuar y ser como \u00c9l! Que aprendamos a ser as\u00ed. Este es nuestro gran deseo.<\/p>\n<p><strong>Francisca Sierra G\u00f3mez,\u00a0<\/strong>Celadoras del Reinado del Coraz\u00f3n de Jes\u00fas<\/p>\n","protected":false},"excerpt":{"rendered":"<p>V Domingo del Tiempo Ordinario<\/p>\n","protected":false},"author":5,"featured_media":1332,"comment_status":"open","ping_status":"open","sticky":false,"template":"","format":"standard","meta":{"_acf_changed":false,"_exactmetrics_skip_tracking":false,"_exactmetrics_sitenote_active":false,"_exactmetrics_sitenote_note":"","_exactmetrics_sitenote_category":0,"footnotes":""},"categories":[4,13,14],"tags":[31,82,85,84,83],"class_list":["post-1331","post","type-post","status-publish","format-standard","has-post-thumbnail","hentry","category-blog","category-strona-glowna-najnowsze","category-strona-glowna-slider","tag-evangelio","tag-francisca_sierra_gomez","tag-marcos","tag-simon","tag-v-domingo"],"acf":[],"yoast_head":"<!-- This site is optimized with the Yoast SEO plugin v26.2 - https:\/\/yoast.com\/wordpress\/plugins\/seo\/ -->\n<title>Un d\u00eda con Jes\u00fas - Centro de Documentaci\u00f3n y Estudios del Pontificado de Juan Pablo II en Roma<\/title>\n<meta name=\"robots\" content=\"index, follow, max-snippet:-1, max-image-preview:large, max-video-preview:-1\" \/>\n<link rel=\"canonical\" href=\"https:\/\/jp2doc.pl\/es\/2018\/02\/03\/un-dia-con-jesus\/\" \/>\n<meta property=\"og:locale\" content=\"es_ES\" \/>\n<meta property=\"og:type\" content=\"article\" \/>\n<meta property=\"og:title\" content=\"Un d\u00eda con Jes\u00fas - Centro de Documentaci\u00f3n y Estudios del Pontificado de Juan Pablo II en Roma\" \/>\n<meta property=\"og:description\" content=\"V Domingo del Tiempo Ordinario\" \/>\n<meta property=\"og:url\" content=\"https:\/\/jp2doc.pl\/es\/2018\/02\/03\/un-dia-con-jesus\/\" \/>\n<meta property=\"og:site_name\" content=\"Centro de Documentaci\u00f3n y Estudios del Pontificado de Juan Pablo II en Roma\" \/>\n<meta property=\"article:published_time\" content=\"2018-02-03T11:12:42+00:00\" \/>\n<meta property=\"article:modified_time\" content=\"2018-03-12T12:13:36+00:00\" \/>\n<meta property=\"og:image\" content=\"https:\/\/jp2doc.pl\/es\/wp-content\/uploads\/sites\/4\/2018\/02\/freely-4756.jpg\" \/>\n\t<meta property=\"og:image:width\" content=\"1724\" \/>\n\t<meta property=\"og:image:height\" content=\"1151\" \/>\n\t<meta property=\"og:image:type\" content=\"image\/jpeg\" \/>\n<meta name=\"author\" content=\"juliasercanka\" \/>\n<meta name=\"twitter:card\" content=\"summary_large_image\" \/>\n<meta name=\"twitter:label1\" content=\"Escrito por\" \/>\n\t<meta name=\"twitter:data1\" content=\"juliasercanka\" \/>\n\t<meta name=\"twitter:label2\" content=\"Tiempo de lectura\" \/>\n\t<meta name=\"twitter:data2\" content=\"6 minutos\" \/>\n<script type=\"application\/ld+json\" class=\"yoast-schema-graph\">{\"@context\":\"https:\/\/schema.org\",\"@graph\":[{\"@type\":\"Article\",\"@id\":\"https:\/\/jp2doc.pl\/es\/2018\/02\/03\/un-dia-con-jesus\/#article\",\"isPartOf\":{\"@id\":\"https:\/\/jp2doc.pl\/es\/2018\/02\/03\/un-dia-con-jesus\/\"},\"author\":{\"name\":\"juliasercanka\",\"@id\":\"https:\/\/jp2doc.pl\/es\/#\/schema\/person\/6110109e80abb51f6fac4824777eabfe\"},\"headline\":\"Un d\u00eda con Jes\u00fas\",\"datePublished\":\"2018-02-03T11:12:42+00:00\",\"dateModified\":\"2018-03-12T12:13:36+00:00\",\"mainEntityOfPage\":{\"@id\":\"https:\/\/jp2doc.pl\/es\/2018\/02\/03\/un-dia-con-jesus\/\"},\"wordCount\":1251,\"commentCount\":0,\"publisher\":{\"@id\":\"https:\/\/jp2doc.pl\/es\/#organization\"},\"image\":{\"@id\":\"https:\/\/jp2doc.pl\/es\/2018\/02\/03\/un-dia-con-jesus\/#primaryimage\"},\"thumbnailUrl\":\"https:\/\/jp2doc.pl\/es\/wp-content\/uploads\/sites\/4\/2018\/02\/freely-4756.jpg\",\"keywords\":[\"evangelio\",\"Francisca_Sierra_G\u00f3mez\",\"Marcos\",\"Sim\u00f3n\",\"V Domingo\"],\"articleSection\":[\"Blog\",\"Strona g\u0142\u00f3wna - najnowsze\",\"Strona g\u0142\u00f3wna - slider\"],\"inLanguage\":\"es\",\"potentialAction\":[{\"@type\":\"CommentAction\",\"name\":\"Comment\",\"target\":[\"https:\/\/jp2doc.pl\/es\/2018\/02\/03\/un-dia-con-jesus\/#respond\"]}]},{\"@type\":\"WebPage\",\"@id\":\"https:\/\/jp2doc.pl\/es\/2018\/02\/03\/un-dia-con-jesus\/\",\"url\":\"https:\/\/jp2doc.pl\/es\/2018\/02\/03\/un-dia-con-jesus\/\",\"name\":\"Un d\u00eda con Jes\u00fas - Centro de Documentaci\u00f3n y Estudios del Pontificado de Juan Pablo II en Roma\",\"isPartOf\":{\"@id\":\"https:\/\/jp2doc.pl\/es\/#website\"},\"primaryImageOfPage\":{\"@id\":\"https:\/\/jp2doc.pl\/es\/2018\/02\/03\/un-dia-con-jesus\/#primaryimage\"},\"image\":{\"@id\":\"https:\/\/jp2doc.pl\/es\/2018\/02\/03\/un-dia-con-jesus\/#primaryimage\"},\"thumbnailUrl\":\"https:\/\/jp2doc.pl\/es\/wp-content\/uploads\/sites\/4\/2018\/02\/freely-4756.jpg\",\"datePublished\":\"2018-02-03T11:12:42+00:00\",\"dateModified\":\"2018-03-12T12:13:36+00:00\",\"breadcrumb\":{\"@id\":\"https:\/\/jp2doc.pl\/es\/2018\/02\/03\/un-dia-con-jesus\/#breadcrumb\"},\"inLanguage\":\"es\",\"potentialAction\":[{\"@type\":\"ReadAction\",\"target\":[\"https:\/\/jp2doc.pl\/es\/2018\/02\/03\/un-dia-con-jesus\/\"]}]},{\"@type\":\"ImageObject\",\"inLanguage\":\"es\",\"@id\":\"https:\/\/jp2doc.pl\/es\/2018\/02\/03\/un-dia-con-jesus\/#primaryimage\",\"url\":\"https:\/\/jp2doc.pl\/es\/wp-content\/uploads\/sites\/4\/2018\/02\/freely-4756.jpg\",\"contentUrl\":\"https:\/\/jp2doc.pl\/es\/wp-content\/uploads\/sites\/4\/2018\/02\/freely-4756.jpg\",\"width\":1724,\"height\":1151},{\"@type\":\"BreadcrumbList\",\"@id\":\"https:\/\/jp2doc.pl\/es\/2018\/02\/03\/un-dia-con-jesus\/#breadcrumb\",\"itemListElement\":[{\"@type\":\"ListItem\",\"position\":1,\"name\":\"Home\",\"item\":\"https:\/\/jp2doc.pl\/es\/\"},{\"@type\":\"ListItem\",\"position\":2,\"name\":\"Un d\u00eda con Jes\u00fas\"}]},{\"@type\":\"WebSite\",\"@id\":\"https:\/\/jp2doc.pl\/es\/#website\",\"url\":\"https:\/\/jp2doc.pl\/es\/\",\"name\":\"Centro de Documentaci\u00f3n y Estudios del Pontificado de Juan Pablo II en Roma\",\"description\":\"\",\"publisher\":{\"@id\":\"https:\/\/jp2doc.pl\/es\/#organization\"},\"potentialAction\":[{\"@type\":\"SearchAction\",\"target\":{\"@type\":\"EntryPoint\",\"urlTemplate\":\"https:\/\/jp2doc.pl\/es\/?s={search_term_string}\"},\"query-input\":{\"@type\":\"PropertyValueSpecification\",\"valueRequired\":true,\"valueName\":\"search_term_string\"}}],\"inLanguage\":\"es\"},{\"@type\":\"Organization\",\"@id\":\"https:\/\/jp2doc.pl\/es\/#organization\",\"name\":\"Centro de Documentaci\u00f3n y Estudios del Pontificado de Juan Pablo II en Roma\",\"url\":\"https:\/\/jp2doc.pl\/es\/\",\"logo\":{\"@type\":\"ImageObject\",\"inLanguage\":\"es\",\"@id\":\"https:\/\/jp2doc.pl\/es\/#\/schema\/logo\/image\/\",\"url\":\"https:\/\/jp2doc.pl\/es\/wp-content\/uploads\/sites\/4\/2017\/03\/cropped-logo.png\",\"contentUrl\":\"https:\/\/jp2doc.pl\/es\/wp-content\/uploads\/sites\/4\/2017\/03\/cropped-logo.png\",\"width\":115,\"height\":115,\"caption\":\"Centro de Documentaci\u00f3n y Estudios del Pontificado de Juan Pablo II en Roma\"},\"image\":{\"@id\":\"https:\/\/jp2doc.pl\/es\/#\/schema\/logo\/image\/\"}},{\"@type\":\"Person\",\"@id\":\"https:\/\/jp2doc.pl\/es\/#\/schema\/person\/6110109e80abb51f6fac4824777eabfe\",\"name\":\"juliasercanka\",\"image\":{\"@type\":\"ImageObject\",\"inLanguage\":\"es\",\"@id\":\"https:\/\/jp2doc.pl\/es\/#\/schema\/person\/image\/\",\"url\":\"https:\/\/secure.gravatar.com\/avatar\/266a66e864556e22d55d61b6b10c97fab9060767b738564bcd109f3997e372bc?s=96&d=mm&r=g\",\"contentUrl\":\"https:\/\/secure.gravatar.com\/avatar\/266a66e864556e22d55d61b6b10c97fab9060767b738564bcd109f3997e372bc?s=96&d=mm&r=g\",\"caption\":\"juliasercanka\"},\"url\":\"https:\/\/jp2doc.pl\/es\/author\/juliasercanka\/\"}]}<\/script>\n<!-- \/ Yoast SEO plugin. -->","yoast_head_json":{"title":"Un d\u00eda con Jes\u00fas - Centro de Documentaci\u00f3n y Estudios del Pontificado de Juan Pablo II en Roma","robots":{"index":"index","follow":"follow","max-snippet":"max-snippet:-1","max-image-preview":"max-image-preview:large","max-video-preview":"max-video-preview:-1"},"canonical":"https:\/\/jp2doc.pl\/es\/2018\/02\/03\/un-dia-con-jesus\/","og_locale":"es_ES","og_type":"article","og_title":"Un d\u00eda con Jes\u00fas - Centro de Documentaci\u00f3n y Estudios del Pontificado de Juan Pablo II en Roma","og_description":"V Domingo del Tiempo Ordinario","og_url":"https:\/\/jp2doc.pl\/es\/2018\/02\/03\/un-dia-con-jesus\/","og_site_name":"Centro de Documentaci\u00f3n y Estudios del Pontificado de Juan Pablo II en Roma","article_published_time":"2018-02-03T11:12:42+00:00","article_modified_time":"2018-03-12T12:13:36+00:00","og_image":[{"width":1724,"height":1151,"url":"https:\/\/jp2doc.pl\/es\/wp-content\/uploads\/sites\/4\/2018\/02\/freely-4756.jpg","type":"image\/jpeg"}],"author":"juliasercanka","twitter_card":"summary_large_image","twitter_misc":{"Escrito por":"juliasercanka","Tiempo de lectura":"6 minutos"},"schema":{"@context":"https:\/\/schema.org","@graph":[{"@type":"Article","@id":"https:\/\/jp2doc.pl\/es\/2018\/02\/03\/un-dia-con-jesus\/#article","isPartOf":{"@id":"https:\/\/jp2doc.pl\/es\/2018\/02\/03\/un-dia-con-jesus\/"},"author":{"name":"juliasercanka","@id":"https:\/\/jp2doc.pl\/es\/#\/schema\/person\/6110109e80abb51f6fac4824777eabfe"},"headline":"Un d\u00eda con Jes\u00fas","datePublished":"2018-02-03T11:12:42+00:00","dateModified":"2018-03-12T12:13:36+00:00","mainEntityOfPage":{"@id":"https:\/\/jp2doc.pl\/es\/2018\/02\/03\/un-dia-con-jesus\/"},"wordCount":1251,"commentCount":0,"publisher":{"@id":"https:\/\/jp2doc.pl\/es\/#organization"},"image":{"@id":"https:\/\/jp2doc.pl\/es\/2018\/02\/03\/un-dia-con-jesus\/#primaryimage"},"thumbnailUrl":"https:\/\/jp2doc.pl\/es\/wp-content\/uploads\/sites\/4\/2018\/02\/freely-4756.jpg","keywords":["evangelio","Francisca_Sierra_G\u00f3mez","Marcos","Sim\u00f3n","V Domingo"],"articleSection":["Blog","Strona g\u0142\u00f3wna - najnowsze","Strona g\u0142\u00f3wna - slider"],"inLanguage":"es","potentialAction":[{"@type":"CommentAction","name":"Comment","target":["https:\/\/jp2doc.pl\/es\/2018\/02\/03\/un-dia-con-jesus\/#respond"]}]},{"@type":"WebPage","@id":"https:\/\/jp2doc.pl\/es\/2018\/02\/03\/un-dia-con-jesus\/","url":"https:\/\/jp2doc.pl\/es\/2018\/02\/03\/un-dia-con-jesus\/","name":"Un d\u00eda con Jes\u00fas - Centro de Documentaci\u00f3n y Estudios del Pontificado de Juan Pablo II en Roma","isPartOf":{"@id":"https:\/\/jp2doc.pl\/es\/#website"},"primaryImageOfPage":{"@id":"https:\/\/jp2doc.pl\/es\/2018\/02\/03\/un-dia-con-jesus\/#primaryimage"},"image":{"@id":"https:\/\/jp2doc.pl\/es\/2018\/02\/03\/un-dia-con-jesus\/#primaryimage"},"thumbnailUrl":"https:\/\/jp2doc.pl\/es\/wp-content\/uploads\/sites\/4\/2018\/02\/freely-4756.jpg","datePublished":"2018-02-03T11:12:42+00:00","dateModified":"2018-03-12T12:13:36+00:00","breadcrumb":{"@id":"https:\/\/jp2doc.pl\/es\/2018\/02\/03\/un-dia-con-jesus\/#breadcrumb"},"inLanguage":"es","potentialAction":[{"@type":"ReadAction","target":["https:\/\/jp2doc.pl\/es\/2018\/02\/03\/un-dia-con-jesus\/"]}]},{"@type":"ImageObject","inLanguage":"es","@id":"https:\/\/jp2doc.pl\/es\/2018\/02\/03\/un-dia-con-jesus\/#primaryimage","url":"https:\/\/jp2doc.pl\/es\/wp-content\/uploads\/sites\/4\/2018\/02\/freely-4756.jpg","contentUrl":"https:\/\/jp2doc.pl\/es\/wp-content\/uploads\/sites\/4\/2018\/02\/freely-4756.jpg","width":1724,"height":1151},{"@type":"BreadcrumbList","@id":"https:\/\/jp2doc.pl\/es\/2018\/02\/03\/un-dia-con-jesus\/#breadcrumb","itemListElement":[{"@type":"ListItem","position":1,"name":"Home","item":"https:\/\/jp2doc.pl\/es\/"},{"@type":"ListItem","position":2,"name":"Un d\u00eda con Jes\u00fas"}]},{"@type":"WebSite","@id":"https:\/\/jp2doc.pl\/es\/#website","url":"https:\/\/jp2doc.pl\/es\/","name":"Centro de Documentaci\u00f3n y Estudios del Pontificado de Juan Pablo II en Roma","description":"","publisher":{"@id":"https:\/\/jp2doc.pl\/es\/#organization"},"potentialAction":[{"@type":"SearchAction","target":{"@type":"EntryPoint","urlTemplate":"https:\/\/jp2doc.pl\/es\/?s={search_term_string}"},"query-input":{"@type":"PropertyValueSpecification","valueRequired":true,"valueName":"search_term_string"}}],"inLanguage":"es"},{"@type":"Organization","@id":"https:\/\/jp2doc.pl\/es\/#organization","name":"Centro de Documentaci\u00f3n y Estudios del Pontificado de Juan Pablo II en Roma","url":"https:\/\/jp2doc.pl\/es\/","logo":{"@type":"ImageObject","inLanguage":"es","@id":"https:\/\/jp2doc.pl\/es\/#\/schema\/logo\/image\/","url":"https:\/\/jp2doc.pl\/es\/wp-content\/uploads\/sites\/4\/2017\/03\/cropped-logo.png","contentUrl":"https:\/\/jp2doc.pl\/es\/wp-content\/uploads\/sites\/4\/2017\/03\/cropped-logo.png","width":115,"height":115,"caption":"Centro de Documentaci\u00f3n y Estudios del Pontificado de Juan Pablo II en Roma"},"image":{"@id":"https:\/\/jp2doc.pl\/es\/#\/schema\/logo\/image\/"}},{"@type":"Person","@id":"https:\/\/jp2doc.pl\/es\/#\/schema\/person\/6110109e80abb51f6fac4824777eabfe","name":"juliasercanka","image":{"@type":"ImageObject","inLanguage":"es","@id":"https:\/\/jp2doc.pl\/es\/#\/schema\/person\/image\/","url":"https:\/\/secure.gravatar.com\/avatar\/266a66e864556e22d55d61b6b10c97fab9060767b738564bcd109f3997e372bc?s=96&d=mm&r=g","contentUrl":"https:\/\/secure.gravatar.com\/avatar\/266a66e864556e22d55d61b6b10c97fab9060767b738564bcd109f3997e372bc?s=96&d=mm&r=g","caption":"juliasercanka"},"url":"https:\/\/jp2doc.pl\/es\/author\/juliasercanka\/"}]}},"_links":{"self":[{"href":"https:\/\/jp2doc.pl\/es\/wp-json\/wp\/v2\/posts\/1331","targetHints":{"allow":["GET"]}}],"collection":[{"href":"https:\/\/jp2doc.pl\/es\/wp-json\/wp\/v2\/posts"}],"about":[{"href":"https:\/\/jp2doc.pl\/es\/wp-json\/wp\/v2\/types\/post"}],"author":[{"embeddable":true,"href":"https:\/\/jp2doc.pl\/es\/wp-json\/wp\/v2\/users\/5"}],"replies":[{"embeddable":true,"href":"https:\/\/jp2doc.pl\/es\/wp-json\/wp\/v2\/comments?post=1331"}],"version-history":[{"count":2,"href":"https:\/\/jp2doc.pl\/es\/wp-json\/wp\/v2\/posts\/1331\/revisions"}],"predecessor-version":[{"id":1374,"href":"https:\/\/jp2doc.pl\/es\/wp-json\/wp\/v2\/posts\/1331\/revisions\/1374"}],"wp:featuredmedia":[{"embeddable":true,"href":"https:\/\/jp2doc.pl\/es\/wp-json\/wp\/v2\/media\/1332"}],"wp:attachment":[{"href":"https:\/\/jp2doc.pl\/es\/wp-json\/wp\/v2\/media?parent=1331"}],"wp:term":[{"taxonomy":"category","embeddable":true,"href":"https:\/\/jp2doc.pl\/es\/wp-json\/wp\/v2\/categories?post=1331"},{"taxonomy":"post_tag","embeddable":true,"href":"https:\/\/jp2doc.pl\/es\/wp-json\/wp\/v2\/tags?post=1331"}],"curies":[{"name":"wp","href":"https:\/\/api.w.org\/{rel}","templated":true}]}}