{"id":1334,"date":"2018-02-09T09:35:33","date_gmt":"2018-02-09T08:35:33","guid":{"rendered":"http:\/\/jp2doc.pl\/es\/?p=1334"},"modified":"2018-02-13T15:04:53","modified_gmt":"2018-02-13T14:04:53","slug":"para-no-apropiarse-de-la-verdad-sobre-el-holocausto","status":"publish","type":"post","link":"https:\/\/jp2doc.pl\/es\/2018\/02\/09\/para-no-apropiarse-de-la-verdad-sobre-el-holocausto\/","title":{"rendered":"Para no apropiarse de la verdad sobre el Holocausto"},"content":{"rendered":"<p>El ministro israel\u00ed, Haim Ramon, responsable en nombre de su gobierno de la peregrinaci\u00f3n de Juan Pablo II a Tierra Santa, en el a\u00f1o 2000, dijo, tras la visita de este \u00faltimo al Muro de las Lamentaciones, que la naci\u00f3n israel\u00ed no pod\u00eda haber esperado del Papa un gesto m\u00e1s elocuente, de amistad y respeto. Con su actitud, el Pont\u00edfice destac\u00f3 el papel especial del pueblo de Abraham en la historia de la humanidad pero, a la vez, record\u00f3 al mundo la enorme tragedia sufrida por esas mismas gentes en el sigo XX.<\/p>\n<p>Juan Pablo II introdujo en una rendija del Muro un trozo de papel con el texto de una oraci\u00f3n rezada durante un oficio penitencial el Mi\u00e9rcoles de Ceniza del a\u00f1o 2000,\u00a0 en la que se ped\u00eda perd\u00f3n por los pecados de la Iglesia y tambi\u00e9n se rogaba el perd\u00f3n por el pecado de antisemitismo.<\/p>\n<blockquote><p>\u201cDios de nuestros padres [\u2026]. Estamos profundamente entristecidos por el comportamiento de\u00a0 aquellos\u00a0 que, a lo largo de la historia, han causado el sufrimiento\u00a0 de\u00a0 tus hijos. Al pedirte perd\u00f3n, deseamos comprometernos a\u00a0una verdadera hermandad con las naciones de la Alianza\u201d<\/p><\/blockquote>\n<p>Fue un gesto simb\u00f3lico de respeto hacia un pueblo que ha sacrificado seis millones de vidas humanas de las que una parte muy significativa, casi la mitad, fueron jud\u00edos polacos, o dicho de otro modo, polacos de origen jud\u00edo.<\/p>\n<p>Si el Papa polaco ha contribuido de forma significativa a la mejora de las relaciones cat\u00f3lico-jud\u00edas se debe a que la Shoah hab\u00eda sido parte de su vida y de la tr\u00e1gica historia de su patria. Sab\u00eda que ten\u00eda que hacer todo lo posible para evitar que semejante cat\u00e1strofe se volviese a producir. Sent\u00eda que \u00e9sta era su misi\u00f3n.<\/p>\n<h5><strong>De la tierra del Holocausto<\/strong><\/h5>\n<p>Juan Pablo II repet\u00eda, con frecuencia, que la Shoah hab\u00eda sido tambi\u00e9n su experiencia vital. Conservaba en su memoria la imagen, de antes de la guerra, de los jud\u00edos de su pueblo natal, Wadowice, que acud\u00edan a la sinagoga. Entre sus compa\u00f1eras y compa\u00f1eros del colegio un tercio eran de profesi\u00f3n mosaica.\u00a0 \u00bfCu\u00e1ntos de ellos han sobrevivido? El Papa menciona los encuentros con solo uno de ellos, su colega de la escuela, Jurek Kluger, que se salv\u00f3 como \u00fanico miembro de toda la familia.<\/p>\n<p>Cuando Karol Wojty\u0142a era obispo de la di\u00f3cesis de Cracovia, el campo de Auschwitz se encontraba dentro de sus l\u00edmites. En numerosas ocasiones, el Papa declar\u00f3 que este lugar\u00a0 \u201cno cesaba de ser una alerta, incluso, hoy\u201d. Recordaba a todos que el antisemitismo y cualquier odio racial y todo desprecio por el hombre, la humillaci\u00f3n de su dignidad supon\u00edan el aplastamiento de los derechos humanos fundamentales y el origen de conflictos y divisiones.<\/p>\n<h5><strong>El Pontificado del avance<\/strong><\/h5>\n<p>Juan Pablo II advert\u00eda contra el menosprecio y el olvido o la ignorancia de los cr\u00edmenes del Holocausto, condenaba el antisemitismo y trabajaba afanosamente en pro del desarrollo del di\u00e1logo cat\u00f3lico-jud\u00edo. \u00c9ste es necesario, tambi\u00e9n en el mundo de hoy, para que las emociones negativas, prejuicios y odios, no conduzcan a m\u00e1s dramas y guerras. En Yad Vashem, durante la mencionada visita, el Papa dijo:<\/p>\n<blockquote><p>\u201cQueremos recordar con un prop\u00f3sito espec\u00edfico, el prevenir la victoria del mal padecido por millones de v\u00edctimas inocentes del nazismo\u201d<\/p><\/blockquote>\n<p>Con toda seguridad, el Pont\u00edfice, a menudo, se preguntaba por qu\u00e9 Dios hab\u00eda permitido que \u201clos hombres a los hombres hubiesen preparado ese destino\u201d.\u00a0 El Santo Padre subrayaba que para evitar el mal hab\u00eda que respetar el lugar de Dios en la vida humana. \u201c\u00bfC\u00f3mo pudo el hombre despreciar al otro hasta tal punto? Fue posible porque despreciaba a Dios. Solo una ideolog\u00eda imp\u00eda pod\u00eda planificar y llevar a cabo el holocausto de una naci\u00f3n entera\u201d \u2013 destacaba el Papa en Yad Vashem. No existe una pol\u00edtica sensata sin tener en cuenta el papel de la religi\u00f3n, sin reconocer el valor esencial del di\u00e1logo interreligioso.<\/p>\n<p>En nombre del respeto a la verdad hist\u00f3rica, dijo Juan Pablo II en Yad Vashem, es preciso recordar el hero\u00edsmo de aquellos que a\u00fan con el riesgo de su propia vida salvaban a los jud\u00edos. Esas personas son la confirmaci\u00f3n de que \u201cincluso en los momentos m\u00e1s oscuros no todas las luces se apagan\u201d. El hero\u00edsmo humano es la gloria del esp\u00edritu de la persona. Tal vez deber\u00eda ser la gloria de cualquier religi\u00f3n.<\/p>\n<p>Merece la pena a\u00f1adir que durante el discurso en la sinagoga de la Ciudad Eterna, en 1986, el Papa habl\u00f3 de la ayuda prestada a los jud\u00edos romanos por el Vaticano, las iglesias y los conventos que salvaron la vida de miles de ellos. Mencionemos igualmente que Juan Pablo II pretend\u00eda beatificar a P\u00edo XII, explicando ampliamente su papel en la cuesti\u00f3n jud\u00eda. En 1999 nombr\u00f3 una comisi\u00f3n\u00a0 especial que escudri\u00f1\u00f3 los archivos vaticanos\u00a0 y reflej\u00f3 el gran compromiso de Pio XII con la causa de la salvaci\u00f3n de miles de jud\u00edos.<\/p>\n<p>La verdad sobre la Shoah es oscura en su interpretaci\u00f3n, sobre todo, por la crueldad de los verdugos pero, tambi\u00e9n, en cierta medida, por la debilidad de aquellos que cooperaron activamente con ellos en el exterminio del pueblo jud\u00edo. No obstante, no se puede pasar por alto ni minusvalorar estos rayos de luz que\u00a0 supon\u00eda la solidaridad humana y la ayuda prestada; sobre todo, la que supon\u00eda el riesgo para la propia vida del salvador.<\/p>\n<h5><strong>Una se\u00f1al para el futuro<\/strong><\/h5>\n<p>Hace unos a\u00f1os, un rabino pronunci\u00f3, en una universidad de Roma (Angelicum) una ponencia sobre la aportaci\u00f3n de Juan Pablo II al desarrollo de las relaciones entre la Iglesia y la sociedad jud\u00eda; al final de su exposici\u00f3n afirm\u00f3 que observaba una\u00a0 asimetr\u00eda entre las mismas, dado que los cat\u00f3licos hab\u00edan hecho mucho m\u00e1s que los jud\u00edos para mejorarlas. Fue muy elocuente la opini\u00f3n expresada por el rabino. Las razones de esta situaci\u00f3n pueden ser varias pero lo que es seguro es que un di\u00e1logo constructivo exige un esfuerzo por ambas partes.<\/p>\n<p>En el mencionado discurso en la sinagoga romana, Juan Pablo II demostr\u00f3 que el di\u00e1logo y la cooperaci\u00f3n entre la Iglesia y los ambientes jud\u00edos no pueden valorarse con un medidor escaso, sino que deber\u00edan alimentarse\u00a0 con el respeto y el amor\u00a0 fraternal. Ello significa una mutua cordialidad pero, ante todo, supone la aplicaci\u00f3n de la \u00e9tica de la primac\u00eda de la verdad sobre las cuestiones debatidas.<\/p>\n<p>En la actual situaci\u00f3n de tensi\u00f3n en las relaciones polaco-jud\u00edas, surgida como consecuencia de la adopci\u00f3n por parte de las autoridades polacas de una enmienda a la ley sobre el Instituto de Memoria Nacional (IPN), que proh\u00edbe el uso de la expresi\u00f3n \u201ccampos de concentraci\u00f3n polacos\u201d conviene aludir al ejemplo de Juan Pablo II. \u00bfPor qu\u00e9? Porque durante su pontificado tampoco faltaron momentos dif\u00edciles. Recordemos tan solo: el conflicto sobre el convento Carmelita en O\u015bwi\u0119cim o las acusaciones de la \u201capropiaci\u00f3n del Holocausto\u201d durante el proceso de la canonizaci\u00f3n de Edyta Stein; las negociaciones, cada vez m\u00e1s alargadas, para establecer las relaciones diplom\u00e1ticas entre Israel y la Santa Sede. El tiempo\u00a0 flu\u00eda mientras el di\u00e1logo continuaba para el provecho de ambas partes. La verdad no puede ser sometida a la apropiaci\u00f3n. No puede ser manipulada para los prop\u00f3sitos actuales sino que ha de constituir un bien com\u00fan. Una verdad tan tr\u00e1gica como la del Holocausto ha de servir de lecci\u00f3n para futuras generaciones.<\/p>\n<p>Indudablemente las investigaciones cient\u00edficas est\u00e1n al servicio del conocimiento de toda la verdad sobre la Shoah, al igual que las clases de historia impartidas con honradez, programas informativos y educativos que lleguen a amplias masas de la gente en todo el mundo. En este proceso las organizaciones polacas, establecidas en el extranjero, tienen un papel muy importante que jugar.<\/p>\n<p>Indiquemos, a t\u00edtulo de ejemplo, que entre los recuerdos regalados a Juan Pablo II y, conservadas hoy en el Centro de su Pontificado en Roma, hay algunos que hablan del drama de la guerra. Demuestran, sin lugar a dudas, qui\u00e9n era el invasor y qui\u00e9n la v\u00edctima. Dan testimonio del holocausto de jud\u00edos y polacos. Y se guardan en ese lugar no de forma casual, sino por expresa voluntad del Papa que entend\u00eda la necesidad de contar esta dif\u00edcil historia a gentes de todo el mundo. Para evitar la apropiaci\u00f3n de la verdad y su falseamiento es menester, tambi\u00e9n, la movilizaci\u00f3n de los c\u00edrculos polacos en el extranjero. Se trata de transmitir la plena verdad sobre la situaci\u00f3n de las gentes en aquellos tiempos, sus dif\u00edciles decisiones e igualmente sobre el hero\u00edsmo de los que salvaban la vida a los jud\u00edos. No se pueden olvidar, sin embargo, para la advertencia de generaciones futuras, los tristes casos de colaboraci\u00f3n con los nazis. La memoria construida sobre la verdad es nuestro deber para con las v\u00edctimas y para con quienes hicieron lo posible para salvar a los dem\u00e1s. Supone la continuaci\u00f3n del camino trazado por Juan Pablo II.<\/p>\n<p><strong>Padre Andrzej Dobrzy\u0144ski<\/strong><\/p>\n","protected":false},"excerpt":{"rendered":"<p>Juan Pablo II y los Judios<\/p>\n","protected":false},"author":5,"featured_media":1335,"comment_status":"open","ping_status":"open","sticky":false,"template":"","format":"standard","meta":{"_acf_changed":false,"_exactmetrics_skip_tracking":false,"_exactmetrics_sitenote_active":false,"_exactmetrics_sitenote_note":"","_exactmetrics_sitenote_category":0,"footnotes":""},"categories":[2,13,14],"tags":[96,89,92,50,88,90,87,86,91,95,99,93,98,97,94],"class_list":["post-1334","post","type-post","status-publish","format-standard","has-post-thumbnail","hentry","category-articulos","category-strona-glowna-najnowsze","category-strona-glowna-slider","tag-auschwitz","tag-dialogo","tag-dobrzynski","tag-fundacion-de-juan-pablo-ii","tag-holocausto","tag-ipn","tag-jp2","tag-judios","tag-memoria","tag-nazismo","tag-polacas","tag-rabino","tag-shoah","tag-wojtyla","tag-yad_vashem"],"acf":[],"yoast_head":"<!-- This site is optimized with the Yoast SEO plugin v26.2 - https:\/\/yoast.com\/wordpress\/plugins\/seo\/ -->\n<title>Para no apropiarse de la verdad sobre el Holocausto - Centro de Documentaci\u00f3n y Estudios del Pontificado de Juan Pablo II en Roma<\/title>\n<meta name=\"robots\" content=\"index, follow, max-snippet:-1, max-image-preview:large, max-video-preview:-1\" \/>\n<link rel=\"canonical\" href=\"https:\/\/jp2doc.pl\/es\/2018\/02\/09\/para-no-apropiarse-de-la-verdad-sobre-el-holocausto\/\" \/>\n<meta property=\"og:locale\" content=\"es_ES\" \/>\n<meta property=\"og:type\" content=\"article\" \/>\n<meta property=\"og:title\" content=\"Para no apropiarse de la verdad sobre el Holocausto - Centro de Documentaci\u00f3n y Estudios del Pontificado de Juan Pablo II en Roma\" \/>\n<meta property=\"og:description\" content=\"Juan Pablo II y los Judios\" \/>\n<meta property=\"og:url\" content=\"https:\/\/jp2doc.pl\/es\/2018\/02\/09\/para-no-apropiarse-de-la-verdad-sobre-el-holocausto\/\" \/>\n<meta property=\"og:site_name\" content=\"Centro de Documentaci\u00f3n y Estudios del Pontificado de Juan Pablo II en Roma\" \/>\n<meta property=\"article:published_time\" content=\"2018-02-09T08:35:33+00:00\" \/>\n<meta property=\"article:modified_time\" content=\"2018-02-13T14:04:53+00:00\" \/>\n<meta property=\"og:image\" content=\"https:\/\/jp2doc.pl\/es\/wp-content\/uploads\/sites\/4\/2018\/02\/artyku\u0142.jpg\" \/>\n\t<meta property=\"og:image:width\" content=\"1180\" \/>\n\t<meta property=\"og:image:height\" content=\"800\" \/>\n\t<meta property=\"og:image:type\" content=\"image\/jpeg\" \/>\n<meta name=\"author\" content=\"juliasercanka\" \/>\n<meta name=\"twitter:card\" content=\"summary_large_image\" \/>\n<meta name=\"twitter:label1\" content=\"Escrito por\" \/>\n\t<meta name=\"twitter:data1\" content=\"juliasercanka\" \/>\n\t<meta name=\"twitter:label2\" content=\"Tiempo de lectura\" \/>\n\t<meta name=\"twitter:data2\" content=\"8 minutos\" \/>\n<script type=\"application\/ld+json\" class=\"yoast-schema-graph\">{\"@context\":\"https:\/\/schema.org\",\"@graph\":[{\"@type\":\"Article\",\"@id\":\"https:\/\/jp2doc.pl\/es\/2018\/02\/09\/para-no-apropiarse-de-la-verdad-sobre-el-holocausto\/#article\",\"isPartOf\":{\"@id\":\"https:\/\/jp2doc.pl\/es\/2018\/02\/09\/para-no-apropiarse-de-la-verdad-sobre-el-holocausto\/\"},\"author\":{\"name\":\"juliasercanka\",\"@id\":\"https:\/\/jp2doc.pl\/es\/#\/schema\/person\/6110109e80abb51f6fac4824777eabfe\"},\"headline\":\"Para no apropiarse de la verdad sobre el Holocausto\",\"datePublished\":\"2018-02-09T08:35:33+00:00\",\"dateModified\":\"2018-02-13T14:04:53+00:00\",\"mainEntityOfPage\":{\"@id\":\"https:\/\/jp2doc.pl\/es\/2018\/02\/09\/para-no-apropiarse-de-la-verdad-sobre-el-holocausto\/\"},\"wordCount\":1619,\"commentCount\":0,\"publisher\":{\"@id\":\"https:\/\/jp2doc.pl\/es\/#organization\"},\"image\":{\"@id\":\"https:\/\/jp2doc.pl\/es\/2018\/02\/09\/para-no-apropiarse-de-la-verdad-sobre-el-holocausto\/#primaryimage\"},\"thumbnailUrl\":\"https:\/\/jp2doc.pl\/es\/wp-content\/uploads\/sites\/4\/2018\/02\/artyku\u0142.jpg\",\"keywords\":[\"Auschwitz\",\"di\u00e1logo\",\"dobrzynski\",\"Fundaci\u00f3n de Juan Pablo II\",\"Holocausto\",\"IPN\",\"jp2\",\"judios\",\"memoria\",\"nazismo\",\"polacas\",\"rabino\",\"shoah\",\"wojtyla\",\"yad_vashem\"],\"articleSection\":[\"Art\u00edculos\",\"Strona g\u0142\u00f3wna - najnowsze\",\"Strona g\u0142\u00f3wna - slider\"],\"inLanguage\":\"es\",\"potentialAction\":[{\"@type\":\"CommentAction\",\"name\":\"Comment\",\"target\":[\"https:\/\/jp2doc.pl\/es\/2018\/02\/09\/para-no-apropiarse-de-la-verdad-sobre-el-holocausto\/#respond\"]}]},{\"@type\":\"WebPage\",\"@id\":\"https:\/\/jp2doc.pl\/es\/2018\/02\/09\/para-no-apropiarse-de-la-verdad-sobre-el-holocausto\/\",\"url\":\"https:\/\/jp2doc.pl\/es\/2018\/02\/09\/para-no-apropiarse-de-la-verdad-sobre-el-holocausto\/\",\"name\":\"Para no apropiarse de la verdad sobre el Holocausto - Centro de Documentaci\u00f3n y Estudios del Pontificado de Juan Pablo II en Roma\",\"isPartOf\":{\"@id\":\"https:\/\/jp2doc.pl\/es\/#website\"},\"primaryImageOfPage\":{\"@id\":\"https:\/\/jp2doc.pl\/es\/2018\/02\/09\/para-no-apropiarse-de-la-verdad-sobre-el-holocausto\/#primaryimage\"},\"image\":{\"@id\":\"https:\/\/jp2doc.pl\/es\/2018\/02\/09\/para-no-apropiarse-de-la-verdad-sobre-el-holocausto\/#primaryimage\"},\"thumbnailUrl\":\"https:\/\/jp2doc.pl\/es\/wp-content\/uploads\/sites\/4\/2018\/02\/artyku\u0142.jpg\",\"datePublished\":\"2018-02-09T08:35:33+00:00\",\"dateModified\":\"2018-02-13T14:04:53+00:00\",\"breadcrumb\":{\"@id\":\"https:\/\/jp2doc.pl\/es\/2018\/02\/09\/para-no-apropiarse-de-la-verdad-sobre-el-holocausto\/#breadcrumb\"},\"inLanguage\":\"es\",\"potentialAction\":[{\"@type\":\"ReadAction\",\"target\":[\"https:\/\/jp2doc.pl\/es\/2018\/02\/09\/para-no-apropiarse-de-la-verdad-sobre-el-holocausto\/\"]}]},{\"@type\":\"ImageObject\",\"inLanguage\":\"es\",\"@id\":\"https:\/\/jp2doc.pl\/es\/2018\/02\/09\/para-no-apropiarse-de-la-verdad-sobre-el-holocausto\/#primaryimage\",\"url\":\"https:\/\/jp2doc.pl\/es\/wp-content\/uploads\/sites\/4\/2018\/02\/artyku\u0142.jpg\",\"contentUrl\":\"https:\/\/jp2doc.pl\/es\/wp-content\/uploads\/sites\/4\/2018\/02\/artyku\u0142.jpg\",\"width\":1180,\"height\":800,\"caption\":\"JERUSALEM, ISRAEL - MARCH 26: (FILE PHOTO) Pope John Paul II places his letter to God between the ancient stones of the Western Wall, Judaism's holiest site March 26, 2000 in Jerusalem's Old City. The Pope developed a high fever March 31, 2005 due to urinary tract infection. (Photo by Amos Ben Gershom\/GPO via Getty Images)\"},{\"@type\":\"BreadcrumbList\",\"@id\":\"https:\/\/jp2doc.pl\/es\/2018\/02\/09\/para-no-apropiarse-de-la-verdad-sobre-el-holocausto\/#breadcrumb\",\"itemListElement\":[{\"@type\":\"ListItem\",\"position\":1,\"name\":\"Home\",\"item\":\"https:\/\/jp2doc.pl\/es\/\"},{\"@type\":\"ListItem\",\"position\":2,\"name\":\"Para no apropiarse de la verdad sobre el Holocausto\"}]},{\"@type\":\"WebSite\",\"@id\":\"https:\/\/jp2doc.pl\/es\/#website\",\"url\":\"https:\/\/jp2doc.pl\/es\/\",\"name\":\"Centro de Documentaci\u00f3n y Estudios del Pontificado de Juan Pablo II en Roma\",\"description\":\"\",\"publisher\":{\"@id\":\"https:\/\/jp2doc.pl\/es\/#organization\"},\"potentialAction\":[{\"@type\":\"SearchAction\",\"target\":{\"@type\":\"EntryPoint\",\"urlTemplate\":\"https:\/\/jp2doc.pl\/es\/?s={search_term_string}\"},\"query-input\":{\"@type\":\"PropertyValueSpecification\",\"valueRequired\":true,\"valueName\":\"search_term_string\"}}],\"inLanguage\":\"es\"},{\"@type\":\"Organization\",\"@id\":\"https:\/\/jp2doc.pl\/es\/#organization\",\"name\":\"Centro de Documentaci\u00f3n y Estudios del Pontificado de Juan Pablo II en Roma\",\"url\":\"https:\/\/jp2doc.pl\/es\/\",\"logo\":{\"@type\":\"ImageObject\",\"inLanguage\":\"es\",\"@id\":\"https:\/\/jp2doc.pl\/es\/#\/schema\/logo\/image\/\",\"url\":\"https:\/\/jp2doc.pl\/es\/wp-content\/uploads\/sites\/4\/2017\/03\/cropped-logo.png\",\"contentUrl\":\"https:\/\/jp2doc.pl\/es\/wp-content\/uploads\/sites\/4\/2017\/03\/cropped-logo.png\",\"width\":115,\"height\":115,\"caption\":\"Centro de Documentaci\u00f3n y Estudios del Pontificado de Juan Pablo II en Roma\"},\"image\":{\"@id\":\"https:\/\/jp2doc.pl\/es\/#\/schema\/logo\/image\/\"}},{\"@type\":\"Person\",\"@id\":\"https:\/\/jp2doc.pl\/es\/#\/schema\/person\/6110109e80abb51f6fac4824777eabfe\",\"name\":\"juliasercanka\",\"image\":{\"@type\":\"ImageObject\",\"inLanguage\":\"es\",\"@id\":\"https:\/\/jp2doc.pl\/es\/#\/schema\/person\/image\/\",\"url\":\"https:\/\/secure.gravatar.com\/avatar\/266a66e864556e22d55d61b6b10c97fab9060767b738564bcd109f3997e372bc?s=96&d=mm&r=g\",\"contentUrl\":\"https:\/\/secure.gravatar.com\/avatar\/266a66e864556e22d55d61b6b10c97fab9060767b738564bcd109f3997e372bc?s=96&d=mm&r=g\",\"caption\":\"juliasercanka\"},\"url\":\"https:\/\/jp2doc.pl\/es\/author\/juliasercanka\/\"}]}<\/script>\n<!-- \/ Yoast SEO plugin. -->","yoast_head_json":{"title":"Para no apropiarse de la verdad sobre el Holocausto - Centro de Documentaci\u00f3n y Estudios del Pontificado de Juan Pablo II en Roma","robots":{"index":"index","follow":"follow","max-snippet":"max-snippet:-1","max-image-preview":"max-image-preview:large","max-video-preview":"max-video-preview:-1"},"canonical":"https:\/\/jp2doc.pl\/es\/2018\/02\/09\/para-no-apropiarse-de-la-verdad-sobre-el-holocausto\/","og_locale":"es_ES","og_type":"article","og_title":"Para no apropiarse de la verdad sobre el Holocausto - Centro de Documentaci\u00f3n y Estudios del Pontificado de Juan Pablo II en Roma","og_description":"Juan Pablo II y los Judios","og_url":"https:\/\/jp2doc.pl\/es\/2018\/02\/09\/para-no-apropiarse-de-la-verdad-sobre-el-holocausto\/","og_site_name":"Centro de Documentaci\u00f3n y Estudios del Pontificado de Juan Pablo II en Roma","article_published_time":"2018-02-09T08:35:33+00:00","article_modified_time":"2018-02-13T14:04:53+00:00","og_image":[{"width":1180,"height":800,"url":"https:\/\/jp2doc.pl\/es\/wp-content\/uploads\/sites\/4\/2018\/02\/artyku\u0142.jpg","type":"image\/jpeg"}],"author":"juliasercanka","twitter_card":"summary_large_image","twitter_misc":{"Escrito por":"juliasercanka","Tiempo de lectura":"8 minutos"},"schema":{"@context":"https:\/\/schema.org","@graph":[{"@type":"Article","@id":"https:\/\/jp2doc.pl\/es\/2018\/02\/09\/para-no-apropiarse-de-la-verdad-sobre-el-holocausto\/#article","isPartOf":{"@id":"https:\/\/jp2doc.pl\/es\/2018\/02\/09\/para-no-apropiarse-de-la-verdad-sobre-el-holocausto\/"},"author":{"name":"juliasercanka","@id":"https:\/\/jp2doc.pl\/es\/#\/schema\/person\/6110109e80abb51f6fac4824777eabfe"},"headline":"Para no apropiarse de la verdad sobre el Holocausto","datePublished":"2018-02-09T08:35:33+00:00","dateModified":"2018-02-13T14:04:53+00:00","mainEntityOfPage":{"@id":"https:\/\/jp2doc.pl\/es\/2018\/02\/09\/para-no-apropiarse-de-la-verdad-sobre-el-holocausto\/"},"wordCount":1619,"commentCount":0,"publisher":{"@id":"https:\/\/jp2doc.pl\/es\/#organization"},"image":{"@id":"https:\/\/jp2doc.pl\/es\/2018\/02\/09\/para-no-apropiarse-de-la-verdad-sobre-el-holocausto\/#primaryimage"},"thumbnailUrl":"https:\/\/jp2doc.pl\/es\/wp-content\/uploads\/sites\/4\/2018\/02\/artyku\u0142.jpg","keywords":["Auschwitz","di\u00e1logo","dobrzynski","Fundaci\u00f3n de Juan Pablo II","Holocausto","IPN","jp2","judios","memoria","nazismo","polacas","rabino","shoah","wojtyla","yad_vashem"],"articleSection":["Art\u00edculos","Strona g\u0142\u00f3wna - najnowsze","Strona g\u0142\u00f3wna - slider"],"inLanguage":"es","potentialAction":[{"@type":"CommentAction","name":"Comment","target":["https:\/\/jp2doc.pl\/es\/2018\/02\/09\/para-no-apropiarse-de-la-verdad-sobre-el-holocausto\/#respond"]}]},{"@type":"WebPage","@id":"https:\/\/jp2doc.pl\/es\/2018\/02\/09\/para-no-apropiarse-de-la-verdad-sobre-el-holocausto\/","url":"https:\/\/jp2doc.pl\/es\/2018\/02\/09\/para-no-apropiarse-de-la-verdad-sobre-el-holocausto\/","name":"Para no apropiarse de la verdad sobre el Holocausto - Centro de Documentaci\u00f3n y Estudios del Pontificado de Juan Pablo II en Roma","isPartOf":{"@id":"https:\/\/jp2doc.pl\/es\/#website"},"primaryImageOfPage":{"@id":"https:\/\/jp2doc.pl\/es\/2018\/02\/09\/para-no-apropiarse-de-la-verdad-sobre-el-holocausto\/#primaryimage"},"image":{"@id":"https:\/\/jp2doc.pl\/es\/2018\/02\/09\/para-no-apropiarse-de-la-verdad-sobre-el-holocausto\/#primaryimage"},"thumbnailUrl":"https:\/\/jp2doc.pl\/es\/wp-content\/uploads\/sites\/4\/2018\/02\/artyku\u0142.jpg","datePublished":"2018-02-09T08:35:33+00:00","dateModified":"2018-02-13T14:04:53+00:00","breadcrumb":{"@id":"https:\/\/jp2doc.pl\/es\/2018\/02\/09\/para-no-apropiarse-de-la-verdad-sobre-el-holocausto\/#breadcrumb"},"inLanguage":"es","potentialAction":[{"@type":"ReadAction","target":["https:\/\/jp2doc.pl\/es\/2018\/02\/09\/para-no-apropiarse-de-la-verdad-sobre-el-holocausto\/"]}]},{"@type":"ImageObject","inLanguage":"es","@id":"https:\/\/jp2doc.pl\/es\/2018\/02\/09\/para-no-apropiarse-de-la-verdad-sobre-el-holocausto\/#primaryimage","url":"https:\/\/jp2doc.pl\/es\/wp-content\/uploads\/sites\/4\/2018\/02\/artyku\u0142.jpg","contentUrl":"https:\/\/jp2doc.pl\/es\/wp-content\/uploads\/sites\/4\/2018\/02\/artyku\u0142.jpg","width":1180,"height":800,"caption":"JERUSALEM, ISRAEL - MARCH 26: (FILE PHOTO) Pope John Paul II places his letter to God between the ancient stones of the Western Wall, Judaism's holiest site March 26, 2000 in Jerusalem's Old City. The Pope developed a high fever March 31, 2005 due to urinary tract infection. (Photo by Amos Ben Gershom\/GPO via Getty Images)"},{"@type":"BreadcrumbList","@id":"https:\/\/jp2doc.pl\/es\/2018\/02\/09\/para-no-apropiarse-de-la-verdad-sobre-el-holocausto\/#breadcrumb","itemListElement":[{"@type":"ListItem","position":1,"name":"Home","item":"https:\/\/jp2doc.pl\/es\/"},{"@type":"ListItem","position":2,"name":"Para no apropiarse de la verdad sobre el Holocausto"}]},{"@type":"WebSite","@id":"https:\/\/jp2doc.pl\/es\/#website","url":"https:\/\/jp2doc.pl\/es\/","name":"Centro de Documentaci\u00f3n y Estudios del Pontificado de Juan Pablo II en Roma","description":"","publisher":{"@id":"https:\/\/jp2doc.pl\/es\/#organization"},"potentialAction":[{"@type":"SearchAction","target":{"@type":"EntryPoint","urlTemplate":"https:\/\/jp2doc.pl\/es\/?s={search_term_string}"},"query-input":{"@type":"PropertyValueSpecification","valueRequired":true,"valueName":"search_term_string"}}],"inLanguage":"es"},{"@type":"Organization","@id":"https:\/\/jp2doc.pl\/es\/#organization","name":"Centro de Documentaci\u00f3n y Estudios del Pontificado de Juan Pablo II en Roma","url":"https:\/\/jp2doc.pl\/es\/","logo":{"@type":"ImageObject","inLanguage":"es","@id":"https:\/\/jp2doc.pl\/es\/#\/schema\/logo\/image\/","url":"https:\/\/jp2doc.pl\/es\/wp-content\/uploads\/sites\/4\/2017\/03\/cropped-logo.png","contentUrl":"https:\/\/jp2doc.pl\/es\/wp-content\/uploads\/sites\/4\/2017\/03\/cropped-logo.png","width":115,"height":115,"caption":"Centro de Documentaci\u00f3n y Estudios del Pontificado de Juan Pablo II en Roma"},"image":{"@id":"https:\/\/jp2doc.pl\/es\/#\/schema\/logo\/image\/"}},{"@type":"Person","@id":"https:\/\/jp2doc.pl\/es\/#\/schema\/person\/6110109e80abb51f6fac4824777eabfe","name":"juliasercanka","image":{"@type":"ImageObject","inLanguage":"es","@id":"https:\/\/jp2doc.pl\/es\/#\/schema\/person\/image\/","url":"https:\/\/secure.gravatar.com\/avatar\/266a66e864556e22d55d61b6b10c97fab9060767b738564bcd109f3997e372bc?s=96&d=mm&r=g","contentUrl":"https:\/\/secure.gravatar.com\/avatar\/266a66e864556e22d55d61b6b10c97fab9060767b738564bcd109f3997e372bc?s=96&d=mm&r=g","caption":"juliasercanka"},"url":"https:\/\/jp2doc.pl\/es\/author\/juliasercanka\/"}]}},"_links":{"self":[{"href":"https:\/\/jp2doc.pl\/es\/wp-json\/wp\/v2\/posts\/1334","targetHints":{"allow":["GET"]}}],"collection":[{"href":"https:\/\/jp2doc.pl\/es\/wp-json\/wp\/v2\/posts"}],"about":[{"href":"https:\/\/jp2doc.pl\/es\/wp-json\/wp\/v2\/types\/post"}],"author":[{"embeddable":true,"href":"https:\/\/jp2doc.pl\/es\/wp-json\/wp\/v2\/users\/5"}],"replies":[{"embeddable":true,"href":"https:\/\/jp2doc.pl\/es\/wp-json\/wp\/v2\/comments?post=1334"}],"version-history":[{"count":7,"href":"https:\/\/jp2doc.pl\/es\/wp-json\/wp\/v2\/posts\/1334\/revisions"}],"predecessor-version":[{"id":1348,"href":"https:\/\/jp2doc.pl\/es\/wp-json\/wp\/v2\/posts\/1334\/revisions\/1348"}],"wp:featuredmedia":[{"embeddable":true,"href":"https:\/\/jp2doc.pl\/es\/wp-json\/wp\/v2\/media\/1335"}],"wp:attachment":[{"href":"https:\/\/jp2doc.pl\/es\/wp-json\/wp\/v2\/media?parent=1334"}],"wp:term":[{"taxonomy":"category","embeddable":true,"href":"https:\/\/jp2doc.pl\/es\/wp-json\/wp\/v2\/categories?post=1334"},{"taxonomy":"post_tag","embeddable":true,"href":"https:\/\/jp2doc.pl\/es\/wp-json\/wp\/v2\/tags?post=1334"}],"curies":[{"name":"wp","href":"https:\/\/api.w.org\/{rel}","templated":true}]}}