{"id":1350,"date":"2018-02-14T16:59:40","date_gmt":"2018-02-14T15:59:40","guid":{"rendered":"http:\/\/jp2doc.pl\/es\/?p=1350"},"modified":"2018-03-12T13:14:21","modified_gmt":"2018-03-12T12:14:21","slug":"tiempo-de-mas-amor-a-jesus","status":"publish","type":"post","link":"https:\/\/jp2doc.pl\/es\/2018\/02\/14\/tiempo-de-mas-amor-a-jesus\/","title":{"rendered":"Tiempo de m\u00e1s amor a Jes\u00fas"},"content":{"rendered":"<p>Mt 6,1-6.16-18<\/p>\n<p>Hoy el Se\u00f1or nos regala iniciar un tiempo fuerte \u2014como nos dice la Iglesia\u2014, que es el tiempo de Cuaresma; un tiempo en que t\u00fa y yo tenemos que reflexionar mucho sobre nuestra fe, tenemos que prepararnos para la Pascua, para ese gran acontecimiento pascual, y tenemos que reflexionar sobre nuestra vida: c\u00f3mo la llevamos, personalmente y comunitariamente. Y este tiempo, que es tiempo de reflexi\u00f3n, la Iglesia nos pone como tres pilares que nos desarrolla Jes\u00fas en su Evangelio. Y nos lo dice en el Evangelio de Mateo 6,1-6.16-18. Vamos a o\u00edrlo y a reflexionarlo:<\/p>\n<blockquote><p>\u00a0\u201cGuardaos de practicar vuestra justicia delante de los hombres para ser vistos por ellos; de otro modo, no tendr\u00e9is recompensa de vuestro Padre que est\u00e1 en los Cielos. Por tanto, cuando des limosna, no lo anuncies a son de trompeta, como hacen los hip\u00f3critas en las sinagogas y por los barrios, para ser alabados por los hombres; en verdad os digo que ya recibieron su recompensa. T\u00fa, por el contrario, cuando des limosna, que tu mano izquierda no sepa lo que hace tu derecha; para que tu limosna quede en oculto, y tu Padre, que ve en lo oculto, te recompensar\u00e1. Y cuando or\u00e9is, no se\u00e1is como los hip\u00f3critas, que gustan orar con ostentaci\u00f3n en las sinagogas y en las esquinas de las plazas, para ser vistos por los hombres. En verdad os digo que ya recibieron su recompensa. T\u00fa, en cambio, cuando te pongas a orar, entra en tu habitaci\u00f3n, y cerrada la puerta, ora a tu Padre, que est\u00e1 en lo oculto; y tu Padre, que ve en lo oculto, te recompensar\u00e1. Cuando ayun\u00e9is, no os finj\u00e1is tristes, como los hip\u00f3critas que desfiguran su rostro para que la gente vea c\u00f3mo ayunan. En verdad os digo que ya recibieron su recompensa. T\u00fa, en cambio, cuando ayunes, perfuma tu cabeza y lava tu cara, para que los hombres no adviertan que ayunas, sino tu Padre, que est\u00e1 en lo oculto; y tu Padre, que ve en lo oculto, te recompensar\u00e1\u201d.<\/p><\/blockquote>\n<p>Este texto en el que Jes\u00fas est\u00e1 en la monta\u00f1a, que pertenece al famoso serm\u00f3n que \u00c9l quiso decir a toda la gente para proclamar su Reino, este texto que pertenece a todo ese discurso, nos dice los tres pilares de la vida cristiana, que es la oraci\u00f3n, el ayuno y la limosna. Oraci\u00f3n, ayuno y limosna. Y nos lo dice tambi\u00e9n de una forma humilde, sin ganas de notoriedad, de no practicar nada de estos tres valores de cara al exterior, sin vanidad, sin ostentaci\u00f3n, sino simplemente en la intimidad, en el Coraz\u00f3n de Dios.<\/p>\n<p>Y nos dice \u201ccuando or\u00e9is\u201d, \u201ccuando ayun\u00e9is\u201d, \u201ccuando deis limosna\u201d. Hoy t\u00fa y yo nos vamos ah\u00ed, a esa monta\u00f1a y escuchamos c\u00f3mo lo dice Jes\u00fas y le preguntamos: Jes\u00fas, \u00bfc\u00f3mo quieres que oremos? Y \u00c9l nos dir\u00e1 que le gusta una oraci\u00f3n sencilla, \u00edntima, profunda, oculta, nada de exterior; una oraci\u00f3n en que s\u00f3lo busquemos su mirada y su coraz\u00f3n. Y esa oraci\u00f3n quiere que sea un di\u00e1logo con \u00c9l, y que la tengamos como una necesidad vital de nuestra existencia, que escuchemos su Palabra, que nos dice lo que \u00c9l quiere que hagamos. Tiempo de oraci\u00f3n, de m\u00e1s amor, de m\u00e1s intensidad, de m\u00e1s fe.<\/p>\n<p>Y le seguimos preguntando: Jes\u00fas, \u00bfc\u00f3mo quieres que hagamos penitencia? Y \u00c9l nos dir\u00e1 que la penitencia que hagamos no sea exterior, como esa que hac\u00edan los fariseos, como \u00e9sa que hac\u00edan los publicanos&#8230; No, \u00c9l no quiere que hagamos as\u00ed. Que no vayamos practicando y tocando la trompeta por todos los sitios diciendo qu\u00e9 es lo que quiere que hagamos. No, la penitencia que quiere que hagamos es ponernos en la piel del otro, en los zapatos del que sufre, en revisar nuestras actitudes, en ver los deseos que tenemos, en darnos a los dem\u00e1s.<\/p>\n<p>Y seguimos pregut\u00e1ndole a Jes\u00fas: \u00bfy qu\u00e9 quieres que hagamos, Se\u00f1or? \u00bfC\u00f3mo quieres que demos limosna? La limosna que quiere es que nos preocupemos exigentemente por las necesidades de los dem\u00e1s, del m\u00e1s pr\u00f3ximo, del que sufre, del que es hermano tuyo y m\u00edo, porque todos somos hijos de Dios.<\/p>\n<p>Jes\u00fas nos dice tres cosas muy fuertes: si quieres ser m\u00e1s cristiana, ora, entr\u00e9gate y sacrif\u00edcate por los dem\u00e1s. Y nos dice que lo hagamos de una forma sencilla, modesta, natural. \u00a1Cu\u00e1ntas gracias tenemos que darle a Jes\u00fas hoy, cuando le escuchamos, porque \u00c9l nos anima y nos dice: vive esta etapa fuerte de cuarenta d\u00edas, que es lo que es la Cuaresma. \u00a1Y vive! \u00a1Y an\u00edmate! An\u00edmate a cuidarte un poco m\u00e1s, a revisar tu fe, a revisar tu oraci\u00f3n, tu vida, tus relaciones&#8230; Hoy le pedimos al Se\u00f1or que sepamos buscar espacios para estar con \u00c9l, para encontrarnos; que sepamos ayunar de tantas cosas que nos complican la vida, que nos hacen que perdamos la paz, que nos metamos en l\u00edos; que dejemos de un lado las relaciones que nos hacen mal, y hacen m\u00e1s mal a los dem\u00e1s; que quitemos todo eso que nos arrastra, que nos encorseta, que no nos deja seguir a Jes\u00fas libremente. Le pedimos que nos quite tambi\u00e9n cualquier tristeza y cualquier falta de fe, y que nos llene ese espacio de mucha alegr\u00eda. Pero que sepamos hacerlo sin pregonarlo, que sepamos hacerlo con toda sencillez. Que sepamos ayunar bien de tantas desilusiones, de tantas preocupaciones, de tantas palabras enfermizas, de tantas indiferencias, de tantos agobios\u2026 y que sepamos abrirnos a los dem\u00e1s.<\/p>\n<p>Se\u00f1or, te pido apertura para ti, ens\u00e9\u00f1ame a escucharte, ens\u00e9\u00f1ame a encontrarte en la oraci\u00f3n, en la Eucarist\u00eda, en la reconciliaci\u00f3n. Ens\u00e9\u00f1ame a estar abierto a los dem\u00e1s. Mu\u00e9strame el camino del amor, de la compasi\u00f3n, de la amabilidad, del perd\u00f3n, de la buena acogida. S\u00ed Se\u00f1or, s\u00ed Jes\u00fas\u2026<\/p>\n<p>Hoy t\u00fa y yo le decimos esta oraci\u00f3n que sale del fondo de nuestro coraz\u00f3n: Jes\u00fas, una vez m\u00e1s nos invitas y nos regalas este tiempo de gracia\u2026 Que no lo desperdicie, que no lo pase de cualquier manera, que sea un tiempo de gracia de verdad. T\u00fa conoces nuestra vida, nuestro coraz\u00f3n. T\u00fa sabes que nos tienta el tiempo de perder todo y de dar importancia a lo que no es importante\u2026 Y que nos lamentamos, pero no cambiamos. A veces, Jes\u00fas, nos tienta y me tienta el desaliento porque veo muy dif\u00edcil las cosas que se me presentan, las personas que me rodean ante mi vida. Me tienta la desesperanza, la falta de utop\u00eda, el dejarlo todo para ma\u00f1ana, el no querer comenzar. \u00a1Cu\u00e1nta espera tienes que tener, Se\u00f1or, con nosotros \u2014contigo y conmigo\u2014! Me tienta a veces creer que te estoy escuchando, pero no s\u00e9 discernir tu voz, no distingo tu rostro. \u00a1Cambia mi coraz\u00f3n! \u00a1Ens\u00e9\u00f1ame! \u00a1Ay\u00fadame! \u00a1Dame fortaleza! Que estos d\u00edas Se\u00f1or, Jes\u00fas, Madre m\u00eda, que estos d\u00edas sean de un fuerte encuentro contigo, un grande amor a los dem\u00e1s y una preocupaci\u00f3n exigente por todo lo que me rodea. Pero as\u00ed, en silencio. As\u00ed, sin ostentaci\u00f3n, sin ruido, como T\u00fa quieres, porque T\u00fa miras el coraz\u00f3n del hombre y miras mi coraz\u00f3n y mi vida. Gracias, Se\u00f1or, por regalarme esta etapa tan preciosa que me prepara para vivir la Pascua, tu Pascua, tu Resurrecci\u00f3n. Gracias, Se\u00f1or, por darme esta gran oportunidad, quiero aprovecharla. No me dejes\u2026, me quedo ahora contigo.<\/p>\n<p><strong>Francisca Sierra G\u00f3mez,\u00a0<\/strong>Celadoras del Reinado del Coraz\u00f3n de Jes\u00fas<\/p>\n","protected":false},"excerpt":{"rendered":"<p>Mi\u00e9rcoles de Ceniza<\/p>\n","protected":false},"author":5,"featured_media":1351,"comment_status":"open","ping_status":"open","sticky":false,"template":"","format":"standard","meta":{"_acf_changed":false,"_exactmetrics_skip_tracking":false,"_exactmetrics_sitenote_active":false,"_exactmetrics_sitenote_note":"","_exactmetrics_sitenote_category":0,"footnotes":""},"categories":[4,13,14],"tags":[102,73,27,103,104],"class_list":["post-1350","post","type-post","status-publish","format-standard","has-post-thumbnail","hentry","category-blog","category-strona-glowna-najnowsze","category-strona-glowna-slider","tag-cuaresma","tag-francisca-sierra-gomez","tag-jesus","tag-limosna","tag-miercoles-de-ceniza"],"acf":[],"yoast_head":"<!-- This site is optimized with the Yoast SEO plugin v26.2 - https:\/\/yoast.com\/wordpress\/plugins\/seo\/ -->\n<title>Tiempo de m\u00e1s amor a Jes\u00fas - Centro de Documentaci\u00f3n y Estudios del Pontificado de Juan Pablo II en Roma<\/title>\n<meta name=\"robots\" content=\"index, follow, max-snippet:-1, max-image-preview:large, max-video-preview:-1\" \/>\n<link rel=\"canonical\" href=\"https:\/\/jp2doc.pl\/es\/2018\/02\/14\/tiempo-de-mas-amor-a-jesus\/\" \/>\n<meta property=\"og:locale\" content=\"es_ES\" \/>\n<meta property=\"og:type\" content=\"article\" \/>\n<meta property=\"og:title\" content=\"Tiempo de m\u00e1s amor a Jes\u00fas - Centro de Documentaci\u00f3n y Estudios del Pontificado de Juan Pablo II en Roma\" \/>\n<meta property=\"og:description\" content=\"Mi\u00e9rcoles de Ceniza\" \/>\n<meta property=\"og:url\" content=\"https:\/\/jp2doc.pl\/es\/2018\/02\/14\/tiempo-de-mas-amor-a-jesus\/\" \/>\n<meta property=\"og:site_name\" content=\"Centro de Documentaci\u00f3n y Estudios del Pontificado de Juan Pablo II en Roma\" \/>\n<meta property=\"article:published_time\" content=\"2018-02-14T15:59:40+00:00\" \/>\n<meta property=\"article:modified_time\" content=\"2018-03-12T12:14:21+00:00\" \/>\n<meta property=\"og:image\" content=\"https:\/\/jp2doc.pl\/es\/wp-content\/uploads\/sites\/4\/2018\/02\/jussara-romao-345671.jpg\" \/>\n\t<meta property=\"og:image:width\" content=\"1457\" \/>\n\t<meta property=\"og:image:height\" content=\"818\" \/>\n\t<meta property=\"og:image:type\" content=\"image\/jpeg\" \/>\n<meta name=\"author\" content=\"juliasercanka\" \/>\n<meta name=\"twitter:card\" content=\"summary_large_image\" \/>\n<meta name=\"twitter:label1\" content=\"Escrito por\" \/>\n\t<meta name=\"twitter:data1\" content=\"juliasercanka\" \/>\n\t<meta name=\"twitter:label2\" content=\"Tiempo de lectura\" \/>\n\t<meta name=\"twitter:data2\" content=\"7 minutos\" \/>\n<script type=\"application\/ld+json\" class=\"yoast-schema-graph\">{\"@context\":\"https:\/\/schema.org\",\"@graph\":[{\"@type\":\"Article\",\"@id\":\"https:\/\/jp2doc.pl\/es\/2018\/02\/14\/tiempo-de-mas-amor-a-jesus\/#article\",\"isPartOf\":{\"@id\":\"https:\/\/jp2doc.pl\/es\/2018\/02\/14\/tiempo-de-mas-amor-a-jesus\/\"},\"author\":{\"name\":\"juliasercanka\",\"@id\":\"https:\/\/jp2doc.pl\/es\/#\/schema\/person\/6110109e80abb51f6fac4824777eabfe\"},\"headline\":\"Tiempo de m\u00e1s amor a Jes\u00fas\",\"datePublished\":\"2018-02-14T15:59:40+00:00\",\"dateModified\":\"2018-03-12T12:14:21+00:00\",\"mainEntityOfPage\":{\"@id\":\"https:\/\/jp2doc.pl\/es\/2018\/02\/14\/tiempo-de-mas-amor-a-jesus\/\"},\"wordCount\":1349,\"commentCount\":0,\"publisher\":{\"@id\":\"https:\/\/jp2doc.pl\/es\/#organization\"},\"image\":{\"@id\":\"https:\/\/jp2doc.pl\/es\/2018\/02\/14\/tiempo-de-mas-amor-a-jesus\/#primaryimage\"},\"thumbnailUrl\":\"https:\/\/jp2doc.pl\/es\/wp-content\/uploads\/sites\/4\/2018\/02\/jussara-romao-345671.jpg\",\"keywords\":[\"Cuaresma\",\"Francisca Sierra G\u00f3mez\",\"Jes\u00fas\",\"limosna\",\"Mi\u00e9rcoles de Ceniza\"],\"articleSection\":[\"Blog\",\"Strona g\u0142\u00f3wna - najnowsze\",\"Strona g\u0142\u00f3wna - slider\"],\"inLanguage\":\"es\",\"potentialAction\":[{\"@type\":\"CommentAction\",\"name\":\"Comment\",\"target\":[\"https:\/\/jp2doc.pl\/es\/2018\/02\/14\/tiempo-de-mas-amor-a-jesus\/#respond\"]}]},{\"@type\":\"WebPage\",\"@id\":\"https:\/\/jp2doc.pl\/es\/2018\/02\/14\/tiempo-de-mas-amor-a-jesus\/\",\"url\":\"https:\/\/jp2doc.pl\/es\/2018\/02\/14\/tiempo-de-mas-amor-a-jesus\/\",\"name\":\"Tiempo de m\u00e1s amor a Jes\u00fas - Centro de Documentaci\u00f3n y Estudios del Pontificado de Juan Pablo II en Roma\",\"isPartOf\":{\"@id\":\"https:\/\/jp2doc.pl\/es\/#website\"},\"primaryImageOfPage\":{\"@id\":\"https:\/\/jp2doc.pl\/es\/2018\/02\/14\/tiempo-de-mas-amor-a-jesus\/#primaryimage\"},\"image\":{\"@id\":\"https:\/\/jp2doc.pl\/es\/2018\/02\/14\/tiempo-de-mas-amor-a-jesus\/#primaryimage\"},\"thumbnailUrl\":\"https:\/\/jp2doc.pl\/es\/wp-content\/uploads\/sites\/4\/2018\/02\/jussara-romao-345671.jpg\",\"datePublished\":\"2018-02-14T15:59:40+00:00\",\"dateModified\":\"2018-03-12T12:14:21+00:00\",\"breadcrumb\":{\"@id\":\"https:\/\/jp2doc.pl\/es\/2018\/02\/14\/tiempo-de-mas-amor-a-jesus\/#breadcrumb\"},\"inLanguage\":\"es\",\"potentialAction\":[{\"@type\":\"ReadAction\",\"target\":[\"https:\/\/jp2doc.pl\/es\/2018\/02\/14\/tiempo-de-mas-amor-a-jesus\/\"]}]},{\"@type\":\"ImageObject\",\"inLanguage\":\"es\",\"@id\":\"https:\/\/jp2doc.pl\/es\/2018\/02\/14\/tiempo-de-mas-amor-a-jesus\/#primaryimage\",\"url\":\"https:\/\/jp2doc.pl\/es\/wp-content\/uploads\/sites\/4\/2018\/02\/jussara-romao-345671.jpg\",\"contentUrl\":\"https:\/\/jp2doc.pl\/es\/wp-content\/uploads\/sites\/4\/2018\/02\/jussara-romao-345671.jpg\",\"width\":1457,\"height\":818},{\"@type\":\"BreadcrumbList\",\"@id\":\"https:\/\/jp2doc.pl\/es\/2018\/02\/14\/tiempo-de-mas-amor-a-jesus\/#breadcrumb\",\"itemListElement\":[{\"@type\":\"ListItem\",\"position\":1,\"name\":\"Home\",\"item\":\"https:\/\/jp2doc.pl\/es\/\"},{\"@type\":\"ListItem\",\"position\":2,\"name\":\"Tiempo de m\u00e1s amor a Jes\u00fas\"}]},{\"@type\":\"WebSite\",\"@id\":\"https:\/\/jp2doc.pl\/es\/#website\",\"url\":\"https:\/\/jp2doc.pl\/es\/\",\"name\":\"Centro de Documentaci\u00f3n y Estudios del Pontificado de Juan Pablo II en Roma\",\"description\":\"\",\"publisher\":{\"@id\":\"https:\/\/jp2doc.pl\/es\/#organization\"},\"potentialAction\":[{\"@type\":\"SearchAction\",\"target\":{\"@type\":\"EntryPoint\",\"urlTemplate\":\"https:\/\/jp2doc.pl\/es\/?s={search_term_string}\"},\"query-input\":{\"@type\":\"PropertyValueSpecification\",\"valueRequired\":true,\"valueName\":\"search_term_string\"}}],\"inLanguage\":\"es\"},{\"@type\":\"Organization\",\"@id\":\"https:\/\/jp2doc.pl\/es\/#organization\",\"name\":\"Centro de Documentaci\u00f3n y Estudios del Pontificado de Juan Pablo II en Roma\",\"url\":\"https:\/\/jp2doc.pl\/es\/\",\"logo\":{\"@type\":\"ImageObject\",\"inLanguage\":\"es\",\"@id\":\"https:\/\/jp2doc.pl\/es\/#\/schema\/logo\/image\/\",\"url\":\"https:\/\/jp2doc.pl\/es\/wp-content\/uploads\/sites\/4\/2017\/03\/cropped-logo.png\",\"contentUrl\":\"https:\/\/jp2doc.pl\/es\/wp-content\/uploads\/sites\/4\/2017\/03\/cropped-logo.png\",\"width\":115,\"height\":115,\"caption\":\"Centro de Documentaci\u00f3n y Estudios del Pontificado de Juan Pablo II en Roma\"},\"image\":{\"@id\":\"https:\/\/jp2doc.pl\/es\/#\/schema\/logo\/image\/\"}},{\"@type\":\"Person\",\"@id\":\"https:\/\/jp2doc.pl\/es\/#\/schema\/person\/6110109e80abb51f6fac4824777eabfe\",\"name\":\"juliasercanka\",\"image\":{\"@type\":\"ImageObject\",\"inLanguage\":\"es\",\"@id\":\"https:\/\/jp2doc.pl\/es\/#\/schema\/person\/image\/\",\"url\":\"https:\/\/secure.gravatar.com\/avatar\/266a66e864556e22d55d61b6b10c97fab9060767b738564bcd109f3997e372bc?s=96&d=mm&r=g\",\"contentUrl\":\"https:\/\/secure.gravatar.com\/avatar\/266a66e864556e22d55d61b6b10c97fab9060767b738564bcd109f3997e372bc?s=96&d=mm&r=g\",\"caption\":\"juliasercanka\"},\"url\":\"https:\/\/jp2doc.pl\/es\/author\/juliasercanka\/\"}]}<\/script>\n<!-- \/ Yoast SEO plugin. -->","yoast_head_json":{"title":"Tiempo de m\u00e1s amor a Jes\u00fas - Centro de Documentaci\u00f3n y Estudios del Pontificado de Juan Pablo II en Roma","robots":{"index":"index","follow":"follow","max-snippet":"max-snippet:-1","max-image-preview":"max-image-preview:large","max-video-preview":"max-video-preview:-1"},"canonical":"https:\/\/jp2doc.pl\/es\/2018\/02\/14\/tiempo-de-mas-amor-a-jesus\/","og_locale":"es_ES","og_type":"article","og_title":"Tiempo de m\u00e1s amor a Jes\u00fas - Centro de Documentaci\u00f3n y Estudios del Pontificado de Juan Pablo II en Roma","og_description":"Mi\u00e9rcoles de Ceniza","og_url":"https:\/\/jp2doc.pl\/es\/2018\/02\/14\/tiempo-de-mas-amor-a-jesus\/","og_site_name":"Centro de Documentaci\u00f3n y Estudios del Pontificado de Juan Pablo II en Roma","article_published_time":"2018-02-14T15:59:40+00:00","article_modified_time":"2018-03-12T12:14:21+00:00","og_image":[{"width":1457,"height":818,"url":"https:\/\/jp2doc.pl\/es\/wp-content\/uploads\/sites\/4\/2018\/02\/jussara-romao-345671.jpg","type":"image\/jpeg"}],"author":"juliasercanka","twitter_card":"summary_large_image","twitter_misc":{"Escrito por":"juliasercanka","Tiempo de lectura":"7 minutos"},"schema":{"@context":"https:\/\/schema.org","@graph":[{"@type":"Article","@id":"https:\/\/jp2doc.pl\/es\/2018\/02\/14\/tiempo-de-mas-amor-a-jesus\/#article","isPartOf":{"@id":"https:\/\/jp2doc.pl\/es\/2018\/02\/14\/tiempo-de-mas-amor-a-jesus\/"},"author":{"name":"juliasercanka","@id":"https:\/\/jp2doc.pl\/es\/#\/schema\/person\/6110109e80abb51f6fac4824777eabfe"},"headline":"Tiempo de m\u00e1s amor a Jes\u00fas","datePublished":"2018-02-14T15:59:40+00:00","dateModified":"2018-03-12T12:14:21+00:00","mainEntityOfPage":{"@id":"https:\/\/jp2doc.pl\/es\/2018\/02\/14\/tiempo-de-mas-amor-a-jesus\/"},"wordCount":1349,"commentCount":0,"publisher":{"@id":"https:\/\/jp2doc.pl\/es\/#organization"},"image":{"@id":"https:\/\/jp2doc.pl\/es\/2018\/02\/14\/tiempo-de-mas-amor-a-jesus\/#primaryimage"},"thumbnailUrl":"https:\/\/jp2doc.pl\/es\/wp-content\/uploads\/sites\/4\/2018\/02\/jussara-romao-345671.jpg","keywords":["Cuaresma","Francisca Sierra G\u00f3mez","Jes\u00fas","limosna","Mi\u00e9rcoles de Ceniza"],"articleSection":["Blog","Strona g\u0142\u00f3wna - najnowsze","Strona g\u0142\u00f3wna - slider"],"inLanguage":"es","potentialAction":[{"@type":"CommentAction","name":"Comment","target":["https:\/\/jp2doc.pl\/es\/2018\/02\/14\/tiempo-de-mas-amor-a-jesus\/#respond"]}]},{"@type":"WebPage","@id":"https:\/\/jp2doc.pl\/es\/2018\/02\/14\/tiempo-de-mas-amor-a-jesus\/","url":"https:\/\/jp2doc.pl\/es\/2018\/02\/14\/tiempo-de-mas-amor-a-jesus\/","name":"Tiempo de m\u00e1s amor a Jes\u00fas - Centro de Documentaci\u00f3n y Estudios del Pontificado de Juan Pablo II en Roma","isPartOf":{"@id":"https:\/\/jp2doc.pl\/es\/#website"},"primaryImageOfPage":{"@id":"https:\/\/jp2doc.pl\/es\/2018\/02\/14\/tiempo-de-mas-amor-a-jesus\/#primaryimage"},"image":{"@id":"https:\/\/jp2doc.pl\/es\/2018\/02\/14\/tiempo-de-mas-amor-a-jesus\/#primaryimage"},"thumbnailUrl":"https:\/\/jp2doc.pl\/es\/wp-content\/uploads\/sites\/4\/2018\/02\/jussara-romao-345671.jpg","datePublished":"2018-02-14T15:59:40+00:00","dateModified":"2018-03-12T12:14:21+00:00","breadcrumb":{"@id":"https:\/\/jp2doc.pl\/es\/2018\/02\/14\/tiempo-de-mas-amor-a-jesus\/#breadcrumb"},"inLanguage":"es","potentialAction":[{"@type":"ReadAction","target":["https:\/\/jp2doc.pl\/es\/2018\/02\/14\/tiempo-de-mas-amor-a-jesus\/"]}]},{"@type":"ImageObject","inLanguage":"es","@id":"https:\/\/jp2doc.pl\/es\/2018\/02\/14\/tiempo-de-mas-amor-a-jesus\/#primaryimage","url":"https:\/\/jp2doc.pl\/es\/wp-content\/uploads\/sites\/4\/2018\/02\/jussara-romao-345671.jpg","contentUrl":"https:\/\/jp2doc.pl\/es\/wp-content\/uploads\/sites\/4\/2018\/02\/jussara-romao-345671.jpg","width":1457,"height":818},{"@type":"BreadcrumbList","@id":"https:\/\/jp2doc.pl\/es\/2018\/02\/14\/tiempo-de-mas-amor-a-jesus\/#breadcrumb","itemListElement":[{"@type":"ListItem","position":1,"name":"Home","item":"https:\/\/jp2doc.pl\/es\/"},{"@type":"ListItem","position":2,"name":"Tiempo de m\u00e1s amor a Jes\u00fas"}]},{"@type":"WebSite","@id":"https:\/\/jp2doc.pl\/es\/#website","url":"https:\/\/jp2doc.pl\/es\/","name":"Centro de Documentaci\u00f3n y Estudios del Pontificado de Juan Pablo II en Roma","description":"","publisher":{"@id":"https:\/\/jp2doc.pl\/es\/#organization"},"potentialAction":[{"@type":"SearchAction","target":{"@type":"EntryPoint","urlTemplate":"https:\/\/jp2doc.pl\/es\/?s={search_term_string}"},"query-input":{"@type":"PropertyValueSpecification","valueRequired":true,"valueName":"search_term_string"}}],"inLanguage":"es"},{"@type":"Organization","@id":"https:\/\/jp2doc.pl\/es\/#organization","name":"Centro de Documentaci\u00f3n y Estudios del Pontificado de Juan Pablo II en Roma","url":"https:\/\/jp2doc.pl\/es\/","logo":{"@type":"ImageObject","inLanguage":"es","@id":"https:\/\/jp2doc.pl\/es\/#\/schema\/logo\/image\/","url":"https:\/\/jp2doc.pl\/es\/wp-content\/uploads\/sites\/4\/2017\/03\/cropped-logo.png","contentUrl":"https:\/\/jp2doc.pl\/es\/wp-content\/uploads\/sites\/4\/2017\/03\/cropped-logo.png","width":115,"height":115,"caption":"Centro de Documentaci\u00f3n y Estudios del Pontificado de Juan Pablo II en Roma"},"image":{"@id":"https:\/\/jp2doc.pl\/es\/#\/schema\/logo\/image\/"}},{"@type":"Person","@id":"https:\/\/jp2doc.pl\/es\/#\/schema\/person\/6110109e80abb51f6fac4824777eabfe","name":"juliasercanka","image":{"@type":"ImageObject","inLanguage":"es","@id":"https:\/\/jp2doc.pl\/es\/#\/schema\/person\/image\/","url":"https:\/\/secure.gravatar.com\/avatar\/266a66e864556e22d55d61b6b10c97fab9060767b738564bcd109f3997e372bc?s=96&d=mm&r=g","contentUrl":"https:\/\/secure.gravatar.com\/avatar\/266a66e864556e22d55d61b6b10c97fab9060767b738564bcd109f3997e372bc?s=96&d=mm&r=g","caption":"juliasercanka"},"url":"https:\/\/jp2doc.pl\/es\/author\/juliasercanka\/"}]}},"_links":{"self":[{"href":"https:\/\/jp2doc.pl\/es\/wp-json\/wp\/v2\/posts\/1350","targetHints":{"allow":["GET"]}}],"collection":[{"href":"https:\/\/jp2doc.pl\/es\/wp-json\/wp\/v2\/posts"}],"about":[{"href":"https:\/\/jp2doc.pl\/es\/wp-json\/wp\/v2\/types\/post"}],"author":[{"embeddable":true,"href":"https:\/\/jp2doc.pl\/es\/wp-json\/wp\/v2\/users\/5"}],"replies":[{"embeddable":true,"href":"https:\/\/jp2doc.pl\/es\/wp-json\/wp\/v2\/comments?post=1350"}],"version-history":[{"count":2,"href":"https:\/\/jp2doc.pl\/es\/wp-json\/wp\/v2\/posts\/1350\/revisions"}],"predecessor-version":[{"id":1375,"href":"https:\/\/jp2doc.pl\/es\/wp-json\/wp\/v2\/posts\/1350\/revisions\/1375"}],"wp:featuredmedia":[{"embeddable":true,"href":"https:\/\/jp2doc.pl\/es\/wp-json\/wp\/v2\/media\/1351"}],"wp:attachment":[{"href":"https:\/\/jp2doc.pl\/es\/wp-json\/wp\/v2\/media?parent=1350"}],"wp:term":[{"taxonomy":"category","embeddable":true,"href":"https:\/\/jp2doc.pl\/es\/wp-json\/wp\/v2\/categories?post=1350"},{"taxonomy":"post_tag","embeddable":true,"href":"https:\/\/jp2doc.pl\/es\/wp-json\/wp\/v2\/tags?post=1350"}],"curies":[{"name":"wp","href":"https:\/\/api.w.org\/{rel}","templated":true}]}}