{"id":1355,"date":"2018-02-24T12:19:32","date_gmt":"2018-02-24T11:19:32","guid":{"rendered":"http:\/\/jp2doc.pl\/es\/?p=1355"},"modified":"2018-03-12T13:14:51","modified_gmt":"2018-03-12T12:14:51","slug":"el-camino-de-la-transformacion","status":"publish","type":"post","link":"https:\/\/jp2doc.pl\/es\/2018\/02\/24\/el-camino-de-la-transformacion\/","title":{"rendered":"El camino de la transformaci\u00f3n"},"content":{"rendered":"<p>Mc 9,2-10<\/p>\n<p>Hoy estamos ante una espl\u00e9ndida teofan\u00eda de Jes\u00fas o transfiguraci\u00f3n, momento fuerte en la vida de Jes\u00fas, que\u2026 nosotros vamos a ponernos muy cerca de \u00c9l\u2026 estar en todo lo que ocurri\u00f3\u2026 presentes a todo lo que ocurri\u00f3 en esta escena. Y para ello vamos a escuchar el Evangelio, donde San Marcos nos habla y nos dice lo siguiente:<\/p>\n<blockquote><p>Seis d\u00edas despu\u00e9s Jes\u00fas toma consigo a Pedro, Santiago y Juan y los lleva a ellos solos aparte a un monte elevado, y se transfigur\u00f3 ante ellos. Sus vestidos se volvieron resplandecientes y muy blancos, como ning\u00fan batanero de la tierra podr\u00eda blanquearlos. Y se les aparecieron El\u00edas y Mois\u00e9s, que conversaban con Jes\u00fas. Tom\u00f3 Pedro la palabra y dijo a Jes\u00fas: \u201cRab\u00ed, \u00a1qu\u00e9 bien estamos aqu\u00ed! Hagamos tres tiendas: una para ti, otra para Mois\u00e9s y otra para El\u00edas\u201d, pues no sab\u00eda qu\u00e9 decir porque estaban atemorizados. Se form\u00f3 entonces una nube que los cubri\u00f3 y desde la nube se oy\u00f3 una voz: \u201c\u00c9ste es mi Hijo amado, escuchadle\u201d. Y echando en el acto una mirada a su alrededor, ya no vieron a nadie, sino a Jes\u00fas solo con ellos. Mientras bajaban del monte, les orden\u00f3 que no contasen a nadie lo que hab\u00edan visto, hasta que el Hijo del hombre resucitara de entre los muertos. Y guardaron estas palabras discutiendo entre ellos qu\u00e9 era aquello de \u201cresucitar de entre los muertos\u201d.<\/p><\/blockquote>\n<p>Realmente es un texto profundo que nos lleva a estar muy centrados junto a Jes\u00fas. Vamos a revivir lo que pas\u00f3 en aquel momento: Jes\u00fas ha estado varios d\u00edas predicando por Cesarea de Filipo y hac\u00eda seis d\u00edas que hab\u00eda hecho la promesa del primado a Pedro, y quiere hacerle comprender cu\u00e1l va a ser su destino. Para ello van caminando, llegan al pie del monte, del Monte Tabor, y all\u00ed coge a sus disc\u00edpulos m\u00e1s preferidos, a los que les hab\u00eda puesto el sobrenombre, a los tres, y los lleva aparte, solos, a este monte alto. Este monte \u2014Monte Tabor\u2014, que sabemos que est\u00e1 situado en Galilea y a unos 770 metros sobre el Mar de Galilea; all\u00ed ahora se ha construido una hermosa bas\u00edlica de estilo bizantino.<\/p>\n<p>Y mientras oraba, se transfigura. No cambia de figura, se transforma. Ellos se quedan dormidos, cansados, y cuando despiertan se dan cuenta de que Jes\u00fas resplandece como el sol, y su figura es como otra; sus vestidos, blanqu\u00edsimos. Se asustan y ven que est\u00e1 hablando con Mois\u00e9s y El\u00edas, hablando de c\u00f3mo iba a ser su muerte, de c\u00f3mo iba a ser su resurrecci\u00f3n. Y cuando estaban as\u00ed, Pedro, lleno de alegr\u00eda y de felicidad, se despierta y dice: \u201c\u00a1Qu\u00e9 bien se est\u00e1 aqu\u00ed! Hagamos tres tiendas\u201d. Pero de pronto, una nube les cubre y oyen una voz: \u201c\u00c9ste es mi Hijo amado. Escuchadle\u201d. Y al o\u00edrla sienten miedo, se asustan, pero Jes\u00fas les dice: \u201cNo tem\u00e1is, levantaos y no tem\u00e1is. Venga, v\u00e1monos, pero no dig\u00e1is nada a nadie de lo que hab\u00e9is visto y o\u00eddo\u201d.<\/p>\n<p>\u00a1Qu\u00e9 texto!&#8230; estoy ah\u00ed viendo\u2026 yo no soy digna, no somos dignos de entrar en esta escena&#8230; Pero con cari\u00f1o, con calor, la vamos a ir profundizando, para encontrarnos y tener un momento profundo con Jes\u00fas&#8230; \u00bfQu\u00e9 quer\u00eda hacer Jes\u00fas con esta teofan\u00eda? Reafirmarles la fe, ense\u00f1arles el camino de la transformaci\u00f3n. Pero fijaos, \u00bfc\u00f3mo lo hace? Se retira a orar a un alto para contemplar a Dios. Bien, pues nunca podremos orar si no dejamos en la falda del monte todo lo que nos distrae y nos entorpece. Tenemos que subir, ponernos en contacto con lo sagrado, con el Dios de la gloria.<\/p>\n<p>\u00bfY qu\u00e9 les ense\u00f1a m\u00e1s? Que la verdadera transformaci\u00f3n pasa por la cruz, por las dificultades, por las persecuciones, por los tormentos. Si yo me quiero transformer en ti, Jes\u00fas, s\u00e9 que tengo que pasar por muchos momentos malos, por caminos arduos, por senderos dif\u00edciles, pero T\u00fa me transformar\u00e1s. \u00bfY qu\u00e9 les dice m\u00e1s? Que la verdadera transformaci\u00f3n s\u00f3lo est\u00e1 en seguirle y escuchar su voz. \u00a1Escucharle! Cuando estos disc\u00edpulos se vieron cubiertos por la nube\u2026 \u2014la nube que significaba la presencia de Dios, la gloria de Dios\u2014, cuando nos sentimos envueltos de la gloria de Dios, cuando nos sentimos muy cerca porque nos pegamos a \u00c9l, porque nos metemos en su coraz\u00f3n, sentimos: \u201cEscucha, escucha y no tengas miedo\u201d.<\/p>\n<p>Y tambi\u00e9n \u00bfqu\u00e9 nos quiere decir Jes\u00fas con este encuentro tan precioso? Que no tenemos que temer. No tem\u00e1is. A pesar de las peque\u00f1eces que tengamos, a pesar de todo lo que nos rodea, a pesar de lo que nos cubre, siempre tenemos esa nube que nos envuelve y nos lleva a decir: \u201cNo temas, Yo estoy contigo\u201d. Pero antes tengo que pasar por la cruz, antes tengo que pasar por todo lo dif\u00edcil, por todo lo que m\u00e1s cueste. A los disc\u00edpulos les cost\u00f3 rehacerse, recobrar las fuerzas, y tuvo el Se\u00f1or que llevarles a ese camino de iluminaci\u00f3n para darles aliento. Cuando yo me sienta mal, cuando me sienta sin fuerzas\u2026 \u00a1al Tabor!, al encuentro con el Se\u00f1or. All\u00ed sentir\u00e9 la iluminaci\u00f3n de Jes\u00fas. Pero tengo que escucharle, porque si no es as\u00ed, resultar\u00e1 desconcertante mi vida, no coincidir\u00e1 lo que pienso con lo que hago. Y mi escucha tiene que ser sincera y paciente.<\/p>\n<p>Encontrarme con el Se\u00f1or es descubrirle, es volverle a vivir, y no tener miedo, como el ap\u00f3stol Pedro que ten\u00eda miedo. No. Cuando no entendemos la vida de Jes\u00fas, tenemos miedo. Pero \u00bfcu\u00e1l es el camino? \u00bfCu\u00e1l es nuestra transformaci\u00f3n? La fe, nuestra fe. Por eso hoy le vamos a pedir mucho al Se\u00f1or que nos haga profundamente fieles en la fe, y que perdamos ya el disfraz de nuestra apariencia. Me recuerda mucho este texto, este encuentro con Jes\u00fas\u2026 \u2014y le digo muchas veces: \u201cQu\u00edtame el disfraz\u201d\u2014, me recuerda a esos t\u00edpicos carnavales, que van disfrazados y transformados en el exterior; pero todo es apariencia, todo es enga\u00f1o, todo es disfraz. No, pidamos al Se\u00f1or que nos quite el disfraz de nuestra vida, que nos quite esa m\u00e1scara que llevamos, y que vayamos perdi\u00e9ndolo poco a poco cada vez que nos vayamos encontrando con \u00c9l. Y as\u00ed podemos o\u00edr muchas veces con atenci\u00f3n: \u201c\u00c9ste es mi Hijo amado, esc\u00fachalo\u201d. Ya sabemos el camino: escuchar al Se\u00f1or, ser fuertes, no tener miedo, tenemos que sufrir\u2026 \u00a1\u00c1nimo!, el Se\u00f1or est\u00e1 con nosotros.<\/p>\n<p>Bien, no nos desprendemos de este momento\u2026, nos quedamos ah\u00ed\u2026, escuchamos\u2026, sentimos\u2026, o\u00edmos\u2026 la voz de Jes\u00fas que nos habla y nos dice: \u201cNo tengas miedo. Soy Yo. Esc\u00fachame\u201d. Pidamos a la Virgen que nos transforme, que nos quite ese disfraz, esa cara que tenemos falsa de la vida; que nos ayude a creer, para que consigamos la verdadera transformaci\u00f3n. \u00bfD\u00f3nde? En el Tabor. \u00bfCon qui\u00e9n? Con Jes\u00fas. \u00bfC\u00f3mo? Escuch\u00e1ndolo. Que as\u00ed sea.<\/p>\n<p><strong>Francisca Sierra G\u00f3mez,\u00a0<\/strong>Celadoras del Reinado del Coraz\u00f3n de Jes\u00fas<\/p>\n","protected":false},"excerpt":{"rendered":"<p>II Domingo de Cuaresma<\/p>\n","protected":false},"author":5,"featured_media":1356,"comment_status":"open","ping_status":"open","sticky":false,"template":"","format":"standard","meta":{"_acf_changed":false,"_exactmetrics_skip_tracking":false,"_exactmetrics_sitenote_active":false,"_exactmetrics_sitenote_note":"","_exactmetrics_sitenote_category":0,"footnotes":""},"categories":[4,13,14],"tags":[102,73,27,105],"class_list":["post-1355","post","type-post","status-publish","format-standard","has-post-thumbnail","hentry","category-blog","category-strona-glowna-najnowsze","category-strona-glowna-slider","tag-cuaresma","tag-francisca-sierra-gomez","tag-jesus","tag-transfiguracion"],"acf":[],"yoast_head":"<!-- This site is optimized with the Yoast SEO plugin v26.2 - https:\/\/yoast.com\/wordpress\/plugins\/seo\/ -->\n<title>El camino de la transformaci\u00f3n - Centro de Documentaci\u00f3n y Estudios del Pontificado de Juan Pablo II en Roma<\/title>\n<meta name=\"robots\" content=\"index, follow, max-snippet:-1, max-image-preview:large, max-video-preview:-1\" \/>\n<link rel=\"canonical\" href=\"https:\/\/jp2doc.pl\/es\/2018\/02\/24\/el-camino-de-la-transformacion\/\" \/>\n<meta property=\"og:locale\" content=\"es_ES\" \/>\n<meta property=\"og:type\" content=\"article\" \/>\n<meta property=\"og:title\" content=\"El camino de la transformaci\u00f3n - Centro de Documentaci\u00f3n y Estudios del Pontificado de Juan Pablo II en Roma\" \/>\n<meta property=\"og:description\" content=\"II Domingo de Cuaresma\" \/>\n<meta property=\"og:url\" content=\"https:\/\/jp2doc.pl\/es\/2018\/02\/24\/el-camino-de-la-transformacion\/\" \/>\n<meta property=\"og:site_name\" content=\"Centro de Documentaci\u00f3n y Estudios del Pontificado de Juan Pablo II en Roma\" \/>\n<meta property=\"article:published_time\" content=\"2018-02-24T11:19:32+00:00\" \/>\n<meta property=\"article:modified_time\" content=\"2018-03-12T12:14:51+00:00\" \/>\n<meta property=\"og:image\" content=\"https:\/\/jp2doc.pl\/es\/wp-content\/uploads\/sites\/4\/2018\/02\/trans_2.jpg\" \/>\n\t<meta property=\"og:image:width\" content=\"1024\" \/>\n\t<meta property=\"og:image:height\" content=\"709\" \/>\n\t<meta property=\"og:image:type\" content=\"image\/jpeg\" \/>\n<meta name=\"author\" content=\"juliasercanka\" \/>\n<meta name=\"twitter:card\" content=\"summary_large_image\" \/>\n<meta name=\"twitter:label1\" content=\"Escrito por\" \/>\n\t<meta name=\"twitter:data1\" content=\"juliasercanka\" \/>\n\t<meta name=\"twitter:label2\" content=\"Tiempo de lectura\" \/>\n\t<meta name=\"twitter:data2\" content=\"6 minutos\" \/>\n<script type=\"application\/ld+json\" class=\"yoast-schema-graph\">{\"@context\":\"https:\/\/schema.org\",\"@graph\":[{\"@type\":\"Article\",\"@id\":\"https:\/\/jp2doc.pl\/es\/2018\/02\/24\/el-camino-de-la-transformacion\/#article\",\"isPartOf\":{\"@id\":\"https:\/\/jp2doc.pl\/es\/2018\/02\/24\/el-camino-de-la-transformacion\/\"},\"author\":{\"name\":\"juliasercanka\",\"@id\":\"https:\/\/jp2doc.pl\/es\/#\/schema\/person\/6110109e80abb51f6fac4824777eabfe\"},\"headline\":\"El camino de la transformaci\u00f3n\",\"datePublished\":\"2018-02-24T11:19:32+00:00\",\"dateModified\":\"2018-03-12T12:14:51+00:00\",\"mainEntityOfPage\":{\"@id\":\"https:\/\/jp2doc.pl\/es\/2018\/02\/24\/el-camino-de-la-transformacion\/\"},\"wordCount\":1258,\"commentCount\":0,\"publisher\":{\"@id\":\"https:\/\/jp2doc.pl\/es\/#organization\"},\"image\":{\"@id\":\"https:\/\/jp2doc.pl\/es\/2018\/02\/24\/el-camino-de-la-transformacion\/#primaryimage\"},\"thumbnailUrl\":\"https:\/\/jp2doc.pl\/es\/wp-content\/uploads\/sites\/4\/2018\/02\/trans_2.jpg\",\"keywords\":[\"Cuaresma\",\"Francisca Sierra G\u00f3mez\",\"Jes\u00fas\",\"transfiguraci\u00f3n\"],\"articleSection\":[\"Blog\",\"Strona g\u0142\u00f3wna - najnowsze\",\"Strona g\u0142\u00f3wna - slider\"],\"inLanguage\":\"es\",\"potentialAction\":[{\"@type\":\"CommentAction\",\"name\":\"Comment\",\"target\":[\"https:\/\/jp2doc.pl\/es\/2018\/02\/24\/el-camino-de-la-transformacion\/#respond\"]}]},{\"@type\":\"WebPage\",\"@id\":\"https:\/\/jp2doc.pl\/es\/2018\/02\/24\/el-camino-de-la-transformacion\/\",\"url\":\"https:\/\/jp2doc.pl\/es\/2018\/02\/24\/el-camino-de-la-transformacion\/\",\"name\":\"El camino de la transformaci\u00f3n - Centro de Documentaci\u00f3n y Estudios del Pontificado de Juan Pablo II en Roma\",\"isPartOf\":{\"@id\":\"https:\/\/jp2doc.pl\/es\/#website\"},\"primaryImageOfPage\":{\"@id\":\"https:\/\/jp2doc.pl\/es\/2018\/02\/24\/el-camino-de-la-transformacion\/#primaryimage\"},\"image\":{\"@id\":\"https:\/\/jp2doc.pl\/es\/2018\/02\/24\/el-camino-de-la-transformacion\/#primaryimage\"},\"thumbnailUrl\":\"https:\/\/jp2doc.pl\/es\/wp-content\/uploads\/sites\/4\/2018\/02\/trans_2.jpg\",\"datePublished\":\"2018-02-24T11:19:32+00:00\",\"dateModified\":\"2018-03-12T12:14:51+00:00\",\"breadcrumb\":{\"@id\":\"https:\/\/jp2doc.pl\/es\/2018\/02\/24\/el-camino-de-la-transformacion\/#breadcrumb\"},\"inLanguage\":\"es\",\"potentialAction\":[{\"@type\":\"ReadAction\",\"target\":[\"https:\/\/jp2doc.pl\/es\/2018\/02\/24\/el-camino-de-la-transformacion\/\"]}]},{\"@type\":\"ImageObject\",\"inLanguage\":\"es\",\"@id\":\"https:\/\/jp2doc.pl\/es\/2018\/02\/24\/el-camino-de-la-transformacion\/#primaryimage\",\"url\":\"https:\/\/jp2doc.pl\/es\/wp-content\/uploads\/sites\/4\/2018\/02\/trans_2.jpg\",\"contentUrl\":\"https:\/\/jp2doc.pl\/es\/wp-content\/uploads\/sites\/4\/2018\/02\/trans_2.jpg\",\"width\":1024,\"height\":709},{\"@type\":\"BreadcrumbList\",\"@id\":\"https:\/\/jp2doc.pl\/es\/2018\/02\/24\/el-camino-de-la-transformacion\/#breadcrumb\",\"itemListElement\":[{\"@type\":\"ListItem\",\"position\":1,\"name\":\"Home\",\"item\":\"https:\/\/jp2doc.pl\/es\/\"},{\"@type\":\"ListItem\",\"position\":2,\"name\":\"El camino de la transformaci\u00f3n\"}]},{\"@type\":\"WebSite\",\"@id\":\"https:\/\/jp2doc.pl\/es\/#website\",\"url\":\"https:\/\/jp2doc.pl\/es\/\",\"name\":\"Centro de Documentaci\u00f3n y Estudios del Pontificado de Juan Pablo II en Roma\",\"description\":\"\",\"publisher\":{\"@id\":\"https:\/\/jp2doc.pl\/es\/#organization\"},\"potentialAction\":[{\"@type\":\"SearchAction\",\"target\":{\"@type\":\"EntryPoint\",\"urlTemplate\":\"https:\/\/jp2doc.pl\/es\/?s={search_term_string}\"},\"query-input\":{\"@type\":\"PropertyValueSpecification\",\"valueRequired\":true,\"valueName\":\"search_term_string\"}}],\"inLanguage\":\"es\"},{\"@type\":\"Organization\",\"@id\":\"https:\/\/jp2doc.pl\/es\/#organization\",\"name\":\"Centro de Documentaci\u00f3n y Estudios del Pontificado de Juan Pablo II en Roma\",\"url\":\"https:\/\/jp2doc.pl\/es\/\",\"logo\":{\"@type\":\"ImageObject\",\"inLanguage\":\"es\",\"@id\":\"https:\/\/jp2doc.pl\/es\/#\/schema\/logo\/image\/\",\"url\":\"https:\/\/jp2doc.pl\/es\/wp-content\/uploads\/sites\/4\/2017\/03\/cropped-logo.png\",\"contentUrl\":\"https:\/\/jp2doc.pl\/es\/wp-content\/uploads\/sites\/4\/2017\/03\/cropped-logo.png\",\"width\":115,\"height\":115,\"caption\":\"Centro de Documentaci\u00f3n y Estudios del Pontificado de Juan Pablo II en Roma\"},\"image\":{\"@id\":\"https:\/\/jp2doc.pl\/es\/#\/schema\/logo\/image\/\"}},{\"@type\":\"Person\",\"@id\":\"https:\/\/jp2doc.pl\/es\/#\/schema\/person\/6110109e80abb51f6fac4824777eabfe\",\"name\":\"juliasercanka\",\"image\":{\"@type\":\"ImageObject\",\"inLanguage\":\"es\",\"@id\":\"https:\/\/jp2doc.pl\/es\/#\/schema\/person\/image\/\",\"url\":\"https:\/\/secure.gravatar.com\/avatar\/266a66e864556e22d55d61b6b10c97fab9060767b738564bcd109f3997e372bc?s=96&d=mm&r=g\",\"contentUrl\":\"https:\/\/secure.gravatar.com\/avatar\/266a66e864556e22d55d61b6b10c97fab9060767b738564bcd109f3997e372bc?s=96&d=mm&r=g\",\"caption\":\"juliasercanka\"},\"url\":\"https:\/\/jp2doc.pl\/es\/author\/juliasercanka\/\"}]}<\/script>\n<!-- \/ Yoast SEO plugin. -->","yoast_head_json":{"title":"El camino de la transformaci\u00f3n - Centro de Documentaci\u00f3n y Estudios del Pontificado de Juan Pablo II en Roma","robots":{"index":"index","follow":"follow","max-snippet":"max-snippet:-1","max-image-preview":"max-image-preview:large","max-video-preview":"max-video-preview:-1"},"canonical":"https:\/\/jp2doc.pl\/es\/2018\/02\/24\/el-camino-de-la-transformacion\/","og_locale":"es_ES","og_type":"article","og_title":"El camino de la transformaci\u00f3n - Centro de Documentaci\u00f3n y Estudios del Pontificado de Juan Pablo II en Roma","og_description":"II Domingo de Cuaresma","og_url":"https:\/\/jp2doc.pl\/es\/2018\/02\/24\/el-camino-de-la-transformacion\/","og_site_name":"Centro de Documentaci\u00f3n y Estudios del Pontificado de Juan Pablo II en Roma","article_published_time":"2018-02-24T11:19:32+00:00","article_modified_time":"2018-03-12T12:14:51+00:00","og_image":[{"width":1024,"height":709,"url":"https:\/\/jp2doc.pl\/es\/wp-content\/uploads\/sites\/4\/2018\/02\/trans_2.jpg","type":"image\/jpeg"}],"author":"juliasercanka","twitter_card":"summary_large_image","twitter_misc":{"Escrito por":"juliasercanka","Tiempo de lectura":"6 minutos"},"schema":{"@context":"https:\/\/schema.org","@graph":[{"@type":"Article","@id":"https:\/\/jp2doc.pl\/es\/2018\/02\/24\/el-camino-de-la-transformacion\/#article","isPartOf":{"@id":"https:\/\/jp2doc.pl\/es\/2018\/02\/24\/el-camino-de-la-transformacion\/"},"author":{"name":"juliasercanka","@id":"https:\/\/jp2doc.pl\/es\/#\/schema\/person\/6110109e80abb51f6fac4824777eabfe"},"headline":"El camino de la transformaci\u00f3n","datePublished":"2018-02-24T11:19:32+00:00","dateModified":"2018-03-12T12:14:51+00:00","mainEntityOfPage":{"@id":"https:\/\/jp2doc.pl\/es\/2018\/02\/24\/el-camino-de-la-transformacion\/"},"wordCount":1258,"commentCount":0,"publisher":{"@id":"https:\/\/jp2doc.pl\/es\/#organization"},"image":{"@id":"https:\/\/jp2doc.pl\/es\/2018\/02\/24\/el-camino-de-la-transformacion\/#primaryimage"},"thumbnailUrl":"https:\/\/jp2doc.pl\/es\/wp-content\/uploads\/sites\/4\/2018\/02\/trans_2.jpg","keywords":["Cuaresma","Francisca Sierra G\u00f3mez","Jes\u00fas","transfiguraci\u00f3n"],"articleSection":["Blog","Strona g\u0142\u00f3wna - najnowsze","Strona g\u0142\u00f3wna - slider"],"inLanguage":"es","potentialAction":[{"@type":"CommentAction","name":"Comment","target":["https:\/\/jp2doc.pl\/es\/2018\/02\/24\/el-camino-de-la-transformacion\/#respond"]}]},{"@type":"WebPage","@id":"https:\/\/jp2doc.pl\/es\/2018\/02\/24\/el-camino-de-la-transformacion\/","url":"https:\/\/jp2doc.pl\/es\/2018\/02\/24\/el-camino-de-la-transformacion\/","name":"El camino de la transformaci\u00f3n - Centro de Documentaci\u00f3n y Estudios del Pontificado de Juan Pablo II en Roma","isPartOf":{"@id":"https:\/\/jp2doc.pl\/es\/#website"},"primaryImageOfPage":{"@id":"https:\/\/jp2doc.pl\/es\/2018\/02\/24\/el-camino-de-la-transformacion\/#primaryimage"},"image":{"@id":"https:\/\/jp2doc.pl\/es\/2018\/02\/24\/el-camino-de-la-transformacion\/#primaryimage"},"thumbnailUrl":"https:\/\/jp2doc.pl\/es\/wp-content\/uploads\/sites\/4\/2018\/02\/trans_2.jpg","datePublished":"2018-02-24T11:19:32+00:00","dateModified":"2018-03-12T12:14:51+00:00","breadcrumb":{"@id":"https:\/\/jp2doc.pl\/es\/2018\/02\/24\/el-camino-de-la-transformacion\/#breadcrumb"},"inLanguage":"es","potentialAction":[{"@type":"ReadAction","target":["https:\/\/jp2doc.pl\/es\/2018\/02\/24\/el-camino-de-la-transformacion\/"]}]},{"@type":"ImageObject","inLanguage":"es","@id":"https:\/\/jp2doc.pl\/es\/2018\/02\/24\/el-camino-de-la-transformacion\/#primaryimage","url":"https:\/\/jp2doc.pl\/es\/wp-content\/uploads\/sites\/4\/2018\/02\/trans_2.jpg","contentUrl":"https:\/\/jp2doc.pl\/es\/wp-content\/uploads\/sites\/4\/2018\/02\/trans_2.jpg","width":1024,"height":709},{"@type":"BreadcrumbList","@id":"https:\/\/jp2doc.pl\/es\/2018\/02\/24\/el-camino-de-la-transformacion\/#breadcrumb","itemListElement":[{"@type":"ListItem","position":1,"name":"Home","item":"https:\/\/jp2doc.pl\/es\/"},{"@type":"ListItem","position":2,"name":"El camino de la transformaci\u00f3n"}]},{"@type":"WebSite","@id":"https:\/\/jp2doc.pl\/es\/#website","url":"https:\/\/jp2doc.pl\/es\/","name":"Centro de Documentaci\u00f3n y Estudios del Pontificado de Juan Pablo II en Roma","description":"","publisher":{"@id":"https:\/\/jp2doc.pl\/es\/#organization"},"potentialAction":[{"@type":"SearchAction","target":{"@type":"EntryPoint","urlTemplate":"https:\/\/jp2doc.pl\/es\/?s={search_term_string}"},"query-input":{"@type":"PropertyValueSpecification","valueRequired":true,"valueName":"search_term_string"}}],"inLanguage":"es"},{"@type":"Organization","@id":"https:\/\/jp2doc.pl\/es\/#organization","name":"Centro de Documentaci\u00f3n y Estudios del Pontificado de Juan Pablo II en Roma","url":"https:\/\/jp2doc.pl\/es\/","logo":{"@type":"ImageObject","inLanguage":"es","@id":"https:\/\/jp2doc.pl\/es\/#\/schema\/logo\/image\/","url":"https:\/\/jp2doc.pl\/es\/wp-content\/uploads\/sites\/4\/2017\/03\/cropped-logo.png","contentUrl":"https:\/\/jp2doc.pl\/es\/wp-content\/uploads\/sites\/4\/2017\/03\/cropped-logo.png","width":115,"height":115,"caption":"Centro de Documentaci\u00f3n y Estudios del Pontificado de Juan Pablo II en Roma"},"image":{"@id":"https:\/\/jp2doc.pl\/es\/#\/schema\/logo\/image\/"}},{"@type":"Person","@id":"https:\/\/jp2doc.pl\/es\/#\/schema\/person\/6110109e80abb51f6fac4824777eabfe","name":"juliasercanka","image":{"@type":"ImageObject","inLanguage":"es","@id":"https:\/\/jp2doc.pl\/es\/#\/schema\/person\/image\/","url":"https:\/\/secure.gravatar.com\/avatar\/266a66e864556e22d55d61b6b10c97fab9060767b738564bcd109f3997e372bc?s=96&d=mm&r=g","contentUrl":"https:\/\/secure.gravatar.com\/avatar\/266a66e864556e22d55d61b6b10c97fab9060767b738564bcd109f3997e372bc?s=96&d=mm&r=g","caption":"juliasercanka"},"url":"https:\/\/jp2doc.pl\/es\/author\/juliasercanka\/"}]}},"_links":{"self":[{"href":"https:\/\/jp2doc.pl\/es\/wp-json\/wp\/v2\/posts\/1355","targetHints":{"allow":["GET"]}}],"collection":[{"href":"https:\/\/jp2doc.pl\/es\/wp-json\/wp\/v2\/posts"}],"about":[{"href":"https:\/\/jp2doc.pl\/es\/wp-json\/wp\/v2\/types\/post"}],"author":[{"embeddable":true,"href":"https:\/\/jp2doc.pl\/es\/wp-json\/wp\/v2\/users\/5"}],"replies":[{"embeddable":true,"href":"https:\/\/jp2doc.pl\/es\/wp-json\/wp\/v2\/comments?post=1355"}],"version-history":[{"count":2,"href":"https:\/\/jp2doc.pl\/es\/wp-json\/wp\/v2\/posts\/1355\/revisions"}],"predecessor-version":[{"id":1376,"href":"https:\/\/jp2doc.pl\/es\/wp-json\/wp\/v2\/posts\/1355\/revisions\/1376"}],"wp:featuredmedia":[{"embeddable":true,"href":"https:\/\/jp2doc.pl\/es\/wp-json\/wp\/v2\/media\/1356"}],"wp:attachment":[{"href":"https:\/\/jp2doc.pl\/es\/wp-json\/wp\/v2\/media?parent=1355"}],"wp:term":[{"taxonomy":"category","embeddable":true,"href":"https:\/\/jp2doc.pl\/es\/wp-json\/wp\/v2\/categories?post=1355"},{"taxonomy":"post_tag","embeddable":true,"href":"https:\/\/jp2doc.pl\/es\/wp-json\/wp\/v2\/tags?post=1355"}],"curies":[{"name":"wp","href":"https:\/\/api.w.org\/{rel}","templated":true}]}}