{"id":1377,"date":"2018-03-18T10:19:22","date_gmt":"2018-03-18T09:19:22","guid":{"rendered":"http:\/\/jp2doc.pl\/es\/?p=1377"},"modified":"2018-03-18T10:19:22","modified_gmt":"2018-03-18T09:19:22","slug":"si-el-grano-de-trigo-muere-puede-dar-fruto","status":"publish","type":"post","link":"https:\/\/jp2doc.pl\/es\/2018\/03\/18\/si-el-grano-de-trigo-muere-puede-dar-fruto\/","title":{"rendered":"Si el grano de trigo no muere, no puede dar fruto"},"content":{"rendered":"<p>Jn 12,20-33<\/p>\n<p>Hoy vemos a Jes\u00fas muy humano, como t\u00fa y como yo. Cuando piensa en su Pasi\u00f3n, siente miedo, se entristece. Y nos da una explicaci\u00f3n profunda del sufrimiento interno que \u00c9l pasa y lo que siente. Nos metemos t\u00fa y yo, como intrusos, en la escena de lo que ocurre hoy y leemos el texto del Evangelio, un texto profundo y un texto fuerte. Lo escuchamos:<\/p>\n<p>Hab\u00eda algunos griegos entre los que subieron a adorar en la Fiesta. \u00c9stos se acercaron a Felipe, el de Betsaida de Galilea, rog\u00e1ndole: \u201cSe\u00f1or, queremos ver a Jes\u00fas\u201d. Felipe fue a dec\u00edrselo a Andr\u00e9s. Andr\u00e9s y Felipe se lo dijeron a Jes\u00fas, y Jes\u00fas les respondi\u00f3: \u201cHa llegado la hora en que ser\u00e1 glorificado el Hijo del hombre. Os lo aseguro: si el grano de trigo que cae en tierra no muere, queda solo, pero si muere, produce mucho fruto. Quien ama su vida la pierde, y quien aborrece su vida en este mundo la guardar\u00e1 para la vida eterna. Si alguno me sirve, que me siga, y donde Yo est\u00e9, all\u00ed estar\u00e1 tambi\u00e9n mi servidor. Si alguno me sirve, mi Padre le honrar\u00e1. Ahora mi alma est\u00e1 turbada, \u00bfy qu\u00e9 dir\u00e9? Padre, l\u00edbrame de esta hora\u2026 Pero si por esto he venido a esta hora. Padre, glorifica tu Nombre\u201d. Entonces vino una voz del cielo: \u201cLo glorifiqu\u00e9 y de nuevo lo glorificar\u00e9\u201d. La gente que estaba all\u00ed y la oy\u00f3, dijo que hab\u00eda sido un trueno. Otros dec\u00edan: \u201cUn \u00e1ngel le ha hablado\u201d. Jes\u00fas respondi\u00f3: \u201cEsta voz no ha venido por m\u00ed, sino por vosotros. Ahora es el juicio de este mundo. Ahora el Pr\u00edncipe de este Mundo ser\u00e1 echado fuera. Y Yo, cuando sea levantado de la tierra, atraer\u00e9 a todos hacia m\u00ed\u201c.Dec\u00eda esto se\u00f1alando de qu\u00e9 muerte iba a morir.<\/p>\n<p>Jes\u00fas ha salido del templo para ya no volver m\u00e1s hasta que ya lleguen sus horas dif\u00edciles de la Pasi\u00f3n. Deja la ciudad para regresar dos d\u00edas despu\u00e9s, donde va a celebrar la Cena de Pascua y donde va a empezar a sufrir su momento dif\u00edcil de morir. Y cuando estaba ah\u00ed en el templo, se acercan \u2014dice el texto\u2014 unos gentiles, unos hombres extranjeros y que hab\u00edan subido para adorar\u2026 \u2014como todos, el d\u00eda de la fiesta de la Pascua\u2014, para adorar a su Dios verdadero, y ofrecerle sus sacrificios especiales que ellos hac\u00edan. Y entonces estos hombres llegan y se encuentran con Felipe, que nos dice el texto que era de Betsaida de Galilea, \u2014ser\u00eda el primero que encontraron\u2014 y le piden, le ruegan que quieren ver a Jes\u00fas. Felipe sirve de intermediario para presentar a Jes\u00fas, y entonces Felipe se lo dice a Andr\u00e9s, y los dos se lo dicen a Jes\u00fas.<\/p>\n<p>Y ahora empieza una de las escenas m\u00e1s bonitas de este encuentro: Jes\u00fas, cuando se da cuenta que quieren y que le buscan, suscita en su alma, les suscita un deseo profundo de explicarles lo que es \u00c9l, cu\u00e1l es su fin, cu\u00e1l es su objetivo de estar en este mundo. Y se lo explica as\u00ed\u2026 \u2014tenemos que aprender las grandes lecciones de estas palabras de Jes\u00fas, no nos las perdamos ni un momento\u2014, les dice: \u201cHa llegado la hora de que el Hijo sea glorificado, el Hijo del hombre. Mirad, ha llegado la hora de la muerte\u201d. Les explica en qu\u00e9 va a consistir su Pasi\u00f3n. \u201cPero antes de ser glorificado, tiene que pasar por la tortura, por la humillaci\u00f3n\u201d. Y como \u00c9l ve y comprende que no le van a entender, les pone este ejemplo: \u201cMirad, si el grano de trigo no cae en tierra y muere, no puede dar fruto\u201d. Ese grano de trigo, que si no se esconde en el seno de la tierra y no se corrompe, no llega a dar esa espiga tan bonita, tan lozana, tan buena. Pero antes tiene que morir. \u00bfY qui\u00e9n es ese grano? Ese grano es Jes\u00fas y \u00c9l mismo lo dice: \u201cTengo que morir y ser sepultado\u201d. \u00a1Cu\u00e1nto nos hace pensar todo esto&#8230;!<\/p>\n<p>Pero vamos a seguir viendo lo que ocurre en esta escena. Sigue hablando Jes\u00fas: \u201cMirad, quien ama su alma, su vida, la va a perder; y quien la aborrece, consigue la vida eterna. Y si alguno me sirve, que me siga, y donde estoy Yo, all\u00ed tambi\u00e9n est\u00e1 mi servidor\u201d. No podemos pasar\u2026 Escuchamos a Jes\u00fas y nos paramos\u2026 y nos quedamos con esta sensaci\u00f3n tan profunda: si el grano de trigo no muere, no puedo dar fruto. Y le decimos: \u201cJes\u00fas, quiero seguir tus pisadas, pero s\u00e9 que para ir detr\u00e1s de ti tengo que morir\u201d. Pero es que no s\u00e9 morir, me cuesta enterrar mi orgullo, mi reputaci\u00f3n, mi voluntad; me cuesta no ser protagonista; me cuesta estar en la sombra; y s\u00e9 que para dar vida, para que el otro tenga vida, tengo que morir. Y s\u00e9 que de la muerte brota la vida, y de la cruz nace la salvaci\u00f3n, y del sufrimiento bien aceptado nace el perd\u00f3n; lo s\u00e9. Pero me cuesta morir, me cuesta morir&#8230; Ay\u00fadame, Se\u00f1or, a empezar un camino profundo de muerte para que tenga vida y lleve a la luz.<\/p>\n<p>Pero bueno, continuemos escuchando lo que pasa en esta escena: de pronto vemos que Jes\u00fas se entristece, se inquieta y piensa que esta muerte, esta Pasi\u00f3n\u2026 al. recordarla, le da much\u00edsima tristeza, y siente miedo, como t\u00fa y como yo. Y se encuentra tan humano Jes\u00fas que le pasa que pensando en lo que iba a sufrir en el Getseman\u00ed, en el horror de la Pasi\u00f3n, en los juicios que iba a pasar, en el camino del Calvario, en la coronaci\u00f3n de espinas; todo record\u00e1ndolo, se estremece, tiene miedo. Pero en ese temor \u2014\u00a1qu\u00e9 bueno es Dios!\u2014, oye la voz de su Padre. Y \u00c9l mismo le dice: \u201c\u00a1S\u00e1lvame, qu\u00edtame, lib\u00e9rame de esta hora!\u201d. Pero \u00c9l oye la voz de su Padre que le dice: \u201cYa te he glorificado y te glorificar\u00e9\u201d. Le consuela, le ayuda, le da fuerza. Bien, pues cuando yo est\u00e9 con esta inquietud de la muerte, de lo que tengo que sufrir, de lo que tengo que pasar, no tengo que tener miedo. El Se\u00f1or est\u00e1 conmigo, tengo un Padre que me quiere, \u00bfpor qu\u00e9 voy a estar sufriendo? Nunca me abandona, nunca me deja solo. Tengo que o\u00edr esa voz: \u201cYo estoy contigo, y aunque tengas que pasar as\u00ed por todo este camino, Yo te ayudar\u00e9, Yo te dar\u00e9 fuerza, Yo te dar\u00e9 lo que es\u201d.<\/p>\n<p>Hoy, Jes\u00fas\u2026 es un encuentro muy fuerte donde yo me tengo que cuestionar a qu\u00e9 tengo que morir, cu\u00e1les son las muertes que tengo que hacer para dar gloria al. otro, cu\u00e1les son, en qu\u00e9 consiste, cu\u00e1les son todo esto que tengo que pasar, todo lo que tengo que sufrir, en qu\u00e9 tengo que dejar de amarme a m\u00ed mismo, por qu\u00e9, en qu\u00e9 tengo que saber amar, en qu\u00e9 tengo que aprender a darme para que mi vida no sea est\u00e9ril y sola, en qu\u00e9 tengo que aborrecer mi vida para que d\u00e9 fruto. Y ya lo s\u00e9, que lo que tengo que hacer es cuidar ese amor y no dejarle que sea infecundo, porque s\u00e9 que morir es vivir, y perder es ganar. \u00c9ste es el camino que Jes\u00fas y que T\u00fa me propones hoy. Y cuando en este camino se estremezca mi alma, se oprima de angustia, piense todo\u2026, sienta este Jes\u00fas, este Padre que me dice: \u2014aunque yo le diga \u201cL\u00edbrame de este sufrimiento\u201d\u2014 \u201cYa te he glorificado\u201d.<\/p>\n<p>Este amor filial tan precioso que el Se\u00f1or y que el Dios Padre me lleva a quererle y a tener un \u00e1nimo profundo\u2026 hoy Jes\u00fas te pido fuerza, \u00e1nimo para morir a m\u00ed, te pido confianza, te pido mucho amor en ti, porque s\u00e9 que eres mi Padre y que est\u00e1s conmigo en todos los momentos dif\u00edciles que tenga que pasar en mi vida y en todo lo que yo tenga que caminar hacia ti. Pero antes tengo que morir. Resuena en m\u00ed profundamente esa frase: \u201cSi el grano de trigo no muere, no puede dar fruto\u201d. Y aunque sienta pena, y aunque sienta miedo, llena de confianza dir\u00e9: \u201cGracias, Se\u00f1or, porque en este camino me llevas a la vida\u201d.<\/p>\n<p>\u00a1Qu\u00e9 encuentro tan humano, querido amigo, y tan profundo! \u00a1Qu\u00e9 encuentro! Conviene que muramos para ser glorificados. Y este encuentro es un encuentro consolador, lleno de esperanza y lleno de vida. Y aunque vivamos todo esto, tenemos que estar tranquilos en los brazos de Dios Padre. Bien, hoy Jes\u00fas nos pide una reflexi\u00f3n profunda sobre mis muertes para que yo d\u00e9 vida; me pide una reflexi\u00f3n profunda sobre mis miedos: \u00bfqu\u00e9 miedos tengo? \u00bfA qu\u00e9? \u00bfAl futuro? \u00bfA la falta de ilusi\u00f3n? \u00bfA la falta de fuerzas? \u00bfA qu\u00e9? Hoy Jes\u00fas me dice: \u201cM\u00edrame a m\u00ed, que Yo soy levantado sobre la tierra y todo lo atraer\u00e9. No tengas miedo. No tengas miedo. Y aprende a morir, como Yo. Porque si te amas, te perder\u00e1s, estar\u00e1s en ti y tu vida ser\u00e1 vac\u00eda y no tendr\u00e1 nada. \u00bfY qu\u00e9 le aprovecha al hombre ganar todo el mundo si pierde su alma?\u201d.<\/p>\n<p>Bien, terminamos este encuentro, y en estos momentos me viene al recuerdo una canci\u00f3n muy conocida y que a m\u00ed me gusta muchas veces repetirla: \u201cSi yo conf\u00edo en el Se\u00f1or, \u00bfa qui\u00e9n temer\u00e9? \/ Si yo conf\u00edo en ti, nada me va a faltar \/ Si yo conf\u00edo en el Se\u00f1or, nada me falla\u201d. Terminamos esto agarrados a este Jes\u00fas para que nos lleve de la mano y nos lleve\u2026 y nos haga que nunca perdamos sus pisadas. Y que aprendamos, como \u00c9l, a morir, pero para dar fruto, para dar gloria, para ser luz, para ser fuerza, para crecer en \u00c9l, para perdernos a nosotros y ser una espiga profunda, bonita, alegre, vital, llena de vida, como es la glorificaci\u00f3n, como es la gloria de Dios, como es una vida llena de ilusi\u00f3n, de esperanza y de amor. Repito en mi interior: \u201cSi el grano de trigo no muere, no puede dar fruto\u201d y \u201cTe he glorificado. No temas, te glorificar\u00e9\u201d. En ti espero y nunca jam\u00e1s ser\u00e9 confundido.<\/p>\n<p><strong>\u00a0Francisca Sierra G\u00f3mez<\/strong>, Celadoras del Reinado del Coraz\u00f3n de Jes\u00fas<\/p>\n","protected":false},"excerpt":{"rendered":"<p>V Domingo de Cuaresma<\/p>\n","protected":false},"author":5,"featured_media":1378,"comment_status":"open","ping_status":"open","sticky":false,"template":"","format":"standard","meta":{"_acf_changed":false,"_exactmetrics_skip_tracking":false,"_exactmetrics_sitenote_active":false,"_exactmetrics_sitenote_note":"","_exactmetrics_sitenote_category":0,"footnotes":""},"categories":[4,13,14],"tags":[102,114,113,112,83],"class_list":["post-1377","post","type-post","status-publish","format-standard","has-post-thumbnail","hentry","category-blog","category-strona-glowna-najnowsze","category-strona-glowna-slider","tag-cuaresma","tag-fruto","tag-grano","tag-pasion","tag-v-domingo"],"acf":[],"yoast_head":"<!-- This site is optimized with the Yoast SEO plugin v26.2 - https:\/\/yoast.com\/wordpress\/plugins\/seo\/ -->\n<title>Si el grano de trigo no muere, no puede dar fruto - Centro de Documentaci\u00f3n y Estudios del Pontificado de Juan Pablo II en Roma<\/title>\n<meta name=\"robots\" content=\"index, follow, max-snippet:-1, max-image-preview:large, max-video-preview:-1\" \/>\n<link rel=\"canonical\" href=\"https:\/\/jp2doc.pl\/es\/2018\/03\/18\/si-el-grano-de-trigo-muere-puede-dar-fruto\/\" \/>\n<meta property=\"og:locale\" content=\"es_ES\" \/>\n<meta property=\"og:type\" content=\"article\" \/>\n<meta property=\"og:title\" content=\"Si el grano de trigo no muere, no puede dar fruto - Centro de Documentaci\u00f3n y Estudios del Pontificado de Juan Pablo II en Roma\" \/>\n<meta property=\"og:description\" content=\"V Domingo de Cuaresma\" \/>\n<meta property=\"og:url\" content=\"https:\/\/jp2doc.pl\/es\/2018\/03\/18\/si-el-grano-de-trigo-muere-puede-dar-fruto\/\" \/>\n<meta property=\"og:site_name\" content=\"Centro de Documentaci\u00f3n y Estudios del Pontificado de Juan Pablo II en Roma\" \/>\n<meta property=\"article:published_time\" content=\"2018-03-18T09:19:22+00:00\" \/>\n<meta property=\"og:image\" content=\"https:\/\/jp2doc.pl\/es\/wp-content\/uploads\/sites\/4\/2018\/03\/markus-spiske-104913.jpg\" \/>\n\t<meta property=\"og:image:width\" content=\"1900\" \/>\n\t<meta property=\"og:image:height\" content=\"1267\" \/>\n\t<meta property=\"og:image:type\" content=\"image\/jpeg\" \/>\n<meta name=\"author\" content=\"juliasercanka\" \/>\n<meta name=\"twitter:card\" content=\"summary_large_image\" \/>\n<meta name=\"twitter:label1\" content=\"Escrito por\" \/>\n\t<meta name=\"twitter:data1\" content=\"juliasercanka\" \/>\n\t<meta name=\"twitter:label2\" content=\"Tiempo de lectura\" \/>\n\t<meta name=\"twitter:data2\" content=\"9 minutos\" \/>\n<script type=\"application\/ld+json\" class=\"yoast-schema-graph\">{\"@context\":\"https:\/\/schema.org\",\"@graph\":[{\"@type\":\"Article\",\"@id\":\"https:\/\/jp2doc.pl\/es\/2018\/03\/18\/si-el-grano-de-trigo-muere-puede-dar-fruto\/#article\",\"isPartOf\":{\"@id\":\"https:\/\/jp2doc.pl\/es\/2018\/03\/18\/si-el-grano-de-trigo-muere-puede-dar-fruto\/\"},\"author\":{\"name\":\"juliasercanka\",\"@id\":\"https:\/\/jp2doc.pl\/es\/#\/schema\/person\/6110109e80abb51f6fac4824777eabfe\"},\"headline\":\"Si el grano de trigo no muere, no puede dar fruto\",\"datePublished\":\"2018-03-18T09:19:22+00:00\",\"mainEntityOfPage\":{\"@id\":\"https:\/\/jp2doc.pl\/es\/2018\/03\/18\/si-el-grano-de-trigo-muere-puede-dar-fruto\/\"},\"wordCount\":1819,\"commentCount\":0,\"publisher\":{\"@id\":\"https:\/\/jp2doc.pl\/es\/#organization\"},\"image\":{\"@id\":\"https:\/\/jp2doc.pl\/es\/2018\/03\/18\/si-el-grano-de-trigo-muere-puede-dar-fruto\/#primaryimage\"},\"thumbnailUrl\":\"https:\/\/jp2doc.pl\/es\/wp-content\/uploads\/sites\/4\/2018\/03\/markus-spiske-104913.jpg\",\"keywords\":[\"Cuaresma\",\"fruto\",\"grano\",\"Pasi\u00f3n\",\"V Domingo\"],\"articleSection\":[\"Blog\",\"Strona g\u0142\u00f3wna - najnowsze\",\"Strona g\u0142\u00f3wna - slider\"],\"inLanguage\":\"es\",\"potentialAction\":[{\"@type\":\"CommentAction\",\"name\":\"Comment\",\"target\":[\"https:\/\/jp2doc.pl\/es\/2018\/03\/18\/si-el-grano-de-trigo-muere-puede-dar-fruto\/#respond\"]}]},{\"@type\":\"WebPage\",\"@id\":\"https:\/\/jp2doc.pl\/es\/2018\/03\/18\/si-el-grano-de-trigo-muere-puede-dar-fruto\/\",\"url\":\"https:\/\/jp2doc.pl\/es\/2018\/03\/18\/si-el-grano-de-trigo-muere-puede-dar-fruto\/\",\"name\":\"Si el grano de trigo no muere, no puede dar fruto - Centro de Documentaci\u00f3n y Estudios del Pontificado de Juan Pablo II en Roma\",\"isPartOf\":{\"@id\":\"https:\/\/jp2doc.pl\/es\/#website\"},\"primaryImageOfPage\":{\"@id\":\"https:\/\/jp2doc.pl\/es\/2018\/03\/18\/si-el-grano-de-trigo-muere-puede-dar-fruto\/#primaryimage\"},\"image\":{\"@id\":\"https:\/\/jp2doc.pl\/es\/2018\/03\/18\/si-el-grano-de-trigo-muere-puede-dar-fruto\/#primaryimage\"},\"thumbnailUrl\":\"https:\/\/jp2doc.pl\/es\/wp-content\/uploads\/sites\/4\/2018\/03\/markus-spiske-104913.jpg\",\"datePublished\":\"2018-03-18T09:19:22+00:00\",\"breadcrumb\":{\"@id\":\"https:\/\/jp2doc.pl\/es\/2018\/03\/18\/si-el-grano-de-trigo-muere-puede-dar-fruto\/#breadcrumb\"},\"inLanguage\":\"es\",\"potentialAction\":[{\"@type\":\"ReadAction\",\"target\":[\"https:\/\/jp2doc.pl\/es\/2018\/03\/18\/si-el-grano-de-trigo-muere-puede-dar-fruto\/\"]}]},{\"@type\":\"ImageObject\",\"inLanguage\":\"es\",\"@id\":\"https:\/\/jp2doc.pl\/es\/2018\/03\/18\/si-el-grano-de-trigo-muere-puede-dar-fruto\/#primaryimage\",\"url\":\"https:\/\/jp2doc.pl\/es\/wp-content\/uploads\/sites\/4\/2018\/03\/markus-spiske-104913.jpg\",\"contentUrl\":\"https:\/\/jp2doc.pl\/es\/wp-content\/uploads\/sites\/4\/2018\/03\/markus-spiske-104913.jpg\",\"width\":1900,\"height\":1267},{\"@type\":\"BreadcrumbList\",\"@id\":\"https:\/\/jp2doc.pl\/es\/2018\/03\/18\/si-el-grano-de-trigo-muere-puede-dar-fruto\/#breadcrumb\",\"itemListElement\":[{\"@type\":\"ListItem\",\"position\":1,\"name\":\"Home\",\"item\":\"https:\/\/jp2doc.pl\/es\/\"},{\"@type\":\"ListItem\",\"position\":2,\"name\":\"Si el grano de trigo no muere, no puede dar fruto\"}]},{\"@type\":\"WebSite\",\"@id\":\"https:\/\/jp2doc.pl\/es\/#website\",\"url\":\"https:\/\/jp2doc.pl\/es\/\",\"name\":\"Centro de Documentaci\u00f3n y Estudios del Pontificado de Juan Pablo II en Roma\",\"description\":\"\",\"publisher\":{\"@id\":\"https:\/\/jp2doc.pl\/es\/#organization\"},\"potentialAction\":[{\"@type\":\"SearchAction\",\"target\":{\"@type\":\"EntryPoint\",\"urlTemplate\":\"https:\/\/jp2doc.pl\/es\/?s={search_term_string}\"},\"query-input\":{\"@type\":\"PropertyValueSpecification\",\"valueRequired\":true,\"valueName\":\"search_term_string\"}}],\"inLanguage\":\"es\"},{\"@type\":\"Organization\",\"@id\":\"https:\/\/jp2doc.pl\/es\/#organization\",\"name\":\"Centro de Documentaci\u00f3n y Estudios del Pontificado de Juan Pablo II en Roma\",\"url\":\"https:\/\/jp2doc.pl\/es\/\",\"logo\":{\"@type\":\"ImageObject\",\"inLanguage\":\"es\",\"@id\":\"https:\/\/jp2doc.pl\/es\/#\/schema\/logo\/image\/\",\"url\":\"https:\/\/jp2doc.pl\/es\/wp-content\/uploads\/sites\/4\/2017\/03\/cropped-logo.png\",\"contentUrl\":\"https:\/\/jp2doc.pl\/es\/wp-content\/uploads\/sites\/4\/2017\/03\/cropped-logo.png\",\"width\":115,\"height\":115,\"caption\":\"Centro de Documentaci\u00f3n y Estudios del Pontificado de Juan Pablo II en Roma\"},\"image\":{\"@id\":\"https:\/\/jp2doc.pl\/es\/#\/schema\/logo\/image\/\"}},{\"@type\":\"Person\",\"@id\":\"https:\/\/jp2doc.pl\/es\/#\/schema\/person\/6110109e80abb51f6fac4824777eabfe\",\"name\":\"juliasercanka\",\"image\":{\"@type\":\"ImageObject\",\"inLanguage\":\"es\",\"@id\":\"https:\/\/jp2doc.pl\/es\/#\/schema\/person\/image\/\",\"url\":\"https:\/\/secure.gravatar.com\/avatar\/266a66e864556e22d55d61b6b10c97fab9060767b738564bcd109f3997e372bc?s=96&d=mm&r=g\",\"contentUrl\":\"https:\/\/secure.gravatar.com\/avatar\/266a66e864556e22d55d61b6b10c97fab9060767b738564bcd109f3997e372bc?s=96&d=mm&r=g\",\"caption\":\"juliasercanka\"},\"url\":\"https:\/\/jp2doc.pl\/es\/author\/juliasercanka\/\"}]}<\/script>\n<!-- \/ Yoast SEO plugin. -->","yoast_head_json":{"title":"Si el grano de trigo no muere, no puede dar fruto - Centro de Documentaci\u00f3n y Estudios del Pontificado de Juan Pablo II en Roma","robots":{"index":"index","follow":"follow","max-snippet":"max-snippet:-1","max-image-preview":"max-image-preview:large","max-video-preview":"max-video-preview:-1"},"canonical":"https:\/\/jp2doc.pl\/es\/2018\/03\/18\/si-el-grano-de-trigo-muere-puede-dar-fruto\/","og_locale":"es_ES","og_type":"article","og_title":"Si el grano de trigo no muere, no puede dar fruto - Centro de Documentaci\u00f3n y Estudios del Pontificado de Juan Pablo II en Roma","og_description":"V Domingo de Cuaresma","og_url":"https:\/\/jp2doc.pl\/es\/2018\/03\/18\/si-el-grano-de-trigo-muere-puede-dar-fruto\/","og_site_name":"Centro de Documentaci\u00f3n y Estudios del Pontificado de Juan Pablo II en Roma","article_published_time":"2018-03-18T09:19:22+00:00","og_image":[{"width":1900,"height":1267,"url":"https:\/\/jp2doc.pl\/es\/wp-content\/uploads\/sites\/4\/2018\/03\/markus-spiske-104913.jpg","type":"image\/jpeg"}],"author":"juliasercanka","twitter_card":"summary_large_image","twitter_misc":{"Escrito por":"juliasercanka","Tiempo de lectura":"9 minutos"},"schema":{"@context":"https:\/\/schema.org","@graph":[{"@type":"Article","@id":"https:\/\/jp2doc.pl\/es\/2018\/03\/18\/si-el-grano-de-trigo-muere-puede-dar-fruto\/#article","isPartOf":{"@id":"https:\/\/jp2doc.pl\/es\/2018\/03\/18\/si-el-grano-de-trigo-muere-puede-dar-fruto\/"},"author":{"name":"juliasercanka","@id":"https:\/\/jp2doc.pl\/es\/#\/schema\/person\/6110109e80abb51f6fac4824777eabfe"},"headline":"Si el grano de trigo no muere, no puede dar fruto","datePublished":"2018-03-18T09:19:22+00:00","mainEntityOfPage":{"@id":"https:\/\/jp2doc.pl\/es\/2018\/03\/18\/si-el-grano-de-trigo-muere-puede-dar-fruto\/"},"wordCount":1819,"commentCount":0,"publisher":{"@id":"https:\/\/jp2doc.pl\/es\/#organization"},"image":{"@id":"https:\/\/jp2doc.pl\/es\/2018\/03\/18\/si-el-grano-de-trigo-muere-puede-dar-fruto\/#primaryimage"},"thumbnailUrl":"https:\/\/jp2doc.pl\/es\/wp-content\/uploads\/sites\/4\/2018\/03\/markus-spiske-104913.jpg","keywords":["Cuaresma","fruto","grano","Pasi\u00f3n","V Domingo"],"articleSection":["Blog","Strona g\u0142\u00f3wna - najnowsze","Strona g\u0142\u00f3wna - slider"],"inLanguage":"es","potentialAction":[{"@type":"CommentAction","name":"Comment","target":["https:\/\/jp2doc.pl\/es\/2018\/03\/18\/si-el-grano-de-trigo-muere-puede-dar-fruto\/#respond"]}]},{"@type":"WebPage","@id":"https:\/\/jp2doc.pl\/es\/2018\/03\/18\/si-el-grano-de-trigo-muere-puede-dar-fruto\/","url":"https:\/\/jp2doc.pl\/es\/2018\/03\/18\/si-el-grano-de-trigo-muere-puede-dar-fruto\/","name":"Si el grano de trigo no muere, no puede dar fruto - Centro de Documentaci\u00f3n y Estudios del Pontificado de Juan Pablo II en Roma","isPartOf":{"@id":"https:\/\/jp2doc.pl\/es\/#website"},"primaryImageOfPage":{"@id":"https:\/\/jp2doc.pl\/es\/2018\/03\/18\/si-el-grano-de-trigo-muere-puede-dar-fruto\/#primaryimage"},"image":{"@id":"https:\/\/jp2doc.pl\/es\/2018\/03\/18\/si-el-grano-de-trigo-muere-puede-dar-fruto\/#primaryimage"},"thumbnailUrl":"https:\/\/jp2doc.pl\/es\/wp-content\/uploads\/sites\/4\/2018\/03\/markus-spiske-104913.jpg","datePublished":"2018-03-18T09:19:22+00:00","breadcrumb":{"@id":"https:\/\/jp2doc.pl\/es\/2018\/03\/18\/si-el-grano-de-trigo-muere-puede-dar-fruto\/#breadcrumb"},"inLanguage":"es","potentialAction":[{"@type":"ReadAction","target":["https:\/\/jp2doc.pl\/es\/2018\/03\/18\/si-el-grano-de-trigo-muere-puede-dar-fruto\/"]}]},{"@type":"ImageObject","inLanguage":"es","@id":"https:\/\/jp2doc.pl\/es\/2018\/03\/18\/si-el-grano-de-trigo-muere-puede-dar-fruto\/#primaryimage","url":"https:\/\/jp2doc.pl\/es\/wp-content\/uploads\/sites\/4\/2018\/03\/markus-spiske-104913.jpg","contentUrl":"https:\/\/jp2doc.pl\/es\/wp-content\/uploads\/sites\/4\/2018\/03\/markus-spiske-104913.jpg","width":1900,"height":1267},{"@type":"BreadcrumbList","@id":"https:\/\/jp2doc.pl\/es\/2018\/03\/18\/si-el-grano-de-trigo-muere-puede-dar-fruto\/#breadcrumb","itemListElement":[{"@type":"ListItem","position":1,"name":"Home","item":"https:\/\/jp2doc.pl\/es\/"},{"@type":"ListItem","position":2,"name":"Si el grano de trigo no muere, no puede dar fruto"}]},{"@type":"WebSite","@id":"https:\/\/jp2doc.pl\/es\/#website","url":"https:\/\/jp2doc.pl\/es\/","name":"Centro de Documentaci\u00f3n y Estudios del Pontificado de Juan Pablo II en Roma","description":"","publisher":{"@id":"https:\/\/jp2doc.pl\/es\/#organization"},"potentialAction":[{"@type":"SearchAction","target":{"@type":"EntryPoint","urlTemplate":"https:\/\/jp2doc.pl\/es\/?s={search_term_string}"},"query-input":{"@type":"PropertyValueSpecification","valueRequired":true,"valueName":"search_term_string"}}],"inLanguage":"es"},{"@type":"Organization","@id":"https:\/\/jp2doc.pl\/es\/#organization","name":"Centro de Documentaci\u00f3n y Estudios del Pontificado de Juan Pablo II en Roma","url":"https:\/\/jp2doc.pl\/es\/","logo":{"@type":"ImageObject","inLanguage":"es","@id":"https:\/\/jp2doc.pl\/es\/#\/schema\/logo\/image\/","url":"https:\/\/jp2doc.pl\/es\/wp-content\/uploads\/sites\/4\/2017\/03\/cropped-logo.png","contentUrl":"https:\/\/jp2doc.pl\/es\/wp-content\/uploads\/sites\/4\/2017\/03\/cropped-logo.png","width":115,"height":115,"caption":"Centro de Documentaci\u00f3n y Estudios del Pontificado de Juan Pablo II en Roma"},"image":{"@id":"https:\/\/jp2doc.pl\/es\/#\/schema\/logo\/image\/"}},{"@type":"Person","@id":"https:\/\/jp2doc.pl\/es\/#\/schema\/person\/6110109e80abb51f6fac4824777eabfe","name":"juliasercanka","image":{"@type":"ImageObject","inLanguage":"es","@id":"https:\/\/jp2doc.pl\/es\/#\/schema\/person\/image\/","url":"https:\/\/secure.gravatar.com\/avatar\/266a66e864556e22d55d61b6b10c97fab9060767b738564bcd109f3997e372bc?s=96&d=mm&r=g","contentUrl":"https:\/\/secure.gravatar.com\/avatar\/266a66e864556e22d55d61b6b10c97fab9060767b738564bcd109f3997e372bc?s=96&d=mm&r=g","caption":"juliasercanka"},"url":"https:\/\/jp2doc.pl\/es\/author\/juliasercanka\/"}]}},"_links":{"self":[{"href":"https:\/\/jp2doc.pl\/es\/wp-json\/wp\/v2\/posts\/1377","targetHints":{"allow":["GET"]}}],"collection":[{"href":"https:\/\/jp2doc.pl\/es\/wp-json\/wp\/v2\/posts"}],"about":[{"href":"https:\/\/jp2doc.pl\/es\/wp-json\/wp\/v2\/types\/post"}],"author":[{"embeddable":true,"href":"https:\/\/jp2doc.pl\/es\/wp-json\/wp\/v2\/users\/5"}],"replies":[{"embeddable":true,"href":"https:\/\/jp2doc.pl\/es\/wp-json\/wp\/v2\/comments?post=1377"}],"version-history":[{"count":2,"href":"https:\/\/jp2doc.pl\/es\/wp-json\/wp\/v2\/posts\/1377\/revisions"}],"predecessor-version":[{"id":1380,"href":"https:\/\/jp2doc.pl\/es\/wp-json\/wp\/v2\/posts\/1377\/revisions\/1380"}],"wp:featuredmedia":[{"embeddable":true,"href":"https:\/\/jp2doc.pl\/es\/wp-json\/wp\/v2\/media\/1378"}],"wp:attachment":[{"href":"https:\/\/jp2doc.pl\/es\/wp-json\/wp\/v2\/media?parent=1377"}],"wp:term":[{"taxonomy":"category","embeddable":true,"href":"https:\/\/jp2doc.pl\/es\/wp-json\/wp\/v2\/categories?post=1377"},{"taxonomy":"post_tag","embeddable":true,"href":"https:\/\/jp2doc.pl\/es\/wp-json\/wp\/v2\/tags?post=1377"}],"curies":[{"name":"wp","href":"https:\/\/api.w.org\/{rel}","templated":true}]}}