{"id":1382,"date":"2018-03-23T11:21:33","date_gmt":"2018-03-23T10:21:33","guid":{"rendered":"http:\/\/jp2doc.pl\/es\/?p=1382"},"modified":"2018-05-05T18:42:31","modified_gmt":"2018-05-05T16:42:31","slug":"el-llanto-de-jesus-sobre-jerusalen","status":"publish","type":"post","link":"https:\/\/jp2doc.pl\/es\/2018\/03\/23\/el-llanto-de-jesus-sobre-jerusalen\/","title":{"rendered":"El llanto de Jes\u00fas sobre Jerusal\u00e9n"},"content":{"rendered":"<p>Lc 19,29-44. 13,34-35<\/p>\n<p>Hoy no podemos empezar este encuentro sin dirigirnos directamente a Jes\u00fas, y lo vamos a hacer ya: \u201cJes\u00fas, quiero pedirte luz, sentimientos, sensibilidad para comprender lo que pasaste cuando entraste triunfalmente en Jerusal\u00e9n. Hoy quiero comprender el porqu\u00e9 de lo que hiciste y el porqu\u00e9 de tu llanto. Por eso te pido que sepa estar atenta y no perderme ning\u00fan momento de esta escena\u201d. Te invito a escucharla con much\u00edsima atenci\u00f3n, como nos lo narra el Evangelio de Lucas, en el cap\u00edtulo 19, vers\u00edculo 29-44, y en el cap\u00edtulo 13,34-35:<\/p>\n<blockquote><p>Dicho esto, caminaba delante de ellos subiendo a Jerusal\u00e9n. Cuando ya estaba cerca de Betfag\u00e9 y Betania, junto al Monte llamado de los Olivos, envi\u00f3 a dos disc\u00edpulos diciendo: \u201cId a la aldea de enfrente. Al entrar, encontrar\u00e9is un borriquillo atado sobre el que nadie ha montado todav\u00eda. Desatadlo y traedlo. Si alguno os pregunta por qu\u00e9 lo desat\u00e1is, le dir\u00e9is as\u00ed: \u201cEl Se\u00f1or lo necesita\u201d. Los enviados fueron y lo encontraron tal como les hab\u00eda dicho. Mientras desataban el borriquillo, sus due\u00f1os les dijeron: \u201c\u00bfPor qu\u00e9 desat\u00e1is al borriquillo?\u201d. Ellos replicaron: \u201cEl Se\u00f1or lo necesita\u201d. Y lo llevaron a Jes\u00fas. Y echando sus mantos sobre el borriquillo, montaron a Jes\u00fas. Mientras \u00c9l avanzaba, extend\u00edan sus mantos por el camino. Cerca ya de la bajada del Monte de los Olivos, toda la multitud de los disc\u00edpulos, llenos de alegr\u00eda, comenz\u00f3 a alabar a Dios a grandes voces por todos los prodigios que hab\u00edan visto, exclamando: \u201c\u00a1Bendito el Rey que viene en nombre del Se\u00f1or! \u00a1Paz en el cielo y gloria en las alturas!\u201d. Algunos fariseos de entre la multitud le dijeron: \u201c\u00a1Maestro, reprende a tus disc\u00edpulos!\u201d. \u00c9l respondi\u00f3: \u201cOs digo que si \u00e9stos callan, gritar\u00e1n las piedras\u201d. Al acercarse y ver la ciudad, llor\u00f3 sobre ella diciendo: \u201cSi supieras tambi\u00e9n t\u00fa en este d\u00eda lo que te lleva a la paz\u2026 Pero ahora est\u00e1 oculto a tus ojos, porque vendr\u00e1n d\u00edas sobre ti en que tus enemigos te rodear\u00e1n de un vallado, te cercar\u00e1n y te estrechar\u00e1n por todas partes, y te aplastar\u00e1n contra el suelo, a ti y a tus hijos que est\u00e9n dentro de ti. Y no dejar\u00e1n en ti piedra sobre piedra, porque no has conocido el tiempo de la visita que se te ha hecho. Jerusal\u00e9n, Jerusal\u00e9n, que matas a los profetas y apedreas a los que te son enviados\u2026 \u00a1Cu\u00e1ntas veces he querido reunir a tus hijos, como el ave a sus polluelos bajo las alas, y no quisisteis! Pues sabed que vuestra casa va a quedar desierta. Pero os digo que no me ver\u00e9is hasta que llegue el d\u00eda en que dig\u00e1is \u00abBendito el que viene en nombre del Se\u00f1or\u00bb\u201d.<\/p><\/blockquote>\n<p>Faltan cinco d\u00edas para celebrar la Pascua y Jes\u00fas, que est\u00e1 en Betania, decide hacer su entrada triunfal en la ciudad de Jerusal\u00e9n. Prepara toda la comitiva y se dirigen hasta esta ciudad. Y cuando ya ha salido de Betania y se hallan enfrente de Betfag\u00e9, entonces ocurre un momento hist\u00f3rico y sorprendente: Jes\u00fas le dice a sus disc\u00edpulos que vayan a la aldea que est\u00e1 enfrente, que cojan all\u00ed el pollino que est\u00e1 atado, que lo traigan; y cuando lo han tra\u00eddo ya, \u00c9l se monta sobre el pollino y empieza la comitiva hacia Jerusal\u00e9n. Todo est\u00e1 perfecto. Cuando va entrando, toda la multitude que le ve entrar as\u00ed, comienza a gritar: \u201c\u00a1Bendito el que viene en nombre del Se\u00f1or! \u00a1Hosanna! \u00a1Hosanna al hijo de David!\u201d. Pero Jes\u00fas, al ver la ciudad, al ver todo lo que ha pasado en ella, todo lo que ha hecho en ella, todo el bien que ha hecho, todo lo que ha querido para ella\u2026 llor\u00f3. Y ese llanto fue como una espada de dolor en su coraz\u00f3n. Los sacerdotes, los escribas que ven toda esta multitud, critican a los disc\u00edpulos y les reprenden: \u201c\u00bfPor qu\u00e9 hacen eso? \u00bfPor qu\u00e9 este tumulto?\u201d. Pero Jes\u00fas, una vez m\u00e1s se da cuenta de que no le reciben, de que no le quieren, y se vuelve otra vez a la aldea de Betania.<\/p>\n<p>\u00a1Qu\u00e9 escena tan sentimental y tan conmovedora! En plena oraci\u00f3n con Jes\u00fas, vamos a sentir lo que \u00c9l sent\u00eda en estos momentos&#8230; En primer lugar, vemos un Jes\u00fas deseoso de ya llegar a su Pasi\u00f3n. Y como todos esperan una entrada triunfal, \u00c9l les va a manifestar c\u00f3mo es su triunfo, c\u00f3mo es su Reino. Y se monta sobre un pollino. Un pollino: este animal que era usado como el s\u00edmbolo de la paz, de la mansedumbre, de la humildad. \u00a1Y qu\u00e9 suerte tuvo este borriquillo! \u2014yo me pregunto muchas veces\u2014, \u00a1qu\u00e9 suerte tuvo este borriquito que tuvo en \u00e9l y se mont\u00f3 en \u00e9l Jes\u00fas, y lo tuvo por trono! Me recuerda ese salmo 72 que dice: \u201cComo un borriquito soy yo delante de ti, \/ pero estar\u00e9 siempre a tu lado \/ porque T\u00fa me has tomado de tu diestra\u201d. Qu\u00e9 salmo\u2026 y qu\u00e9 bonito, \u00bfno?&#8230; ver a Jes\u00fas tambi\u00e9n as\u00ed. \u00a1Y qu\u00e9 suerte si yo pudiera llevar a Jes\u00fas en mi trono!<\/p>\n<p>Y continuamos y vemos a Jes\u00fas que, al divisar la ciudad de Jerusal\u00e9n, y ver toda esa multitud que realmente sale y le aclama y le dice: \u201c\u00a1Hosanna al Hijo de David! \u00a1Bendito el que viene!\u201d \u2014los ni\u00f1os, con palmas, con todo\u2014, vio la falsedad de toda esta multitud. Qu\u00e9 forma de aclamarle: \u201c\u00a1Hosanna!\u201d, cuando a los pocos d\u00edas: \u201c\u00a1Crucif\u00edcale! \u00a1Crucif\u00edcale!\u201d. Y me hace pensar muchas veces en mi propia historia, que tan pronto estoy aclamando, como estoy haciendo da\u00f1o. Y esto le duele a Jes\u00fas. Es la historia de mi vida, es la historia de la misericordia de Dios sobre m\u00ed. Y cuando Jes\u00fas ve y divisa Jerusal\u00e9n, cuando Jes\u00fas divisa mi vida, llora y me dice: \u201c\u00a1Jerusal\u00e9n, Jerusal\u00e9n, Jerusal\u00e9n\u2026 cu\u00e1ntas veces he querido recogerte! \u00bfCu\u00e1ntas veces te he querido cubrir como el ave o la gallina cubre a sus hijos debajo de sus alas, y t\u00fa no has querido?\u201d. \u00a1Cu\u00e1nta rebeld\u00eda, Se\u00f1or! La historia de mi vida se compone de todo esto\u2026 \u00a1Cu\u00e1ntas veces, Jes\u00fas, has pasado por mi vida y te has hecho el encontradizo! \u00a1Cu\u00e1ntas gracias ordinarias y extraordinarias he tenido en mi vida, y no me he dado cuenta! Y T\u00fa, al verme, lloras y me dices: \u201cSi te dieras cuenta\u2026 si tuvieras un coraz\u00f3n sensible\u2026 si tuvieras unos ojos abiertos para ver c\u00f3mo Yo estoy actuando en tu vida\u2026\u201d. Pero yo tambi\u00e9n te digo hoy: \u201cS\u00e9 que mi historia, Jes\u00fas, es una historia de amor contigo, y que tu misericordia cubre todo\u2026\u201d<\/p>\n<p>Hoy me quedo triste y viendo c\u00f3mo Jes\u00fas llora y se lamenta. Dice el texto del Evangelio que cuando lleg\u00f3 cerca, al ver la ciudad, llor\u00f3 por ella. Y llor\u00f3 y se lament\u00f3 en alta voz. Y vio la desgracia que le ocurr\u00eda y solloz\u00f3: \u201c\u00a1Ay de ti\u2026!\u201d. El llanto tuyo, Jes\u00fas, me impacta. \u00bfLlorar\u00e1s mucho sobre mi vida actual? \u00bfLlorar\u00e1s al verme? \u00bfTe dar\u00e9 tanta pena?&#8230; Pero no, Jes\u00fas, yo no me quiero quedar ah\u00ed. Quiero saber que T\u00fa me quieres, que entro en tu misericordia, que entro en tu amor. Y quiero ser, como dec\u00eda antes, ese humilde borriquito. Que s\u00f3lo sirva para eso, nada m\u00e1s: s\u00f3lo sirva para llevarte. Y que ah\u00ed, con esas caracter\u00edsticas, sencillamente, humildemente, pueda tenerte sobre m\u00ed.<\/p>\n<p>Todo el texto de hoy, con un empiece de una semana de Pasi\u00f3n, me lleva a verte a ti, a sentirte, a quererte, a comprenderte. \u00a1Qu\u00e9 grande eres, Se\u00f1or! Me figuro la escena, y estoy ah\u00ed\u2026 y veo la multitud que alaba, que grita, con palmas, los ni\u00f1os\u2026 Y te veo a ti, triste, acongojado, lament\u00e1ndote, sollozando y diciendo: \u201c\u00a1Qu\u00e9 pena! Si se dieran cuenta de lo que est\u00e1 pasando en su vida\u2026 \u00a1Qu\u00e9 pena!\u201d. Y T\u00fa tambi\u00e9n me miras a m\u00ed y me dices lo mismo: \u201cSi te dieras cuenta de algo\u2026, si te dieras cuenta de todo el amor que te tengo, si te dieras cuenta de c\u00f3mo estoy trabajando tu vida y de cu\u00e1ntas gracias y de cu\u00e1ntos momentos y de cu\u00e1ntas actitudes estoy d\u00e1ndote y regal\u00e1ndote!\u201d.<\/p>\n<p>En este encuentro nos quedamos as\u00ed, pensando y encontr\u00e1ndonos con la mirada de Jes\u00fas: Jes\u00fas mira a Jerusal\u00e9n, Jes\u00fas me mira a m\u00ed. Y en silencio, ah\u00ed, en la profundidad del amor, comprendemos el llanto de Jes\u00fas, el amor enorme, y lo que me dice: que me d\u00e9 cuenta, que me despierte, que no grite \u201c\u00a1Hosanna!\u201d y al rato \u201c\u00a1Crucif\u00edcale!\u201d. Y que le puedo crucificar continuamente, con mis palabras, con mis gestos, con mis acciones.<\/p>\n<p>Se\u00f1or, no quiero verte llorar sobre mi vida, y quiero ser humilde, buena, obediente, fiel. Haz, Se\u00f1or, que mi vida no sea un llanto para ti, sino que sea una continua alabanza de tu amor y una continua alegr\u00eda. Y que pueda decir \u201c\u00a1Hosanna, Jes\u00fas, porque me quieres! \u00a1Hosanna, porque me perdonas! \u00a1Hosanna, porque T\u00fa eres mi Rey!\u201d. Y yo, como humilde borriquito, te llevar\u00e9 en mi trono, Se\u00f1or. Gracias.<\/p>\n<p><strong>\u00a0Francisca Sierra G\u00f3mez<\/strong>,\u00a0Celadoras del Reinado del Coraz\u00f3n de Jes\u00fas.<\/p>\n","protected":false},"excerpt":{"rendered":"<p>Domingo de Ramos<\/p>\n","protected":false},"author":5,"featured_media":1383,"comment_status":"open","ping_status":"open","sticky":false,"template":"","format":"standard","meta":{"_acf_changed":false,"_exactmetrics_skip_tracking":false,"_exactmetrics_sitenote_active":false,"_exactmetrics_sitenote_note":"","_exactmetrics_sitenote_category":0,"footnotes":""},"categories":[4,13,14],"tags":[115,82,116,117],"class_list":["post-1382","post","type-post","status-publish","format-standard","has-post-thumbnail","hentry","category-blog","category-strona-glowna-najnowsze","category-strona-glowna-slider","tag-domingo-de-ramos","tag-francisca_sierra_gomez","tag-jerusalen","tag-olivos"],"acf":[],"yoast_head":"<!-- This site is optimized with the Yoast SEO plugin v26.2 - https:\/\/yoast.com\/wordpress\/plugins\/seo\/ -->\n<title>El llanto de Jes\u00fas sobre Jerusal\u00e9n - Centro de Documentaci\u00f3n y Estudios del Pontificado de Juan Pablo II en Roma<\/title>\n<meta name=\"robots\" content=\"index, follow, max-snippet:-1, max-image-preview:large, max-video-preview:-1\" \/>\n<link rel=\"canonical\" href=\"https:\/\/jp2doc.pl\/es\/2018\/03\/23\/el-llanto-de-jesus-sobre-jerusalen\/\" \/>\n<meta property=\"og:locale\" content=\"es_ES\" \/>\n<meta property=\"og:type\" content=\"article\" \/>\n<meta property=\"og:title\" content=\"El llanto de Jes\u00fas sobre Jerusal\u00e9n - Centro de Documentaci\u00f3n y Estudios del Pontificado de Juan Pablo II en Roma\" \/>\n<meta property=\"og:description\" content=\"Domingo de Ramos\" \/>\n<meta property=\"og:url\" content=\"https:\/\/jp2doc.pl\/es\/2018\/03\/23\/el-llanto-de-jesus-sobre-jerusalen\/\" \/>\n<meta property=\"og:site_name\" content=\"Centro de Documentaci\u00f3n y Estudios del Pontificado de Juan Pablo II en Roma\" \/>\n<meta property=\"article:published_time\" content=\"2018-03-23T10:21:33+00:00\" \/>\n<meta property=\"article:modified_time\" content=\"2018-05-05T16:42:31+00:00\" \/>\n<meta property=\"og:image\" content=\"https:\/\/jp2doc.pl\/es\/wp-content\/uploads\/sites\/4\/2018\/03\/alex-wong-17993-unsplash.jpg\" \/>\n\t<meta property=\"og:image:width\" content=\"1584\" \/>\n\t<meta property=\"og:image:height\" content=\"1056\" \/>\n\t<meta property=\"og:image:type\" content=\"image\/jpeg\" \/>\n<meta name=\"author\" content=\"juliasercanka\" \/>\n<meta name=\"twitter:card\" content=\"summary_large_image\" \/>\n<meta name=\"twitter:label1\" content=\"Escrito por\" \/>\n\t<meta name=\"twitter:data1\" content=\"juliasercanka\" \/>\n\t<meta name=\"twitter:label2\" content=\"Tiempo de lectura\" \/>\n\t<meta name=\"twitter:data2\" content=\"8 minutos\" \/>\n<script type=\"application\/ld+json\" class=\"yoast-schema-graph\">{\"@context\":\"https:\/\/schema.org\",\"@graph\":[{\"@type\":\"Article\",\"@id\":\"https:\/\/jp2doc.pl\/es\/2018\/03\/23\/el-llanto-de-jesus-sobre-jerusalen\/#article\",\"isPartOf\":{\"@id\":\"https:\/\/jp2doc.pl\/es\/2018\/03\/23\/el-llanto-de-jesus-sobre-jerusalen\/\"},\"author\":{\"name\":\"juliasercanka\",\"@id\":\"https:\/\/jp2doc.pl\/es\/#\/schema\/person\/6110109e80abb51f6fac4824777eabfe\"},\"headline\":\"El llanto de Jes\u00fas sobre Jerusal\u00e9n\",\"datePublished\":\"2018-03-23T10:21:33+00:00\",\"dateModified\":\"2018-05-05T16:42:31+00:00\",\"mainEntityOfPage\":{\"@id\":\"https:\/\/jp2doc.pl\/es\/2018\/03\/23\/el-llanto-de-jesus-sobre-jerusalen\/\"},\"wordCount\":1638,\"commentCount\":0,\"publisher\":{\"@id\":\"https:\/\/jp2doc.pl\/es\/#organization\"},\"image\":{\"@id\":\"https:\/\/jp2doc.pl\/es\/2018\/03\/23\/el-llanto-de-jesus-sobre-jerusalen\/#primaryimage\"},\"thumbnailUrl\":\"https:\/\/jp2doc.pl\/es\/wp-content\/uploads\/sites\/4\/2018\/03\/alex-wong-17993-unsplash.jpg\",\"keywords\":[\"Domingo de Ramos\",\"Francisca_Sierra_G\u00f3mez\",\"Jerusal\u00e9n\",\"Olivos\"],\"articleSection\":[\"Blog\",\"Strona g\u0142\u00f3wna - najnowsze\",\"Strona g\u0142\u00f3wna - slider\"],\"inLanguage\":\"es\",\"potentialAction\":[{\"@type\":\"CommentAction\",\"name\":\"Comment\",\"target\":[\"https:\/\/jp2doc.pl\/es\/2018\/03\/23\/el-llanto-de-jesus-sobre-jerusalen\/#respond\"]}]},{\"@type\":\"WebPage\",\"@id\":\"https:\/\/jp2doc.pl\/es\/2018\/03\/23\/el-llanto-de-jesus-sobre-jerusalen\/\",\"url\":\"https:\/\/jp2doc.pl\/es\/2018\/03\/23\/el-llanto-de-jesus-sobre-jerusalen\/\",\"name\":\"El llanto de Jes\u00fas sobre Jerusal\u00e9n - Centro de Documentaci\u00f3n y Estudios del Pontificado de Juan Pablo II en Roma\",\"isPartOf\":{\"@id\":\"https:\/\/jp2doc.pl\/es\/#website\"},\"primaryImageOfPage\":{\"@id\":\"https:\/\/jp2doc.pl\/es\/2018\/03\/23\/el-llanto-de-jesus-sobre-jerusalen\/#primaryimage\"},\"image\":{\"@id\":\"https:\/\/jp2doc.pl\/es\/2018\/03\/23\/el-llanto-de-jesus-sobre-jerusalen\/#primaryimage\"},\"thumbnailUrl\":\"https:\/\/jp2doc.pl\/es\/wp-content\/uploads\/sites\/4\/2018\/03\/alex-wong-17993-unsplash.jpg\",\"datePublished\":\"2018-03-23T10:21:33+00:00\",\"dateModified\":\"2018-05-05T16:42:31+00:00\",\"breadcrumb\":{\"@id\":\"https:\/\/jp2doc.pl\/es\/2018\/03\/23\/el-llanto-de-jesus-sobre-jerusalen\/#breadcrumb\"},\"inLanguage\":\"es\",\"potentialAction\":[{\"@type\":\"ReadAction\",\"target\":[\"https:\/\/jp2doc.pl\/es\/2018\/03\/23\/el-llanto-de-jesus-sobre-jerusalen\/\"]}]},{\"@type\":\"ImageObject\",\"inLanguage\":\"es\",\"@id\":\"https:\/\/jp2doc.pl\/es\/2018\/03\/23\/el-llanto-de-jesus-sobre-jerusalen\/#primaryimage\",\"url\":\"https:\/\/jp2doc.pl\/es\/wp-content\/uploads\/sites\/4\/2018\/03\/alex-wong-17993-unsplash.jpg\",\"contentUrl\":\"https:\/\/jp2doc.pl\/es\/wp-content\/uploads\/sites\/4\/2018\/03\/alex-wong-17993-unsplash.jpg\",\"width\":1584,\"height\":1056},{\"@type\":\"BreadcrumbList\",\"@id\":\"https:\/\/jp2doc.pl\/es\/2018\/03\/23\/el-llanto-de-jesus-sobre-jerusalen\/#breadcrumb\",\"itemListElement\":[{\"@type\":\"ListItem\",\"position\":1,\"name\":\"Home\",\"item\":\"https:\/\/jp2doc.pl\/es\/\"},{\"@type\":\"ListItem\",\"position\":2,\"name\":\"El llanto de Jes\u00fas sobre Jerusal\u00e9n\"}]},{\"@type\":\"WebSite\",\"@id\":\"https:\/\/jp2doc.pl\/es\/#website\",\"url\":\"https:\/\/jp2doc.pl\/es\/\",\"name\":\"Centro de Documentaci\u00f3n y Estudios del Pontificado de Juan Pablo II en Roma\",\"description\":\"\",\"publisher\":{\"@id\":\"https:\/\/jp2doc.pl\/es\/#organization\"},\"potentialAction\":[{\"@type\":\"SearchAction\",\"target\":{\"@type\":\"EntryPoint\",\"urlTemplate\":\"https:\/\/jp2doc.pl\/es\/?s={search_term_string}\"},\"query-input\":{\"@type\":\"PropertyValueSpecification\",\"valueRequired\":true,\"valueName\":\"search_term_string\"}}],\"inLanguage\":\"es\"},{\"@type\":\"Organization\",\"@id\":\"https:\/\/jp2doc.pl\/es\/#organization\",\"name\":\"Centro de Documentaci\u00f3n y Estudios del Pontificado de Juan Pablo II en Roma\",\"url\":\"https:\/\/jp2doc.pl\/es\/\",\"logo\":{\"@type\":\"ImageObject\",\"inLanguage\":\"es\",\"@id\":\"https:\/\/jp2doc.pl\/es\/#\/schema\/logo\/image\/\",\"url\":\"https:\/\/jp2doc.pl\/es\/wp-content\/uploads\/sites\/4\/2017\/03\/cropped-logo.png\",\"contentUrl\":\"https:\/\/jp2doc.pl\/es\/wp-content\/uploads\/sites\/4\/2017\/03\/cropped-logo.png\",\"width\":115,\"height\":115,\"caption\":\"Centro de Documentaci\u00f3n y Estudios del Pontificado de Juan Pablo II en Roma\"},\"image\":{\"@id\":\"https:\/\/jp2doc.pl\/es\/#\/schema\/logo\/image\/\"}},{\"@type\":\"Person\",\"@id\":\"https:\/\/jp2doc.pl\/es\/#\/schema\/person\/6110109e80abb51f6fac4824777eabfe\",\"name\":\"juliasercanka\",\"image\":{\"@type\":\"ImageObject\",\"inLanguage\":\"es\",\"@id\":\"https:\/\/jp2doc.pl\/es\/#\/schema\/person\/image\/\",\"url\":\"https:\/\/secure.gravatar.com\/avatar\/266a66e864556e22d55d61b6b10c97fab9060767b738564bcd109f3997e372bc?s=96&d=mm&r=g\",\"contentUrl\":\"https:\/\/secure.gravatar.com\/avatar\/266a66e864556e22d55d61b6b10c97fab9060767b738564bcd109f3997e372bc?s=96&d=mm&r=g\",\"caption\":\"juliasercanka\"},\"url\":\"https:\/\/jp2doc.pl\/es\/author\/juliasercanka\/\"}]}<\/script>\n<!-- \/ Yoast SEO plugin. -->","yoast_head_json":{"title":"El llanto de Jes\u00fas sobre Jerusal\u00e9n - Centro de Documentaci\u00f3n y Estudios del Pontificado de Juan Pablo II en Roma","robots":{"index":"index","follow":"follow","max-snippet":"max-snippet:-1","max-image-preview":"max-image-preview:large","max-video-preview":"max-video-preview:-1"},"canonical":"https:\/\/jp2doc.pl\/es\/2018\/03\/23\/el-llanto-de-jesus-sobre-jerusalen\/","og_locale":"es_ES","og_type":"article","og_title":"El llanto de Jes\u00fas sobre Jerusal\u00e9n - Centro de Documentaci\u00f3n y Estudios del Pontificado de Juan Pablo II en Roma","og_description":"Domingo de Ramos","og_url":"https:\/\/jp2doc.pl\/es\/2018\/03\/23\/el-llanto-de-jesus-sobre-jerusalen\/","og_site_name":"Centro de Documentaci\u00f3n y Estudios del Pontificado de Juan Pablo II en Roma","article_published_time":"2018-03-23T10:21:33+00:00","article_modified_time":"2018-05-05T16:42:31+00:00","og_image":[{"width":1584,"height":1056,"url":"https:\/\/jp2doc.pl\/es\/wp-content\/uploads\/sites\/4\/2018\/03\/alex-wong-17993-unsplash.jpg","type":"image\/jpeg"}],"author":"juliasercanka","twitter_card":"summary_large_image","twitter_misc":{"Escrito por":"juliasercanka","Tiempo de lectura":"8 minutos"},"schema":{"@context":"https:\/\/schema.org","@graph":[{"@type":"Article","@id":"https:\/\/jp2doc.pl\/es\/2018\/03\/23\/el-llanto-de-jesus-sobre-jerusalen\/#article","isPartOf":{"@id":"https:\/\/jp2doc.pl\/es\/2018\/03\/23\/el-llanto-de-jesus-sobre-jerusalen\/"},"author":{"name":"juliasercanka","@id":"https:\/\/jp2doc.pl\/es\/#\/schema\/person\/6110109e80abb51f6fac4824777eabfe"},"headline":"El llanto de Jes\u00fas sobre Jerusal\u00e9n","datePublished":"2018-03-23T10:21:33+00:00","dateModified":"2018-05-05T16:42:31+00:00","mainEntityOfPage":{"@id":"https:\/\/jp2doc.pl\/es\/2018\/03\/23\/el-llanto-de-jesus-sobre-jerusalen\/"},"wordCount":1638,"commentCount":0,"publisher":{"@id":"https:\/\/jp2doc.pl\/es\/#organization"},"image":{"@id":"https:\/\/jp2doc.pl\/es\/2018\/03\/23\/el-llanto-de-jesus-sobre-jerusalen\/#primaryimage"},"thumbnailUrl":"https:\/\/jp2doc.pl\/es\/wp-content\/uploads\/sites\/4\/2018\/03\/alex-wong-17993-unsplash.jpg","keywords":["Domingo de Ramos","Francisca_Sierra_G\u00f3mez","Jerusal\u00e9n","Olivos"],"articleSection":["Blog","Strona g\u0142\u00f3wna - najnowsze","Strona g\u0142\u00f3wna - slider"],"inLanguage":"es","potentialAction":[{"@type":"CommentAction","name":"Comment","target":["https:\/\/jp2doc.pl\/es\/2018\/03\/23\/el-llanto-de-jesus-sobre-jerusalen\/#respond"]}]},{"@type":"WebPage","@id":"https:\/\/jp2doc.pl\/es\/2018\/03\/23\/el-llanto-de-jesus-sobre-jerusalen\/","url":"https:\/\/jp2doc.pl\/es\/2018\/03\/23\/el-llanto-de-jesus-sobre-jerusalen\/","name":"El llanto de Jes\u00fas sobre Jerusal\u00e9n - Centro de Documentaci\u00f3n y Estudios del Pontificado de Juan Pablo II en Roma","isPartOf":{"@id":"https:\/\/jp2doc.pl\/es\/#website"},"primaryImageOfPage":{"@id":"https:\/\/jp2doc.pl\/es\/2018\/03\/23\/el-llanto-de-jesus-sobre-jerusalen\/#primaryimage"},"image":{"@id":"https:\/\/jp2doc.pl\/es\/2018\/03\/23\/el-llanto-de-jesus-sobre-jerusalen\/#primaryimage"},"thumbnailUrl":"https:\/\/jp2doc.pl\/es\/wp-content\/uploads\/sites\/4\/2018\/03\/alex-wong-17993-unsplash.jpg","datePublished":"2018-03-23T10:21:33+00:00","dateModified":"2018-05-05T16:42:31+00:00","breadcrumb":{"@id":"https:\/\/jp2doc.pl\/es\/2018\/03\/23\/el-llanto-de-jesus-sobre-jerusalen\/#breadcrumb"},"inLanguage":"es","potentialAction":[{"@type":"ReadAction","target":["https:\/\/jp2doc.pl\/es\/2018\/03\/23\/el-llanto-de-jesus-sobre-jerusalen\/"]}]},{"@type":"ImageObject","inLanguage":"es","@id":"https:\/\/jp2doc.pl\/es\/2018\/03\/23\/el-llanto-de-jesus-sobre-jerusalen\/#primaryimage","url":"https:\/\/jp2doc.pl\/es\/wp-content\/uploads\/sites\/4\/2018\/03\/alex-wong-17993-unsplash.jpg","contentUrl":"https:\/\/jp2doc.pl\/es\/wp-content\/uploads\/sites\/4\/2018\/03\/alex-wong-17993-unsplash.jpg","width":1584,"height":1056},{"@type":"BreadcrumbList","@id":"https:\/\/jp2doc.pl\/es\/2018\/03\/23\/el-llanto-de-jesus-sobre-jerusalen\/#breadcrumb","itemListElement":[{"@type":"ListItem","position":1,"name":"Home","item":"https:\/\/jp2doc.pl\/es\/"},{"@type":"ListItem","position":2,"name":"El llanto de Jes\u00fas sobre Jerusal\u00e9n"}]},{"@type":"WebSite","@id":"https:\/\/jp2doc.pl\/es\/#website","url":"https:\/\/jp2doc.pl\/es\/","name":"Centro de Documentaci\u00f3n y Estudios del Pontificado de Juan Pablo II en Roma","description":"","publisher":{"@id":"https:\/\/jp2doc.pl\/es\/#organization"},"potentialAction":[{"@type":"SearchAction","target":{"@type":"EntryPoint","urlTemplate":"https:\/\/jp2doc.pl\/es\/?s={search_term_string}"},"query-input":{"@type":"PropertyValueSpecification","valueRequired":true,"valueName":"search_term_string"}}],"inLanguage":"es"},{"@type":"Organization","@id":"https:\/\/jp2doc.pl\/es\/#organization","name":"Centro de Documentaci\u00f3n y Estudios del Pontificado de Juan Pablo II en Roma","url":"https:\/\/jp2doc.pl\/es\/","logo":{"@type":"ImageObject","inLanguage":"es","@id":"https:\/\/jp2doc.pl\/es\/#\/schema\/logo\/image\/","url":"https:\/\/jp2doc.pl\/es\/wp-content\/uploads\/sites\/4\/2017\/03\/cropped-logo.png","contentUrl":"https:\/\/jp2doc.pl\/es\/wp-content\/uploads\/sites\/4\/2017\/03\/cropped-logo.png","width":115,"height":115,"caption":"Centro de Documentaci\u00f3n y Estudios del Pontificado de Juan Pablo II en Roma"},"image":{"@id":"https:\/\/jp2doc.pl\/es\/#\/schema\/logo\/image\/"}},{"@type":"Person","@id":"https:\/\/jp2doc.pl\/es\/#\/schema\/person\/6110109e80abb51f6fac4824777eabfe","name":"juliasercanka","image":{"@type":"ImageObject","inLanguage":"es","@id":"https:\/\/jp2doc.pl\/es\/#\/schema\/person\/image\/","url":"https:\/\/secure.gravatar.com\/avatar\/266a66e864556e22d55d61b6b10c97fab9060767b738564bcd109f3997e372bc?s=96&d=mm&r=g","contentUrl":"https:\/\/secure.gravatar.com\/avatar\/266a66e864556e22d55d61b6b10c97fab9060767b738564bcd109f3997e372bc?s=96&d=mm&r=g","caption":"juliasercanka"},"url":"https:\/\/jp2doc.pl\/es\/author\/juliasercanka\/"}]}},"_links":{"self":[{"href":"https:\/\/jp2doc.pl\/es\/wp-json\/wp\/v2\/posts\/1382","targetHints":{"allow":["GET"]}}],"collection":[{"href":"https:\/\/jp2doc.pl\/es\/wp-json\/wp\/v2\/posts"}],"about":[{"href":"https:\/\/jp2doc.pl\/es\/wp-json\/wp\/v2\/types\/post"}],"author":[{"embeddable":true,"href":"https:\/\/jp2doc.pl\/es\/wp-json\/wp\/v2\/users\/5"}],"replies":[{"embeddable":true,"href":"https:\/\/jp2doc.pl\/es\/wp-json\/wp\/v2\/comments?post=1382"}],"version-history":[{"count":3,"href":"https:\/\/jp2doc.pl\/es\/wp-json\/wp\/v2\/posts\/1382\/revisions"}],"predecessor-version":[{"id":1403,"href":"https:\/\/jp2doc.pl\/es\/wp-json\/wp\/v2\/posts\/1382\/revisions\/1403"}],"wp:featuredmedia":[{"embeddable":true,"href":"https:\/\/jp2doc.pl\/es\/wp-json\/wp\/v2\/media\/1383"}],"wp:attachment":[{"href":"https:\/\/jp2doc.pl\/es\/wp-json\/wp\/v2\/media?parent=1382"}],"wp:term":[{"taxonomy":"category","embeddable":true,"href":"https:\/\/jp2doc.pl\/es\/wp-json\/wp\/v2\/categories?post=1382"},{"taxonomy":"post_tag","embeddable":true,"href":"https:\/\/jp2doc.pl\/es\/wp-json\/wp\/v2\/tags?post=1382"}],"curies":[{"name":"wp","href":"https:\/\/api.w.org\/{rel}","templated":true}]}}