{"id":1392,"date":"2018-04-28T20:13:25","date_gmt":"2018-04-28T18:13:25","guid":{"rendered":"http:\/\/jp2doc.pl\/es\/?p=1392"},"modified":"2018-04-28T20:13:25","modified_gmt":"2018-04-28T18:13:25","slug":"vivir-unidos-a-la-vid","status":"publish","type":"post","link":"https:\/\/jp2doc.pl\/es\/2018\/04\/28\/vivir-unidos-a-la-vid\/","title":{"rendered":"Vivir unidos a la vid"},"content":{"rendered":"<p>Jn 15,1-8<\/p>\n<p>En estas semanas de Pascua el Se\u00f1or nos ofrece y nos regala la Buena Noticia con comparaciones, par\u00e1bolas, alegor\u00edas\u2026 todo lo que es f\u00e1cil para que le entendamos y sepamos qui\u00e9n es \u00c9l. Hoy nos habla de la alegor\u00eda de la vid y los sarmientos. D\u00edas atr\u00e1s nos ha dicho que era el buen Pastor, y hoy nos dice que \u00c9l es la Vid, y para que entendamos mejor esta alegor\u00eda, nos la explica \u00c9l mismo. La vamos a o\u00edr en el texto del Evangelio de San Juan, cap\u00edtulo 15, vers\u00edculo 1 y 8. La escuchamos con toda atenci\u00f3n:<\/p>\n<p>Yo soy la Vid verdadera y mi Padre es el Labrador. Todo sarmiento que en m\u00ed no da fruto, lo corta; y todo el que da fruto, lo poda para que d\u00e9 m\u00e1s fruto. Vosotros ya est\u00e1is limpios por la palabra que os he dicho: permaneced en m\u00ed y Yo en vosotros. Como el sarmiento no puede dar fruto por s\u00ed mismo si no permanece en la vid, as\u00ed tampoco vosotros si no permanec\u00e9is en m\u00ed. Yo soy la Vid, vosotros los sarmientos. El que permanece en m\u00ed y Yo en \u00e9l, \u00e9se da mucho fruto, porque sin m\u00ed no pod\u00e9is hacer nada. Si alguno no permanece en m\u00ed, es arrojado fuera, como el sarmiento, y se seca. Luego lo recogen, lo echan al fuego y arde. Si permanec\u00e9is en m\u00ed y mis palabras permanecen en vosotros, pedid lo que quer\u00e1is y se os conceder\u00e1. En esto es glorificado mi Padre, en que deis mucho fruto y se\u00e1is mis disc\u00edpulos.<\/p>\n<p>Despu\u00e9s de escuchar todo lo que Jes\u00fas nos dice de c\u00f3mo es \u00c9l, nos ponemos y nos situamos en donde est\u00e1 Jes\u00fas en estos momentos. Nos vamos al Cen\u00e1culo: Jes\u00fas se est\u00e1 despidiendo de sus disc\u00edpulos, le da pena separase de ellos, y para que no se queden solos les regala la Eucarist\u00eda. Y ahora, antes de separarse, para que sepan c\u00f3mo tienen que vivir su vida con \u00c9l, les explica la bell\u00edsima alegor\u00eda de la vid. Escuchamos a Jes\u00fas y le o\u00edmos decir: \u201cMirad, Yo soy la Vid verdadera, una vid ideal, una vid perfecta, que no se consume, que no se pierde, que da fruto. Y mi Padre es el Labrador, el que nos poda, el que nos limpia, el que da y hace que esta vid d\u00e9 fruto. Pero mirad tambi\u00e9n: todo sarmiento que no d\u00e9 fruto, lo quita y lo poda y lo limpia, para que d\u00e9 m\u00e1s fruto\u201d.<\/p>\n<p>Y viendo que sus disc\u00edpulos le miraban con interrogaci\u00f3n y con congoja, les dice con todo cari\u00f1o y con todo amor: \u201cNo, vosotros est\u00e1is ya limpios por la palabra que Yo os he dado, pero ten\u00e9is que permanecer en m\u00ed, porque si no permanec\u00e9is, os vaciar\u00e9is, lo pasar\u00e9is mal, vuestra vida estar\u00e1 sin fruto y no tendr\u00e9is nada. Ten\u00e9is que estar unidos a m\u00ed. Ten\u00e9is que estar unidos. Como el sarmiento no puede dar de por s\u00ed fruto si no est\u00e1 unido a la vid, as\u00ed vosotros ten\u00e9is que estar unidos a m\u00ed\u201d. Y m\u00e1s de una vez les repite: \u201cYo soy la Vid y vosotros los sarmientos. Si est\u00e1is conmigo, si recib\u00eds mis palabras, dar\u00e9is fruto, porque Yo os quiero mucho; igual que el Padre me ha amado a m\u00ed, as\u00ed tambi\u00e9n os amo Yo. Y antes de irme, quiero que sep\u00e1is y que viv\u00e1is la vida con toda felicidad y que est\u00e9is fuertes en la fe y que deis fruto y que pod\u00e1is comunicar a los dem\u00e1s el gozo de la alegr\u00eda y el gozo de la felicidad y del amor que Yo os tengo. Pero es que antes os tengo que limpiar, os tengo que podar. Permaneced en m\u00ed. Si permanec\u00e9is y persever\u00e1is en m\u00ed, el fruto que deis ser\u00e1 la gloria de mi Padre y ser\u00e1 gloria para todos\u201d.<\/p>\n<p>Querido amigo, escuchamos a Jes\u00fas con todo cari\u00f1o y le agradecemos que nos haya dicho esta lecci\u00f3n tan fuerte a trav\u00e9s de esta alegor\u00eda: Jes\u00fas quiere que estemos unidos a la vid. \u00bfCu\u00e1l es la vida, c\u00f3mo es la vida de alguien que no est\u00e1 unido a \u00c9l? Una vida vac\u00eda, una vida sin ilusi\u00f3n, una vida que no tiene sentido, una vida de inquietud, una vida de no creer, de estar siempre buscando razones; y no, tenemos que estar unidos a la vid. \u00c9l quiere que demos fruto y que estemos unidos a \u00c9l. Y \u00c9l nos cuida y \u00c9l nos va a atender y \u00c9l nos va a podar y nos va a cortar todos esos sarmientos in\u00fatiles, esas fuerzas que salen de nuestro interior y de nuestra vida, que no le dejamos actuar, esas fuerzas que salen, que nos arruinan, que hacen que nos desentendamos de \u00c9l; y seremos as\u00ed sarmientos desgajados de \u00c9l, secos, no valdremos para nada sino para ser quemados.<\/p>\n<p>\u00a1Qu\u00e9 preciosa la lecci\u00f3n de hoy, Jes\u00fas: tengo que estar unida a ti! \u00a1Y qu\u00e9 feliz se es y qu\u00e9 feliz es la vida cuando estamos en pleno contacto contigo, cuando estamos en tu coraz\u00f3n, y ah\u00ed metidos, bebemos esa savia que eres T\u00fa, esa savia que es el amor! Cuando nos quemamos as\u00ed, cuando estamos ah\u00ed enganchados a tu vid, entonces s\u00ed que damos fruto, s\u00ed que realmente nos llenamos de ti. Yo te pido hoy que est\u00e9 unida a tu coraz\u00f3n, que entre ah\u00ed, porque T\u00fa eres el libro en el que tengo yo que meditar, reflexionar y aprender. Aqu\u00ed aprender\u00e9 a estar unido a ti, aprender\u00e9 todas las actitudes tuyas -los valores, las formas de acci\u00f3n, de pensar, de hablar-. \u00c9sa es la verdadera vid, porque T\u00fa eres el asilo de las personas m\u00e1s miserables, como yo. Porque T\u00fa coges siempre lo m\u00e1s miserable y le das vida. Me meter\u00e9 en el fondo de tu coraz\u00f3n y all\u00ed me purificar\u00e1s, me podar\u00e1s, me inflamar\u00e1s, y me acercar\u00e9 a tu horno, y all\u00ed dejar\u00e9 todo, y T\u00fa cambiar\u00e1s mis miserias, mis pobrezas en una gran riqueza de amor.<\/p>\n<p>Yo te pido hoy que sepa arrojarme en tu coraz\u00f3n, que sepa estar unido a ti, que sepa pasar mis d\u00edas llenos de ti. \u00a1Qu\u00e9 triste es pasar d\u00edas y d\u00edas sin ti! Cuando en el fondo piensas y reflexionas estos d\u00edas, te sientes mal, te sientes peque\u00f1a, te sientes vac\u00eda y buscas y buscas&#8230; Que yo no sepa nunca desengancharme de ti y aprovechar esa savia que nutre, que da fuerza, que eres T\u00fa, Se\u00f1or. Esta uni\u00f3n contigo s\u00e9 que es indispensable para dar fruto. Y qu\u00e9 triste es hacer actos, hacer cada d\u00eda, cumplir mis deberes, hacer todo\u2026 pero sin ti. Sin ti ser\u00e1 mi vida est\u00e9ril, triste; y mis talentos, mis comportamientos, mis m\u00e9ritos, todo\u2026 ser\u00e1n vac\u00edos porque est\u00e1n desgajados de ti. Quiero estar unido y no seco. Cu\u00e1ntas formas de estar unidas a ti: la Eucarist\u00eda, la Palabra\u2026 C\u00f3mo T\u00fa has dicho m\u00e1s de una vez: \u201cSin m\u00ed no pod\u00e9is dar fruto. El que no est\u00e1 unido a m\u00ed no da nada de fruto\u201d. Y hoy, Se\u00f1or, me quieres decir tantas cosas\u2026 me quieres decir tanto\u2026 Hoy, as\u00ed, escuch\u00e1ndote, te pregunto: \u201c\u00bfQu\u00e9 quieres? \u00bfQu\u00e9 esperas de m\u00ed?\u201d. Y entonces oir\u00e9: \u201cQue permanezcas en m\u00ed para que des fruto\u201d.<\/p>\n<p>Tres verbos se me han quedado profundamente al leer este texto y al o\u00edrte a ti, Jes\u00fas: permanecer, podar, producir. Tengo que permanecer en ti. Tengo que dejarme podar, porque yo sola no doy buen fruto, porque sin ti no puedo hacer nada. Porque como dice San Pablo en la Carta a los Filipenses: \u201cTodo lo puedo en Aqu\u00e9l que me da fuerza\u201d. Sin \u00c9l, \u00bfqu\u00e9 ser\u00eda? Porque si estoy unido a ti, vivo mi fe, vivo en el amor. \u00a1P\u00f3dame, Se\u00f1or, p\u00f3dame de tantos ego\u00edsmos, erradica de m\u00ed esas ambiciones, esos orgullos, esas vanidades, esa savia mala, esos brotes que son superfluos y que absorben la savia tuya y que no dan ning\u00fan fruto! T\u00fa quieres una vida fiel, una vida llena de ti, una vida ofrecida, pero qu\u00e9 poco trabajo en esto&#8230; Tambi\u00e9n me alegra, Se\u00f1or, que T\u00fa nunca abandonas a tu vid, T\u00fa la cuidas, tu Padre la poda, la cuida.<\/p>\n<p>Pero hoy se me repite mucho: \u201cPermaneced en m\u00ed\u201d. Y me quedo con esta frase repetitiva y le doy vueltas y la pienso: \u201cPermaneced en m\u00ed&#8230; Permanece en m\u00ed&#8230; Permanece en m\u00ed\u2026 porque ah\u00ed est\u00e1 la felicidad de mi vida, la verdadera alegr\u00eda interior\u201d. Que yo centre mi vida, que haga mi proyecto contigo, siempre contigo. Ahora recuerdo que Juan Sebasti\u00e1n Bach empezaba siempre y encabezaba sus partituras con las iniciales \u201cJ.J.\u201d (Jesu, juva \u00abJes\u00fas, ay\u00fadame\u00bb). Hoy te digo tambi\u00e9n: \u201cJes\u00fas, ay\u00fadame. Pero estate conmigo para que yo florezca, para que d\u00e9 buen fruto. Y no temas podarme, no temas cortarme y quitarme todo lo que veas. Corta, poda, quema, endereza, refuerza, disp\u00f3n a tu gusto de este pobre sarmiento que soy yo para que pueda dar fruto de verdad, que es lo que T\u00fa quieres, porque sin ti no puedo hacer nada\u201d.<\/p>\n<p>Me quedo ah\u00ed, mir\u00e1ndote y escuch\u00e1ndote y me repites s\u00f3lo eso: \u201cPermanece en m\u00ed, que Yo permanezco en ti&#8230; Permanece en m\u00ed, que Yo permanezco en ti\u2026\u201d. Que nunca nada ni nadie jam\u00e1s me separe de ti. Ay\u00fadame en el trabajo de estar siempre unida a ti, porque as\u00ed ser\u00e9 feliz y har\u00e9 felices a los dem\u00e1s.<\/p>\n<p><strong>Francisca Sierra G\u00f3mez<\/strong>, Celadoras del Reinado del Coraz\u00f3n de Jes\u00fas.<\/p>\n","protected":false},"excerpt":{"rendered":"<p>V Domingo de Pascua<\/p>\n","protected":false},"author":5,"featured_media":1393,"comment_status":"open","ping_status":"open","sticky":false,"template":"","format":"standard","meta":{"_acf_changed":false,"_exactmetrics_skip_tracking":false,"_exactmetrics_sitenote_active":false,"_exactmetrics_sitenote_note":"","_exactmetrics_sitenote_category":0,"footnotes":""},"categories":[4,13,14],"tags":[82,108],"class_list":["post-1392","post","type-post","status-publish","format-standard","has-post-thumbnail","hentry","category-blog","category-strona-glowna-najnowsze","category-strona-glowna-slider","tag-francisca_sierra_gomez","tag-pascua"],"acf":[],"yoast_head":"<!-- This site is optimized with the Yoast SEO plugin v26.2 - https:\/\/yoast.com\/wordpress\/plugins\/seo\/ -->\n<title>Vivir unidos a la vid - Centro de Documentaci\u00f3n y Estudios del Pontificado de Juan Pablo II en Roma<\/title>\n<meta name=\"robots\" content=\"index, follow, max-snippet:-1, max-image-preview:large, max-video-preview:-1\" \/>\n<link rel=\"canonical\" href=\"https:\/\/jp2doc.pl\/es\/2018\/04\/28\/vivir-unidos-a-la-vid\/\" \/>\n<meta property=\"og:locale\" content=\"es_ES\" \/>\n<meta property=\"og:type\" content=\"article\" \/>\n<meta property=\"og:title\" content=\"Vivir unidos a la vid - Centro de Documentaci\u00f3n y Estudios del Pontificado de Juan Pablo II en Roma\" \/>\n<meta property=\"og:description\" content=\"V Domingo de Pascua\" \/>\n<meta property=\"og:url\" content=\"https:\/\/jp2doc.pl\/es\/2018\/04\/28\/vivir-unidos-a-la-vid\/\" \/>\n<meta property=\"og:site_name\" content=\"Centro de Documentaci\u00f3n y Estudios del Pontificado de Juan Pablo II en Roma\" \/>\n<meta property=\"article:published_time\" content=\"2018-04-28T18:13:25+00:00\" \/>\n<meta property=\"og:image\" content=\"https:\/\/jp2doc.pl\/es\/wp-content\/uploads\/sites\/4\/2018\/04\/grapes-1952073_1920.jpg\" \/>\n\t<meta property=\"og:image:width\" content=\"1920\" \/>\n\t<meta property=\"og:image:height\" content=\"1280\" \/>\n\t<meta property=\"og:image:type\" content=\"image\/jpeg\" \/>\n<meta name=\"author\" content=\"juliasercanka\" \/>\n<meta name=\"twitter:card\" content=\"summary_large_image\" \/>\n<meta name=\"twitter:label1\" content=\"Escrito por\" \/>\n\t<meta name=\"twitter:data1\" content=\"juliasercanka\" \/>\n\t<meta name=\"twitter:label2\" content=\"Tiempo de lectura\" \/>\n\t<meta name=\"twitter:data2\" content=\"8 minutos\" \/>\n<script type=\"application\/ld+json\" class=\"yoast-schema-graph\">{\"@context\":\"https:\/\/schema.org\",\"@graph\":[{\"@type\":\"Article\",\"@id\":\"https:\/\/jp2doc.pl\/es\/2018\/04\/28\/vivir-unidos-a-la-vid\/#article\",\"isPartOf\":{\"@id\":\"https:\/\/jp2doc.pl\/es\/2018\/04\/28\/vivir-unidos-a-la-vid\/\"},\"author\":{\"name\":\"juliasercanka\",\"@id\":\"https:\/\/jp2doc.pl\/es\/#\/schema\/person\/6110109e80abb51f6fac4824777eabfe\"},\"headline\":\"Vivir unidos a la vid\",\"datePublished\":\"2018-04-28T18:13:25+00:00\",\"mainEntityOfPage\":{\"@id\":\"https:\/\/jp2doc.pl\/es\/2018\/04\/28\/vivir-unidos-a-la-vid\/\"},\"wordCount\":1696,\"commentCount\":0,\"publisher\":{\"@id\":\"https:\/\/jp2doc.pl\/es\/#organization\"},\"image\":{\"@id\":\"https:\/\/jp2doc.pl\/es\/2018\/04\/28\/vivir-unidos-a-la-vid\/#primaryimage\"},\"thumbnailUrl\":\"https:\/\/jp2doc.pl\/es\/wp-content\/uploads\/sites\/4\/2018\/04\/grapes-1952073_1920.jpg\",\"keywords\":[\"Francisca_Sierra_G\u00f3mez\",\"Pascua\"],\"articleSection\":[\"Blog\",\"Strona g\u0142\u00f3wna - najnowsze\",\"Strona g\u0142\u00f3wna - slider\"],\"inLanguage\":\"es\",\"potentialAction\":[{\"@type\":\"CommentAction\",\"name\":\"Comment\",\"target\":[\"https:\/\/jp2doc.pl\/es\/2018\/04\/28\/vivir-unidos-a-la-vid\/#respond\"]}]},{\"@type\":\"WebPage\",\"@id\":\"https:\/\/jp2doc.pl\/es\/2018\/04\/28\/vivir-unidos-a-la-vid\/\",\"url\":\"https:\/\/jp2doc.pl\/es\/2018\/04\/28\/vivir-unidos-a-la-vid\/\",\"name\":\"Vivir unidos a la vid - Centro de Documentaci\u00f3n y Estudios del Pontificado de Juan Pablo II en Roma\",\"isPartOf\":{\"@id\":\"https:\/\/jp2doc.pl\/es\/#website\"},\"primaryImageOfPage\":{\"@id\":\"https:\/\/jp2doc.pl\/es\/2018\/04\/28\/vivir-unidos-a-la-vid\/#primaryimage\"},\"image\":{\"@id\":\"https:\/\/jp2doc.pl\/es\/2018\/04\/28\/vivir-unidos-a-la-vid\/#primaryimage\"},\"thumbnailUrl\":\"https:\/\/jp2doc.pl\/es\/wp-content\/uploads\/sites\/4\/2018\/04\/grapes-1952073_1920.jpg\",\"datePublished\":\"2018-04-28T18:13:25+00:00\",\"breadcrumb\":{\"@id\":\"https:\/\/jp2doc.pl\/es\/2018\/04\/28\/vivir-unidos-a-la-vid\/#breadcrumb\"},\"inLanguage\":\"es\",\"potentialAction\":[{\"@type\":\"ReadAction\",\"target\":[\"https:\/\/jp2doc.pl\/es\/2018\/04\/28\/vivir-unidos-a-la-vid\/\"]}]},{\"@type\":\"ImageObject\",\"inLanguage\":\"es\",\"@id\":\"https:\/\/jp2doc.pl\/es\/2018\/04\/28\/vivir-unidos-a-la-vid\/#primaryimage\",\"url\":\"https:\/\/jp2doc.pl\/es\/wp-content\/uploads\/sites\/4\/2018\/04\/grapes-1952073_1920.jpg\",\"contentUrl\":\"https:\/\/jp2doc.pl\/es\/wp-content\/uploads\/sites\/4\/2018\/04\/grapes-1952073_1920.jpg\",\"width\":1920,\"height\":1280},{\"@type\":\"BreadcrumbList\",\"@id\":\"https:\/\/jp2doc.pl\/es\/2018\/04\/28\/vivir-unidos-a-la-vid\/#breadcrumb\",\"itemListElement\":[{\"@type\":\"ListItem\",\"position\":1,\"name\":\"Home\",\"item\":\"https:\/\/jp2doc.pl\/es\/\"},{\"@type\":\"ListItem\",\"position\":2,\"name\":\"Vivir unidos a la vid\"}]},{\"@type\":\"WebSite\",\"@id\":\"https:\/\/jp2doc.pl\/es\/#website\",\"url\":\"https:\/\/jp2doc.pl\/es\/\",\"name\":\"Centro de Documentaci\u00f3n y Estudios del Pontificado de Juan Pablo II en Roma\",\"description\":\"\",\"publisher\":{\"@id\":\"https:\/\/jp2doc.pl\/es\/#organization\"},\"potentialAction\":[{\"@type\":\"SearchAction\",\"target\":{\"@type\":\"EntryPoint\",\"urlTemplate\":\"https:\/\/jp2doc.pl\/es\/?s={search_term_string}\"},\"query-input\":{\"@type\":\"PropertyValueSpecification\",\"valueRequired\":true,\"valueName\":\"search_term_string\"}}],\"inLanguage\":\"es\"},{\"@type\":\"Organization\",\"@id\":\"https:\/\/jp2doc.pl\/es\/#organization\",\"name\":\"Centro de Documentaci\u00f3n y Estudios del Pontificado de Juan Pablo II en Roma\",\"url\":\"https:\/\/jp2doc.pl\/es\/\",\"logo\":{\"@type\":\"ImageObject\",\"inLanguage\":\"es\",\"@id\":\"https:\/\/jp2doc.pl\/es\/#\/schema\/logo\/image\/\",\"url\":\"https:\/\/jp2doc.pl\/es\/wp-content\/uploads\/sites\/4\/2017\/03\/cropped-logo.png\",\"contentUrl\":\"https:\/\/jp2doc.pl\/es\/wp-content\/uploads\/sites\/4\/2017\/03\/cropped-logo.png\",\"width\":115,\"height\":115,\"caption\":\"Centro de Documentaci\u00f3n y Estudios del Pontificado de Juan Pablo II en Roma\"},\"image\":{\"@id\":\"https:\/\/jp2doc.pl\/es\/#\/schema\/logo\/image\/\"}},{\"@type\":\"Person\",\"@id\":\"https:\/\/jp2doc.pl\/es\/#\/schema\/person\/6110109e80abb51f6fac4824777eabfe\",\"name\":\"juliasercanka\",\"image\":{\"@type\":\"ImageObject\",\"inLanguage\":\"es\",\"@id\":\"https:\/\/jp2doc.pl\/es\/#\/schema\/person\/image\/\",\"url\":\"https:\/\/secure.gravatar.com\/avatar\/266a66e864556e22d55d61b6b10c97fab9060767b738564bcd109f3997e372bc?s=96&d=mm&r=g\",\"contentUrl\":\"https:\/\/secure.gravatar.com\/avatar\/266a66e864556e22d55d61b6b10c97fab9060767b738564bcd109f3997e372bc?s=96&d=mm&r=g\",\"caption\":\"juliasercanka\"},\"url\":\"https:\/\/jp2doc.pl\/es\/author\/juliasercanka\/\"}]}<\/script>\n<!-- \/ Yoast SEO plugin. -->","yoast_head_json":{"title":"Vivir unidos a la vid - Centro de Documentaci\u00f3n y Estudios del Pontificado de Juan Pablo II en Roma","robots":{"index":"index","follow":"follow","max-snippet":"max-snippet:-1","max-image-preview":"max-image-preview:large","max-video-preview":"max-video-preview:-1"},"canonical":"https:\/\/jp2doc.pl\/es\/2018\/04\/28\/vivir-unidos-a-la-vid\/","og_locale":"es_ES","og_type":"article","og_title":"Vivir unidos a la vid - Centro de Documentaci\u00f3n y Estudios del Pontificado de Juan Pablo II en Roma","og_description":"V Domingo de Pascua","og_url":"https:\/\/jp2doc.pl\/es\/2018\/04\/28\/vivir-unidos-a-la-vid\/","og_site_name":"Centro de Documentaci\u00f3n y Estudios del Pontificado de Juan Pablo II en Roma","article_published_time":"2018-04-28T18:13:25+00:00","og_image":[{"width":1920,"height":1280,"url":"https:\/\/jp2doc.pl\/es\/wp-content\/uploads\/sites\/4\/2018\/04\/grapes-1952073_1920.jpg","type":"image\/jpeg"}],"author":"juliasercanka","twitter_card":"summary_large_image","twitter_misc":{"Escrito por":"juliasercanka","Tiempo de lectura":"8 minutos"},"schema":{"@context":"https:\/\/schema.org","@graph":[{"@type":"Article","@id":"https:\/\/jp2doc.pl\/es\/2018\/04\/28\/vivir-unidos-a-la-vid\/#article","isPartOf":{"@id":"https:\/\/jp2doc.pl\/es\/2018\/04\/28\/vivir-unidos-a-la-vid\/"},"author":{"name":"juliasercanka","@id":"https:\/\/jp2doc.pl\/es\/#\/schema\/person\/6110109e80abb51f6fac4824777eabfe"},"headline":"Vivir unidos a la vid","datePublished":"2018-04-28T18:13:25+00:00","mainEntityOfPage":{"@id":"https:\/\/jp2doc.pl\/es\/2018\/04\/28\/vivir-unidos-a-la-vid\/"},"wordCount":1696,"commentCount":0,"publisher":{"@id":"https:\/\/jp2doc.pl\/es\/#organization"},"image":{"@id":"https:\/\/jp2doc.pl\/es\/2018\/04\/28\/vivir-unidos-a-la-vid\/#primaryimage"},"thumbnailUrl":"https:\/\/jp2doc.pl\/es\/wp-content\/uploads\/sites\/4\/2018\/04\/grapes-1952073_1920.jpg","keywords":["Francisca_Sierra_G\u00f3mez","Pascua"],"articleSection":["Blog","Strona g\u0142\u00f3wna - najnowsze","Strona g\u0142\u00f3wna - slider"],"inLanguage":"es","potentialAction":[{"@type":"CommentAction","name":"Comment","target":["https:\/\/jp2doc.pl\/es\/2018\/04\/28\/vivir-unidos-a-la-vid\/#respond"]}]},{"@type":"WebPage","@id":"https:\/\/jp2doc.pl\/es\/2018\/04\/28\/vivir-unidos-a-la-vid\/","url":"https:\/\/jp2doc.pl\/es\/2018\/04\/28\/vivir-unidos-a-la-vid\/","name":"Vivir unidos a la vid - Centro de Documentaci\u00f3n y Estudios del Pontificado de Juan Pablo II en Roma","isPartOf":{"@id":"https:\/\/jp2doc.pl\/es\/#website"},"primaryImageOfPage":{"@id":"https:\/\/jp2doc.pl\/es\/2018\/04\/28\/vivir-unidos-a-la-vid\/#primaryimage"},"image":{"@id":"https:\/\/jp2doc.pl\/es\/2018\/04\/28\/vivir-unidos-a-la-vid\/#primaryimage"},"thumbnailUrl":"https:\/\/jp2doc.pl\/es\/wp-content\/uploads\/sites\/4\/2018\/04\/grapes-1952073_1920.jpg","datePublished":"2018-04-28T18:13:25+00:00","breadcrumb":{"@id":"https:\/\/jp2doc.pl\/es\/2018\/04\/28\/vivir-unidos-a-la-vid\/#breadcrumb"},"inLanguage":"es","potentialAction":[{"@type":"ReadAction","target":["https:\/\/jp2doc.pl\/es\/2018\/04\/28\/vivir-unidos-a-la-vid\/"]}]},{"@type":"ImageObject","inLanguage":"es","@id":"https:\/\/jp2doc.pl\/es\/2018\/04\/28\/vivir-unidos-a-la-vid\/#primaryimage","url":"https:\/\/jp2doc.pl\/es\/wp-content\/uploads\/sites\/4\/2018\/04\/grapes-1952073_1920.jpg","contentUrl":"https:\/\/jp2doc.pl\/es\/wp-content\/uploads\/sites\/4\/2018\/04\/grapes-1952073_1920.jpg","width":1920,"height":1280},{"@type":"BreadcrumbList","@id":"https:\/\/jp2doc.pl\/es\/2018\/04\/28\/vivir-unidos-a-la-vid\/#breadcrumb","itemListElement":[{"@type":"ListItem","position":1,"name":"Home","item":"https:\/\/jp2doc.pl\/es\/"},{"@type":"ListItem","position":2,"name":"Vivir unidos a la vid"}]},{"@type":"WebSite","@id":"https:\/\/jp2doc.pl\/es\/#website","url":"https:\/\/jp2doc.pl\/es\/","name":"Centro de Documentaci\u00f3n y Estudios del Pontificado de Juan Pablo II en Roma","description":"","publisher":{"@id":"https:\/\/jp2doc.pl\/es\/#organization"},"potentialAction":[{"@type":"SearchAction","target":{"@type":"EntryPoint","urlTemplate":"https:\/\/jp2doc.pl\/es\/?s={search_term_string}"},"query-input":{"@type":"PropertyValueSpecification","valueRequired":true,"valueName":"search_term_string"}}],"inLanguage":"es"},{"@type":"Organization","@id":"https:\/\/jp2doc.pl\/es\/#organization","name":"Centro de Documentaci\u00f3n y Estudios del Pontificado de Juan Pablo II en Roma","url":"https:\/\/jp2doc.pl\/es\/","logo":{"@type":"ImageObject","inLanguage":"es","@id":"https:\/\/jp2doc.pl\/es\/#\/schema\/logo\/image\/","url":"https:\/\/jp2doc.pl\/es\/wp-content\/uploads\/sites\/4\/2017\/03\/cropped-logo.png","contentUrl":"https:\/\/jp2doc.pl\/es\/wp-content\/uploads\/sites\/4\/2017\/03\/cropped-logo.png","width":115,"height":115,"caption":"Centro de Documentaci\u00f3n y Estudios del Pontificado de Juan Pablo II en Roma"},"image":{"@id":"https:\/\/jp2doc.pl\/es\/#\/schema\/logo\/image\/"}},{"@type":"Person","@id":"https:\/\/jp2doc.pl\/es\/#\/schema\/person\/6110109e80abb51f6fac4824777eabfe","name":"juliasercanka","image":{"@type":"ImageObject","inLanguage":"es","@id":"https:\/\/jp2doc.pl\/es\/#\/schema\/person\/image\/","url":"https:\/\/secure.gravatar.com\/avatar\/266a66e864556e22d55d61b6b10c97fab9060767b738564bcd109f3997e372bc?s=96&d=mm&r=g","contentUrl":"https:\/\/secure.gravatar.com\/avatar\/266a66e864556e22d55d61b6b10c97fab9060767b738564bcd109f3997e372bc?s=96&d=mm&r=g","caption":"juliasercanka"},"url":"https:\/\/jp2doc.pl\/es\/author\/juliasercanka\/"}]}},"_links":{"self":[{"href":"https:\/\/jp2doc.pl\/es\/wp-json\/wp\/v2\/posts\/1392","targetHints":{"allow":["GET"]}}],"collection":[{"href":"https:\/\/jp2doc.pl\/es\/wp-json\/wp\/v2\/posts"}],"about":[{"href":"https:\/\/jp2doc.pl\/es\/wp-json\/wp\/v2\/types\/post"}],"author":[{"embeddable":true,"href":"https:\/\/jp2doc.pl\/es\/wp-json\/wp\/v2\/users\/5"}],"replies":[{"embeddable":true,"href":"https:\/\/jp2doc.pl\/es\/wp-json\/wp\/v2\/comments?post=1392"}],"version-history":[{"count":2,"href":"https:\/\/jp2doc.pl\/es\/wp-json\/wp\/v2\/posts\/1392\/revisions"}],"predecessor-version":[{"id":1395,"href":"https:\/\/jp2doc.pl\/es\/wp-json\/wp\/v2\/posts\/1392\/revisions\/1395"}],"wp:featuredmedia":[{"embeddable":true,"href":"https:\/\/jp2doc.pl\/es\/wp-json\/wp\/v2\/media\/1393"}],"wp:attachment":[{"href":"https:\/\/jp2doc.pl\/es\/wp-json\/wp\/v2\/media?parent=1392"}],"wp:term":[{"taxonomy":"category","embeddable":true,"href":"https:\/\/jp2doc.pl\/es\/wp-json\/wp\/v2\/categories?post=1392"},{"taxonomy":"post_tag","embeddable":true,"href":"https:\/\/jp2doc.pl\/es\/wp-json\/wp\/v2\/tags?post=1392"}],"curies":[{"name":"wp","href":"https:\/\/api.w.org\/{rel}","templated":true}]}}