{"id":1396,"date":"2018-05-04T20:14:29","date_gmt":"2018-05-04T18:14:29","guid":{"rendered":"http:\/\/jp2doc.pl\/es\/?p=1396"},"modified":"2018-05-04T20:14:29","modified_gmt":"2018-05-04T18:14:29","slug":"amaos-unos-a-otros-como-yo-os-he-amado","status":"publish","type":"post","link":"https:\/\/jp2doc.pl\/es\/2018\/05\/04\/amaos-unos-a-otros-como-yo-os-he-amado\/","title":{"rendered":"Amaos unos a otros como yo os he amado&#8230;"},"content":{"rendered":"<p>Jn 15,9-17<\/p>\n<p>Querido amigo: Hoy t\u00fa y yo nos vamos al Cen\u00e1culo nuevamente. Jes\u00fas se est\u00e1 despidiendo con dolor, con amor, con sentimiento, con tristeza, y les da a sus disc\u00edpulos las \u00faltimas recomendaciones, les da el \u00faltimo discurso que ellos podr\u00e1n o\u00edr de \u00c9l en la tierra. T\u00fa y yo, presentes all\u00ed, en esta escena, o\u00edmos el calor, el sentimiento y las palabras de Jes\u00fas; y vemos tambi\u00e9n c\u00f3mo los disc\u00edpulos y c\u00f3mo nosotros nos quedamos sobrecogidos y admirados y tristes, pero a la vez agradecidos, de las palabras que nos dice Jes\u00fas, sus \u00faltimas palabras, su testamento. Vamos a escucharlo en el texto de Juan 15,9-17:<\/p>\n<blockquote><p>Como el Padre me am\u00f3, as\u00ed os he amado Yo; permaneced en mi amor. Si guard\u00e1is mis mandamientos, permanecer\u00e9is en mi amor, como Yo he guardado los mandamientos de mi Padre y permanezco en su amor. Estas cosas las he dicho para que mi gozo est\u00e9 en vosotros y vuestra alegr\u00eda sea completa. \u00c9ste es mi mandamiento: que os am\u00e9is unos a otros como Yo os he amado. Nadie tiene amor m\u00e1s grande que el que da la vida por sus amigos. Vosotros sois mis amigos, si hac\u00e9is lo que Yo os mando. Ya no os llamo siervos, porque el siervo no sabe qu\u00e9 hace su se\u00f1or. A vosotros os he llamado amigos porque os he dado a conocer todo lo que he o\u00eddo a mi Padre. No me hab\u00e9is elegido vosotros a m\u00ed, sino que Yo os eleg\u00ed y os he destinado para que vay\u00e1is y deis fruto y vuestro fruto permanezca, para que todo lo que pid\u00e1is al Padre en mi nombre os lo conceda. Esto os mando: que os am\u00e9is unos a otros.<\/p><\/blockquote>\n<p>Bien, querido amigo, Jes\u00fas nos ha expresado todo lo que siente y todo lo que tiene en estos momentos su Coraz\u00f3n. Pero yo creo que en este encuentro conviene que oigamos c\u00f3mo se dirige Jes\u00fas a nosotros y a sus disc\u00edpulos, y nos comenta lo que \u00c9l siente: \u201cMirad \u2014nos dice\u2014, os amo tanto\u2026 me da tanta pena dejaros, que Yo no puedo irme y quiero estar con vosotros. Pero mirad, os amo como mi Padre me ha amado y para estar con vosotros s\u00f3lo os digo una cosa: permaneced en mi amor. \u00abPero \u00bfc\u00f3mo?\u00bb, me dir\u00e9is. Si guardas mis mandamientos, permaneces en mi amor \u2014nos dir\u00e1 a cada uno y nos dice a ti y a m\u00ed\u2014. Yo he guardado los mandamientos que mi Padre me ha dicho y permanezco en su amor. Y he sido alegre y he sido feliz, y esta alegr\u00eda os la quiero comunicar, para que vosotros, llenos de esta felicidad, se\u00e1is plenos en vuestra vida.<\/p>\n<p>\u00bbMira \u2014te dice a ti y a m\u00ed\u2014, \u00e9ste es mi \u00fanico mandamiento nuevo: que os am\u00e9is unos a otros como Yo os he amado. No quiero nada m\u00e1s. En esto Yo s\u00e9 que me est\u00e1is queriendo, que permanec\u00e9is en mi amor, que est\u00e1is conmigo. Pero es un amor nuevo, un mandamiento nuevo, porque lleva el matiz de \u00abcomo Yo os he amado\u00bb: hasta la muerte, hasta entregar mi vida. Y nadie tiene m\u00e1s amor que el que da la vida por sus amigos. Vosotros no sois siervos \u2014t\u00fa y yo tambi\u00e9n, nos dice Jes\u00fas\u2014, t\u00fa no eres siervo, eres mi amigo. Pero mira, eres mi amigo porque Yo te he elegido y Yo os he elegido. Y os he elegido para que viv\u00e1is en mi amor y vuestra vida d\u00e9 fruto. Pero no pod\u00e9is dar fruto si no os am\u00e1is unos a otros. No dud\u00e9is: amaos unos a otros como Yo os he amado\u201d.<\/p>\n<p>Estas palabras de Jes\u00fas, que las o\u00edmos en nuestro coraz\u00f3n y que las sentimos tambi\u00e9n y vemos con qu\u00e9 cari\u00f1o nos lo dice, calan en nuestro interior y vemos el mucho amor que nos tiene Jes\u00fas y el amor que nos deja de su Padre. Y me dice: \u201cYo soy Amor, puramente Amor, totalmente Amor. Mi Padre ha creado el mundo por amor. Tiene providencia y cuidado de cada uno de vosotros por amor. Si juzgo, si veo\u2026 si veo lo que haces, te miro con mucho amor, te perdono, porque te amo. En esto quiero que comprendas que Yo soy el Amor. Y mi amor ha sido tanto que he dado mi vida por ti, y la he dado hasta la muerte. Por esto hoy te digo: s\u00e9 amor, siembra amor. Donde vayas, siembra amor\u201d.<\/p>\n<p>Querido amigo, ante estas palabras de Jes\u00fas entramos en pleno silencio, las o\u00edmos de nuevo en nuestro coraz\u00f3n y volvemos a nuestra propia vida con ese sentido que Jes\u00fas me ha dicho que nos quiere. Y me pregunto y pienso un poco en c\u00f3mo yo puedo ser amor y c\u00f3mo yo puedo amar (en esa apreciaci\u00f3n de lo que es el verbo \u00abamar\u00bb: amar, que significa estimar, apreciar, aceptar). \u201cAmaos\u2026 \u2014este mandamiento nuevo que me da Jes\u00fas\u2014 \u2026amaos unos a otros\u201d. Y es un mandato. Y ese mandato lo quiero cumplir en mi vida. A veces tengo pena del poco amor que tengo ni a Jes\u00fas ni a los dem\u00e1s. Tengo un amor vac\u00edo y T\u00fa quieres que sea un amor nuevo. Cu\u00e1ntas veces estoy acurrucada bajo el caparaz\u00f3n de mi \u00abyo\u00bb y si me miro, mi norte soy yo, mi sur soy yo, mi este soy yo y mi oeste soy yo. Pero cuando T\u00fa me das la gracia de salir de este caparaz\u00f3n, cuando me doy cuenta de lo que T\u00fa me est\u00e1s queriendo y c\u00f3mo yo act\u00fao y decido, con tu gracia, salir\u2026 todo son ventanas, todo es luz, todo es nuevos rostros: veo el sufrimiento en el otro, veo el dolor, veo la humanidad. No tendr\u00e9 que o\u00edr esa queja: \u201cApartaos de m\u00ed porque tuve hambre y no me diste de comer, estuve enfermo, sediento, etc.\u201d<\/p>\n<p>Recuerdo tambi\u00e9n en \u00c9feso, cuando San Juan era muy ancianito, y era llevado en una silla a la iglesia y repet\u00eda: \u201cHijitos m\u00edos, amaos los unos a los otros\u201d. Cansados de o\u00edrle decir siempre el mismo tema, le dijeron: \u201cMaestro, pero \u00bfpor qu\u00e9 dices siempre lo mismo?\u201d. \u201cPorque es lo \u00fanico que el Se\u00f1or nos ha dejado. Si se cumple esto, basta\u201d.<\/p>\n<p>Querido amigo, hoy t\u00fa y yo nos vamos a cuestionar fuertemente el amor, y vamos a coger ese testamento de ese Jes\u00fas bueno que tanto me quiere y vamos a pedirle que nos haga sembradores de amor, instrumentos de amor. Que el entorno, las circunstancias, las oportunidades sean para m\u00ed un crecer en el amor. Porque como dice la canci\u00f3n: \u201cAmar es entregarse \/ pensando en los dem\u00e1s, \/ buscando lo que a los otros \/ les da la felicidad\u201d. Y ese coro que repet\u00eda: \u201c\u00a1Qu\u00e9 lindo es vivir para amar! \/ \u00a1Qu\u00e9 lindo es tener para dar! \/ Dar alegr\u00eda y felicidad, \/ darse uno mismo: \/ eso es amar. \/ Si amas como a ti mismo \/ pensando en los dem\u00e1s, \/ ver\u00e1s que no hay ego\u00edsmo \/ que no puedas superar\u201d. Esa canci\u00f3n de Amar es entregarse resuena hoy en nuestro encuentro.<\/p>\n<p>Y no nos podemos apartar del Cen\u00e1culo. Siempre que nos apartamos del Coraz\u00f3n de Dios, del Coraz\u00f3n de Jes\u00fas, entramos en un proceso de raciocinio, de pensar. Pero no, yo no me puedo ir de tu Coraz\u00f3n, de ver c\u00f3mo est\u00e1s, de lo que sientes; la alegr\u00eda de darles esta entrega, este testamento; la alegr\u00eda de que les has dejado la Eucarist\u00eda, todo lo que les has dejado. Y me lo ha dejado a m\u00ed tambi\u00e9n. Por eso yo en este encuentro, contigo ah\u00ed, Jes\u00fas, despu\u00e9s de escucharte\u2026 y quedarme muy en silencio\u2026 escuchando a ese Jes\u00fas que me dice: \u201cS\u00ed, hijo m\u00edo, hija m\u00eda, amaos\u2026 ama, acepta, quiere, enfoca tu vida hacia el amor, s\u00e9 tolerante, perdona, supera las heridas de los dem\u00e1s, ac\u00f3gete al perd\u00f3n, ten fruto\u2026 Os he elegido para que deis fruto.\u201d<\/p>\n<p>S\u00ed, Jes\u00fas, que yo me d\u00e9 cuenta de esa soledad de los que est\u00e1n a mi lado y que los llene de amor, que los llene de la presencia tuya. Y, Se\u00f1or, en cada circunstancia, en cada oportunidad, que aproveche todo y que sea un instrumento de amor. Y cuando me veas que me siento tentado a impacientarme, p\u00e1rame; ay\u00fadame a ser paciente. Cuando me sienta tentada a convertirme en una persona desagradable, hosca, seria, sin calor, ay\u00fadame a ser bueno. Cuando me sienta tentada a ponerme con ira, ay\u00fadame a ser tolerante. Y cuando me crea que soy algo m\u00e1s y sea jactanciosa, ay\u00fadame a ver tu gloria y a darte tu gloria. Que no sea ego\u00edsta, dame el don de la ternura. Cuando me sienta tentada a ofenderte y a ofender a los dem\u00e1s, ay\u00fadame a darme cuenta y a no ser as\u00ed. Ay\u00fadame a tener el don del perd\u00f3n, que yo siempre sepa amar, que sepa quitar el juicio, la cr\u00edtica; que vea lo bueno, como T\u00fa.<\/p>\n<p>\u201cAmaos\u2026\u201d. Amar es crear lazos, amar es apreciar al otro, amar es estimar al otro sin ninguna excepci\u00f3n. Somos don del amor y el don es para entregarlo. Todo don viene de ti y T\u00fa eres mi \u00fanico don. \u201cAmaos\u2026\u201d. Que yo ame as\u00ed y que sepa acoger ese testamento, que lo guarde en mi coraz\u00f3n, que lo selle, que no lo pierda nunca, que lo abra muchas veces y lo vea y lo lea, y que T\u00fa me lo leas y me lo digas. Que te recuerde siempre\u2026 que s\u00f3lo a ti se te puede encontrar amando. El amor es tan bonito, pero tan sutil\u2026 Se pierde tan pronto\u2026, se empa\u00f1a tan pronto\u2026, es tan cristalino\u2026<\/p>\n<p>Querido amigo, t\u00fa y yo todas las noches nos tenemos que examinar del amor y no pasar m\u00e1s de unos d\u00edas sin volver a leer ese testamento del amor de Jes\u00fas. Que yo sepa tambi\u00e9n orar, amar, aceptar, querer, perdonar y llenar todo de la presencia de tu amor. Gracias por este testamento, Jes\u00fas. Gracias por todo lo que me est\u00e1s diciendo en esta Cena.<\/p>\n<p>Me quedo pensando contigo, mir\u00e1ndote, viendo el gran amor que tienes, viendo el exceso de amor que tienes en estos momentos, y c\u00f3mo no te quieres separar de cada uno de nosotros; y viendo tambi\u00e9n mi debilidad y lo in\u00fatil que soy. Pero soy feliz porque s\u00e9 que tu amor misericordioso fortalece mi fragilidad. Siempre sabr\u00e9 aprender a amar, caer, levantarme. Pero siempre llevar\u00e9 en mi coraz\u00f3n, ah\u00ed, bien cerradito, bien metidito, el tesoro de tu testamento, que s\u00f3lo dice: \u201cAmaos unos a otros. Quiere como Yo he querido y os quiero hasta dar la vida en cada momento, y deja tu \u00abyo\u00bb para fundirte en el amor de los dem\u00e1s\u201d. Gracias, Jes\u00fas, por este bell\u00edsimo testamento de amor. Me quedo ah\u00ed en silencio, en el Cen\u00e1culo de tu Coraz\u00f3n, con todos los disc\u00edpulos, saboreando, agradeci\u00e9ndote, pidi\u00e9ndote fuerza, aprendiendo a convertir la vida en una canci\u00f3n de amor continua. Que as\u00ed sea.<\/p>\n<p><strong>\u00a0Francisca Sierra G\u00f3mez<\/strong>, Celadoras del Reinado del Coraz\u00f3n de Jes\u00fas.<\/p>\n<p>&nbsp;<\/p>\n","protected":false},"excerpt":{"rendered":"<p>VI Domingo de Pascua<\/p>\n","protected":false},"author":5,"featured_media":1397,"comment_status":"open","ping_status":"open","sticky":false,"template":"","format":"standard","meta":{"_acf_changed":false,"_exactmetrics_skip_tracking":false,"_exactmetrics_sitenote_active":false,"_exactmetrics_sitenote_note":"","_exactmetrics_sitenote_category":0,"footnotes":""},"categories":[4,13,14],"tags":[119,118,73],"class_list":["post-1396","post","type-post","status-publish","format-standard","has-post-thumbnail","hentry","category-blog","category-strona-glowna-najnowsze","category-strona-glowna-slider","tag-amor","tag-cenaculo","tag-francisca-sierra-gomez"],"acf":[],"yoast_head":"<!-- This site is optimized with the Yoast SEO plugin v26.2 - https:\/\/yoast.com\/wordpress\/plugins\/seo\/ -->\n<title>Amaos unos a otros como yo os he amado... - Centro de Documentaci\u00f3n y Estudios del Pontificado de Juan Pablo II en Roma<\/title>\n<meta name=\"robots\" content=\"index, follow, max-snippet:-1, max-image-preview:large, max-video-preview:-1\" \/>\n<link rel=\"canonical\" href=\"https:\/\/jp2doc.pl\/es\/2018\/05\/04\/amaos-unos-a-otros-como-yo-os-he-amado\/\" \/>\n<meta property=\"og:locale\" content=\"es_ES\" \/>\n<meta property=\"og:type\" content=\"article\" \/>\n<meta property=\"og:title\" content=\"Amaos unos a otros como yo os he amado... - Centro de Documentaci\u00f3n y Estudios del Pontificado de Juan Pablo II en Roma\" \/>\n<meta property=\"og:description\" content=\"VI Domingo de Pascua\" \/>\n<meta property=\"og:url\" content=\"https:\/\/jp2doc.pl\/es\/2018\/05\/04\/amaos-unos-a-otros-como-yo-os-he-amado\/\" \/>\n<meta property=\"og:site_name\" content=\"Centro de Documentaci\u00f3n y Estudios del Pontificado de Juan Pablo II en Roma\" \/>\n<meta property=\"article:published_time\" content=\"2018-05-04T18:14:29+00:00\" \/>\n<meta property=\"og:image\" content=\"https:\/\/jp2doc.pl\/es\/wp-content\/uploads\/sites\/4\/2018\/05\/11003.jpg\" \/>\n\t<meta property=\"og:image:width\" content=\"1703\" \/>\n\t<meta property=\"og:image:height\" content=\"862\" \/>\n\t<meta property=\"og:image:type\" content=\"image\/jpeg\" \/>\n<meta name=\"author\" content=\"juliasercanka\" \/>\n<meta name=\"twitter:card\" content=\"summary_large_image\" \/>\n<meta name=\"twitter:label1\" content=\"Escrito por\" \/>\n\t<meta name=\"twitter:data1\" content=\"juliasercanka\" \/>\n\t<meta name=\"twitter:label2\" content=\"Tiempo de lectura\" \/>\n\t<meta name=\"twitter:data2\" content=\"10 minutos\" \/>\n<script type=\"application\/ld+json\" class=\"yoast-schema-graph\">{\"@context\":\"https:\/\/schema.org\",\"@graph\":[{\"@type\":\"Article\",\"@id\":\"https:\/\/jp2doc.pl\/es\/2018\/05\/04\/amaos-unos-a-otros-como-yo-os-he-amado\/#article\",\"isPartOf\":{\"@id\":\"https:\/\/jp2doc.pl\/es\/2018\/05\/04\/amaos-unos-a-otros-como-yo-os-he-amado\/\"},\"author\":{\"name\":\"juliasercanka\",\"@id\":\"https:\/\/jp2doc.pl\/es\/#\/schema\/person\/6110109e80abb51f6fac4824777eabfe\"},\"headline\":\"Amaos unos a otros como yo os he amado&#8230;\",\"datePublished\":\"2018-05-04T18:14:29+00:00\",\"mainEntityOfPage\":{\"@id\":\"https:\/\/jp2doc.pl\/es\/2018\/05\/04\/amaos-unos-a-otros-como-yo-os-he-amado\/\"},\"wordCount\":1968,\"commentCount\":0,\"publisher\":{\"@id\":\"https:\/\/jp2doc.pl\/es\/#organization\"},\"image\":{\"@id\":\"https:\/\/jp2doc.pl\/es\/2018\/05\/04\/amaos-unos-a-otros-como-yo-os-he-amado\/#primaryimage\"},\"thumbnailUrl\":\"https:\/\/jp2doc.pl\/es\/wp-content\/uploads\/sites\/4\/2018\/05\/11003.jpg\",\"keywords\":[\"amor\",\"Cen\u00e1culo\",\"Francisca Sierra G\u00f3mez\"],\"articleSection\":[\"Blog\",\"Strona g\u0142\u00f3wna - najnowsze\",\"Strona g\u0142\u00f3wna - slider\"],\"inLanguage\":\"es\",\"potentialAction\":[{\"@type\":\"CommentAction\",\"name\":\"Comment\",\"target\":[\"https:\/\/jp2doc.pl\/es\/2018\/05\/04\/amaos-unos-a-otros-como-yo-os-he-amado\/#respond\"]}]},{\"@type\":\"WebPage\",\"@id\":\"https:\/\/jp2doc.pl\/es\/2018\/05\/04\/amaos-unos-a-otros-como-yo-os-he-amado\/\",\"url\":\"https:\/\/jp2doc.pl\/es\/2018\/05\/04\/amaos-unos-a-otros-como-yo-os-he-amado\/\",\"name\":\"Amaos unos a otros como yo os he amado... - Centro de Documentaci\u00f3n y Estudios del Pontificado de Juan Pablo II en Roma\",\"isPartOf\":{\"@id\":\"https:\/\/jp2doc.pl\/es\/#website\"},\"primaryImageOfPage\":{\"@id\":\"https:\/\/jp2doc.pl\/es\/2018\/05\/04\/amaos-unos-a-otros-como-yo-os-he-amado\/#primaryimage\"},\"image\":{\"@id\":\"https:\/\/jp2doc.pl\/es\/2018\/05\/04\/amaos-unos-a-otros-como-yo-os-he-amado\/#primaryimage\"},\"thumbnailUrl\":\"https:\/\/jp2doc.pl\/es\/wp-content\/uploads\/sites\/4\/2018\/05\/11003.jpg\",\"datePublished\":\"2018-05-04T18:14:29+00:00\",\"breadcrumb\":{\"@id\":\"https:\/\/jp2doc.pl\/es\/2018\/05\/04\/amaos-unos-a-otros-como-yo-os-he-amado\/#breadcrumb\"},\"inLanguage\":\"es\",\"potentialAction\":[{\"@type\":\"ReadAction\",\"target\":[\"https:\/\/jp2doc.pl\/es\/2018\/05\/04\/amaos-unos-a-otros-como-yo-os-he-amado\/\"]}]},{\"@type\":\"ImageObject\",\"inLanguage\":\"es\",\"@id\":\"https:\/\/jp2doc.pl\/es\/2018\/05\/04\/amaos-unos-a-otros-como-yo-os-he-amado\/#primaryimage\",\"url\":\"https:\/\/jp2doc.pl\/es\/wp-content\/uploads\/sites\/4\/2018\/05\/11003.jpg\",\"contentUrl\":\"https:\/\/jp2doc.pl\/es\/wp-content\/uploads\/sites\/4\/2018\/05\/11003.jpg\",\"width\":1703,\"height\":862},{\"@type\":\"BreadcrumbList\",\"@id\":\"https:\/\/jp2doc.pl\/es\/2018\/05\/04\/amaos-unos-a-otros-como-yo-os-he-amado\/#breadcrumb\",\"itemListElement\":[{\"@type\":\"ListItem\",\"position\":1,\"name\":\"Home\",\"item\":\"https:\/\/jp2doc.pl\/es\/\"},{\"@type\":\"ListItem\",\"position\":2,\"name\":\"Amaos unos a otros como yo os he amado&#8230;\"}]},{\"@type\":\"WebSite\",\"@id\":\"https:\/\/jp2doc.pl\/es\/#website\",\"url\":\"https:\/\/jp2doc.pl\/es\/\",\"name\":\"Centro de Documentaci\u00f3n y Estudios del Pontificado de Juan Pablo II en Roma\",\"description\":\"\",\"publisher\":{\"@id\":\"https:\/\/jp2doc.pl\/es\/#organization\"},\"potentialAction\":[{\"@type\":\"SearchAction\",\"target\":{\"@type\":\"EntryPoint\",\"urlTemplate\":\"https:\/\/jp2doc.pl\/es\/?s={search_term_string}\"},\"query-input\":{\"@type\":\"PropertyValueSpecification\",\"valueRequired\":true,\"valueName\":\"search_term_string\"}}],\"inLanguage\":\"es\"},{\"@type\":\"Organization\",\"@id\":\"https:\/\/jp2doc.pl\/es\/#organization\",\"name\":\"Centro de Documentaci\u00f3n y Estudios del Pontificado de Juan Pablo II en Roma\",\"url\":\"https:\/\/jp2doc.pl\/es\/\",\"logo\":{\"@type\":\"ImageObject\",\"inLanguage\":\"es\",\"@id\":\"https:\/\/jp2doc.pl\/es\/#\/schema\/logo\/image\/\",\"url\":\"https:\/\/jp2doc.pl\/es\/wp-content\/uploads\/sites\/4\/2017\/03\/cropped-logo.png\",\"contentUrl\":\"https:\/\/jp2doc.pl\/es\/wp-content\/uploads\/sites\/4\/2017\/03\/cropped-logo.png\",\"width\":115,\"height\":115,\"caption\":\"Centro de Documentaci\u00f3n y Estudios del Pontificado de Juan Pablo II en Roma\"},\"image\":{\"@id\":\"https:\/\/jp2doc.pl\/es\/#\/schema\/logo\/image\/\"}},{\"@type\":\"Person\",\"@id\":\"https:\/\/jp2doc.pl\/es\/#\/schema\/person\/6110109e80abb51f6fac4824777eabfe\",\"name\":\"juliasercanka\",\"image\":{\"@type\":\"ImageObject\",\"inLanguage\":\"es\",\"@id\":\"https:\/\/jp2doc.pl\/es\/#\/schema\/person\/image\/\",\"url\":\"https:\/\/secure.gravatar.com\/avatar\/266a66e864556e22d55d61b6b10c97fab9060767b738564bcd109f3997e372bc?s=96&d=mm&r=g\",\"contentUrl\":\"https:\/\/secure.gravatar.com\/avatar\/266a66e864556e22d55d61b6b10c97fab9060767b738564bcd109f3997e372bc?s=96&d=mm&r=g\",\"caption\":\"juliasercanka\"},\"url\":\"https:\/\/jp2doc.pl\/es\/author\/juliasercanka\/\"}]}<\/script>\n<!-- \/ Yoast SEO plugin. -->","yoast_head_json":{"title":"Amaos unos a otros como yo os he amado... - Centro de Documentaci\u00f3n y Estudios del Pontificado de Juan Pablo II en Roma","robots":{"index":"index","follow":"follow","max-snippet":"max-snippet:-1","max-image-preview":"max-image-preview:large","max-video-preview":"max-video-preview:-1"},"canonical":"https:\/\/jp2doc.pl\/es\/2018\/05\/04\/amaos-unos-a-otros-como-yo-os-he-amado\/","og_locale":"es_ES","og_type":"article","og_title":"Amaos unos a otros como yo os he amado... - Centro de Documentaci\u00f3n y Estudios del Pontificado de Juan Pablo II en Roma","og_description":"VI Domingo de Pascua","og_url":"https:\/\/jp2doc.pl\/es\/2018\/05\/04\/amaos-unos-a-otros-como-yo-os-he-amado\/","og_site_name":"Centro de Documentaci\u00f3n y Estudios del Pontificado de Juan Pablo II en Roma","article_published_time":"2018-05-04T18:14:29+00:00","og_image":[{"width":1703,"height":862,"url":"https:\/\/jp2doc.pl\/es\/wp-content\/uploads\/sites\/4\/2018\/05\/11003.jpg","type":"image\/jpeg"}],"author":"juliasercanka","twitter_card":"summary_large_image","twitter_misc":{"Escrito por":"juliasercanka","Tiempo de lectura":"10 minutos"},"schema":{"@context":"https:\/\/schema.org","@graph":[{"@type":"Article","@id":"https:\/\/jp2doc.pl\/es\/2018\/05\/04\/amaos-unos-a-otros-como-yo-os-he-amado\/#article","isPartOf":{"@id":"https:\/\/jp2doc.pl\/es\/2018\/05\/04\/amaos-unos-a-otros-como-yo-os-he-amado\/"},"author":{"name":"juliasercanka","@id":"https:\/\/jp2doc.pl\/es\/#\/schema\/person\/6110109e80abb51f6fac4824777eabfe"},"headline":"Amaos unos a otros como yo os he amado&#8230;","datePublished":"2018-05-04T18:14:29+00:00","mainEntityOfPage":{"@id":"https:\/\/jp2doc.pl\/es\/2018\/05\/04\/amaos-unos-a-otros-como-yo-os-he-amado\/"},"wordCount":1968,"commentCount":0,"publisher":{"@id":"https:\/\/jp2doc.pl\/es\/#organization"},"image":{"@id":"https:\/\/jp2doc.pl\/es\/2018\/05\/04\/amaos-unos-a-otros-como-yo-os-he-amado\/#primaryimage"},"thumbnailUrl":"https:\/\/jp2doc.pl\/es\/wp-content\/uploads\/sites\/4\/2018\/05\/11003.jpg","keywords":["amor","Cen\u00e1culo","Francisca Sierra G\u00f3mez"],"articleSection":["Blog","Strona g\u0142\u00f3wna - najnowsze","Strona g\u0142\u00f3wna - slider"],"inLanguage":"es","potentialAction":[{"@type":"CommentAction","name":"Comment","target":["https:\/\/jp2doc.pl\/es\/2018\/05\/04\/amaos-unos-a-otros-como-yo-os-he-amado\/#respond"]}]},{"@type":"WebPage","@id":"https:\/\/jp2doc.pl\/es\/2018\/05\/04\/amaos-unos-a-otros-como-yo-os-he-amado\/","url":"https:\/\/jp2doc.pl\/es\/2018\/05\/04\/amaos-unos-a-otros-como-yo-os-he-amado\/","name":"Amaos unos a otros como yo os he amado... - Centro de Documentaci\u00f3n y Estudios del Pontificado de Juan Pablo II en Roma","isPartOf":{"@id":"https:\/\/jp2doc.pl\/es\/#website"},"primaryImageOfPage":{"@id":"https:\/\/jp2doc.pl\/es\/2018\/05\/04\/amaos-unos-a-otros-como-yo-os-he-amado\/#primaryimage"},"image":{"@id":"https:\/\/jp2doc.pl\/es\/2018\/05\/04\/amaos-unos-a-otros-como-yo-os-he-amado\/#primaryimage"},"thumbnailUrl":"https:\/\/jp2doc.pl\/es\/wp-content\/uploads\/sites\/4\/2018\/05\/11003.jpg","datePublished":"2018-05-04T18:14:29+00:00","breadcrumb":{"@id":"https:\/\/jp2doc.pl\/es\/2018\/05\/04\/amaos-unos-a-otros-como-yo-os-he-amado\/#breadcrumb"},"inLanguage":"es","potentialAction":[{"@type":"ReadAction","target":["https:\/\/jp2doc.pl\/es\/2018\/05\/04\/amaos-unos-a-otros-como-yo-os-he-amado\/"]}]},{"@type":"ImageObject","inLanguage":"es","@id":"https:\/\/jp2doc.pl\/es\/2018\/05\/04\/amaos-unos-a-otros-como-yo-os-he-amado\/#primaryimage","url":"https:\/\/jp2doc.pl\/es\/wp-content\/uploads\/sites\/4\/2018\/05\/11003.jpg","contentUrl":"https:\/\/jp2doc.pl\/es\/wp-content\/uploads\/sites\/4\/2018\/05\/11003.jpg","width":1703,"height":862},{"@type":"BreadcrumbList","@id":"https:\/\/jp2doc.pl\/es\/2018\/05\/04\/amaos-unos-a-otros-como-yo-os-he-amado\/#breadcrumb","itemListElement":[{"@type":"ListItem","position":1,"name":"Home","item":"https:\/\/jp2doc.pl\/es\/"},{"@type":"ListItem","position":2,"name":"Amaos unos a otros como yo os he amado&#8230;"}]},{"@type":"WebSite","@id":"https:\/\/jp2doc.pl\/es\/#website","url":"https:\/\/jp2doc.pl\/es\/","name":"Centro de Documentaci\u00f3n y Estudios del Pontificado de Juan Pablo II en Roma","description":"","publisher":{"@id":"https:\/\/jp2doc.pl\/es\/#organization"},"potentialAction":[{"@type":"SearchAction","target":{"@type":"EntryPoint","urlTemplate":"https:\/\/jp2doc.pl\/es\/?s={search_term_string}"},"query-input":{"@type":"PropertyValueSpecification","valueRequired":true,"valueName":"search_term_string"}}],"inLanguage":"es"},{"@type":"Organization","@id":"https:\/\/jp2doc.pl\/es\/#organization","name":"Centro de Documentaci\u00f3n y Estudios del Pontificado de Juan Pablo II en Roma","url":"https:\/\/jp2doc.pl\/es\/","logo":{"@type":"ImageObject","inLanguage":"es","@id":"https:\/\/jp2doc.pl\/es\/#\/schema\/logo\/image\/","url":"https:\/\/jp2doc.pl\/es\/wp-content\/uploads\/sites\/4\/2017\/03\/cropped-logo.png","contentUrl":"https:\/\/jp2doc.pl\/es\/wp-content\/uploads\/sites\/4\/2017\/03\/cropped-logo.png","width":115,"height":115,"caption":"Centro de Documentaci\u00f3n y Estudios del Pontificado de Juan Pablo II en Roma"},"image":{"@id":"https:\/\/jp2doc.pl\/es\/#\/schema\/logo\/image\/"}},{"@type":"Person","@id":"https:\/\/jp2doc.pl\/es\/#\/schema\/person\/6110109e80abb51f6fac4824777eabfe","name":"juliasercanka","image":{"@type":"ImageObject","inLanguage":"es","@id":"https:\/\/jp2doc.pl\/es\/#\/schema\/person\/image\/","url":"https:\/\/secure.gravatar.com\/avatar\/266a66e864556e22d55d61b6b10c97fab9060767b738564bcd109f3997e372bc?s=96&d=mm&r=g","contentUrl":"https:\/\/secure.gravatar.com\/avatar\/266a66e864556e22d55d61b6b10c97fab9060767b738564bcd109f3997e372bc?s=96&d=mm&r=g","caption":"juliasercanka"},"url":"https:\/\/jp2doc.pl\/es\/author\/juliasercanka\/"}]}},"_links":{"self":[{"href":"https:\/\/jp2doc.pl\/es\/wp-json\/wp\/v2\/posts\/1396","targetHints":{"allow":["GET"]}}],"collection":[{"href":"https:\/\/jp2doc.pl\/es\/wp-json\/wp\/v2\/posts"}],"about":[{"href":"https:\/\/jp2doc.pl\/es\/wp-json\/wp\/v2\/types\/post"}],"author":[{"embeddable":true,"href":"https:\/\/jp2doc.pl\/es\/wp-json\/wp\/v2\/users\/5"}],"replies":[{"embeddable":true,"href":"https:\/\/jp2doc.pl\/es\/wp-json\/wp\/v2\/comments?post=1396"}],"version-history":[{"count":4,"href":"https:\/\/jp2doc.pl\/es\/wp-json\/wp\/v2\/posts\/1396\/revisions"}],"predecessor-version":[{"id":1401,"href":"https:\/\/jp2doc.pl\/es\/wp-json\/wp\/v2\/posts\/1396\/revisions\/1401"}],"wp:featuredmedia":[{"embeddable":true,"href":"https:\/\/jp2doc.pl\/es\/wp-json\/wp\/v2\/media\/1397"}],"wp:attachment":[{"href":"https:\/\/jp2doc.pl\/es\/wp-json\/wp\/v2\/media?parent=1396"}],"wp:term":[{"taxonomy":"category","embeddable":true,"href":"https:\/\/jp2doc.pl\/es\/wp-json\/wp\/v2\/categories?post=1396"},{"taxonomy":"post_tag","embeddable":true,"href":"https:\/\/jp2doc.pl\/es\/wp-json\/wp\/v2\/tags?post=1396"}],"curies":[{"name":"wp","href":"https:\/\/api.w.org\/{rel}","templated":true}]}}