{"id":1405,"date":"2018-05-12T12:47:27","date_gmt":"2018-05-12T10:47:27","guid":{"rendered":"http:\/\/jp2doc.pl\/es\/?p=1405"},"modified":"2018-05-12T12:47:27","modified_gmt":"2018-05-12T10:47:27","slug":"id-y-proclamad-el-evangelio","status":"publish","type":"post","link":"https:\/\/jp2doc.pl\/es\/2018\/05\/12\/id-y-proclamad-el-evangelio\/","title":{"rendered":"Id y proclamad el Evangelio"},"content":{"rendered":"<p>Mc 16,15-20<\/p>\n<p>Querido amigo: Hoy nos vamos al Monte de Galilea. All\u00ed vamos a presenciar la \u00faltima aparici\u00f3n de Jes\u00fas, una aparici\u00f3n que no es como las otras; Jes\u00fas va desapareciendo poco a poco y lentamente, no lo hace de repente. T\u00fa y yo en este encuentro nos vemos marcados por esta gran solemnidad de la Ascensi\u00f3n, que es una llamada a la esperanza, al amor de Jes\u00fas, que se va, pero que permanece con nosotros, y una llamada fuerte al compromiso de misi\u00f3n. Vamos a escucharlo como nos lo narra Marcos en el cap\u00edtulo 16, vers\u00edculo 15 al 20. Lo escuchamos con toda atenci\u00f3n, o\u00edmos lo que nos dice Jes\u00fas y les dice a sus disc\u00edpulos en estos momentos \u00faltimos de su subida hacia el Padre:<\/p>\n<p>Por \u00faltimo, se apareci\u00f3 a los once y les dijo: \u201cId por todo el mundo y predicad el Evangelio a toda criatura. Quien crea y sea bautizado, se salvar\u00e1, pero quien no crea, se condenar\u00e1. A los que crean, acompa\u00f1ar\u00e1n estas se\u00f1ales: en mi nombre expulsar\u00e1n demonios, hablar\u00e1n lenguas nuevas, tomar\u00e1n serpientes y si beben alg\u00fan veneno, no les da\u00f1ar\u00e1; impondr\u00e1n las manos sobre los enfermos y quedar\u00e1n curados\u201d. As\u00ed, el Se\u00f1or Jes\u00fas, despu\u00e9s de hablar con ellos, se elev\u00f3 al cielo y se sent\u00f3 a la derecha de Dios. Ellos partieron y predicaron por todas partes, colaborando el Se\u00f1or, y confirmando su palabra con las se\u00f1ales que la acompa\u00f1aban.<\/p>\n<p>Despu\u00e9s de o\u00edr la narraci\u00f3n tan gr\u00e1fica que nos cuenta el Evangelista, entramos ya en nuestro encuentro y empezamos a meternos y ver c\u00f3mo Jes\u00fas les habla\u2026 y me habla\u2026 y les dice\u2026 y se despide\u2026 y nos env\u00eda. Jes\u00fas ha pasado la muerte y ha pasado la resurrecci\u00f3n, ha preparado a sus disc\u00edpulos, me ha preparado a m\u00ed, y ya comienza una nueva etapa: una etapa de testigos, de testigos de la misi\u00f3n, de lo que \u00c9l realiz\u00f3. Y esta etapa la hace cuando \u00c9l ya es glorificado, despu\u00e9s de haber sido humillado tanto, cuando \u00c9l ha compartido nuestra suerte, cuando \u00c9l ha compartido nuestra vida. Por una parte nos da pena: se va ya Jes\u00fas\u2026 Pero no se aleja, \u00c9l va a estar siempre con nosotros. Nos lo ha dicho m\u00e1s de una vez: \u201cYo estar\u00e9 con vosotros todos los d\u00edas hasta el fin del mundo\u201d. Y esto nos llena de esperanza y nos llena de ilusi\u00f3n, porque no estamos solos, porque nuestro trabajo est\u00e1 siempre acompa\u00f1ado de su presencia, y nos llena de much\u00edsima alegr\u00eda tambi\u00e9n porque sabemos que en medio de nuestra vida \u00c9l siempre va a estar con nosotros.<\/p>\n<p>Este encuentro, Jes\u00fas, conforme vas hablando y conforme te vas elevando, esa tristeza se me convierte en esperanza: s\u00e9 que vas a entrar en el Reino de tu Padre, pero T\u00fa vas a estar con nosotros y nos vas a llevar y vas a ascender, pero nos vas a dar una nueva vida. Pienso muchas veces en las faltas de esperanza que yo tengo, en los d\u00edas sin ilusi\u00f3n, sin fuerza, sin alegr\u00eda, sin valor. Pienso en la experiencia triste de estar solo sin darme cuenta de que \u00c9l est\u00e1 a mi lado. Pienso en estos d\u00edas oscuros en que T\u00fa est\u00e1s pero yo no te veo. Por eso hoy, en este encuentro, en esta festividad, en este momento que estamos ah\u00ed vi\u00e9ndote c\u00f3mo est\u00e1s y subes, te pido mucha esperanza. Y cuando yo me sienta triste, que T\u00fa me des esa alegr\u00eda de tu esperanza. Que cuando yo [est\u00e9 as\u00ed] recite ese himno tan precioso que rezamos y que a m\u00ed, cada vez que lo rezo me impresiona y me emociona. Y te lo digo hoy en este encuentro con todo el coraz\u00f3n y con toda el alma. Te invito, amigo m\u00edo, a repetirlo conmigo:<\/p>\n<blockquote><p>Estate, Se\u00f1or, conmigo<\/p>\n<p>siempre, sin jam\u00e1s partirte,<\/p>\n<p>y, cuando decidas irte,<\/p>\n<p>ll\u00e9vame, Se\u00f1or, contigo;<\/p>\n<p>porque el pensar que te ir\u00e1s<\/p>\n<p>me causa un terrible miedo<\/p>\n<p>de si yo sin ti me quedo,<\/p>\n<p>de si T\u00fa sin m\u00ed te vas.<\/p>\n<p>&nbsp;<\/p>\n<p>Ll\u00e9vame en tu compa\u00f1\u00eda,<\/p>\n<p>donde T\u00fa vayas, Jes\u00fas,<\/p>\n<p>porque bien s\u00e9 que T\u00fa eres<\/p>\n<p>la vida del alma m\u00eda;<\/p>\n<p>si T\u00fa vida no me das,<\/p>\n<p>yo s\u00e9 que vivir no puedo,<\/p>\n<p>ni si yo sin ti me quedo,<\/p>\n<p>ni si T\u00fa sin m\u00ed te vas.<\/p>\n<p>&nbsp;<\/p>\n<p>Por eso, m\u00e1s que a la muerte,<\/p>\n<p>temo, Se\u00f1or, tu partida<\/p>\n<p>y quiero perder la vida<\/p>\n<p>mil veces m\u00e1s que perderte;<\/p>\n<p>pues la inmortal que T\u00fa das<\/p>\n<p>s\u00e9 que alcanzarla no puedo<\/p>\n<p>cuando yo sin ti me quedo,<\/p>\n<p>cuando T\u00fa sin m\u00ed te vas.<\/p><\/blockquote>\n<p>&nbsp;<\/p>\n<p>Precioso himno de a\u00f1oranza, de s\u00faplica a un Jes\u00fas que est\u00e1 con nosotros, pero que no le vemos: \u201c\u00a1Estate, Se\u00f1or, conmigo!\u201d. Hoy le decimos a Jes\u00fas conforme le estamos viendo subir lentamente hacia su Padre, hacia su glorificaci\u00f3n definitiva, le decimos: \u201cEstate, Se\u00f1or, conmigo&#8230; No te vayas&#8230; Estate, Se\u00f1or, conmigo\u201d.<\/p>\n<p>Pero a m\u00ed me pasa como a los disc\u00edpulos, hoy, que se quedan mirando al cielo ah\u00ed\u2026 y tenemos que o\u00edr esas voces de esos \u00e1ngeles que dicen: \u201cVarones de Galilea,\u00bfqu\u00e9 hac\u00e9is ah\u00ed mirando al cielo?\u201d. Jes\u00fas ya no est\u00e1 ah\u00ed, Jes\u00fas ya est\u00e1 en la vida terrena, est\u00e1 en el trabajo, est\u00e1 en la misi\u00f3n. No, ya ten\u00e9is una misi\u00f3n nueva, ya ten\u00e9is una etapa nueva. S\u00ed, hay que mirar al cielo, elevar todo, pero hay que empezar la misi\u00f3n: \u201c\u00a1Id y proclamad!\u201d. Dos mandatos que en este encuentro los oigo profundamente de Jes\u00fas: \u201cId y proclamad el Evangelio\u201d. Es necesario que yo proclame el Evangelio, es necesario que lo diga y que lo publique. El mundo necesita ser conocido de Jes\u00fas, el mundo necesita eso y T\u00fa me lo vienes a recordar hoy. Esta festividad es un recordatorio fuerte y una exigencia para la misi\u00f3n. Necesito superar esa dificultad, esos miedos, ese caer en la tentaci\u00f3n de centrarme en m\u00ed misma, esa manera de hablar distorsionando el proyecto tuyo. El mundo necesita que proclamemos y que vayamos sin miedo y con todo, porque somos los elegidos y somos elegidos para dar fruto. Nosotros tenemos tambi\u00e9n que comenzar esta etapa, y esta fiesta es un impulso para inaugurar el tiempo del compromiso, el tiempo del testimonio. \u00a1Fuera las desilusiones, fuera los cansancios, fuera todo! \u00a1Tenemos que pedirle a Jes\u00fas que publiquemos su amor por donde vayamos!<\/p>\n<p>Y tenemos que publicarlo en medio de este mundo, porque \u00c9l nos dice las se\u00f1ales que vamos a tener en esa proclamaci\u00f3n de su Buena Noticia al mundo entero: \u201cId y anunciad esa Buena Noticia. Vosotros sois el anuncio de la liberaci\u00f3n por donde vay\u00e1is. Ten\u00e9is que quitar tantos demonios\u2026 Quitar\u00e9is demonios, hablar\u00e9is lenguas nuevas\u2026 El demonio de la ambici\u00f3n, de la violencia, del desamor, de la soledad, de tantos\u2026 tantos\u2026\u201d. Y nos dar\u00e1 unas lenguas nuevas y romperemos barreras y nos comunicaremos con facilidad y sanaremos, porque \u00c9l nos llena de las se\u00f1ales de la liberaci\u00f3n que son el amor y la vida. Y nos ayuda y nos acompa\u00f1a en proclamar esta Buena Noticia \u2014que son las se\u00f1ales de la liberaci\u00f3n de la vida\u2014. Y decir que \u00c9l es el Se\u00f1or de todo y que \u00c9l es el Se\u00f1or de la vida y que \u00c9l es el Amor, porque todo todo todo procede de su amor.<\/p>\n<p>Tambi\u00e9n en este encuentro me viene a la memoria aquel poema que tantas veces hemos le\u00eddo, trabajado\u2026 este poema tan bello de Fray Luis de Le\u00f3n: la <em>Oda a la Ascensi\u00f3n<\/em>. \u00a1C\u00f3mo me gusta recordarla!<\/p>\n<blockquote><p>\u00bfY dejas, Pastor santo,<\/p>\n<p>tu grey en este valle hondo, oscuro,<\/p>\n<p>en soledad y llanto?<\/p>\n<p>Y T\u00fa, rompiendo el puro<\/p>\n<p>aire, \u00bfte vas al inmortal seguro?<\/p>\n<p>&nbsp;<\/p>\n<p>\u00bfA d\u00f3nde volver\u00e1n ya sus sentidos?<\/p>\n<p>\u00bfQu\u00e9 mirar\u00e1n los ojos<\/p>\n<p>que vieron de tu rostro la hermosura,<\/p>\n<p>que no les sea enojos?<\/p>\n<p>Quien gust\u00f3 de tu dulzura,<\/p>\n<p>\u00bfqu\u00e9 no tendr\u00e1 por llanto y amargura?<\/p>\n<p>&nbsp;<\/p>\n<p>Y a este mar turbado,<\/p>\n<p>\u00bfqui\u00e9n le pondr\u00e1 ya freno? \u00bfQui\u00e9n concierto<\/p>\n<p>al fiero viento, airado,<\/p>\n<p>estando T\u00fa encubierto?<\/p>\n<p>\u00bfQu\u00e9 norte guiar\u00e1 la nave al puerto?<\/p>\n<p>&nbsp;<\/p>\n<p>\u00a1Ay!, nube, envidiosa<\/p>\n<p>a\u00fan deste breve gozo, \u00bfqu\u00e9 te quejas?<\/p>\n<p>\u00bfD\u00f3nde vas presurosa?<\/p>\n<p>\u00a1Cu\u00e1n rica t\u00fa te alejas!<\/p>\n<p>\u00a1Cu\u00e1n pobres y cu\u00e1n ciegos, ay, nos dejas!<\/p><\/blockquote>\n<p>&nbsp;<\/p>\n<p>Fray Luis de Le\u00f3n comprendi\u00f3 muy fuerte la Ascensi\u00f3n, pero la comprendi\u00f3 en un sentido de a\u00f1oranza, y esta fiesta es una fiesta de la alegr\u00eda, y este encuentro es un encuentro de la alegr\u00eda, un encuentro en que Jes\u00fas nos dice: \u201cYa no est\u00e9is tristes. Mirad, hab\u00e9is empezado una nueva etapa. No, no teng\u00e1is miedo, id, venga, ya esta etapa es salir fuera\u2026, pero mira, siempre mirando al cielo\u201d. El coraz\u00f3n y la mente en el cielo y la acci\u00f3n en la tierra. Como \u00c9l: mirar hacia arriba. Pero no quedarnos ah\u00ed, sino trabajar.<\/p>\n<p>Bien, Jes\u00fas, este encuentro es para petici\u00f3n, para alegr\u00eda, para esperanza, para ilusi\u00f3n y para cuestionarnos c\u00f3mo es nuestra misi\u00f3n, qu\u00e9 remanente lleva, qu\u00e9 ambiente, qu\u00e9 cobertura tiene: \u00bfmiedos, desilusiones, esperanzas? Muchas veces me quedo mirando al cielo vi\u00e9ndote subir. Pero yo te pido m\u00e1s de una vez: \u00a1ll\u00e9vame en tu compa\u00f1\u00eda! Y quiero bajar del monte as\u00ed, para dar testimonio de tu resurrecci\u00f3n, de tu Buena Noticia. No me quiero quedar mirando al cielo, quiero pisar el suelo y anunciar que T\u00fa eres amor y que T\u00fa nos llevas siempre contigo, y que T\u00fa est\u00e1s siempre a nuestro lado. Me quedo pensando en mi esperanza, en mis desilusiones, y se las elevo, se las doy a \u00c9l para que se las lleve para arriba.<\/p>\n<p>Y tambi\u00e9n pienso en mi compromiso. Resuena como un retint\u00edn: \u201cId al mundo entero&#8230; Vete al mundo y proclama la Buena Noticia, no te quedes ah\u00ed, que aunque seas como una humilde lamparilla puesta sobre el candelero, tienes que alumbrar y tienes que transmitir la Buena Noticia\u201d. Yo, aunque sea as\u00ed, Jes\u00fas, quiero que me quites todos estos miedos, que me asciendas tambi\u00e9n T\u00fa arriba contigo y que mi vida sea un compromiso de entrega, de misi\u00f3n y de fuerza. Que yo te lleve a todas las partes donde yo pueda. Gracias, Jes\u00fas, por tu presencia, gracias porque nunca me vas a dejar. Dame \u00e1nimo, que me infunda fuerza, que sienta que T\u00fa est\u00e1s siempre en lo profundo de mi coraz\u00f3n, que sepa llevar tu mensaje, tu vida contra toda desilusi\u00f3n, y que sepa ir por el mundo proclamando la Buena Noticia. El mundo, la sociedad me necesita. Yo no puedo justificarme con ninguna dificultad, porque s\u00e9 que T\u00fa est\u00e1s conmigo. Ay\u00fadame, Se\u00f1or, ll\u00e9vame Se\u00f1or contigo, no me dejes aqu\u00ed. Gracias Jes\u00fas por tu Ascensi\u00f3n, por tu presencia, por tu fuerza para proclamar el Evangelio.<\/p>\n<p>En silencio me comprometo en mi pobreza, en mi debilidad, a ser testigo, a proclamar, como pueda, con gestos, con mis acciones, con mi testimonio, proclamar que T\u00fa eres el gran Se\u00f1or y que T\u00fa eres la Buena Noticia. Gracias, Se\u00f1or. \u201c\u00bfQu\u00e9 hac\u00e9is, varones, mirando al cielo?\u201d. Que yo no me quede as\u00ed, que baje para proclamarte, dispuesta a testimoniar tu amor con alegr\u00eda, con fuerza y con ilusi\u00f3n, pero siempre contigo a tu lado. Gracias, Se\u00f1or.<\/p>\n<p><strong>Francisca Sierra G\u00f3mez<\/strong>, Celadoras del Reinado del Coraz\u00f3n de Jes\u00fas.<\/p>\n","protected":false},"excerpt":{"rendered":"<p>La Ascensi\u00f3n del Se\u00f1or<\/p>\n","protected":false},"author":5,"featured_media":1406,"comment_status":"open","ping_status":"open","sticky":false,"template":"","format":"standard","meta":{"_acf_changed":false,"_exactmetrics_skip_tracking":false,"_exactmetrics_sitenote_active":false,"_exactmetrics_sitenote_note":"","_exactmetrics_sitenote_category":0,"footnotes":""},"categories":[4,13,14],"tags":[120,121,82,27,72],"class_list":["post-1405","post","type-post","status-publish","format-standard","has-post-thumbnail","hentry","category-blog","category-strona-glowna-najnowsze","category-strona-glowna-slider","tag-ascension","tag-evangelista","tag-francisca_sierra_gomez","tag-jesus","tag-senor"],"acf":[],"yoast_head":"<!-- This site is optimized with the Yoast SEO plugin v26.2 - https:\/\/yoast.com\/wordpress\/plugins\/seo\/ -->\n<title>Id y proclamad el Evangelio - Centro de Documentaci\u00f3n y Estudios del Pontificado de Juan Pablo II en Roma<\/title>\n<meta name=\"robots\" content=\"index, follow, max-snippet:-1, max-image-preview:large, max-video-preview:-1\" \/>\n<link rel=\"canonical\" href=\"https:\/\/jp2doc.pl\/es\/2018\/05\/12\/id-y-proclamad-el-evangelio\/\" \/>\n<meta property=\"og:locale\" content=\"es_ES\" \/>\n<meta property=\"og:type\" content=\"article\" \/>\n<meta property=\"og:title\" content=\"Id y proclamad el Evangelio - Centro de Documentaci\u00f3n y Estudios del Pontificado de Juan Pablo II en Roma\" \/>\n<meta property=\"og:description\" content=\"La Ascensi\u00f3n del Se\u00f1or\" \/>\n<meta property=\"og:url\" content=\"https:\/\/jp2doc.pl\/es\/2018\/05\/12\/id-y-proclamad-el-evangelio\/\" \/>\n<meta property=\"og:site_name\" content=\"Centro de Documentaci\u00f3n y Estudios del Pontificado de Juan Pablo II en Roma\" \/>\n<meta property=\"article:published_time\" content=\"2018-05-12T10:47:27+00:00\" \/>\n<meta property=\"og:image\" content=\"https:\/\/jp2doc.pl\/es\/wp-content\/uploads\/sites\/4\/2018\/05\/val-vesa-506801-unsplash.jpg\" \/>\n\t<meta property=\"og:image:width\" content=\"1642\" \/>\n\t<meta property=\"og:image:height\" content=\"1086\" \/>\n\t<meta property=\"og:image:type\" content=\"image\/jpeg\" \/>\n<meta name=\"author\" content=\"juliasercanka\" \/>\n<meta name=\"twitter:card\" content=\"summary_large_image\" \/>\n<meta name=\"twitter:label1\" content=\"Escrito por\" \/>\n\t<meta name=\"twitter:data1\" content=\"juliasercanka\" \/>\n\t<meta name=\"twitter:label2\" content=\"Tiempo de lectura\" \/>\n\t<meta name=\"twitter:data2\" content=\"10 minutos\" \/>\n<script type=\"application\/ld+json\" class=\"yoast-schema-graph\">{\"@context\":\"https:\/\/schema.org\",\"@graph\":[{\"@type\":\"Article\",\"@id\":\"https:\/\/jp2doc.pl\/es\/2018\/05\/12\/id-y-proclamad-el-evangelio\/#article\",\"isPartOf\":{\"@id\":\"https:\/\/jp2doc.pl\/es\/2018\/05\/12\/id-y-proclamad-el-evangelio\/\"},\"author\":{\"name\":\"juliasercanka\",\"@id\":\"https:\/\/jp2doc.pl\/es\/#\/schema\/person\/6110109e80abb51f6fac4824777eabfe\"},\"headline\":\"Id y proclamad el Evangelio\",\"datePublished\":\"2018-05-12T10:47:27+00:00\",\"mainEntityOfPage\":{\"@id\":\"https:\/\/jp2doc.pl\/es\/2018\/05\/12\/id-y-proclamad-el-evangelio\/\"},\"wordCount\":2023,\"commentCount\":0,\"publisher\":{\"@id\":\"https:\/\/jp2doc.pl\/es\/#organization\"},\"image\":{\"@id\":\"https:\/\/jp2doc.pl\/es\/2018\/05\/12\/id-y-proclamad-el-evangelio\/#primaryimage\"},\"thumbnailUrl\":\"https:\/\/jp2doc.pl\/es\/wp-content\/uploads\/sites\/4\/2018\/05\/val-vesa-506801-unsplash.jpg\",\"keywords\":[\"Ascensi\u00f3n\",\"Evangelista\",\"Francisca_Sierra_G\u00f3mez\",\"Jes\u00fas\",\"Se\u00f1or\"],\"articleSection\":[\"Blog\",\"Strona g\u0142\u00f3wna - najnowsze\",\"Strona g\u0142\u00f3wna - slider\"],\"inLanguage\":\"es\",\"potentialAction\":[{\"@type\":\"CommentAction\",\"name\":\"Comment\",\"target\":[\"https:\/\/jp2doc.pl\/es\/2018\/05\/12\/id-y-proclamad-el-evangelio\/#respond\"]}]},{\"@type\":\"WebPage\",\"@id\":\"https:\/\/jp2doc.pl\/es\/2018\/05\/12\/id-y-proclamad-el-evangelio\/\",\"url\":\"https:\/\/jp2doc.pl\/es\/2018\/05\/12\/id-y-proclamad-el-evangelio\/\",\"name\":\"Id y proclamad el Evangelio - Centro de Documentaci\u00f3n y Estudios del Pontificado de Juan Pablo II en Roma\",\"isPartOf\":{\"@id\":\"https:\/\/jp2doc.pl\/es\/#website\"},\"primaryImageOfPage\":{\"@id\":\"https:\/\/jp2doc.pl\/es\/2018\/05\/12\/id-y-proclamad-el-evangelio\/#primaryimage\"},\"image\":{\"@id\":\"https:\/\/jp2doc.pl\/es\/2018\/05\/12\/id-y-proclamad-el-evangelio\/#primaryimage\"},\"thumbnailUrl\":\"https:\/\/jp2doc.pl\/es\/wp-content\/uploads\/sites\/4\/2018\/05\/val-vesa-506801-unsplash.jpg\",\"datePublished\":\"2018-05-12T10:47:27+00:00\",\"breadcrumb\":{\"@id\":\"https:\/\/jp2doc.pl\/es\/2018\/05\/12\/id-y-proclamad-el-evangelio\/#breadcrumb\"},\"inLanguage\":\"es\",\"potentialAction\":[{\"@type\":\"ReadAction\",\"target\":[\"https:\/\/jp2doc.pl\/es\/2018\/05\/12\/id-y-proclamad-el-evangelio\/\"]}]},{\"@type\":\"ImageObject\",\"inLanguage\":\"es\",\"@id\":\"https:\/\/jp2doc.pl\/es\/2018\/05\/12\/id-y-proclamad-el-evangelio\/#primaryimage\",\"url\":\"https:\/\/jp2doc.pl\/es\/wp-content\/uploads\/sites\/4\/2018\/05\/val-vesa-506801-unsplash.jpg\",\"contentUrl\":\"https:\/\/jp2doc.pl\/es\/wp-content\/uploads\/sites\/4\/2018\/05\/val-vesa-506801-unsplash.jpg\",\"width\":1642,\"height\":1086},{\"@type\":\"BreadcrumbList\",\"@id\":\"https:\/\/jp2doc.pl\/es\/2018\/05\/12\/id-y-proclamad-el-evangelio\/#breadcrumb\",\"itemListElement\":[{\"@type\":\"ListItem\",\"position\":1,\"name\":\"Home\",\"item\":\"https:\/\/jp2doc.pl\/es\/\"},{\"@type\":\"ListItem\",\"position\":2,\"name\":\"Id y proclamad el Evangelio\"}]},{\"@type\":\"WebSite\",\"@id\":\"https:\/\/jp2doc.pl\/es\/#website\",\"url\":\"https:\/\/jp2doc.pl\/es\/\",\"name\":\"Centro de Documentaci\u00f3n y Estudios del Pontificado de Juan Pablo II en Roma\",\"description\":\"\",\"publisher\":{\"@id\":\"https:\/\/jp2doc.pl\/es\/#organization\"},\"potentialAction\":[{\"@type\":\"SearchAction\",\"target\":{\"@type\":\"EntryPoint\",\"urlTemplate\":\"https:\/\/jp2doc.pl\/es\/?s={search_term_string}\"},\"query-input\":{\"@type\":\"PropertyValueSpecification\",\"valueRequired\":true,\"valueName\":\"search_term_string\"}}],\"inLanguage\":\"es\"},{\"@type\":\"Organization\",\"@id\":\"https:\/\/jp2doc.pl\/es\/#organization\",\"name\":\"Centro de Documentaci\u00f3n y Estudios del Pontificado de Juan Pablo II en Roma\",\"url\":\"https:\/\/jp2doc.pl\/es\/\",\"logo\":{\"@type\":\"ImageObject\",\"inLanguage\":\"es\",\"@id\":\"https:\/\/jp2doc.pl\/es\/#\/schema\/logo\/image\/\",\"url\":\"https:\/\/jp2doc.pl\/es\/wp-content\/uploads\/sites\/4\/2017\/03\/cropped-logo.png\",\"contentUrl\":\"https:\/\/jp2doc.pl\/es\/wp-content\/uploads\/sites\/4\/2017\/03\/cropped-logo.png\",\"width\":115,\"height\":115,\"caption\":\"Centro de Documentaci\u00f3n y Estudios del Pontificado de Juan Pablo II en Roma\"},\"image\":{\"@id\":\"https:\/\/jp2doc.pl\/es\/#\/schema\/logo\/image\/\"}},{\"@type\":\"Person\",\"@id\":\"https:\/\/jp2doc.pl\/es\/#\/schema\/person\/6110109e80abb51f6fac4824777eabfe\",\"name\":\"juliasercanka\",\"image\":{\"@type\":\"ImageObject\",\"inLanguage\":\"es\",\"@id\":\"https:\/\/jp2doc.pl\/es\/#\/schema\/person\/image\/\",\"url\":\"https:\/\/secure.gravatar.com\/avatar\/266a66e864556e22d55d61b6b10c97fab9060767b738564bcd109f3997e372bc?s=96&d=mm&r=g\",\"contentUrl\":\"https:\/\/secure.gravatar.com\/avatar\/266a66e864556e22d55d61b6b10c97fab9060767b738564bcd109f3997e372bc?s=96&d=mm&r=g\",\"caption\":\"juliasercanka\"},\"url\":\"https:\/\/jp2doc.pl\/es\/author\/juliasercanka\/\"}]}<\/script>\n<!-- \/ Yoast SEO plugin. -->","yoast_head_json":{"title":"Id y proclamad el Evangelio - Centro de Documentaci\u00f3n y Estudios del Pontificado de Juan Pablo II en Roma","robots":{"index":"index","follow":"follow","max-snippet":"max-snippet:-1","max-image-preview":"max-image-preview:large","max-video-preview":"max-video-preview:-1"},"canonical":"https:\/\/jp2doc.pl\/es\/2018\/05\/12\/id-y-proclamad-el-evangelio\/","og_locale":"es_ES","og_type":"article","og_title":"Id y proclamad el Evangelio - Centro de Documentaci\u00f3n y Estudios del Pontificado de Juan Pablo II en Roma","og_description":"La Ascensi\u00f3n del Se\u00f1or","og_url":"https:\/\/jp2doc.pl\/es\/2018\/05\/12\/id-y-proclamad-el-evangelio\/","og_site_name":"Centro de Documentaci\u00f3n y Estudios del Pontificado de Juan Pablo II en Roma","article_published_time":"2018-05-12T10:47:27+00:00","og_image":[{"width":1642,"height":1086,"url":"https:\/\/jp2doc.pl\/es\/wp-content\/uploads\/sites\/4\/2018\/05\/val-vesa-506801-unsplash.jpg","type":"image\/jpeg"}],"author":"juliasercanka","twitter_card":"summary_large_image","twitter_misc":{"Escrito por":"juliasercanka","Tiempo de lectura":"10 minutos"},"schema":{"@context":"https:\/\/schema.org","@graph":[{"@type":"Article","@id":"https:\/\/jp2doc.pl\/es\/2018\/05\/12\/id-y-proclamad-el-evangelio\/#article","isPartOf":{"@id":"https:\/\/jp2doc.pl\/es\/2018\/05\/12\/id-y-proclamad-el-evangelio\/"},"author":{"name":"juliasercanka","@id":"https:\/\/jp2doc.pl\/es\/#\/schema\/person\/6110109e80abb51f6fac4824777eabfe"},"headline":"Id y proclamad el Evangelio","datePublished":"2018-05-12T10:47:27+00:00","mainEntityOfPage":{"@id":"https:\/\/jp2doc.pl\/es\/2018\/05\/12\/id-y-proclamad-el-evangelio\/"},"wordCount":2023,"commentCount":0,"publisher":{"@id":"https:\/\/jp2doc.pl\/es\/#organization"},"image":{"@id":"https:\/\/jp2doc.pl\/es\/2018\/05\/12\/id-y-proclamad-el-evangelio\/#primaryimage"},"thumbnailUrl":"https:\/\/jp2doc.pl\/es\/wp-content\/uploads\/sites\/4\/2018\/05\/val-vesa-506801-unsplash.jpg","keywords":["Ascensi\u00f3n","Evangelista","Francisca_Sierra_G\u00f3mez","Jes\u00fas","Se\u00f1or"],"articleSection":["Blog","Strona g\u0142\u00f3wna - najnowsze","Strona g\u0142\u00f3wna - slider"],"inLanguage":"es","potentialAction":[{"@type":"CommentAction","name":"Comment","target":["https:\/\/jp2doc.pl\/es\/2018\/05\/12\/id-y-proclamad-el-evangelio\/#respond"]}]},{"@type":"WebPage","@id":"https:\/\/jp2doc.pl\/es\/2018\/05\/12\/id-y-proclamad-el-evangelio\/","url":"https:\/\/jp2doc.pl\/es\/2018\/05\/12\/id-y-proclamad-el-evangelio\/","name":"Id y proclamad el Evangelio - Centro de Documentaci\u00f3n y Estudios del Pontificado de Juan Pablo II en Roma","isPartOf":{"@id":"https:\/\/jp2doc.pl\/es\/#website"},"primaryImageOfPage":{"@id":"https:\/\/jp2doc.pl\/es\/2018\/05\/12\/id-y-proclamad-el-evangelio\/#primaryimage"},"image":{"@id":"https:\/\/jp2doc.pl\/es\/2018\/05\/12\/id-y-proclamad-el-evangelio\/#primaryimage"},"thumbnailUrl":"https:\/\/jp2doc.pl\/es\/wp-content\/uploads\/sites\/4\/2018\/05\/val-vesa-506801-unsplash.jpg","datePublished":"2018-05-12T10:47:27+00:00","breadcrumb":{"@id":"https:\/\/jp2doc.pl\/es\/2018\/05\/12\/id-y-proclamad-el-evangelio\/#breadcrumb"},"inLanguage":"es","potentialAction":[{"@type":"ReadAction","target":["https:\/\/jp2doc.pl\/es\/2018\/05\/12\/id-y-proclamad-el-evangelio\/"]}]},{"@type":"ImageObject","inLanguage":"es","@id":"https:\/\/jp2doc.pl\/es\/2018\/05\/12\/id-y-proclamad-el-evangelio\/#primaryimage","url":"https:\/\/jp2doc.pl\/es\/wp-content\/uploads\/sites\/4\/2018\/05\/val-vesa-506801-unsplash.jpg","contentUrl":"https:\/\/jp2doc.pl\/es\/wp-content\/uploads\/sites\/4\/2018\/05\/val-vesa-506801-unsplash.jpg","width":1642,"height":1086},{"@type":"BreadcrumbList","@id":"https:\/\/jp2doc.pl\/es\/2018\/05\/12\/id-y-proclamad-el-evangelio\/#breadcrumb","itemListElement":[{"@type":"ListItem","position":1,"name":"Home","item":"https:\/\/jp2doc.pl\/es\/"},{"@type":"ListItem","position":2,"name":"Id y proclamad el Evangelio"}]},{"@type":"WebSite","@id":"https:\/\/jp2doc.pl\/es\/#website","url":"https:\/\/jp2doc.pl\/es\/","name":"Centro de Documentaci\u00f3n y Estudios del Pontificado de Juan Pablo II en Roma","description":"","publisher":{"@id":"https:\/\/jp2doc.pl\/es\/#organization"},"potentialAction":[{"@type":"SearchAction","target":{"@type":"EntryPoint","urlTemplate":"https:\/\/jp2doc.pl\/es\/?s={search_term_string}"},"query-input":{"@type":"PropertyValueSpecification","valueRequired":true,"valueName":"search_term_string"}}],"inLanguage":"es"},{"@type":"Organization","@id":"https:\/\/jp2doc.pl\/es\/#organization","name":"Centro de Documentaci\u00f3n y Estudios del Pontificado de Juan Pablo II en Roma","url":"https:\/\/jp2doc.pl\/es\/","logo":{"@type":"ImageObject","inLanguage":"es","@id":"https:\/\/jp2doc.pl\/es\/#\/schema\/logo\/image\/","url":"https:\/\/jp2doc.pl\/es\/wp-content\/uploads\/sites\/4\/2017\/03\/cropped-logo.png","contentUrl":"https:\/\/jp2doc.pl\/es\/wp-content\/uploads\/sites\/4\/2017\/03\/cropped-logo.png","width":115,"height":115,"caption":"Centro de Documentaci\u00f3n y Estudios del Pontificado de Juan Pablo II en Roma"},"image":{"@id":"https:\/\/jp2doc.pl\/es\/#\/schema\/logo\/image\/"}},{"@type":"Person","@id":"https:\/\/jp2doc.pl\/es\/#\/schema\/person\/6110109e80abb51f6fac4824777eabfe","name":"juliasercanka","image":{"@type":"ImageObject","inLanguage":"es","@id":"https:\/\/jp2doc.pl\/es\/#\/schema\/person\/image\/","url":"https:\/\/secure.gravatar.com\/avatar\/266a66e864556e22d55d61b6b10c97fab9060767b738564bcd109f3997e372bc?s=96&d=mm&r=g","contentUrl":"https:\/\/secure.gravatar.com\/avatar\/266a66e864556e22d55d61b6b10c97fab9060767b738564bcd109f3997e372bc?s=96&d=mm&r=g","caption":"juliasercanka"},"url":"https:\/\/jp2doc.pl\/es\/author\/juliasercanka\/"}]}},"_links":{"self":[{"href":"https:\/\/jp2doc.pl\/es\/wp-json\/wp\/v2\/posts\/1405","targetHints":{"allow":["GET"]}}],"collection":[{"href":"https:\/\/jp2doc.pl\/es\/wp-json\/wp\/v2\/posts"}],"about":[{"href":"https:\/\/jp2doc.pl\/es\/wp-json\/wp\/v2\/types\/post"}],"author":[{"embeddable":true,"href":"https:\/\/jp2doc.pl\/es\/wp-json\/wp\/v2\/users\/5"}],"replies":[{"embeddable":true,"href":"https:\/\/jp2doc.pl\/es\/wp-json\/wp\/v2\/comments?post=1405"}],"version-history":[{"count":1,"href":"https:\/\/jp2doc.pl\/es\/wp-json\/wp\/v2\/posts\/1405\/revisions"}],"predecessor-version":[{"id":1407,"href":"https:\/\/jp2doc.pl\/es\/wp-json\/wp\/v2\/posts\/1405\/revisions\/1407"}],"wp:featuredmedia":[{"embeddable":true,"href":"https:\/\/jp2doc.pl\/es\/wp-json\/wp\/v2\/media\/1406"}],"wp:attachment":[{"href":"https:\/\/jp2doc.pl\/es\/wp-json\/wp\/v2\/media?parent=1405"}],"wp:term":[{"taxonomy":"category","embeddable":true,"href":"https:\/\/jp2doc.pl\/es\/wp-json\/wp\/v2\/categories?post=1405"},{"taxonomy":"post_tag","embeddable":true,"href":"https:\/\/jp2doc.pl\/es\/wp-json\/wp\/v2\/tags?post=1405"}],"curies":[{"name":"wp","href":"https:\/\/api.w.org\/{rel}","templated":true}]}}