{"id":1409,"date":"2018-05-19T22:54:30","date_gmt":"2018-05-19T20:54:30","guid":{"rendered":"http:\/\/jp2doc.pl\/es\/?p=1409"},"modified":"2018-05-19T22:54:53","modified_gmt":"2018-05-19T20:54:53","slug":"jesus-se-desborda-y-exhalo-su-espiritu-sobre-sus-discipulos","status":"publish","type":"post","link":"https:\/\/jp2doc.pl\/es\/2018\/05\/19\/jesus-se-desborda-y-exhalo-su-espiritu-sobre-sus-discipulos\/","title":{"rendered":"Jes\u00fas se desborda y&#8230; exhal\u00f3 su Esp\u00edritu sobre sus disc\u00edpulos"},"content":{"rendered":"<p>Jn 20,19-23<\/p>\n<p>Querido amigo: Hoy nos encontramos ante la solemnidad de la fiesta de Pentecost\u00e9s. T\u00fa y yo nos vamos a preparar para recibir su Esp\u00edritu, como lo hizo Mar\u00eda y los disc\u00edpulos suyos en el Cen\u00e1culo. Nos preparamos en silencio con nuestro deseo, con nuestra oraci\u00f3n, con nuestro canto, y repetimos fuertemente la palabra: \u00ab\u00a1Ven, Esp\u00edritu de Jes\u00fas sobre m\u00ed!\u00bb. Pero antes vamos a o\u00edr el texto que nos narra Juan en el cap\u00edtulo 20, vers\u00edculo 19-23:<\/p>\n<p>Al atardecer de aquel d\u00eda, el primero de la semana, estando los disc\u00edpulos con las puertas cerradas por miedo a los jud\u00edos, se present\u00f3 Jes\u00fas en medio de ellos y les dice: \u201cLa paz sea con vosotros\u201d. Y dicho esto les mostr\u00f3 las manos y el costado. Los disc\u00edpulos se llenaron de alegr\u00eda al ver al Se\u00f1or. De nuevo les dijo: \u201cLa paz sea con vosotros. Como me envi\u00f3 el Padre, as\u00ed os env\u00edo Yo\u201d. Dicho esto sopl\u00f3 sobre ellos y les dice: \u201cRecibid el Esp\u00edritu Santo. A quienes perdon\u00e9is los pecados, les son perdonados. A quienes se los reteng\u00e1is, les son retenidos\u201d.<\/p>\n<p>Cincuenta d\u00edas despu\u00e9s de la Pascua, Jes\u00fas, viendo a sus disc\u00edpulos, sabiendo c\u00f3mo est\u00e1n ellos, que ha caminado con ellos en Ema\u00fas, que se ha hecho el encontradizo, que les ha explicado las Escrituras, que se ha aparecido una y muchas veces, nos dice el texto que entrada la noche del primer d\u00eda de la semana, su coraz\u00f3n, lleno de un fuego de amor irresistible hacia los suyos, no puede aguantar sin consolarles, sin hacerse presente. Sabe muy bien que le necesitan, que est\u00e1n confusos, que est\u00e1n solos, que est\u00e1n tristes, que est\u00e1n extra\u00f1ados por todo lo que est\u00e1 sucediendo y por todo lo que vienen contando. \u00bfY qu\u00e9 hacen? Est\u00e1n ah\u00ed reunidos, con miedo, con las puertas cerradas, desconfiados, asustados de cualquier sobresalto. Y cuando estaban as\u00ed, su Maestro Jes\u00fas se hace presente y entra coloc\u00e1ndose en medio de ellos. \u00a1Qu\u00e9 momento para que t\u00fa y yo ah\u00ed, en el Cen\u00e1culo, entremos y oigamos lo que dice Jes\u00fas! Y como un padre cari\u00f1oso y bueno que sabe lo que est\u00e1n pasando sus hijos, lo primero que hace es tranquilizarlos y les da la paz y les repite: \u201cPaz, paz a vosotros\u201d. Ellos al verle otra vez se llenan de alegr\u00eda, pero \u00c9l les vuelve a repetir: \u201cNo. Necesit\u00e1is paz, paz\u201d.<\/p>\n<p>Querido amigo, en medio de nuestros miedos, de nuestras soledades, de nuestras desconfianzas, de nuestras incertidumbres, de nuestro mar revuelto interiormente, necesitamos o\u00edr \u201cla paz\u201d, y necesitamos que Jes\u00fas nos diga: \u201cLa paz contigo\u201d. Porque \u00c9l viene a quitarme este miedo de tanta soledad, de tanto vac\u00edo como yo tengo, y quiere caminar conmigo y quitarme todas las inquietudes. Y nos dice el texto que cuando \u00c9l consider\u00f3 que estaban ya tranquilos, les da la hora y el momento m\u00e1s maravilloso \u2014y ah\u00ed estoy yo tambi\u00e9n y est\u00e1s t\u00fa\u2014, y exhala su aliento, sopla sobre ellos y les dice: \u201cRecibid el Esp\u00edritu Santo\u201d. T\u00fa y yo no podemos menos de contemplar este momento: nos da su aliento, nos da su Esp\u00edritu, nos da la esencia de su vida, su respiraci\u00f3n, su impulso, la fuerza, nos da lo que es suyo y muy suyo, y nos lo infunde, nos lo insufla en nuestro interior. Y ah\u00ed, con ese aliento, al darnos su propia intimidad, su propia vida, me dice: \u201cRecibe lo m\u00e1s \u00edntimo de m\u00ed, recibe mi fuerza, recibe mi amor, recibe mi vida toda, recibe el Esp\u00edritu Santo que soy Yo\u201d.<\/p>\n<p>Querido amigo, hoy es un d\u00eda muy importante y este encuentro lo tenemos que hacer con much\u00edsimo silencio, con much\u00edsima petici\u00f3n, clamando una y mil veces: \u201c\u00a1Ven, Esp\u00edritu divino, sobre m\u00ed! \u00a1Ven, baut\u00edzame en tu fuego! \u00a1Ven, agua fecunda! \u00a1Ven, te necesito\u2026 como nunca te necesito! Inunda mi ser en olas de amor, oh Esp\u00edritu, inunda mi ser\u201d.<\/p>\n<p>Pero, \u00bfde d\u00f3nde procede? \u00bfQu\u00e9 es ese Esp\u00edritu? \u00bfDe d\u00f3nde procede? Del amor entra\u00f1able que se tienen entre s\u00ed el Padre, el Hijo, el Esp\u00edritu. Ese amor me lo da y me lo insufla, me lo exhala sobre m\u00ed para que sea feliz, para que tenga gloria. D\u00e9jate\u2026 que yo me deje tambi\u00e9n llenar de ese aliento. \u00a1Qu\u00e9 momentos entra\u00f1ables, profundos, de mucho amor y de mucha vida; momentos para implorar con fe que venga sobre m\u00ed! Hoy me regala Jes\u00fas lo que necesito, hoy me regala su amor, hoy me tiene que ba\u00f1ar en el agua suya, en ese agua del Coraz\u00f3n suyo. Y me tiene que llenar de su amor. Hoy, \u00a0sin ning\u00fan m\u00e9rito m\u00edo, entra en mi vida, entra en mi ser, y entra para que participe de su vida. As\u00ed de bueno es Jes\u00fas en mi vida, as\u00ed de bueno es. Repitamos una y mil veces: \u00a0\u201c\u00a1Lava, purif\u00edcame, riega, fec\u00fandame, s\u00e1ciame, vivif\u00edcame, porque necesito ser animada por ti, por tu Esp\u00edritu! Necesito sentirme iluminada por ti, por tu Esp\u00edritu; necesito ser consolada y necesito ser liberada\u201d. Necesitamos ser reconciliados por su Esp\u00edritu.<\/p>\n<p>Yo me pregunto y te pregunto, querido amigo: \u00bftienes sed de Dios? \u00bfNecesitas su Esp\u00edritu? \u00bfQuieres llenarte de su vida? \u00bfQuieres ba\u00f1arte en su agua? \u00bfDeseamos vivir su propia vida? En nuestros momentos de silencio tenemos que pedirle ese Esp\u00edritu, ese don de sabidur\u00eda para que le saboree, para que le vea con los ojos del coraz\u00f3n y no con los de mi mente. Le tenemos que pedir ese Esp\u00edritu, ese don del entendimiento, para que comprenda, para que comprendamos la historia de amor y entienda su mensaje y entendamos su mensaje y sus signos. Necesitamos ese Esp\u00edritu de consejo para poder escuchar, orientar, ayudar a tomar decisiones, corregir, alentar&#8230; Necesitamos ese Esp\u00edritu de fortaleza para superar todos los miedos que tenemos continuamente, todos los miedos que nos agobian, que nos rodean, que nos oprimen; fortaleza para saber quitarme mis debilidades, mis apegos, mis faltas de audacia, mi poco cumplir mi misi\u00f3n. Ese Esp\u00edritu de ciencia, para descubrir la huella de Dios por donde vaya, la huella tuya, Jes\u00fas; ese Esp\u00edritu para comprender la mano tuya donde T\u00fa est\u00e1s. Ese Esp\u00edritu de piedad para intensificar la relaci\u00f3n \u00edntima y filial contigo; est\u00e1 hecha de agradecimiento, de cari\u00f1o, de ternura, de benevolencia, de disponibilidad. Ese Esp\u00edritu de temor, que no es que tema a nada tuyo, Se\u00f1or, sino que te admiro, te adoro, y temo porque te pueda fallar, por mi fragilidad; temo, peroconf\u00edo en tu amor.<\/p>\n<p>Como ves, querido amigo, este encuentro es un encuentro, aparte de \u00edntimo, necesario, porque m\u00e1s que nunca necesitamos el Esp\u00edritu de Jes\u00fas, necesitamos ser bautizados en \u00c9l, necesitamos creer en \u00c9l, necesitamos estar en \u00c9l. Hoy te invito y en este rato te invito a \u2014junto a la Virgen, junto a los disc\u00edpulos reunidos all\u00ed con ellos\u2014, repetir mucho: \u201cInunda mi ser en olas de amor&#8230; \u00a1Oh, Esp\u00edritu divino, inunda mi ser!\u201d.<\/p>\n<p>\u201c\u00a1Ven!\u201d, repite una y muchas veces conmigo dentro de tu coraz\u00f3n y en la soledad y en la intimidad, ah\u00ed, a ese Jes\u00fas que me insufla y exhala su aliento. \u00a1C\u00f3mo me impresiona esta palabra, c\u00f3mo me gusta! Cuando la leo, cuando la siento\u2026 me quedo recibiendo el aliento tuyo. \u00a1Qu\u00e9 ser\u00eda yo \u2014una pobre criatura\u2014 sin tu aliento!<\/p>\n<blockquote><p>Ven, Esp\u00edritu divino, manda tu luz desde el cielo. Don en tus dones espl\u00e9ndido, luz que penetra en las almas, fuente del mayor consuelo. Entra, entra hasta el fondo de mi alma, divina luz, y enriqu\u00e9ceme. Mira mi vac\u00edo si T\u00fa no est\u00e1s por dentro de m\u00ed. Mira el poder del mal, del pecado cuando T\u00fa no me env\u00edas tu aliento. Riega esta pobre tierra que est\u00e1 en sequ\u00eda. Sana este pobre coraz\u00f3n enfermo. Lava tantas manchas&#8230; Infunde calor de vida en el hielo. Y doma este esp\u00edritu ind\u00f3mito, que a veces se rebela y que no obedece de rebelde\u2026 Gu\u00eda si me tuerzo en el sendero. Reparte tus siete dones seg\u00fan la fe de tus siervos, por tu bondad y por tu gracia. Y dame al esfuerzo su m\u00e9rito. Salva al que busca y salva, si te busco salvarme. Y dame tu gozo divino.<\/p><\/blockquote>\n<p>Esta secuencia que en la Eucarist\u00eda de hoy, en los rezos de laudes, de v\u00edsperas se repite tanto, hoy, querido amigo, te invito a leerla muy despacio, a penetrar cada verbo, a sentir cada adjetivo, cada palabra, y a ped\u00edrselo al Se\u00f1or. Y sobre todo te invito a dejarte insuflar, exhalar ese aliento y llenarte de ese Esp\u00edritu que \u00c9l te da y que me da; a absorber su amor. Y me llenar\u00e9 de lo que necesito: de gozo, de paz, de paciencia, de bondad, de mansedumbre, de fidelidad\u2026, de todo. Y aprender\u00e9, y tendr\u00e9 fuerza para \u2014como estaban los disc\u00edpulos\u2014 hablar en lenguas, curar, sanar\u2026 \u00a1Ser\u00e9 fuerte! Que en este encuentro me sienta tan invadido de ti, que salga con ilusi\u00f3n para proclamarte a una sociedad necesitada de ti y de tu Esp\u00edritu, a una sociedad materialista. Y que vaya por todo el mundo proclamando el Evangelio a toda la creaci\u00f3n. Que aprenda a tener esa esperanza de poder proclamar con fuerza y convalent\u00eda tu amor.<\/p>\n<p>\u00a1Ven, Esp\u00edritu divino, in\u00fandame en olas de amor! \u00a1Ven, inunda todo mi ser! \u00a1Ven Esp\u00edritu de Dios sobre m\u00ed! Que yo, all\u00ed, en silencio, escuchando, me llene de tu aliento y de tu Esp\u00edritu. Esp\u00edritu Santo, ven: ven sobre m\u00ed, ven sobre nuestra sociedad, ven sobre mi trabajo, ven sobre mi familia. Y T\u00fa, Mar\u00eda, \u2014la Madre que recibi\u00f3 el Esp\u00edritu y que es la intercesora grand\u00edsima\u2014 me ayudes y me des esa fuerza para recibir ese Esp\u00edritu.<\/p>\n<p>Gracias, Se\u00f1or, por darme tu vida, por darme tu Esp\u00edritu, por darme tu amor. Una vez m\u00e1s te repito: \u201cInunda mi ser en olas de amor\u2026 \u00a1Oh, Esp\u00edritu, inunda mi ser!\u201d.<\/p>\n<p><strong>Francisca Sierra G\u00f3mez<\/strong>, Celadoras del Reinado del Coraz\u00f3n de Jes\u00fas.<\/p>\n","protected":false},"excerpt":{"rendered":"<p>Domingo de Pentecost\u00e9s<\/p>\n","protected":false},"author":5,"featured_media":1410,"comment_status":"open","ping_status":"open","sticky":false,"template":"","format":"standard","meta":{"_acf_changed":false,"_exactmetrics_skip_tracking":false,"_exactmetrics_sitenote_active":false,"_exactmetrics_sitenote_note":"","_exactmetrics_sitenote_category":0,"footnotes":""},"categories":[4,13,14],"tags":[118,122,82,123],"class_list":["post-1409","post","type-post","status-publish","format-standard","has-post-thumbnail","hentry","category-blog","category-strona-glowna-najnowsze","category-strona-glowna-slider","tag-cenaculo","tag-espiritu","tag-francisca_sierra_gomez","tag-pentecostes"],"acf":[],"yoast_head":"<!-- This site is optimized with the Yoast SEO plugin v26.2 - https:\/\/yoast.com\/wordpress\/plugins\/seo\/ -->\n<title>Jes\u00fas se desborda y... exhal\u00f3 su Esp\u00edritu sobre sus disc\u00edpulos - Centro de Documentaci\u00f3n y Estudios del Pontificado de Juan Pablo II en Roma<\/title>\n<meta name=\"robots\" content=\"index, follow, max-snippet:-1, max-image-preview:large, max-video-preview:-1\" \/>\n<link rel=\"canonical\" href=\"https:\/\/jp2doc.pl\/es\/2018\/05\/19\/jesus-se-desborda-y-exhalo-su-espiritu-sobre-sus-discipulos\/\" \/>\n<meta property=\"og:locale\" content=\"es_ES\" \/>\n<meta property=\"og:type\" content=\"article\" \/>\n<meta property=\"og:title\" content=\"Jes\u00fas se desborda y... exhal\u00f3 su Esp\u00edritu sobre sus disc\u00edpulos - Centro de Documentaci\u00f3n y Estudios del Pontificado de Juan Pablo II en Roma\" \/>\n<meta property=\"og:description\" content=\"Domingo de Pentecost\u00e9s\" \/>\n<meta property=\"og:url\" content=\"https:\/\/jp2doc.pl\/es\/2018\/05\/19\/jesus-se-desborda-y-exhalo-su-espiritu-sobre-sus-discipulos\/\" \/>\n<meta property=\"og:site_name\" content=\"Centro de Documentaci\u00f3n y Estudios del Pontificado de Juan Pablo II en Roma\" \/>\n<meta property=\"article:published_time\" content=\"2018-05-19T20:54:30+00:00\" \/>\n<meta property=\"article:modified_time\" content=\"2018-05-19T20:54:53+00:00\" \/>\n<meta property=\"og:image\" content=\"https:\/\/jp2doc.pl\/es\/wp-content\/uploads\/sites\/4\/2018\/05\/ravi-roshan-568880-unsplash-e1526763244496.jpg\" \/>\n\t<meta property=\"og:image:width\" content=\"1650\" \/>\n\t<meta property=\"og:image:height\" content=\"820\" \/>\n\t<meta property=\"og:image:type\" content=\"image\/jpeg\" \/>\n<meta name=\"author\" content=\"juliasercanka\" \/>\n<meta name=\"twitter:card\" content=\"summary_large_image\" \/>\n<meta name=\"twitter:label1\" content=\"Escrito por\" \/>\n\t<meta name=\"twitter:data1\" content=\"juliasercanka\" \/>\n\t<meta name=\"twitter:label2\" content=\"Tiempo de lectura\" \/>\n\t<meta name=\"twitter:data2\" content=\"9 minutos\" \/>\n<script type=\"application\/ld+json\" class=\"yoast-schema-graph\">{\"@context\":\"https:\/\/schema.org\",\"@graph\":[{\"@type\":\"Article\",\"@id\":\"https:\/\/jp2doc.pl\/es\/2018\/05\/19\/jesus-se-desborda-y-exhalo-su-espiritu-sobre-sus-discipulos\/#article\",\"isPartOf\":{\"@id\":\"https:\/\/jp2doc.pl\/es\/2018\/05\/19\/jesus-se-desborda-y-exhalo-su-espiritu-sobre-sus-discipulos\/\"},\"author\":{\"name\":\"juliasercanka\",\"@id\":\"https:\/\/jp2doc.pl\/es\/#\/schema\/person\/6110109e80abb51f6fac4824777eabfe\"},\"headline\":\"Jes\u00fas se desborda y&#8230; exhal\u00f3 su Esp\u00edritu sobre sus disc\u00edpulos\",\"datePublished\":\"2018-05-19T20:54:30+00:00\",\"dateModified\":\"2018-05-19T20:54:53+00:00\",\"mainEntityOfPage\":{\"@id\":\"https:\/\/jp2doc.pl\/es\/2018\/05\/19\/jesus-se-desborda-y-exhalo-su-espiritu-sobre-sus-discipulos\/\"},\"wordCount\":1790,\"commentCount\":0,\"publisher\":{\"@id\":\"https:\/\/jp2doc.pl\/es\/#organization\"},\"image\":{\"@id\":\"https:\/\/jp2doc.pl\/es\/2018\/05\/19\/jesus-se-desborda-y-exhalo-su-espiritu-sobre-sus-discipulos\/#primaryimage\"},\"thumbnailUrl\":\"https:\/\/jp2doc.pl\/es\/wp-content\/uploads\/sites\/4\/2018\/05\/ravi-roshan-568880-unsplash-e1526763244496.jpg\",\"keywords\":[\"Cen\u00e1culo\",\"Esp\u00edritu\",\"Francisca_Sierra_G\u00f3mez\",\"Pentecost\u00e9s\"],\"articleSection\":[\"Blog\",\"Strona g\u0142\u00f3wna - najnowsze\",\"Strona g\u0142\u00f3wna - slider\"],\"inLanguage\":\"es\",\"potentialAction\":[{\"@type\":\"CommentAction\",\"name\":\"Comment\",\"target\":[\"https:\/\/jp2doc.pl\/es\/2018\/05\/19\/jesus-se-desborda-y-exhalo-su-espiritu-sobre-sus-discipulos\/#respond\"]}]},{\"@type\":\"WebPage\",\"@id\":\"https:\/\/jp2doc.pl\/es\/2018\/05\/19\/jesus-se-desborda-y-exhalo-su-espiritu-sobre-sus-discipulos\/\",\"url\":\"https:\/\/jp2doc.pl\/es\/2018\/05\/19\/jesus-se-desborda-y-exhalo-su-espiritu-sobre-sus-discipulos\/\",\"name\":\"Jes\u00fas se desborda y... exhal\u00f3 su Esp\u00edritu sobre sus disc\u00edpulos - Centro de Documentaci\u00f3n y Estudios del Pontificado de Juan Pablo II en Roma\",\"isPartOf\":{\"@id\":\"https:\/\/jp2doc.pl\/es\/#website\"},\"primaryImageOfPage\":{\"@id\":\"https:\/\/jp2doc.pl\/es\/2018\/05\/19\/jesus-se-desborda-y-exhalo-su-espiritu-sobre-sus-discipulos\/#primaryimage\"},\"image\":{\"@id\":\"https:\/\/jp2doc.pl\/es\/2018\/05\/19\/jesus-se-desborda-y-exhalo-su-espiritu-sobre-sus-discipulos\/#primaryimage\"},\"thumbnailUrl\":\"https:\/\/jp2doc.pl\/es\/wp-content\/uploads\/sites\/4\/2018\/05\/ravi-roshan-568880-unsplash-e1526763244496.jpg\",\"datePublished\":\"2018-05-19T20:54:30+00:00\",\"dateModified\":\"2018-05-19T20:54:53+00:00\",\"breadcrumb\":{\"@id\":\"https:\/\/jp2doc.pl\/es\/2018\/05\/19\/jesus-se-desborda-y-exhalo-su-espiritu-sobre-sus-discipulos\/#breadcrumb\"},\"inLanguage\":\"es\",\"potentialAction\":[{\"@type\":\"ReadAction\",\"target\":[\"https:\/\/jp2doc.pl\/es\/2018\/05\/19\/jesus-se-desborda-y-exhalo-su-espiritu-sobre-sus-discipulos\/\"]}]},{\"@type\":\"ImageObject\",\"inLanguage\":\"es\",\"@id\":\"https:\/\/jp2doc.pl\/es\/2018\/05\/19\/jesus-se-desborda-y-exhalo-su-espiritu-sobre-sus-discipulos\/#primaryimage\",\"url\":\"https:\/\/jp2doc.pl\/es\/wp-content\/uploads\/sites\/4\/2018\/05\/ravi-roshan-568880-unsplash-e1526763244496.jpg\",\"contentUrl\":\"https:\/\/jp2doc.pl\/es\/wp-content\/uploads\/sites\/4\/2018\/05\/ravi-roshan-568880-unsplash-e1526763244496.jpg\",\"width\":1650,\"height\":820},{\"@type\":\"BreadcrumbList\",\"@id\":\"https:\/\/jp2doc.pl\/es\/2018\/05\/19\/jesus-se-desborda-y-exhalo-su-espiritu-sobre-sus-discipulos\/#breadcrumb\",\"itemListElement\":[{\"@type\":\"ListItem\",\"position\":1,\"name\":\"Home\",\"item\":\"https:\/\/jp2doc.pl\/es\/\"},{\"@type\":\"ListItem\",\"position\":2,\"name\":\"Jes\u00fas se desborda y&#8230; exhal\u00f3 su Esp\u00edritu sobre sus disc\u00edpulos\"}]},{\"@type\":\"WebSite\",\"@id\":\"https:\/\/jp2doc.pl\/es\/#website\",\"url\":\"https:\/\/jp2doc.pl\/es\/\",\"name\":\"Centro de Documentaci\u00f3n y Estudios del Pontificado de Juan Pablo II en Roma\",\"description\":\"\",\"publisher\":{\"@id\":\"https:\/\/jp2doc.pl\/es\/#organization\"},\"potentialAction\":[{\"@type\":\"SearchAction\",\"target\":{\"@type\":\"EntryPoint\",\"urlTemplate\":\"https:\/\/jp2doc.pl\/es\/?s={search_term_string}\"},\"query-input\":{\"@type\":\"PropertyValueSpecification\",\"valueRequired\":true,\"valueName\":\"search_term_string\"}}],\"inLanguage\":\"es\"},{\"@type\":\"Organization\",\"@id\":\"https:\/\/jp2doc.pl\/es\/#organization\",\"name\":\"Centro de Documentaci\u00f3n y Estudios del Pontificado de Juan Pablo II en Roma\",\"url\":\"https:\/\/jp2doc.pl\/es\/\",\"logo\":{\"@type\":\"ImageObject\",\"inLanguage\":\"es\",\"@id\":\"https:\/\/jp2doc.pl\/es\/#\/schema\/logo\/image\/\",\"url\":\"https:\/\/jp2doc.pl\/es\/wp-content\/uploads\/sites\/4\/2017\/03\/cropped-logo.png\",\"contentUrl\":\"https:\/\/jp2doc.pl\/es\/wp-content\/uploads\/sites\/4\/2017\/03\/cropped-logo.png\",\"width\":115,\"height\":115,\"caption\":\"Centro de Documentaci\u00f3n y Estudios del Pontificado de Juan Pablo II en Roma\"},\"image\":{\"@id\":\"https:\/\/jp2doc.pl\/es\/#\/schema\/logo\/image\/\"}},{\"@type\":\"Person\",\"@id\":\"https:\/\/jp2doc.pl\/es\/#\/schema\/person\/6110109e80abb51f6fac4824777eabfe\",\"name\":\"juliasercanka\",\"image\":{\"@type\":\"ImageObject\",\"inLanguage\":\"es\",\"@id\":\"https:\/\/jp2doc.pl\/es\/#\/schema\/person\/image\/\",\"url\":\"https:\/\/secure.gravatar.com\/avatar\/266a66e864556e22d55d61b6b10c97fab9060767b738564bcd109f3997e372bc?s=96&d=mm&r=g\",\"contentUrl\":\"https:\/\/secure.gravatar.com\/avatar\/266a66e864556e22d55d61b6b10c97fab9060767b738564bcd109f3997e372bc?s=96&d=mm&r=g\",\"caption\":\"juliasercanka\"},\"url\":\"https:\/\/jp2doc.pl\/es\/author\/juliasercanka\/\"}]}<\/script>\n<!-- \/ Yoast SEO plugin. -->","yoast_head_json":{"title":"Jes\u00fas se desborda y... exhal\u00f3 su Esp\u00edritu sobre sus disc\u00edpulos - Centro de Documentaci\u00f3n y Estudios del Pontificado de Juan Pablo II en Roma","robots":{"index":"index","follow":"follow","max-snippet":"max-snippet:-1","max-image-preview":"max-image-preview:large","max-video-preview":"max-video-preview:-1"},"canonical":"https:\/\/jp2doc.pl\/es\/2018\/05\/19\/jesus-se-desborda-y-exhalo-su-espiritu-sobre-sus-discipulos\/","og_locale":"es_ES","og_type":"article","og_title":"Jes\u00fas se desborda y... exhal\u00f3 su Esp\u00edritu sobre sus disc\u00edpulos - Centro de Documentaci\u00f3n y Estudios del Pontificado de Juan Pablo II en Roma","og_description":"Domingo de Pentecost\u00e9s","og_url":"https:\/\/jp2doc.pl\/es\/2018\/05\/19\/jesus-se-desborda-y-exhalo-su-espiritu-sobre-sus-discipulos\/","og_site_name":"Centro de Documentaci\u00f3n y Estudios del Pontificado de Juan Pablo II en Roma","article_published_time":"2018-05-19T20:54:30+00:00","article_modified_time":"2018-05-19T20:54:53+00:00","og_image":[{"width":1650,"height":820,"url":"https:\/\/jp2doc.pl\/es\/wp-content\/uploads\/sites\/4\/2018\/05\/ravi-roshan-568880-unsplash-e1526763244496.jpg","type":"image\/jpeg"}],"author":"juliasercanka","twitter_card":"summary_large_image","twitter_misc":{"Escrito por":"juliasercanka","Tiempo de lectura":"9 minutos"},"schema":{"@context":"https:\/\/schema.org","@graph":[{"@type":"Article","@id":"https:\/\/jp2doc.pl\/es\/2018\/05\/19\/jesus-se-desborda-y-exhalo-su-espiritu-sobre-sus-discipulos\/#article","isPartOf":{"@id":"https:\/\/jp2doc.pl\/es\/2018\/05\/19\/jesus-se-desborda-y-exhalo-su-espiritu-sobre-sus-discipulos\/"},"author":{"name":"juliasercanka","@id":"https:\/\/jp2doc.pl\/es\/#\/schema\/person\/6110109e80abb51f6fac4824777eabfe"},"headline":"Jes\u00fas se desborda y&#8230; exhal\u00f3 su Esp\u00edritu sobre sus disc\u00edpulos","datePublished":"2018-05-19T20:54:30+00:00","dateModified":"2018-05-19T20:54:53+00:00","mainEntityOfPage":{"@id":"https:\/\/jp2doc.pl\/es\/2018\/05\/19\/jesus-se-desborda-y-exhalo-su-espiritu-sobre-sus-discipulos\/"},"wordCount":1790,"commentCount":0,"publisher":{"@id":"https:\/\/jp2doc.pl\/es\/#organization"},"image":{"@id":"https:\/\/jp2doc.pl\/es\/2018\/05\/19\/jesus-se-desborda-y-exhalo-su-espiritu-sobre-sus-discipulos\/#primaryimage"},"thumbnailUrl":"https:\/\/jp2doc.pl\/es\/wp-content\/uploads\/sites\/4\/2018\/05\/ravi-roshan-568880-unsplash-e1526763244496.jpg","keywords":["Cen\u00e1culo","Esp\u00edritu","Francisca_Sierra_G\u00f3mez","Pentecost\u00e9s"],"articleSection":["Blog","Strona g\u0142\u00f3wna - najnowsze","Strona g\u0142\u00f3wna - slider"],"inLanguage":"es","potentialAction":[{"@type":"CommentAction","name":"Comment","target":["https:\/\/jp2doc.pl\/es\/2018\/05\/19\/jesus-se-desborda-y-exhalo-su-espiritu-sobre-sus-discipulos\/#respond"]}]},{"@type":"WebPage","@id":"https:\/\/jp2doc.pl\/es\/2018\/05\/19\/jesus-se-desborda-y-exhalo-su-espiritu-sobre-sus-discipulos\/","url":"https:\/\/jp2doc.pl\/es\/2018\/05\/19\/jesus-se-desborda-y-exhalo-su-espiritu-sobre-sus-discipulos\/","name":"Jes\u00fas se desborda y... exhal\u00f3 su Esp\u00edritu sobre sus disc\u00edpulos - Centro de Documentaci\u00f3n y Estudios del Pontificado de Juan Pablo II en Roma","isPartOf":{"@id":"https:\/\/jp2doc.pl\/es\/#website"},"primaryImageOfPage":{"@id":"https:\/\/jp2doc.pl\/es\/2018\/05\/19\/jesus-se-desborda-y-exhalo-su-espiritu-sobre-sus-discipulos\/#primaryimage"},"image":{"@id":"https:\/\/jp2doc.pl\/es\/2018\/05\/19\/jesus-se-desborda-y-exhalo-su-espiritu-sobre-sus-discipulos\/#primaryimage"},"thumbnailUrl":"https:\/\/jp2doc.pl\/es\/wp-content\/uploads\/sites\/4\/2018\/05\/ravi-roshan-568880-unsplash-e1526763244496.jpg","datePublished":"2018-05-19T20:54:30+00:00","dateModified":"2018-05-19T20:54:53+00:00","breadcrumb":{"@id":"https:\/\/jp2doc.pl\/es\/2018\/05\/19\/jesus-se-desborda-y-exhalo-su-espiritu-sobre-sus-discipulos\/#breadcrumb"},"inLanguage":"es","potentialAction":[{"@type":"ReadAction","target":["https:\/\/jp2doc.pl\/es\/2018\/05\/19\/jesus-se-desborda-y-exhalo-su-espiritu-sobre-sus-discipulos\/"]}]},{"@type":"ImageObject","inLanguage":"es","@id":"https:\/\/jp2doc.pl\/es\/2018\/05\/19\/jesus-se-desborda-y-exhalo-su-espiritu-sobre-sus-discipulos\/#primaryimage","url":"https:\/\/jp2doc.pl\/es\/wp-content\/uploads\/sites\/4\/2018\/05\/ravi-roshan-568880-unsplash-e1526763244496.jpg","contentUrl":"https:\/\/jp2doc.pl\/es\/wp-content\/uploads\/sites\/4\/2018\/05\/ravi-roshan-568880-unsplash-e1526763244496.jpg","width":1650,"height":820},{"@type":"BreadcrumbList","@id":"https:\/\/jp2doc.pl\/es\/2018\/05\/19\/jesus-se-desborda-y-exhalo-su-espiritu-sobre-sus-discipulos\/#breadcrumb","itemListElement":[{"@type":"ListItem","position":1,"name":"Home","item":"https:\/\/jp2doc.pl\/es\/"},{"@type":"ListItem","position":2,"name":"Jes\u00fas se desborda y&#8230; exhal\u00f3 su Esp\u00edritu sobre sus disc\u00edpulos"}]},{"@type":"WebSite","@id":"https:\/\/jp2doc.pl\/es\/#website","url":"https:\/\/jp2doc.pl\/es\/","name":"Centro de Documentaci\u00f3n y Estudios del Pontificado de Juan Pablo II en Roma","description":"","publisher":{"@id":"https:\/\/jp2doc.pl\/es\/#organization"},"potentialAction":[{"@type":"SearchAction","target":{"@type":"EntryPoint","urlTemplate":"https:\/\/jp2doc.pl\/es\/?s={search_term_string}"},"query-input":{"@type":"PropertyValueSpecification","valueRequired":true,"valueName":"search_term_string"}}],"inLanguage":"es"},{"@type":"Organization","@id":"https:\/\/jp2doc.pl\/es\/#organization","name":"Centro de Documentaci\u00f3n y Estudios del Pontificado de Juan Pablo II en Roma","url":"https:\/\/jp2doc.pl\/es\/","logo":{"@type":"ImageObject","inLanguage":"es","@id":"https:\/\/jp2doc.pl\/es\/#\/schema\/logo\/image\/","url":"https:\/\/jp2doc.pl\/es\/wp-content\/uploads\/sites\/4\/2017\/03\/cropped-logo.png","contentUrl":"https:\/\/jp2doc.pl\/es\/wp-content\/uploads\/sites\/4\/2017\/03\/cropped-logo.png","width":115,"height":115,"caption":"Centro de Documentaci\u00f3n y Estudios del Pontificado de Juan Pablo II en Roma"},"image":{"@id":"https:\/\/jp2doc.pl\/es\/#\/schema\/logo\/image\/"}},{"@type":"Person","@id":"https:\/\/jp2doc.pl\/es\/#\/schema\/person\/6110109e80abb51f6fac4824777eabfe","name":"juliasercanka","image":{"@type":"ImageObject","inLanguage":"es","@id":"https:\/\/jp2doc.pl\/es\/#\/schema\/person\/image\/","url":"https:\/\/secure.gravatar.com\/avatar\/266a66e864556e22d55d61b6b10c97fab9060767b738564bcd109f3997e372bc?s=96&d=mm&r=g","contentUrl":"https:\/\/secure.gravatar.com\/avatar\/266a66e864556e22d55d61b6b10c97fab9060767b738564bcd109f3997e372bc?s=96&d=mm&r=g","caption":"juliasercanka"},"url":"https:\/\/jp2doc.pl\/es\/author\/juliasercanka\/"}]}},"_links":{"self":[{"href":"https:\/\/jp2doc.pl\/es\/wp-json\/wp\/v2\/posts\/1409","targetHints":{"allow":["GET"]}}],"collection":[{"href":"https:\/\/jp2doc.pl\/es\/wp-json\/wp\/v2\/posts"}],"about":[{"href":"https:\/\/jp2doc.pl\/es\/wp-json\/wp\/v2\/types\/post"}],"author":[{"embeddable":true,"href":"https:\/\/jp2doc.pl\/es\/wp-json\/wp\/v2\/users\/5"}],"replies":[{"embeddable":true,"href":"https:\/\/jp2doc.pl\/es\/wp-json\/wp\/v2\/comments?post=1409"}],"version-history":[{"count":2,"href":"https:\/\/jp2doc.pl\/es\/wp-json\/wp\/v2\/posts\/1409\/revisions"}],"predecessor-version":[{"id":1412,"href":"https:\/\/jp2doc.pl\/es\/wp-json\/wp\/v2\/posts\/1409\/revisions\/1412"}],"wp:featuredmedia":[{"embeddable":true,"href":"https:\/\/jp2doc.pl\/es\/wp-json\/wp\/v2\/media\/1410"}],"wp:attachment":[{"href":"https:\/\/jp2doc.pl\/es\/wp-json\/wp\/v2\/media?parent=1409"}],"wp:term":[{"taxonomy":"category","embeddable":true,"href":"https:\/\/jp2doc.pl\/es\/wp-json\/wp\/v2\/categories?post=1409"},{"taxonomy":"post_tag","embeddable":true,"href":"https:\/\/jp2doc.pl\/es\/wp-json\/wp\/v2\/tags?post=1409"}],"curies":[{"name":"wp","href":"https:\/\/api.w.org\/{rel}","templated":true}]}}