{"id":1418,"date":"2018-05-30T19:45:30","date_gmt":"2018-05-30T17:45:30","guid":{"rendered":"http:\/\/jp2doc.pl\/es\/?p=1418"},"modified":"2018-06-03T14:46:25","modified_gmt":"2018-06-03T12:46:25","slug":"el-amor-apasionado-de-jesus","status":"publish","type":"post","link":"https:\/\/jp2doc.pl\/es\/2018\/05\/30\/el-amor-apasionado-de-jesus\/","title":{"rendered":"El amor apasionado de Jes\u00fas"},"content":{"rendered":"<p>Mc 14,12-16.22-26<\/p>\n<p>Celebramos hoy una festividad, un d\u00eda sumamente grandioso: la Solemnidad del Cuerpo de Cristo. Querido amigo, t\u00fa y yo hoy tenemos que centrarnos mucho y meternos en el coraz\u00f3n de Dios. El evangelista Marcos nos ofrece el relato de c\u00f3mo Jes\u00fas instituy\u00f3 la Eucarist\u00eda en su primer d\u00eda de Jueves Santo, c\u00f3mo reuni\u00f3 a los disc\u00edpulos, prepararon la cena, y nos dej\u00f3 la maravilla de su amor, la invenci\u00f3n de su amor: la Eucarist\u00eda. Vamos a escuchar el relato que nos dice Marcos en el cap\u00edtulo 14, vers\u00edculo 12-16 y del 22 al 26. Sumamente centrados, nos metemos en esta escena y escuchamos todo lo que ocurre en este momento tan importante para Jes\u00fas y para cada uno de nosotros:<\/p>\n<blockquote><p>El primer d\u00eda de los \u00e1cimos, cuando se sacrificaba el cordero pascual, le dijeron sus disc\u00edpulos: \u201c\u00bfD\u00f3nde quieres que vayamos y preparemos para que comas la Pascua?\u201d. Envi\u00f3 entonces a dos de sus disc\u00edpulos y les dijo: \u201cId a la ciudad y os saldr\u00e1 al encuentro un hombre que lleva un c\u00e1ntaro de agua. Seguidle y donde entre, decid al due\u00f1o de la casa: \u00abEl Maestro pregunta \u201c\u00bfD\u00f3nde est\u00e1 mi sala en que coma la Pascua con mis disc\u00edpulos?\u201d. \u00c9l os mostrar\u00e1 una sala grande en el piso de arriba, alfombrada y dispuesta. Preparad all\u00ed para nosotros\u00bb. Salieron los disc\u00edpulos y llegaron a la ciudad y encontraron como les hab\u00eda dicho, y prepararon la Pascua. Mientras cenaban, tom\u00f3 pan, y dicha la bendici\u00f3n, lo parti\u00f3 y se lo dio diciendo: \u201cTomad, esto es mi cuerpo\u201d. Tomando luego el c\u00e1liz, dio gracias, se lo dio y bebieron todos de \u00e9l, y les dijo: \u201c\u00c9sta es mi sangre de la nueva alianza, que ser\u00e1 derramada por muchos. Os lo aseguro: ya no beber\u00e9 del fruto de la vid hasta el d\u00eda en que lo beba nuevo en el Reino de Dios\u201d. Y recitado el himno, salieron hacia el Monte de los Olivos.<\/p><\/blockquote>\n<p>Despu\u00e9s de escuchar esta narraci\u00f3n y de o\u00edr a Jes\u00fas: \u201cTomad y comed, \u00e9ste es mi cuerpo. Tomad y bebed, \u00e9sta es mi sangre\u201d, despu\u00e9s de o\u00edrle c\u00f3mo pronuncia la acci\u00f3n de gracias y c\u00f3mo nos da a comer y a beber su carne, entro en un profundo encuentro contigo, Se\u00f1or, y descubro c\u00f3mo T\u00fa no puedes contener el fuego del amor que tienes por tus disc\u00edpulos y por cada uno de nosotros. C\u00f3mo te consume ese amor e inventas esta maravilla que es la Eucarist\u00eda para quedarte siempre con nosotros en ese recinto sagrado que es el sagrario, para ser alimento nuestro, para darnos a comer cada d\u00eda tu cuerpo y tu sangre, para darnos vida, darnos fuerza, para ser el remedio de tantas necesidades como tenemos. En este momento profundo, oy\u00e9ndote a ti, entro en adoraci\u00f3n, entro en profundo silencio y me dejo absorber por el amor de Dios, por el amor de Jes\u00fas, que se da enteramente a m\u00ed. Sobran las palabras\u2026<\/p>\n<p>Es un d\u00eda muy grande: la fiesta del Cuerpo y la Sangre de Cristo. Y lo recordamos desde muy peque\u00f1itos, en esas procesiones solemnes, en ese olor a incienso, a romero, a tomillo; en ese estar T\u00fa por las calles diciendo \u201cque soy Yo, que os amo, que os doy lo que soy, que me preocupo de vosotros, que soy el Sacramento de tu vida\u201d. Hoy tambi\u00e9n este encuentro me lleva a pensar mucho en mis eucarist\u00edas, en c\u00f3mo las vivo, de qu\u00e9 me alimento, en qu\u00e9 cifro mi vida, en qu\u00e9 cojo y vivo todos mis encuentros, de qu\u00e9 me nutro en esta realidad de mi vida interior, c\u00f3mo comparto este pan, c\u00f3mo celebro mis eucarist\u00edas. Y dentro de la adoraci\u00f3n, entro en una pobreza absoluta viendo lo grande que eres y lo pobre que soy yo. Y entro tambi\u00e9n a darme cuenta de c\u00f3mo te das. No puedo menos de, en adoraci\u00f3n, quedarme ah\u00ed, y decirte: \u201cSe\u00f1or m\u00edo y Dios m\u00edo: te adoro, te ofrezco mi vida, te pido perd\u00f3n por todo. Y decirte: Cuerpo de Cristo y sangre de Cristo, alimentadme y embriagadme y encendedme en la hoguera de vuestro amor, abrasadme en esta toda mi pobreza, enamoradme y salpicadme de vuestro amor y de vuestra belleza. En una palabra: llenarme de ti\u201d.<\/p>\n<p>Hoy es un encuentro de silencio, de amor, de darme cuenta del amor infinito y de alimentarme de ese cuerpo de Jes\u00fas que apaga todos mis momentos de sed y que es el encuentro de toda mi felicidad. Met\u00e1monos en el coraz\u00f3n de Dios, pensemos qu\u00e9 amor tendr\u00eda para instituir la Eucarist\u00eda, qu\u00e9 ganas de alimentarnos, qu\u00e9 ganas de quedarse con nosotros d\u00eda y noche, qu\u00e9 ganas de robustecernos, de consolarnos&#8230; Y a tanto amor, \u00bfc\u00f3mo respondo?, \u00bfc\u00f3mo respondemos?, \u00bfqu\u00e9 hacemos?&#8230; \u00bfqu\u00e9 hacemos? \u00a1Qu\u00e9 sentimientos tendr\u00edas, Se\u00f1or! C\u00f3mo recuerdo cuando leo los textos de la Biblia, c\u00f3mo recuerdo lo que nos dice que David y todo su pueblo de Israel danzaba ante el Se\u00f1or, cantando con c\u00edtaras, arpas, c\u00edmbalos, en ese Libro Segundo de Samuel. C\u00f3mo interiormente\u2026 la adoraci\u00f3n, la m\u00fasica, el canto, la danza, todo lo que pueda expresar mi amor es para ti. C\u00f3mo puedo darme cuenta y c\u00f3mo \u201cprocesiono\u201d yo a ese Jes\u00fas cada vez que le recibo, c\u00f3mo le llevo a la calle, qu\u00e9 hago, qu\u00e9 compromisos tengo, qu\u00e9 es lo que hago en mi vida.<\/p>\n<p>Esta fiesta tambi\u00e9n me lleva a pensar en la soledad del sagrario, en la soledad que te quedas ah\u00ed d\u00eda y noche, y que est\u00e1s ah\u00ed para amarme, que me esperas, que quieres que te cuente mi vida, que quieres que te cuente todo lo que me preocupa, que est\u00e1s esperando que me acerque, que te sonr\u00eda, que te diga algo. \u00a1Cu\u00e1ntos ratos de soledad y cu\u00e1nto, Jes\u00fas, estoy en m\u00ed misma sin darme cuenta de que est\u00e1s ah\u00ed y que est\u00e1s conmigo! Quiero decirte, con todo mi amor\u2026 y quiero escuchar de ti todo lo que quieres darme. Siento que me dices: \u201cToma mi alma, que te quiero santificar, que quiero que lo que hagas tenga vida, sea santo, sea m\u00edo. Toma mi cuerpo, mis llagas, mi coraz\u00f3n, mi costado, mi lanzada, t\u00f3mala; quiero salvarte de tus peligros, de tus dudas, de tu falta de fe. Toma mi sangre porque te quiero embriagar, te quiero dar esa fuerza que no tienes, te quiero dar esa vida que no tienes. Toma mi agua de mi costado, porque quiero lavarte todo eso que t\u00fa sabes y que Yo s\u00e9, que s\u00f3lo lo puedo lavar y que s\u00f3lo lo puedo purificar con el agua de mi amor. Toma mi Pasi\u00f3n para cuando est\u00e9s mal, cuando te sientas sola sufriendo, para que te sientas confortada\u201d. S\u00ed, Jes\u00fas, gracias, gracias\u2026 Yo te digo: \u201cOh, buen Jes\u00fas, \u00f3yeme. Dentro de tus llagas, esc\u00f3ndeme. Y no permitas que me aparte de ti. De los malos momentos, de los que no son tuyos, defi\u00e9ndeme. Y en la hora de mi muerte, ll\u00e1mame y m\u00e1ndame ir a ti, para que con tus santos te alabe por los siglos de los siglos\u201d.<\/p>\n<p>Querido amigo, este encuentro es sumamente de adoraci\u00f3n, sumamente de estar ah\u00ed adorando\u2026 sintiendo\u2026 absorbiendo el amor de Dios, el amor de Jes\u00fas hecho pan para alimentarme y hecho sangre para darme vida. Qu\u00e9date conmigo en silencio, quieto, hasta que nos dejemos abrasar y quemar en el sol del amor de Dios. Y al terminar, postrados ante el Se\u00f1or, cant\u00e1ndole, ador\u00e1ndole, diciendo que mis ojos vean, mi lengua cante, todo mi ser proclame la grandeza tuya, le digamos: \u201cToma, Se\u00f1or, y recibe todo lo que tengo: mi libertad, mi memoria, mi entendimiento, toda mi voluntad. Es lo que tengo, es mi poseer, T\u00fa me lo has dado y a ti te lo quiero volver a dar. Todo es tuyo. Disp\u00f3n como quieras de m\u00ed, pero dame tu amor y tu gracia, que \u00e9sta me basta. Quiero decirte tambi\u00e9n, Se\u00f1or, y pedirte que sepa adorarte, que sepa comerte, que sepa absorberte, que sepa llevarte todos los d\u00edas en mi coraz\u00f3n, despu\u00e9s de haberme alimentado de ti, al mundo que me rodea. Y que no adore a nadie, nadam\u00e1s que a ti\u201d.<\/p>\n<p><strong>Francisca Sierra G\u00f3mez<\/strong>, Celadoras del Reinado del Coraz\u00f3n de Jes\u00fas<\/p>\n","protected":false},"excerpt":{"rendered":"<p>El Sant\u00edsimo Cuerpo y Sangre de Cristo<\/p>\n","protected":false},"author":5,"featured_media":1419,"comment_status":"open","ping_status":"open","sticky":false,"template":"","format":"standard","meta":{"_acf_changed":false,"_exactmetrics_skip_tracking":false,"_exactmetrics_sitenote_active":false,"_exactmetrics_sitenote_note":"","_exactmetrics_sitenote_category":0,"footnotes":""},"categories":[4,13,14],"tags":[64,127,126,27,128],"class_list":["post-1418","post","type-post","status-publish","format-standard","has-post-thumbnail","hentry","category-blog","category-strona-glowna-najnowsze","category-strona-glowna-slider","tag-cristo","tag-cuerpo","tag-eucaristia","tag-jesus","tag-sangre"],"acf":[],"yoast_head":"<!-- This site is optimized with the Yoast SEO plugin v26.2 - https:\/\/yoast.com\/wordpress\/plugins\/seo\/ -->\n<title>El amor apasionado de Jes\u00fas - Centro de Documentaci\u00f3n y Estudios del Pontificado de Juan Pablo II en Roma<\/title>\n<meta name=\"robots\" content=\"index, follow, max-snippet:-1, max-image-preview:large, max-video-preview:-1\" \/>\n<link rel=\"canonical\" href=\"https:\/\/jp2doc.pl\/es\/2018\/05\/30\/el-amor-apasionado-de-jesus\/\" \/>\n<meta property=\"og:locale\" content=\"es_ES\" \/>\n<meta property=\"og:type\" content=\"article\" \/>\n<meta property=\"og:title\" content=\"El amor apasionado de Jes\u00fas - Centro de Documentaci\u00f3n y Estudios del Pontificado de Juan Pablo II en Roma\" \/>\n<meta property=\"og:description\" content=\"El Sant\u00edsimo Cuerpo y Sangre de Cristo\" \/>\n<meta property=\"og:url\" content=\"https:\/\/jp2doc.pl\/es\/2018\/05\/30\/el-amor-apasionado-de-jesus\/\" \/>\n<meta property=\"og:site_name\" content=\"Centro de Documentaci\u00f3n y Estudios del Pontificado de Juan Pablo II en Roma\" \/>\n<meta property=\"article:published_time\" content=\"2018-05-30T17:45:30+00:00\" \/>\n<meta property=\"article:modified_time\" content=\"2018-06-03T12:46:25+00:00\" \/>\n<meta property=\"og:image\" content=\"https:\/\/jp2doc.pl\/es\/wp-content\/uploads\/sites\/4\/2018\/05\/rachel-moore-587604-unsplash.jpg\" \/>\n\t<meta property=\"og:image:width\" content=\"2995\" \/>\n\t<meta property=\"og:image:height\" content=\"1415\" \/>\n\t<meta property=\"og:image:type\" content=\"image\/jpeg\" \/>\n<meta name=\"author\" content=\"juliasercanka\" \/>\n<meta name=\"twitter:card\" content=\"summary_large_image\" \/>\n<meta name=\"twitter:label1\" content=\"Escrito por\" \/>\n\t<meta name=\"twitter:data1\" content=\"juliasercanka\" \/>\n\t<meta name=\"twitter:label2\" content=\"Tiempo de lectura\" \/>\n\t<meta name=\"twitter:data2\" content=\"7 minutos\" \/>\n<script type=\"application\/ld+json\" class=\"yoast-schema-graph\">{\"@context\":\"https:\/\/schema.org\",\"@graph\":[{\"@type\":\"Article\",\"@id\":\"https:\/\/jp2doc.pl\/es\/2018\/05\/30\/el-amor-apasionado-de-jesus\/#article\",\"isPartOf\":{\"@id\":\"https:\/\/jp2doc.pl\/es\/2018\/05\/30\/el-amor-apasionado-de-jesus\/\"},\"author\":{\"name\":\"juliasercanka\",\"@id\":\"https:\/\/jp2doc.pl\/es\/#\/schema\/person\/6110109e80abb51f6fac4824777eabfe\"},\"headline\":\"El amor apasionado de Jes\u00fas\",\"datePublished\":\"2018-05-30T17:45:30+00:00\",\"dateModified\":\"2018-06-03T12:46:25+00:00\",\"mainEntityOfPage\":{\"@id\":\"https:\/\/jp2doc.pl\/es\/2018\/05\/30\/el-amor-apasionado-de-jesus\/\"},\"wordCount\":1482,\"commentCount\":0,\"publisher\":{\"@id\":\"https:\/\/jp2doc.pl\/es\/#organization\"},\"image\":{\"@id\":\"https:\/\/jp2doc.pl\/es\/2018\/05\/30\/el-amor-apasionado-de-jesus\/#primaryimage\"},\"thumbnailUrl\":\"https:\/\/jp2doc.pl\/es\/wp-content\/uploads\/sites\/4\/2018\/05\/rachel-moore-587604-unsplash.jpg\",\"keywords\":[\"Cristo\",\"Cuerpo\",\"Eucarist\u00eda\",\"Jes\u00fas\",\"Sangre\"],\"articleSection\":[\"Blog\",\"Strona g\u0142\u00f3wna - najnowsze\",\"Strona g\u0142\u00f3wna - slider\"],\"inLanguage\":\"es\",\"potentialAction\":[{\"@type\":\"CommentAction\",\"name\":\"Comment\",\"target\":[\"https:\/\/jp2doc.pl\/es\/2018\/05\/30\/el-amor-apasionado-de-jesus\/#respond\"]}]},{\"@type\":\"WebPage\",\"@id\":\"https:\/\/jp2doc.pl\/es\/2018\/05\/30\/el-amor-apasionado-de-jesus\/\",\"url\":\"https:\/\/jp2doc.pl\/es\/2018\/05\/30\/el-amor-apasionado-de-jesus\/\",\"name\":\"El amor apasionado de Jes\u00fas - Centro de Documentaci\u00f3n y Estudios del Pontificado de Juan Pablo II en Roma\",\"isPartOf\":{\"@id\":\"https:\/\/jp2doc.pl\/es\/#website\"},\"primaryImageOfPage\":{\"@id\":\"https:\/\/jp2doc.pl\/es\/2018\/05\/30\/el-amor-apasionado-de-jesus\/#primaryimage\"},\"image\":{\"@id\":\"https:\/\/jp2doc.pl\/es\/2018\/05\/30\/el-amor-apasionado-de-jesus\/#primaryimage\"},\"thumbnailUrl\":\"https:\/\/jp2doc.pl\/es\/wp-content\/uploads\/sites\/4\/2018\/05\/rachel-moore-587604-unsplash.jpg\",\"datePublished\":\"2018-05-30T17:45:30+00:00\",\"dateModified\":\"2018-06-03T12:46:25+00:00\",\"breadcrumb\":{\"@id\":\"https:\/\/jp2doc.pl\/es\/2018\/05\/30\/el-amor-apasionado-de-jesus\/#breadcrumb\"},\"inLanguage\":\"es\",\"potentialAction\":[{\"@type\":\"ReadAction\",\"target\":[\"https:\/\/jp2doc.pl\/es\/2018\/05\/30\/el-amor-apasionado-de-jesus\/\"]}]},{\"@type\":\"ImageObject\",\"inLanguage\":\"es\",\"@id\":\"https:\/\/jp2doc.pl\/es\/2018\/05\/30\/el-amor-apasionado-de-jesus\/#primaryimage\",\"url\":\"https:\/\/jp2doc.pl\/es\/wp-content\/uploads\/sites\/4\/2018\/05\/rachel-moore-587604-unsplash.jpg\",\"contentUrl\":\"https:\/\/jp2doc.pl\/es\/wp-content\/uploads\/sites\/4\/2018\/05\/rachel-moore-587604-unsplash.jpg\",\"width\":2995,\"height\":1415},{\"@type\":\"BreadcrumbList\",\"@id\":\"https:\/\/jp2doc.pl\/es\/2018\/05\/30\/el-amor-apasionado-de-jesus\/#breadcrumb\",\"itemListElement\":[{\"@type\":\"ListItem\",\"position\":1,\"name\":\"Home\",\"item\":\"https:\/\/jp2doc.pl\/es\/\"},{\"@type\":\"ListItem\",\"position\":2,\"name\":\"El amor apasionado de Jes\u00fas\"}]},{\"@type\":\"WebSite\",\"@id\":\"https:\/\/jp2doc.pl\/es\/#website\",\"url\":\"https:\/\/jp2doc.pl\/es\/\",\"name\":\"Centro de Documentaci\u00f3n y Estudios del Pontificado de Juan Pablo II en Roma\",\"description\":\"\",\"publisher\":{\"@id\":\"https:\/\/jp2doc.pl\/es\/#organization\"},\"potentialAction\":[{\"@type\":\"SearchAction\",\"target\":{\"@type\":\"EntryPoint\",\"urlTemplate\":\"https:\/\/jp2doc.pl\/es\/?s={search_term_string}\"},\"query-input\":{\"@type\":\"PropertyValueSpecification\",\"valueRequired\":true,\"valueName\":\"search_term_string\"}}],\"inLanguage\":\"es\"},{\"@type\":\"Organization\",\"@id\":\"https:\/\/jp2doc.pl\/es\/#organization\",\"name\":\"Centro de Documentaci\u00f3n y Estudios del Pontificado de Juan Pablo II en Roma\",\"url\":\"https:\/\/jp2doc.pl\/es\/\",\"logo\":{\"@type\":\"ImageObject\",\"inLanguage\":\"es\",\"@id\":\"https:\/\/jp2doc.pl\/es\/#\/schema\/logo\/image\/\",\"url\":\"https:\/\/jp2doc.pl\/es\/wp-content\/uploads\/sites\/4\/2017\/03\/cropped-logo.png\",\"contentUrl\":\"https:\/\/jp2doc.pl\/es\/wp-content\/uploads\/sites\/4\/2017\/03\/cropped-logo.png\",\"width\":115,\"height\":115,\"caption\":\"Centro de Documentaci\u00f3n y Estudios del Pontificado de Juan Pablo II en Roma\"},\"image\":{\"@id\":\"https:\/\/jp2doc.pl\/es\/#\/schema\/logo\/image\/\"}},{\"@type\":\"Person\",\"@id\":\"https:\/\/jp2doc.pl\/es\/#\/schema\/person\/6110109e80abb51f6fac4824777eabfe\",\"name\":\"juliasercanka\",\"image\":{\"@type\":\"ImageObject\",\"inLanguage\":\"es\",\"@id\":\"https:\/\/jp2doc.pl\/es\/#\/schema\/person\/image\/\",\"url\":\"https:\/\/secure.gravatar.com\/avatar\/266a66e864556e22d55d61b6b10c97fab9060767b738564bcd109f3997e372bc?s=96&d=mm&r=g\",\"contentUrl\":\"https:\/\/secure.gravatar.com\/avatar\/266a66e864556e22d55d61b6b10c97fab9060767b738564bcd109f3997e372bc?s=96&d=mm&r=g\",\"caption\":\"juliasercanka\"},\"url\":\"https:\/\/jp2doc.pl\/es\/author\/juliasercanka\/\"}]}<\/script>\n<!-- \/ Yoast SEO plugin. -->","yoast_head_json":{"title":"El amor apasionado de Jes\u00fas - Centro de Documentaci\u00f3n y Estudios del Pontificado de Juan Pablo II en Roma","robots":{"index":"index","follow":"follow","max-snippet":"max-snippet:-1","max-image-preview":"max-image-preview:large","max-video-preview":"max-video-preview:-1"},"canonical":"https:\/\/jp2doc.pl\/es\/2018\/05\/30\/el-amor-apasionado-de-jesus\/","og_locale":"es_ES","og_type":"article","og_title":"El amor apasionado de Jes\u00fas - Centro de Documentaci\u00f3n y Estudios del Pontificado de Juan Pablo II en Roma","og_description":"El Sant\u00edsimo Cuerpo y Sangre de Cristo","og_url":"https:\/\/jp2doc.pl\/es\/2018\/05\/30\/el-amor-apasionado-de-jesus\/","og_site_name":"Centro de Documentaci\u00f3n y Estudios del Pontificado de Juan Pablo II en Roma","article_published_time":"2018-05-30T17:45:30+00:00","article_modified_time":"2018-06-03T12:46:25+00:00","og_image":[{"width":2995,"height":1415,"url":"https:\/\/jp2doc.pl\/es\/wp-content\/uploads\/sites\/4\/2018\/05\/rachel-moore-587604-unsplash.jpg","type":"image\/jpeg"}],"author":"juliasercanka","twitter_card":"summary_large_image","twitter_misc":{"Escrito por":"juliasercanka","Tiempo de lectura":"7 minutos"},"schema":{"@context":"https:\/\/schema.org","@graph":[{"@type":"Article","@id":"https:\/\/jp2doc.pl\/es\/2018\/05\/30\/el-amor-apasionado-de-jesus\/#article","isPartOf":{"@id":"https:\/\/jp2doc.pl\/es\/2018\/05\/30\/el-amor-apasionado-de-jesus\/"},"author":{"name":"juliasercanka","@id":"https:\/\/jp2doc.pl\/es\/#\/schema\/person\/6110109e80abb51f6fac4824777eabfe"},"headline":"El amor apasionado de Jes\u00fas","datePublished":"2018-05-30T17:45:30+00:00","dateModified":"2018-06-03T12:46:25+00:00","mainEntityOfPage":{"@id":"https:\/\/jp2doc.pl\/es\/2018\/05\/30\/el-amor-apasionado-de-jesus\/"},"wordCount":1482,"commentCount":0,"publisher":{"@id":"https:\/\/jp2doc.pl\/es\/#organization"},"image":{"@id":"https:\/\/jp2doc.pl\/es\/2018\/05\/30\/el-amor-apasionado-de-jesus\/#primaryimage"},"thumbnailUrl":"https:\/\/jp2doc.pl\/es\/wp-content\/uploads\/sites\/4\/2018\/05\/rachel-moore-587604-unsplash.jpg","keywords":["Cristo","Cuerpo","Eucarist\u00eda","Jes\u00fas","Sangre"],"articleSection":["Blog","Strona g\u0142\u00f3wna - najnowsze","Strona g\u0142\u00f3wna - slider"],"inLanguage":"es","potentialAction":[{"@type":"CommentAction","name":"Comment","target":["https:\/\/jp2doc.pl\/es\/2018\/05\/30\/el-amor-apasionado-de-jesus\/#respond"]}]},{"@type":"WebPage","@id":"https:\/\/jp2doc.pl\/es\/2018\/05\/30\/el-amor-apasionado-de-jesus\/","url":"https:\/\/jp2doc.pl\/es\/2018\/05\/30\/el-amor-apasionado-de-jesus\/","name":"El amor apasionado de Jes\u00fas - Centro de Documentaci\u00f3n y Estudios del Pontificado de Juan Pablo II en Roma","isPartOf":{"@id":"https:\/\/jp2doc.pl\/es\/#website"},"primaryImageOfPage":{"@id":"https:\/\/jp2doc.pl\/es\/2018\/05\/30\/el-amor-apasionado-de-jesus\/#primaryimage"},"image":{"@id":"https:\/\/jp2doc.pl\/es\/2018\/05\/30\/el-amor-apasionado-de-jesus\/#primaryimage"},"thumbnailUrl":"https:\/\/jp2doc.pl\/es\/wp-content\/uploads\/sites\/4\/2018\/05\/rachel-moore-587604-unsplash.jpg","datePublished":"2018-05-30T17:45:30+00:00","dateModified":"2018-06-03T12:46:25+00:00","breadcrumb":{"@id":"https:\/\/jp2doc.pl\/es\/2018\/05\/30\/el-amor-apasionado-de-jesus\/#breadcrumb"},"inLanguage":"es","potentialAction":[{"@type":"ReadAction","target":["https:\/\/jp2doc.pl\/es\/2018\/05\/30\/el-amor-apasionado-de-jesus\/"]}]},{"@type":"ImageObject","inLanguage":"es","@id":"https:\/\/jp2doc.pl\/es\/2018\/05\/30\/el-amor-apasionado-de-jesus\/#primaryimage","url":"https:\/\/jp2doc.pl\/es\/wp-content\/uploads\/sites\/4\/2018\/05\/rachel-moore-587604-unsplash.jpg","contentUrl":"https:\/\/jp2doc.pl\/es\/wp-content\/uploads\/sites\/4\/2018\/05\/rachel-moore-587604-unsplash.jpg","width":2995,"height":1415},{"@type":"BreadcrumbList","@id":"https:\/\/jp2doc.pl\/es\/2018\/05\/30\/el-amor-apasionado-de-jesus\/#breadcrumb","itemListElement":[{"@type":"ListItem","position":1,"name":"Home","item":"https:\/\/jp2doc.pl\/es\/"},{"@type":"ListItem","position":2,"name":"El amor apasionado de Jes\u00fas"}]},{"@type":"WebSite","@id":"https:\/\/jp2doc.pl\/es\/#website","url":"https:\/\/jp2doc.pl\/es\/","name":"Centro de Documentaci\u00f3n y Estudios del Pontificado de Juan Pablo II en Roma","description":"","publisher":{"@id":"https:\/\/jp2doc.pl\/es\/#organization"},"potentialAction":[{"@type":"SearchAction","target":{"@type":"EntryPoint","urlTemplate":"https:\/\/jp2doc.pl\/es\/?s={search_term_string}"},"query-input":{"@type":"PropertyValueSpecification","valueRequired":true,"valueName":"search_term_string"}}],"inLanguage":"es"},{"@type":"Organization","@id":"https:\/\/jp2doc.pl\/es\/#organization","name":"Centro de Documentaci\u00f3n y Estudios del Pontificado de Juan Pablo II en Roma","url":"https:\/\/jp2doc.pl\/es\/","logo":{"@type":"ImageObject","inLanguage":"es","@id":"https:\/\/jp2doc.pl\/es\/#\/schema\/logo\/image\/","url":"https:\/\/jp2doc.pl\/es\/wp-content\/uploads\/sites\/4\/2017\/03\/cropped-logo.png","contentUrl":"https:\/\/jp2doc.pl\/es\/wp-content\/uploads\/sites\/4\/2017\/03\/cropped-logo.png","width":115,"height":115,"caption":"Centro de Documentaci\u00f3n y Estudios del Pontificado de Juan Pablo II en Roma"},"image":{"@id":"https:\/\/jp2doc.pl\/es\/#\/schema\/logo\/image\/"}},{"@type":"Person","@id":"https:\/\/jp2doc.pl\/es\/#\/schema\/person\/6110109e80abb51f6fac4824777eabfe","name":"juliasercanka","image":{"@type":"ImageObject","inLanguage":"es","@id":"https:\/\/jp2doc.pl\/es\/#\/schema\/person\/image\/","url":"https:\/\/secure.gravatar.com\/avatar\/266a66e864556e22d55d61b6b10c97fab9060767b738564bcd109f3997e372bc?s=96&d=mm&r=g","contentUrl":"https:\/\/secure.gravatar.com\/avatar\/266a66e864556e22d55d61b6b10c97fab9060767b738564bcd109f3997e372bc?s=96&d=mm&r=g","caption":"juliasercanka"},"url":"https:\/\/jp2doc.pl\/es\/author\/juliasercanka\/"}]}},"_links":{"self":[{"href":"https:\/\/jp2doc.pl\/es\/wp-json\/wp\/v2\/posts\/1418","targetHints":{"allow":["GET"]}}],"collection":[{"href":"https:\/\/jp2doc.pl\/es\/wp-json\/wp\/v2\/posts"}],"about":[{"href":"https:\/\/jp2doc.pl\/es\/wp-json\/wp\/v2\/types\/post"}],"author":[{"embeddable":true,"href":"https:\/\/jp2doc.pl\/es\/wp-json\/wp\/v2\/users\/5"}],"replies":[{"embeddable":true,"href":"https:\/\/jp2doc.pl\/es\/wp-json\/wp\/v2\/comments?post=1418"}],"version-history":[{"count":2,"href":"https:\/\/jp2doc.pl\/es\/wp-json\/wp\/v2\/posts\/1418\/revisions"}],"predecessor-version":[{"id":1422,"href":"https:\/\/jp2doc.pl\/es\/wp-json\/wp\/v2\/posts\/1418\/revisions\/1422"}],"wp:featuredmedia":[{"embeddable":true,"href":"https:\/\/jp2doc.pl\/es\/wp-json\/wp\/v2\/media\/1419"}],"wp:attachment":[{"href":"https:\/\/jp2doc.pl\/es\/wp-json\/wp\/v2\/media?parent=1418"}],"wp:term":[{"taxonomy":"category","embeddable":true,"href":"https:\/\/jp2doc.pl\/es\/wp-json\/wp\/v2\/categories?post=1418"},{"taxonomy":"post_tag","embeddable":true,"href":"https:\/\/jp2doc.pl\/es\/wp-json\/wp\/v2\/tags?post=1418"}],"curies":[{"name":"wp","href":"https:\/\/api.w.org\/{rel}","templated":true}]}}