{"id":1428,"date":"2018-06-15T12:07:00","date_gmt":"2018-06-15T10:07:00","guid":{"rendered":"http:\/\/jp2doc.pl\/es\/?p=1428"},"modified":"2018-07-15T13:48:43","modified_gmt":"2018-07-15T11:48:43","slug":"1428","status":"publish","type":"post","link":"https:\/\/jp2doc.pl\/es\/2018\/06\/15\/1428\/","title":{"rendered":"La peque\u00f1a semilla y el grano de mostaza"},"content":{"rendered":"<p>Querido amigo: Hoy en nuestro encuentro nos valemos de esta escena \u2014una escena campestre\u2014 donde Jes\u00fas, le vemos que ha salido de la casa de Pedro, se va a orillas del mar, se sienta, y all\u00ed les habla a sus disc\u00edpulos en par\u00e1bolas: les explica en qu\u00e9 consiste el Reino de Dios.\u00a0 Jesus dec\u00eda Mc 4,26-34):<\/p>\n<blockquote><p>\u00a0El Reino de Dios viene a ser como un hombre que echa semillas sobre la tierra, y duerma o vele, noche y d\u00eda, la semilla germina y crece sin que \u00e9l sepa c\u00f3mo. La tierra por s\u00ed misma da el fruto: primero la hierba, despu\u00e9s la espiga y finalmente el grano maduro en la espiga; y cuando el fruto est\u00e1 a punto, enseguida mete la hoz porque es la hora de la siega\u201d. Y dec\u00eda: \u201c\u00bfA qu\u00e9 asemejaremos el Reino de Dios o con<br \/>\nqu\u00e9 par\u00e1bola lo compararemos? Es como un grano de mostaza, que cuando se siembra en tierra es la m\u00e1s peque\u00f1a de las semillas de la tierra, pero una vez sembrado, crece y se hace mayor que todas las hortalizas y echa ramas tan grandes, que a su sombra pueden anidar las aves del cielo.<\/p><\/blockquote>\n<p>Con muchas par\u00e1bolas semejantes les anunciaba la palabra seg\u00fan pod\u00edan comprenderlas, y no les hablaba sin par\u00e1bolas. Pero a sus disc\u00edpulos les explicaba todo aparte. T\u00fa y yo nos ponemos tambi\u00e9n junto a Jes\u00fas, en medio de esos disc\u00edpulos y de esa gente que est\u00e1 escuch\u00e1ndole, y le o\u00edmos decir que el Reino de Dios se parece a un hombre que echa simiente en la tierra, la deja crecer, duerme de noche, se levanta\u2026 y la semilla va germinando y creciendo sin que \u00e9l se d\u00e9 cuenta. Y la tierra va produciendo su cosecha: despuntan los tallos, la espiga, el fruto\u2026 Y lo mismo ocurre con el grano de mostaza: una semilla incipiente, peque\u00f1ita, pero que luego se hace un arbusto grande y florido.<\/p>\n<p>Pero \u00bfqu\u00e9 nos quiere decir a ti y a m\u00ed estas dos par\u00e1bolas, la de la semilla y la mostaza? Que Jes\u00fas, el Reino, \u00c9l no act\u00faa de una manera espectacular, que es una semilla insignificante, pero llena de vigor interior\u2026 y crece y da fruto. A \u00c9l no le gusta lo espectacular, lo ruidoso; trabaja en lo sencillo, en lo cotidiano, en el d\u00eda a d\u00eda, en el hora a hora, en el levantarme, en el acostarme\u2026 Es as\u00ed. Luego se convierte en un \u00e1rbol importante, pero \u00c9l es as\u00ed: lo insignificante, lo humilde, como la Virgen, as\u00ed, humilde y pobre, pero luego fecunda y llena de bienes.<\/p>\n<p>Otra lecci\u00f3n que me da el Se\u00f1or y nos da es que los m\u00e9todos espectaculares tampoco le gustan. Seguimos diciendo que le gusta lo interior, el silencio, la profundidad, el no notar, el no sobresalir. Brillaremos por nuestro testimonio, brillaremos sin nada espectacular. Y otra lecci\u00f3n tambi\u00e9n que haciendo oraci\u00f3n este encuentro contigo, Jes\u00fas, me quieres decir: que no me crea nunca protagonista de nada, y que descubra y te agradezca la fuerza interior que me ayuda a crecer en ti. Pero que tampoco pierda el \u00e1nimo, que no quiera r\u00e1pidamente el fruto, que no quiera un m\u00e9todo r\u00e1pido, sino que espere a que esa humilde semilla sepultada en la tierra d\u00e9 fruto. Quieres que colabore, quieres que est\u00e9 contigo, que sea fermento, que sea luz, que sea sal, que d\u00e9 sabor, que d\u00e9 fruto, pero ah\u00ed, en el interior, sin notar.<\/p>\n<p>El sembrador eres T\u00fa y T\u00fa haces germinar, brotar y crecer. Una gran llamada a la humildad, una gran llamada a la paciencia, una gran llamada a no ser perezoso, a contribuir, a colaborar en este plan que T\u00fa tienes conmigo en mi vida. T\u00fa har\u00e1s que germinemos, T\u00fa har\u00e1s que<br \/>\ndemos fruto. Muchas veces, Jes\u00fas, queremos todo r\u00e1pido y sembramos, pero deprisa, y a veces caemos en el des\u00e1nimo, no vemos el fruto. Qu\u00e9 raz\u00f3n tienen esas palabras:<\/p>\n<blockquote><p>Uno es el que siembra y otro es el que siega, y el fruto es tuyo&#8230; Y esa Carta a los<br \/>\nCorintios que dice: \u00abYo plant\u00e9, Apolo reg\u00f3, mas fue Dios quien dio el crecimiento\u00bb.<\/p><\/blockquote>\n<p>De modo que ni el que planta es algo, ni el que riega, sino Dios el que hace crecer. Este encuentro es una llamada a la reflexi\u00f3n y un entrar en mi interior y darme cuenta de qu\u00e9 hago con esa semilla, c\u00f3mo va\u2026, colaboro o no colaboro. Y quiero ser una persona que est\u00e9 contigo en contacto para que d\u00e9 fruto. Quiero conservar guardado en mi coraz\u00f3n ese regalo de la semilla que T\u00fa me das. Y tambi\u00e9n me doy cuenta de que a veces ni me entero siquiera de que est\u00e1s en mi interior, ni cuido tu palabra, ni cuido tu vida y ni cuido tu siembra. Quiero defender esa semilla y quiero sembrarla para que d\u00e9 fruto en los dem\u00e1s.<\/p>\n<p>A ti y a m\u00ed, amigo, amigo m\u00edo, Jes\u00fas nos entrega el Reino de Dios, el Reino de los Cielos, como una semilla que tenemos que sembrar. Pero esa semilla necesita una fuerza interior que eres T\u00fa y T\u00fa har\u00e1s crecer a un ritmo\u2026 lentamente\u2026 pero la har\u00e1s crecer. Haz, Jes\u00fas, que nunca pierda el amor, la ilusi\u00f3n, el inter\u00e9s y esa fuerza interior.<\/p>\n<p>Gracias, Jes\u00fas, por darme esa semilla. Gracias, Jes\u00fas, por hacer que yo tenga ese compromiso y esa decisi\u00f3n fuerte de cuidarla. Ya ver\u00e9, cuando T\u00fa quieras, el tallo, la espiga, el fruto. Pero que no olvide nunca que T\u00fa eres una semilla humilde, peque\u00f1a, pero extraordinaria, y que tienes el ritmo de tu propio desarrollo. No inquietarme, aunque parezca que no hago nada, que no germina mi vida, que no produce frutos. Quiero ser humilde, y quiero estar ah\u00ed d\u00e1ndome cuenta de que T\u00fa est\u00e1s sembrando toda tu fuerza interior en m\u00ed. Hoy en este encuentro te escucho, Se\u00f1or, escucho estas dos par\u00e1bolas que me dices y pienso\u2026 y agradezco\u2026 y me comprometo\u2026 y me humillo\u2026 \u00a1y me lleno de confianza! Agradezco que T\u00fa germines en mi vida. Agradezco que T\u00fa seas el Sembrador.<\/p>\n<p>Te pido paciencia para no intranquilizarme en el camino que T\u00fa quieras, fuerza para sembrar el amor, la ilusi\u00f3n; fuerza para no ser perezoso; fuerza para ser humilde; fuerza para no exigir frutos a corto plazo; fuerza para entender tu trabajo, y tambi\u00e9n ilusi\u00f3n para sembrarte por donde vaya. T\u00fa te encargar\u00e1s de lo dem\u00e1s. Dame esa fuerza y esa alegr\u00eda, y que yo no pregunte nunca ni c\u00f3mo, ni cu\u00e1ndo, ni d\u00f3nde. Que no me desanime, que trabaje, que agradezca, que me ilusione.<\/p>\n<p>\u00a1Gracias, Jes\u00fas, por estar en mi coraz\u00f3n, gracias por estar en m\u00ed! Ay\u00fadame en la medida que pueda a colaborar y a hacer crecer tu vida en m\u00ed. Alg\u00fan d\u00eda ver\u00e9 la semilla, alg\u00fan d\u00eda ver\u00e9 el fruto, alg\u00fan d\u00eda ver\u00e9 el grano. Ay\u00fadame, Se\u00f1or, para ser evangelizador y para darme cuenta de que T\u00fa est\u00e1s en m\u00ed con una fuerza interior que mueve todo. Que mi vida sea un testimonio y que nunca me canse de colaborar contigo, con un estilo poco aparente, pero que sea fermento en la masa, que sea luz, que sea sal para que T\u00fa produzcas y tengas fruto en m\u00ed y en todas las personas que yo trate de darte a conocer. Gracias, Se\u00f1or, hazme humilde, hazme paciente y hazme con una fuerza grande de ilusi\u00f3n para sembrarte donde yo vaya y donde yo est\u00e9.<\/p>\n<p>Y t\u00fa,\u00a0 Madre m\u00eda, que precisamente por tu humildad y por tu pobreza fuiste tan fecunda, ay\u00fadame tambi\u00e9n a ser humilde, a ser pobre y a saber fecundar y a saber colaborar con la semilla del amor de Jes\u00fas en m\u00ed. Me quedo escuchando y pienso esta par\u00e1bola. Parecen unas par\u00e1bolas normales, pero que reflexionadas dicen mucho en mi vida. Me quedo\u00a0 escuch\u00e1ndote, pero pensando\u2026 esa semilla que T\u00fa me das\u2026 qu\u00e9 hago con ella\u2026 la dejo crecer\u2026 c\u00f3mo colaboro&#8230; Y te agradezco el que T\u00fa est\u00e9s en m\u00ed d\u00e1ndome vida, fuerza e ilusi\u00f3n.<br \/>\n\u00a1Gracias, Se\u00f1or!<br \/>\n<strong>Francisca Sierra G\u00f3mez<\/strong>, Celadoras del Reinado del Coraz\u00f3n de Jes\u00fas<\/p>\n","protected":false},"excerpt":{"rendered":"<p>XI Domingo del Tempo Ordinario<\/p>\n","protected":false},"author":6,"featured_media":1429,"comment_status":"open","ping_status":"open","sticky":false,"template":"","format":"standard","meta":{"_acf_changed":false,"_exactmetrics_skip_tracking":false,"_exactmetrics_sitenote_active":false,"_exactmetrics_sitenote_note":"","_exactmetrics_sitenote_category":0,"footnotes":""},"categories":[4,13,14],"tags":[31,27,130,129],"class_list":["post-1428","post","type-post","status-publish","format-standard","has-post-thumbnail","hentry","category-blog","category-strona-glowna-najnowsze","category-strona-glowna-slider","tag-evangelio","tag-jesus","tag-seminador","tag-xi-domingo"],"acf":[],"yoast_head":"<!-- This site is optimized with the Yoast SEO plugin v26.2 - https:\/\/yoast.com\/wordpress\/plugins\/seo\/ -->\n<title>La peque\u00f1a semilla y el grano de mostaza - Centro de Documentaci\u00f3n y Estudios del Pontificado de Juan Pablo II en Roma<\/title>\n<meta name=\"description\" content=\"Que mi vida sea un testimonio y que nunca me canse de colaborar contigo, que sea luz, que sea sal para que T\u00fa produzcas y tengas fruto en m\u00ed.\" \/>\n<meta name=\"robots\" content=\"index, follow, max-snippet:-1, max-image-preview:large, max-video-preview:-1\" \/>\n<link rel=\"canonical\" href=\"https:\/\/jp2doc.pl\/es\/2018\/06\/15\/1428\/\" \/>\n<meta property=\"og:locale\" content=\"es_ES\" \/>\n<meta property=\"og:type\" content=\"article\" \/>\n<meta property=\"og:title\" content=\"La peque\u00f1a semilla y el grano de mostaza - Centro de Documentaci\u00f3n y Estudios del Pontificado de Juan Pablo II en Roma\" \/>\n<meta property=\"og:description\" content=\"Que mi vida sea un testimonio y que nunca me canse de colaborar contigo, que sea luz, que sea sal para que T\u00fa produzcas y tengas fruto en m\u00ed.\" \/>\n<meta property=\"og:url\" content=\"https:\/\/jp2doc.pl\/es\/2018\/06\/15\/1428\/\" \/>\n<meta property=\"og:site_name\" content=\"Centro de Documentaci\u00f3n y Estudios del Pontificado de Juan Pablo II en Roma\" \/>\n<meta property=\"article:published_time\" content=\"2018-06-15T10:07:00+00:00\" \/>\n<meta property=\"article:modified_time\" content=\"2018-07-15T11:48:43+00:00\" \/>\n<meta property=\"og:image\" content=\"https:\/\/jp2doc.pl\/es\/wp-content\/uploads\/sites\/4\/2018\/06\/pexels-photo-1134062.jpeg\" \/>\n\t<meta property=\"og:image:width\" content=\"1500\" \/>\n\t<meta property=\"og:image:height\" content=\"1000\" \/>\n\t<meta property=\"og:image:type\" content=\"image\/jpeg\" \/>\n<meta name=\"author\" content=\"adobrzynski\" \/>\n<meta name=\"twitter:card\" content=\"summary_large_image\" \/>\n<meta name=\"twitter:label1\" content=\"Escrito por\" \/>\n\t<meta name=\"twitter:data1\" content=\"adobrzynski\" \/>\n\t<meta name=\"twitter:label2\" content=\"Tiempo de lectura\" \/>\n\t<meta name=\"twitter:data2\" content=\"7 minutos\" \/>\n<script type=\"application\/ld+json\" class=\"yoast-schema-graph\">{\"@context\":\"https:\/\/schema.org\",\"@graph\":[{\"@type\":\"Article\",\"@id\":\"https:\/\/jp2doc.pl\/es\/2018\/06\/15\/1428\/#article\",\"isPartOf\":{\"@id\":\"https:\/\/jp2doc.pl\/es\/2018\/06\/15\/1428\/\"},\"author\":{\"name\":\"adobrzynski\",\"@id\":\"https:\/\/jp2doc.pl\/es\/#\/schema\/person\/f1a6804b6b9f176835bf67cba35c4212\"},\"headline\":\"La peque\u00f1a semilla y el grano de mostaza\",\"datePublished\":\"2018-06-15T10:07:00+00:00\",\"dateModified\":\"2018-07-15T11:48:43+00:00\",\"mainEntityOfPage\":{\"@id\":\"https:\/\/jp2doc.pl\/es\/2018\/06\/15\/1428\/\"},\"wordCount\":1446,\"commentCount\":0,\"publisher\":{\"@id\":\"https:\/\/jp2doc.pl\/es\/#organization\"},\"image\":{\"@id\":\"https:\/\/jp2doc.pl\/es\/2018\/06\/15\/1428\/#primaryimage\"},\"thumbnailUrl\":\"https:\/\/jp2doc.pl\/es\/wp-content\/uploads\/sites\/4\/2018\/06\/pexels-photo-1134062.jpeg\",\"keywords\":[\"evangelio\",\"Jes\u00fas\",\"seminador\",\"xi domingo\"],\"articleSection\":[\"Blog\",\"Strona g\u0142\u00f3wna - najnowsze\",\"Strona g\u0142\u00f3wna - slider\"],\"inLanguage\":\"es\",\"potentialAction\":[{\"@type\":\"CommentAction\",\"name\":\"Comment\",\"target\":[\"https:\/\/jp2doc.pl\/es\/2018\/06\/15\/1428\/#respond\"]}]},{\"@type\":\"WebPage\",\"@id\":\"https:\/\/jp2doc.pl\/es\/2018\/06\/15\/1428\/\",\"url\":\"https:\/\/jp2doc.pl\/es\/2018\/06\/15\/1428\/\",\"name\":\"La peque\u00f1a semilla y el grano de mostaza - Centro de Documentaci\u00f3n y Estudios del Pontificado de Juan Pablo II en Roma\",\"isPartOf\":{\"@id\":\"https:\/\/jp2doc.pl\/es\/#website\"},\"primaryImageOfPage\":{\"@id\":\"https:\/\/jp2doc.pl\/es\/2018\/06\/15\/1428\/#primaryimage\"},\"image\":{\"@id\":\"https:\/\/jp2doc.pl\/es\/2018\/06\/15\/1428\/#primaryimage\"},\"thumbnailUrl\":\"https:\/\/jp2doc.pl\/es\/wp-content\/uploads\/sites\/4\/2018\/06\/pexels-photo-1134062.jpeg\",\"datePublished\":\"2018-06-15T10:07:00+00:00\",\"dateModified\":\"2018-07-15T11:48:43+00:00\",\"description\":\"Que mi vida sea un testimonio y que nunca me canse de colaborar contigo, que sea luz, que sea sal para que T\u00fa produzcas y tengas fruto en m\u00ed.\",\"breadcrumb\":{\"@id\":\"https:\/\/jp2doc.pl\/es\/2018\/06\/15\/1428\/#breadcrumb\"},\"inLanguage\":\"es\",\"potentialAction\":[{\"@type\":\"ReadAction\",\"target\":[\"https:\/\/jp2doc.pl\/es\/2018\/06\/15\/1428\/\"]}]},{\"@type\":\"ImageObject\",\"inLanguage\":\"es\",\"@id\":\"https:\/\/jp2doc.pl\/es\/2018\/06\/15\/1428\/#primaryimage\",\"url\":\"https:\/\/jp2doc.pl\/es\/wp-content\/uploads\/sites\/4\/2018\/06\/pexels-photo-1134062.jpeg\",\"contentUrl\":\"https:\/\/jp2doc.pl\/es\/wp-content\/uploads\/sites\/4\/2018\/06\/pexels-photo-1134062.jpeg\",\"width\":1500,\"height\":1000},{\"@type\":\"BreadcrumbList\",\"@id\":\"https:\/\/jp2doc.pl\/es\/2018\/06\/15\/1428\/#breadcrumb\",\"itemListElement\":[{\"@type\":\"ListItem\",\"position\":1,\"name\":\"Home\",\"item\":\"https:\/\/jp2doc.pl\/es\/\"},{\"@type\":\"ListItem\",\"position\":2,\"name\":\"La peque\u00f1a semilla y el grano de mostaza\"}]},{\"@type\":\"WebSite\",\"@id\":\"https:\/\/jp2doc.pl\/es\/#website\",\"url\":\"https:\/\/jp2doc.pl\/es\/\",\"name\":\"Centro de Documentaci\u00f3n y Estudios del Pontificado de Juan Pablo II en Roma\",\"description\":\"\",\"publisher\":{\"@id\":\"https:\/\/jp2doc.pl\/es\/#organization\"},\"potentialAction\":[{\"@type\":\"SearchAction\",\"target\":{\"@type\":\"EntryPoint\",\"urlTemplate\":\"https:\/\/jp2doc.pl\/es\/?s={search_term_string}\"},\"query-input\":{\"@type\":\"PropertyValueSpecification\",\"valueRequired\":true,\"valueName\":\"search_term_string\"}}],\"inLanguage\":\"es\"},{\"@type\":\"Organization\",\"@id\":\"https:\/\/jp2doc.pl\/es\/#organization\",\"name\":\"Centro de Documentaci\u00f3n y Estudios del Pontificado de Juan Pablo II en Roma\",\"url\":\"https:\/\/jp2doc.pl\/es\/\",\"logo\":{\"@type\":\"ImageObject\",\"inLanguage\":\"es\",\"@id\":\"https:\/\/jp2doc.pl\/es\/#\/schema\/logo\/image\/\",\"url\":\"https:\/\/jp2doc.pl\/es\/wp-content\/uploads\/sites\/4\/2017\/03\/cropped-logo.png\",\"contentUrl\":\"https:\/\/jp2doc.pl\/es\/wp-content\/uploads\/sites\/4\/2017\/03\/cropped-logo.png\",\"width\":115,\"height\":115,\"caption\":\"Centro de Documentaci\u00f3n y Estudios del Pontificado de Juan Pablo II en Roma\"},\"image\":{\"@id\":\"https:\/\/jp2doc.pl\/es\/#\/schema\/logo\/image\/\"}},{\"@type\":\"Person\",\"@id\":\"https:\/\/jp2doc.pl\/es\/#\/schema\/person\/f1a6804b6b9f176835bf67cba35c4212\",\"name\":\"adobrzynski\",\"image\":{\"@type\":\"ImageObject\",\"inLanguage\":\"es\",\"@id\":\"https:\/\/jp2doc.pl\/es\/#\/schema\/person\/image\/\",\"url\":\"https:\/\/secure.gravatar.com\/avatar\/6e7eb2a67f64535320a8aa3d72bc5f83c9e81f3ad1797c6abee2e7c78ed2252a?s=96&d=mm&r=g\",\"contentUrl\":\"https:\/\/secure.gravatar.com\/avatar\/6e7eb2a67f64535320a8aa3d72bc5f83c9e81f3ad1797c6abee2e7c78ed2252a?s=96&d=mm&r=g\",\"caption\":\"adobrzynski\"},\"url\":\"https:\/\/jp2doc.pl\/es\/author\/adobrzynski\/\"}]}<\/script>\n<!-- \/ Yoast SEO plugin. -->","yoast_head_json":{"title":"La peque\u00f1a semilla y el grano de mostaza - Centro de Documentaci\u00f3n y Estudios del Pontificado de Juan Pablo II en Roma","description":"Que mi vida sea un testimonio y que nunca me canse de colaborar contigo, que sea luz, que sea sal para que T\u00fa produzcas y tengas fruto en m\u00ed.","robots":{"index":"index","follow":"follow","max-snippet":"max-snippet:-1","max-image-preview":"max-image-preview:large","max-video-preview":"max-video-preview:-1"},"canonical":"https:\/\/jp2doc.pl\/es\/2018\/06\/15\/1428\/","og_locale":"es_ES","og_type":"article","og_title":"La peque\u00f1a semilla y el grano de mostaza - Centro de Documentaci\u00f3n y Estudios del Pontificado de Juan Pablo II en Roma","og_description":"Que mi vida sea un testimonio y que nunca me canse de colaborar contigo, que sea luz, que sea sal para que T\u00fa produzcas y tengas fruto en m\u00ed.","og_url":"https:\/\/jp2doc.pl\/es\/2018\/06\/15\/1428\/","og_site_name":"Centro de Documentaci\u00f3n y Estudios del Pontificado de Juan Pablo II en Roma","article_published_time":"2018-06-15T10:07:00+00:00","article_modified_time":"2018-07-15T11:48:43+00:00","og_image":[{"width":1500,"height":1000,"url":"https:\/\/jp2doc.pl\/es\/wp-content\/uploads\/sites\/4\/2018\/06\/pexels-photo-1134062.jpeg","type":"image\/jpeg"}],"author":"adobrzynski","twitter_card":"summary_large_image","twitter_misc":{"Escrito por":"adobrzynski","Tiempo de lectura":"7 minutos"},"schema":{"@context":"https:\/\/schema.org","@graph":[{"@type":"Article","@id":"https:\/\/jp2doc.pl\/es\/2018\/06\/15\/1428\/#article","isPartOf":{"@id":"https:\/\/jp2doc.pl\/es\/2018\/06\/15\/1428\/"},"author":{"name":"adobrzynski","@id":"https:\/\/jp2doc.pl\/es\/#\/schema\/person\/f1a6804b6b9f176835bf67cba35c4212"},"headline":"La peque\u00f1a semilla y el grano de mostaza","datePublished":"2018-06-15T10:07:00+00:00","dateModified":"2018-07-15T11:48:43+00:00","mainEntityOfPage":{"@id":"https:\/\/jp2doc.pl\/es\/2018\/06\/15\/1428\/"},"wordCount":1446,"commentCount":0,"publisher":{"@id":"https:\/\/jp2doc.pl\/es\/#organization"},"image":{"@id":"https:\/\/jp2doc.pl\/es\/2018\/06\/15\/1428\/#primaryimage"},"thumbnailUrl":"https:\/\/jp2doc.pl\/es\/wp-content\/uploads\/sites\/4\/2018\/06\/pexels-photo-1134062.jpeg","keywords":["evangelio","Jes\u00fas","seminador","xi domingo"],"articleSection":["Blog","Strona g\u0142\u00f3wna - najnowsze","Strona g\u0142\u00f3wna - slider"],"inLanguage":"es","potentialAction":[{"@type":"CommentAction","name":"Comment","target":["https:\/\/jp2doc.pl\/es\/2018\/06\/15\/1428\/#respond"]}]},{"@type":"WebPage","@id":"https:\/\/jp2doc.pl\/es\/2018\/06\/15\/1428\/","url":"https:\/\/jp2doc.pl\/es\/2018\/06\/15\/1428\/","name":"La peque\u00f1a semilla y el grano de mostaza - Centro de Documentaci\u00f3n y Estudios del Pontificado de Juan Pablo II en Roma","isPartOf":{"@id":"https:\/\/jp2doc.pl\/es\/#website"},"primaryImageOfPage":{"@id":"https:\/\/jp2doc.pl\/es\/2018\/06\/15\/1428\/#primaryimage"},"image":{"@id":"https:\/\/jp2doc.pl\/es\/2018\/06\/15\/1428\/#primaryimage"},"thumbnailUrl":"https:\/\/jp2doc.pl\/es\/wp-content\/uploads\/sites\/4\/2018\/06\/pexels-photo-1134062.jpeg","datePublished":"2018-06-15T10:07:00+00:00","dateModified":"2018-07-15T11:48:43+00:00","description":"Que mi vida sea un testimonio y que nunca me canse de colaborar contigo, que sea luz, que sea sal para que T\u00fa produzcas y tengas fruto en m\u00ed.","breadcrumb":{"@id":"https:\/\/jp2doc.pl\/es\/2018\/06\/15\/1428\/#breadcrumb"},"inLanguage":"es","potentialAction":[{"@type":"ReadAction","target":["https:\/\/jp2doc.pl\/es\/2018\/06\/15\/1428\/"]}]},{"@type":"ImageObject","inLanguage":"es","@id":"https:\/\/jp2doc.pl\/es\/2018\/06\/15\/1428\/#primaryimage","url":"https:\/\/jp2doc.pl\/es\/wp-content\/uploads\/sites\/4\/2018\/06\/pexels-photo-1134062.jpeg","contentUrl":"https:\/\/jp2doc.pl\/es\/wp-content\/uploads\/sites\/4\/2018\/06\/pexels-photo-1134062.jpeg","width":1500,"height":1000},{"@type":"BreadcrumbList","@id":"https:\/\/jp2doc.pl\/es\/2018\/06\/15\/1428\/#breadcrumb","itemListElement":[{"@type":"ListItem","position":1,"name":"Home","item":"https:\/\/jp2doc.pl\/es\/"},{"@type":"ListItem","position":2,"name":"La peque\u00f1a semilla y el grano de mostaza"}]},{"@type":"WebSite","@id":"https:\/\/jp2doc.pl\/es\/#website","url":"https:\/\/jp2doc.pl\/es\/","name":"Centro de Documentaci\u00f3n y Estudios del Pontificado de Juan Pablo II en Roma","description":"","publisher":{"@id":"https:\/\/jp2doc.pl\/es\/#organization"},"potentialAction":[{"@type":"SearchAction","target":{"@type":"EntryPoint","urlTemplate":"https:\/\/jp2doc.pl\/es\/?s={search_term_string}"},"query-input":{"@type":"PropertyValueSpecification","valueRequired":true,"valueName":"search_term_string"}}],"inLanguage":"es"},{"@type":"Organization","@id":"https:\/\/jp2doc.pl\/es\/#organization","name":"Centro de Documentaci\u00f3n y Estudios del Pontificado de Juan Pablo II en Roma","url":"https:\/\/jp2doc.pl\/es\/","logo":{"@type":"ImageObject","inLanguage":"es","@id":"https:\/\/jp2doc.pl\/es\/#\/schema\/logo\/image\/","url":"https:\/\/jp2doc.pl\/es\/wp-content\/uploads\/sites\/4\/2017\/03\/cropped-logo.png","contentUrl":"https:\/\/jp2doc.pl\/es\/wp-content\/uploads\/sites\/4\/2017\/03\/cropped-logo.png","width":115,"height":115,"caption":"Centro de Documentaci\u00f3n y Estudios del Pontificado de Juan Pablo II en Roma"},"image":{"@id":"https:\/\/jp2doc.pl\/es\/#\/schema\/logo\/image\/"}},{"@type":"Person","@id":"https:\/\/jp2doc.pl\/es\/#\/schema\/person\/f1a6804b6b9f176835bf67cba35c4212","name":"adobrzynski","image":{"@type":"ImageObject","inLanguage":"es","@id":"https:\/\/jp2doc.pl\/es\/#\/schema\/person\/image\/","url":"https:\/\/secure.gravatar.com\/avatar\/6e7eb2a67f64535320a8aa3d72bc5f83c9e81f3ad1797c6abee2e7c78ed2252a?s=96&d=mm&r=g","contentUrl":"https:\/\/secure.gravatar.com\/avatar\/6e7eb2a67f64535320a8aa3d72bc5f83c9e81f3ad1797c6abee2e7c78ed2252a?s=96&d=mm&r=g","caption":"adobrzynski"},"url":"https:\/\/jp2doc.pl\/es\/author\/adobrzynski\/"}]}},"_links":{"self":[{"href":"https:\/\/jp2doc.pl\/es\/wp-json\/wp\/v2\/posts\/1428","targetHints":{"allow":["GET"]}}],"collection":[{"href":"https:\/\/jp2doc.pl\/es\/wp-json\/wp\/v2\/posts"}],"about":[{"href":"https:\/\/jp2doc.pl\/es\/wp-json\/wp\/v2\/types\/post"}],"author":[{"embeddable":true,"href":"https:\/\/jp2doc.pl\/es\/wp-json\/wp\/v2\/users\/6"}],"replies":[{"embeddable":true,"href":"https:\/\/jp2doc.pl\/es\/wp-json\/wp\/v2\/comments?post=1428"}],"version-history":[{"count":3,"href":"https:\/\/jp2doc.pl\/es\/wp-json\/wp\/v2\/posts\/1428\/revisions"}],"predecessor-version":[{"id":1432,"href":"https:\/\/jp2doc.pl\/es\/wp-json\/wp\/v2\/posts\/1428\/revisions\/1432"}],"wp:featuredmedia":[{"embeddable":true,"href":"https:\/\/jp2doc.pl\/es\/wp-json\/wp\/v2\/media\/1429"}],"wp:attachment":[{"href":"https:\/\/jp2doc.pl\/es\/wp-json\/wp\/v2\/media?parent=1428"}],"wp:term":[{"taxonomy":"category","embeddable":true,"href":"https:\/\/jp2doc.pl\/es\/wp-json\/wp\/v2\/categories?post=1428"},{"taxonomy":"post_tag","embeddable":true,"href":"https:\/\/jp2doc.pl\/es\/wp-json\/wp\/v2\/tags?post=1428"}],"curies":[{"name":"wp","href":"https:\/\/api.w.org\/{rel}","templated":true}]}}