{"id":1456,"date":"2018-11-22T13:05:04","date_gmt":"2018-11-22T12:05:04","guid":{"rendered":"https:\/\/jp2doc.pl\/es\/?p=1456"},"modified":"2018-11-22T13:05:04","modified_gmt":"2018-11-22T12:05:04","slug":"catedra-juan-pablo-ii-en-avila","status":"publish","type":"post","link":"https:\/\/jp2doc.pl\/es\/2018\/11\/22\/catedra-juan-pablo-ii-en-avila\/","title":{"rendered":"C\u00e1tedra Juan Pablo II en \u00c1vila"},"content":{"rendered":"<p>La C\u00e1tedra Juan Pablo II (JPII) iniciar\u00e1 su andadura el 23 de noviembre de 2018 en el CITeS de \u00c1vila \u2013 Universidad de la M\u00edstica. Su primera actividad ser\u00e1 un simposio en los d\u00edas 23 y 24 de noviembre, abierto a todos, en el cual se presentar\u00e1 la relaci\u00f3n del Papa polaco con los m\u00edsticos del Carmelo Descalzo.<\/p>\n<p>Durante la inauguraci\u00f3n oficial de la C\u00e1tedra se propone la firma del documento base para la C\u00e1tedra, por parte de Wojciech Zyzak, rector de la Universidad Juan Pablo II de Cracovia (Polonia) y Francisco Javier Sancho Ferm\u00edn, director del Centro Internacional Teresiano Sanjuanista de \u00c1vila \u2013 Universidad de la M\u00edstica. Algunas autoridades civiles y eclesi\u00e1sticas ya han confirmado su asistencia para la sesi\u00f3n inaugural, entre ellas Marzanna Adamczyk, Embajadora de Polonia en Madrid, D. Jes\u00fas Garc\u00eda de Burillos, obispo de \u00c1vila y la direcci\u00f3n del Instituto Polaco de Cultura de Madrid.<\/p>\n<p>Adem\u00e1s, entre las personas que participar\u00e1n en el simposio inaugural, hay profesores y especialistas de Polonia, Espa\u00f1a y M\u00e9xico. A parte de las conferencias e intervenciones, se propone llevar a cabo un debate entre los ponentes para precisar frente de la actuaci\u00f3n de C\u00e1tedra. Su l\u00ednea de investigaci\u00f3n, sin embargo, se centrar\u00e1 en la m\u00edstica y algunos aspectos m\u00e1s relevantes y caracter\u00edsticos de San Juan Pablo II.<\/p>\n<p>La idea de instituir la C\u00e1tedra Juan Pablo II surgi\u00f3 gracias a la iniciativa de \u0141ukasz Gr\u00fctzmacher, director adjunto del Instituto Polaco de Cultura de Madrid. Para poder llevar a cabo esta propuesta, a finales de junio de este a\u00f1o, se firm\u00f3 el convenio marco entre la Universidad Pontificia de Juan Pablo II de Cracovia (Polonia) y el CITeS \u2013 \u201cUniversidad de la M\u00edstica\u201d de \u00c1vila.<\/p>\n<p>Los trabajos de la gesti\u00f3n durante el verano, permitieron marcar, en general, el objetivo de la dicha c\u00e1tedra y en gran parte el programa de su primera edici\u00f3n. La direcci\u00f3n de la C\u00e1tedra la asumi\u00f3 Andrzej Dobrzy\u0144ski, profesor de la Universidad JPII de Cracovia y actual director del Centro de Documentaci\u00f3n y Estudios del Pontificado de Juan Pablo II en Roma.<\/p>\n<p>En el CITeS de \u00c1vila \u2013 Universidad de la M\u00edstica, existen ya diez diferentes c\u00e1tedras. A trav\u00e9s de las cuales, conjuntamente con otras instituciones, a nivel acad\u00e9mico, se ofrece un espacio para la formaci\u00f3n, la reflexi\u00f3n compartida, la investigaci\u00f3n y la divulgaci\u00f3n de material, a fin de favorecer y ampliar los horizontes y alcances de la espiritualidad y la m\u00edstica.<\/p>\n<p><img loading=\"lazy\" decoding=\"async\" width=\"992\" height=\"992\" class=\"alignnone size-full wp-image-1457\" src=\"https:\/\/jp2doc.pl\/es\/wp-content\/uploads\/sites\/4\/2018\/11\/CJPII_Avila_FOLLETO-0002.jpg\" alt=\"\" srcset=\"https:\/\/jp2doc.pl\/es\/wp-content\/uploads\/sites\/4\/2018\/11\/CJPII_Avila_FOLLETO-0002.jpg 992w, https:\/\/jp2doc.pl\/es\/wp-content\/uploads\/sites\/4\/2018\/11\/CJPII_Avila_FOLLETO-0002-320x320.jpg 320w, https:\/\/jp2doc.pl\/es\/wp-content\/uploads\/sites\/4\/2018\/11\/CJPII_Avila_FOLLETO-0002-640x640.jpg 640w, https:\/\/jp2doc.pl\/es\/wp-content\/uploads\/sites\/4\/2018\/11\/CJPII_Avila_FOLLETO-0002-768x768.jpg 768w, https:\/\/jp2doc.pl\/es\/wp-content\/uploads\/sites\/4\/2018\/11\/CJPII_Avila_FOLLETO-0002-400x400.jpg 400w\" sizes=\"auto, (max-width: 992px) 100vw, 992px\" \/><\/p>\n<p><img loading=\"lazy\" decoding=\"async\" width=\"992\" height=\"992\" class=\"alignnone size-full wp-image-1458\" src=\"https:\/\/jp2doc.pl\/es\/wp-content\/uploads\/sites\/4\/2018\/11\/CJPII_Avila_FOLLETO-0001.jpg\" alt=\"\" srcset=\"https:\/\/jp2doc.pl\/es\/wp-content\/uploads\/sites\/4\/2018\/11\/CJPII_Avila_FOLLETO-0001.jpg 992w, https:\/\/jp2doc.pl\/es\/wp-content\/uploads\/sites\/4\/2018\/11\/CJPII_Avila_FOLLETO-0001-320x320.jpg 320w, https:\/\/jp2doc.pl\/es\/wp-content\/uploads\/sites\/4\/2018\/11\/CJPII_Avila_FOLLETO-0001-640x640.jpg 640w, https:\/\/jp2doc.pl\/es\/wp-content\/uploads\/sites\/4\/2018\/11\/CJPII_Avila_FOLLETO-0001-768x768.jpg 768w, https:\/\/jp2doc.pl\/es\/wp-content\/uploads\/sites\/4\/2018\/11\/CJPII_Avila_FOLLETO-0001-400x400.jpg 400w\" sizes=\"auto, (max-width: 992px) 100vw, 992px\" \/><\/p>\n","protected":false},"excerpt":{"rendered":"<p>Inauguraci\u00f3n con un simposio sobre la espiritualidad<\/p>\n","protected":false},"author":5,"featured_media":1459,"comment_status":"open","ping_status":"open","sticky":false,"template":"","format":"standard","meta":{"_acf_changed":false,"_exactmetrics_skip_tracking":false,"_exactmetrics_sitenote_active":false,"_exactmetrics_sitenote_note":"","_exactmetrics_sitenote_category":0,"footnotes":""},"categories":[4,13,14],"tags":[137,138,21,139],"class_list":["post-1456","post","type-post","status-publish","format-standard","has-post-thumbnail","hentry","category-blog","category-strona-glowna-najnowsze","category-strona-glowna-slider","tag-avila","tag-catedra","tag-juan-pablo-ii","tag-mistica"],"acf":[],"yoast_head":"<!-- This site is optimized with the Yoast SEO plugin v26.2 - https:\/\/yoast.com\/wordpress\/plugins\/seo\/ -->\n<title>C\u00e1tedra Juan Pablo II en \u00c1vila - Centro de Documentaci\u00f3n y Estudios del Pontificado de Juan Pablo II en Roma<\/title>\n<meta name=\"robots\" content=\"index, follow, max-snippet:-1, max-image-preview:large, max-video-preview:-1\" \/>\n<link rel=\"canonical\" href=\"https:\/\/jp2doc.pl\/es\/2018\/11\/22\/catedra-juan-pablo-ii-en-avila\/\" \/>\n<meta property=\"og:locale\" content=\"es_ES\" \/>\n<meta property=\"og:type\" content=\"article\" \/>\n<meta property=\"og:title\" content=\"C\u00e1tedra Juan Pablo II en \u00c1vila - Centro de Documentaci\u00f3n y Estudios del Pontificado de Juan Pablo II en Roma\" \/>\n<meta property=\"og:description\" content=\"Inauguraci\u00f3n con un simposio sobre la espiritualidad\" \/>\n<meta property=\"og:url\" content=\"https:\/\/jp2doc.pl\/es\/2018\/11\/22\/catedra-juan-pablo-ii-en-avila\/\" \/>\n<meta property=\"og:site_name\" content=\"Centro de Documentaci\u00f3n y Estudios del Pontificado de Juan Pablo II en Roma\" \/>\n<meta property=\"article:published_time\" content=\"2018-11-22T12:05:04+00:00\" \/>\n<meta property=\"og:image\" content=\"https:\/\/jp2doc.pl\/es\/wp-content\/uploads\/sites\/4\/2018\/11\/John-Paul-ii-Top-Prayers.jpg\" \/>\n\t<meta property=\"og:image:width\" content=\"1024\" \/>\n\t<meta property=\"og:image:height\" content=\"830\" \/>\n\t<meta property=\"og:image:type\" content=\"image\/jpeg\" \/>\n<meta name=\"author\" content=\"juliasercanka\" \/>\n<meta name=\"twitter:card\" content=\"summary_large_image\" \/>\n<meta name=\"twitter:label1\" content=\"Escrito por\" \/>\n\t<meta name=\"twitter:data1\" content=\"juliasercanka\" \/>\n\t<meta name=\"twitter:label2\" content=\"Tiempo de lectura\" \/>\n\t<meta name=\"twitter:data2\" content=\"2 minutos\" \/>\n<script type=\"application\/ld+json\" class=\"yoast-schema-graph\">{\"@context\":\"https:\/\/schema.org\",\"@graph\":[{\"@type\":\"Article\",\"@id\":\"https:\/\/jp2doc.pl\/es\/2018\/11\/22\/catedra-juan-pablo-ii-en-avila\/#article\",\"isPartOf\":{\"@id\":\"https:\/\/jp2doc.pl\/es\/2018\/11\/22\/catedra-juan-pablo-ii-en-avila\/\"},\"author\":{\"name\":\"juliasercanka\",\"@id\":\"https:\/\/jp2doc.pl\/es\/#\/schema\/person\/6110109e80abb51f6fac4824777eabfe\"},\"headline\":\"C\u00e1tedra Juan Pablo II en \u00c1vila\",\"datePublished\":\"2018-11-22T12:05:04+00:00\",\"mainEntityOfPage\":{\"@id\":\"https:\/\/jp2doc.pl\/es\/2018\/11\/22\/catedra-juan-pablo-ii-en-avila\/\"},\"wordCount\":448,\"commentCount\":0,\"publisher\":{\"@id\":\"https:\/\/jp2doc.pl\/es\/#organization\"},\"image\":{\"@id\":\"https:\/\/jp2doc.pl\/es\/2018\/11\/22\/catedra-juan-pablo-ii-en-avila\/#primaryimage\"},\"thumbnailUrl\":\"https:\/\/jp2doc.pl\/es\/wp-content\/uploads\/sites\/4\/2018\/11\/John-Paul-ii-Top-Prayers.jpg\",\"keywords\":[\"\u00c1vila\",\"C\u00e1tedra\",\"Juan Pablo II\",\"M\u00edstica\"],\"articleSection\":[\"Blog\",\"Strona g\u0142\u00f3wna - najnowsze\",\"Strona g\u0142\u00f3wna - slider\"],\"inLanguage\":\"es\",\"potentialAction\":[{\"@type\":\"CommentAction\",\"name\":\"Comment\",\"target\":[\"https:\/\/jp2doc.pl\/es\/2018\/11\/22\/catedra-juan-pablo-ii-en-avila\/#respond\"]}]},{\"@type\":\"WebPage\",\"@id\":\"https:\/\/jp2doc.pl\/es\/2018\/11\/22\/catedra-juan-pablo-ii-en-avila\/\",\"url\":\"https:\/\/jp2doc.pl\/es\/2018\/11\/22\/catedra-juan-pablo-ii-en-avila\/\",\"name\":\"C\u00e1tedra Juan Pablo II en \u00c1vila - Centro de Documentaci\u00f3n y Estudios del Pontificado de Juan Pablo II en Roma\",\"isPartOf\":{\"@id\":\"https:\/\/jp2doc.pl\/es\/#website\"},\"primaryImageOfPage\":{\"@id\":\"https:\/\/jp2doc.pl\/es\/2018\/11\/22\/catedra-juan-pablo-ii-en-avila\/#primaryimage\"},\"image\":{\"@id\":\"https:\/\/jp2doc.pl\/es\/2018\/11\/22\/catedra-juan-pablo-ii-en-avila\/#primaryimage\"},\"thumbnailUrl\":\"https:\/\/jp2doc.pl\/es\/wp-content\/uploads\/sites\/4\/2018\/11\/John-Paul-ii-Top-Prayers.jpg\",\"datePublished\":\"2018-11-22T12:05:04+00:00\",\"breadcrumb\":{\"@id\":\"https:\/\/jp2doc.pl\/es\/2018\/11\/22\/catedra-juan-pablo-ii-en-avila\/#breadcrumb\"},\"inLanguage\":\"es\",\"potentialAction\":[{\"@type\":\"ReadAction\",\"target\":[\"https:\/\/jp2doc.pl\/es\/2018\/11\/22\/catedra-juan-pablo-ii-en-avila\/\"]}]},{\"@type\":\"ImageObject\",\"inLanguage\":\"es\",\"@id\":\"https:\/\/jp2doc.pl\/es\/2018\/11\/22\/catedra-juan-pablo-ii-en-avila\/#primaryimage\",\"url\":\"https:\/\/jp2doc.pl\/es\/wp-content\/uploads\/sites\/4\/2018\/11\/John-Paul-ii-Top-Prayers.jpg\",\"contentUrl\":\"https:\/\/jp2doc.pl\/es\/wp-content\/uploads\/sites\/4\/2018\/11\/John-Paul-ii-Top-Prayers.jpg\",\"width\":1024,\"height\":830},{\"@type\":\"BreadcrumbList\",\"@id\":\"https:\/\/jp2doc.pl\/es\/2018\/11\/22\/catedra-juan-pablo-ii-en-avila\/#breadcrumb\",\"itemListElement\":[{\"@type\":\"ListItem\",\"position\":1,\"name\":\"Home\",\"item\":\"https:\/\/jp2doc.pl\/es\/\"},{\"@type\":\"ListItem\",\"position\":2,\"name\":\"C\u00e1tedra Juan Pablo II en \u00c1vila\"}]},{\"@type\":\"WebSite\",\"@id\":\"https:\/\/jp2doc.pl\/es\/#website\",\"url\":\"https:\/\/jp2doc.pl\/es\/\",\"name\":\"Centro de Documentaci\u00f3n y Estudios del Pontificado de Juan Pablo II en Roma\",\"description\":\"\",\"publisher\":{\"@id\":\"https:\/\/jp2doc.pl\/es\/#organization\"},\"potentialAction\":[{\"@type\":\"SearchAction\",\"target\":{\"@type\":\"EntryPoint\",\"urlTemplate\":\"https:\/\/jp2doc.pl\/es\/?s={search_term_string}\"},\"query-input\":{\"@type\":\"PropertyValueSpecification\",\"valueRequired\":true,\"valueName\":\"search_term_string\"}}],\"inLanguage\":\"es\"},{\"@type\":\"Organization\",\"@id\":\"https:\/\/jp2doc.pl\/es\/#organization\",\"name\":\"Centro de Documentaci\u00f3n y Estudios del Pontificado de Juan Pablo II en Roma\",\"url\":\"https:\/\/jp2doc.pl\/es\/\",\"logo\":{\"@type\":\"ImageObject\",\"inLanguage\":\"es\",\"@id\":\"https:\/\/jp2doc.pl\/es\/#\/schema\/logo\/image\/\",\"url\":\"https:\/\/jp2doc.pl\/es\/wp-content\/uploads\/sites\/4\/2017\/03\/cropped-logo.png\",\"contentUrl\":\"https:\/\/jp2doc.pl\/es\/wp-content\/uploads\/sites\/4\/2017\/03\/cropped-logo.png\",\"width\":115,\"height\":115,\"caption\":\"Centro de Documentaci\u00f3n y Estudios del Pontificado de Juan Pablo II en Roma\"},\"image\":{\"@id\":\"https:\/\/jp2doc.pl\/es\/#\/schema\/logo\/image\/\"}},{\"@type\":\"Person\",\"@id\":\"https:\/\/jp2doc.pl\/es\/#\/schema\/person\/6110109e80abb51f6fac4824777eabfe\",\"name\":\"juliasercanka\",\"image\":{\"@type\":\"ImageObject\",\"inLanguage\":\"es\",\"@id\":\"https:\/\/jp2doc.pl\/es\/#\/schema\/person\/image\/\",\"url\":\"https:\/\/secure.gravatar.com\/avatar\/266a66e864556e22d55d61b6b10c97fab9060767b738564bcd109f3997e372bc?s=96&d=mm&r=g\",\"contentUrl\":\"https:\/\/secure.gravatar.com\/avatar\/266a66e864556e22d55d61b6b10c97fab9060767b738564bcd109f3997e372bc?s=96&d=mm&r=g\",\"caption\":\"juliasercanka\"},\"url\":\"https:\/\/jp2doc.pl\/es\/author\/juliasercanka\/\"}]}<\/script>\n<!-- \/ Yoast SEO plugin. -->","yoast_head_json":{"title":"C\u00e1tedra Juan Pablo II en \u00c1vila - Centro de Documentaci\u00f3n y Estudios del Pontificado de Juan Pablo II en Roma","robots":{"index":"index","follow":"follow","max-snippet":"max-snippet:-1","max-image-preview":"max-image-preview:large","max-video-preview":"max-video-preview:-1"},"canonical":"https:\/\/jp2doc.pl\/es\/2018\/11\/22\/catedra-juan-pablo-ii-en-avila\/","og_locale":"es_ES","og_type":"article","og_title":"C\u00e1tedra Juan Pablo II en \u00c1vila - Centro de Documentaci\u00f3n y Estudios del Pontificado de Juan Pablo II en Roma","og_description":"Inauguraci\u00f3n con un simposio sobre la espiritualidad","og_url":"https:\/\/jp2doc.pl\/es\/2018\/11\/22\/catedra-juan-pablo-ii-en-avila\/","og_site_name":"Centro de Documentaci\u00f3n y Estudios del Pontificado de Juan Pablo II en Roma","article_published_time":"2018-11-22T12:05:04+00:00","og_image":[{"width":1024,"height":830,"url":"https:\/\/jp2doc.pl\/es\/wp-content\/uploads\/sites\/4\/2018\/11\/John-Paul-ii-Top-Prayers.jpg","type":"image\/jpeg"}],"author":"juliasercanka","twitter_card":"summary_large_image","twitter_misc":{"Escrito por":"juliasercanka","Tiempo de lectura":"2 minutos"},"schema":{"@context":"https:\/\/schema.org","@graph":[{"@type":"Article","@id":"https:\/\/jp2doc.pl\/es\/2018\/11\/22\/catedra-juan-pablo-ii-en-avila\/#article","isPartOf":{"@id":"https:\/\/jp2doc.pl\/es\/2018\/11\/22\/catedra-juan-pablo-ii-en-avila\/"},"author":{"name":"juliasercanka","@id":"https:\/\/jp2doc.pl\/es\/#\/schema\/person\/6110109e80abb51f6fac4824777eabfe"},"headline":"C\u00e1tedra Juan Pablo II en \u00c1vila","datePublished":"2018-11-22T12:05:04+00:00","mainEntityOfPage":{"@id":"https:\/\/jp2doc.pl\/es\/2018\/11\/22\/catedra-juan-pablo-ii-en-avila\/"},"wordCount":448,"commentCount":0,"publisher":{"@id":"https:\/\/jp2doc.pl\/es\/#organization"},"image":{"@id":"https:\/\/jp2doc.pl\/es\/2018\/11\/22\/catedra-juan-pablo-ii-en-avila\/#primaryimage"},"thumbnailUrl":"https:\/\/jp2doc.pl\/es\/wp-content\/uploads\/sites\/4\/2018\/11\/John-Paul-ii-Top-Prayers.jpg","keywords":["\u00c1vila","C\u00e1tedra","Juan Pablo II","M\u00edstica"],"articleSection":["Blog","Strona g\u0142\u00f3wna - najnowsze","Strona g\u0142\u00f3wna - slider"],"inLanguage":"es","potentialAction":[{"@type":"CommentAction","name":"Comment","target":["https:\/\/jp2doc.pl\/es\/2018\/11\/22\/catedra-juan-pablo-ii-en-avila\/#respond"]}]},{"@type":"WebPage","@id":"https:\/\/jp2doc.pl\/es\/2018\/11\/22\/catedra-juan-pablo-ii-en-avila\/","url":"https:\/\/jp2doc.pl\/es\/2018\/11\/22\/catedra-juan-pablo-ii-en-avila\/","name":"C\u00e1tedra Juan Pablo II en \u00c1vila - Centro de Documentaci\u00f3n y Estudios del Pontificado de Juan Pablo II en Roma","isPartOf":{"@id":"https:\/\/jp2doc.pl\/es\/#website"},"primaryImageOfPage":{"@id":"https:\/\/jp2doc.pl\/es\/2018\/11\/22\/catedra-juan-pablo-ii-en-avila\/#primaryimage"},"image":{"@id":"https:\/\/jp2doc.pl\/es\/2018\/11\/22\/catedra-juan-pablo-ii-en-avila\/#primaryimage"},"thumbnailUrl":"https:\/\/jp2doc.pl\/es\/wp-content\/uploads\/sites\/4\/2018\/11\/John-Paul-ii-Top-Prayers.jpg","datePublished":"2018-11-22T12:05:04+00:00","breadcrumb":{"@id":"https:\/\/jp2doc.pl\/es\/2018\/11\/22\/catedra-juan-pablo-ii-en-avila\/#breadcrumb"},"inLanguage":"es","potentialAction":[{"@type":"ReadAction","target":["https:\/\/jp2doc.pl\/es\/2018\/11\/22\/catedra-juan-pablo-ii-en-avila\/"]}]},{"@type":"ImageObject","inLanguage":"es","@id":"https:\/\/jp2doc.pl\/es\/2018\/11\/22\/catedra-juan-pablo-ii-en-avila\/#primaryimage","url":"https:\/\/jp2doc.pl\/es\/wp-content\/uploads\/sites\/4\/2018\/11\/John-Paul-ii-Top-Prayers.jpg","contentUrl":"https:\/\/jp2doc.pl\/es\/wp-content\/uploads\/sites\/4\/2018\/11\/John-Paul-ii-Top-Prayers.jpg","width":1024,"height":830},{"@type":"BreadcrumbList","@id":"https:\/\/jp2doc.pl\/es\/2018\/11\/22\/catedra-juan-pablo-ii-en-avila\/#breadcrumb","itemListElement":[{"@type":"ListItem","position":1,"name":"Home","item":"https:\/\/jp2doc.pl\/es\/"},{"@type":"ListItem","position":2,"name":"C\u00e1tedra Juan Pablo II en \u00c1vila"}]},{"@type":"WebSite","@id":"https:\/\/jp2doc.pl\/es\/#website","url":"https:\/\/jp2doc.pl\/es\/","name":"Centro de Documentaci\u00f3n y Estudios del Pontificado de Juan Pablo II en Roma","description":"","publisher":{"@id":"https:\/\/jp2doc.pl\/es\/#organization"},"potentialAction":[{"@type":"SearchAction","target":{"@type":"EntryPoint","urlTemplate":"https:\/\/jp2doc.pl\/es\/?s={search_term_string}"},"query-input":{"@type":"PropertyValueSpecification","valueRequired":true,"valueName":"search_term_string"}}],"inLanguage":"es"},{"@type":"Organization","@id":"https:\/\/jp2doc.pl\/es\/#organization","name":"Centro de Documentaci\u00f3n y Estudios del Pontificado de Juan Pablo II en Roma","url":"https:\/\/jp2doc.pl\/es\/","logo":{"@type":"ImageObject","inLanguage":"es","@id":"https:\/\/jp2doc.pl\/es\/#\/schema\/logo\/image\/","url":"https:\/\/jp2doc.pl\/es\/wp-content\/uploads\/sites\/4\/2017\/03\/cropped-logo.png","contentUrl":"https:\/\/jp2doc.pl\/es\/wp-content\/uploads\/sites\/4\/2017\/03\/cropped-logo.png","width":115,"height":115,"caption":"Centro de Documentaci\u00f3n y Estudios del Pontificado de Juan Pablo II en Roma"},"image":{"@id":"https:\/\/jp2doc.pl\/es\/#\/schema\/logo\/image\/"}},{"@type":"Person","@id":"https:\/\/jp2doc.pl\/es\/#\/schema\/person\/6110109e80abb51f6fac4824777eabfe","name":"juliasercanka","image":{"@type":"ImageObject","inLanguage":"es","@id":"https:\/\/jp2doc.pl\/es\/#\/schema\/person\/image\/","url":"https:\/\/secure.gravatar.com\/avatar\/266a66e864556e22d55d61b6b10c97fab9060767b738564bcd109f3997e372bc?s=96&d=mm&r=g","contentUrl":"https:\/\/secure.gravatar.com\/avatar\/266a66e864556e22d55d61b6b10c97fab9060767b738564bcd109f3997e372bc?s=96&d=mm&r=g","caption":"juliasercanka"},"url":"https:\/\/jp2doc.pl\/es\/author\/juliasercanka\/"}]}},"_links":{"self":[{"href":"https:\/\/jp2doc.pl\/es\/wp-json\/wp\/v2\/posts\/1456","targetHints":{"allow":["GET"]}}],"collection":[{"href":"https:\/\/jp2doc.pl\/es\/wp-json\/wp\/v2\/posts"}],"about":[{"href":"https:\/\/jp2doc.pl\/es\/wp-json\/wp\/v2\/types\/post"}],"author":[{"embeddable":true,"href":"https:\/\/jp2doc.pl\/es\/wp-json\/wp\/v2\/users\/5"}],"replies":[{"embeddable":true,"href":"https:\/\/jp2doc.pl\/es\/wp-json\/wp\/v2\/comments?post=1456"}],"version-history":[{"count":2,"href":"https:\/\/jp2doc.pl\/es\/wp-json\/wp\/v2\/posts\/1456\/revisions"}],"predecessor-version":[{"id":1462,"href":"https:\/\/jp2doc.pl\/es\/wp-json\/wp\/v2\/posts\/1456\/revisions\/1462"}],"wp:featuredmedia":[{"embeddable":true,"href":"https:\/\/jp2doc.pl\/es\/wp-json\/wp\/v2\/media\/1459"}],"wp:attachment":[{"href":"https:\/\/jp2doc.pl\/es\/wp-json\/wp\/v2\/media?parent=1456"}],"wp:term":[{"taxonomy":"category","embeddable":true,"href":"https:\/\/jp2doc.pl\/es\/wp-json\/wp\/v2\/categories?post=1456"},{"taxonomy":"post_tag","embeddable":true,"href":"https:\/\/jp2doc.pl\/es\/wp-json\/wp\/v2\/tags?post=1456"}],"curies":[{"name":"wp","href":"https:\/\/api.w.org\/{rel}","templated":true}]}}