{"id":1566,"date":"2022-05-26T17:35:03","date_gmt":"2022-05-26T15:35:03","guid":{"rendered":"https:\/\/jp2doc.pl\/es\/?p=1566"},"modified":"2022-05-26T17:35:04","modified_gmt":"2022-05-26T15:35:04","slug":"emilia-mi-madre","status":"publish","type":"post","link":"https:\/\/jp2doc.pl\/es\/2022\/05\/26\/emilia-mi-madre\/","title":{"rendered":"\u00abEmilia, mi madre\u00bb"},"content":{"rendered":"\n<p>En una habitaci\u00f3n del Palacio Apost\u00f3lico, junto a la cama de Juan Pablo II, hab\u00eda una fotograf\u00eda con marco de plata de sus padres, tomada poco despu\u00e9s de su boda. El Papa lo recibi\u00f3 despu\u00e9s de su elecci\u00f3n. Le acompa\u00f1\u00f3 durante todo su pontificado. Al igual que el relicario de su madre grabado con un tr\u00e9bol. Estos dos objetos le recordaban a ella. Eran un signo de uni\u00f3n espiritual, de anhelo y tambi\u00e9n del respeto y la gratitud que sent\u00eda no s\u00f3lo por su propia madre, sino por todas las mujeres.<\/p>\n\n\n\n<h5 class=\"wp-block-heading\"><strong>Un recuerdo recurrente<\/strong><\/h5>\n\n\n\n<p>Karol Wojtyla conservaba un recuerdo \u201cbastante vago\u201d de su madre. Sin embargo, era consciente de su contribuci\u00f3n a su educaci\u00f3n religiosa. Confes\u00f3 que el misterio de la fe \u201c<em>le fue ense\u00f1ado por las manos de su madre, que \u2013doblando las manitas de un ni\u00f1o para rezar\u2013 le mostr\u00f3 c\u00f3mo dibujar la cruz, el signo de Cristo&#8230;<\/em>\u201d. (Wadowice, 1991). Tambi\u00e9n sab\u00eda que su madre \u201c<em>no vivi\u00f3 para ver el d\u00eda de su primera comuni\u00f3n<\/em>\u201d. Emilia muri\u00f3 el 13 de abril de 1929, es decir, m\u00e1s de un mes antes de la primera comuni\u00f3n de su hijo (25 de mayo). Probablemente expres\u00f3 mucho m\u00e1s en esta confesi\u00f3n que la cronolog\u00eda de los hechos y la ausencia de su madre durante la ceremonia sacramental. Probablemente ambos, madre e hijo, deseaban mucho vivir ese d\u00eda juntos.<\/p>\n\n\n\n<p>Karol recordaba a mam\u00e1 sobre todo como una persona enferma que buscaba el consejo de los m\u00e9dicos, estaba debilitada y a menudo acostada. Cuando Emilia muri\u00f3, Karol (\u201cLolek\u201d, nombre cari\u00f1oso<strong>, <\/strong>familiar) estaba en la escuela. El padre fue all\u00ed y pidi\u00f3 a uno de los profesores que le diera la triste noticia al ni\u00f1o. Juntos volvieron a casa. El funeral tuvo lugar tres d\u00edas despu\u00e9s, el 16 de abril, en Wadowice. Al d\u00eda siguiente, el entierro tuvo lugar en el cementerio Rakowicki de Cracovia, en la tumba de la familia Kaczorowski.<\/p>\n\n\n\n<h5 class=\"wp-block-heading\"><strong>El consuelo de la p\u00e9rdida<\/strong><\/h5>\n\n\n\n<p>Al d\u00eda siguiente del funeral, el padre llev\u00f3 a sus hijos en peregrinaci\u00f3n a Kalwaria Zebrzydowska, a un santuario mariano, y delante de la imagen de la Madre de Dios, dijo a Lolek, de nueve a\u00f1os: \u201c<em>Ahora ser\u00e1 tu madre<\/em>\u201d\u2026 Con el tiempo, el v\u00ednculo con Mar\u00eda se convirti\u00f3 en su vida en una cura y un consuelo ante la p\u00e9rdida de su madre. Sin embargo, el Papa reconoci\u00f3 que la p\u00e9rdida de su madre no era s\u00f3lo un triste recuerdo, sino una conciencia siempre presente e incluso creciente de ausencia, a pesar del paso de los a\u00f1os.<\/p>\n\n\n\n<p>As\u00ed lo demuestra uno de los poemas de juventud de Karol Wojtyla, \u201c<em>Sobre ti, blanca tumba<\/em>\u201d, escrito en la primavera de 1939, dedicado a \u201c<em>Emilia, mi madre<\/em>\u201d.<\/p>\n\n\n\n<blockquote class=\"wp-block-quote is-layout-flow wp-block-quote-is-layout-flow\"><p>Sobre tu blanca tumba<br>Las flores blancas de la vida florecen &#8211;<br>&#8211; Oh, cu\u00e1ntos a\u00f1os han pasado<br>sin Ti &#8211; el esp\u00edritu alado &#8211;<\/p><p>Sobre tu blanca tumba<br>Desde hace muchos a\u00f1os ya est\u00e1 cerrado,<br>como si algo se elevara -,<br>algo tan inconcebible como la muerte.<br>\u00a0[&#8230;](la traducci\u00f3n es nuestra)<\/p><\/blockquote>\n\n\n\n<h5 class=\"wp-block-heading\"><strong>\u00abGrazie, S. Emilia\u00bb<\/strong><\/h5>\n\n\n\n<p>Cuando el cardenal Wojtyla fue elegido Papa, la hermana Emilia Ehrlich, religiosa ursulina, estaba preparando su tesis de habilitaci\u00f3n en estudios b\u00edblicos, que eran su pasi\u00f3n en la vida. Ambos se conoc\u00edan muy bien, desde los tiempos de Cracovia.<\/p>\n\n\n\n<p>Juan Pablo II pidi\u00f3 a Sor Emilia una colaboraci\u00f3n que dur\u00f3 m\u00e1s de veinte a\u00f1os. Como biblista y te\u00f3loga ayud\u00f3 a preparar documentos, dirigi\u00f3 la correspondencia, se ocup\u00f3 de la biblioteca papal y edit\u00f3 res\u00famenes y estudios de literatura solicitados por el Papa. Sor Emilia pasaba d\u00edas enteros en las bibliotecas de Roma preparando extensos y cuidadosos expedientes sobre diversos temas. Juan Pablo II los le\u00eda, marcando los lugares que le llamaban la atenci\u00f3n para asegurarse de que se expresaba un determinado pensamiento o se inclu\u00eda una cita b\u00edblica concreta en el texto en las fases posteriores de la elaboraci\u00f3n de los documentos. Cada uno de estos expedientes lleva la inscripci\u00f3n manuscrita del Santo Padre: \u201c<em>Grazie, S. Emilia<\/em>\u201d. A veces la forma de agradecimiento es m\u00e1s larga. Pero es significativo que en ninguno de los expedientes falte el reconocimiento.<\/p>\n\n\n\n<p>Creo que esta entrada: \u201c<em>Grazie, S. Emilia<\/em>\u201d expresa el respeto natural por las mujeres que caracteriz\u00f3 a Karol Wojtyla \u2013 Juan Pablo II. Es dif\u00edcil saber qu\u00e9 influencia pudo tener en este respeto por las mujeres la dolorosa p\u00e9rdida de su madre en la primera infancia y su relaci\u00f3n espiritual con Mar\u00eda. Ciertamente estas cosas estaban conectadas. As\u00ed como los misterios Gozosos, Dolorosos y Gloriosos est\u00e1n unidos en el Rosario y en la vida cristiana.<\/p>\n\n\n\n<p><strong>Andrzej Dobrzy\u0144ski<\/strong><\/p>\n\n\n\n<p><em>Fot. ODPiS JP2<\/em><\/p>\n","protected":false},"excerpt":{"rendered":"<p>Un recuerdo<\/p>\n","protected":false},"author":5,"featured_media":1567,"comment_status":"open","ping_status":"open","sticky":false,"template":"","format":"standard","meta":{"_acf_changed":false,"_exactmetrics_skip_tracking":false,"_exactmetrics_sitenote_active":false,"_exactmetrics_sitenote_note":"","_exactmetrics_sitenote_category":0,"footnotes":""},"categories":[2,13,14],"tags":[],"class_list":["post-1566","post","type-post","status-publish","format-standard","has-post-thumbnail","hentry","category-articulos","category-strona-glowna-najnowsze","category-strona-glowna-slider"],"acf":[],"yoast_head":"<!-- This site is optimized with the Yoast SEO plugin v26.2 - https:\/\/yoast.com\/wordpress\/plugins\/seo\/ -->\n<title>&quot;Emilia, mi madre&quot; - Centro de Documentaci\u00f3n y Estudios del Pontificado de Juan Pablo II en Roma<\/title>\n<meta name=\"robots\" content=\"index, follow, max-snippet:-1, max-image-preview:large, max-video-preview:-1\" \/>\n<link rel=\"canonical\" href=\"https:\/\/jp2doc.pl\/es\/2022\/05\/26\/emilia-mi-madre\/\" \/>\n<meta property=\"og:locale\" content=\"es_ES\" \/>\n<meta property=\"og:type\" content=\"article\" \/>\n<meta property=\"og:title\" content=\"&quot;Emilia, mi madre&quot; - Centro de Documentaci\u00f3n y Estudios del Pontificado de Juan Pablo II en Roma\" \/>\n<meta property=\"og:description\" content=\"Un recuerdo\" \/>\n<meta property=\"og:url\" content=\"https:\/\/jp2doc.pl\/es\/2022\/05\/26\/emilia-mi-madre\/\" \/>\n<meta property=\"og:site_name\" content=\"Centro de Documentaci\u00f3n y Estudios del Pontificado de Juan Pablo II en Roma\" \/>\n<meta property=\"article:published_time\" content=\"2022-05-26T15:35:03+00:00\" \/>\n<meta property=\"article:modified_time\" content=\"2022-05-26T15:35:04+00:00\" \/>\n<meta property=\"og:image\" content=\"https:\/\/jp2doc.pl\/es\/wp-content\/uploads\/sites\/4\/2022\/05\/emilia.jpg\" \/>\n\t<meta property=\"og:image:width\" content=\"1458\" \/>\n\t<meta property=\"og:image:height\" content=\"879\" \/>\n\t<meta property=\"og:image:type\" content=\"image\/jpeg\" \/>\n<meta name=\"author\" content=\"juliasercanka\" \/>\n<meta name=\"twitter:card\" content=\"summary_large_image\" \/>\n<meta name=\"twitter:label1\" content=\"Escrito por\" \/>\n\t<meta name=\"twitter:data1\" content=\"juliasercanka\" \/>\n\t<meta name=\"twitter:label2\" content=\"Tiempo de lectura\" \/>\n\t<meta name=\"twitter:data2\" content=\"4 minutos\" \/>\n<script type=\"application\/ld+json\" class=\"yoast-schema-graph\">{\"@context\":\"https:\/\/schema.org\",\"@graph\":[{\"@type\":\"Article\",\"@id\":\"https:\/\/jp2doc.pl\/es\/2022\/05\/26\/emilia-mi-madre\/#article\",\"isPartOf\":{\"@id\":\"https:\/\/jp2doc.pl\/es\/2022\/05\/26\/emilia-mi-madre\/\"},\"author\":{\"name\":\"juliasercanka\",\"@id\":\"https:\/\/jp2doc.pl\/es\/#\/schema\/person\/6110109e80abb51f6fac4824777eabfe\"},\"headline\":\"\u00abEmilia, mi madre\u00bb\",\"datePublished\":\"2022-05-26T15:35:03+00:00\",\"dateModified\":\"2022-05-26T15:35:04+00:00\",\"mainEntityOfPage\":{\"@id\":\"https:\/\/jp2doc.pl\/es\/2022\/05\/26\/emilia-mi-madre\/\"},\"wordCount\":823,\"commentCount\":0,\"publisher\":{\"@id\":\"https:\/\/jp2doc.pl\/es\/#organization\"},\"image\":{\"@id\":\"https:\/\/jp2doc.pl\/es\/2022\/05\/26\/emilia-mi-madre\/#primaryimage\"},\"thumbnailUrl\":\"https:\/\/jp2doc.pl\/es\/wp-content\/uploads\/sites\/4\/2022\/05\/emilia.jpg\",\"articleSection\":[\"Art\u00edculos\",\"Strona g\u0142\u00f3wna - najnowsze\",\"Strona g\u0142\u00f3wna - slider\"],\"inLanguage\":\"es\",\"potentialAction\":[{\"@type\":\"CommentAction\",\"name\":\"Comment\",\"target\":[\"https:\/\/jp2doc.pl\/es\/2022\/05\/26\/emilia-mi-madre\/#respond\"]}]},{\"@type\":\"WebPage\",\"@id\":\"https:\/\/jp2doc.pl\/es\/2022\/05\/26\/emilia-mi-madre\/\",\"url\":\"https:\/\/jp2doc.pl\/es\/2022\/05\/26\/emilia-mi-madre\/\",\"name\":\"\\\"Emilia, mi madre\\\" - Centro de Documentaci\u00f3n y Estudios del Pontificado de Juan Pablo II en Roma\",\"isPartOf\":{\"@id\":\"https:\/\/jp2doc.pl\/es\/#website\"},\"primaryImageOfPage\":{\"@id\":\"https:\/\/jp2doc.pl\/es\/2022\/05\/26\/emilia-mi-madre\/#primaryimage\"},\"image\":{\"@id\":\"https:\/\/jp2doc.pl\/es\/2022\/05\/26\/emilia-mi-madre\/#primaryimage\"},\"thumbnailUrl\":\"https:\/\/jp2doc.pl\/es\/wp-content\/uploads\/sites\/4\/2022\/05\/emilia.jpg\",\"datePublished\":\"2022-05-26T15:35:03+00:00\",\"dateModified\":\"2022-05-26T15:35:04+00:00\",\"breadcrumb\":{\"@id\":\"https:\/\/jp2doc.pl\/es\/2022\/05\/26\/emilia-mi-madre\/#breadcrumb\"},\"inLanguage\":\"es\",\"potentialAction\":[{\"@type\":\"ReadAction\",\"target\":[\"https:\/\/jp2doc.pl\/es\/2022\/05\/26\/emilia-mi-madre\/\"]}]},{\"@type\":\"ImageObject\",\"inLanguage\":\"es\",\"@id\":\"https:\/\/jp2doc.pl\/es\/2022\/05\/26\/emilia-mi-madre\/#primaryimage\",\"url\":\"https:\/\/jp2doc.pl\/es\/wp-content\/uploads\/sites\/4\/2022\/05\/emilia.jpg\",\"contentUrl\":\"https:\/\/jp2doc.pl\/es\/wp-content\/uploads\/sites\/4\/2022\/05\/emilia.jpg\",\"width\":1458,\"height\":879},{\"@type\":\"BreadcrumbList\",\"@id\":\"https:\/\/jp2doc.pl\/es\/2022\/05\/26\/emilia-mi-madre\/#breadcrumb\",\"itemListElement\":[{\"@type\":\"ListItem\",\"position\":1,\"name\":\"Home\",\"item\":\"https:\/\/jp2doc.pl\/es\/\"},{\"@type\":\"ListItem\",\"position\":2,\"name\":\"\u00abEmilia, mi madre\u00bb\"}]},{\"@type\":\"WebSite\",\"@id\":\"https:\/\/jp2doc.pl\/es\/#website\",\"url\":\"https:\/\/jp2doc.pl\/es\/\",\"name\":\"Centro de Documentaci\u00f3n y Estudios del Pontificado de Juan Pablo II en Roma\",\"description\":\"\",\"publisher\":{\"@id\":\"https:\/\/jp2doc.pl\/es\/#organization\"},\"potentialAction\":[{\"@type\":\"SearchAction\",\"target\":{\"@type\":\"EntryPoint\",\"urlTemplate\":\"https:\/\/jp2doc.pl\/es\/?s={search_term_string}\"},\"query-input\":{\"@type\":\"PropertyValueSpecification\",\"valueRequired\":true,\"valueName\":\"search_term_string\"}}],\"inLanguage\":\"es\"},{\"@type\":\"Organization\",\"@id\":\"https:\/\/jp2doc.pl\/es\/#organization\",\"name\":\"Centro de Documentaci\u00f3n y Estudios del Pontificado de Juan Pablo II en Roma\",\"url\":\"https:\/\/jp2doc.pl\/es\/\",\"logo\":{\"@type\":\"ImageObject\",\"inLanguage\":\"es\",\"@id\":\"https:\/\/jp2doc.pl\/es\/#\/schema\/logo\/image\/\",\"url\":\"https:\/\/jp2doc.pl\/es\/wp-content\/uploads\/sites\/4\/2017\/03\/cropped-logo.png\",\"contentUrl\":\"https:\/\/jp2doc.pl\/es\/wp-content\/uploads\/sites\/4\/2017\/03\/cropped-logo.png\",\"width\":115,\"height\":115,\"caption\":\"Centro de Documentaci\u00f3n y Estudios del Pontificado de Juan Pablo II en Roma\"},\"image\":{\"@id\":\"https:\/\/jp2doc.pl\/es\/#\/schema\/logo\/image\/\"}},{\"@type\":\"Person\",\"@id\":\"https:\/\/jp2doc.pl\/es\/#\/schema\/person\/6110109e80abb51f6fac4824777eabfe\",\"name\":\"juliasercanka\",\"image\":{\"@type\":\"ImageObject\",\"inLanguage\":\"es\",\"@id\":\"https:\/\/jp2doc.pl\/es\/#\/schema\/person\/image\/\",\"url\":\"https:\/\/secure.gravatar.com\/avatar\/266a66e864556e22d55d61b6b10c97fab9060767b738564bcd109f3997e372bc?s=96&d=mm&r=g\",\"contentUrl\":\"https:\/\/secure.gravatar.com\/avatar\/266a66e864556e22d55d61b6b10c97fab9060767b738564bcd109f3997e372bc?s=96&d=mm&r=g\",\"caption\":\"juliasercanka\"},\"url\":\"https:\/\/jp2doc.pl\/es\/author\/juliasercanka\/\"}]}<\/script>\n<!-- \/ Yoast SEO plugin. -->","yoast_head_json":{"title":"\"Emilia, mi madre\" - Centro de Documentaci\u00f3n y Estudios del Pontificado de Juan Pablo II en Roma","robots":{"index":"index","follow":"follow","max-snippet":"max-snippet:-1","max-image-preview":"max-image-preview:large","max-video-preview":"max-video-preview:-1"},"canonical":"https:\/\/jp2doc.pl\/es\/2022\/05\/26\/emilia-mi-madre\/","og_locale":"es_ES","og_type":"article","og_title":"\"Emilia, mi madre\" - Centro de Documentaci\u00f3n y Estudios del Pontificado de Juan Pablo II en Roma","og_description":"Un recuerdo","og_url":"https:\/\/jp2doc.pl\/es\/2022\/05\/26\/emilia-mi-madre\/","og_site_name":"Centro de Documentaci\u00f3n y Estudios del Pontificado de Juan Pablo II en Roma","article_published_time":"2022-05-26T15:35:03+00:00","article_modified_time":"2022-05-26T15:35:04+00:00","og_image":[{"width":1458,"height":879,"url":"https:\/\/jp2doc.pl\/es\/wp-content\/uploads\/sites\/4\/2022\/05\/emilia.jpg","type":"image\/jpeg"}],"author":"juliasercanka","twitter_card":"summary_large_image","twitter_misc":{"Escrito por":"juliasercanka","Tiempo de lectura":"4 minutos"},"schema":{"@context":"https:\/\/schema.org","@graph":[{"@type":"Article","@id":"https:\/\/jp2doc.pl\/es\/2022\/05\/26\/emilia-mi-madre\/#article","isPartOf":{"@id":"https:\/\/jp2doc.pl\/es\/2022\/05\/26\/emilia-mi-madre\/"},"author":{"name":"juliasercanka","@id":"https:\/\/jp2doc.pl\/es\/#\/schema\/person\/6110109e80abb51f6fac4824777eabfe"},"headline":"\u00abEmilia, mi madre\u00bb","datePublished":"2022-05-26T15:35:03+00:00","dateModified":"2022-05-26T15:35:04+00:00","mainEntityOfPage":{"@id":"https:\/\/jp2doc.pl\/es\/2022\/05\/26\/emilia-mi-madre\/"},"wordCount":823,"commentCount":0,"publisher":{"@id":"https:\/\/jp2doc.pl\/es\/#organization"},"image":{"@id":"https:\/\/jp2doc.pl\/es\/2022\/05\/26\/emilia-mi-madre\/#primaryimage"},"thumbnailUrl":"https:\/\/jp2doc.pl\/es\/wp-content\/uploads\/sites\/4\/2022\/05\/emilia.jpg","articleSection":["Art\u00edculos","Strona g\u0142\u00f3wna - najnowsze","Strona g\u0142\u00f3wna - slider"],"inLanguage":"es","potentialAction":[{"@type":"CommentAction","name":"Comment","target":["https:\/\/jp2doc.pl\/es\/2022\/05\/26\/emilia-mi-madre\/#respond"]}]},{"@type":"WebPage","@id":"https:\/\/jp2doc.pl\/es\/2022\/05\/26\/emilia-mi-madre\/","url":"https:\/\/jp2doc.pl\/es\/2022\/05\/26\/emilia-mi-madre\/","name":"\"Emilia, mi madre\" - Centro de Documentaci\u00f3n y Estudios del Pontificado de Juan Pablo II en Roma","isPartOf":{"@id":"https:\/\/jp2doc.pl\/es\/#website"},"primaryImageOfPage":{"@id":"https:\/\/jp2doc.pl\/es\/2022\/05\/26\/emilia-mi-madre\/#primaryimage"},"image":{"@id":"https:\/\/jp2doc.pl\/es\/2022\/05\/26\/emilia-mi-madre\/#primaryimage"},"thumbnailUrl":"https:\/\/jp2doc.pl\/es\/wp-content\/uploads\/sites\/4\/2022\/05\/emilia.jpg","datePublished":"2022-05-26T15:35:03+00:00","dateModified":"2022-05-26T15:35:04+00:00","breadcrumb":{"@id":"https:\/\/jp2doc.pl\/es\/2022\/05\/26\/emilia-mi-madre\/#breadcrumb"},"inLanguage":"es","potentialAction":[{"@type":"ReadAction","target":["https:\/\/jp2doc.pl\/es\/2022\/05\/26\/emilia-mi-madre\/"]}]},{"@type":"ImageObject","inLanguage":"es","@id":"https:\/\/jp2doc.pl\/es\/2022\/05\/26\/emilia-mi-madre\/#primaryimage","url":"https:\/\/jp2doc.pl\/es\/wp-content\/uploads\/sites\/4\/2022\/05\/emilia.jpg","contentUrl":"https:\/\/jp2doc.pl\/es\/wp-content\/uploads\/sites\/4\/2022\/05\/emilia.jpg","width":1458,"height":879},{"@type":"BreadcrumbList","@id":"https:\/\/jp2doc.pl\/es\/2022\/05\/26\/emilia-mi-madre\/#breadcrumb","itemListElement":[{"@type":"ListItem","position":1,"name":"Home","item":"https:\/\/jp2doc.pl\/es\/"},{"@type":"ListItem","position":2,"name":"\u00abEmilia, mi madre\u00bb"}]},{"@type":"WebSite","@id":"https:\/\/jp2doc.pl\/es\/#website","url":"https:\/\/jp2doc.pl\/es\/","name":"Centro de Documentaci\u00f3n y Estudios del Pontificado de Juan Pablo II en Roma","description":"","publisher":{"@id":"https:\/\/jp2doc.pl\/es\/#organization"},"potentialAction":[{"@type":"SearchAction","target":{"@type":"EntryPoint","urlTemplate":"https:\/\/jp2doc.pl\/es\/?s={search_term_string}"},"query-input":{"@type":"PropertyValueSpecification","valueRequired":true,"valueName":"search_term_string"}}],"inLanguage":"es"},{"@type":"Organization","@id":"https:\/\/jp2doc.pl\/es\/#organization","name":"Centro de Documentaci\u00f3n y Estudios del Pontificado de Juan Pablo II en Roma","url":"https:\/\/jp2doc.pl\/es\/","logo":{"@type":"ImageObject","inLanguage":"es","@id":"https:\/\/jp2doc.pl\/es\/#\/schema\/logo\/image\/","url":"https:\/\/jp2doc.pl\/es\/wp-content\/uploads\/sites\/4\/2017\/03\/cropped-logo.png","contentUrl":"https:\/\/jp2doc.pl\/es\/wp-content\/uploads\/sites\/4\/2017\/03\/cropped-logo.png","width":115,"height":115,"caption":"Centro de Documentaci\u00f3n y Estudios del Pontificado de Juan Pablo II en Roma"},"image":{"@id":"https:\/\/jp2doc.pl\/es\/#\/schema\/logo\/image\/"}},{"@type":"Person","@id":"https:\/\/jp2doc.pl\/es\/#\/schema\/person\/6110109e80abb51f6fac4824777eabfe","name":"juliasercanka","image":{"@type":"ImageObject","inLanguage":"es","@id":"https:\/\/jp2doc.pl\/es\/#\/schema\/person\/image\/","url":"https:\/\/secure.gravatar.com\/avatar\/266a66e864556e22d55d61b6b10c97fab9060767b738564bcd109f3997e372bc?s=96&d=mm&r=g","contentUrl":"https:\/\/secure.gravatar.com\/avatar\/266a66e864556e22d55d61b6b10c97fab9060767b738564bcd109f3997e372bc?s=96&d=mm&r=g","caption":"juliasercanka"},"url":"https:\/\/jp2doc.pl\/es\/author\/juliasercanka\/"}]}},"_links":{"self":[{"href":"https:\/\/jp2doc.pl\/es\/wp-json\/wp\/v2\/posts\/1566","targetHints":{"allow":["GET"]}}],"collection":[{"href":"https:\/\/jp2doc.pl\/es\/wp-json\/wp\/v2\/posts"}],"about":[{"href":"https:\/\/jp2doc.pl\/es\/wp-json\/wp\/v2\/types\/post"}],"author":[{"embeddable":true,"href":"https:\/\/jp2doc.pl\/es\/wp-json\/wp\/v2\/users\/5"}],"replies":[{"embeddable":true,"href":"https:\/\/jp2doc.pl\/es\/wp-json\/wp\/v2\/comments?post=1566"}],"version-history":[{"count":1,"href":"https:\/\/jp2doc.pl\/es\/wp-json\/wp\/v2\/posts\/1566\/revisions"}],"predecessor-version":[{"id":1568,"href":"https:\/\/jp2doc.pl\/es\/wp-json\/wp\/v2\/posts\/1566\/revisions\/1568"}],"wp:featuredmedia":[{"embeddable":true,"href":"https:\/\/jp2doc.pl\/es\/wp-json\/wp\/v2\/media\/1567"}],"wp:attachment":[{"href":"https:\/\/jp2doc.pl\/es\/wp-json\/wp\/v2\/media?parent=1566"}],"wp:term":[{"taxonomy":"category","embeddable":true,"href":"https:\/\/jp2doc.pl\/es\/wp-json\/wp\/v2\/categories?post=1566"},{"taxonomy":"post_tag","embeddable":true,"href":"https:\/\/jp2doc.pl\/es\/wp-json\/wp\/v2\/tags?post=1566"}],"curies":[{"name":"wp","href":"https:\/\/api.w.org\/{rel}","templated":true}]}}