{"id":1569,"date":"2022-06-02T10:10:21","date_gmt":"2022-06-02T08:10:21","guid":{"rendered":"https:\/\/jp2doc.pl\/es\/?p=1569"},"modified":"2022-06-02T10:10:23","modified_gmt":"2022-06-02T08:10:23","slug":"el-hombre-no-puede-quedarse-sin-salida","status":"publish","type":"post","link":"https:\/\/jp2doc.pl\/es\/2022\/06\/02\/el-hombre-no-puede-quedarse-sin-salida\/","title":{"rendered":"\u00abEl hombre no puede quedarse sin salida\u00bb"},"content":{"rendered":"\n<p>La sencillez de las modestas condiciones de vida, el calor del hogar, la ayuda mutua, el sacrificio, la fe profunda, la esperanza sostenida, son los valores que conformaban el ambiente de la vida familiar de los Wojty\u0142a, que estuvo impregnada, como suele ocurrir, de momentos de alegr\u00eda y de tristeza. A pesar de las dificultades y del drama que supuso la muerte de sus seres queridos, Karol Wojtyla (1920-2005) atraves\u00f3 la vida con la fuerza de la esperanza, seguro de que \u201cestaba en las manos de Dios\u201d y de que desarrollar\u00eda el bien que le hab\u00edan transmitido sus seres queridos.<\/p>\n\n\n\n<h5 class=\"wp-block-heading\"><strong>El peque\u00f1o pr\u00edncipe<\/strong><\/h5>\n\n\n\n<p>Los recuerdos que Karol (diminutivo \u201cLolek\u201d) ten\u00eda de su madre, son sobre todo de la \u00e9poca en que estuvo enferma. Sol\u00eda ir a los m\u00e9dicos y acostarse en la cama, agotada por la enfermedad. Probablemente sufr\u00eda de un problema card\u00edaco y renal. Quiz\u00e1s ten\u00eda una cardiopat\u00eda cong\u00e9nita&#8230; De lo que Lolek no se acordaba, los testigos, los vecinos lo recordaban.<\/p>\n\n\n\n<p>Halina Szczepa\u0144ska recordaba c\u00f3mo Edmund, el hijo mayor de los Wojtyla (nacido en 1906), ayudaba a su madre a subir el cochecito con Lolek por las sinuosas escaleras del primer piso.<\/p>\n\n\n\n<blockquote class=\"wp-block-quote is-layout-flow wp-block-quote-is-layout-flow\"><p>Qu\u00e9 alegr\u00eda en la familia. La se\u00f1ora Wojty\u0142a llev\u00f3 el cochecito con el ni\u00f1o a nuestro patio (&#8230;). Hab\u00eda un peque\u00f1o jard\u00edn frente a nuestra vivienda (&#8230;) Y un pozo en el centro. As\u00ed que la se\u00f1ora Wojty\u0142a tra\u00eda al ni\u00f1o, se sentaba junto al pozo y yo sal\u00eda al porche. Muy a menudo me ped\u00eda que bajara a cuidar a Lolek, porque ten\u00eda que ocuparse de la comida o salir a hacer recados. Entonces bajaba y llevaba a su hijo (&#8230;).<\/p><\/blockquote>\n\n\n\n<p>Halina observ\u00f3 con asombro c\u00f3mo Edmund, de catorce a\u00f1os, ayudaba devotamente a su madre con su hermano peque\u00f1o.<\/p>\n\n\n\n<blockquote class=\"wp-block-quote is-layout-flow wp-block-quote-is-layout-flow\"><p>Su madre le enviaba constantemente a por pa\u00f1ales, un biber\u00f3n, ropa. El pobre Edmund siempre estaba corriendo escaleras arriba, me daba pena. En ese momento, pens\u00e9: \u00bfqu\u00e9 ser\u00e1 este peque\u00f1o beb\u00e9 cuando crezca? Lo cuidan come se fuera un principe.<\/p><\/blockquote>\n\n\n\n<p>El recuerdo de la vecina es, sobre todo, el de la imagen de una familia que se quer\u00eda. La sencillez y la calidez de sus relaciones mutuas creaban una atm\u00f3sfera que el peque\u00f1o Lolek respiraba.&nbsp;<\/p>\n\n\n\n<h5 class=\"wp-block-heading\"><strong>El alto precio de un sue\u00f1o cumplido<\/strong><\/h5>\n\n\n\n<p>Emilia Wojty\u0142a quer\u00eda que uno de sus dos hijos fuera m\u00e9dico y el otro sacerdote. Era un sue\u00f1o bastante exagerado para aquellos tiempos, aunque realista. La pareja tuvo que hacer considerables sacrificios para dar a sus hijos una buena educaci\u00f3n. No fue f\u00e1cil&#8230; la familia viv\u00eda con un solo sueldo. En el a\u00f1o 1924 Edmund comenz\u00f3 sus estudios de Medicina de seis a\u00f1os en la Universidad Jagell\u00f3nica de Cracovia. Las tasas de matr\u00edcula se pagaban a plazos.<\/p>\n\n\n\n<p>Unos a\u00f1os m\u00e1s tarde, la salud de Emilia se deterior\u00f3 hasta tal punto que su marido decidi\u00f3 acogerse a la jubilaci\u00f3n militar anticipada. Ten\u00eda que ocuparse de la casa, de su mujer enferma y de su hijo menor. Zofia Puk\u0142o, una se\u00f1ora de Wadowice, ayudaba a llevar la casa, visitando regularmente a la familia Wojtyla.<\/p>\n\n\n\n<p>Emilia no sali\u00f3 de casa durante los \u00faltimos meses de su vida. Una de sus vecinas, Maria Kaczorowa, recordaba que \u00aben los d\u00edas soleados la pon\u00edan en una tumbona en el balc\u00f3n. Estaba ocupada cosiendo o remendando&#8230;\u00bb.<\/p>\n\n\n\n<p>Emilia no vivi\u00f3 para ver a Edmund graduarse en la Facultad de Medicina. Muri\u00f3 en abril de 1929 y Edmund concluy\u00f3 sus estudios m\u00e9dicos un a\u00f1o despu\u00e9s, en mayo de 1930. Sin embargo, no mucho despu\u00e9s, el joven m\u00e9dico Wojtyla morir\u00eda de una enfermedad infecciosa. Era el a\u00f1o 1932. El 1 de noviembre de 1946, Karol fue ordenado sacerdote por el arzobispo de Cracovia, Stefan Sapieha. El sue\u00f1o de Emilia de que uno de sus hijos fuera m\u00e9dico y el otro sacerdote, se hab\u00eda hecho realidad&#8230;<\/p>\n\n\n\n<p>Podemos suponer que los \u00faltimos meses de la vida de Emilia, cuando se iba debilitando cada vez m\u00e1s, fueron de una intensa oraci\u00f3n, encomendando a Dios a su marido y a sus hijos. La oraci\u00f3n de confianza de una persona impotente ante un destino inexorable es poderosa.<\/p>\n\n\n\n<h5 class=\"wp-block-heading\"><strong>Anhelo<\/strong><\/h5>\n\n\n\n<p>En la memoria de Karol quedan pocos recuerdos de su madre, pero s\u00ed una gran a\u00f1oranza. Es significativo que se dirigiera a la se\u00f1ora Maria Kotlarczykowa, madre de Mieczys\u0142aw, y a Aleksandra Kydry\u0144ska, madre de Juliusz, es decir, de sus amigos, diciendo \u00abmamusia\u00bb (mamita). \u00abEstaba buscando claramente afecto maternal&#8230;\u00bb As\u00ed lo expresa en una de sus poes\u00edas de juventud, titulada \u00abTotus Tuus\u00bb.<\/p>\n\n\n\n<blockquote class=\"wp-block-quote is-layout-flow wp-block-quote-is-layout-flow\">[&#8230;]\u201cYa lo s\u00e9, madre, ya lo s\u00e9, dices \u2013no termines\u2013<br>No estoy terminando, madre m\u00eda. S\u00f3lo voy a abrazar<br>los d\u00edas de primavera, los recuerdos, las memorias,<br>\u00a0tus pechos maternos, y tiernamente, y tiernamente &#8211;<br>y que vuelvas a estar cerca, cerca de mi lado\u201d.<\/p><\/blockquote>\n\n\n\n<h5 class=\"wp-block-heading\"><strong>Serenidad y disciplina interior<\/strong><\/h5>\n\n\n\n<p>Para Karol, la p\u00e9rdida de su madre y su hermano fueron experiencias dolorosas, que dejaron una \u00abmarca de hu\u00e9rfana soledad\u00bb. La infancia del futuro Papa no debe verse s\u00f3lo en sus \u00abdimensiones duras y dram\u00e1ticas\u00bb. De ni\u00f1o, su padre, \u201cun hombre de gran serenidad y disciplina interior, lo cuidaba constantemente\u201d.&nbsp; Estas dos cualidades, Karol las hered\u00f3 de su padre; la una estaba relacionada con la otra, construidas ambas sobre la base de una fe marcada por el sufrimiento, una fe puesta a prueba.<\/p>\n\n\n\n<p>\u00abA cada d\u00eda le basta su aflicci\u00f3n\u00bb (Mt 6,34), ense\u00f1\u00f3 Jes\u00fas, instruy\u00e9ndonos a \u00abbuscar primero el Reino de Dios y su justicia\u00bb, empezando por s\u00ed mismos. Las palabras del Evangelio pueden aplicarse a la actitud de Karol Wojtyla, padre (padre e hijo ten\u00edan el mismo nombre) y a su relaci\u00f3n con su hijo menor, cuando se quedaron solos, pasando mucho tiempo juntos. El padre le ense\u00f1\u00f3 a seguir adelante, a pesar de todo, a disfrutar cada d\u00eda, a dar forma a lo bueno, a no perderse en la vida, sino a desarrollar la serenidad y la disciplina interior.<\/p>\n\n\n\n<p>Juan Pablo II se refiri\u00f3 a la figura del padre en muchas ocasiones. En una entrevista con Andr\u00e9 Frossard, confes\u00f3 que la vida espiritual de su padre, tras la p\u00e9rdida de su esposa y su hijo mayor, \u201cse volvi\u00f3 mucho m\u00e1s profunda\u201d. En la confesi\u00f3n del Papa, que citar\u00e9 aqu\u00ed, cada frase y cada palabra son importantes:<\/p>\n\n\n\n<p>\u00abMir\u00e9 de cerca su vida, vi c\u00f3mo sab\u00eda exigirse a s\u00ed mismo, c\u00f3mo se arrodillaba para rezar. Eso era lo m\u00e1s importante en aquellos a\u00f1os [&#8230;]. Un padre que sab\u00eda exigirse a s\u00ed mismo, en cierto modo, ya no ten\u00eda que hacerlo con su hijo. Le admiraba, y aprend\u00ed que hay que exigirse personalmente en la vida y esforzarse por cumplir con los propios deberes\u00bb.<\/p>\n\n\n\n<p>Creo que la influencia del padre en Karol no debe vincularse principalmente a la piedad y a la vida de oraci\u00f3n, sino sobre todo a una actitud existencial. La fe se hizo para ellos una fuerza para levantarse de una situaci\u00f3n dif\u00edcil y afrontar el resto de su vida.<\/p>\n\n\n\n<p>La fe es el poder de convertir los dramas del pasado en un camino hacia el futuro, para no \u00abcelebrar\u00bb las heridas, sino para poder disfrutar de la vida tal y como es, creando el bien a nuestro alrededor.&nbsp;&nbsp;&nbsp;&nbsp;<\/p>\n\n\n\n<h5 class=\"wp-block-heading\"><strong>\u00abDeb\u00e9is exigiros a vosotros mismos&#8230;\u00bb<\/strong><\/h5>\n\n\n\n<p>Tambi\u00e9n me vienen a la mente las palabras de una meditaci\u00f3n dirigida&nbsp; a los j\u00f3venes por el Papa durante la oraci\u00f3n del \u00abLlamamiento de Jasna Gora\u00bb (18.06.1983), en el santuario de la Madonna Negra en Polonia. Juan Pablo II explicaba a los j\u00f3venes lo que quer\u00eda decir la palabra \u00abvigilar\u00bb incluida en dicha oraci\u00f3n. Dec\u00eda que se trataba de ser un hombre de conciencia, trabajar el bien dentro de uno mismo, superar el mal y la duda&#8230; Fue en este contexto en el que el Papa pronunci\u00f3 una frase significativa: \u00abDeb\u00e9is exigiros a vosotros mismos, aunque los dem\u00e1s no os exijan\u00bb.<\/p>\n\n\n\n<p>Cuando examin\u00e9 una copia del manuscrito de esta reflexi\u00f3n, me sorprendi\u00f3 comprobar que no hab\u00eda tachaduras, ni correcciones, ni a\u00f1adidos en el texto. Juan Pablo II la escribi\u00f3 bajo los dictados de su coraz\u00f3n, de su propia experiencia, de su profunda convicci\u00f3n, que derivaban sin duda de su hogar familiar, del ejemplo de su padre.<\/p>\n\n\n\n<p>La frase: \u00abDeb\u00e9is exigiros a vosotros mismos, aunque los dem\u00e1s no os exijan\u00bb conecta \u2013en mi opini\u00f3n\u2013 con el recuerdo de su padre y la confesi\u00f3n del Papa: \u00abLe admiraba, y aprend\u00ed que hay que exigirse a s\u00ed mismo&#8230;\u00bb<\/p>\n\n\n\n<h5 class=\"wp-block-heading\"><strong>El hombre vive de la esperanza<\/strong><\/h5>\n\n\n\n<p>Tiene raz\u00f3n Juan Pablo II cuando, en la citada reflexi\u00f3n, a\u00f1ade que \u00abtodo depende de c\u00f3mo sea el hombre\u00bb. Qu\u00e9 visi\u00f3n del hombre llevamos dentro, qu\u00e9 forma de ser, qu\u00e9 objetivos y normas nos marcamos.<\/p>\n\n\n\n<p>Karol Wojtyla ten\u00eda muchos motivos para haberse podido rendir.Despu\u00e9s de todo, tambi\u00e9n perdi\u00f3 a su padre en 1941, cuando \u00e9l ten\u00eda apenas veinte a\u00f1os. Se qued\u00f3 solo durante el transcurso de la ocupaci\u00f3n nazi. Sin embargo, sigui\u00f3 adelante, persiguiendo su vocaci\u00f3n sacerdotal y, al mismo tiempo, el sue\u00f1o de su madre, el ideal de servir a la gente, que tambi\u00e9n inspir\u00f3 a su hermano Edmund; igualmente, el ejemplo de su padre, su serenidad y disciplina interior. Todo esto confirma y explica las palabras pronunciadas durante aquella meditaci\u00f3n \u00abLlamamiento de Jasno G\u00f3ra\u00bb a los j\u00f3venes: \u00abEl hombre no puede quedarse sin salida\u00bb. La fe y la esperanza cristianas indican que siempre hay una salida, que estamos llamados a descubrir.<\/p>\n\n\n\n<p>Pareciera que para Juan Pablo II el recuerdo de la vida familiar estaba relacionado sobre todo con los dramas de la p\u00e9rdida de sus seres queridos. Sin embargo, fueron al mismo tiempo una gran inspiraci\u00f3n y probablemente tuvieron un fuerte impacto en su actitud y ense\u00f1anza sobre el papel de la familia.<\/p>\n\n\n\n<p>El ejemplo de la familia Wojty\u0142a tambi\u00e9n puede inspirar hoy, cuando no faltan familias marcadas por el sufrimiento y los dramas de diversa \u00edndole. Puede ayudar para crear el bien, e infundir esperanza. \u201cEl hombre no puede quedarse sin una salida\u201d. Siempre hay un ma\u00f1ana mejor, una salida a una situaci\u00f3n dif\u00edcil.&nbsp; Todo lo que representa un valor est\u00e1 puesto a prueba, cuesta porque requiere esfuerzo. Siempre vale la pena darse una oportunidad y abrir la puerta al futuro.&nbsp;&nbsp;&nbsp;<\/p>\n\n\n\n<p><strong>Andrzej Dobrzy\u0144ski<\/strong><\/p>\n","protected":false},"excerpt":{"rendered":"<p>Sobre la familia Wojtyla<\/p>\n","protected":false},"author":5,"featured_media":1570,"comment_status":"open","ping_status":"open","sticky":false,"template":"","format":"standard","meta":{"_acf_changed":false,"_exactmetrics_skip_tracking":false,"_exactmetrics_sitenote_active":false,"_exactmetrics_sitenote_note":"","_exactmetrics_sitenote_category":0,"footnotes":""},"categories":[2,13,14],"tags":[],"class_list":["post-1569","post","type-post","status-publish","format-standard","has-post-thumbnail","hentry","category-articulos","category-strona-glowna-najnowsze","category-strona-glowna-slider"],"acf":[],"yoast_head":"<!-- This site is optimized with the Yoast SEO plugin v26.2 - https:\/\/yoast.com\/wordpress\/plugins\/seo\/ -->\n<title>&quot;El hombre no puede quedarse sin salida&quot; - Centro de Documentaci\u00f3n y Estudios del Pontificado de Juan Pablo II en Roma<\/title>\n<meta name=\"robots\" content=\"index, follow, max-snippet:-1, max-image-preview:large, max-video-preview:-1\" \/>\n<link rel=\"canonical\" href=\"https:\/\/jp2doc.pl\/es\/2022\/06\/02\/el-hombre-no-puede-quedarse-sin-salida\/\" \/>\n<meta property=\"og:locale\" content=\"es_ES\" \/>\n<meta property=\"og:type\" content=\"article\" \/>\n<meta property=\"og:title\" content=\"&quot;El hombre no puede quedarse sin salida&quot; - Centro de Documentaci\u00f3n y Estudios del Pontificado de Juan Pablo II en Roma\" \/>\n<meta property=\"og:description\" content=\"Sobre la familia Wojtyla\" \/>\n<meta property=\"og:url\" content=\"https:\/\/jp2doc.pl\/es\/2022\/06\/02\/el-hombre-no-puede-quedarse-sin-salida\/\" \/>\n<meta property=\"og:site_name\" content=\"Centro de Documentaci\u00f3n y Estudios del Pontificado de Juan Pablo II en Roma\" \/>\n<meta property=\"article:published_time\" content=\"2022-06-02T08:10:21+00:00\" \/>\n<meta property=\"article:modified_time\" content=\"2022-06-02T08:10:23+00:00\" \/>\n<meta property=\"og:image\" content=\"https:\/\/jp2doc.pl\/es\/wp-content\/uploads\/sites\/4\/2022\/06\/Genitori.Wojtyla.2020.jpg\" \/>\n\t<meta property=\"og:image:width\" content=\"1024\" \/>\n\t<meta property=\"og:image:height\" content=\"682\" \/>\n\t<meta property=\"og:image:type\" content=\"image\/jpeg\" \/>\n<meta name=\"author\" content=\"juliasercanka\" \/>\n<meta name=\"twitter:card\" content=\"summary_large_image\" \/>\n<meta name=\"twitter:label1\" content=\"Escrito por\" \/>\n\t<meta name=\"twitter:data1\" content=\"juliasercanka\" \/>\n\t<meta name=\"twitter:label2\" content=\"Tiempo de lectura\" \/>\n\t<meta name=\"twitter:data2\" content=\"8 minutos\" \/>\n<script type=\"application\/ld+json\" class=\"yoast-schema-graph\">{\"@context\":\"https:\/\/schema.org\",\"@graph\":[{\"@type\":\"Article\",\"@id\":\"https:\/\/jp2doc.pl\/es\/2022\/06\/02\/el-hombre-no-puede-quedarse-sin-salida\/#article\",\"isPartOf\":{\"@id\":\"https:\/\/jp2doc.pl\/es\/2022\/06\/02\/el-hombre-no-puede-quedarse-sin-salida\/\"},\"author\":{\"name\":\"juliasercanka\",\"@id\":\"https:\/\/jp2doc.pl\/es\/#\/schema\/person\/6110109e80abb51f6fac4824777eabfe\"},\"headline\":\"\u00abEl hombre no puede quedarse sin salida\u00bb\",\"datePublished\":\"2022-06-02T08:10:21+00:00\",\"dateModified\":\"2022-06-02T08:10:23+00:00\",\"mainEntityOfPage\":{\"@id\":\"https:\/\/jp2doc.pl\/es\/2022\/06\/02\/el-hombre-no-puede-quedarse-sin-salida\/\"},\"wordCount\":1829,\"commentCount\":0,\"publisher\":{\"@id\":\"https:\/\/jp2doc.pl\/es\/#organization\"},\"image\":{\"@id\":\"https:\/\/jp2doc.pl\/es\/2022\/06\/02\/el-hombre-no-puede-quedarse-sin-salida\/#primaryimage\"},\"thumbnailUrl\":\"https:\/\/jp2doc.pl\/es\/wp-content\/uploads\/sites\/4\/2022\/06\/Genitori.Wojtyla.2020.jpg\",\"articleSection\":[\"Art\u00edculos\",\"Strona g\u0142\u00f3wna - najnowsze\",\"Strona g\u0142\u00f3wna - slider\"],\"inLanguage\":\"es\",\"potentialAction\":[{\"@type\":\"CommentAction\",\"name\":\"Comment\",\"target\":[\"https:\/\/jp2doc.pl\/es\/2022\/06\/02\/el-hombre-no-puede-quedarse-sin-salida\/#respond\"]}]},{\"@type\":\"WebPage\",\"@id\":\"https:\/\/jp2doc.pl\/es\/2022\/06\/02\/el-hombre-no-puede-quedarse-sin-salida\/\",\"url\":\"https:\/\/jp2doc.pl\/es\/2022\/06\/02\/el-hombre-no-puede-quedarse-sin-salida\/\",\"name\":\"\\\"El hombre no puede quedarse sin salida\\\" - Centro de Documentaci\u00f3n y Estudios del Pontificado de Juan Pablo II en Roma\",\"isPartOf\":{\"@id\":\"https:\/\/jp2doc.pl\/es\/#website\"},\"primaryImageOfPage\":{\"@id\":\"https:\/\/jp2doc.pl\/es\/2022\/06\/02\/el-hombre-no-puede-quedarse-sin-salida\/#primaryimage\"},\"image\":{\"@id\":\"https:\/\/jp2doc.pl\/es\/2022\/06\/02\/el-hombre-no-puede-quedarse-sin-salida\/#primaryimage\"},\"thumbnailUrl\":\"https:\/\/jp2doc.pl\/es\/wp-content\/uploads\/sites\/4\/2022\/06\/Genitori.Wojtyla.2020.jpg\",\"datePublished\":\"2022-06-02T08:10:21+00:00\",\"dateModified\":\"2022-06-02T08:10:23+00:00\",\"breadcrumb\":{\"@id\":\"https:\/\/jp2doc.pl\/es\/2022\/06\/02\/el-hombre-no-puede-quedarse-sin-salida\/#breadcrumb\"},\"inLanguage\":\"es\",\"potentialAction\":[{\"@type\":\"ReadAction\",\"target\":[\"https:\/\/jp2doc.pl\/es\/2022\/06\/02\/el-hombre-no-puede-quedarse-sin-salida\/\"]}]},{\"@type\":\"ImageObject\",\"inLanguage\":\"es\",\"@id\":\"https:\/\/jp2doc.pl\/es\/2022\/06\/02\/el-hombre-no-puede-quedarse-sin-salida\/#primaryimage\",\"url\":\"https:\/\/jp2doc.pl\/es\/wp-content\/uploads\/sites\/4\/2022\/06\/Genitori.Wojtyla.2020.jpg\",\"contentUrl\":\"https:\/\/jp2doc.pl\/es\/wp-content\/uploads\/sites\/4\/2022\/06\/Genitori.Wojtyla.2020.jpg\",\"width\":1024,\"height\":682},{\"@type\":\"BreadcrumbList\",\"@id\":\"https:\/\/jp2doc.pl\/es\/2022\/06\/02\/el-hombre-no-puede-quedarse-sin-salida\/#breadcrumb\",\"itemListElement\":[{\"@type\":\"ListItem\",\"position\":1,\"name\":\"Home\",\"item\":\"https:\/\/jp2doc.pl\/es\/\"},{\"@type\":\"ListItem\",\"position\":2,\"name\":\"\u00abEl hombre no puede quedarse sin salida\u00bb\"}]},{\"@type\":\"WebSite\",\"@id\":\"https:\/\/jp2doc.pl\/es\/#website\",\"url\":\"https:\/\/jp2doc.pl\/es\/\",\"name\":\"Centro de Documentaci\u00f3n y Estudios del Pontificado de Juan Pablo II en Roma\",\"description\":\"\",\"publisher\":{\"@id\":\"https:\/\/jp2doc.pl\/es\/#organization\"},\"potentialAction\":[{\"@type\":\"SearchAction\",\"target\":{\"@type\":\"EntryPoint\",\"urlTemplate\":\"https:\/\/jp2doc.pl\/es\/?s={search_term_string}\"},\"query-input\":{\"@type\":\"PropertyValueSpecification\",\"valueRequired\":true,\"valueName\":\"search_term_string\"}}],\"inLanguage\":\"es\"},{\"@type\":\"Organization\",\"@id\":\"https:\/\/jp2doc.pl\/es\/#organization\",\"name\":\"Centro de Documentaci\u00f3n y Estudios del Pontificado de Juan Pablo II en Roma\",\"url\":\"https:\/\/jp2doc.pl\/es\/\",\"logo\":{\"@type\":\"ImageObject\",\"inLanguage\":\"es\",\"@id\":\"https:\/\/jp2doc.pl\/es\/#\/schema\/logo\/image\/\",\"url\":\"https:\/\/jp2doc.pl\/es\/wp-content\/uploads\/sites\/4\/2017\/03\/cropped-logo.png\",\"contentUrl\":\"https:\/\/jp2doc.pl\/es\/wp-content\/uploads\/sites\/4\/2017\/03\/cropped-logo.png\",\"width\":115,\"height\":115,\"caption\":\"Centro de Documentaci\u00f3n y Estudios del Pontificado de Juan Pablo II en Roma\"},\"image\":{\"@id\":\"https:\/\/jp2doc.pl\/es\/#\/schema\/logo\/image\/\"}},{\"@type\":\"Person\",\"@id\":\"https:\/\/jp2doc.pl\/es\/#\/schema\/person\/6110109e80abb51f6fac4824777eabfe\",\"name\":\"juliasercanka\",\"image\":{\"@type\":\"ImageObject\",\"inLanguage\":\"es\",\"@id\":\"https:\/\/jp2doc.pl\/es\/#\/schema\/person\/image\/\",\"url\":\"https:\/\/secure.gravatar.com\/avatar\/266a66e864556e22d55d61b6b10c97fab9060767b738564bcd109f3997e372bc?s=96&d=mm&r=g\",\"contentUrl\":\"https:\/\/secure.gravatar.com\/avatar\/266a66e864556e22d55d61b6b10c97fab9060767b738564bcd109f3997e372bc?s=96&d=mm&r=g\",\"caption\":\"juliasercanka\"},\"url\":\"https:\/\/jp2doc.pl\/es\/author\/juliasercanka\/\"}]}<\/script>\n<!-- \/ Yoast SEO plugin. -->","yoast_head_json":{"title":"\"El hombre no puede quedarse sin salida\" - Centro de Documentaci\u00f3n y Estudios del Pontificado de Juan Pablo II en Roma","robots":{"index":"index","follow":"follow","max-snippet":"max-snippet:-1","max-image-preview":"max-image-preview:large","max-video-preview":"max-video-preview:-1"},"canonical":"https:\/\/jp2doc.pl\/es\/2022\/06\/02\/el-hombre-no-puede-quedarse-sin-salida\/","og_locale":"es_ES","og_type":"article","og_title":"\"El hombre no puede quedarse sin salida\" - Centro de Documentaci\u00f3n y Estudios del Pontificado de Juan Pablo II en Roma","og_description":"Sobre la familia Wojtyla","og_url":"https:\/\/jp2doc.pl\/es\/2022\/06\/02\/el-hombre-no-puede-quedarse-sin-salida\/","og_site_name":"Centro de Documentaci\u00f3n y Estudios del Pontificado de Juan Pablo II en Roma","article_published_time":"2022-06-02T08:10:21+00:00","article_modified_time":"2022-06-02T08:10:23+00:00","og_image":[{"width":1024,"height":682,"url":"https:\/\/jp2doc.pl\/es\/wp-content\/uploads\/sites\/4\/2022\/06\/Genitori.Wojtyla.2020.jpg","type":"image\/jpeg"}],"author":"juliasercanka","twitter_card":"summary_large_image","twitter_misc":{"Escrito por":"juliasercanka","Tiempo de lectura":"8 minutos"},"schema":{"@context":"https:\/\/schema.org","@graph":[{"@type":"Article","@id":"https:\/\/jp2doc.pl\/es\/2022\/06\/02\/el-hombre-no-puede-quedarse-sin-salida\/#article","isPartOf":{"@id":"https:\/\/jp2doc.pl\/es\/2022\/06\/02\/el-hombre-no-puede-quedarse-sin-salida\/"},"author":{"name":"juliasercanka","@id":"https:\/\/jp2doc.pl\/es\/#\/schema\/person\/6110109e80abb51f6fac4824777eabfe"},"headline":"\u00abEl hombre no puede quedarse sin salida\u00bb","datePublished":"2022-06-02T08:10:21+00:00","dateModified":"2022-06-02T08:10:23+00:00","mainEntityOfPage":{"@id":"https:\/\/jp2doc.pl\/es\/2022\/06\/02\/el-hombre-no-puede-quedarse-sin-salida\/"},"wordCount":1829,"commentCount":0,"publisher":{"@id":"https:\/\/jp2doc.pl\/es\/#organization"},"image":{"@id":"https:\/\/jp2doc.pl\/es\/2022\/06\/02\/el-hombre-no-puede-quedarse-sin-salida\/#primaryimage"},"thumbnailUrl":"https:\/\/jp2doc.pl\/es\/wp-content\/uploads\/sites\/4\/2022\/06\/Genitori.Wojtyla.2020.jpg","articleSection":["Art\u00edculos","Strona g\u0142\u00f3wna - najnowsze","Strona g\u0142\u00f3wna - slider"],"inLanguage":"es","potentialAction":[{"@type":"CommentAction","name":"Comment","target":["https:\/\/jp2doc.pl\/es\/2022\/06\/02\/el-hombre-no-puede-quedarse-sin-salida\/#respond"]}]},{"@type":"WebPage","@id":"https:\/\/jp2doc.pl\/es\/2022\/06\/02\/el-hombre-no-puede-quedarse-sin-salida\/","url":"https:\/\/jp2doc.pl\/es\/2022\/06\/02\/el-hombre-no-puede-quedarse-sin-salida\/","name":"\"El hombre no puede quedarse sin salida\" - Centro de Documentaci\u00f3n y Estudios del Pontificado de Juan Pablo II en Roma","isPartOf":{"@id":"https:\/\/jp2doc.pl\/es\/#website"},"primaryImageOfPage":{"@id":"https:\/\/jp2doc.pl\/es\/2022\/06\/02\/el-hombre-no-puede-quedarse-sin-salida\/#primaryimage"},"image":{"@id":"https:\/\/jp2doc.pl\/es\/2022\/06\/02\/el-hombre-no-puede-quedarse-sin-salida\/#primaryimage"},"thumbnailUrl":"https:\/\/jp2doc.pl\/es\/wp-content\/uploads\/sites\/4\/2022\/06\/Genitori.Wojtyla.2020.jpg","datePublished":"2022-06-02T08:10:21+00:00","dateModified":"2022-06-02T08:10:23+00:00","breadcrumb":{"@id":"https:\/\/jp2doc.pl\/es\/2022\/06\/02\/el-hombre-no-puede-quedarse-sin-salida\/#breadcrumb"},"inLanguage":"es","potentialAction":[{"@type":"ReadAction","target":["https:\/\/jp2doc.pl\/es\/2022\/06\/02\/el-hombre-no-puede-quedarse-sin-salida\/"]}]},{"@type":"ImageObject","inLanguage":"es","@id":"https:\/\/jp2doc.pl\/es\/2022\/06\/02\/el-hombre-no-puede-quedarse-sin-salida\/#primaryimage","url":"https:\/\/jp2doc.pl\/es\/wp-content\/uploads\/sites\/4\/2022\/06\/Genitori.Wojtyla.2020.jpg","contentUrl":"https:\/\/jp2doc.pl\/es\/wp-content\/uploads\/sites\/4\/2022\/06\/Genitori.Wojtyla.2020.jpg","width":1024,"height":682},{"@type":"BreadcrumbList","@id":"https:\/\/jp2doc.pl\/es\/2022\/06\/02\/el-hombre-no-puede-quedarse-sin-salida\/#breadcrumb","itemListElement":[{"@type":"ListItem","position":1,"name":"Home","item":"https:\/\/jp2doc.pl\/es\/"},{"@type":"ListItem","position":2,"name":"\u00abEl hombre no puede quedarse sin salida\u00bb"}]},{"@type":"WebSite","@id":"https:\/\/jp2doc.pl\/es\/#website","url":"https:\/\/jp2doc.pl\/es\/","name":"Centro de Documentaci\u00f3n y Estudios del Pontificado de Juan Pablo II en Roma","description":"","publisher":{"@id":"https:\/\/jp2doc.pl\/es\/#organization"},"potentialAction":[{"@type":"SearchAction","target":{"@type":"EntryPoint","urlTemplate":"https:\/\/jp2doc.pl\/es\/?s={search_term_string}"},"query-input":{"@type":"PropertyValueSpecification","valueRequired":true,"valueName":"search_term_string"}}],"inLanguage":"es"},{"@type":"Organization","@id":"https:\/\/jp2doc.pl\/es\/#organization","name":"Centro de Documentaci\u00f3n y Estudios del Pontificado de Juan Pablo II en Roma","url":"https:\/\/jp2doc.pl\/es\/","logo":{"@type":"ImageObject","inLanguage":"es","@id":"https:\/\/jp2doc.pl\/es\/#\/schema\/logo\/image\/","url":"https:\/\/jp2doc.pl\/es\/wp-content\/uploads\/sites\/4\/2017\/03\/cropped-logo.png","contentUrl":"https:\/\/jp2doc.pl\/es\/wp-content\/uploads\/sites\/4\/2017\/03\/cropped-logo.png","width":115,"height":115,"caption":"Centro de Documentaci\u00f3n y Estudios del Pontificado de Juan Pablo II en Roma"},"image":{"@id":"https:\/\/jp2doc.pl\/es\/#\/schema\/logo\/image\/"}},{"@type":"Person","@id":"https:\/\/jp2doc.pl\/es\/#\/schema\/person\/6110109e80abb51f6fac4824777eabfe","name":"juliasercanka","image":{"@type":"ImageObject","inLanguage":"es","@id":"https:\/\/jp2doc.pl\/es\/#\/schema\/person\/image\/","url":"https:\/\/secure.gravatar.com\/avatar\/266a66e864556e22d55d61b6b10c97fab9060767b738564bcd109f3997e372bc?s=96&d=mm&r=g","contentUrl":"https:\/\/secure.gravatar.com\/avatar\/266a66e864556e22d55d61b6b10c97fab9060767b738564bcd109f3997e372bc?s=96&d=mm&r=g","caption":"juliasercanka"},"url":"https:\/\/jp2doc.pl\/es\/author\/juliasercanka\/"}]}},"_links":{"self":[{"href":"https:\/\/jp2doc.pl\/es\/wp-json\/wp\/v2\/posts\/1569","targetHints":{"allow":["GET"]}}],"collection":[{"href":"https:\/\/jp2doc.pl\/es\/wp-json\/wp\/v2\/posts"}],"about":[{"href":"https:\/\/jp2doc.pl\/es\/wp-json\/wp\/v2\/types\/post"}],"author":[{"embeddable":true,"href":"https:\/\/jp2doc.pl\/es\/wp-json\/wp\/v2\/users\/5"}],"replies":[{"embeddable":true,"href":"https:\/\/jp2doc.pl\/es\/wp-json\/wp\/v2\/comments?post=1569"}],"version-history":[{"count":1,"href":"https:\/\/jp2doc.pl\/es\/wp-json\/wp\/v2\/posts\/1569\/revisions"}],"predecessor-version":[{"id":1571,"href":"https:\/\/jp2doc.pl\/es\/wp-json\/wp\/v2\/posts\/1569\/revisions\/1571"}],"wp:featuredmedia":[{"embeddable":true,"href":"https:\/\/jp2doc.pl\/es\/wp-json\/wp\/v2\/media\/1570"}],"wp:attachment":[{"href":"https:\/\/jp2doc.pl\/es\/wp-json\/wp\/v2\/media?parent=1569"}],"wp:term":[{"taxonomy":"category","embeddable":true,"href":"https:\/\/jp2doc.pl\/es\/wp-json\/wp\/v2\/categories?post=1569"},{"taxonomy":"post_tag","embeddable":true,"href":"https:\/\/jp2doc.pl\/es\/wp-json\/wp\/v2\/tags?post=1569"}],"curies":[{"name":"wp","href":"https:\/\/api.w.org\/{rel}","templated":true}]}}