{"id":1182,"date":"2017-05-30T11:30:54","date_gmt":"2017-05-30T09:30:54","guid":{"rendered":"http:\/\/jp2doc.pl\/fr\/?p=1182"},"modified":"2020-10-29T13:23:01","modified_gmt":"2020-10-29T12:23:01","slug":"la-recherche-sur-lheredite-spirituelle-de-jean-paul-ii","status":"publish","type":"post","link":"https:\/\/jp2doc.pl\/fr\/2017\/05\/30\/la-recherche-sur-lheredite-spirituelle-de-jean-paul-ii\/","title":{"rendered":"La recherche sur l\u2019h\u00e9r\u00e9dit\u00e9 spirituelle de Jean Paul II"},"content":{"rendered":"<p>Le 27 avril 2017 a \u00e9t\u00e9 c\u00e9l\u00e9br\u00e9 le troisi\u00e8me anniversaire de la canonisation de Jean Paul II. Le proc\u00e8s de canonisation du pape polonais fut un des plus brefs de l\u2019histoire moderne de l\u2019Eglise. Au cours de la messe de canonisation, le Pape Fran\u00e7ois a d\u00e9fini Jean Paul II comme \u00ab le Pape de la famille \u00bb, soulignant l\u2019apport extraordinaire du pape polonais \u00e0 la r\u00e9flexion de l\u2019Eglise sur le mariage, la famille, la compr\u00e9hension de la sexualit\u00e9 humaine, du genre et de la fertilit\u00e9. Malheureusement l\u2019immense patrimoine qu\u2019il a laiss\u00e9 n\u2019est plus ou n\u2019a jamais \u00e9t\u00e9 approuv\u00e9 par toute l\u2019Eglise.<\/p>\n<p>Le 25 mai 2015, \u00e0 l\u2019universit\u00e9 pontificale de la Gr\u00e9gorienne \u00e0 Rome, s\u2019est tenue une conf\u00e9rence internationale ayant pour titre : \u00ab La vocation et la mission de la famille dans l\u2019Eglise et le monde contemporain \u00bb. Elle a \u00e9t\u00e9 organis\u00e9e par les pr\u00e9sidents de trois conf\u00e9rences \u00e9piscopales europ\u00e9ennes : celles de France, d\u2019Allemagne et de Suisse. Son objectif \u00e9tait de pr\u00e9parer le Synode ordinaire des \u00e9v\u00eaques sur la famille qui s\u2019est tenu au mois d\u2019octobre 2016. Comme cela se d\u00e9duit des pr\u00e9sentations publi\u00e9es sur le site des trois conf\u00e9rences \u00e9piscopales mentionn\u00e9es ci-dessus, le but \u00e9tait d\u2019illustrer la th\u00e9ologie du mariage et de la famille alternative en la confrontant \u00e0 la pens\u00e9e de Jean Paul II.<br \/>\nAu cours de cette conf\u00e9rence un certain nombre des participants a soulign\u00e9 l\u2019importance de revoir l\u2019enseignement de l\u2019encyclique <em>Humanae vitae<\/em> de Paul VI, \u00e9l\u00e9ment central de la th\u00e9ologie du mariage de Jean Paul II. Ces propositions se r\u00e9f\u00e8rent \u00e0 la conception d\u2019une conscience cr\u00e9ative et au proportionalisme. Ces th\u00e9ories ont \u00e9t\u00e9 d\u00e9crites et repouss\u00e9es par Jean Paul II en tant qu\u2019erron\u00e9es dans son encyclique <em>Veritatis Splendor<\/em>. Certains enseignants ont insist\u00e9 sur la n\u00e9cessit\u00e9 d\u2019abandonner les images bibliques du mariage propres \u00e0 la th\u00e9ologie catholique : mariage en tant qu\u2019image de la Trinit\u00e9, ou en temps qu\u2019image de l\u2019amour divin (du Christ) pour son peuple (l\u2019Eglise). De telles images, selon les participants \u00e0 cette conf\u00e9rence, pr\u00e9sentent un certain id\u00e9al qui est loin de la r\u00e9alit\u00e9 des unions chr\u00e9tiennes. Dans un contexte semblable, \u00e0 savoir le refus d\u2019un id\u00e9al qui nous oblige \u00e0 se mesurer avec courage \u00e0 la grisaille du quotidien, \u00e9merge la conviction que la repr\u00e9sentation de l\u2019amour conjugal, en tant que don de soi, repr\u00e9sente un fardeau insoutenable pour les jeunes d\u2019aujourd\u2019hui. L\u2019acceptation sans critique, de la part des participants \u00e0 la conf\u00e9rence, de donner la Communion aux divorc\u00e9s et aux remari\u00e9s ouvre \u00e0 une r\u00e9\u00e9valuation \u00e9thique de certains comportements jug\u00e9s jusqu\u2019\u00e0 maintenant coupables, tels les rapports sexuels avant le mariage ou en dehors du mariage, les relations homosexuelles.<br \/>\nL\u2019Eglise est comparable \u00e0 un \u00ab propri\u00e9taire qui tire de son tr\u00e9sor du neuf et du vieux \u00bb (Mt 13.52). L\u2019enseignement de l\u2019Eglise ne se fossilise pas sur un attachement persistant aux le\u00e7ons du pass\u00e9 : les nouvelles \u00e9poques soul\u00e8vent de nouvelles questions qui requi\u00e8rent un comportement cr\u00e9atif face au patrimoine de l\u2019Eglise. Toutefois il est rappel\u00e9 que l\u2019enseignement de l\u2019Eglise ne doit pas \u00eatre consid\u00e9r\u00e9 comme \u00ab un \u00e9l\u00e9ment inutile \u00bb qui sera mis de c\u00f4t\u00e9 \u00e0 la premi\u00e8re confrontation avec les d\u00e9fis contemporains.<br \/>\nCela est parfaitement vrai pour l\u2019enseignement de Jean Paul II sur le mariage et la famille, l\u2019enseignement du \u00ab Pape de la famille \u00bb. Les \u00e9glises, qui ont adopt\u00e9 son enseignement dans leur cat\u00e9ch\u00e8se sur le mariage, en donnent le plus actuel et vif t\u00e9moignage.<\/p>\n<p style=\"text-align: right;\"><strong>Jaroslaw Kupczak OP<\/strong><br \/>\nProfesseur de th\u00e9ologie<\/p>\n","protected":false},"excerpt":{"rendered":"<p>Jaroslaw Kupczak OP<\/p>\n","protected":false},"author":5,"featured_media":0,"comment_status":"open","ping_status":"open","sticky":false,"template":"","format":"standard","meta":{"_acf_changed":false,"_exactmetrics_skip_tracking":false,"_exactmetrics_sitenote_active":false,"_exactmetrics_sitenote_note":"","_exactmetrics_sitenote_category":0,"footnotes":""},"categories":[2,13,14],"tags":[20,19,22,23,21],"class_list":["post-1182","post","type-post","status-publish","format-standard","hentry","category-articles","category-strona-glowna-najnowsze","category-strona-glowna-slider","tag-famille","tag-jean-paul-ii","tag-mariage","tag-recherche","tag-theologie"],"acf":[],"yoast_head":"<!-- This site is optimized with the Yoast SEO plugin v26.2 - https:\/\/yoast.com\/wordpress\/plugins\/seo\/ -->\n<title>La recherche sur l\u2019h\u00e9r\u00e9dit\u00e9 spirituelle de Jean Paul II - Centre de Documentation et d\u2019Etude du Pontificat de Jean-Paul II \u00e0 Rome<\/title>\n<meta name=\"robots\" content=\"index, follow, max-snippet:-1, max-image-preview:large, max-video-preview:-1\" \/>\n<link rel=\"canonical\" href=\"https:\/\/jp2doc.pl\/fr\/2017\/05\/30\/la-recherche-sur-lheredite-spirituelle-de-jean-paul-ii\/\" \/>\n<meta property=\"og:locale\" content=\"fr_FR\" \/>\n<meta property=\"og:type\" content=\"article\" \/>\n<meta property=\"og:title\" content=\"La recherche sur l\u2019h\u00e9r\u00e9dit\u00e9 spirituelle de Jean Paul II - Centre de Documentation et d\u2019Etude du Pontificat de Jean-Paul II \u00e0 Rome\" \/>\n<meta property=\"og:description\" content=\"Jaroslaw Kupczak OP\" \/>\n<meta property=\"og:url\" content=\"https:\/\/jp2doc.pl\/fr\/2017\/05\/30\/la-recherche-sur-lheredite-spirituelle-de-jean-paul-ii\/\" \/>\n<meta property=\"og:site_name\" content=\"Centre de Documentation et d\u2019Etude du Pontificat de Jean-Paul II \u00e0 Rome\" \/>\n<meta property=\"article:published_time\" content=\"2017-05-30T09:30:54+00:00\" \/>\n<meta property=\"article:modified_time\" content=\"2020-10-29T12:23:01+00:00\" \/>\n<meta name=\"author\" content=\"juliasercanka\" \/>\n<meta name=\"twitter:card\" content=\"summary_large_image\" \/>\n<meta name=\"twitter:label1\" content=\"\u00c9crit par\" \/>\n\t<meta name=\"twitter:data1\" content=\"juliasercanka\" \/>\n\t<meta name=\"twitter:label2\" content=\"Dur\u00e9e de lecture estim\u00e9e\" \/>\n\t<meta name=\"twitter:data2\" content=\"3 minutes\" \/>\n<script type=\"application\/ld+json\" class=\"yoast-schema-graph\">{\"@context\":\"https:\/\/schema.org\",\"@graph\":[{\"@type\":\"Article\",\"@id\":\"https:\/\/jp2doc.pl\/fr\/2017\/05\/30\/la-recherche-sur-lheredite-spirituelle-de-jean-paul-ii\/#article\",\"isPartOf\":{\"@id\":\"https:\/\/jp2doc.pl\/fr\/2017\/05\/30\/la-recherche-sur-lheredite-spirituelle-de-jean-paul-ii\/\"},\"author\":{\"name\":\"juliasercanka\",\"@id\":\"https:\/\/jp2doc.pl\/fr\/#\/schema\/person\/6110109e80abb51f6fac4824777eabfe\"},\"headline\":\"La recherche sur l\u2019h\u00e9r\u00e9dit\u00e9 spirituelle de Jean Paul II\",\"datePublished\":\"2017-05-30T09:30:54+00:00\",\"dateModified\":\"2020-10-29T12:23:01+00:00\",\"mainEntityOfPage\":{\"@id\":\"https:\/\/jp2doc.pl\/fr\/2017\/05\/30\/la-recherche-sur-lheredite-spirituelle-de-jean-paul-ii\/\"},\"wordCount\":653,\"commentCount\":0,\"publisher\":{\"@id\":\"https:\/\/jp2doc.pl\/fr\/#organization\"},\"keywords\":[\"famille\",\"Jean Paul II\",\"mariage\",\"recherche\",\"th\u00e9ologie\"],\"articleSection\":[\"Articles\",\"Strona g\u0142\u00f3wna - najnowsze\",\"Strona g\u0142\u00f3wna - slider\"],\"inLanguage\":\"fr-FR\",\"potentialAction\":[{\"@type\":\"CommentAction\",\"name\":\"Comment\",\"target\":[\"https:\/\/jp2doc.pl\/fr\/2017\/05\/30\/la-recherche-sur-lheredite-spirituelle-de-jean-paul-ii\/#respond\"]}]},{\"@type\":\"WebPage\",\"@id\":\"https:\/\/jp2doc.pl\/fr\/2017\/05\/30\/la-recherche-sur-lheredite-spirituelle-de-jean-paul-ii\/\",\"url\":\"https:\/\/jp2doc.pl\/fr\/2017\/05\/30\/la-recherche-sur-lheredite-spirituelle-de-jean-paul-ii\/\",\"name\":\"La recherche sur l\u2019h\u00e9r\u00e9dit\u00e9 spirituelle de Jean Paul II - Centre de Documentation et d\u2019Etude du Pontificat de Jean-Paul II \u00e0 Rome\",\"isPartOf\":{\"@id\":\"https:\/\/jp2doc.pl\/fr\/#website\"},\"datePublished\":\"2017-05-30T09:30:54+00:00\",\"dateModified\":\"2020-10-29T12:23:01+00:00\",\"breadcrumb\":{\"@id\":\"https:\/\/jp2doc.pl\/fr\/2017\/05\/30\/la-recherche-sur-lheredite-spirituelle-de-jean-paul-ii\/#breadcrumb\"},\"inLanguage\":\"fr-FR\",\"potentialAction\":[{\"@type\":\"ReadAction\",\"target\":[\"https:\/\/jp2doc.pl\/fr\/2017\/05\/30\/la-recherche-sur-lheredite-spirituelle-de-jean-paul-ii\/\"]}]},{\"@type\":\"BreadcrumbList\",\"@id\":\"https:\/\/jp2doc.pl\/fr\/2017\/05\/30\/la-recherche-sur-lheredite-spirituelle-de-jean-paul-ii\/#breadcrumb\",\"itemListElement\":[{\"@type\":\"ListItem\",\"position\":1,\"name\":\"Home\",\"item\":\"https:\/\/jp2doc.pl\/fr\/\"},{\"@type\":\"ListItem\",\"position\":2,\"name\":\"La recherche sur l\u2019h\u00e9r\u00e9dit\u00e9 spirituelle de Jean Paul II\"}]},{\"@type\":\"WebSite\",\"@id\":\"https:\/\/jp2doc.pl\/fr\/#website\",\"url\":\"https:\/\/jp2doc.pl\/fr\/\",\"name\":\"Centre de Documentation et d\u2019Etude du Pontificat de Jean-Paul II \u00e0 Rome\",\"description\":\"\",\"publisher\":{\"@id\":\"https:\/\/jp2doc.pl\/fr\/#organization\"},\"potentialAction\":[{\"@type\":\"SearchAction\",\"target\":{\"@type\":\"EntryPoint\",\"urlTemplate\":\"https:\/\/jp2doc.pl\/fr\/?s={search_term_string}\"},\"query-input\":{\"@type\":\"PropertyValueSpecification\",\"valueRequired\":true,\"valueName\":\"search_term_string\"}}],\"inLanguage\":\"fr-FR\"},{\"@type\":\"Organization\",\"@id\":\"https:\/\/jp2doc.pl\/fr\/#organization\",\"name\":\"Centre de Documentation et d\u2019Etude du Pontificat de Jean-Paul II \u00e0 Rome\",\"url\":\"https:\/\/jp2doc.pl\/fr\/\",\"logo\":{\"@type\":\"ImageObject\",\"inLanguage\":\"fr-FR\",\"@id\":\"https:\/\/jp2doc.pl\/fr\/#\/schema\/logo\/image\/\",\"url\":\"https:\/\/jp2doc.pl\/fr\/wp-content\/uploads\/sites\/5\/2017\/03\/cropped-logo.png\",\"contentUrl\":\"https:\/\/jp2doc.pl\/fr\/wp-content\/uploads\/sites\/5\/2017\/03\/cropped-logo.png\",\"width\":115,\"height\":115,\"caption\":\"Centre de Documentation et d\u2019Etude du Pontificat de Jean-Paul II \u00e0 Rome\"},\"image\":{\"@id\":\"https:\/\/jp2doc.pl\/fr\/#\/schema\/logo\/image\/\"}},{\"@type\":\"Person\",\"@id\":\"https:\/\/jp2doc.pl\/fr\/#\/schema\/person\/6110109e80abb51f6fac4824777eabfe\",\"name\":\"juliasercanka\",\"image\":{\"@type\":\"ImageObject\",\"inLanguage\":\"fr-FR\",\"@id\":\"https:\/\/jp2doc.pl\/fr\/#\/schema\/person\/image\/\",\"url\":\"https:\/\/secure.gravatar.com\/avatar\/266a66e864556e22d55d61b6b10c97fab9060767b738564bcd109f3997e372bc?s=96&d=mm&r=g\",\"contentUrl\":\"https:\/\/secure.gravatar.com\/avatar\/266a66e864556e22d55d61b6b10c97fab9060767b738564bcd109f3997e372bc?s=96&d=mm&r=g\",\"caption\":\"juliasercanka\"},\"url\":\"https:\/\/jp2doc.pl\/fr\/author\/juliasercanka\/\"}]}<\/script>\n<!-- \/ Yoast SEO plugin. -->","yoast_head_json":{"title":"La recherche sur l\u2019h\u00e9r\u00e9dit\u00e9 spirituelle de Jean Paul II - Centre de Documentation et d\u2019Etude du Pontificat de Jean-Paul II \u00e0 Rome","robots":{"index":"index","follow":"follow","max-snippet":"max-snippet:-1","max-image-preview":"max-image-preview:large","max-video-preview":"max-video-preview:-1"},"canonical":"https:\/\/jp2doc.pl\/fr\/2017\/05\/30\/la-recherche-sur-lheredite-spirituelle-de-jean-paul-ii\/","og_locale":"fr_FR","og_type":"article","og_title":"La recherche sur l\u2019h\u00e9r\u00e9dit\u00e9 spirituelle de Jean Paul II - Centre de Documentation et d\u2019Etude du Pontificat de Jean-Paul II \u00e0 Rome","og_description":"Jaroslaw Kupczak OP","og_url":"https:\/\/jp2doc.pl\/fr\/2017\/05\/30\/la-recherche-sur-lheredite-spirituelle-de-jean-paul-ii\/","og_site_name":"Centre de Documentation et d\u2019Etude du Pontificat de Jean-Paul II \u00e0 Rome","article_published_time":"2017-05-30T09:30:54+00:00","article_modified_time":"2020-10-29T12:23:01+00:00","author":"juliasercanka","twitter_card":"summary_large_image","twitter_misc":{"\u00c9crit par":"juliasercanka","Dur\u00e9e de lecture estim\u00e9e":"3 minutes"},"schema":{"@context":"https:\/\/schema.org","@graph":[{"@type":"Article","@id":"https:\/\/jp2doc.pl\/fr\/2017\/05\/30\/la-recherche-sur-lheredite-spirituelle-de-jean-paul-ii\/#article","isPartOf":{"@id":"https:\/\/jp2doc.pl\/fr\/2017\/05\/30\/la-recherche-sur-lheredite-spirituelle-de-jean-paul-ii\/"},"author":{"name":"juliasercanka","@id":"https:\/\/jp2doc.pl\/fr\/#\/schema\/person\/6110109e80abb51f6fac4824777eabfe"},"headline":"La recherche sur l\u2019h\u00e9r\u00e9dit\u00e9 spirituelle de Jean Paul II","datePublished":"2017-05-30T09:30:54+00:00","dateModified":"2020-10-29T12:23:01+00:00","mainEntityOfPage":{"@id":"https:\/\/jp2doc.pl\/fr\/2017\/05\/30\/la-recherche-sur-lheredite-spirituelle-de-jean-paul-ii\/"},"wordCount":653,"commentCount":0,"publisher":{"@id":"https:\/\/jp2doc.pl\/fr\/#organization"},"keywords":["famille","Jean Paul II","mariage","recherche","th\u00e9ologie"],"articleSection":["Articles","Strona g\u0142\u00f3wna - najnowsze","Strona g\u0142\u00f3wna - slider"],"inLanguage":"fr-FR","potentialAction":[{"@type":"CommentAction","name":"Comment","target":["https:\/\/jp2doc.pl\/fr\/2017\/05\/30\/la-recherche-sur-lheredite-spirituelle-de-jean-paul-ii\/#respond"]}]},{"@type":"WebPage","@id":"https:\/\/jp2doc.pl\/fr\/2017\/05\/30\/la-recherche-sur-lheredite-spirituelle-de-jean-paul-ii\/","url":"https:\/\/jp2doc.pl\/fr\/2017\/05\/30\/la-recherche-sur-lheredite-spirituelle-de-jean-paul-ii\/","name":"La recherche sur l\u2019h\u00e9r\u00e9dit\u00e9 spirituelle de Jean Paul II - Centre de Documentation et d\u2019Etude du Pontificat de Jean-Paul II \u00e0 Rome","isPartOf":{"@id":"https:\/\/jp2doc.pl\/fr\/#website"},"datePublished":"2017-05-30T09:30:54+00:00","dateModified":"2020-10-29T12:23:01+00:00","breadcrumb":{"@id":"https:\/\/jp2doc.pl\/fr\/2017\/05\/30\/la-recherche-sur-lheredite-spirituelle-de-jean-paul-ii\/#breadcrumb"},"inLanguage":"fr-FR","potentialAction":[{"@type":"ReadAction","target":["https:\/\/jp2doc.pl\/fr\/2017\/05\/30\/la-recherche-sur-lheredite-spirituelle-de-jean-paul-ii\/"]}]},{"@type":"BreadcrumbList","@id":"https:\/\/jp2doc.pl\/fr\/2017\/05\/30\/la-recherche-sur-lheredite-spirituelle-de-jean-paul-ii\/#breadcrumb","itemListElement":[{"@type":"ListItem","position":1,"name":"Home","item":"https:\/\/jp2doc.pl\/fr\/"},{"@type":"ListItem","position":2,"name":"La recherche sur l\u2019h\u00e9r\u00e9dit\u00e9 spirituelle de Jean Paul II"}]},{"@type":"WebSite","@id":"https:\/\/jp2doc.pl\/fr\/#website","url":"https:\/\/jp2doc.pl\/fr\/","name":"Centre de Documentation et d\u2019Etude du Pontificat de Jean-Paul II \u00e0 Rome","description":"","publisher":{"@id":"https:\/\/jp2doc.pl\/fr\/#organization"},"potentialAction":[{"@type":"SearchAction","target":{"@type":"EntryPoint","urlTemplate":"https:\/\/jp2doc.pl\/fr\/?s={search_term_string}"},"query-input":{"@type":"PropertyValueSpecification","valueRequired":true,"valueName":"search_term_string"}}],"inLanguage":"fr-FR"},{"@type":"Organization","@id":"https:\/\/jp2doc.pl\/fr\/#organization","name":"Centre de Documentation et d\u2019Etude du Pontificat de Jean-Paul II \u00e0 Rome","url":"https:\/\/jp2doc.pl\/fr\/","logo":{"@type":"ImageObject","inLanguage":"fr-FR","@id":"https:\/\/jp2doc.pl\/fr\/#\/schema\/logo\/image\/","url":"https:\/\/jp2doc.pl\/fr\/wp-content\/uploads\/sites\/5\/2017\/03\/cropped-logo.png","contentUrl":"https:\/\/jp2doc.pl\/fr\/wp-content\/uploads\/sites\/5\/2017\/03\/cropped-logo.png","width":115,"height":115,"caption":"Centre de Documentation et d\u2019Etude du Pontificat de Jean-Paul II \u00e0 Rome"},"image":{"@id":"https:\/\/jp2doc.pl\/fr\/#\/schema\/logo\/image\/"}},{"@type":"Person","@id":"https:\/\/jp2doc.pl\/fr\/#\/schema\/person\/6110109e80abb51f6fac4824777eabfe","name":"juliasercanka","image":{"@type":"ImageObject","inLanguage":"fr-FR","@id":"https:\/\/jp2doc.pl\/fr\/#\/schema\/person\/image\/","url":"https:\/\/secure.gravatar.com\/avatar\/266a66e864556e22d55d61b6b10c97fab9060767b738564bcd109f3997e372bc?s=96&d=mm&r=g","contentUrl":"https:\/\/secure.gravatar.com\/avatar\/266a66e864556e22d55d61b6b10c97fab9060767b738564bcd109f3997e372bc?s=96&d=mm&r=g","caption":"juliasercanka"},"url":"https:\/\/jp2doc.pl\/fr\/author\/juliasercanka\/"}]}},"_links":{"self":[{"href":"https:\/\/jp2doc.pl\/fr\/wp-json\/wp\/v2\/posts\/1182","targetHints":{"allow":["GET"]}}],"collection":[{"href":"https:\/\/jp2doc.pl\/fr\/wp-json\/wp\/v2\/posts"}],"about":[{"href":"https:\/\/jp2doc.pl\/fr\/wp-json\/wp\/v2\/types\/post"}],"author":[{"embeddable":true,"href":"https:\/\/jp2doc.pl\/fr\/wp-json\/wp\/v2\/users\/5"}],"replies":[{"embeddable":true,"href":"https:\/\/jp2doc.pl\/fr\/wp-json\/wp\/v2\/comments?post=1182"}],"version-history":[{"count":2,"href":"https:\/\/jp2doc.pl\/fr\/wp-json\/wp\/v2\/posts\/1182\/revisions"}],"predecessor-version":[{"id":1187,"href":"https:\/\/jp2doc.pl\/fr\/wp-json\/wp\/v2\/posts\/1182\/revisions\/1187"}],"wp:attachment":[{"href":"https:\/\/jp2doc.pl\/fr\/wp-json\/wp\/v2\/media?parent=1182"}],"wp:term":[{"taxonomy":"category","embeddable":true,"href":"https:\/\/jp2doc.pl\/fr\/wp-json\/wp\/v2\/categories?post=1182"},{"taxonomy":"post_tag","embeddable":true,"href":"https:\/\/jp2doc.pl\/fr\/wp-json\/wp\/v2\/tags?post=1182"}],"curies":[{"name":"wp","href":"https:\/\/api.w.org\/{rel}","templated":true}]}}