{"id":1287,"date":"2017-11-13T10:10:54","date_gmt":"2017-11-13T09:10:54","guid":{"rendered":"http:\/\/jp2doc.pl\/fr\/?p=1287"},"modified":"2020-10-29T13:23:58","modified_gmt":"2020-10-29T12:23:58","slug":"au-revoir-au-paradis","status":"publish","type":"post","link":"https:\/\/jp2doc.pl\/fr\/2017\/11\/13\/au-revoir-au-paradis\/","title":{"rendered":"Au revoir au ciel"},"content":{"rendered":"<p>Pendant pr\u00e8s de quarante de mon travail de journaliste, deux personnages \u00e0 peine m\u2019ont laiss\u00e9 un souvenir inoubliable. Les autres, j\u2019essaie de les oublier ou de ne pas les faire revenir en m\u00e9moire. Mais ces deux hommes, Adolfo Suarez et Jean Paul II, \u00e9taient exceptionnels. Je n\u2019ai jamais eu l\u2019occasion de les conna\u00eetre personnellement. Je ne pourrais m\u00eame pas me sentir digne de leur amiti\u00e9. Ils ont apparu dans ma vie comme une \u00e9toile \u00e9ph\u00e9m\u00e8re, mais tellement intense qu\u2019elle a illumin\u00e9 toute mon existence. Ils avaient aussi un don particulier : ils te regardaient comme si tu \u00e9tais la seule et unique personne qui les int\u00e9ressait. On le ressentait comme quelque chose de sinc\u00e8re et authentique. Chez le Pape, cela avait encore un aspect. Dans ses gestes et dans ses yeux on apercevait, comme \u00e0 travers un halo lumineux, la pr\u00e9sence de Dieu agissant dans cette \u00e2me, forg\u00e9e dans la douleur et la souffrance.<\/p>\n<h5><strong>\u201eNous voulons les \u00e9v\u00eaques catholiques\u201d<\/strong><\/h5>\n<p>Ma premi\u00e8re grande exp\u00e9rience a eu lieu le 6 novembre 1982 au ch\u00e2teau de Javier. J\u2019\u00e9tais alors un jeune journaliste de vingt quatre ans, employ\u00e9 \u00e0 la cha\u00eene r\u00e9gionale de la t\u00e9l\u00e9vision espagnole de la province de Navarre. Malheureusement, je n\u2019avais pas \u00e9t\u00e9 inclus dans l\u2019\u00e9quipe de journalistes charg\u00e9s de couvrir la premi\u00e8re visite de Jean Paul II en Espagne. Pourtant, je ne m\u2019en souciais pas. Je me sentais comme un simple p\u00e8lerin, debout sous une grande banni\u00e8re portant une inscription en langue polonaise. Je voulais savoir ce que signifiaient ces mots. \u201eNous voulons des \u00e9v\u00eaques catholiques\u201d, m\u2019a expliqu\u00e9 un jeune homme. \u201eC\u2019est le message adress\u00e9 au Pape \u2026Tu sais, Cirarda, le guerrier\u201d(1). Je n\u2019ai pas r\u00e9pondu et j\u2019ai tourn\u00e9 les yeux vers le chateau de Javier, o\u00f9 le Christ transpira du sang pendant l\u2019agonie de l\u2019Ap\u00f4tre des Indes qui expirait, le regard tourn\u00e9 vers la c\u00f4te de sa Chine r\u00eav\u00e9e (2).<br \/>\nL\u2019attente \u00e0 Javier a \u00e9t\u00e9 longue, et il faisait froid. Les gens s\u2019entassaient autour de moi et pour tuer le temps \u00e9coutaient la transmission radio de la visite du Pape \u00e0 Loyola. Jean Paul priait les religieux d\u2019\u00eatre un exemple de vie pour les autres. Ses paroles parlaient du pardon, ici m\u00eame, sur cette terre, tourment\u00e9e par la haine et la douleur. Nous vivions une p\u00e9riode tr\u00e8s dure.<br \/>\nDans cette atmosph\u00e8re d\u2019attente, les paroles du Pape m\u2019ont apport\u00e9 une consolation :<\/p>\n<blockquote><p>La violence n\u2019est pas un moyen de construire. Elle offense Dieu, celui qui la subit, et celui qui l\u2019exerce<\/p><\/blockquote>\n<p>Nous hochions la t\u00eate en guise d\u2019approbation, en \u00e9coutant ces paroles du Saint-P\u00e8re. Quelqu\u2019un a dit, rompant le silence : \u201eIl est bien courageux\u201d, en pensant \u00e0 Jean Paul II.<br \/>\nA Javier j\u2019ai vu le Pape de tr\u00e8s loin ; un point blanc \u00e0 peine visible sur le fond gris de l\u2019immense ch\u00e2teau transform\u00e9 en \u00e9glise. Mais j\u2019au pu entendre sa voix forte et convaincante :<\/p>\n<blockquote><p>Jeunes ! Le Christ a besoin de vous et vous appelle pour aider des millions de vos fr\u00e8res \u00e0 \u00eatre pleinement hommes et \u00e0 se sauver. Vivez ce noble id\u00e9al dans votre \u00e2me et ne c\u00e9dez pas \u00e0 la tentation des id\u00e9ologies de l\u2019h\u00e9donisme, de la haine et de la violence, qui d\u00e9gradent l\u2019homme. Ouvrez votre coeur au Christ, \u00e0 sa loi d\u2019amour<\/p><\/blockquote>\n<p>Tout de suite apr\u00e8s la visite du Pape, les vannes du ciel se sont ouvertes. Nous sommes arriv\u00e9s \u00e0 Pampelune tremp\u00e9s jusqu\u2019aux os. Mes pens\u00e9es tournaient autour du slogan des \u201e\u00e9v\u00eaques catholiques\u201d, en contradiction avec les paroles du Pape.<\/p>\n<blockquote><p>La violence n\u2019est pas un moyen de construire. Elle offense Dieu,\u2026 celui qui la subit\u2026 et celui qui l\u2019exerce<\/p><\/blockquote>\n<p>Apr\u00e8s avoir assimil\u00e9 ces id\u00e9es, j\u2019ai enfin r\u00e9ussi \u00e0 m\u2019endormir.<\/p>\n<h5><strong>La b\u00e9n\u00e9diction \u00e0 la Nonciature<\/strong><\/h5>\n<p>Jean Paul II a visit\u00e9 l\u2019Espagne cinq fois. En 1993 il est venu \u00e0 Madrid, pour consacrer la Cath\u00e9drale d\u2019Almudena. Cette fois encore, je n\u2019ai pas \u00e9t\u00e9 inclus dans le groupe couvrant la visite de Sa Saintet\u00e9 et je n\u2019ai pu comprendre pourquoi. J\u2019ai pri\u00e9 Dieu pour que je puisse voir le Pape. J\u2019ai pri\u00e9 ardemment, sachant que c\u2019\u00e9tait pratiquement imposible, car je n\u2019avais pas la fameuse accr\u00e9ditation presse. Mais le Seigneur m\u2019a de nouveau surpris. Un matin, j\u2019\u00e9tais seul dans la r\u00e9daction. \u201eVa \u00e0 la Nonciature&#8230;\u201d m\u2019a brusquement appel\u00e9 mon chef. \u201eIl y a l\u00e0 des fous qui ne cessent de crier\u201d. Je suis imm\u00e9diatement sorti ; l\u2019\u00e9quipe m\u2019attendait d\u00e9j\u00e0. En effet, une fois sur place, j\u2019ai vu une foule de jeunes qui scandaient le refrain qui rime en espagnol : \u201eJuan Pablo segundo, te quiere todo el muuuuundo\u2026.\u201d. ,,Jean Paul II, tout le monde t\u2019aime\u201d. Les cris devenaient de plus en plus intenses. Je me suis approch\u00e9 du b\u00e2timent de la Nonciature. Le cameraman m\u2019a suivi. Les jeunes criaient de plus en plus fort\u2026et tout \u00e0 coup, le Pape est apparu.<\/p>\n<p>Il \u00e9tait tout pr\u00e8s de moi. J\u2019\u00e9tais comme paralys\u00e9. A ce moment, je n\u2019avais plus en memoire ma pri\u00e8re insistante adress\u00e9e \u00e0 Dieu. Le Saint P\u00e8re a regard\u00e9 la foule rassembl\u00e9e avec une tendresse indicible et nous a b\u00e9nis d\u2019une mani\u00e8re qui n\u2019avait rien de routinier. Au contraire. Il a fait un geste grave, sublime, rempli de signification&#8230; Moi aussi, j\u2019ai fait un signe de la croix, en pr\u00e9sence de mes compagnons stup\u00e9faits, et j\u2019ai regard\u00e9 le ciel, remerciant Dieu de ce cadeau inattendu. En fait, je ne m\u2019attendais ni \u00e0 la b\u00e9n\u00e9diction du Pape ni \u00e0 son large sourire. Ces minutes ont rempli ma vie et je ne les oublierai jamais. La b\u00e9n\u00e9diction de Jean Paul II \u00e0 la Nonciature, ce lieu o\u00f9 il avait pass\u00e9, comme je l\u2019ai apris plus tard, de longues heures \u00e0 prier, se prosternant, \u00e9tendu de tout son long sur le sol, devant le Saint Sacrement&#8230;<\/p>\n<h5><strong>N\u2019ayez pas peur de Lui parler<\/strong><\/h5>\n<p>En 2003, le Pape Voyageur s\u2019est rendu pour une derni\u00e8re fois en Espagne. Il n\u2019\u00e9tait plus la m\u00eame personne que j\u2019ai vue \u00e0 Javier et \u00e0 la Nonciature. Malade et souffrant, il continuait pourtant de tenir fortement en main la f\u00e9rule pontificale, surmont\u00e9e de la croix des Papes. Il n\u2019avait devant lui que trois voyages et peu de temps, mais il continuait de susciter l\u2019admiration du monde qui voyait en lui un exemple de dignit\u00e9 de l\u2019\u00e2ge avanc\u00e9.<br \/>\nJe me rappelle ses mots prononc\u00e9s \u00e0 Cuatro Vientos, qui gardent toujours leur actualit\u00e9 :<\/p>\n<blockquote><p>La spirale de la violence, du terrorisme et de la guerre provoque, \u00e9galement \u00e0 notre \u00e9poque, la haine et la mort. La paix, nous le savons, est tout d&rsquo;abord un don d&rsquo;en-Haut que nous devons demander avec insistance et que nous devons, en outre, construire tous ensemble \u00e0 travers une profonde conversion int\u00e9rieure<\/p><\/blockquote>\n<p>Ces paroles sont rest\u00e9es grav\u00e9es profond\u00e9ment dans la m\u00e9moire. A cette \u00e9poque de ma vie, j\u2019ai perdu ma m\u00e8re. Dans ma vie personnelle, je traversais un divorce douloureux, une autre spirale de la violence, qui laisse dans les \u00e2mes des marques profondes et saignantes. Ce sont des guerres silencieuses et tacites, qui tuent aussi des enfants.<\/p>\n<p>\u201eN&rsquo;ayez pas peur de parler de Lui! \u201d, appelait le Pape. \u201eCar le Christ est la v\u00e9ritable r\u00e9ponse \u00e0 toutes les questions sur l&rsquo;homme et sur son destin\u201d.<\/p>\n<p>Ce message est devenu une consolation pour mon \u00e2me\u2026 Je voulais embrasser les mains du Pape et pleurer, comme l\u2019a fait Ni\u00f1a Pastori, quand elle a chant\u00e9 sa version \u00e9mouvante d\u2019Ave Mar\u00eda, face \u00e0 des millions de personnes.<\/p>\n<h5><strong>Au revoir au ciel<\/strong><\/h5>\n<p>Jean Paul II est parti deux ans apr\u00e8s, le deux avril 2005, \u00e0 l\u2019\u00e2ge de 84 ans. Je me rappelle tr\u00e8s bien ce moment, car j\u2019ai \u00e9t\u00e9 charg\u00e9 de ins\u00e9rer cette nouvelle dans le t\u00e9l\u00e9texte de la t\u00e9l\u00e9vision espagnole. ,,Le Pape est mort\u201d. Un bref communiqu\u00e9, qui a fait le tour du monde, et quand je l\u2019ai transmis je me suis souvenu de cette rencontre et de la b\u00e9n\u00e9diction \u00e0 la Nonciature, \u00e0 Madrid, en 1993. Je disais en mon for int\u00e9rieur : ,,Au revoir au ciel\u201d, tandis que les claviers sous mes doigts r\u00e9digeaient le communiqu\u00e9 urgent sur le Pape venu d\u2019un pays lointain.<\/p>\n<p><strong>Jos\u00e9 G. Concepci\u00f3n<\/strong>, journaliste de TVE, Madrid<\/p>\n<p>(1) Jos\u00e9 Mar\u00eda Cirarda (1917-2008), \u00e9tait l\u2019\u00e9v\u00eaque de Santander et de Cordoue, ensuite l\u2019\u00e9v\u00eaque de Pampelune et de Tudela dans les ann\u00e9es 1978-1993. Il s\u2019est fait conna\u00eetre comme un ennemi du r\u00e9gime du g\u00e9n\u00e9ral Franco et a soutenu les r\u00e9formes du Concile Vatican II, souvent utilis\u00e9es dans les conflits id\u00e9ologiques et politiques qui ont secou\u00e9 le pays. Il \u00e9tait partisan du dialogue avec l\u2019ETA [NDLR].<\/p>\n<p>(2) Selon la tradition, le crucifix gothique transpira du sang le jour o\u00f9 Saint Fran\u00e7ois Javier agonisait [NDLR].<\/p>\n","protected":false},"excerpt":{"rendered":"<p>Jos\u00e9 G. Concepci\u00f3n Blasco<\/p>\n","protected":false},"author":5,"featured_media":0,"comment_status":"open","ping_status":"open","sticky":false,"template":"","format":"standard","meta":{"_acf_changed":false,"_exactmetrics_skip_tracking":false,"_exactmetrics_sitenote_active":false,"_exactmetrics_sitenote_note":"","_exactmetrics_sitenote_category":0,"footnotes":""},"categories":[2,13,14],"tags":[74,49,71,73,70,72],"class_list":["post-1287","post","type-post","status-publish","format-standard","hentry","category-articles","category-strona-glowna-najnowsze","category-strona-glowna-slider","tag-benediction","tag-dieu","tag-espagne","tag-jean-paul","tag-jp2","tag-television"],"acf":[],"yoast_head":"<!-- This site is optimized with the Yoast SEO plugin v26.2 - https:\/\/yoast.com\/wordpress\/plugins\/seo\/ -->\n<title>Au revoir au ciel - Centre de Documentation et d\u2019Etude du Pontificat de Jean-Paul II \u00e0 Rome<\/title>\n<meta name=\"robots\" content=\"index, follow, max-snippet:-1, max-image-preview:large, max-video-preview:-1\" \/>\n<link rel=\"canonical\" href=\"https:\/\/jp2doc.pl\/fr\/2017\/11\/13\/au-revoir-au-paradis\/\" \/>\n<meta property=\"og:locale\" content=\"fr_FR\" \/>\n<meta property=\"og:type\" content=\"article\" \/>\n<meta property=\"og:title\" content=\"Au revoir au ciel - Centre de Documentation et d\u2019Etude du Pontificat de Jean-Paul II \u00e0 Rome\" \/>\n<meta property=\"og:description\" content=\"Jos\u00e9 G. Concepci\u00f3n Blasco\" \/>\n<meta property=\"og:url\" content=\"https:\/\/jp2doc.pl\/fr\/2017\/11\/13\/au-revoir-au-paradis\/\" \/>\n<meta property=\"og:site_name\" content=\"Centre de Documentation et d\u2019Etude du Pontificat de Jean-Paul II \u00e0 Rome\" \/>\n<meta property=\"article:published_time\" content=\"2017-11-13T09:10:54+00:00\" \/>\n<meta property=\"article:modified_time\" content=\"2020-10-29T12:23:58+00:00\" \/>\n<meta name=\"author\" content=\"juliasercanka\" \/>\n<meta name=\"twitter:card\" content=\"summary_large_image\" \/>\n<meta name=\"twitter:label1\" content=\"\u00c9crit par\" \/>\n\t<meta name=\"twitter:data1\" content=\"juliasercanka\" \/>\n\t<meta name=\"twitter:label2\" content=\"Dur\u00e9e de lecture estim\u00e9e\" \/>\n\t<meta name=\"twitter:data2\" content=\"8 minutes\" \/>\n<script type=\"application\/ld+json\" class=\"yoast-schema-graph\">{\"@context\":\"https:\/\/schema.org\",\"@graph\":[{\"@type\":\"Article\",\"@id\":\"https:\/\/jp2doc.pl\/fr\/2017\/11\/13\/au-revoir-au-paradis\/#article\",\"isPartOf\":{\"@id\":\"https:\/\/jp2doc.pl\/fr\/2017\/11\/13\/au-revoir-au-paradis\/\"},\"author\":{\"name\":\"juliasercanka\",\"@id\":\"https:\/\/jp2doc.pl\/fr\/#\/schema\/person\/6110109e80abb51f6fac4824777eabfe\"},\"headline\":\"Au revoir au ciel\",\"datePublished\":\"2017-11-13T09:10:54+00:00\",\"dateModified\":\"2020-10-29T12:23:58+00:00\",\"mainEntityOfPage\":{\"@id\":\"https:\/\/jp2doc.pl\/fr\/2017\/11\/13\/au-revoir-au-paradis\/\"},\"wordCount\":1565,\"commentCount\":0,\"publisher\":{\"@id\":\"https:\/\/jp2doc.pl\/fr\/#organization\"},\"keywords\":[\"b\u00e9n\u00e9diction\",\"Dieu\",\"Espagne\",\"Jean Paul\",\"jp2\",\"t\u00e9l\u00e9vision\"],\"articleSection\":[\"Articles\",\"Strona g\u0142\u00f3wna - najnowsze\",\"Strona g\u0142\u00f3wna - slider\"],\"inLanguage\":\"fr-FR\",\"potentialAction\":[{\"@type\":\"CommentAction\",\"name\":\"Comment\",\"target\":[\"https:\/\/jp2doc.pl\/fr\/2017\/11\/13\/au-revoir-au-paradis\/#respond\"]}]},{\"@type\":\"WebPage\",\"@id\":\"https:\/\/jp2doc.pl\/fr\/2017\/11\/13\/au-revoir-au-paradis\/\",\"url\":\"https:\/\/jp2doc.pl\/fr\/2017\/11\/13\/au-revoir-au-paradis\/\",\"name\":\"Au revoir au ciel - Centre de Documentation et d\u2019Etude du Pontificat de Jean-Paul II \u00e0 Rome\",\"isPartOf\":{\"@id\":\"https:\/\/jp2doc.pl\/fr\/#website\"},\"datePublished\":\"2017-11-13T09:10:54+00:00\",\"dateModified\":\"2020-10-29T12:23:58+00:00\",\"breadcrumb\":{\"@id\":\"https:\/\/jp2doc.pl\/fr\/2017\/11\/13\/au-revoir-au-paradis\/#breadcrumb\"},\"inLanguage\":\"fr-FR\",\"potentialAction\":[{\"@type\":\"ReadAction\",\"target\":[\"https:\/\/jp2doc.pl\/fr\/2017\/11\/13\/au-revoir-au-paradis\/\"]}]},{\"@type\":\"BreadcrumbList\",\"@id\":\"https:\/\/jp2doc.pl\/fr\/2017\/11\/13\/au-revoir-au-paradis\/#breadcrumb\",\"itemListElement\":[{\"@type\":\"ListItem\",\"position\":1,\"name\":\"Home\",\"item\":\"https:\/\/jp2doc.pl\/fr\/\"},{\"@type\":\"ListItem\",\"position\":2,\"name\":\"Au revoir au ciel\"}]},{\"@type\":\"WebSite\",\"@id\":\"https:\/\/jp2doc.pl\/fr\/#website\",\"url\":\"https:\/\/jp2doc.pl\/fr\/\",\"name\":\"Centre de Documentation et d\u2019Etude du Pontificat de Jean-Paul II \u00e0 Rome\",\"description\":\"\",\"publisher\":{\"@id\":\"https:\/\/jp2doc.pl\/fr\/#organization\"},\"potentialAction\":[{\"@type\":\"SearchAction\",\"target\":{\"@type\":\"EntryPoint\",\"urlTemplate\":\"https:\/\/jp2doc.pl\/fr\/?s={search_term_string}\"},\"query-input\":{\"@type\":\"PropertyValueSpecification\",\"valueRequired\":true,\"valueName\":\"search_term_string\"}}],\"inLanguage\":\"fr-FR\"},{\"@type\":\"Organization\",\"@id\":\"https:\/\/jp2doc.pl\/fr\/#organization\",\"name\":\"Centre de Documentation et d\u2019Etude du Pontificat de Jean-Paul II \u00e0 Rome\",\"url\":\"https:\/\/jp2doc.pl\/fr\/\",\"logo\":{\"@type\":\"ImageObject\",\"inLanguage\":\"fr-FR\",\"@id\":\"https:\/\/jp2doc.pl\/fr\/#\/schema\/logo\/image\/\",\"url\":\"https:\/\/jp2doc.pl\/fr\/wp-content\/uploads\/sites\/5\/2017\/03\/cropped-logo.png\",\"contentUrl\":\"https:\/\/jp2doc.pl\/fr\/wp-content\/uploads\/sites\/5\/2017\/03\/cropped-logo.png\",\"width\":115,\"height\":115,\"caption\":\"Centre de Documentation et d\u2019Etude du Pontificat de Jean-Paul II \u00e0 Rome\"},\"image\":{\"@id\":\"https:\/\/jp2doc.pl\/fr\/#\/schema\/logo\/image\/\"}},{\"@type\":\"Person\",\"@id\":\"https:\/\/jp2doc.pl\/fr\/#\/schema\/person\/6110109e80abb51f6fac4824777eabfe\",\"name\":\"juliasercanka\",\"image\":{\"@type\":\"ImageObject\",\"inLanguage\":\"fr-FR\",\"@id\":\"https:\/\/jp2doc.pl\/fr\/#\/schema\/person\/image\/\",\"url\":\"https:\/\/secure.gravatar.com\/avatar\/266a66e864556e22d55d61b6b10c97fab9060767b738564bcd109f3997e372bc?s=96&d=mm&r=g\",\"contentUrl\":\"https:\/\/secure.gravatar.com\/avatar\/266a66e864556e22d55d61b6b10c97fab9060767b738564bcd109f3997e372bc?s=96&d=mm&r=g\",\"caption\":\"juliasercanka\"},\"url\":\"https:\/\/jp2doc.pl\/fr\/author\/juliasercanka\/\"}]}<\/script>\n<!-- \/ Yoast SEO plugin. -->","yoast_head_json":{"title":"Au revoir au ciel - Centre de Documentation et d\u2019Etude du Pontificat de Jean-Paul II \u00e0 Rome","robots":{"index":"index","follow":"follow","max-snippet":"max-snippet:-1","max-image-preview":"max-image-preview:large","max-video-preview":"max-video-preview:-1"},"canonical":"https:\/\/jp2doc.pl\/fr\/2017\/11\/13\/au-revoir-au-paradis\/","og_locale":"fr_FR","og_type":"article","og_title":"Au revoir au ciel - Centre de Documentation et d\u2019Etude du Pontificat de Jean-Paul II \u00e0 Rome","og_description":"Jos\u00e9 G. Concepci\u00f3n Blasco","og_url":"https:\/\/jp2doc.pl\/fr\/2017\/11\/13\/au-revoir-au-paradis\/","og_site_name":"Centre de Documentation et d\u2019Etude du Pontificat de Jean-Paul II \u00e0 Rome","article_published_time":"2017-11-13T09:10:54+00:00","article_modified_time":"2020-10-29T12:23:58+00:00","author":"juliasercanka","twitter_card":"summary_large_image","twitter_misc":{"\u00c9crit par":"juliasercanka","Dur\u00e9e de lecture estim\u00e9e":"8 minutes"},"schema":{"@context":"https:\/\/schema.org","@graph":[{"@type":"Article","@id":"https:\/\/jp2doc.pl\/fr\/2017\/11\/13\/au-revoir-au-paradis\/#article","isPartOf":{"@id":"https:\/\/jp2doc.pl\/fr\/2017\/11\/13\/au-revoir-au-paradis\/"},"author":{"name":"juliasercanka","@id":"https:\/\/jp2doc.pl\/fr\/#\/schema\/person\/6110109e80abb51f6fac4824777eabfe"},"headline":"Au revoir au ciel","datePublished":"2017-11-13T09:10:54+00:00","dateModified":"2020-10-29T12:23:58+00:00","mainEntityOfPage":{"@id":"https:\/\/jp2doc.pl\/fr\/2017\/11\/13\/au-revoir-au-paradis\/"},"wordCount":1565,"commentCount":0,"publisher":{"@id":"https:\/\/jp2doc.pl\/fr\/#organization"},"keywords":["b\u00e9n\u00e9diction","Dieu","Espagne","Jean Paul","jp2","t\u00e9l\u00e9vision"],"articleSection":["Articles","Strona g\u0142\u00f3wna - najnowsze","Strona g\u0142\u00f3wna - slider"],"inLanguage":"fr-FR","potentialAction":[{"@type":"CommentAction","name":"Comment","target":["https:\/\/jp2doc.pl\/fr\/2017\/11\/13\/au-revoir-au-paradis\/#respond"]}]},{"@type":"WebPage","@id":"https:\/\/jp2doc.pl\/fr\/2017\/11\/13\/au-revoir-au-paradis\/","url":"https:\/\/jp2doc.pl\/fr\/2017\/11\/13\/au-revoir-au-paradis\/","name":"Au revoir au ciel - Centre de Documentation et d\u2019Etude du Pontificat de Jean-Paul II \u00e0 Rome","isPartOf":{"@id":"https:\/\/jp2doc.pl\/fr\/#website"},"datePublished":"2017-11-13T09:10:54+00:00","dateModified":"2020-10-29T12:23:58+00:00","breadcrumb":{"@id":"https:\/\/jp2doc.pl\/fr\/2017\/11\/13\/au-revoir-au-paradis\/#breadcrumb"},"inLanguage":"fr-FR","potentialAction":[{"@type":"ReadAction","target":["https:\/\/jp2doc.pl\/fr\/2017\/11\/13\/au-revoir-au-paradis\/"]}]},{"@type":"BreadcrumbList","@id":"https:\/\/jp2doc.pl\/fr\/2017\/11\/13\/au-revoir-au-paradis\/#breadcrumb","itemListElement":[{"@type":"ListItem","position":1,"name":"Home","item":"https:\/\/jp2doc.pl\/fr\/"},{"@type":"ListItem","position":2,"name":"Au revoir au ciel"}]},{"@type":"WebSite","@id":"https:\/\/jp2doc.pl\/fr\/#website","url":"https:\/\/jp2doc.pl\/fr\/","name":"Centre de Documentation et d\u2019Etude du Pontificat de Jean-Paul II \u00e0 Rome","description":"","publisher":{"@id":"https:\/\/jp2doc.pl\/fr\/#organization"},"potentialAction":[{"@type":"SearchAction","target":{"@type":"EntryPoint","urlTemplate":"https:\/\/jp2doc.pl\/fr\/?s={search_term_string}"},"query-input":{"@type":"PropertyValueSpecification","valueRequired":true,"valueName":"search_term_string"}}],"inLanguage":"fr-FR"},{"@type":"Organization","@id":"https:\/\/jp2doc.pl\/fr\/#organization","name":"Centre de Documentation et d\u2019Etude du Pontificat de Jean-Paul II \u00e0 Rome","url":"https:\/\/jp2doc.pl\/fr\/","logo":{"@type":"ImageObject","inLanguage":"fr-FR","@id":"https:\/\/jp2doc.pl\/fr\/#\/schema\/logo\/image\/","url":"https:\/\/jp2doc.pl\/fr\/wp-content\/uploads\/sites\/5\/2017\/03\/cropped-logo.png","contentUrl":"https:\/\/jp2doc.pl\/fr\/wp-content\/uploads\/sites\/5\/2017\/03\/cropped-logo.png","width":115,"height":115,"caption":"Centre de Documentation et d\u2019Etude du Pontificat de Jean-Paul II \u00e0 Rome"},"image":{"@id":"https:\/\/jp2doc.pl\/fr\/#\/schema\/logo\/image\/"}},{"@type":"Person","@id":"https:\/\/jp2doc.pl\/fr\/#\/schema\/person\/6110109e80abb51f6fac4824777eabfe","name":"juliasercanka","image":{"@type":"ImageObject","inLanguage":"fr-FR","@id":"https:\/\/jp2doc.pl\/fr\/#\/schema\/person\/image\/","url":"https:\/\/secure.gravatar.com\/avatar\/266a66e864556e22d55d61b6b10c97fab9060767b738564bcd109f3997e372bc?s=96&d=mm&r=g","contentUrl":"https:\/\/secure.gravatar.com\/avatar\/266a66e864556e22d55d61b6b10c97fab9060767b738564bcd109f3997e372bc?s=96&d=mm&r=g","caption":"juliasercanka"},"url":"https:\/\/jp2doc.pl\/fr\/author\/juliasercanka\/"}]}},"_links":{"self":[{"href":"https:\/\/jp2doc.pl\/fr\/wp-json\/wp\/v2\/posts\/1287","targetHints":{"allow":["GET"]}}],"collection":[{"href":"https:\/\/jp2doc.pl\/fr\/wp-json\/wp\/v2\/posts"}],"about":[{"href":"https:\/\/jp2doc.pl\/fr\/wp-json\/wp\/v2\/types\/post"}],"author":[{"embeddable":true,"href":"https:\/\/jp2doc.pl\/fr\/wp-json\/wp\/v2\/users\/5"}],"replies":[{"embeddable":true,"href":"https:\/\/jp2doc.pl\/fr\/wp-json\/wp\/v2\/comments?post=1287"}],"version-history":[{"count":2,"href":"https:\/\/jp2doc.pl\/fr\/wp-json\/wp\/v2\/posts\/1287\/revisions"}],"predecessor-version":[{"id":1290,"href":"https:\/\/jp2doc.pl\/fr\/wp-json\/wp\/v2\/posts\/1287\/revisions\/1290"}],"wp:attachment":[{"href":"https:\/\/jp2doc.pl\/fr\/wp-json\/wp\/v2\/media?parent=1287"}],"wp:term":[{"taxonomy":"category","embeddable":true,"href":"https:\/\/jp2doc.pl\/fr\/wp-json\/wp\/v2\/categories?post=1287"},{"taxonomy":"post_tag","embeddable":true,"href":"https:\/\/jp2doc.pl\/fr\/wp-json\/wp\/v2\/tags?post=1287"}],"curies":[{"name":"wp","href":"https:\/\/api.w.org\/{rel}","templated":true}]}}