{"id":1298,"date":"2017-11-27T13:05:26","date_gmt":"2017-11-27T12:05:26","guid":{"rendered":"http:\/\/jp2doc.pl\/fr\/?p=1298"},"modified":"2017-12-23T22:15:42","modified_gmt":"2017-12-23T21:15:42","slug":"un-musulman-qui-a-aime-jean-paul-ii","status":"publish","type":"post","link":"https:\/\/jp2doc.pl\/fr\/2017\/11\/27\/un-musulman-qui-a-aime-jean-paul-ii\/","title":{"rendered":"Un musulman qui a aim\u00e9 Jean-Paul II"},"content":{"rendered":"<p>Je suis s\u0153ur Guema Uwanyiligira de nationalit\u00e9 Rwandaise. Je suis religieuse des s\u0153urs Missionnaires de la Soci\u00e9t\u00e9 de Marie SMSM. Je suis missionnaire au S\u00e9n\u00e9gal dans les banlieues de Dakar. Ma paroisse de mission est sous le patronage de saint Jean Paul II. Le jour de la canonisation de sa saintet\u00e9 (le 27 avril, 2014) fut un grand jour pour l\u2019Eglise du S\u00e9n\u00e9gal et en particulier ma paroisse qui porte son nom.<\/p>\n<h5><strong>La joie de sa canonisation<\/strong><\/h5>\n<p>Ce jour-l\u00e0, les associations, les communaut\u00e9s de base et les mouvements qui portent le nom de sa saintet\u00e9 se sont r\u00e9unies pour c\u00e9l\u00e9brer cet heureux \u00e9v\u00e8nement avec les paroissiens. Il y avait un groupe de jeunes, tr\u00e8s nombreux, qui s\u2019appelait G\u00e9n\u00e9ration Saint Jean Paul II.<\/p>\n<h5><strong>Un t\u00e9moignage d\u2019unit\u00e9<\/strong><\/h5>\n<p>Une chose qui m\u2019a le plus frapp\u00e9e et qui restera grav\u00e9 dans les m\u00e9moires de ces paroissiens est un musulman du nom de Malick Gakou. C\u2019est un s\u00e9n\u00e9galais ayant effectu\u00e9 ses \u00e9tudes en Pologne pendant le pontificat de Jean-Paul II et avait un amour pour lui. Il a fait construire une st\u00e8le et a amen\u00e9 des reliques du saint pape de la Pologne pour la communaut\u00e9 catholique de la paroisse pour cet heureux \u00e9v\u00e8nement.<\/p>\n<h5><strong>H\u00e9ritage inspirant<\/strong><\/h5>\n<p>Cette ann\u00e9e aussi en 2017 co\u00efncide avec le 25 \u00e8me anniversaires de la visite de Saint Jean Paul II en 1992. \u00c0 la demande de la Conf\u00e9rence Episcopale du S\u00e9n\u00e9gal, ma paroisse Saint Jean Paul II a eu la joie d\u2019accueillir tous les priants pour comm\u00e9morer cet \u00e9v\u00e8nement et de revisiter son h\u00e9ritage de grand p\u00e8lerin, de missionnaire et surtout de grand ami de Dieu et des hommes.<\/p>\n<p><strong>Sr. Guema Uwanyiligira<\/strong>, Dakar<\/p>\n","protected":false},"excerpt":{"rendered":"<p>T\u00e9moignage du Senegal<\/p>\n","protected":false},"author":5,"featured_media":1299,"comment_status":"open","ping_status":"open","sticky":false,"template":"","format":"standard","meta":{"_acf_changed":false,"_exactmetrics_skip_tracking":false,"_exactmetrics_sitenote_active":false,"_exactmetrics_sitenote_note":"","_exactmetrics_sitenote_category":0,"footnotes":""},"categories":[4,13,14],"tags":[81,82,80,78,77,79],"class_list":["post-1298","post","type-post","status-publish","format-standard","has-post-thumbnail","hentry","category-blog","category-strona-glowna-najnowsze","category-strona-glowna-slider","tag-dakar","tag-guema-uwanyiligira","tag-marie","tag-missionnaires","tag-rwandaise","tag-societe"],"acf":[],"yoast_head":"<!-- This site is optimized with the Yoast SEO plugin v26.2 - https:\/\/yoast.com\/wordpress\/plugins\/seo\/ -->\n<title>Un musulman qui a aim\u00e9 Jean-Paul II - Centre de Documentation et d\u2019Etude du Pontificat de Jean-Paul II \u00e0 Rome<\/title>\n<meta name=\"robots\" content=\"index, follow, max-snippet:-1, max-image-preview:large, max-video-preview:-1\" \/>\n<link rel=\"canonical\" href=\"https:\/\/jp2doc.pl\/fr\/2017\/11\/27\/un-musulman-qui-a-aime-jean-paul-ii\/\" \/>\n<meta property=\"og:locale\" content=\"fr_FR\" \/>\n<meta property=\"og:type\" content=\"article\" \/>\n<meta property=\"og:title\" content=\"Un musulman qui a aim\u00e9 Jean-Paul II - Centre de Documentation et d\u2019Etude du Pontificat de Jean-Paul II \u00e0 Rome\" \/>\n<meta property=\"og:description\" content=\"T\u00e9moignage du Senegal\" \/>\n<meta property=\"og:url\" content=\"https:\/\/jp2doc.pl\/fr\/2017\/11\/27\/un-musulman-qui-a-aime-jean-paul-ii\/\" \/>\n<meta property=\"og:site_name\" content=\"Centre de Documentation et d\u2019Etude du Pontificat de Jean-Paul II \u00e0 Rome\" \/>\n<meta property=\"article:published_time\" content=\"2017-11-27T12:05:26+00:00\" \/>\n<meta property=\"article:modified_time\" content=\"2017-12-23T21:15:42+00:00\" \/>\n<meta property=\"og:image\" content=\"https:\/\/jp2doc.pl\/fr\/wp-content\/uploads\/sites\/5\/2017\/11\/MG_9943.jpg\" \/>\n\t<meta property=\"og:image:width\" content=\"1415\" \/>\n\t<meta property=\"og:image:height\" content=\"1021\" \/>\n\t<meta property=\"og:image:type\" content=\"image\/jpeg\" \/>\n<meta name=\"author\" content=\"juliasercanka\" \/>\n<meta name=\"twitter:card\" content=\"summary_large_image\" \/>\n<meta name=\"twitter:label1\" content=\"\u00c9crit par\" \/>\n\t<meta name=\"twitter:data1\" content=\"juliasercanka\" \/>\n\t<meta name=\"twitter:label2\" content=\"Dur\u00e9e de lecture estim\u00e9e\" \/>\n\t<meta name=\"twitter:data2\" content=\"2 minutes\" \/>\n<script type=\"application\/ld+json\" class=\"yoast-schema-graph\">{\"@context\":\"https:\/\/schema.org\",\"@graph\":[{\"@type\":\"Article\",\"@id\":\"https:\/\/jp2doc.pl\/fr\/2017\/11\/27\/un-musulman-qui-a-aime-jean-paul-ii\/#article\",\"isPartOf\":{\"@id\":\"https:\/\/jp2doc.pl\/fr\/2017\/11\/27\/un-musulman-qui-a-aime-jean-paul-ii\/\"},\"author\":{\"name\":\"juliasercanka\",\"@id\":\"https:\/\/jp2doc.pl\/fr\/#\/schema\/person\/6110109e80abb51f6fac4824777eabfe\"},\"headline\":\"Un musulman qui a aim\u00e9 Jean-Paul II\",\"datePublished\":\"2017-11-27T12:05:26+00:00\",\"dateModified\":\"2017-12-23T21:15:42+00:00\",\"mainEntityOfPage\":{\"@id\":\"https:\/\/jp2doc.pl\/fr\/2017\/11\/27\/un-musulman-qui-a-aime-jean-paul-ii\/\"},\"wordCount\":312,\"commentCount\":0,\"publisher\":{\"@id\":\"https:\/\/jp2doc.pl\/fr\/#organization\"},\"image\":{\"@id\":\"https:\/\/jp2doc.pl\/fr\/2017\/11\/27\/un-musulman-qui-a-aime-jean-paul-ii\/#primaryimage\"},\"thumbnailUrl\":\"https:\/\/jp2doc.pl\/fr\/wp-content\/uploads\/sites\/5\/2017\/11\/MG_9943.jpg\",\"keywords\":[\"Dakar\",\"Guema Uwanyiligira\",\"Marie\",\"Missionnaires\",\"Rwandaise\",\"Soci\u00e9t\u00e9\"],\"articleSection\":[\"Blog\",\"Strona g\u0142\u00f3wna - najnowsze\",\"Strona g\u0142\u00f3wna - slider\"],\"inLanguage\":\"fr-FR\",\"potentialAction\":[{\"@type\":\"CommentAction\",\"name\":\"Comment\",\"target\":[\"https:\/\/jp2doc.pl\/fr\/2017\/11\/27\/un-musulman-qui-a-aime-jean-paul-ii\/#respond\"]}]},{\"@type\":\"WebPage\",\"@id\":\"https:\/\/jp2doc.pl\/fr\/2017\/11\/27\/un-musulman-qui-a-aime-jean-paul-ii\/\",\"url\":\"https:\/\/jp2doc.pl\/fr\/2017\/11\/27\/un-musulman-qui-a-aime-jean-paul-ii\/\",\"name\":\"Un musulman qui a aim\u00e9 Jean-Paul II - Centre de Documentation et d\u2019Etude du Pontificat de Jean-Paul II \u00e0 Rome\",\"isPartOf\":{\"@id\":\"https:\/\/jp2doc.pl\/fr\/#website\"},\"primaryImageOfPage\":{\"@id\":\"https:\/\/jp2doc.pl\/fr\/2017\/11\/27\/un-musulman-qui-a-aime-jean-paul-ii\/#primaryimage\"},\"image\":{\"@id\":\"https:\/\/jp2doc.pl\/fr\/2017\/11\/27\/un-musulman-qui-a-aime-jean-paul-ii\/#primaryimage\"},\"thumbnailUrl\":\"https:\/\/jp2doc.pl\/fr\/wp-content\/uploads\/sites\/5\/2017\/11\/MG_9943.jpg\",\"datePublished\":\"2017-11-27T12:05:26+00:00\",\"dateModified\":\"2017-12-23T21:15:42+00:00\",\"breadcrumb\":{\"@id\":\"https:\/\/jp2doc.pl\/fr\/2017\/11\/27\/un-musulman-qui-a-aime-jean-paul-ii\/#breadcrumb\"},\"inLanguage\":\"fr-FR\",\"potentialAction\":[{\"@type\":\"ReadAction\",\"target\":[\"https:\/\/jp2doc.pl\/fr\/2017\/11\/27\/un-musulman-qui-a-aime-jean-paul-ii\/\"]}]},{\"@type\":\"ImageObject\",\"inLanguage\":\"fr-FR\",\"@id\":\"https:\/\/jp2doc.pl\/fr\/2017\/11\/27\/un-musulman-qui-a-aime-jean-paul-ii\/#primaryimage\",\"url\":\"https:\/\/jp2doc.pl\/fr\/wp-content\/uploads\/sites\/5\/2017\/11\/MG_9943.jpg\",\"contentUrl\":\"https:\/\/jp2doc.pl\/fr\/wp-content\/uploads\/sites\/5\/2017\/11\/MG_9943.jpg\",\"width\":1415,\"height\":1021},{\"@type\":\"BreadcrumbList\",\"@id\":\"https:\/\/jp2doc.pl\/fr\/2017\/11\/27\/un-musulman-qui-a-aime-jean-paul-ii\/#breadcrumb\",\"itemListElement\":[{\"@type\":\"ListItem\",\"position\":1,\"name\":\"Home\",\"item\":\"https:\/\/jp2doc.pl\/fr\/\"},{\"@type\":\"ListItem\",\"position\":2,\"name\":\"Un musulman qui a aim\u00e9 Jean-Paul II\"}]},{\"@type\":\"WebSite\",\"@id\":\"https:\/\/jp2doc.pl\/fr\/#website\",\"url\":\"https:\/\/jp2doc.pl\/fr\/\",\"name\":\"Centre de Documentation et d\u2019Etude du Pontificat de Jean-Paul II \u00e0 Rome\",\"description\":\"\",\"publisher\":{\"@id\":\"https:\/\/jp2doc.pl\/fr\/#organization\"},\"potentialAction\":[{\"@type\":\"SearchAction\",\"target\":{\"@type\":\"EntryPoint\",\"urlTemplate\":\"https:\/\/jp2doc.pl\/fr\/?s={search_term_string}\"},\"query-input\":{\"@type\":\"PropertyValueSpecification\",\"valueRequired\":true,\"valueName\":\"search_term_string\"}}],\"inLanguage\":\"fr-FR\"},{\"@type\":\"Organization\",\"@id\":\"https:\/\/jp2doc.pl\/fr\/#organization\",\"name\":\"Centre de Documentation et d\u2019Etude du Pontificat de Jean-Paul II \u00e0 Rome\",\"url\":\"https:\/\/jp2doc.pl\/fr\/\",\"logo\":{\"@type\":\"ImageObject\",\"inLanguage\":\"fr-FR\",\"@id\":\"https:\/\/jp2doc.pl\/fr\/#\/schema\/logo\/image\/\",\"url\":\"https:\/\/jp2doc.pl\/fr\/wp-content\/uploads\/sites\/5\/2017\/03\/cropped-logo.png\",\"contentUrl\":\"https:\/\/jp2doc.pl\/fr\/wp-content\/uploads\/sites\/5\/2017\/03\/cropped-logo.png\",\"width\":115,\"height\":115,\"caption\":\"Centre de Documentation et d\u2019Etude du Pontificat de Jean-Paul II \u00e0 Rome\"},\"image\":{\"@id\":\"https:\/\/jp2doc.pl\/fr\/#\/schema\/logo\/image\/\"}},{\"@type\":\"Person\",\"@id\":\"https:\/\/jp2doc.pl\/fr\/#\/schema\/person\/6110109e80abb51f6fac4824777eabfe\",\"name\":\"juliasercanka\",\"image\":{\"@type\":\"ImageObject\",\"inLanguage\":\"fr-FR\",\"@id\":\"https:\/\/jp2doc.pl\/fr\/#\/schema\/person\/image\/\",\"url\":\"https:\/\/secure.gravatar.com\/avatar\/266a66e864556e22d55d61b6b10c97fab9060767b738564bcd109f3997e372bc?s=96&d=mm&r=g\",\"contentUrl\":\"https:\/\/secure.gravatar.com\/avatar\/266a66e864556e22d55d61b6b10c97fab9060767b738564bcd109f3997e372bc?s=96&d=mm&r=g\",\"caption\":\"juliasercanka\"},\"url\":\"https:\/\/jp2doc.pl\/fr\/author\/juliasercanka\/\"}]}<\/script>\n<!-- \/ Yoast SEO plugin. -->","yoast_head_json":{"title":"Un musulman qui a aim\u00e9 Jean-Paul II - Centre de Documentation et d\u2019Etude du Pontificat de Jean-Paul II \u00e0 Rome","robots":{"index":"index","follow":"follow","max-snippet":"max-snippet:-1","max-image-preview":"max-image-preview:large","max-video-preview":"max-video-preview:-1"},"canonical":"https:\/\/jp2doc.pl\/fr\/2017\/11\/27\/un-musulman-qui-a-aime-jean-paul-ii\/","og_locale":"fr_FR","og_type":"article","og_title":"Un musulman qui a aim\u00e9 Jean-Paul II - Centre de Documentation et d\u2019Etude du Pontificat de Jean-Paul II \u00e0 Rome","og_description":"T\u00e9moignage du Senegal","og_url":"https:\/\/jp2doc.pl\/fr\/2017\/11\/27\/un-musulman-qui-a-aime-jean-paul-ii\/","og_site_name":"Centre de Documentation et d\u2019Etude du Pontificat de Jean-Paul II \u00e0 Rome","article_published_time":"2017-11-27T12:05:26+00:00","article_modified_time":"2017-12-23T21:15:42+00:00","og_image":[{"width":1415,"height":1021,"url":"https:\/\/jp2doc.pl\/fr\/wp-content\/uploads\/sites\/5\/2017\/11\/MG_9943.jpg","type":"image\/jpeg"}],"author":"juliasercanka","twitter_card":"summary_large_image","twitter_misc":{"\u00c9crit par":"juliasercanka","Dur\u00e9e de lecture estim\u00e9e":"2 minutes"},"schema":{"@context":"https:\/\/schema.org","@graph":[{"@type":"Article","@id":"https:\/\/jp2doc.pl\/fr\/2017\/11\/27\/un-musulman-qui-a-aime-jean-paul-ii\/#article","isPartOf":{"@id":"https:\/\/jp2doc.pl\/fr\/2017\/11\/27\/un-musulman-qui-a-aime-jean-paul-ii\/"},"author":{"name":"juliasercanka","@id":"https:\/\/jp2doc.pl\/fr\/#\/schema\/person\/6110109e80abb51f6fac4824777eabfe"},"headline":"Un musulman qui a aim\u00e9 Jean-Paul II","datePublished":"2017-11-27T12:05:26+00:00","dateModified":"2017-12-23T21:15:42+00:00","mainEntityOfPage":{"@id":"https:\/\/jp2doc.pl\/fr\/2017\/11\/27\/un-musulman-qui-a-aime-jean-paul-ii\/"},"wordCount":312,"commentCount":0,"publisher":{"@id":"https:\/\/jp2doc.pl\/fr\/#organization"},"image":{"@id":"https:\/\/jp2doc.pl\/fr\/2017\/11\/27\/un-musulman-qui-a-aime-jean-paul-ii\/#primaryimage"},"thumbnailUrl":"https:\/\/jp2doc.pl\/fr\/wp-content\/uploads\/sites\/5\/2017\/11\/MG_9943.jpg","keywords":["Dakar","Guema Uwanyiligira","Marie","Missionnaires","Rwandaise","Soci\u00e9t\u00e9"],"articleSection":["Blog","Strona g\u0142\u00f3wna - najnowsze","Strona g\u0142\u00f3wna - slider"],"inLanguage":"fr-FR","potentialAction":[{"@type":"CommentAction","name":"Comment","target":["https:\/\/jp2doc.pl\/fr\/2017\/11\/27\/un-musulman-qui-a-aime-jean-paul-ii\/#respond"]}]},{"@type":"WebPage","@id":"https:\/\/jp2doc.pl\/fr\/2017\/11\/27\/un-musulman-qui-a-aime-jean-paul-ii\/","url":"https:\/\/jp2doc.pl\/fr\/2017\/11\/27\/un-musulman-qui-a-aime-jean-paul-ii\/","name":"Un musulman qui a aim\u00e9 Jean-Paul II - Centre de Documentation et d\u2019Etude du Pontificat de Jean-Paul II \u00e0 Rome","isPartOf":{"@id":"https:\/\/jp2doc.pl\/fr\/#website"},"primaryImageOfPage":{"@id":"https:\/\/jp2doc.pl\/fr\/2017\/11\/27\/un-musulman-qui-a-aime-jean-paul-ii\/#primaryimage"},"image":{"@id":"https:\/\/jp2doc.pl\/fr\/2017\/11\/27\/un-musulman-qui-a-aime-jean-paul-ii\/#primaryimage"},"thumbnailUrl":"https:\/\/jp2doc.pl\/fr\/wp-content\/uploads\/sites\/5\/2017\/11\/MG_9943.jpg","datePublished":"2017-11-27T12:05:26+00:00","dateModified":"2017-12-23T21:15:42+00:00","breadcrumb":{"@id":"https:\/\/jp2doc.pl\/fr\/2017\/11\/27\/un-musulman-qui-a-aime-jean-paul-ii\/#breadcrumb"},"inLanguage":"fr-FR","potentialAction":[{"@type":"ReadAction","target":["https:\/\/jp2doc.pl\/fr\/2017\/11\/27\/un-musulman-qui-a-aime-jean-paul-ii\/"]}]},{"@type":"ImageObject","inLanguage":"fr-FR","@id":"https:\/\/jp2doc.pl\/fr\/2017\/11\/27\/un-musulman-qui-a-aime-jean-paul-ii\/#primaryimage","url":"https:\/\/jp2doc.pl\/fr\/wp-content\/uploads\/sites\/5\/2017\/11\/MG_9943.jpg","contentUrl":"https:\/\/jp2doc.pl\/fr\/wp-content\/uploads\/sites\/5\/2017\/11\/MG_9943.jpg","width":1415,"height":1021},{"@type":"BreadcrumbList","@id":"https:\/\/jp2doc.pl\/fr\/2017\/11\/27\/un-musulman-qui-a-aime-jean-paul-ii\/#breadcrumb","itemListElement":[{"@type":"ListItem","position":1,"name":"Home","item":"https:\/\/jp2doc.pl\/fr\/"},{"@type":"ListItem","position":2,"name":"Un musulman qui a aim\u00e9 Jean-Paul II"}]},{"@type":"WebSite","@id":"https:\/\/jp2doc.pl\/fr\/#website","url":"https:\/\/jp2doc.pl\/fr\/","name":"Centre de Documentation et d\u2019Etude du Pontificat de Jean-Paul II \u00e0 Rome","description":"","publisher":{"@id":"https:\/\/jp2doc.pl\/fr\/#organization"},"potentialAction":[{"@type":"SearchAction","target":{"@type":"EntryPoint","urlTemplate":"https:\/\/jp2doc.pl\/fr\/?s={search_term_string}"},"query-input":{"@type":"PropertyValueSpecification","valueRequired":true,"valueName":"search_term_string"}}],"inLanguage":"fr-FR"},{"@type":"Organization","@id":"https:\/\/jp2doc.pl\/fr\/#organization","name":"Centre de Documentation et d\u2019Etude du Pontificat de Jean-Paul II \u00e0 Rome","url":"https:\/\/jp2doc.pl\/fr\/","logo":{"@type":"ImageObject","inLanguage":"fr-FR","@id":"https:\/\/jp2doc.pl\/fr\/#\/schema\/logo\/image\/","url":"https:\/\/jp2doc.pl\/fr\/wp-content\/uploads\/sites\/5\/2017\/03\/cropped-logo.png","contentUrl":"https:\/\/jp2doc.pl\/fr\/wp-content\/uploads\/sites\/5\/2017\/03\/cropped-logo.png","width":115,"height":115,"caption":"Centre de Documentation et d\u2019Etude du Pontificat de Jean-Paul II \u00e0 Rome"},"image":{"@id":"https:\/\/jp2doc.pl\/fr\/#\/schema\/logo\/image\/"}},{"@type":"Person","@id":"https:\/\/jp2doc.pl\/fr\/#\/schema\/person\/6110109e80abb51f6fac4824777eabfe","name":"juliasercanka","image":{"@type":"ImageObject","inLanguage":"fr-FR","@id":"https:\/\/jp2doc.pl\/fr\/#\/schema\/person\/image\/","url":"https:\/\/secure.gravatar.com\/avatar\/266a66e864556e22d55d61b6b10c97fab9060767b738564bcd109f3997e372bc?s=96&d=mm&r=g","contentUrl":"https:\/\/secure.gravatar.com\/avatar\/266a66e864556e22d55d61b6b10c97fab9060767b738564bcd109f3997e372bc?s=96&d=mm&r=g","caption":"juliasercanka"},"url":"https:\/\/jp2doc.pl\/fr\/author\/juliasercanka\/"}]}},"_links":{"self":[{"href":"https:\/\/jp2doc.pl\/fr\/wp-json\/wp\/v2\/posts\/1298","targetHints":{"allow":["GET"]}}],"collection":[{"href":"https:\/\/jp2doc.pl\/fr\/wp-json\/wp\/v2\/posts"}],"about":[{"href":"https:\/\/jp2doc.pl\/fr\/wp-json\/wp\/v2\/types\/post"}],"author":[{"embeddable":true,"href":"https:\/\/jp2doc.pl\/fr\/wp-json\/wp\/v2\/users\/5"}],"replies":[{"embeddable":true,"href":"https:\/\/jp2doc.pl\/fr\/wp-json\/wp\/v2\/comments?post=1298"}],"version-history":[{"count":1,"href":"https:\/\/jp2doc.pl\/fr\/wp-json\/wp\/v2\/posts\/1298\/revisions"}],"predecessor-version":[{"id":1300,"href":"https:\/\/jp2doc.pl\/fr\/wp-json\/wp\/v2\/posts\/1298\/revisions\/1300"}],"wp:featuredmedia":[{"embeddable":true,"href":"https:\/\/jp2doc.pl\/fr\/wp-json\/wp\/v2\/media\/1299"}],"wp:attachment":[{"href":"https:\/\/jp2doc.pl\/fr\/wp-json\/wp\/v2\/media?parent=1298"}],"wp:term":[{"taxonomy":"category","embeddable":true,"href":"https:\/\/jp2doc.pl\/fr\/wp-json\/wp\/v2\/categories?post=1298"},{"taxonomy":"post_tag","embeddable":true,"href":"https:\/\/jp2doc.pl\/fr\/wp-json\/wp\/v2\/tags?post=1298"}],"curies":[{"name":"wp","href":"https:\/\/api.w.org\/{rel}","templated":true}]}}