{"id":1362,"date":"2018-03-03T18:14:22","date_gmt":"2018-03-03T17:14:22","guid":{"rendered":"http:\/\/jp2doc.pl\/fr\/?p=1362"},"modified":"2018-03-03T18:14:22","modified_gmt":"2018-03-03T17:14:22","slug":"pour-instaurer-lharmonie-en-nous","status":"publish","type":"post","link":"https:\/\/jp2doc.pl\/fr\/2018\/03\/03\/pour-instaurer-lharmonie-en-nous\/","title":{"rendered":"Pour instaurer l\u2019harmonie en nous"},"content":{"rendered":"<p>Ex 20,1-17\u00a0<strong>; <\/strong>1 Co 1,22-25\u00a0<strong>; <\/strong>Jn 2,13-25<\/p>\n<p>Les lectures de ce Dimanche de Car\u00eame, appel\u00e9 dimanche de Mo\u00efse, nous invitent \u00e0 m\u00e9diter sur la loi. La loi est un ensemble de propositions qui, sous forme d\u2019injonction, vise \u00e0 mettre de l\u2019ordre, \u00e0 instaurer l\u2019harmonie dans la soci\u00e9t\u00e9 afin d\u2019\u00e9viter l\u2019arbitraire.<\/p>\n<h5><strong>L\u2019amour que le Christ \u00e9prouve pour chacun de nous<\/strong><\/h5>\n<p>Nous les croyants, comme peuple de Dieu, nous sommes, collectivement, la nouvelle J\u00e9rusalem o\u00f9 le Christ se rend. Dans l\u2019\u00e9vangile, saint Jean \u00e9crit\u00a0: \u00ab\u00a0Comme la P\u00e2que des Juifs approchait, J\u00e9sus monta \u00e0 J\u00e9rusalem\u00a0\u00bb. J\u00e9sus vient chez nous\u00a0; dans nos villes, dans nos villages, dans nos quartiers, dans nos familles. Et individuellement, nous sommes le temple de Dieu, la maison de Dieu pour qui le Christ se fait tant de soucis. En effet, saint Jean nous rappelle l\u2019amour que le Christ \u00e9prouve pour chacun de nous par cette phrase de l\u2019Ecriture\u00a0: \u00ab\u00a0L\u2019amour de ta maison fera mon tourment\u00a0\u00bb.<\/p>\n<p>Dieu veut que sa maison soit en ordre. Il la sauve d\u2019un autre type de maison, celle de l\u2019esclavage. Il nous le dit lui-m\u00eame dans la premi\u00e8re lecture, du livre de l\u2019Exode\u00a0: \u00ab\u00a0Je suis le Seigneur ton Dieu, qui t\u2019ai fait sortir du pays d\u2019Egypte, de la maison de l\u2019esclavage\u00a0\u00bb. L\u2019ordre en nous, l\u2019harmonie entre nous sont synonymes du salut. Pour cela, saint Jean \u00e9crit ce passage de l\u2019\u00e9vangile\u00a0que nous avons d\u00e9j\u00e0 \u00e9voqu\u00e9: \u00ab\u00a0Comme la P\u00e2que de Juifs approchait, J\u00e9sus monta \u00e0 J\u00e9rusalem\u00a0\u00bb.<\/p>\n<h5><strong>Sommes-nous esclaves et prisonniers\u00a0?<\/strong><\/h5>\n<p>Dieu par le Christ, nous apporte le salut, il veut nous sauver en nous arrachant \u00e0 l\u2019esclavage. C\u2019est pour cela, comme nous le montre l\u2019\u00e9vangile, que le Christ fait un fouet, renverse ceci et cela, et nous dit avec autorit\u00e9\u00a0: \u00ab\u00a0Ne faites pas de la maison de mon P\u00e8re une maison de trafic\u00a0\u00bb. En effet, nous sommes esclaves, captifs, prisonniers\u00a0:<\/p>\n<h5><strong>Des idoles\u00a0<\/strong>?<\/h5>\n<p>Bien souvent, volontairement ou involontairement, nous \u00e9loignons Dieu de notre vie. Nous le rempla\u00e7ons par des personnes, le travail, des choses, l\u2019argent, les id\u00e9es, les pr\u00e9occupations. Nous oublions alors que Dieu est le fondement de notre vie, qu\u2019il doit occuper, lui, la premi\u00e8re place dans notre vie, qu\u2019il est notre premier conseiller.<\/p>\n<p>Dieu ne peut pas \u00eatre content si nous le rel\u00e9guons \u00e0 la deuxi\u00e8me place ou si nous le consid\u00e9rons comme \u00e9tant lointain pour nous. Il nous le fait savoir dans la premi\u00e8re lecture\u00a0: \u00ab\u00a0Car moi, le Seigneur ton Dieu, je suis un Dieu jaloux\u00a0\u00bb. Et il nous donne cette loi aujourd\u2019hui\u00a0: \u00ab\u00a0Je suis le Seigneur ton Dieu [\u2026]. Tu n\u2019auras pas d\u2019autre Dieu que moi\u00a0\u00bb.<\/p>\n<h5><strong>Du manque d\u2019\u00e9gard envers les parents\u00a0?<\/strong><\/h5>\n<p>Des id\u00e9ologies, des philosophies de toutes sortes font croire aux enfants que leurs parents ou les gens de la g\u00e9n\u00e9ration de leurs parents sont un obstacle \u00e0 leur \u00e9panouissement, \u00e0 leur libert\u00e9. Il vaut donc mieux ne pas les \u00e9couter dans les options que l\u2019on envisage, dans les d\u00e9cisions que l\u2019on prend. La sagesse qu\u2019ils imprimaient dans nos c\u0153urs depuis notre enfance, leurs voix qui r\u00e9sonnent encore dans nos oreilles ne sont alors plus \u00e9cout\u00e9es, ne sont alors plus suivies. Les gens qui nous voient vivre de mani\u00e8re d\u00e9sordonn\u00e9e peuvent s\u2019\u00e9tonner et se demander\u00a0: \u00ab\u00a0Est-ce que celui-ci, est-ce que celui-l\u00e0 a eu des parents, a encore des parents\u00a0?\u00a0\u00bb.<\/p>\n<p>Aujourd\u2019hui, Dieu nous donne cette loi\u00a0: \u00ab\u00a0Honore ton p\u00e8re et ta m\u00e8re\u00a0afin d\u2019avoir une longue vie sur la terre \u00bb.<\/p>\n<h5><strong>De mauvais sentiments \u00e0 l\u2019\u00e9gard des autres\u00a0?<\/strong><\/h5>\n<p>Il arrive, pour des raisons li\u00e9es \u00e0 l\u2019orgueil ou au besoin de bien se faire voir, ou au besoin de vouloir dominer, de tuer les gens pas n\u00e9cessairement physiquement, mais psychologiquement, spirituellement et m\u00eame intellectuellement. Et cela par notre regard, par nos pens\u00e9es, par nos actions.<\/p>\n<p>Il nous arrive aussi pour des raisons li\u00e9es \u00e0 la convoitise de manipuler ou de vouloir manipuler les gens et ainsi les rendre vuln\u00e9rables vis-\u00e0-vis de nos sentiments, de notre corps. Aujourd\u2019hui, Dieu nous donne cette loi\u00a0: \u00ab\u00a0Tu ne commettras pas de meurtre. Tu ne commettras pas d\u2019adult\u00e8re\u00a0\u00bb.<\/p>\n<h5><strong>De mauvais sentiments \u00e0 l\u2019\u00e9gard des biens des autres\u00a0?<\/strong><\/h5>\n<p>\u00c0 cause de la gourmandise, nous aimons avoir plus que le n\u00e9cessaire. C\u2019est l\u00e0 la source de tant de vols, de tant de mensonges, de tant d\u2019injustice. Nous d\u00e9pouillons les gens de leur d\u00fb, de leurs avoirs, de leur v\u00e9rit\u00e9, de leur dignit\u00e9. Nous les laissons d\u00e9ambuler comme des vauriens. Des exemples sont multiples autour de nous.<\/p>\n<p>Aujourd\u2019hui, le Seigneur nous donne cette loi\u00a0: \u00ab\u00a0Tu ne voleras pas. Tu ne porteras pas de faux t\u00e9moignage contre ton prochain. Tu ne convoiteras pas la maison de ton prochain\u00a0\u00bb.<\/p>\n<h5><strong>Pouvons-nous respecter la loi du Seigneur\u00a0? <\/strong><\/h5>\n<p><em>Si nous avons la force<\/em>\u00a0: c\u2019est la force du Christ crucifi\u00e9 dont parle la deuxi\u00e8me lecture. Elle nous permet de crucifier en nous les passions, les tendances, les actes qui nous emp\u00eachent de vivre la sagesse de Dieu.<\/p>\n<ul>\n<li>Est-ce que je suis humble, patient et fid\u00e8le\u00a0?<\/li>\n<\/ul>\n<p><em>Si nous avons l\u2019amour<\/em><strong>\u00a0<\/strong>: de cet amour dont parle un passage d\u00e9j\u00e0 cit\u00e9 de l\u2019\u00e9vangile\u00a0: \u00ab\u00a0L\u2019amour de ta maison fera mon tourment\u00a0\u00bb. Il s\u2019agit de vouloir mettre de l\u2019ordre dans le temple de Dieu, dans la maison de Dieu que nous sommes.<\/p>\n<p>&#8211;<em>Est-ce que je cherche \u00e0 plaire \u00e0 Dieu\u00a0?<\/em><\/p>\n<p><em>Si nous avons la foi<\/em>\u00a0: Dans l\u2019\u00e9vangile, il est dit du Christ\u00a0: \u00ab\u00a0Pendant qu\u2019il \u00e9tait \u00e0 J\u00e9rusalem pour la f\u00eate de la P\u00e2que, beaucoup crurent en lui, \u00e0 la vue des signes qu\u2019il accomplissait\u00a0\u00bb. J\u00e9sus accomplit beaucoup de signes dans notre vie. Ils sont une invitation \u00e0 nous attacher \u00e0 lui pour mieux servir nos fr\u00e8res et s\u0153urs.<\/p>\n<ul>\n<li>Est-ce que j\u2019ai confiance en J\u00e9sus\u00a0?<\/li>\n<\/ul>\n<p>Si nous respectons la loi de Dieu, si nous vivons selon ses commandements, alors nous deviendrons vraiment \u00ab\u00a0ceux que Dieu appelle\u00a0\u00bb, selon une expression de saint Paul dans la deuxi\u00e8me lecture.<\/p>\n<p><strong>L\u2019Abb\u00e8 Jean Claude Cabwinwe Ciza<\/strong>, La R\u00e9publique d\u00e9mocratique du Congo<\/p>\n","protected":false},"excerpt":{"rendered":"<p>III Dimanche de Car\u00eame<\/p>\n","protected":false},"author":5,"featured_media":1363,"comment_status":"open","ping_status":"open","sticky":false,"template":"","format":"standard","meta":{"_acf_changed":false,"_exactmetrics_skip_tracking":false,"_exactmetrics_sitenote_active":false,"_exactmetrics_sitenote_note":"","_exactmetrics_sitenote_category":0,"footnotes":""},"categories":[4,13,14],"tags":[112,49,116,67],"class_list":["post-1362","post","type-post","status-publish","format-standard","has-post-thumbnail","hentry","category-blog","category-strona-glowna-najnowsze","category-strona-glowna-slider","tag-careme","tag-dieu","tag-harmonie","tag-jean-claude-cabwinwe-ciza"],"acf":[],"yoast_head":"<!-- This site is optimized with the Yoast SEO plugin v26.2 - https:\/\/yoast.com\/wordpress\/plugins\/seo\/ -->\n<title>Pour instaurer l\u2019harmonie en nous - Centre de Documentation et d\u2019Etude du Pontificat de Jean-Paul II \u00e0 Rome<\/title>\n<meta name=\"robots\" content=\"index, follow, max-snippet:-1, max-image-preview:large, max-video-preview:-1\" \/>\n<link rel=\"canonical\" href=\"https:\/\/jp2doc.pl\/fr\/2018\/03\/03\/pour-instaurer-lharmonie-en-nous\/\" \/>\n<meta property=\"og:locale\" content=\"fr_FR\" \/>\n<meta property=\"og:type\" content=\"article\" \/>\n<meta property=\"og:title\" content=\"Pour instaurer l\u2019harmonie en nous - Centre de Documentation et d\u2019Etude du Pontificat de Jean-Paul II \u00e0 Rome\" \/>\n<meta property=\"og:description\" content=\"III Dimanche de Car\u00eame\" \/>\n<meta property=\"og:url\" content=\"https:\/\/jp2doc.pl\/fr\/2018\/03\/03\/pour-instaurer-lharmonie-en-nous\/\" \/>\n<meta property=\"og:site_name\" content=\"Centre de Documentation et d\u2019Etude du Pontificat de Jean-Paul II \u00e0 Rome\" \/>\n<meta property=\"article:published_time\" content=\"2018-03-03T17:14:22+00:00\" \/>\n<meta property=\"og:image\" content=\"https:\/\/jp2doc.pl\/fr\/wp-content\/uploads\/sites\/5\/2018\/03\/niels-steeman-262087-unsplash.jpg\" \/>\n\t<meta property=\"og:image:width\" content=\"1710\" \/>\n\t<meta property=\"og:image:height\" content=\"1140\" \/>\n\t<meta property=\"og:image:type\" content=\"image\/jpeg\" \/>\n<meta name=\"author\" content=\"juliasercanka\" \/>\n<meta name=\"twitter:card\" content=\"summary_large_image\" \/>\n<meta name=\"twitter:label1\" content=\"\u00c9crit par\" \/>\n\t<meta name=\"twitter:data1\" content=\"juliasercanka\" \/>\n\t<meta name=\"twitter:label2\" content=\"Dur\u00e9e de lecture estim\u00e9e\" \/>\n\t<meta name=\"twitter:data2\" content=\"5 minutes\" \/>\n<script type=\"application\/ld+json\" class=\"yoast-schema-graph\">{\"@context\":\"https:\/\/schema.org\",\"@graph\":[{\"@type\":\"Article\",\"@id\":\"https:\/\/jp2doc.pl\/fr\/2018\/03\/03\/pour-instaurer-lharmonie-en-nous\/#article\",\"isPartOf\":{\"@id\":\"https:\/\/jp2doc.pl\/fr\/2018\/03\/03\/pour-instaurer-lharmonie-en-nous\/\"},\"author\":{\"name\":\"juliasercanka\",\"@id\":\"https:\/\/jp2doc.pl\/fr\/#\/schema\/person\/6110109e80abb51f6fac4824777eabfe\"},\"headline\":\"Pour instaurer l\u2019harmonie en nous\",\"datePublished\":\"2018-03-03T17:14:22+00:00\",\"mainEntityOfPage\":{\"@id\":\"https:\/\/jp2doc.pl\/fr\/2018\/03\/03\/pour-instaurer-lharmonie-en-nous\/\"},\"wordCount\":1062,\"commentCount\":0,\"publisher\":{\"@id\":\"https:\/\/jp2doc.pl\/fr\/#organization\"},\"image\":{\"@id\":\"https:\/\/jp2doc.pl\/fr\/2018\/03\/03\/pour-instaurer-lharmonie-en-nous\/#primaryimage\"},\"thumbnailUrl\":\"https:\/\/jp2doc.pl\/fr\/wp-content\/uploads\/sites\/5\/2018\/03\/niels-steeman-262087-unsplash.jpg\",\"keywords\":[\"car\u00eame\",\"Dieu\",\"harmonie\",\"Jean Claude Cabwinwe Ciza\"],\"articleSection\":[\"Blog\",\"Strona g\u0142\u00f3wna - najnowsze\",\"Strona g\u0142\u00f3wna - slider\"],\"inLanguage\":\"fr-FR\",\"potentialAction\":[{\"@type\":\"CommentAction\",\"name\":\"Comment\",\"target\":[\"https:\/\/jp2doc.pl\/fr\/2018\/03\/03\/pour-instaurer-lharmonie-en-nous\/#respond\"]}]},{\"@type\":\"WebPage\",\"@id\":\"https:\/\/jp2doc.pl\/fr\/2018\/03\/03\/pour-instaurer-lharmonie-en-nous\/\",\"url\":\"https:\/\/jp2doc.pl\/fr\/2018\/03\/03\/pour-instaurer-lharmonie-en-nous\/\",\"name\":\"Pour instaurer l\u2019harmonie en nous - Centre de Documentation et d\u2019Etude du Pontificat de Jean-Paul II \u00e0 Rome\",\"isPartOf\":{\"@id\":\"https:\/\/jp2doc.pl\/fr\/#website\"},\"primaryImageOfPage\":{\"@id\":\"https:\/\/jp2doc.pl\/fr\/2018\/03\/03\/pour-instaurer-lharmonie-en-nous\/#primaryimage\"},\"image\":{\"@id\":\"https:\/\/jp2doc.pl\/fr\/2018\/03\/03\/pour-instaurer-lharmonie-en-nous\/#primaryimage\"},\"thumbnailUrl\":\"https:\/\/jp2doc.pl\/fr\/wp-content\/uploads\/sites\/5\/2018\/03\/niels-steeman-262087-unsplash.jpg\",\"datePublished\":\"2018-03-03T17:14:22+00:00\",\"breadcrumb\":{\"@id\":\"https:\/\/jp2doc.pl\/fr\/2018\/03\/03\/pour-instaurer-lharmonie-en-nous\/#breadcrumb\"},\"inLanguage\":\"fr-FR\",\"potentialAction\":[{\"@type\":\"ReadAction\",\"target\":[\"https:\/\/jp2doc.pl\/fr\/2018\/03\/03\/pour-instaurer-lharmonie-en-nous\/\"]}]},{\"@type\":\"ImageObject\",\"inLanguage\":\"fr-FR\",\"@id\":\"https:\/\/jp2doc.pl\/fr\/2018\/03\/03\/pour-instaurer-lharmonie-en-nous\/#primaryimage\",\"url\":\"https:\/\/jp2doc.pl\/fr\/wp-content\/uploads\/sites\/5\/2018\/03\/niels-steeman-262087-unsplash.jpg\",\"contentUrl\":\"https:\/\/jp2doc.pl\/fr\/wp-content\/uploads\/sites\/5\/2018\/03\/niels-steeman-262087-unsplash.jpg\",\"width\":1710,\"height\":1140},{\"@type\":\"BreadcrumbList\",\"@id\":\"https:\/\/jp2doc.pl\/fr\/2018\/03\/03\/pour-instaurer-lharmonie-en-nous\/#breadcrumb\",\"itemListElement\":[{\"@type\":\"ListItem\",\"position\":1,\"name\":\"Home\",\"item\":\"https:\/\/jp2doc.pl\/fr\/\"},{\"@type\":\"ListItem\",\"position\":2,\"name\":\"Pour instaurer l\u2019harmonie en nous\"}]},{\"@type\":\"WebSite\",\"@id\":\"https:\/\/jp2doc.pl\/fr\/#website\",\"url\":\"https:\/\/jp2doc.pl\/fr\/\",\"name\":\"Centre de Documentation et d\u2019Etude du Pontificat de Jean-Paul II \u00e0 Rome\",\"description\":\"\",\"publisher\":{\"@id\":\"https:\/\/jp2doc.pl\/fr\/#organization\"},\"potentialAction\":[{\"@type\":\"SearchAction\",\"target\":{\"@type\":\"EntryPoint\",\"urlTemplate\":\"https:\/\/jp2doc.pl\/fr\/?s={search_term_string}\"},\"query-input\":{\"@type\":\"PropertyValueSpecification\",\"valueRequired\":true,\"valueName\":\"search_term_string\"}}],\"inLanguage\":\"fr-FR\"},{\"@type\":\"Organization\",\"@id\":\"https:\/\/jp2doc.pl\/fr\/#organization\",\"name\":\"Centre de Documentation et d\u2019Etude du Pontificat de Jean-Paul II \u00e0 Rome\",\"url\":\"https:\/\/jp2doc.pl\/fr\/\",\"logo\":{\"@type\":\"ImageObject\",\"inLanguage\":\"fr-FR\",\"@id\":\"https:\/\/jp2doc.pl\/fr\/#\/schema\/logo\/image\/\",\"url\":\"https:\/\/jp2doc.pl\/fr\/wp-content\/uploads\/sites\/5\/2017\/03\/cropped-logo.png\",\"contentUrl\":\"https:\/\/jp2doc.pl\/fr\/wp-content\/uploads\/sites\/5\/2017\/03\/cropped-logo.png\",\"width\":115,\"height\":115,\"caption\":\"Centre de Documentation et d\u2019Etude du Pontificat de Jean-Paul II \u00e0 Rome\"},\"image\":{\"@id\":\"https:\/\/jp2doc.pl\/fr\/#\/schema\/logo\/image\/\"}},{\"@type\":\"Person\",\"@id\":\"https:\/\/jp2doc.pl\/fr\/#\/schema\/person\/6110109e80abb51f6fac4824777eabfe\",\"name\":\"juliasercanka\",\"image\":{\"@type\":\"ImageObject\",\"inLanguage\":\"fr-FR\",\"@id\":\"https:\/\/jp2doc.pl\/fr\/#\/schema\/person\/image\/\",\"url\":\"https:\/\/secure.gravatar.com\/avatar\/266a66e864556e22d55d61b6b10c97fab9060767b738564bcd109f3997e372bc?s=96&d=mm&r=g\",\"contentUrl\":\"https:\/\/secure.gravatar.com\/avatar\/266a66e864556e22d55d61b6b10c97fab9060767b738564bcd109f3997e372bc?s=96&d=mm&r=g\",\"caption\":\"juliasercanka\"},\"url\":\"https:\/\/jp2doc.pl\/fr\/author\/juliasercanka\/\"}]}<\/script>\n<!-- \/ Yoast SEO plugin. -->","yoast_head_json":{"title":"Pour instaurer l\u2019harmonie en nous - Centre de Documentation et d\u2019Etude du Pontificat de Jean-Paul II \u00e0 Rome","robots":{"index":"index","follow":"follow","max-snippet":"max-snippet:-1","max-image-preview":"max-image-preview:large","max-video-preview":"max-video-preview:-1"},"canonical":"https:\/\/jp2doc.pl\/fr\/2018\/03\/03\/pour-instaurer-lharmonie-en-nous\/","og_locale":"fr_FR","og_type":"article","og_title":"Pour instaurer l\u2019harmonie en nous - Centre de Documentation et d\u2019Etude du Pontificat de Jean-Paul II \u00e0 Rome","og_description":"III Dimanche de Car\u00eame","og_url":"https:\/\/jp2doc.pl\/fr\/2018\/03\/03\/pour-instaurer-lharmonie-en-nous\/","og_site_name":"Centre de Documentation et d\u2019Etude du Pontificat de Jean-Paul II \u00e0 Rome","article_published_time":"2018-03-03T17:14:22+00:00","og_image":[{"width":1710,"height":1140,"url":"https:\/\/jp2doc.pl\/fr\/wp-content\/uploads\/sites\/5\/2018\/03\/niels-steeman-262087-unsplash.jpg","type":"image\/jpeg"}],"author":"juliasercanka","twitter_card":"summary_large_image","twitter_misc":{"\u00c9crit par":"juliasercanka","Dur\u00e9e de lecture estim\u00e9e":"5 minutes"},"schema":{"@context":"https:\/\/schema.org","@graph":[{"@type":"Article","@id":"https:\/\/jp2doc.pl\/fr\/2018\/03\/03\/pour-instaurer-lharmonie-en-nous\/#article","isPartOf":{"@id":"https:\/\/jp2doc.pl\/fr\/2018\/03\/03\/pour-instaurer-lharmonie-en-nous\/"},"author":{"name":"juliasercanka","@id":"https:\/\/jp2doc.pl\/fr\/#\/schema\/person\/6110109e80abb51f6fac4824777eabfe"},"headline":"Pour instaurer l\u2019harmonie en nous","datePublished":"2018-03-03T17:14:22+00:00","mainEntityOfPage":{"@id":"https:\/\/jp2doc.pl\/fr\/2018\/03\/03\/pour-instaurer-lharmonie-en-nous\/"},"wordCount":1062,"commentCount":0,"publisher":{"@id":"https:\/\/jp2doc.pl\/fr\/#organization"},"image":{"@id":"https:\/\/jp2doc.pl\/fr\/2018\/03\/03\/pour-instaurer-lharmonie-en-nous\/#primaryimage"},"thumbnailUrl":"https:\/\/jp2doc.pl\/fr\/wp-content\/uploads\/sites\/5\/2018\/03\/niels-steeman-262087-unsplash.jpg","keywords":["car\u00eame","Dieu","harmonie","Jean Claude Cabwinwe Ciza"],"articleSection":["Blog","Strona g\u0142\u00f3wna - najnowsze","Strona g\u0142\u00f3wna - slider"],"inLanguage":"fr-FR","potentialAction":[{"@type":"CommentAction","name":"Comment","target":["https:\/\/jp2doc.pl\/fr\/2018\/03\/03\/pour-instaurer-lharmonie-en-nous\/#respond"]}]},{"@type":"WebPage","@id":"https:\/\/jp2doc.pl\/fr\/2018\/03\/03\/pour-instaurer-lharmonie-en-nous\/","url":"https:\/\/jp2doc.pl\/fr\/2018\/03\/03\/pour-instaurer-lharmonie-en-nous\/","name":"Pour instaurer l\u2019harmonie en nous - Centre de Documentation et d\u2019Etude du Pontificat de Jean-Paul II \u00e0 Rome","isPartOf":{"@id":"https:\/\/jp2doc.pl\/fr\/#website"},"primaryImageOfPage":{"@id":"https:\/\/jp2doc.pl\/fr\/2018\/03\/03\/pour-instaurer-lharmonie-en-nous\/#primaryimage"},"image":{"@id":"https:\/\/jp2doc.pl\/fr\/2018\/03\/03\/pour-instaurer-lharmonie-en-nous\/#primaryimage"},"thumbnailUrl":"https:\/\/jp2doc.pl\/fr\/wp-content\/uploads\/sites\/5\/2018\/03\/niels-steeman-262087-unsplash.jpg","datePublished":"2018-03-03T17:14:22+00:00","breadcrumb":{"@id":"https:\/\/jp2doc.pl\/fr\/2018\/03\/03\/pour-instaurer-lharmonie-en-nous\/#breadcrumb"},"inLanguage":"fr-FR","potentialAction":[{"@type":"ReadAction","target":["https:\/\/jp2doc.pl\/fr\/2018\/03\/03\/pour-instaurer-lharmonie-en-nous\/"]}]},{"@type":"ImageObject","inLanguage":"fr-FR","@id":"https:\/\/jp2doc.pl\/fr\/2018\/03\/03\/pour-instaurer-lharmonie-en-nous\/#primaryimage","url":"https:\/\/jp2doc.pl\/fr\/wp-content\/uploads\/sites\/5\/2018\/03\/niels-steeman-262087-unsplash.jpg","contentUrl":"https:\/\/jp2doc.pl\/fr\/wp-content\/uploads\/sites\/5\/2018\/03\/niels-steeman-262087-unsplash.jpg","width":1710,"height":1140},{"@type":"BreadcrumbList","@id":"https:\/\/jp2doc.pl\/fr\/2018\/03\/03\/pour-instaurer-lharmonie-en-nous\/#breadcrumb","itemListElement":[{"@type":"ListItem","position":1,"name":"Home","item":"https:\/\/jp2doc.pl\/fr\/"},{"@type":"ListItem","position":2,"name":"Pour instaurer l\u2019harmonie en nous"}]},{"@type":"WebSite","@id":"https:\/\/jp2doc.pl\/fr\/#website","url":"https:\/\/jp2doc.pl\/fr\/","name":"Centre de Documentation et d\u2019Etude du Pontificat de Jean-Paul II \u00e0 Rome","description":"","publisher":{"@id":"https:\/\/jp2doc.pl\/fr\/#organization"},"potentialAction":[{"@type":"SearchAction","target":{"@type":"EntryPoint","urlTemplate":"https:\/\/jp2doc.pl\/fr\/?s={search_term_string}"},"query-input":{"@type":"PropertyValueSpecification","valueRequired":true,"valueName":"search_term_string"}}],"inLanguage":"fr-FR"},{"@type":"Organization","@id":"https:\/\/jp2doc.pl\/fr\/#organization","name":"Centre de Documentation et d\u2019Etude du Pontificat de Jean-Paul II \u00e0 Rome","url":"https:\/\/jp2doc.pl\/fr\/","logo":{"@type":"ImageObject","inLanguage":"fr-FR","@id":"https:\/\/jp2doc.pl\/fr\/#\/schema\/logo\/image\/","url":"https:\/\/jp2doc.pl\/fr\/wp-content\/uploads\/sites\/5\/2017\/03\/cropped-logo.png","contentUrl":"https:\/\/jp2doc.pl\/fr\/wp-content\/uploads\/sites\/5\/2017\/03\/cropped-logo.png","width":115,"height":115,"caption":"Centre de Documentation et d\u2019Etude du Pontificat de Jean-Paul II \u00e0 Rome"},"image":{"@id":"https:\/\/jp2doc.pl\/fr\/#\/schema\/logo\/image\/"}},{"@type":"Person","@id":"https:\/\/jp2doc.pl\/fr\/#\/schema\/person\/6110109e80abb51f6fac4824777eabfe","name":"juliasercanka","image":{"@type":"ImageObject","inLanguage":"fr-FR","@id":"https:\/\/jp2doc.pl\/fr\/#\/schema\/person\/image\/","url":"https:\/\/secure.gravatar.com\/avatar\/266a66e864556e22d55d61b6b10c97fab9060767b738564bcd109f3997e372bc?s=96&d=mm&r=g","contentUrl":"https:\/\/secure.gravatar.com\/avatar\/266a66e864556e22d55d61b6b10c97fab9060767b738564bcd109f3997e372bc?s=96&d=mm&r=g","caption":"juliasercanka"},"url":"https:\/\/jp2doc.pl\/fr\/author\/juliasercanka\/"}]}},"_links":{"self":[{"href":"https:\/\/jp2doc.pl\/fr\/wp-json\/wp\/v2\/posts\/1362","targetHints":{"allow":["GET"]}}],"collection":[{"href":"https:\/\/jp2doc.pl\/fr\/wp-json\/wp\/v2\/posts"}],"about":[{"href":"https:\/\/jp2doc.pl\/fr\/wp-json\/wp\/v2\/types\/post"}],"author":[{"embeddable":true,"href":"https:\/\/jp2doc.pl\/fr\/wp-json\/wp\/v2\/users\/5"}],"replies":[{"embeddable":true,"href":"https:\/\/jp2doc.pl\/fr\/wp-json\/wp\/v2\/comments?post=1362"}],"version-history":[{"count":1,"href":"https:\/\/jp2doc.pl\/fr\/wp-json\/wp\/v2\/posts\/1362\/revisions"}],"predecessor-version":[{"id":1364,"href":"https:\/\/jp2doc.pl\/fr\/wp-json\/wp\/v2\/posts\/1362\/revisions\/1364"}],"wp:featuredmedia":[{"embeddable":true,"href":"https:\/\/jp2doc.pl\/fr\/wp-json\/wp\/v2\/media\/1363"}],"wp:attachment":[{"href":"https:\/\/jp2doc.pl\/fr\/wp-json\/wp\/v2\/media?parent=1362"}],"wp:term":[{"taxonomy":"category","embeddable":true,"href":"https:\/\/jp2doc.pl\/fr\/wp-json\/wp\/v2\/categories?post=1362"},{"taxonomy":"post_tag","embeddable":true,"href":"https:\/\/jp2doc.pl\/fr\/wp-json\/wp\/v2\/tags?post=1362"}],"curies":[{"name":"wp","href":"https:\/\/api.w.org\/{rel}","templated":true}]}}