{"id":1458,"date":"2019-01-19T18:37:44","date_gmt":"2019-01-19T17:37:44","guid":{"rendered":"https:\/\/jp2doc.pl\/fr\/?p=1458"},"modified":"2019-01-19T18:38:55","modified_gmt":"2019-01-19T17:38:55","slug":"dieu-prend-linitiative","status":"publish","type":"post","link":"https:\/\/jp2doc.pl\/fr\/2019\/01\/19\/dieu-prend-linitiative\/","title":{"rendered":"Dieu prend l\u2019initiative"},"content":{"rendered":"<p>Is 62,1-5 ; 1 Co 12,4-11 ; Jn 2, 1-12<\/p>\n<p>En ce deuxi\u00e8me dimanche du temps ordinaire, les lectures nous invitent \u00e0 m\u00e9diter sur le th\u00e8me du souci de Dieu pour l\u2019humanit\u00e9. Se faire du souci pour quelqu\u2019un, c\u2019est se pr\u00e9occuper de lui, s\u2019int\u00e9resser \u00e0 lui d\u2019une mani\u00e8re particuli\u00e8re, se d\u00e9ranger pour lui, se tracasser pour lui. Par exemple, si un enfant ne travaille pas bien \u00e0 l\u2019\u00e9cole, ou ne mange plus convenablement \u00e0 la maison, les parents ont l\u00e0 un motif de pr\u00e9occupation. Ils vont se dire : \u00ab qu\u2019est-ce qui ne va pas avec notre enfant ? \u00bb<\/p>\n<p>Maintenant, est-ce que Dieu se souci de nous ? Oui ! Dans la premi\u00e8re lecture, du livre d\u2019Isa\u00efe, nous avons entendu Dieu dire : \u00ab Pour la cause de J\u00e9rusalem je ne me tairai pas, pour Sion je ne prendrai pas de repos \u00bb. J\u00e9rusalem, Sion, c\u2019est notre humanit\u00e9, c\u2019est notre pays, c\u2019est notre r\u00e9gion, ce sont nos villes, ce sont nos familles, c\u2019est chacun de nous. Dieu ne se d\u00e9sint\u00e9resse pas de nous. Tout au contraire, il est attentif \u00e0 notre sort, \u00e0 ce qui nous arrive.<br \/>\nComme l\u2019a montr\u00e9 l\u2019exemple de l\u2019enfant \u00e9voqu\u00e9 plus haut, on se pr\u00e9occupe de quelqu\u2019un qui est en situation de manque. Peut-on dire que c\u2019est l\u00e0 notre situation ? Oui ! r\u00e9pond l\u2019Ecriture.<\/p>\n<p>Dans la premi\u00e8re lecture, Dieu dit de J\u00e9rusalem : \u00ab On ne t\u2019appellera plus : \u201cle d\u00e9laiss\u00e9\u201d, on n\u2019appellera plus ta contr\u00e9e : \u201cTerre d\u00e9serte\u201d \u00bb. Cela veut dire que dans l\u2019actualit\u00e9 J\u00e9rusalem est abandonn\u00e9e, elle est devenue une terre d\u00e9serte. On lui a tourn\u00e9 le dos, on l\u2019a quitt\u00e9 !<br \/>\nBien souvent, nous nous sentons \u00e9galement tout seuls, abandonn\u00e9s : par les gens de nos familles, par nos meilleurs amis parce que nous sommes trop riches, mais tr\u00e8s souvent parce que nous sommes trop pauvres. Il y a bien d\u2019autres raisons qui font que nous ne comptons pas aux yeux des autres. C\u2019est souvent des probl\u00e8mes familiaux, la maladie peut \u00eatre, l\u2019\u00e9chec dans la vie.<\/p>\n<p>Mais il se peut que ce soit nous qui, pour une raison ou pour une autre, maltraitons les gens, abandonnons les autres, en les regardant comme des vauriens, des gens qui ne comptent pas, qui n\u2019ont pas droit m\u00eame \u00e0 la parole.<\/p>\n<p>Dans l\u2019\u00e9vangile, aux noces de Cana, Marie dit \u00e0 J\u00e9sus : \u00ab Ils n\u2019ont plus de vin \u00bb. Il faut comprendre par-l\u00e0 : \u00ab Ils n\u2019ont plus de vie \u00bb. l\u00e0 aussi on voit Dieu qui prend l\u2019initiative, qui se soucis de ce couple, et qui cherche une solution pour eux sans attendre leur demande. Ce couple de Cana, comme J\u00e9rusalem, c\u2019est chacun de nous, notre pays, nos familles qui n\u2019ont plus la joie de vivre, priv\u00e9e de toute joie.<\/p>\n<p>M\u00eame au milieu de nos f\u00eates, de nos c\u00e9l\u00e9brations, nous n\u2019avons plus de joie authentique, de sourire vrai. Parce que pour beaucoup d\u2019entre nous les choses ne vont pas bien : manque de travail, manque de bon travail, manque de salaire, manque d\u2019affection, manque de pr\u00e9sence, manque de confiance, manque d\u2019amour.<\/p>\n<p>Ce que Dieu dit de J\u00e9rusalem dans Isa\u00efe, il le dit aussi aujourd\u2019hui pour nous : \u00ab je ne prendrai pas de repos avant que sa justice ne se l\u00e8ve comme l\u2019aurore \u00bb. Tous ces manques, tous nos manques sont dus \u00e0 un seul manque : manque de justice. La justice, c\u2019est l\u2019honn\u00eatet\u00e9, c\u2019est l\u2019attention aux autres, c\u2019est le namaha, la mesure qui donne la joie aussi bien aux riches qu\u2019aux pauvres. Un dicton africain dit : \u00ab jeune prend ta part, vieux prend ta part, le surplus appartient \u00e0 Dieu \u00bb. Dieu veut que cette justice puisse briller en nous. Il veut que nous soyons appel\u00e9s d\u2019un nom nouveau.<\/p>\n<p><em>Comment cela est-il possible ? Si nous coop\u00e9rons \u00e0 notre salut :<\/em><\/p>\n<p>En \u00e9tant ouverts \u00e0 Dieu : c\u2019est le sens de six cuves de pierres dont parle l\u2019\u00e9vangile. Ce sont nos c\u0153urs. Ils ne sont pas vides puisque les cuves contenaient chacune \u00ab environ cent litres \u00bb. Mais elles n\u2019\u00e9taient pas pleines jusqu\u2019au bord ! Nos c\u0153urs ne sont pas d\u00e9bordants d\u2019amour et de justice. Ils peuvent le devenir si nous les mettons \u00e0 la disposition \u00e0 J\u00e9sus.<\/p>\n<p><em>Sommes-nous pr\u00eats pour cela ? A mettre nos c\u0153urs \u00e0 la disposition de J\u00e9sus ?<\/em><\/p>\n<p>En \u00e9tant ob\u00e9issants \u00e0 Dieu : Dans l\u2019\u00e9vangile, J\u00e9sus dit aux serviteurs : \u00ab Remplissez d\u2019eau les cuves \u00bb. L\u2019\u00e9vangile ajoute : \u00ab Et ils les remplirent jusqu\u2019au bord \u00bb. Ce faisant l\u2019eau devint du vin. L\u2019on peut dire que les \u00e9v\u00e9nements les plus ordinaires de la vie, ouvrent \u00e0 la joie, \u00e0 l\u2019esp\u00e9rance s\u2019ils sont v\u00e9cus \u00e0 la lumi\u00e8re de la parole de Dieu, s\u2019ils sont v\u00e9cus dans l\u2019ob\u00e9issance aux commandements de Dieu.<\/p>\n<p><em>Sommes-nous pr\u00eats \u00e0 ob\u00e9ir toujours \u00e0 Dieu ? Quoiqu\u2019il en co\u00fbte ?<\/em><\/p>\n<p>En \u00e9tant ouverts aux autres : Dans l\u2019\u00e9vangile, J\u00e9sus dit : \u00ab Maintenant, puisez, et portez-en au ma\u00eetre du repas \u00bb. Et dans la deuxi\u00e8me lecture, saint Paul dit aux Corinthiens : \u00ab Chacun re\u00e7oit le don de manifester l\u2019Esprit en vue du bien de tous \u00bb. Dieu nous renvoie chaque fois \u00e0 l\u2019autre. Et le fran\u00e7ais disent : l\u2019union fait la force \u00bb pendant que les africains disent : \u00ab l\u2019homme se fait par l\u2019autre \u00bb.<\/p>\n<p><em>Sommes-nous pr\u00eats \u00e0 nous porter les uns les autres ? A nous entraider vraiment ?<\/em><\/p>\n<p>Si nous agissons ainsi, alors chacun de nous sera, comme dit Isa\u00efe, \u00ab une couronne resplendissante entre les doigts du Seigneur \u00bb.<br \/>\nEt dans cette marche vers notre salut, nous pouvons compter sur l\u2019intercession de la Vierge Marie comme aux noces de Cana. Demandons \u00e0 la Vierge Marie de jeter toujours son regard maternelle sur chacun de nous, sur nos familles souvent divis\u00e9s et priv\u00e9es de joie, sur notre pays afin qu\u2019elle nous retrouve cette joie perdue par les situations accablantes du moment.<\/p>\n<p>P\u00e9re Jean Claude Cabwinwe Ciza<\/p>\n","protected":false},"excerpt":{"rendered":"<p>II Dimanche du Temps Ordinaire<\/p>\n","protected":false},"author":6,"featured_media":1459,"comment_status":"open","ping_status":"open","sticky":false,"template":"","format":"standard","meta":{"_acf_changed":false,"_exactmetrics_skip_tracking":false,"_exactmetrics_sitenote_active":false,"_exactmetrics_sitenote_note":"","_exactmetrics_sitenote_category":0,"footnotes":""},"categories":[4,7,13,14],"tags":[41,143,144],"class_list":["post-1458","post","type-post","status-publish","format-standard","has-post-thumbnail","hentry","category-blog","category-nowosci-wydawnicze","category-strona-glowna-najnowsze","category-strona-glowna-slider","tag-evangile","tag-ii-dimanche","tag-joie"],"acf":[],"yoast_head":"<!-- This site is optimized with the Yoast SEO plugin v26.2 - https:\/\/yoast.com\/wordpress\/plugins\/seo\/ -->\n<title>Dieu prend l\u2019initiative - Centre de Documentation et d\u2019Etude du Pontificat de Jean-Paul II \u00e0 Rome<\/title>\n<meta name=\"description\" content=\"M\u00eame au milieu de nos f\u00eates, de nos c\u00e9l\u00e9brations, nous n\u2019avons plus de joie authentique, de sourire vrai. Parce que pour beaucoup d\u2019entre nous les choses ne vont pas bien : manque de travail, manque de bon travail, manque de salaire, manque d\u2019affection, manque de pr\u00e9sence, manque de confiance, manque d\u2019amour.\" \/>\n<meta name=\"robots\" content=\"index, follow, max-snippet:-1, max-image-preview:large, max-video-preview:-1\" \/>\n<link rel=\"canonical\" href=\"https:\/\/jp2doc.pl\/fr\/2019\/01\/19\/dieu-prend-linitiative\/\" \/>\n<meta property=\"og:locale\" content=\"fr_FR\" \/>\n<meta property=\"og:type\" content=\"article\" \/>\n<meta property=\"og:title\" content=\"Dieu prend l\u2019initiative - Centre de Documentation et d\u2019Etude du Pontificat de Jean-Paul II \u00e0 Rome\" \/>\n<meta property=\"og:description\" content=\"M\u00eame au milieu de nos f\u00eates, de nos c\u00e9l\u00e9brations, nous n\u2019avons plus de joie authentique, de sourire vrai. Parce que pour beaucoup d\u2019entre nous les choses ne vont pas bien : manque de travail, manque de bon travail, manque de salaire, manque d\u2019affection, manque de pr\u00e9sence, manque de confiance, manque d\u2019amour.\" \/>\n<meta property=\"og:url\" content=\"https:\/\/jp2doc.pl\/fr\/2019\/01\/19\/dieu-prend-linitiative\/\" \/>\n<meta property=\"og:site_name\" content=\"Centre de Documentation et d\u2019Etude du Pontificat de Jean-Paul II \u00e0 Rome\" \/>\n<meta property=\"article:published_time\" content=\"2019-01-19T17:37:44+00:00\" \/>\n<meta property=\"article:modified_time\" content=\"2019-01-19T17:38:55+00:00\" \/>\n<meta property=\"og:image\" content=\"https:\/\/jp2doc.pl\/fr\/wp-content\/uploads\/sites\/5\/2019\/01\/pexels-photo-532508.jpeg\" \/>\n\t<meta property=\"og:image:width\" content=\"1280\" \/>\n\t<meta property=\"og:image:height\" content=\"852\" \/>\n\t<meta property=\"og:image:type\" content=\"image\/jpeg\" \/>\n<meta name=\"author\" content=\"adobrzynski\" \/>\n<meta name=\"twitter:card\" content=\"summary_large_image\" \/>\n<meta name=\"twitter:label1\" content=\"\u00c9crit par\" \/>\n\t<meta name=\"twitter:data1\" content=\"adobrzynski\" \/>\n\t<meta name=\"twitter:label2\" content=\"Dur\u00e9e de lecture estim\u00e9e\" \/>\n\t<meta name=\"twitter:data2\" content=\"5 minutes\" \/>\n<script type=\"application\/ld+json\" class=\"yoast-schema-graph\">{\"@context\":\"https:\/\/schema.org\",\"@graph\":[{\"@type\":\"Article\",\"@id\":\"https:\/\/jp2doc.pl\/fr\/2019\/01\/19\/dieu-prend-linitiative\/#article\",\"isPartOf\":{\"@id\":\"https:\/\/jp2doc.pl\/fr\/2019\/01\/19\/dieu-prend-linitiative\/\"},\"author\":{\"name\":\"adobrzynski\",\"@id\":\"https:\/\/jp2doc.pl\/fr\/#\/schema\/person\/f1a6804b6b9f176835bf67cba35c4212\"},\"headline\":\"Dieu prend l\u2019initiative\",\"datePublished\":\"2019-01-19T17:37:44+00:00\",\"dateModified\":\"2019-01-19T17:38:55+00:00\",\"mainEntityOfPage\":{\"@id\":\"https:\/\/jp2doc.pl\/fr\/2019\/01\/19\/dieu-prend-linitiative\/\"},\"wordCount\":1031,\"commentCount\":0,\"publisher\":{\"@id\":\"https:\/\/jp2doc.pl\/fr\/#organization\"},\"image\":{\"@id\":\"https:\/\/jp2doc.pl\/fr\/2019\/01\/19\/dieu-prend-linitiative\/#primaryimage\"},\"thumbnailUrl\":\"https:\/\/jp2doc.pl\/fr\/wp-content\/uploads\/sites\/5\/2019\/01\/pexels-photo-532508.jpeg\",\"keywords\":[\"evangile\",\"II Dimanche\",\"Joie\"],\"articleSection\":[\"Blog\",\"Nouveaut\u00e9s\",\"Strona g\u0142\u00f3wna - najnowsze\",\"Strona g\u0142\u00f3wna - slider\"],\"inLanguage\":\"fr-FR\",\"potentialAction\":[{\"@type\":\"CommentAction\",\"name\":\"Comment\",\"target\":[\"https:\/\/jp2doc.pl\/fr\/2019\/01\/19\/dieu-prend-linitiative\/#respond\"]}]},{\"@type\":\"WebPage\",\"@id\":\"https:\/\/jp2doc.pl\/fr\/2019\/01\/19\/dieu-prend-linitiative\/\",\"url\":\"https:\/\/jp2doc.pl\/fr\/2019\/01\/19\/dieu-prend-linitiative\/\",\"name\":\"Dieu prend l\u2019initiative - Centre de Documentation et d\u2019Etude du Pontificat de Jean-Paul II \u00e0 Rome\",\"isPartOf\":{\"@id\":\"https:\/\/jp2doc.pl\/fr\/#website\"},\"primaryImageOfPage\":{\"@id\":\"https:\/\/jp2doc.pl\/fr\/2019\/01\/19\/dieu-prend-linitiative\/#primaryimage\"},\"image\":{\"@id\":\"https:\/\/jp2doc.pl\/fr\/2019\/01\/19\/dieu-prend-linitiative\/#primaryimage\"},\"thumbnailUrl\":\"https:\/\/jp2doc.pl\/fr\/wp-content\/uploads\/sites\/5\/2019\/01\/pexels-photo-532508.jpeg\",\"datePublished\":\"2019-01-19T17:37:44+00:00\",\"dateModified\":\"2019-01-19T17:38:55+00:00\",\"description\":\"M\u00eame au milieu de nos f\u00eates, de nos c\u00e9l\u00e9brations, nous n\u2019avons plus de joie authentique, de sourire vrai. Parce que pour beaucoup d\u2019entre nous les choses ne vont pas bien : manque de travail, manque de bon travail, manque de salaire, manque d\u2019affection, manque de pr\u00e9sence, manque de confiance, manque d\u2019amour.\",\"breadcrumb\":{\"@id\":\"https:\/\/jp2doc.pl\/fr\/2019\/01\/19\/dieu-prend-linitiative\/#breadcrumb\"},\"inLanguage\":\"fr-FR\",\"potentialAction\":[{\"@type\":\"ReadAction\",\"target\":[\"https:\/\/jp2doc.pl\/fr\/2019\/01\/19\/dieu-prend-linitiative\/\"]}]},{\"@type\":\"ImageObject\",\"inLanguage\":\"fr-FR\",\"@id\":\"https:\/\/jp2doc.pl\/fr\/2019\/01\/19\/dieu-prend-linitiative\/#primaryimage\",\"url\":\"https:\/\/jp2doc.pl\/fr\/wp-content\/uploads\/sites\/5\/2019\/01\/pexels-photo-532508.jpeg\",\"contentUrl\":\"https:\/\/jp2doc.pl\/fr\/wp-content\/uploads\/sites\/5\/2019\/01\/pexels-photo-532508.jpeg\",\"width\":1280,\"height\":852},{\"@type\":\"BreadcrumbList\",\"@id\":\"https:\/\/jp2doc.pl\/fr\/2019\/01\/19\/dieu-prend-linitiative\/#breadcrumb\",\"itemListElement\":[{\"@type\":\"ListItem\",\"position\":1,\"name\":\"Home\",\"item\":\"https:\/\/jp2doc.pl\/fr\/\"},{\"@type\":\"ListItem\",\"position\":2,\"name\":\"Dieu prend l\u2019initiative\"}]},{\"@type\":\"WebSite\",\"@id\":\"https:\/\/jp2doc.pl\/fr\/#website\",\"url\":\"https:\/\/jp2doc.pl\/fr\/\",\"name\":\"Centre de Documentation et d\u2019Etude du Pontificat de Jean-Paul II \u00e0 Rome\",\"description\":\"\",\"publisher\":{\"@id\":\"https:\/\/jp2doc.pl\/fr\/#organization\"},\"potentialAction\":[{\"@type\":\"SearchAction\",\"target\":{\"@type\":\"EntryPoint\",\"urlTemplate\":\"https:\/\/jp2doc.pl\/fr\/?s={search_term_string}\"},\"query-input\":{\"@type\":\"PropertyValueSpecification\",\"valueRequired\":true,\"valueName\":\"search_term_string\"}}],\"inLanguage\":\"fr-FR\"},{\"@type\":\"Organization\",\"@id\":\"https:\/\/jp2doc.pl\/fr\/#organization\",\"name\":\"Centre de Documentation et d\u2019Etude du Pontificat de Jean-Paul II \u00e0 Rome\",\"url\":\"https:\/\/jp2doc.pl\/fr\/\",\"logo\":{\"@type\":\"ImageObject\",\"inLanguage\":\"fr-FR\",\"@id\":\"https:\/\/jp2doc.pl\/fr\/#\/schema\/logo\/image\/\",\"url\":\"https:\/\/jp2doc.pl\/fr\/wp-content\/uploads\/sites\/5\/2017\/03\/cropped-logo.png\",\"contentUrl\":\"https:\/\/jp2doc.pl\/fr\/wp-content\/uploads\/sites\/5\/2017\/03\/cropped-logo.png\",\"width\":115,\"height\":115,\"caption\":\"Centre de Documentation et d\u2019Etude du Pontificat de Jean-Paul II \u00e0 Rome\"},\"image\":{\"@id\":\"https:\/\/jp2doc.pl\/fr\/#\/schema\/logo\/image\/\"}},{\"@type\":\"Person\",\"@id\":\"https:\/\/jp2doc.pl\/fr\/#\/schema\/person\/f1a6804b6b9f176835bf67cba35c4212\",\"name\":\"adobrzynski\",\"image\":{\"@type\":\"ImageObject\",\"inLanguage\":\"fr-FR\",\"@id\":\"https:\/\/jp2doc.pl\/fr\/#\/schema\/person\/image\/\",\"url\":\"https:\/\/secure.gravatar.com\/avatar\/6e7eb2a67f64535320a8aa3d72bc5f83c9e81f3ad1797c6abee2e7c78ed2252a?s=96&d=mm&r=g\",\"contentUrl\":\"https:\/\/secure.gravatar.com\/avatar\/6e7eb2a67f64535320a8aa3d72bc5f83c9e81f3ad1797c6abee2e7c78ed2252a?s=96&d=mm&r=g\",\"caption\":\"adobrzynski\"},\"url\":\"https:\/\/jp2doc.pl\/fr\/author\/adobrzynski\/\"}]}<\/script>\n<!-- \/ Yoast SEO plugin. -->","yoast_head_json":{"title":"Dieu prend l\u2019initiative - Centre de Documentation et d\u2019Etude du Pontificat de Jean-Paul II \u00e0 Rome","description":"M\u00eame au milieu de nos f\u00eates, de nos c\u00e9l\u00e9brations, nous n\u2019avons plus de joie authentique, de sourire vrai. Parce que pour beaucoup d\u2019entre nous les choses ne vont pas bien : manque de travail, manque de bon travail, manque de salaire, manque d\u2019affection, manque de pr\u00e9sence, manque de confiance, manque d\u2019amour.","robots":{"index":"index","follow":"follow","max-snippet":"max-snippet:-1","max-image-preview":"max-image-preview:large","max-video-preview":"max-video-preview:-1"},"canonical":"https:\/\/jp2doc.pl\/fr\/2019\/01\/19\/dieu-prend-linitiative\/","og_locale":"fr_FR","og_type":"article","og_title":"Dieu prend l\u2019initiative - Centre de Documentation et d\u2019Etude du Pontificat de Jean-Paul II \u00e0 Rome","og_description":"M\u00eame au milieu de nos f\u00eates, de nos c\u00e9l\u00e9brations, nous n\u2019avons plus de joie authentique, de sourire vrai. Parce que pour beaucoup d\u2019entre nous les choses ne vont pas bien : manque de travail, manque de bon travail, manque de salaire, manque d\u2019affection, manque de pr\u00e9sence, manque de confiance, manque d\u2019amour.","og_url":"https:\/\/jp2doc.pl\/fr\/2019\/01\/19\/dieu-prend-linitiative\/","og_site_name":"Centre de Documentation et d\u2019Etude du Pontificat de Jean-Paul II \u00e0 Rome","article_published_time":"2019-01-19T17:37:44+00:00","article_modified_time":"2019-01-19T17:38:55+00:00","og_image":[{"width":1280,"height":852,"url":"https:\/\/jp2doc.pl\/fr\/wp-content\/uploads\/sites\/5\/2019\/01\/pexels-photo-532508.jpeg","type":"image\/jpeg"}],"author":"adobrzynski","twitter_card":"summary_large_image","twitter_misc":{"\u00c9crit par":"adobrzynski","Dur\u00e9e de lecture estim\u00e9e":"5 minutes"},"schema":{"@context":"https:\/\/schema.org","@graph":[{"@type":"Article","@id":"https:\/\/jp2doc.pl\/fr\/2019\/01\/19\/dieu-prend-linitiative\/#article","isPartOf":{"@id":"https:\/\/jp2doc.pl\/fr\/2019\/01\/19\/dieu-prend-linitiative\/"},"author":{"name":"adobrzynski","@id":"https:\/\/jp2doc.pl\/fr\/#\/schema\/person\/f1a6804b6b9f176835bf67cba35c4212"},"headline":"Dieu prend l\u2019initiative","datePublished":"2019-01-19T17:37:44+00:00","dateModified":"2019-01-19T17:38:55+00:00","mainEntityOfPage":{"@id":"https:\/\/jp2doc.pl\/fr\/2019\/01\/19\/dieu-prend-linitiative\/"},"wordCount":1031,"commentCount":0,"publisher":{"@id":"https:\/\/jp2doc.pl\/fr\/#organization"},"image":{"@id":"https:\/\/jp2doc.pl\/fr\/2019\/01\/19\/dieu-prend-linitiative\/#primaryimage"},"thumbnailUrl":"https:\/\/jp2doc.pl\/fr\/wp-content\/uploads\/sites\/5\/2019\/01\/pexels-photo-532508.jpeg","keywords":["evangile","II Dimanche","Joie"],"articleSection":["Blog","Nouveaut\u00e9s","Strona g\u0142\u00f3wna - najnowsze","Strona g\u0142\u00f3wna - slider"],"inLanguage":"fr-FR","potentialAction":[{"@type":"CommentAction","name":"Comment","target":["https:\/\/jp2doc.pl\/fr\/2019\/01\/19\/dieu-prend-linitiative\/#respond"]}]},{"@type":"WebPage","@id":"https:\/\/jp2doc.pl\/fr\/2019\/01\/19\/dieu-prend-linitiative\/","url":"https:\/\/jp2doc.pl\/fr\/2019\/01\/19\/dieu-prend-linitiative\/","name":"Dieu prend l\u2019initiative - Centre de Documentation et d\u2019Etude du Pontificat de Jean-Paul II \u00e0 Rome","isPartOf":{"@id":"https:\/\/jp2doc.pl\/fr\/#website"},"primaryImageOfPage":{"@id":"https:\/\/jp2doc.pl\/fr\/2019\/01\/19\/dieu-prend-linitiative\/#primaryimage"},"image":{"@id":"https:\/\/jp2doc.pl\/fr\/2019\/01\/19\/dieu-prend-linitiative\/#primaryimage"},"thumbnailUrl":"https:\/\/jp2doc.pl\/fr\/wp-content\/uploads\/sites\/5\/2019\/01\/pexels-photo-532508.jpeg","datePublished":"2019-01-19T17:37:44+00:00","dateModified":"2019-01-19T17:38:55+00:00","description":"M\u00eame au milieu de nos f\u00eates, de nos c\u00e9l\u00e9brations, nous n\u2019avons plus de joie authentique, de sourire vrai. Parce que pour beaucoup d\u2019entre nous les choses ne vont pas bien : manque de travail, manque de bon travail, manque de salaire, manque d\u2019affection, manque de pr\u00e9sence, manque de confiance, manque d\u2019amour.","breadcrumb":{"@id":"https:\/\/jp2doc.pl\/fr\/2019\/01\/19\/dieu-prend-linitiative\/#breadcrumb"},"inLanguage":"fr-FR","potentialAction":[{"@type":"ReadAction","target":["https:\/\/jp2doc.pl\/fr\/2019\/01\/19\/dieu-prend-linitiative\/"]}]},{"@type":"ImageObject","inLanguage":"fr-FR","@id":"https:\/\/jp2doc.pl\/fr\/2019\/01\/19\/dieu-prend-linitiative\/#primaryimage","url":"https:\/\/jp2doc.pl\/fr\/wp-content\/uploads\/sites\/5\/2019\/01\/pexels-photo-532508.jpeg","contentUrl":"https:\/\/jp2doc.pl\/fr\/wp-content\/uploads\/sites\/5\/2019\/01\/pexels-photo-532508.jpeg","width":1280,"height":852},{"@type":"BreadcrumbList","@id":"https:\/\/jp2doc.pl\/fr\/2019\/01\/19\/dieu-prend-linitiative\/#breadcrumb","itemListElement":[{"@type":"ListItem","position":1,"name":"Home","item":"https:\/\/jp2doc.pl\/fr\/"},{"@type":"ListItem","position":2,"name":"Dieu prend l\u2019initiative"}]},{"@type":"WebSite","@id":"https:\/\/jp2doc.pl\/fr\/#website","url":"https:\/\/jp2doc.pl\/fr\/","name":"Centre de Documentation et d\u2019Etude du Pontificat de Jean-Paul II \u00e0 Rome","description":"","publisher":{"@id":"https:\/\/jp2doc.pl\/fr\/#organization"},"potentialAction":[{"@type":"SearchAction","target":{"@type":"EntryPoint","urlTemplate":"https:\/\/jp2doc.pl\/fr\/?s={search_term_string}"},"query-input":{"@type":"PropertyValueSpecification","valueRequired":true,"valueName":"search_term_string"}}],"inLanguage":"fr-FR"},{"@type":"Organization","@id":"https:\/\/jp2doc.pl\/fr\/#organization","name":"Centre de Documentation et d\u2019Etude du Pontificat de Jean-Paul II \u00e0 Rome","url":"https:\/\/jp2doc.pl\/fr\/","logo":{"@type":"ImageObject","inLanguage":"fr-FR","@id":"https:\/\/jp2doc.pl\/fr\/#\/schema\/logo\/image\/","url":"https:\/\/jp2doc.pl\/fr\/wp-content\/uploads\/sites\/5\/2017\/03\/cropped-logo.png","contentUrl":"https:\/\/jp2doc.pl\/fr\/wp-content\/uploads\/sites\/5\/2017\/03\/cropped-logo.png","width":115,"height":115,"caption":"Centre de Documentation et d\u2019Etude du Pontificat de Jean-Paul II \u00e0 Rome"},"image":{"@id":"https:\/\/jp2doc.pl\/fr\/#\/schema\/logo\/image\/"}},{"@type":"Person","@id":"https:\/\/jp2doc.pl\/fr\/#\/schema\/person\/f1a6804b6b9f176835bf67cba35c4212","name":"adobrzynski","image":{"@type":"ImageObject","inLanguage":"fr-FR","@id":"https:\/\/jp2doc.pl\/fr\/#\/schema\/person\/image\/","url":"https:\/\/secure.gravatar.com\/avatar\/6e7eb2a67f64535320a8aa3d72bc5f83c9e81f3ad1797c6abee2e7c78ed2252a?s=96&d=mm&r=g","contentUrl":"https:\/\/secure.gravatar.com\/avatar\/6e7eb2a67f64535320a8aa3d72bc5f83c9e81f3ad1797c6abee2e7c78ed2252a?s=96&d=mm&r=g","caption":"adobrzynski"},"url":"https:\/\/jp2doc.pl\/fr\/author\/adobrzynski\/"}]}},"_links":{"self":[{"href":"https:\/\/jp2doc.pl\/fr\/wp-json\/wp\/v2\/posts\/1458","targetHints":{"allow":["GET"]}}],"collection":[{"href":"https:\/\/jp2doc.pl\/fr\/wp-json\/wp\/v2\/posts"}],"about":[{"href":"https:\/\/jp2doc.pl\/fr\/wp-json\/wp\/v2\/types\/post"}],"author":[{"embeddable":true,"href":"https:\/\/jp2doc.pl\/fr\/wp-json\/wp\/v2\/users\/6"}],"replies":[{"embeddable":true,"href":"https:\/\/jp2doc.pl\/fr\/wp-json\/wp\/v2\/comments?post=1458"}],"version-history":[{"count":1,"href":"https:\/\/jp2doc.pl\/fr\/wp-json\/wp\/v2\/posts\/1458\/revisions"}],"predecessor-version":[{"id":1460,"href":"https:\/\/jp2doc.pl\/fr\/wp-json\/wp\/v2\/posts\/1458\/revisions\/1460"}],"wp:featuredmedia":[{"embeddable":true,"href":"https:\/\/jp2doc.pl\/fr\/wp-json\/wp\/v2\/media\/1459"}],"wp:attachment":[{"href":"https:\/\/jp2doc.pl\/fr\/wp-json\/wp\/v2\/media?parent=1458"}],"wp:term":[{"taxonomy":"category","embeddable":true,"href":"https:\/\/jp2doc.pl\/fr\/wp-json\/wp\/v2\/categories?post=1458"},{"taxonomy":"post_tag","embeddable":true,"href":"https:\/\/jp2doc.pl\/fr\/wp-json\/wp\/v2\/tags?post=1458"}],"curies":[{"name":"wp","href":"https:\/\/api.w.org\/{rel}","templated":true}]}}