{"id":1516,"date":"2019-08-18T15:46:19","date_gmt":"2019-08-18T13:46:19","guid":{"rendered":"https:\/\/jp2doc.pl\/fr\/?p=1516"},"modified":"2019-08-18T15:51:49","modified_gmt":"2019-08-18T13:51:49","slug":"jesus-illumine-notre-vie","status":"publish","type":"post","link":"https:\/\/jp2doc.pl\/fr\/2019\/08\/18\/jesus-illumine-notre-vie\/","title":{"rendered":"J\u00e9sus illumine notre vie"},"content":{"rendered":"<p>Jr 38, 4-10\u00a0; He 12, 1-4\u00a0; Lc 12, 49-53<\/p>\n<p>Les lectures de ce vingti\u00e8me dimanche nous invitent \u00e0 m\u00e9diter sur la v\u00e9rit\u00e9, sur\u00a0la v\u00e9rit\u00e9 de notre vie.\u00a0La v\u00e9rit\u00e9, c\u2019est ce qui correspond \u00e0 la r\u00e9alit\u00e9. Et la v\u00e9rit\u00e9 de notre vie c\u2019est que nous sommes cr\u00e9\u00e9s \u00e0 l\u2019image de Dieu, nous sommes cr\u00e9\u00e9s par amour pour vivre dans le bien.<\/p>\n<h4><strong>Rendre t\u00e9moignage \u00e0 la v\u00e9rit\u00e9<\/strong><\/h4>\n<p>J\u00e9sus est venu t\u00e9moigner de la v\u00e9rit\u00e9 comme il l\u2019a dit lui-m\u00eame \u00e0 Pilate\u00a0: \u00ab\u00a0Je suis n\u00e9 et je suis venu dans le monde pour rendre t\u00e9moignage \u00e0 la v\u00e9rit\u00e9. Quiconque est de la v\u00e9rit\u00e9 \u00e9coute ma voix\u00a0\u00bb (Jn 18, 37).<\/p>\n<p>Dans l\u2019\u00e9vangile d\u2019aujourd\u2019hui, J\u00e9sus dit \u00e0 ses disciples\u00a0: \u00ab\u00a0Je suis venu apporter un feu sur la terre, et comme je voudrais qu\u2019il soit d\u00e9j\u00e0 allum\u00e9\u00a0!\u00a0\u00bb.<\/p>\n<p>Le feu \u00e9claire, le feu provoque des transformations. En langage spirituel on appelle cela conversion. Le contact avec J\u00e9sus, la rencontre avec lui ne laisse pas indiff\u00e9rent. J\u00e9sus est lui-m\u00eame ce feu qui nous \u00e9claire et qui nous transforme si nous l\u2019accueillons dans notre vie.<\/p>\n<p>De quoi devons-nous donc nous convertir, \u00e9clair\u00e9s que nous sommes par J\u00e9sus\u00a0?<\/p>\n<h4><strong>D\u00e9barrassons-nous du p\u00e9ch\u00e9<\/strong><\/h4>\n<p>C\u2019est la lettre aux H\u00e9breux qui nous nous r\u00e9pond\u00a0: \u00ab\u00a0d\u00e9barrassons-nous de tout ce qui nous alourdit, et d\u2019abord du p\u00e9ch\u00e9 qui nous entrave si bien\u00a0\u00bb.<\/p>\n<p>Tout ce qui est lourd est difficile \u00e0 g\u00e9rer\u00a0: ainsi, si l\u2019on mange une nourriture lourde, on aura du mal \u00e0 la dig\u00e9rer\u00a0; si l\u2019on porte un poids lourd, on aura du mal \u00e0 le d\u00e9placer\u00a0; et si l\u2019on est lourd soi-m\u00eame, on aura du mal \u00e0 respirer et \u00e0 marcher. La lourdeur est un obstacle au mouvement.<\/p>\n<p>De la m\u00eame mani\u00e8re, les entraves sont un obstacle au mouvement. En effet\u00a0; on met des entraves aux jambes des animaux ou des prisonniers pour g\u00eaner leur marche, pour leur priver de la libert\u00e9.<\/p>\n<p>Et il y a bien de choses qui nous emp\u00eachent de nous \u00e9lever spirituellement. Nous nous encombrons de beaucoup de vices qui nous rendent lourds, qui entravent notre r\u00e9alisation, notre \u00e9panouissement\u00a0: orgueil, malhonn\u00eatet\u00e9, injustice, manque de respect, esprit de complot, etc.<\/p>\n<h4><strong>La conversion nous lib\u00e8re<\/strong><\/h4>\n<p>Aujourd\u2019hui, J\u00e9sus illumine notre vie et nous montre qu\u2019il est bien possible de nous voir nous-m\u00eame et de nous voir les uns les autres diff\u00e9remment.<\/p>\n<p>Mais attention\u00a0! Si la conversion nous lib\u00e8re int\u00e9rieurement, elle peut aussi ext\u00e9rieurement nous provoquer des ennemis, des adversaires. Car notre monde pr\u00e9f\u00e8re les t\u00e9n\u00e8bres \u00e0 la lumi\u00e8re, notre monde a le bien en horreur\u00a0!<\/p>\n<p>Regardons m\u00eame dans nos familles, dans nos r\u00e9gions, dans notre pays. Pouvons-nous vraiment dire que les gens sont amis de la lumi\u00e8re, du bien\u00a0? Si oui, pourquoi voyons-nous tant de m\u00e9pris, tant de souffrances\u00a0? Si oui, pourquoi entendons-nous tant de cris, tant de pleurs\u00a0?<\/p>\n<h4><strong>Vouloir vivre en bon chr\u00e9tien<\/strong><\/h4>\n<p>Dans ce contexte, dans ces conditions, vouloir vivre en bon chr\u00e9tien peut signifier accepter d\u2019\u00eatre rejet\u00e9 par les gens de sa propre famille, par ses voisins, par ses coll\u00e8gues de travail, par son pays. En fait, J\u00e9sus lui-m\u00eame nous pr\u00e9vient dans l\u2019\u00e9vangile\u00a0: \u00ab\u00a0Pensez-vous que je sois venu apporter la paix dans le monde\u00a0? Non, je vous le dis, mais plut\u00f4t la division\u00a0\u00bb.<\/p>\n<p>1\u00b0 On le voit avec J\u00e9r\u00e9mie dans la premi\u00e8re lecture. Sa vie d\u2019homme honn\u00eate et vrai d\u00e9range. Alors on d\u00e9cide de l\u2019\u00e9liminer\u00a0: \u00ab\u00a0Que cet homme soit mis \u00e0 mort\u00a0\u00bb. Comme J\u00e9r\u00e9mie, on sera jet\u00e9 dans la citerne de l\u2019isolement, on sera enfonc\u00e9 dans la boue de la calomnie, des critiques sans fondements\u00a0: \u00ab\u00a0Ce n\u2019est pas le bonheur du peuple qu\u2019il cherche, disent les ennemis de J\u00e9r\u00e9mie, mais son malheur\u00a0\u00bb.<\/p>\n<p>2\u00b0 On le voit avec J\u00e9sus qui \u00ab\u00a0Renon\u00e7ant \u00e0 la joie qui lui \u00e9tait propos\u00e9e, il a endur\u00e9, sans avoir de honte, comme le dit la lettre aux H\u00e9breux, l\u2019humiliation de la croix\u00a0\u00bb.<\/p>\n<p>Alors, que faire\u00a0? Faut-il c\u00e9der au d\u00e9couragement\u00a0? Non\u00a0!<\/p>\n<p>1\u00b0 <strong>Nous devons avoir la foi en Christ<\/strong>\u00a0: \u00ab\u00a0alors nous courons avec endurance, avons-nous entendu dans la lettre aux H\u00e9breux, l\u2019\u00e9preuve qui nous est propos\u00e9e, les yeux fix\u00e9s sur J\u00e9sus, qui est \u00e0 l\u2019origine et au terme de la foi\u00a0\u00bb.<\/p>\n<p>2\u00b0 <strong>Nous devons compter sur la protection des saints<\/strong>\u00a0: \u00ab\u00a0Fr\u00e8res, dit la lettre aux H\u00e9breux, ceux qui ont v\u00e9cu dans la foi, foule immense des t\u00e9moins, sont l\u00e0 qui nous entourent\u00a0\u00bb.<\/p>\n<p>3\u00b0 <strong>Nous devons compter sur les gestes de bonnes gens<\/strong>\u00a0: comme ceux de l\u2019Ethiopiens Ebed-Melek qui intervint aupr\u00e8s du roi en faveur de J\u00e9r\u00e9mie, le sauvant ainsi d\u2019une mort certaine.<\/p>\n<p>Le Seigneur nous demande donc, pour citer de nouveau la lettre aux H\u00e9breux, de ne pas nous laisser accabler \u00ab\u00a0par le d\u00e9couragement\u00a0\u00bb, mais de r\u00e9sister \u00abjusqu\u2019au sang dans l\u2019\u00e9preuve de notre lutte contre le p\u00e9ch\u00e9\u00bb.<\/p>\n<p>&nbsp;<\/p>\n<p>P\u00e9re Jean Claude Cabwinwe Ciza<\/p>\n<p>Photo by <strong><a href=\"https:\/\/www.pexels.com\/@subham?utm_content=attributionCopyText&amp;utm_medium=referral&amp;utm_source=pexels\">Subham Dash <\/a><\/strong>from <strong><a href=\"https:\/\/www.pexels.com\/photo\/silhouette-of-person-walking-1046896\/?utm_content=attributionCopyText&amp;utm_medium=referral&amp;utm_source=pexels\">Pexels<\/a><\/strong><\/p>\n","protected":false},"excerpt":{"rendered":"<p>XX<sup>e\u00a0<\/sup>Dimanche du Temps Ordinaire<\/p>\n","protected":false},"author":6,"featured_media":1517,"comment_status":"open","ping_status":"open","sticky":false,"template":"","format":"standard","meta":{"_acf_changed":false,"_exactmetrics_skip_tracking":false,"_exactmetrics_sitenote_active":false,"_exactmetrics_sitenote_note":"","_exactmetrics_sitenote_category":0,"footnotes":""},"categories":[4,13,14],"tags":[],"class_list":["post-1516","post","type-post","status-publish","format-standard","has-post-thumbnail","hentry","category-blog","category-strona-glowna-najnowsze","category-strona-glowna-slider"],"acf":[],"yoast_head":"<!-- This site is optimized with the Yoast SEO plugin v26.2 - https:\/\/yoast.com\/wordpress\/plugins\/seo\/ -->\n<title>J\u00e9sus illumine notre vie - Centre de Documentation et d\u2019Etude du Pontificat de Jean-Paul II \u00e0 Rome<\/title>\n<meta name=\"description\" content=\"Les lectures de ce vingti\u00e8me dimanche nous invitent \u00e0 m\u00e9diter sur la v\u00e9rit\u00e9, sur\u00a0la v\u00e9rit\u00e9 de notre vie.\u00a0\" \/>\n<meta name=\"robots\" content=\"index, follow, max-snippet:-1, max-image-preview:large, max-video-preview:-1\" \/>\n<link rel=\"canonical\" href=\"https:\/\/jp2doc.pl\/fr\/2019\/08\/18\/jesus-illumine-notre-vie\/\" \/>\n<meta property=\"og:locale\" content=\"fr_FR\" \/>\n<meta property=\"og:type\" content=\"article\" \/>\n<meta property=\"og:title\" content=\"J\u00e9sus illumine notre vie - Centre de Documentation et d\u2019Etude du Pontificat de Jean-Paul II \u00e0 Rome\" \/>\n<meta property=\"og:description\" content=\"Les lectures de ce vingti\u00e8me dimanche nous invitent \u00e0 m\u00e9diter sur la v\u00e9rit\u00e9, sur\u00a0la v\u00e9rit\u00e9 de notre vie.\u00a0\" \/>\n<meta property=\"og:url\" content=\"https:\/\/jp2doc.pl\/fr\/2019\/08\/18\/jesus-illumine-notre-vie\/\" \/>\n<meta property=\"og:site_name\" content=\"Centre de Documentation et d\u2019Etude du Pontificat de Jean-Paul II \u00e0 Rome\" \/>\n<meta property=\"article:published_time\" content=\"2019-08-18T13:46:19+00:00\" \/>\n<meta property=\"article:modified_time\" content=\"2019-08-18T13:51:49+00:00\" \/>\n<meta property=\"og:image\" content=\"https:\/\/jp2doc.pl\/fr\/wp-content\/uploads\/sites\/5\/2019\/08\/action-backlit-beach-1046896.jpg\" \/>\n\t<meta property=\"og:image:width\" content=\"1280\" \/>\n\t<meta property=\"og:image:height\" content=\"625\" \/>\n\t<meta property=\"og:image:type\" content=\"image\/jpeg\" \/>\n<meta name=\"author\" content=\"adobrzynski\" \/>\n<meta name=\"twitter:card\" content=\"summary_large_image\" \/>\n<meta name=\"twitter:label1\" content=\"\u00c9crit par\" \/>\n\t<meta name=\"twitter:data1\" content=\"adobrzynski\" \/>\n\t<meta name=\"twitter:label2\" content=\"Dur\u00e9e de lecture estim\u00e9e\" \/>\n\t<meta name=\"twitter:data2\" content=\"4 minutes\" \/>\n<script type=\"application\/ld+json\" class=\"yoast-schema-graph\">{\"@context\":\"https:\/\/schema.org\",\"@graph\":[{\"@type\":\"Article\",\"@id\":\"https:\/\/jp2doc.pl\/fr\/2019\/08\/18\/jesus-illumine-notre-vie\/#article\",\"isPartOf\":{\"@id\":\"https:\/\/jp2doc.pl\/fr\/2019\/08\/18\/jesus-illumine-notre-vie\/\"},\"author\":{\"name\":\"adobrzynski\",\"@id\":\"https:\/\/jp2doc.pl\/fr\/#\/schema\/person\/f1a6804b6b9f176835bf67cba35c4212\"},\"headline\":\"J\u00e9sus illumine notre vie\",\"datePublished\":\"2019-08-18T13:46:19+00:00\",\"dateModified\":\"2019-08-18T13:51:49+00:00\",\"mainEntityOfPage\":{\"@id\":\"https:\/\/jp2doc.pl\/fr\/2019\/08\/18\/jesus-illumine-notre-vie\/\"},\"wordCount\":889,\"commentCount\":0,\"publisher\":{\"@id\":\"https:\/\/jp2doc.pl\/fr\/#organization\"},\"image\":{\"@id\":\"https:\/\/jp2doc.pl\/fr\/2019\/08\/18\/jesus-illumine-notre-vie\/#primaryimage\"},\"thumbnailUrl\":\"https:\/\/jp2doc.pl\/fr\/wp-content\/uploads\/sites\/5\/2019\/08\/action-backlit-beach-1046896.jpg\",\"articleSection\":[\"Blog\",\"Strona g\u0142\u00f3wna - najnowsze\",\"Strona g\u0142\u00f3wna - slider\"],\"inLanguage\":\"fr-FR\",\"potentialAction\":[{\"@type\":\"CommentAction\",\"name\":\"Comment\",\"target\":[\"https:\/\/jp2doc.pl\/fr\/2019\/08\/18\/jesus-illumine-notre-vie\/#respond\"]}]},{\"@type\":\"WebPage\",\"@id\":\"https:\/\/jp2doc.pl\/fr\/2019\/08\/18\/jesus-illumine-notre-vie\/\",\"url\":\"https:\/\/jp2doc.pl\/fr\/2019\/08\/18\/jesus-illumine-notre-vie\/\",\"name\":\"J\u00e9sus illumine notre vie - Centre de Documentation et d\u2019Etude du Pontificat de Jean-Paul II \u00e0 Rome\",\"isPartOf\":{\"@id\":\"https:\/\/jp2doc.pl\/fr\/#website\"},\"primaryImageOfPage\":{\"@id\":\"https:\/\/jp2doc.pl\/fr\/2019\/08\/18\/jesus-illumine-notre-vie\/#primaryimage\"},\"image\":{\"@id\":\"https:\/\/jp2doc.pl\/fr\/2019\/08\/18\/jesus-illumine-notre-vie\/#primaryimage\"},\"thumbnailUrl\":\"https:\/\/jp2doc.pl\/fr\/wp-content\/uploads\/sites\/5\/2019\/08\/action-backlit-beach-1046896.jpg\",\"datePublished\":\"2019-08-18T13:46:19+00:00\",\"dateModified\":\"2019-08-18T13:51:49+00:00\",\"description\":\"Les lectures de ce vingti\u00e8me dimanche nous invitent \u00e0 m\u00e9diter sur la v\u00e9rit\u00e9, sur\u00a0la v\u00e9rit\u00e9 de notre vie.\u00a0\",\"breadcrumb\":{\"@id\":\"https:\/\/jp2doc.pl\/fr\/2019\/08\/18\/jesus-illumine-notre-vie\/#breadcrumb\"},\"inLanguage\":\"fr-FR\",\"potentialAction\":[{\"@type\":\"ReadAction\",\"target\":[\"https:\/\/jp2doc.pl\/fr\/2019\/08\/18\/jesus-illumine-notre-vie\/\"]}]},{\"@type\":\"ImageObject\",\"inLanguage\":\"fr-FR\",\"@id\":\"https:\/\/jp2doc.pl\/fr\/2019\/08\/18\/jesus-illumine-notre-vie\/#primaryimage\",\"url\":\"https:\/\/jp2doc.pl\/fr\/wp-content\/uploads\/sites\/5\/2019\/08\/action-backlit-beach-1046896.jpg\",\"contentUrl\":\"https:\/\/jp2doc.pl\/fr\/wp-content\/uploads\/sites\/5\/2019\/08\/action-backlit-beach-1046896.jpg\",\"width\":1280,\"height\":625},{\"@type\":\"BreadcrumbList\",\"@id\":\"https:\/\/jp2doc.pl\/fr\/2019\/08\/18\/jesus-illumine-notre-vie\/#breadcrumb\",\"itemListElement\":[{\"@type\":\"ListItem\",\"position\":1,\"name\":\"Home\",\"item\":\"https:\/\/jp2doc.pl\/fr\/\"},{\"@type\":\"ListItem\",\"position\":2,\"name\":\"J\u00e9sus illumine notre vie\"}]},{\"@type\":\"WebSite\",\"@id\":\"https:\/\/jp2doc.pl\/fr\/#website\",\"url\":\"https:\/\/jp2doc.pl\/fr\/\",\"name\":\"Centre de Documentation et d\u2019Etude du Pontificat de Jean-Paul II \u00e0 Rome\",\"description\":\"\",\"publisher\":{\"@id\":\"https:\/\/jp2doc.pl\/fr\/#organization\"},\"potentialAction\":[{\"@type\":\"SearchAction\",\"target\":{\"@type\":\"EntryPoint\",\"urlTemplate\":\"https:\/\/jp2doc.pl\/fr\/?s={search_term_string}\"},\"query-input\":{\"@type\":\"PropertyValueSpecification\",\"valueRequired\":true,\"valueName\":\"search_term_string\"}}],\"inLanguage\":\"fr-FR\"},{\"@type\":\"Organization\",\"@id\":\"https:\/\/jp2doc.pl\/fr\/#organization\",\"name\":\"Centre de Documentation et d\u2019Etude du Pontificat de Jean-Paul II \u00e0 Rome\",\"url\":\"https:\/\/jp2doc.pl\/fr\/\",\"logo\":{\"@type\":\"ImageObject\",\"inLanguage\":\"fr-FR\",\"@id\":\"https:\/\/jp2doc.pl\/fr\/#\/schema\/logo\/image\/\",\"url\":\"https:\/\/jp2doc.pl\/fr\/wp-content\/uploads\/sites\/5\/2017\/03\/cropped-logo.png\",\"contentUrl\":\"https:\/\/jp2doc.pl\/fr\/wp-content\/uploads\/sites\/5\/2017\/03\/cropped-logo.png\",\"width\":115,\"height\":115,\"caption\":\"Centre de Documentation et d\u2019Etude du Pontificat de Jean-Paul II \u00e0 Rome\"},\"image\":{\"@id\":\"https:\/\/jp2doc.pl\/fr\/#\/schema\/logo\/image\/\"}},{\"@type\":\"Person\",\"@id\":\"https:\/\/jp2doc.pl\/fr\/#\/schema\/person\/f1a6804b6b9f176835bf67cba35c4212\",\"name\":\"adobrzynski\",\"image\":{\"@type\":\"ImageObject\",\"inLanguage\":\"fr-FR\",\"@id\":\"https:\/\/jp2doc.pl\/fr\/#\/schema\/person\/image\/\",\"url\":\"https:\/\/secure.gravatar.com\/avatar\/6e7eb2a67f64535320a8aa3d72bc5f83c9e81f3ad1797c6abee2e7c78ed2252a?s=96&d=mm&r=g\",\"contentUrl\":\"https:\/\/secure.gravatar.com\/avatar\/6e7eb2a67f64535320a8aa3d72bc5f83c9e81f3ad1797c6abee2e7c78ed2252a?s=96&d=mm&r=g\",\"caption\":\"adobrzynski\"},\"url\":\"https:\/\/jp2doc.pl\/fr\/author\/adobrzynski\/\"}]}<\/script>\n<!-- \/ Yoast SEO plugin. -->","yoast_head_json":{"title":"J\u00e9sus illumine notre vie - Centre de Documentation et d\u2019Etude du Pontificat de Jean-Paul II \u00e0 Rome","description":"Les lectures de ce vingti\u00e8me dimanche nous invitent \u00e0 m\u00e9diter sur la v\u00e9rit\u00e9, sur\u00a0la v\u00e9rit\u00e9 de notre vie.\u00a0","robots":{"index":"index","follow":"follow","max-snippet":"max-snippet:-1","max-image-preview":"max-image-preview:large","max-video-preview":"max-video-preview:-1"},"canonical":"https:\/\/jp2doc.pl\/fr\/2019\/08\/18\/jesus-illumine-notre-vie\/","og_locale":"fr_FR","og_type":"article","og_title":"J\u00e9sus illumine notre vie - Centre de Documentation et d\u2019Etude du Pontificat de Jean-Paul II \u00e0 Rome","og_description":"Les lectures de ce vingti\u00e8me dimanche nous invitent \u00e0 m\u00e9diter sur la v\u00e9rit\u00e9, sur\u00a0la v\u00e9rit\u00e9 de notre vie.\u00a0","og_url":"https:\/\/jp2doc.pl\/fr\/2019\/08\/18\/jesus-illumine-notre-vie\/","og_site_name":"Centre de Documentation et d\u2019Etude du Pontificat de Jean-Paul II \u00e0 Rome","article_published_time":"2019-08-18T13:46:19+00:00","article_modified_time":"2019-08-18T13:51:49+00:00","og_image":[{"width":1280,"height":625,"url":"https:\/\/jp2doc.pl\/fr\/wp-content\/uploads\/sites\/5\/2019\/08\/action-backlit-beach-1046896.jpg","type":"image\/jpeg"}],"author":"adobrzynski","twitter_card":"summary_large_image","twitter_misc":{"\u00c9crit par":"adobrzynski","Dur\u00e9e de lecture estim\u00e9e":"4 minutes"},"schema":{"@context":"https:\/\/schema.org","@graph":[{"@type":"Article","@id":"https:\/\/jp2doc.pl\/fr\/2019\/08\/18\/jesus-illumine-notre-vie\/#article","isPartOf":{"@id":"https:\/\/jp2doc.pl\/fr\/2019\/08\/18\/jesus-illumine-notre-vie\/"},"author":{"name":"adobrzynski","@id":"https:\/\/jp2doc.pl\/fr\/#\/schema\/person\/f1a6804b6b9f176835bf67cba35c4212"},"headline":"J\u00e9sus illumine notre vie","datePublished":"2019-08-18T13:46:19+00:00","dateModified":"2019-08-18T13:51:49+00:00","mainEntityOfPage":{"@id":"https:\/\/jp2doc.pl\/fr\/2019\/08\/18\/jesus-illumine-notre-vie\/"},"wordCount":889,"commentCount":0,"publisher":{"@id":"https:\/\/jp2doc.pl\/fr\/#organization"},"image":{"@id":"https:\/\/jp2doc.pl\/fr\/2019\/08\/18\/jesus-illumine-notre-vie\/#primaryimage"},"thumbnailUrl":"https:\/\/jp2doc.pl\/fr\/wp-content\/uploads\/sites\/5\/2019\/08\/action-backlit-beach-1046896.jpg","articleSection":["Blog","Strona g\u0142\u00f3wna - najnowsze","Strona g\u0142\u00f3wna - slider"],"inLanguage":"fr-FR","potentialAction":[{"@type":"CommentAction","name":"Comment","target":["https:\/\/jp2doc.pl\/fr\/2019\/08\/18\/jesus-illumine-notre-vie\/#respond"]}]},{"@type":"WebPage","@id":"https:\/\/jp2doc.pl\/fr\/2019\/08\/18\/jesus-illumine-notre-vie\/","url":"https:\/\/jp2doc.pl\/fr\/2019\/08\/18\/jesus-illumine-notre-vie\/","name":"J\u00e9sus illumine notre vie - Centre de Documentation et d\u2019Etude du Pontificat de Jean-Paul II \u00e0 Rome","isPartOf":{"@id":"https:\/\/jp2doc.pl\/fr\/#website"},"primaryImageOfPage":{"@id":"https:\/\/jp2doc.pl\/fr\/2019\/08\/18\/jesus-illumine-notre-vie\/#primaryimage"},"image":{"@id":"https:\/\/jp2doc.pl\/fr\/2019\/08\/18\/jesus-illumine-notre-vie\/#primaryimage"},"thumbnailUrl":"https:\/\/jp2doc.pl\/fr\/wp-content\/uploads\/sites\/5\/2019\/08\/action-backlit-beach-1046896.jpg","datePublished":"2019-08-18T13:46:19+00:00","dateModified":"2019-08-18T13:51:49+00:00","description":"Les lectures de ce vingti\u00e8me dimanche nous invitent \u00e0 m\u00e9diter sur la v\u00e9rit\u00e9, sur\u00a0la v\u00e9rit\u00e9 de notre vie.\u00a0","breadcrumb":{"@id":"https:\/\/jp2doc.pl\/fr\/2019\/08\/18\/jesus-illumine-notre-vie\/#breadcrumb"},"inLanguage":"fr-FR","potentialAction":[{"@type":"ReadAction","target":["https:\/\/jp2doc.pl\/fr\/2019\/08\/18\/jesus-illumine-notre-vie\/"]}]},{"@type":"ImageObject","inLanguage":"fr-FR","@id":"https:\/\/jp2doc.pl\/fr\/2019\/08\/18\/jesus-illumine-notre-vie\/#primaryimage","url":"https:\/\/jp2doc.pl\/fr\/wp-content\/uploads\/sites\/5\/2019\/08\/action-backlit-beach-1046896.jpg","contentUrl":"https:\/\/jp2doc.pl\/fr\/wp-content\/uploads\/sites\/5\/2019\/08\/action-backlit-beach-1046896.jpg","width":1280,"height":625},{"@type":"BreadcrumbList","@id":"https:\/\/jp2doc.pl\/fr\/2019\/08\/18\/jesus-illumine-notre-vie\/#breadcrumb","itemListElement":[{"@type":"ListItem","position":1,"name":"Home","item":"https:\/\/jp2doc.pl\/fr\/"},{"@type":"ListItem","position":2,"name":"J\u00e9sus illumine notre vie"}]},{"@type":"WebSite","@id":"https:\/\/jp2doc.pl\/fr\/#website","url":"https:\/\/jp2doc.pl\/fr\/","name":"Centre de Documentation et d\u2019Etude du Pontificat de Jean-Paul II \u00e0 Rome","description":"","publisher":{"@id":"https:\/\/jp2doc.pl\/fr\/#organization"},"potentialAction":[{"@type":"SearchAction","target":{"@type":"EntryPoint","urlTemplate":"https:\/\/jp2doc.pl\/fr\/?s={search_term_string}"},"query-input":{"@type":"PropertyValueSpecification","valueRequired":true,"valueName":"search_term_string"}}],"inLanguage":"fr-FR"},{"@type":"Organization","@id":"https:\/\/jp2doc.pl\/fr\/#organization","name":"Centre de Documentation et d\u2019Etude du Pontificat de Jean-Paul II \u00e0 Rome","url":"https:\/\/jp2doc.pl\/fr\/","logo":{"@type":"ImageObject","inLanguage":"fr-FR","@id":"https:\/\/jp2doc.pl\/fr\/#\/schema\/logo\/image\/","url":"https:\/\/jp2doc.pl\/fr\/wp-content\/uploads\/sites\/5\/2017\/03\/cropped-logo.png","contentUrl":"https:\/\/jp2doc.pl\/fr\/wp-content\/uploads\/sites\/5\/2017\/03\/cropped-logo.png","width":115,"height":115,"caption":"Centre de Documentation et d\u2019Etude du Pontificat de Jean-Paul II \u00e0 Rome"},"image":{"@id":"https:\/\/jp2doc.pl\/fr\/#\/schema\/logo\/image\/"}},{"@type":"Person","@id":"https:\/\/jp2doc.pl\/fr\/#\/schema\/person\/f1a6804b6b9f176835bf67cba35c4212","name":"adobrzynski","image":{"@type":"ImageObject","inLanguage":"fr-FR","@id":"https:\/\/jp2doc.pl\/fr\/#\/schema\/person\/image\/","url":"https:\/\/secure.gravatar.com\/avatar\/6e7eb2a67f64535320a8aa3d72bc5f83c9e81f3ad1797c6abee2e7c78ed2252a?s=96&d=mm&r=g","contentUrl":"https:\/\/secure.gravatar.com\/avatar\/6e7eb2a67f64535320a8aa3d72bc5f83c9e81f3ad1797c6abee2e7c78ed2252a?s=96&d=mm&r=g","caption":"adobrzynski"},"url":"https:\/\/jp2doc.pl\/fr\/author\/adobrzynski\/"}]}},"_links":{"self":[{"href":"https:\/\/jp2doc.pl\/fr\/wp-json\/wp\/v2\/posts\/1516","targetHints":{"allow":["GET"]}}],"collection":[{"href":"https:\/\/jp2doc.pl\/fr\/wp-json\/wp\/v2\/posts"}],"about":[{"href":"https:\/\/jp2doc.pl\/fr\/wp-json\/wp\/v2\/types\/post"}],"author":[{"embeddable":true,"href":"https:\/\/jp2doc.pl\/fr\/wp-json\/wp\/v2\/users\/6"}],"replies":[{"embeddable":true,"href":"https:\/\/jp2doc.pl\/fr\/wp-json\/wp\/v2\/comments?post=1516"}],"version-history":[{"count":3,"href":"https:\/\/jp2doc.pl\/fr\/wp-json\/wp\/v2\/posts\/1516\/revisions"}],"predecessor-version":[{"id":1521,"href":"https:\/\/jp2doc.pl\/fr\/wp-json\/wp\/v2\/posts\/1516\/revisions\/1521"}],"wp:featuredmedia":[{"embeddable":true,"href":"https:\/\/jp2doc.pl\/fr\/wp-json\/wp\/v2\/media\/1517"}],"wp:attachment":[{"href":"https:\/\/jp2doc.pl\/fr\/wp-json\/wp\/v2\/media?parent=1516"}],"wp:term":[{"taxonomy":"category","embeddable":true,"href":"https:\/\/jp2doc.pl\/fr\/wp-json\/wp\/v2\/categories?post=1516"},{"taxonomy":"post_tag","embeddable":true,"href":"https:\/\/jp2doc.pl\/fr\/wp-json\/wp\/v2\/tags?post=1516"}],"curies":[{"name":"wp","href":"https:\/\/api.w.org\/{rel}","templated":true}]}}