{"id":1523,"date":"2019-09-21T23:54:06","date_gmt":"2019-09-21T21:54:06","guid":{"rendered":"https:\/\/jp2doc.pl\/fr\/?p=1523"},"modified":"2019-09-21T23:54:45","modified_gmt":"2019-09-21T21:54:45","slug":"quest-ce-quune-vraie-priere","status":"publish","type":"post","link":"https:\/\/jp2doc.pl\/fr\/2019\/09\/21\/quest-ce-quune-vraie-priere\/","title":{"rendered":"Qu\u2019est-ce qu\u2019une vraie pri\u00e8re ?"},"content":{"rendered":"<p>Les lectures que nous venons d\u2019entendre en ce vingt-cinqui\u00e8me dimanche du temps ordinaire, peuvent \u00eatre m\u00e9dit\u00e9es sous l\u2019angle de la pri\u00e8re.<\/p>\n<p>Dans la deuxi\u00e8me lecture, de la premi\u00e8re lettre de saint Paul \u00e0 Timoth\u00e9e, on nous parle d\u2019\u00a0 \u00ab\u00a0une vraie pri\u00e8re\u00a0\u00bb. Pour avoir une bonne id\u00e9e d\u2019une vraie pri\u00e8re, nous allons proc\u00e9der par quelques questions\u00a0:<\/p>\n<p>1\u00b0 <strong>Qu\u2019est-ce qu\u2019une vraie pri\u00e8re\u00a0?<\/strong><\/p>\n<p>A cette question, saint Paul r\u00e9pond en disant qu\u2019une vraie pri\u00e8re est celle \u00ab\u00a0que Dieu, notre seigneur, peut accepter\u00a0\u00bb.<\/p>\n<p>2\u00b0 <strong>Quelles sont les formes que peut prendre une vraie pri\u00e8re\u00a0?<\/strong><\/p>\n<p>Suivant saint Paul, on peut dire qu\u2019une vraie pri\u00e8re peut \u00eatre\u00a0:<\/p>\n<ol>\n<li>une pri\u00e8re de demande: sans doute pour les besoins quotidiens.<\/li>\n<li>une pri\u00e8re d\u2019intercession: sans doute pour des situations qui sortent de l\u2019ordinaire et qui touchent les autres dans nos communaut\u00e9s, nos pays ou l\u2019humanit\u00e9.<\/li>\n<li>une pri\u00e8re d\u2019action de gr\u00e2ce: pour louer Dieu, pour lui rendre gr\u00e2ce pour tous ses bienfaits.<\/li>\n<\/ol>\n<p>3\u00b0 <strong>Quels sont les contenus d\u2019une vraie pri\u00e8re\u00a0?<\/strong><\/p>\n<p>Selon saint Paul, on doit d\u2019abord prier pour tous les hommes, soi-m\u00eame inclus bien s\u00fbr. Cela signifie que le c\u0153ur de tout chr\u00e9tien doit \u00eatre ouvert au monde entier. Pourquoi\u00a0? Saint Paul r\u00e9pond que c\u2019est parce qu\u2019\u00a0\u00ab\u00a0il n\u2019y a qu\u2019un seul Dieu, il n\u2019y a qu\u2019un seul m\u00e9diateur entre Dieu et les hommes\u00a0: un homme, le Christ J\u00e9sus\u00a0\u00bb et aussi parce que Dieu \u00ab\u00a0veut que tous les hommes soient sauv\u00e9s et arrivent \u00e0 conna\u00eetre pleinement la v\u00e9rit\u00e9\u00a0\u00bb.<\/p>\n<p>Alors on comprend la raison pour laquelle dans Matthieu 5, 44, J\u00e9sus nous demande d\u2019aimer nos ennemis et de prier pour ceux qui nos pers\u00e9cuteurs. En effet, \u00ab\u00a0il fait lever son soleil sur les m\u00e9chants et sur les bons, et tomber la pluie sur les justes et sur les injustes\u00a0\u00bb (Mt 5, 45).<\/p>\n<p>Ensuite, on doit prier pour les chefs d\u2019\u00c9tats et tous ceux qui ont des responsabilit\u00e9s. Pourquoi\u00a0? Saint Paul r\u00e9pond que c\u2019est pour que \u00ab\u00a0nous puissions mener notre vie dans le calme et la s\u00e9curit\u00e9, en hommes s\u00e9rieux et religieux\u00a0\u00bb. En effet, les hommes doivent \u00eatre gouvern\u00e9s. Et comme nous le voyons si souvent, ceux qui gouvernent, non seulement s\u2019exposent \u00e0 beaucoup de tentations, dont la tentation de l\u2019abus du pouvoir, mais aussi commettent des erreurs dans les d\u00e9cisions qu\u2019ils prennent. La tendance g\u00e9n\u00e9rale penche vers la critique. On devrait aussi et surtout prier pour eux afin qu\u2019ils soient des gens bons, spirituels, sages dans la conduite des affaires publiques, communautaires. Il semble que saint Augustin a dit\u00a0: \u00ab\u00a0Si tu es intelligent enseigne-moi, si tu es saint prie pour moi, si tu es sage gouverne-moi\u00a0\u00bb.<\/p>\n<p>4\u00b0 <strong>De quelle mani\u00e8re doit \u00eatre conduite une vraie pri\u00e8re\u00a0?<\/strong><\/p>\n<p>Saint Paul r\u00e9pond\u00a0: \u00ab\u00a0saintement, sans col\u00e8re ni mauvaises intentions\u00a0\u00bb. En effet, dans <strong>Les B\u00e9atitudes<\/strong>, J\u00e9sus nous dit\u00a0: \u00ab\u00a0Heureux les c\u0153urs purs, car ils verront Dieu\u00a0\u00bb (Mt 5, 8). Et ailleurs il dit\u00a0: \u00ab\u00a0Quand donc tu pr\u00e9sentes ton offrande \u00e0 l\u2019autel, si l\u00e0 tu te souviens que ton fr\u00e8re a quelque chose contre toi, laisse l\u00e0 ton offrande, devant l\u2019autel, et va d\u2019abord te r\u00e9concilier avec ton\u00a0 fr\u00e8re\u00a0; puis reviens, et alors pr\u00e9sente ton offrande\u00a0\u00bb (Mt 5, 23-24).<\/p>\n<p>Une vraie pri\u00e8re, depuis sa pr\u00e9paration, est un rem\u00e8de pour l\u2019homme. Car deux attitudes maladives dominent dans l\u2019homme\u00a0:<\/p>\n<p>1\u00b0 La premi\u00e8re, c\u2019est l\u2019injustice. C\u2019est le proph\u00e8te Amos qui en parle dans la premi\u00e8re lecture. Ceux qui sont forts, riches, puissants, bien plac\u00e9s ont tendance \u00e0 \u00e9craser\u00a0 ceux qui sont faibles, pauvres, fragiles, mal plac\u00e9s.<\/p>\n<p>Dieu n\u2019est pas content de cela. Il dit dans la premi\u00e8re lecture\u00a0: \u00ab\u00a0Non, jamais je n\u2019oublierai aucun de leurs m\u00e9faits\u00a0\u00bb.<\/p>\n<p>2\u00b0 La deuxi\u00e8me, c\u2019est la malhonn\u00eatet\u00e9. C\u2019est J\u00e9sus qui nous en parle dans l\u2019\u00e9vangile. En effet, les petits ne se laissent pas non plus faire. Quand ils en ont l\u2019occasion, ils se jouent bien des grands comme le g\u00e9rant qui s\u2019est fait des amis avec les biens vol\u00e9s chez son ma\u00eetre.<\/p>\n<p>J\u00e9sus n\u2019est pas content de cela. Il dit dans l\u2019\u00e9vangile\u00a0: \u00ab\u00a0Celui qui est\u00a0 malhonn\u00eate dans une petite affaire, est malhonn\u00eate aussi dans une grande\u00a0\u00bb.<\/p>\n<p>Prions Dieu de nous aider \u00e0 devenir des personnes justes et honn\u00eates pour qu\u2019un jour il nous trouve dignes de confiance pour recevoir le bien v\u00e9ritable qu\u2019est le salut.<\/p>\n<p><strong>P\u00e8re Jean Claude Cabwinwe Ciza<\/strong><\/p>\n<p><em>Fot. Patrick Fore\/Unsplash.com<\/em><\/p>\n<p>&nbsp;<\/p>\n<p>&nbsp;<\/p>\n<p>&nbsp;<\/p>\n<p>&nbsp;<\/p>\n","protected":false},"excerpt":{"rendered":"<p>XXV<sup>e\u00a0<\/sup>Dimanche du Temps Ordinaire<\/p>\n","protected":false},"author":5,"featured_media":1524,"comment_status":"open","ping_status":"open","sticky":false,"template":"","format":"standard","meta":{"_acf_changed":false,"_exactmetrics_skip_tracking":false,"_exactmetrics_sitenote_active":false,"_exactmetrics_sitenote_note":"","_exactmetrics_sitenote_category":0,"footnotes":""},"categories":[4,13,14],"tags":[156],"class_list":["post-1523","post","type-post","status-publish","format-standard","has-post-thumbnail","hentry","category-blog","category-strona-glowna-najnowsze","category-strona-glowna-slider","tag-saint-paul"],"acf":[],"yoast_head":"<!-- This site is optimized with the Yoast SEO plugin v26.2 - https:\/\/yoast.com\/wordpress\/plugins\/seo\/ -->\n<title>Qu\u2019est-ce qu\u2019une vraie pri\u00e8re ? - Centre de Documentation et d\u2019Etude du Pontificat de Jean-Paul II \u00e0 Rome<\/title>\n<meta name=\"robots\" content=\"index, follow, max-snippet:-1, max-image-preview:large, max-video-preview:-1\" \/>\n<link rel=\"canonical\" href=\"https:\/\/jp2doc.pl\/fr\/2019\/09\/21\/quest-ce-quune-vraie-priere\/\" \/>\n<meta property=\"og:locale\" content=\"fr_FR\" \/>\n<meta property=\"og:type\" content=\"article\" \/>\n<meta property=\"og:title\" content=\"Qu\u2019est-ce qu\u2019une vraie pri\u00e8re ? - Centre de Documentation et d\u2019Etude du Pontificat de Jean-Paul II \u00e0 Rome\" \/>\n<meta property=\"og:description\" content=\"XXVe\u00a0Dimanche du Temps Ordinaire\" \/>\n<meta property=\"og:url\" content=\"https:\/\/jp2doc.pl\/fr\/2019\/09\/21\/quest-ce-quune-vraie-priere\/\" \/>\n<meta property=\"og:site_name\" content=\"Centre de Documentation et d\u2019Etude du Pontificat de Jean-Paul II \u00e0 Rome\" \/>\n<meta property=\"article:published_time\" content=\"2019-09-21T21:54:06+00:00\" \/>\n<meta property=\"article:modified_time\" content=\"2019-09-21T21:54:45+00:00\" \/>\n<meta property=\"og:image\" content=\"https:\/\/jp2doc.pl\/fr\/wp-content\/uploads\/sites\/5\/2019\/09\/patrick-fore-b_SHPU5M3nk-unsplash.jpg\" \/>\n\t<meta property=\"og:image:width\" content=\"1532\" \/>\n\t<meta property=\"og:image:height\" content=\"1021\" \/>\n\t<meta property=\"og:image:type\" content=\"image\/jpeg\" \/>\n<meta name=\"author\" content=\"juliasercanka\" \/>\n<meta name=\"twitter:card\" content=\"summary_large_image\" \/>\n<meta name=\"twitter:label1\" content=\"\u00c9crit par\" \/>\n\t<meta name=\"twitter:data1\" content=\"juliasercanka\" \/>\n\t<meta name=\"twitter:label2\" content=\"Dur\u00e9e de lecture estim\u00e9e\" \/>\n\t<meta name=\"twitter:data2\" content=\"4 minutes\" \/>\n<script type=\"application\/ld+json\" class=\"yoast-schema-graph\">{\"@context\":\"https:\/\/schema.org\",\"@graph\":[{\"@type\":\"Article\",\"@id\":\"https:\/\/jp2doc.pl\/fr\/2019\/09\/21\/quest-ce-quune-vraie-priere\/#article\",\"isPartOf\":{\"@id\":\"https:\/\/jp2doc.pl\/fr\/2019\/09\/21\/quest-ce-quune-vraie-priere\/\"},\"author\":{\"name\":\"juliasercanka\",\"@id\":\"https:\/\/jp2doc.pl\/fr\/#\/schema\/person\/6110109e80abb51f6fac4824777eabfe\"},\"headline\":\"Qu\u2019est-ce qu\u2019une vraie pri\u00e8re ?\",\"datePublished\":\"2019-09-21T21:54:06+00:00\",\"dateModified\":\"2019-09-21T21:54:45+00:00\",\"mainEntityOfPage\":{\"@id\":\"https:\/\/jp2doc.pl\/fr\/2019\/09\/21\/quest-ce-quune-vraie-priere\/\"},\"wordCount\":813,\"commentCount\":0,\"publisher\":{\"@id\":\"https:\/\/jp2doc.pl\/fr\/#organization\"},\"image\":{\"@id\":\"https:\/\/jp2doc.pl\/fr\/2019\/09\/21\/quest-ce-quune-vraie-priere\/#primaryimage\"},\"thumbnailUrl\":\"https:\/\/jp2doc.pl\/fr\/wp-content\/uploads\/sites\/5\/2019\/09\/patrick-fore-b_SHPU5M3nk-unsplash.jpg\",\"keywords\":[\"Saint Paul\"],\"articleSection\":[\"Blog\",\"Strona g\u0142\u00f3wna - najnowsze\",\"Strona g\u0142\u00f3wna - slider\"],\"inLanguage\":\"fr-FR\",\"potentialAction\":[{\"@type\":\"CommentAction\",\"name\":\"Comment\",\"target\":[\"https:\/\/jp2doc.pl\/fr\/2019\/09\/21\/quest-ce-quune-vraie-priere\/#respond\"]}]},{\"@type\":\"WebPage\",\"@id\":\"https:\/\/jp2doc.pl\/fr\/2019\/09\/21\/quest-ce-quune-vraie-priere\/\",\"url\":\"https:\/\/jp2doc.pl\/fr\/2019\/09\/21\/quest-ce-quune-vraie-priere\/\",\"name\":\"Qu\u2019est-ce qu\u2019une vraie pri\u00e8re ? - Centre de Documentation et d\u2019Etude du Pontificat de Jean-Paul II \u00e0 Rome\",\"isPartOf\":{\"@id\":\"https:\/\/jp2doc.pl\/fr\/#website\"},\"primaryImageOfPage\":{\"@id\":\"https:\/\/jp2doc.pl\/fr\/2019\/09\/21\/quest-ce-quune-vraie-priere\/#primaryimage\"},\"image\":{\"@id\":\"https:\/\/jp2doc.pl\/fr\/2019\/09\/21\/quest-ce-quune-vraie-priere\/#primaryimage\"},\"thumbnailUrl\":\"https:\/\/jp2doc.pl\/fr\/wp-content\/uploads\/sites\/5\/2019\/09\/patrick-fore-b_SHPU5M3nk-unsplash.jpg\",\"datePublished\":\"2019-09-21T21:54:06+00:00\",\"dateModified\":\"2019-09-21T21:54:45+00:00\",\"breadcrumb\":{\"@id\":\"https:\/\/jp2doc.pl\/fr\/2019\/09\/21\/quest-ce-quune-vraie-priere\/#breadcrumb\"},\"inLanguage\":\"fr-FR\",\"potentialAction\":[{\"@type\":\"ReadAction\",\"target\":[\"https:\/\/jp2doc.pl\/fr\/2019\/09\/21\/quest-ce-quune-vraie-priere\/\"]}]},{\"@type\":\"ImageObject\",\"inLanguage\":\"fr-FR\",\"@id\":\"https:\/\/jp2doc.pl\/fr\/2019\/09\/21\/quest-ce-quune-vraie-priere\/#primaryimage\",\"url\":\"https:\/\/jp2doc.pl\/fr\/wp-content\/uploads\/sites\/5\/2019\/09\/patrick-fore-b_SHPU5M3nk-unsplash.jpg\",\"contentUrl\":\"https:\/\/jp2doc.pl\/fr\/wp-content\/uploads\/sites\/5\/2019\/09\/patrick-fore-b_SHPU5M3nk-unsplash.jpg\",\"width\":1532,\"height\":1021},{\"@type\":\"BreadcrumbList\",\"@id\":\"https:\/\/jp2doc.pl\/fr\/2019\/09\/21\/quest-ce-quune-vraie-priere\/#breadcrumb\",\"itemListElement\":[{\"@type\":\"ListItem\",\"position\":1,\"name\":\"Home\",\"item\":\"https:\/\/jp2doc.pl\/fr\/\"},{\"@type\":\"ListItem\",\"position\":2,\"name\":\"Qu\u2019est-ce qu\u2019une vraie pri\u00e8re ?\"}]},{\"@type\":\"WebSite\",\"@id\":\"https:\/\/jp2doc.pl\/fr\/#website\",\"url\":\"https:\/\/jp2doc.pl\/fr\/\",\"name\":\"Centre de Documentation et d\u2019Etude du Pontificat de Jean-Paul II \u00e0 Rome\",\"description\":\"\",\"publisher\":{\"@id\":\"https:\/\/jp2doc.pl\/fr\/#organization\"},\"potentialAction\":[{\"@type\":\"SearchAction\",\"target\":{\"@type\":\"EntryPoint\",\"urlTemplate\":\"https:\/\/jp2doc.pl\/fr\/?s={search_term_string}\"},\"query-input\":{\"@type\":\"PropertyValueSpecification\",\"valueRequired\":true,\"valueName\":\"search_term_string\"}}],\"inLanguage\":\"fr-FR\"},{\"@type\":\"Organization\",\"@id\":\"https:\/\/jp2doc.pl\/fr\/#organization\",\"name\":\"Centre de Documentation et d\u2019Etude du Pontificat de Jean-Paul II \u00e0 Rome\",\"url\":\"https:\/\/jp2doc.pl\/fr\/\",\"logo\":{\"@type\":\"ImageObject\",\"inLanguage\":\"fr-FR\",\"@id\":\"https:\/\/jp2doc.pl\/fr\/#\/schema\/logo\/image\/\",\"url\":\"https:\/\/jp2doc.pl\/fr\/wp-content\/uploads\/sites\/5\/2017\/03\/cropped-logo.png\",\"contentUrl\":\"https:\/\/jp2doc.pl\/fr\/wp-content\/uploads\/sites\/5\/2017\/03\/cropped-logo.png\",\"width\":115,\"height\":115,\"caption\":\"Centre de Documentation et d\u2019Etude du Pontificat de Jean-Paul II \u00e0 Rome\"},\"image\":{\"@id\":\"https:\/\/jp2doc.pl\/fr\/#\/schema\/logo\/image\/\"}},{\"@type\":\"Person\",\"@id\":\"https:\/\/jp2doc.pl\/fr\/#\/schema\/person\/6110109e80abb51f6fac4824777eabfe\",\"name\":\"juliasercanka\",\"image\":{\"@type\":\"ImageObject\",\"inLanguage\":\"fr-FR\",\"@id\":\"https:\/\/jp2doc.pl\/fr\/#\/schema\/person\/image\/\",\"url\":\"https:\/\/secure.gravatar.com\/avatar\/266a66e864556e22d55d61b6b10c97fab9060767b738564bcd109f3997e372bc?s=96&d=mm&r=g\",\"contentUrl\":\"https:\/\/secure.gravatar.com\/avatar\/266a66e864556e22d55d61b6b10c97fab9060767b738564bcd109f3997e372bc?s=96&d=mm&r=g\",\"caption\":\"juliasercanka\"},\"url\":\"https:\/\/jp2doc.pl\/fr\/author\/juliasercanka\/\"}]}<\/script>\n<!-- \/ Yoast SEO plugin. -->","yoast_head_json":{"title":"Qu\u2019est-ce qu\u2019une vraie pri\u00e8re ? - Centre de Documentation et d\u2019Etude du Pontificat de Jean-Paul II \u00e0 Rome","robots":{"index":"index","follow":"follow","max-snippet":"max-snippet:-1","max-image-preview":"max-image-preview:large","max-video-preview":"max-video-preview:-1"},"canonical":"https:\/\/jp2doc.pl\/fr\/2019\/09\/21\/quest-ce-quune-vraie-priere\/","og_locale":"fr_FR","og_type":"article","og_title":"Qu\u2019est-ce qu\u2019une vraie pri\u00e8re ? - Centre de Documentation et d\u2019Etude du Pontificat de Jean-Paul II \u00e0 Rome","og_description":"XXVe\u00a0Dimanche du Temps Ordinaire","og_url":"https:\/\/jp2doc.pl\/fr\/2019\/09\/21\/quest-ce-quune-vraie-priere\/","og_site_name":"Centre de Documentation et d\u2019Etude du Pontificat de Jean-Paul II \u00e0 Rome","article_published_time":"2019-09-21T21:54:06+00:00","article_modified_time":"2019-09-21T21:54:45+00:00","og_image":[{"width":1532,"height":1021,"url":"https:\/\/jp2doc.pl\/fr\/wp-content\/uploads\/sites\/5\/2019\/09\/patrick-fore-b_SHPU5M3nk-unsplash.jpg","type":"image\/jpeg"}],"author":"juliasercanka","twitter_card":"summary_large_image","twitter_misc":{"\u00c9crit par":"juliasercanka","Dur\u00e9e de lecture estim\u00e9e":"4 minutes"},"schema":{"@context":"https:\/\/schema.org","@graph":[{"@type":"Article","@id":"https:\/\/jp2doc.pl\/fr\/2019\/09\/21\/quest-ce-quune-vraie-priere\/#article","isPartOf":{"@id":"https:\/\/jp2doc.pl\/fr\/2019\/09\/21\/quest-ce-quune-vraie-priere\/"},"author":{"name":"juliasercanka","@id":"https:\/\/jp2doc.pl\/fr\/#\/schema\/person\/6110109e80abb51f6fac4824777eabfe"},"headline":"Qu\u2019est-ce qu\u2019une vraie pri\u00e8re ?","datePublished":"2019-09-21T21:54:06+00:00","dateModified":"2019-09-21T21:54:45+00:00","mainEntityOfPage":{"@id":"https:\/\/jp2doc.pl\/fr\/2019\/09\/21\/quest-ce-quune-vraie-priere\/"},"wordCount":813,"commentCount":0,"publisher":{"@id":"https:\/\/jp2doc.pl\/fr\/#organization"},"image":{"@id":"https:\/\/jp2doc.pl\/fr\/2019\/09\/21\/quest-ce-quune-vraie-priere\/#primaryimage"},"thumbnailUrl":"https:\/\/jp2doc.pl\/fr\/wp-content\/uploads\/sites\/5\/2019\/09\/patrick-fore-b_SHPU5M3nk-unsplash.jpg","keywords":["Saint Paul"],"articleSection":["Blog","Strona g\u0142\u00f3wna - najnowsze","Strona g\u0142\u00f3wna - slider"],"inLanguage":"fr-FR","potentialAction":[{"@type":"CommentAction","name":"Comment","target":["https:\/\/jp2doc.pl\/fr\/2019\/09\/21\/quest-ce-quune-vraie-priere\/#respond"]}]},{"@type":"WebPage","@id":"https:\/\/jp2doc.pl\/fr\/2019\/09\/21\/quest-ce-quune-vraie-priere\/","url":"https:\/\/jp2doc.pl\/fr\/2019\/09\/21\/quest-ce-quune-vraie-priere\/","name":"Qu\u2019est-ce qu\u2019une vraie pri\u00e8re ? - Centre de Documentation et d\u2019Etude du Pontificat de Jean-Paul II \u00e0 Rome","isPartOf":{"@id":"https:\/\/jp2doc.pl\/fr\/#website"},"primaryImageOfPage":{"@id":"https:\/\/jp2doc.pl\/fr\/2019\/09\/21\/quest-ce-quune-vraie-priere\/#primaryimage"},"image":{"@id":"https:\/\/jp2doc.pl\/fr\/2019\/09\/21\/quest-ce-quune-vraie-priere\/#primaryimage"},"thumbnailUrl":"https:\/\/jp2doc.pl\/fr\/wp-content\/uploads\/sites\/5\/2019\/09\/patrick-fore-b_SHPU5M3nk-unsplash.jpg","datePublished":"2019-09-21T21:54:06+00:00","dateModified":"2019-09-21T21:54:45+00:00","breadcrumb":{"@id":"https:\/\/jp2doc.pl\/fr\/2019\/09\/21\/quest-ce-quune-vraie-priere\/#breadcrumb"},"inLanguage":"fr-FR","potentialAction":[{"@type":"ReadAction","target":["https:\/\/jp2doc.pl\/fr\/2019\/09\/21\/quest-ce-quune-vraie-priere\/"]}]},{"@type":"ImageObject","inLanguage":"fr-FR","@id":"https:\/\/jp2doc.pl\/fr\/2019\/09\/21\/quest-ce-quune-vraie-priere\/#primaryimage","url":"https:\/\/jp2doc.pl\/fr\/wp-content\/uploads\/sites\/5\/2019\/09\/patrick-fore-b_SHPU5M3nk-unsplash.jpg","contentUrl":"https:\/\/jp2doc.pl\/fr\/wp-content\/uploads\/sites\/5\/2019\/09\/patrick-fore-b_SHPU5M3nk-unsplash.jpg","width":1532,"height":1021},{"@type":"BreadcrumbList","@id":"https:\/\/jp2doc.pl\/fr\/2019\/09\/21\/quest-ce-quune-vraie-priere\/#breadcrumb","itemListElement":[{"@type":"ListItem","position":1,"name":"Home","item":"https:\/\/jp2doc.pl\/fr\/"},{"@type":"ListItem","position":2,"name":"Qu\u2019est-ce qu\u2019une vraie pri\u00e8re ?"}]},{"@type":"WebSite","@id":"https:\/\/jp2doc.pl\/fr\/#website","url":"https:\/\/jp2doc.pl\/fr\/","name":"Centre de Documentation et d\u2019Etude du Pontificat de Jean-Paul II \u00e0 Rome","description":"","publisher":{"@id":"https:\/\/jp2doc.pl\/fr\/#organization"},"potentialAction":[{"@type":"SearchAction","target":{"@type":"EntryPoint","urlTemplate":"https:\/\/jp2doc.pl\/fr\/?s={search_term_string}"},"query-input":{"@type":"PropertyValueSpecification","valueRequired":true,"valueName":"search_term_string"}}],"inLanguage":"fr-FR"},{"@type":"Organization","@id":"https:\/\/jp2doc.pl\/fr\/#organization","name":"Centre de Documentation et d\u2019Etude du Pontificat de Jean-Paul II \u00e0 Rome","url":"https:\/\/jp2doc.pl\/fr\/","logo":{"@type":"ImageObject","inLanguage":"fr-FR","@id":"https:\/\/jp2doc.pl\/fr\/#\/schema\/logo\/image\/","url":"https:\/\/jp2doc.pl\/fr\/wp-content\/uploads\/sites\/5\/2017\/03\/cropped-logo.png","contentUrl":"https:\/\/jp2doc.pl\/fr\/wp-content\/uploads\/sites\/5\/2017\/03\/cropped-logo.png","width":115,"height":115,"caption":"Centre de Documentation et d\u2019Etude du Pontificat de Jean-Paul II \u00e0 Rome"},"image":{"@id":"https:\/\/jp2doc.pl\/fr\/#\/schema\/logo\/image\/"}},{"@type":"Person","@id":"https:\/\/jp2doc.pl\/fr\/#\/schema\/person\/6110109e80abb51f6fac4824777eabfe","name":"juliasercanka","image":{"@type":"ImageObject","inLanguage":"fr-FR","@id":"https:\/\/jp2doc.pl\/fr\/#\/schema\/person\/image\/","url":"https:\/\/secure.gravatar.com\/avatar\/266a66e864556e22d55d61b6b10c97fab9060767b738564bcd109f3997e372bc?s=96&d=mm&r=g","contentUrl":"https:\/\/secure.gravatar.com\/avatar\/266a66e864556e22d55d61b6b10c97fab9060767b738564bcd109f3997e372bc?s=96&d=mm&r=g","caption":"juliasercanka"},"url":"https:\/\/jp2doc.pl\/fr\/author\/juliasercanka\/"}]}},"_links":{"self":[{"href":"https:\/\/jp2doc.pl\/fr\/wp-json\/wp\/v2\/posts\/1523","targetHints":{"allow":["GET"]}}],"collection":[{"href":"https:\/\/jp2doc.pl\/fr\/wp-json\/wp\/v2\/posts"}],"about":[{"href":"https:\/\/jp2doc.pl\/fr\/wp-json\/wp\/v2\/types\/post"}],"author":[{"embeddable":true,"href":"https:\/\/jp2doc.pl\/fr\/wp-json\/wp\/v2\/users\/5"}],"replies":[{"embeddable":true,"href":"https:\/\/jp2doc.pl\/fr\/wp-json\/wp\/v2\/comments?post=1523"}],"version-history":[{"count":3,"href":"https:\/\/jp2doc.pl\/fr\/wp-json\/wp\/v2\/posts\/1523\/revisions"}],"predecessor-version":[{"id":1527,"href":"https:\/\/jp2doc.pl\/fr\/wp-json\/wp\/v2\/posts\/1523\/revisions\/1527"}],"wp:featuredmedia":[{"embeddable":true,"href":"https:\/\/jp2doc.pl\/fr\/wp-json\/wp\/v2\/media\/1524"}],"wp:attachment":[{"href":"https:\/\/jp2doc.pl\/fr\/wp-json\/wp\/v2\/media?parent=1523"}],"wp:term":[{"taxonomy":"category","embeddable":true,"href":"https:\/\/jp2doc.pl\/fr\/wp-json\/wp\/v2\/categories?post=1523"},{"taxonomy":"post_tag","embeddable":true,"href":"https:\/\/jp2doc.pl\/fr\/wp-json\/wp\/v2\/tags?post=1523"}],"curies":[{"name":"wp","href":"https:\/\/api.w.org\/{rel}","templated":true}]}}