{"id":1535,"date":"2019-10-20T12:25:03","date_gmt":"2019-10-20T10:25:03","guid":{"rendered":"https:\/\/jp2doc.pl\/fr\/?p=1535"},"modified":"2019-10-27T11:19:10","modified_gmt":"2019-10-27T10:19:10","slug":"notre-force-contre-le-mal-nous-vient-dou","status":"publish","type":"post","link":"https:\/\/jp2doc.pl\/fr\/2019\/10\/20\/notre-force-contre-le-mal-nous-vient-dou\/","title":{"rendered":"Notre force contre le mal, nous vient d\u2019o\u00f9\u00a0?"},"content":{"rendered":"<p>Ex 17\u00a0,8-13\u00a0; 2Tm3, 14-4\u00a0,2 Lc 18, 1-8.<\/p>\n<p>Dans les textes de ce dimanche, nous pouvons m\u00e9diter le th\u00e8me de la pri\u00e8re avec foi et esp\u00e9rance. La parabole de cet \u00e9vangile nous enseigne qu\u2019il est n\u00e9cessaire de prier et que Dieu exauce la pri\u00e8re de ses fils mais \u00e0 une double.<\/p>\n<p>La premi\u00e8re consiste \u00e0 prier avec foi\u00a0: \u00ab\u00a0le fils de l\u2019homme, quand il viendra, trouvera-t-il la foi sur terre\u00a0?\u00a0\u00bb. La fois est la base de toute relation avec Dieu\u00a0; et d\u2019abord de la pri\u00e8re. Si la pri\u00e8re vise \u00e0 consolider une relation personnelle avec Dieu, alors nous pouvons nous demander\u00a0; comment prier un Dieu en qui l\u2019on ne croit pas\u00a0?<\/p>\n<p>Celui qui ne croit pas dans la bont\u00e9 divine, dans sa toute-puissance de sauver ne peut lui adresser une pri\u00e8re authentique et sinc\u00e8re. Car toute vraie pri\u00e8re est l\u2019expression de la foi, d\u2019une foi ferme, forte et confiante. C\u2019est justement ce que nous avons observ\u00e9 et entendu dans la premi\u00e8re lecture.<\/p>\n<p>Moise a pri\u00e9 avec foi soutenue par la confiance qu\u2019il avait en son Dieu puissant, seul capable de lui procurer la victoire contre ce peuple ennemi, et il a obtenu cette victoire. C\u2019est Dieu qui vainc le mal par la puissance de sa gr\u00e2ce. D\u2019o\u00f9 la n\u00e9cessaire intervention de Dieu, ici dans le combat contre le mal, partout ailleurs dans nos efforts personnels et solidaires de combattre le mal en chacun de nous et entre nous. Notre force contre le mal, nous vient d\u2019o\u00f9\u00a0?<\/p>\n<ul>\n<li>D\u2019abord dans la fid\u00e9lit\u00e9 \u00e0 Dieu\u00a0; quand on demeure dans la strat\u00e9gie de Dieu. Nous devenons tr\u00e8s faibles quand nous on laisse tomber les bras, la main, quand on se d\u00e9connecte de Dieu.<\/li>\n<li>Plus, quand nous prions avec instance et pers\u00e9v\u00e9rance. Moise et cette pauvre veuve de l\u2019\u00e9vangile en sont des exemples pour notre vie chr\u00e9tienne.<\/li>\n<li>Quand nous prenons la pri\u00e8re comme une m\u00e9ditation de la parole de Dieu, pour former la conscience au discernement du bien et du mal, se convertir et accepter une vie de perfection.<\/li>\n<\/ul>\n<p>La deuxi\u00e8me lecture nous invite \u00e0 int\u00e9rioriser la pri\u00e8re qui nous permet de retirer des textes sacr\u00e9s des sources de gr\u00e2ce et des orientations qui enrichissent et murissent la vie spirituelle. C\u2019est dans ce sens que saint Paul, nous invite tous \u00e0 enseigner, \u00e0 d\u00e9noncer le mal, redresser et \u00e9duquer dans la justice. Cette utilit\u00e9 de l\u2019Ecriture n\u2019a meilleur champ d\u2019application que la pri\u00e8re qui permet de retirer des\u00a0textes sacr\u00e9s des sources de gr\u00e2ce et des orientations qui enrichissent et murissent la vie spirituelle.<\/p>\n<p>Enfin, la parole de Dieu de ce dimanche, nous invite \u00e0 prier avec pers\u00e9v\u00e9rance\u00a0: \u00ab\u00a0 Dieu ne fera-t-il pas justice \u00e0 ses \u00e9lus, qui crient vers lui jour et nuit\u00a0?\u00a0\u00bb disons enfin que\u00a0:<\/p>\n<ul>\n<li>Dieu aime volontiers les pri\u00e8res de ses fid\u00e8les, non pas \u00e0 la sauvette et distraites, mais longues, pers\u00e9v\u00e9rantes et insistantes, les pri\u00e8res de \u00ab\u00a0jour et de nuit\u00a0\u00bb, celles qui renforcent et nourrissent notre soif d\u2019amour de Dieu.<\/li>\n<li>Dieu laisse \u00e0 son bien \u2013aim\u00e9, le temps de l\u2019aimer, de durer pr\u00e8s de lui. Il sait bien et mieux que nous ce qu\u2019il nous faut et quand il nous le faut\u00a0;<\/li>\n<li>Il n\u2019est pas automate \u00e0 nos ordres mais\u00a0; Il est le Dieu et sauveur qui assure de nous donner ce qui est le meilleur, de bonnes choses\u00a0; le Saint Esprit. C\u2019est dans l\u2019Esprit de son Fils que nous serons infailliblement exauc\u00e9s.<\/li>\n<\/ul>\n<p>Jean Claude Cabwinwe Ciza<\/p>\n","protected":false},"excerpt":{"rendered":"<p>XXIX Dimanche Du Temps Ordinaire<\/p>\n","protected":false},"author":6,"featured_media":1536,"comment_status":"open","ping_status":"open","sticky":false,"template":"","format":"standard","meta":{"_acf_changed":false,"_exactmetrics_skip_tracking":false,"_exactmetrics_sitenote_active":false,"_exactmetrics_sitenote_note":"","_exactmetrics_sitenote_category":0,"footnotes":""},"categories":[4,7,13,14],"tags":[117,88],"class_list":["post-1535","post","type-post","status-publish","format-standard","has-post-thumbnail","hentry","category-blog","category-nowosci-wydawnicze","category-strona-glowna-najnowsze","category-strona-glowna-slider","tag-levangile","tag-priere"],"acf":[],"yoast_head":"<!-- This site is optimized with the Yoast SEO plugin v26.2 - https:\/\/yoast.com\/wordpress\/plugins\/seo\/ -->\n<title>Notre force contre le mal, nous vient d\u2019o\u00f9\u00a0? - Centre de Documentation et d\u2019Etude du Pontificat de Jean-Paul II \u00e0 Rome<\/title>\n<meta name=\"description\" content=\"Comment prier un Dieu en qui l\u2019on ne croit pas\u00a0? Toute vraie pri\u00e8re est l\u2019expression de la foi, d\u2019une foi ferme, forte et confiante. C\u2019est dans l\u2019Esprit que nous serons exauc\u00e9s.\" \/>\n<meta name=\"robots\" content=\"index, follow, max-snippet:-1, max-image-preview:large, max-video-preview:-1\" \/>\n<link rel=\"canonical\" href=\"https:\/\/jp2doc.pl\/fr\/2019\/10\/20\/notre-force-contre-le-mal-nous-vient-dou\/\" \/>\n<meta property=\"og:locale\" content=\"fr_FR\" \/>\n<meta property=\"og:type\" content=\"article\" \/>\n<meta property=\"og:title\" content=\"Notre force contre le mal, nous vient d\u2019o\u00f9\u00a0? - Centre de Documentation et d\u2019Etude du Pontificat de Jean-Paul II \u00e0 Rome\" \/>\n<meta property=\"og:description\" content=\"Comment prier un Dieu en qui l\u2019on ne croit pas\u00a0? Toute vraie pri\u00e8re est l\u2019expression de la foi, d\u2019une foi ferme, forte et confiante. C\u2019est dans l\u2019Esprit que nous serons exauc\u00e9s.\" \/>\n<meta property=\"og:url\" content=\"https:\/\/jp2doc.pl\/fr\/2019\/10\/20\/notre-force-contre-le-mal-nous-vient-dou\/\" \/>\n<meta property=\"og:site_name\" content=\"Centre de Documentation et d\u2019Etude du Pontificat de Jean-Paul II \u00e0 Rome\" \/>\n<meta property=\"article:published_time\" content=\"2019-10-20T10:25:03+00:00\" \/>\n<meta property=\"article:modified_time\" content=\"2019-10-27T10:19:10+00:00\" \/>\n<meta property=\"og:image\" content=\"https:\/\/jp2doc.pl\/fr\/wp-content\/uploads\/sites\/5\/2019\/10\/catholic-ceremony-cross-2842762.jpg\" \/>\n\t<meta property=\"og:image:width\" content=\"1280\" \/>\n\t<meta property=\"og:image:height\" content=\"1919\" \/>\n\t<meta property=\"og:image:type\" content=\"image\/jpeg\" \/>\n<meta name=\"author\" content=\"adobrzynski\" \/>\n<meta name=\"twitter:card\" content=\"summary_large_image\" \/>\n<meta name=\"twitter:label1\" content=\"\u00c9crit par\" \/>\n\t<meta name=\"twitter:data1\" content=\"adobrzynski\" \/>\n\t<meta name=\"twitter:label2\" content=\"Dur\u00e9e de lecture estim\u00e9e\" \/>\n\t<meta name=\"twitter:data2\" content=\"3 minutes\" \/>\n<script type=\"application\/ld+json\" class=\"yoast-schema-graph\">{\"@context\":\"https:\/\/schema.org\",\"@graph\":[{\"@type\":\"Article\",\"@id\":\"https:\/\/jp2doc.pl\/fr\/2019\/10\/20\/notre-force-contre-le-mal-nous-vient-dou\/#article\",\"isPartOf\":{\"@id\":\"https:\/\/jp2doc.pl\/fr\/2019\/10\/20\/notre-force-contre-le-mal-nous-vient-dou\/\"},\"author\":{\"name\":\"adobrzynski\",\"@id\":\"https:\/\/jp2doc.pl\/fr\/#\/schema\/person\/f1a6804b6b9f176835bf67cba35c4212\"},\"headline\":\"Notre force contre le mal, nous vient d\u2019o\u00f9\u00a0?\",\"datePublished\":\"2019-10-20T10:25:03+00:00\",\"dateModified\":\"2019-10-27T10:19:10+00:00\",\"mainEntityOfPage\":{\"@id\":\"https:\/\/jp2doc.pl\/fr\/2019\/10\/20\/notre-force-contre-le-mal-nous-vient-dou\/\"},\"wordCount\":625,\"commentCount\":0,\"publisher\":{\"@id\":\"https:\/\/jp2doc.pl\/fr\/#organization\"},\"image\":{\"@id\":\"https:\/\/jp2doc.pl\/fr\/2019\/10\/20\/notre-force-contre-le-mal-nous-vient-dou\/#primaryimage\"},\"thumbnailUrl\":\"https:\/\/jp2doc.pl\/fr\/wp-content\/uploads\/sites\/5\/2019\/10\/catholic-ceremony-cross-2842762.jpg\",\"keywords\":[\"l\u2019\u00e9vangile\",\"pri\u00e8re\"],\"articleSection\":[\"Blog\",\"Nouveaut\u00e9s\",\"Strona g\u0142\u00f3wna - najnowsze\",\"Strona g\u0142\u00f3wna - slider\"],\"inLanguage\":\"fr-FR\",\"potentialAction\":[{\"@type\":\"CommentAction\",\"name\":\"Comment\",\"target\":[\"https:\/\/jp2doc.pl\/fr\/2019\/10\/20\/notre-force-contre-le-mal-nous-vient-dou\/#respond\"]}]},{\"@type\":\"WebPage\",\"@id\":\"https:\/\/jp2doc.pl\/fr\/2019\/10\/20\/notre-force-contre-le-mal-nous-vient-dou\/\",\"url\":\"https:\/\/jp2doc.pl\/fr\/2019\/10\/20\/notre-force-contre-le-mal-nous-vient-dou\/\",\"name\":\"Notre force contre le mal, nous vient d\u2019o\u00f9\u00a0? - Centre de Documentation et d\u2019Etude du Pontificat de Jean-Paul II \u00e0 Rome\",\"isPartOf\":{\"@id\":\"https:\/\/jp2doc.pl\/fr\/#website\"},\"primaryImageOfPage\":{\"@id\":\"https:\/\/jp2doc.pl\/fr\/2019\/10\/20\/notre-force-contre-le-mal-nous-vient-dou\/#primaryimage\"},\"image\":{\"@id\":\"https:\/\/jp2doc.pl\/fr\/2019\/10\/20\/notre-force-contre-le-mal-nous-vient-dou\/#primaryimage\"},\"thumbnailUrl\":\"https:\/\/jp2doc.pl\/fr\/wp-content\/uploads\/sites\/5\/2019\/10\/catholic-ceremony-cross-2842762.jpg\",\"datePublished\":\"2019-10-20T10:25:03+00:00\",\"dateModified\":\"2019-10-27T10:19:10+00:00\",\"description\":\"Comment prier un Dieu en qui l\u2019on ne croit pas\u00a0? Toute vraie pri\u00e8re est l\u2019expression de la foi, d\u2019une foi ferme, forte et confiante. C\u2019est dans l\u2019Esprit que nous serons exauc\u00e9s.\",\"breadcrumb\":{\"@id\":\"https:\/\/jp2doc.pl\/fr\/2019\/10\/20\/notre-force-contre-le-mal-nous-vient-dou\/#breadcrumb\"},\"inLanguage\":\"fr-FR\",\"potentialAction\":[{\"@type\":\"ReadAction\",\"target\":[\"https:\/\/jp2doc.pl\/fr\/2019\/10\/20\/notre-force-contre-le-mal-nous-vient-dou\/\"]}]},{\"@type\":\"ImageObject\",\"inLanguage\":\"fr-FR\",\"@id\":\"https:\/\/jp2doc.pl\/fr\/2019\/10\/20\/notre-force-contre-le-mal-nous-vient-dou\/#primaryimage\",\"url\":\"https:\/\/jp2doc.pl\/fr\/wp-content\/uploads\/sites\/5\/2019\/10\/catholic-ceremony-cross-2842762.jpg\",\"contentUrl\":\"https:\/\/jp2doc.pl\/fr\/wp-content\/uploads\/sites\/5\/2019\/10\/catholic-ceremony-cross-2842762.jpg\",\"width\":1280,\"height\":1919},{\"@type\":\"BreadcrumbList\",\"@id\":\"https:\/\/jp2doc.pl\/fr\/2019\/10\/20\/notre-force-contre-le-mal-nous-vient-dou\/#breadcrumb\",\"itemListElement\":[{\"@type\":\"ListItem\",\"position\":1,\"name\":\"Home\",\"item\":\"https:\/\/jp2doc.pl\/fr\/\"},{\"@type\":\"ListItem\",\"position\":2,\"name\":\"Notre force contre le mal, nous vient d\u2019o\u00f9\u00a0?\"}]},{\"@type\":\"WebSite\",\"@id\":\"https:\/\/jp2doc.pl\/fr\/#website\",\"url\":\"https:\/\/jp2doc.pl\/fr\/\",\"name\":\"Centre de Documentation et d\u2019Etude du Pontificat de Jean-Paul II \u00e0 Rome\",\"description\":\"\",\"publisher\":{\"@id\":\"https:\/\/jp2doc.pl\/fr\/#organization\"},\"potentialAction\":[{\"@type\":\"SearchAction\",\"target\":{\"@type\":\"EntryPoint\",\"urlTemplate\":\"https:\/\/jp2doc.pl\/fr\/?s={search_term_string}\"},\"query-input\":{\"@type\":\"PropertyValueSpecification\",\"valueRequired\":true,\"valueName\":\"search_term_string\"}}],\"inLanguage\":\"fr-FR\"},{\"@type\":\"Organization\",\"@id\":\"https:\/\/jp2doc.pl\/fr\/#organization\",\"name\":\"Centre de Documentation et d\u2019Etude du Pontificat de Jean-Paul II \u00e0 Rome\",\"url\":\"https:\/\/jp2doc.pl\/fr\/\",\"logo\":{\"@type\":\"ImageObject\",\"inLanguage\":\"fr-FR\",\"@id\":\"https:\/\/jp2doc.pl\/fr\/#\/schema\/logo\/image\/\",\"url\":\"https:\/\/jp2doc.pl\/fr\/wp-content\/uploads\/sites\/5\/2017\/03\/cropped-logo.png\",\"contentUrl\":\"https:\/\/jp2doc.pl\/fr\/wp-content\/uploads\/sites\/5\/2017\/03\/cropped-logo.png\",\"width\":115,\"height\":115,\"caption\":\"Centre de Documentation et d\u2019Etude du Pontificat de Jean-Paul II \u00e0 Rome\"},\"image\":{\"@id\":\"https:\/\/jp2doc.pl\/fr\/#\/schema\/logo\/image\/\"}},{\"@type\":\"Person\",\"@id\":\"https:\/\/jp2doc.pl\/fr\/#\/schema\/person\/f1a6804b6b9f176835bf67cba35c4212\",\"name\":\"adobrzynski\",\"image\":{\"@type\":\"ImageObject\",\"inLanguage\":\"fr-FR\",\"@id\":\"https:\/\/jp2doc.pl\/fr\/#\/schema\/person\/image\/\",\"url\":\"https:\/\/secure.gravatar.com\/avatar\/6e7eb2a67f64535320a8aa3d72bc5f83c9e81f3ad1797c6abee2e7c78ed2252a?s=96&d=mm&r=g\",\"contentUrl\":\"https:\/\/secure.gravatar.com\/avatar\/6e7eb2a67f64535320a8aa3d72bc5f83c9e81f3ad1797c6abee2e7c78ed2252a?s=96&d=mm&r=g\",\"caption\":\"adobrzynski\"},\"url\":\"https:\/\/jp2doc.pl\/fr\/author\/adobrzynski\/\"}]}<\/script>\n<!-- \/ Yoast SEO plugin. -->","yoast_head_json":{"title":"Notre force contre le mal, nous vient d\u2019o\u00f9\u00a0? - Centre de Documentation et d\u2019Etude du Pontificat de Jean-Paul II \u00e0 Rome","description":"Comment prier un Dieu en qui l\u2019on ne croit pas\u00a0? Toute vraie pri\u00e8re est l\u2019expression de la foi, d\u2019une foi ferme, forte et confiante. C\u2019est dans l\u2019Esprit que nous serons exauc\u00e9s.","robots":{"index":"index","follow":"follow","max-snippet":"max-snippet:-1","max-image-preview":"max-image-preview:large","max-video-preview":"max-video-preview:-1"},"canonical":"https:\/\/jp2doc.pl\/fr\/2019\/10\/20\/notre-force-contre-le-mal-nous-vient-dou\/","og_locale":"fr_FR","og_type":"article","og_title":"Notre force contre le mal, nous vient d\u2019o\u00f9\u00a0? - Centre de Documentation et d\u2019Etude du Pontificat de Jean-Paul II \u00e0 Rome","og_description":"Comment prier un Dieu en qui l\u2019on ne croit pas\u00a0? Toute vraie pri\u00e8re est l\u2019expression de la foi, d\u2019une foi ferme, forte et confiante. C\u2019est dans l\u2019Esprit que nous serons exauc\u00e9s.","og_url":"https:\/\/jp2doc.pl\/fr\/2019\/10\/20\/notre-force-contre-le-mal-nous-vient-dou\/","og_site_name":"Centre de Documentation et d\u2019Etude du Pontificat de Jean-Paul II \u00e0 Rome","article_published_time":"2019-10-20T10:25:03+00:00","article_modified_time":"2019-10-27T10:19:10+00:00","og_image":[{"width":1280,"height":1919,"url":"https:\/\/jp2doc.pl\/fr\/wp-content\/uploads\/sites\/5\/2019\/10\/catholic-ceremony-cross-2842762.jpg","type":"image\/jpeg"}],"author":"adobrzynski","twitter_card":"summary_large_image","twitter_misc":{"\u00c9crit par":"adobrzynski","Dur\u00e9e de lecture estim\u00e9e":"3 minutes"},"schema":{"@context":"https:\/\/schema.org","@graph":[{"@type":"Article","@id":"https:\/\/jp2doc.pl\/fr\/2019\/10\/20\/notre-force-contre-le-mal-nous-vient-dou\/#article","isPartOf":{"@id":"https:\/\/jp2doc.pl\/fr\/2019\/10\/20\/notre-force-contre-le-mal-nous-vient-dou\/"},"author":{"name":"adobrzynski","@id":"https:\/\/jp2doc.pl\/fr\/#\/schema\/person\/f1a6804b6b9f176835bf67cba35c4212"},"headline":"Notre force contre le mal, nous vient d\u2019o\u00f9\u00a0?","datePublished":"2019-10-20T10:25:03+00:00","dateModified":"2019-10-27T10:19:10+00:00","mainEntityOfPage":{"@id":"https:\/\/jp2doc.pl\/fr\/2019\/10\/20\/notre-force-contre-le-mal-nous-vient-dou\/"},"wordCount":625,"commentCount":0,"publisher":{"@id":"https:\/\/jp2doc.pl\/fr\/#organization"},"image":{"@id":"https:\/\/jp2doc.pl\/fr\/2019\/10\/20\/notre-force-contre-le-mal-nous-vient-dou\/#primaryimage"},"thumbnailUrl":"https:\/\/jp2doc.pl\/fr\/wp-content\/uploads\/sites\/5\/2019\/10\/catholic-ceremony-cross-2842762.jpg","keywords":["l\u2019\u00e9vangile","pri\u00e8re"],"articleSection":["Blog","Nouveaut\u00e9s","Strona g\u0142\u00f3wna - najnowsze","Strona g\u0142\u00f3wna - slider"],"inLanguage":"fr-FR","potentialAction":[{"@type":"CommentAction","name":"Comment","target":["https:\/\/jp2doc.pl\/fr\/2019\/10\/20\/notre-force-contre-le-mal-nous-vient-dou\/#respond"]}]},{"@type":"WebPage","@id":"https:\/\/jp2doc.pl\/fr\/2019\/10\/20\/notre-force-contre-le-mal-nous-vient-dou\/","url":"https:\/\/jp2doc.pl\/fr\/2019\/10\/20\/notre-force-contre-le-mal-nous-vient-dou\/","name":"Notre force contre le mal, nous vient d\u2019o\u00f9\u00a0? - Centre de Documentation et d\u2019Etude du Pontificat de Jean-Paul II \u00e0 Rome","isPartOf":{"@id":"https:\/\/jp2doc.pl\/fr\/#website"},"primaryImageOfPage":{"@id":"https:\/\/jp2doc.pl\/fr\/2019\/10\/20\/notre-force-contre-le-mal-nous-vient-dou\/#primaryimage"},"image":{"@id":"https:\/\/jp2doc.pl\/fr\/2019\/10\/20\/notre-force-contre-le-mal-nous-vient-dou\/#primaryimage"},"thumbnailUrl":"https:\/\/jp2doc.pl\/fr\/wp-content\/uploads\/sites\/5\/2019\/10\/catholic-ceremony-cross-2842762.jpg","datePublished":"2019-10-20T10:25:03+00:00","dateModified":"2019-10-27T10:19:10+00:00","description":"Comment prier un Dieu en qui l\u2019on ne croit pas\u00a0? Toute vraie pri\u00e8re est l\u2019expression de la foi, d\u2019une foi ferme, forte et confiante. C\u2019est dans l\u2019Esprit que nous serons exauc\u00e9s.","breadcrumb":{"@id":"https:\/\/jp2doc.pl\/fr\/2019\/10\/20\/notre-force-contre-le-mal-nous-vient-dou\/#breadcrumb"},"inLanguage":"fr-FR","potentialAction":[{"@type":"ReadAction","target":["https:\/\/jp2doc.pl\/fr\/2019\/10\/20\/notre-force-contre-le-mal-nous-vient-dou\/"]}]},{"@type":"ImageObject","inLanguage":"fr-FR","@id":"https:\/\/jp2doc.pl\/fr\/2019\/10\/20\/notre-force-contre-le-mal-nous-vient-dou\/#primaryimage","url":"https:\/\/jp2doc.pl\/fr\/wp-content\/uploads\/sites\/5\/2019\/10\/catholic-ceremony-cross-2842762.jpg","contentUrl":"https:\/\/jp2doc.pl\/fr\/wp-content\/uploads\/sites\/5\/2019\/10\/catholic-ceremony-cross-2842762.jpg","width":1280,"height":1919},{"@type":"BreadcrumbList","@id":"https:\/\/jp2doc.pl\/fr\/2019\/10\/20\/notre-force-contre-le-mal-nous-vient-dou\/#breadcrumb","itemListElement":[{"@type":"ListItem","position":1,"name":"Home","item":"https:\/\/jp2doc.pl\/fr\/"},{"@type":"ListItem","position":2,"name":"Notre force contre le mal, nous vient d\u2019o\u00f9\u00a0?"}]},{"@type":"WebSite","@id":"https:\/\/jp2doc.pl\/fr\/#website","url":"https:\/\/jp2doc.pl\/fr\/","name":"Centre de Documentation et d\u2019Etude du Pontificat de Jean-Paul II \u00e0 Rome","description":"","publisher":{"@id":"https:\/\/jp2doc.pl\/fr\/#organization"},"potentialAction":[{"@type":"SearchAction","target":{"@type":"EntryPoint","urlTemplate":"https:\/\/jp2doc.pl\/fr\/?s={search_term_string}"},"query-input":{"@type":"PropertyValueSpecification","valueRequired":true,"valueName":"search_term_string"}}],"inLanguage":"fr-FR"},{"@type":"Organization","@id":"https:\/\/jp2doc.pl\/fr\/#organization","name":"Centre de Documentation et d\u2019Etude du Pontificat de Jean-Paul II \u00e0 Rome","url":"https:\/\/jp2doc.pl\/fr\/","logo":{"@type":"ImageObject","inLanguage":"fr-FR","@id":"https:\/\/jp2doc.pl\/fr\/#\/schema\/logo\/image\/","url":"https:\/\/jp2doc.pl\/fr\/wp-content\/uploads\/sites\/5\/2017\/03\/cropped-logo.png","contentUrl":"https:\/\/jp2doc.pl\/fr\/wp-content\/uploads\/sites\/5\/2017\/03\/cropped-logo.png","width":115,"height":115,"caption":"Centre de Documentation et d\u2019Etude du Pontificat de Jean-Paul II \u00e0 Rome"},"image":{"@id":"https:\/\/jp2doc.pl\/fr\/#\/schema\/logo\/image\/"}},{"@type":"Person","@id":"https:\/\/jp2doc.pl\/fr\/#\/schema\/person\/f1a6804b6b9f176835bf67cba35c4212","name":"adobrzynski","image":{"@type":"ImageObject","inLanguage":"fr-FR","@id":"https:\/\/jp2doc.pl\/fr\/#\/schema\/person\/image\/","url":"https:\/\/secure.gravatar.com\/avatar\/6e7eb2a67f64535320a8aa3d72bc5f83c9e81f3ad1797c6abee2e7c78ed2252a?s=96&d=mm&r=g","contentUrl":"https:\/\/secure.gravatar.com\/avatar\/6e7eb2a67f64535320a8aa3d72bc5f83c9e81f3ad1797c6abee2e7c78ed2252a?s=96&d=mm&r=g","caption":"adobrzynski"},"url":"https:\/\/jp2doc.pl\/fr\/author\/adobrzynski\/"}]}},"_links":{"self":[{"href":"https:\/\/jp2doc.pl\/fr\/wp-json\/wp\/v2\/posts\/1535","targetHints":{"allow":["GET"]}}],"collection":[{"href":"https:\/\/jp2doc.pl\/fr\/wp-json\/wp\/v2\/posts"}],"about":[{"href":"https:\/\/jp2doc.pl\/fr\/wp-json\/wp\/v2\/types\/post"}],"author":[{"embeddable":true,"href":"https:\/\/jp2doc.pl\/fr\/wp-json\/wp\/v2\/users\/6"}],"replies":[{"embeddable":true,"href":"https:\/\/jp2doc.pl\/fr\/wp-json\/wp\/v2\/comments?post=1535"}],"version-history":[{"count":2,"href":"https:\/\/jp2doc.pl\/fr\/wp-json\/wp\/v2\/posts\/1535\/revisions"}],"predecessor-version":[{"id":1543,"href":"https:\/\/jp2doc.pl\/fr\/wp-json\/wp\/v2\/posts\/1535\/revisions\/1543"}],"wp:featuredmedia":[{"embeddable":true,"href":"https:\/\/jp2doc.pl\/fr\/wp-json\/wp\/v2\/media\/1536"}],"wp:attachment":[{"href":"https:\/\/jp2doc.pl\/fr\/wp-json\/wp\/v2\/media?parent=1535"}],"wp:term":[{"taxonomy":"category","embeddable":true,"href":"https:\/\/jp2doc.pl\/fr\/wp-json\/wp\/v2\/categories?post=1535"},{"taxonomy":"post_tag","embeddable":true,"href":"https:\/\/jp2doc.pl\/fr\/wp-json\/wp\/v2\/tags?post=1535"}],"curies":[{"name":"wp","href":"https:\/\/api.w.org\/{rel}","templated":true}]}}