{"id":1551,"date":"2019-11-10T09:24:52","date_gmt":"2019-11-10T08:24:52","guid":{"rendered":"https:\/\/jp2doc.pl\/fr\/?p=1551"},"modified":"2019-11-10T09:28:28","modified_gmt":"2019-11-10T08:28:28","slug":"comment-se-manifeste-la-fidelite-de-dieu","status":"publish","type":"post","link":"https:\/\/jp2doc.pl\/fr\/2019\/11\/10\/comment-se-manifeste-la-fidelite-de-dieu\/","title":{"rendered":"Comment se manifeste la fid\u00e9lit\u00e9 de Dieu?"},"content":{"rendered":"<p>2 M 7, 1-14\u00a0; 2 Th 2, 16-3, 5\u00a0; Lc 20, 27-38<\/p>\n<p>Les lectures de ce trente deuxi\u00e8me dimanche nous parlent de <strong>la fid\u00e9lit\u00e9<\/strong>. Qu\u2019est-ce que la fid\u00e9lit\u00e9\u00a0? La fid\u00e9lit\u00e9, c\u2019est l\u2019attachement \u00e0 une id\u00e9e, \u00e0 quelque chose ou \u00e0 quelqu\u2019un. C\u2019est la vie v\u00e9cue dans le respect des valeurs qui font de grandes soci\u00e9t\u00e9s, de grands peuples, de grandes personnes. La fid\u00e9lit\u00e9 implique la r\u00e9gularit\u00e9, la familiarit\u00e9, la constance, la pers\u00e9v\u00e9rance, m\u00eame \u00e0 travers la souffrance.<\/p>\n<p>Dans\u00a0 sa deuxi\u00e8me lettre aux Thessaloniciens que nous avons entendue dans la deuxi\u00e8me lecture, saint Paul \u00e9crit que \u00ab\u00a0Le Seigneur lui est fid\u00e8le\u00a0\u00bb. Qu\u2019est-ce \u00e0 dire\u00a0? Cela veut dire\u00a0 que Dieu est la source de la fid\u00e9lit\u00e9, de notre fid\u00e9lit\u00e9. Laiss\u00e9s \u00e0 nous-m\u00eames, nous sommes incapables de nous attacher aux grandes valeurs, de tenir \u00e0 nos promesses. Dieu est le mod\u00e8le de l\u2019homme. Nous sommes appel\u00e9s \u00e0 nous modeler sur Dieu. Comment se manifeste la fid\u00e9lit\u00e9 de Dieu\u00a0?<\/p>\n<p>1\u00b0 <strong>Par l\u2019amour<\/strong>\u00a0: dans la deuxi\u00e8me lecture, saint Paul dit aux Thessaloniciens\u00a0: \u00ab\u00a0Fr\u00e8res, laissez-vous r\u00e9conforter par notre Seigneur J\u00e9sus-Christ lui-m\u00eame et par Dieu notre P\u00e8re, lui qui nous a aim\u00e9s\u00a0\u00bb. Dieu nous aime par le fait m\u00eame qu\u2019il nous donne la vie, qu\u2019il nous donne de voir le jour. Et il nous a donn\u00e9 son Fils J\u00e9sus-Christ qui a pass\u00e9 sa vie en faisant le bien.<\/p>\n<p>C\u2019est vrai que nous vivons parfois des \u00e9v\u00e9nements malheureux dans notre vie. Mais cela n\u2019est-il pas d\u00fb bien souvent \u00e0 notre propre \u00e9go\u00efsme\u00a0? C\u2019est vrai que nous aimons. Mais savons-nous vraiment aimer\u00a0? Regardons-nous vraiment vers Dieu comme vers la source de notre amour\u00a0? Demandons-nous vraiment \u00e0 Dieu comment nous devons vivre dans notre soci\u00e9t\u00e9, dans nos familles, dans nos communaut\u00e9s\u00a0?<\/p>\n<p>L\u2019amour de Dieu est universel. Il se porte vers tous les hommes. En effet, Dieu donne le soleil et la pluie \u00e0 tous les hommes, aux m\u00e9chants comme aux bons. Notre amour \u00e0 nous est plut\u00f4t partial, s\u00e9lectif.\u00a0\u00a0 Nous avons de l\u2019affection pour celui-ci et pas pour celui-l\u00e0, et cela jusque dans nos familles. Nous travaillons bien souvent pour nos int\u00e9r\u00eats et pas pour ceux de la soci\u00e9t\u00e9 dans son ensemble.<\/p>\n<p>Aujourd\u2019hui, saint Paul nous invite \u00e0 tourner notre regard vers J\u00e9sus-Christ, notre Seigneur,\u00a0 et vers Dieu, notre P\u00e8re, pour qu\u2019ils affermissent notre c\u0153ur dans tout ce que nous pouvons faire et dire de bien.<\/p>\n<p>2\u00b0 <strong>Par la joyeuse esp\u00e9rance<\/strong>\u00a0: l\u2019esp\u00e9rance chr\u00e9tienne concerne la vie du monde \u00e0 venir que certains comme les sadduc\u00e9ens dont parle <strong>l\u2019<\/strong><strong>\u00c9vangile<\/strong>ont du mal \u00e0 imaginer, \u00e0 accepter. Ils ont oubli\u00e9 que Dieu, comme le dit J\u00e9sus dans l\u2019\u00e9vangile, \u00ab\u00a0n\u2019est pas le Dieu de morts, mais des vivants, car tous ont la vie en lui\u00a0\u00bb.<\/p>\n<p>Aujourd\u2019hui, les sept fr\u00e8res du Livre des Martyrs d\u2019Isra\u00ebl nous interpellent. Ils nous montrent que cette vie du monde \u00e0 venir se pr\u00e9pare d\u00e8s ici-bas.<\/p>\n<p>Dans cette vie, il ne manque pas d\u2019obstacles \u00e0 la fid\u00e9lit\u00e9. Dans la premi\u00e8re lecture, ces obstacles ont un nom\u00a0: \u00ab\u00a0Antiochus [qui] voulut contraindre [les sept fr\u00e8res] \u00e0 manger du porc, viande interdite\u00a0\u00bb. Antiochus peut \u00eatre une personne, une chose ou une id\u00e9e. Dans tous les cas, il s\u2019agit des tentations qui nous envahissent du dedans ou du dehors et qui nous emp\u00eachent souvent \u00e0 \u00eatre vrais et honn\u00eates avec notre entourage\u00a0; \u00e0 respecter la vie et les biens d\u2019autrui\u00a0; \u00e0 travailler pour le bien de tous.<\/p>\n<p>Comme croyants, nous sommes appel\u00e9s \u00e0 la fid\u00e9lit\u00e9 en subordonnant le bonheur de ce monde \u00e0 la gloire du monde \u00e0 venir. C\u2019est ce que nous font comprendre le quatre t\u00e9moignages rapport\u00e9s par la premi\u00e8re lecture. Citons une partie du second\u00a0: \u00ab\u00a0nous mourons par fid\u00e9lit\u00e9 \u00e0 ses lois [les lois de Dieu], le Roi du monde nous ressuscitera pour une vie \u00e9ternelle\u00a0\u00bb. Le courage pour faire un tel t\u00e9moignage est d\u00e9j\u00e0 un don de Dieu. Saint Paul dit aux Thessaloniciens\u00a0: \u00ab\u00a0Dieu vous affermira et prot\u00e9gera du mal\u00a0\u00bb. Dieu ne nous d\u00e9laisse pas. Il nous affermit et nous prot\u00e8ge. Et cela est un motif de joie pour nous. L\u2019esp\u00e9rance chr\u00e9tienne est joyeuse. Nous devons cultiver la joie en nous et la partager aux autres. Le christianisme n\u2019est pas une religion de la tristesse.<\/p>\n<p>\u2018Si Dieu nous affermit et nous prot\u00e8ge, nous devons nous aussi nous affermir et nous prot\u00e9ger les uns les autres\u00a0:<\/p>\n<p>A)\u00a0<strong>Par la pri\u00e8re<\/strong>\u00a0: saint Paul dit aux Thessaloniciens\u00a0: \u00ab\u00a0Priez pour que nous \u00e9chappions \u00e0 la m\u00e9chancet\u00e9 des gens qui nous veulent du mal, car tout le monde n\u2019a pas la foi\u00a0\u00bb.<\/p>\n<p><em>Est-ce que nous savons prier les uns pour les autres\u00a0?<\/em><\/p>\n<p>B)\u00a0<strong>Par la confiance<\/strong>\u00a0: saint Paul dit aux Thessaloniciens\u00a0: \u00ab\u00a0Et dans le Seigneur, nous avons pleine confiance en vous\u00a0\u00bb.<\/p>\n<p><em>Est-ce que nous faisons grandir la confiance dans nos familles, dans nos communaut\u00e9s, dans ces lieux o\u00f9 se d\u00e9roulent nos activit\u00e9s\u00a0?<\/em><\/p>\n<p>Puisse le Seigneur, comme le dit saint Paul, nous conduire \u00e0 l\u2019amour de Dieu et \u00e0 la pers\u00e9v\u00e9rance.<\/p>\n<p>P\u00e8re Jean Claude Cabwinwe Ciza<\/p>\n","protected":false},"excerpt":{"rendered":"<p>XXXII<sup>e<\/sup>Dimanche du Temps Ordinaire<\/p>\n","protected":false},"author":6,"featured_media":1552,"comment_status":"open","ping_status":"open","sticky":false,"template":"","format":"standard","meta":{"_acf_changed":false,"_exactmetrics_skip_tracking":false,"_exactmetrics_sitenote_active":false,"_exactmetrics_sitenote_note":"","_exactmetrics_sitenote_category":0,"footnotes":""},"categories":[4,7,13,14],"tags":[84],"class_list":["post-1551","post","type-post","status-publish","format-standard","has-post-thumbnail","hentry","category-blog","category-nowosci-wydawnicze","category-strona-glowna-najnowsze","category-strona-glowna-slider","tag-fidelite"],"acf":[],"yoast_head":"<!-- This site is optimized with the Yoast SEO plugin v26.2 - https:\/\/yoast.com\/wordpress\/plugins\/seo\/ -->\n<title>Comment se manifeste la fid\u00e9lit\u00e9 de Dieu? - Centre de Documentation et d\u2019Etude du Pontificat de Jean-Paul II \u00e0 Rome<\/title>\n<meta name=\"robots\" content=\"index, follow, max-snippet:-1, max-image-preview:large, max-video-preview:-1\" \/>\n<link rel=\"canonical\" href=\"https:\/\/jp2doc.pl\/fr\/2019\/11\/10\/comment-se-manifeste-la-fidelite-de-dieu\/\" \/>\n<meta property=\"og:locale\" content=\"fr_FR\" \/>\n<meta property=\"og:type\" content=\"article\" \/>\n<meta property=\"og:title\" content=\"Comment se manifeste la fid\u00e9lit\u00e9 de Dieu? - Centre de Documentation et d\u2019Etude du Pontificat de Jean-Paul II \u00e0 Rome\" \/>\n<meta property=\"og:description\" content=\"XXXIIeDimanche du Temps Ordinaire\" \/>\n<meta property=\"og:url\" content=\"https:\/\/jp2doc.pl\/fr\/2019\/11\/10\/comment-se-manifeste-la-fidelite-de-dieu\/\" \/>\n<meta property=\"og:site_name\" content=\"Centre de Documentation et d\u2019Etude du Pontificat de Jean-Paul II \u00e0 Rome\" \/>\n<meta property=\"article:published_time\" content=\"2019-11-10T08:24:52+00:00\" \/>\n<meta property=\"article:modified_time\" content=\"2019-11-10T08:28:28+00:00\" \/>\n<meta property=\"og:image\" content=\"https:\/\/jp2doc.pl\/fr\/wp-content\/uploads\/sites\/5\/2019\/11\/people-crowd-walking-9816.jpg\" \/>\n\t<meta property=\"og:image:width\" content=\"1280\" \/>\n\t<meta property=\"og:image:height\" content=\"528\" \/>\n\t<meta property=\"og:image:type\" content=\"image\/jpeg\" \/>\n<meta name=\"author\" content=\"adobrzynski\" \/>\n<meta name=\"twitter:card\" content=\"summary_large_image\" \/>\n<meta name=\"twitter:label1\" content=\"\u00c9crit par\" \/>\n\t<meta name=\"twitter:data1\" content=\"adobrzynski\" \/>\n\t<meta name=\"twitter:label2\" content=\"Dur\u00e9e de lecture estim\u00e9e\" \/>\n\t<meta name=\"twitter:data2\" content=\"4 minutes\" \/>\n<script type=\"application\/ld+json\" class=\"yoast-schema-graph\">{\"@context\":\"https:\/\/schema.org\",\"@graph\":[{\"@type\":\"Article\",\"@id\":\"https:\/\/jp2doc.pl\/fr\/2019\/11\/10\/comment-se-manifeste-la-fidelite-de-dieu\/#article\",\"isPartOf\":{\"@id\":\"https:\/\/jp2doc.pl\/fr\/2019\/11\/10\/comment-se-manifeste-la-fidelite-de-dieu\/\"},\"author\":{\"name\":\"adobrzynski\",\"@id\":\"https:\/\/jp2doc.pl\/fr\/#\/schema\/person\/f1a6804b6b9f176835bf67cba35c4212\"},\"headline\":\"Comment se manifeste la fid\u00e9lit\u00e9 de Dieu?\",\"datePublished\":\"2019-11-10T08:24:52+00:00\",\"dateModified\":\"2019-11-10T08:28:28+00:00\",\"mainEntityOfPage\":{\"@id\":\"https:\/\/jp2doc.pl\/fr\/2019\/11\/10\/comment-se-manifeste-la-fidelite-de-dieu\/\"},\"wordCount\":895,\"commentCount\":0,\"publisher\":{\"@id\":\"https:\/\/jp2doc.pl\/fr\/#organization\"},\"image\":{\"@id\":\"https:\/\/jp2doc.pl\/fr\/2019\/11\/10\/comment-se-manifeste-la-fidelite-de-dieu\/#primaryimage\"},\"thumbnailUrl\":\"https:\/\/jp2doc.pl\/fr\/wp-content\/uploads\/sites\/5\/2019\/11\/people-crowd-walking-9816.jpg\",\"keywords\":[\"fid\u00e9lit\u00e9\"],\"articleSection\":[\"Blog\",\"Nouveaut\u00e9s\",\"Strona g\u0142\u00f3wna - najnowsze\",\"Strona g\u0142\u00f3wna - slider\"],\"inLanguage\":\"fr-FR\",\"potentialAction\":[{\"@type\":\"CommentAction\",\"name\":\"Comment\",\"target\":[\"https:\/\/jp2doc.pl\/fr\/2019\/11\/10\/comment-se-manifeste-la-fidelite-de-dieu\/#respond\"]}]},{\"@type\":\"WebPage\",\"@id\":\"https:\/\/jp2doc.pl\/fr\/2019\/11\/10\/comment-se-manifeste-la-fidelite-de-dieu\/\",\"url\":\"https:\/\/jp2doc.pl\/fr\/2019\/11\/10\/comment-se-manifeste-la-fidelite-de-dieu\/\",\"name\":\"Comment se manifeste la fid\u00e9lit\u00e9 de Dieu? - Centre de Documentation et d\u2019Etude du Pontificat de Jean-Paul II \u00e0 Rome\",\"isPartOf\":{\"@id\":\"https:\/\/jp2doc.pl\/fr\/#website\"},\"primaryImageOfPage\":{\"@id\":\"https:\/\/jp2doc.pl\/fr\/2019\/11\/10\/comment-se-manifeste-la-fidelite-de-dieu\/#primaryimage\"},\"image\":{\"@id\":\"https:\/\/jp2doc.pl\/fr\/2019\/11\/10\/comment-se-manifeste-la-fidelite-de-dieu\/#primaryimage\"},\"thumbnailUrl\":\"https:\/\/jp2doc.pl\/fr\/wp-content\/uploads\/sites\/5\/2019\/11\/people-crowd-walking-9816.jpg\",\"datePublished\":\"2019-11-10T08:24:52+00:00\",\"dateModified\":\"2019-11-10T08:28:28+00:00\",\"breadcrumb\":{\"@id\":\"https:\/\/jp2doc.pl\/fr\/2019\/11\/10\/comment-se-manifeste-la-fidelite-de-dieu\/#breadcrumb\"},\"inLanguage\":\"fr-FR\",\"potentialAction\":[{\"@type\":\"ReadAction\",\"target\":[\"https:\/\/jp2doc.pl\/fr\/2019\/11\/10\/comment-se-manifeste-la-fidelite-de-dieu\/\"]}]},{\"@type\":\"ImageObject\",\"inLanguage\":\"fr-FR\",\"@id\":\"https:\/\/jp2doc.pl\/fr\/2019\/11\/10\/comment-se-manifeste-la-fidelite-de-dieu\/#primaryimage\",\"url\":\"https:\/\/jp2doc.pl\/fr\/wp-content\/uploads\/sites\/5\/2019\/11\/people-crowd-walking-9816.jpg\",\"contentUrl\":\"https:\/\/jp2doc.pl\/fr\/wp-content\/uploads\/sites\/5\/2019\/11\/people-crowd-walking-9816.jpg\",\"width\":1280,\"height\":528},{\"@type\":\"BreadcrumbList\",\"@id\":\"https:\/\/jp2doc.pl\/fr\/2019\/11\/10\/comment-se-manifeste-la-fidelite-de-dieu\/#breadcrumb\",\"itemListElement\":[{\"@type\":\"ListItem\",\"position\":1,\"name\":\"Home\",\"item\":\"https:\/\/jp2doc.pl\/fr\/\"},{\"@type\":\"ListItem\",\"position\":2,\"name\":\"Comment se manifeste la fid\u00e9lit\u00e9 de Dieu?\"}]},{\"@type\":\"WebSite\",\"@id\":\"https:\/\/jp2doc.pl\/fr\/#website\",\"url\":\"https:\/\/jp2doc.pl\/fr\/\",\"name\":\"Centre de Documentation et d\u2019Etude du Pontificat de Jean-Paul II \u00e0 Rome\",\"description\":\"\",\"publisher\":{\"@id\":\"https:\/\/jp2doc.pl\/fr\/#organization\"},\"potentialAction\":[{\"@type\":\"SearchAction\",\"target\":{\"@type\":\"EntryPoint\",\"urlTemplate\":\"https:\/\/jp2doc.pl\/fr\/?s={search_term_string}\"},\"query-input\":{\"@type\":\"PropertyValueSpecification\",\"valueRequired\":true,\"valueName\":\"search_term_string\"}}],\"inLanguage\":\"fr-FR\"},{\"@type\":\"Organization\",\"@id\":\"https:\/\/jp2doc.pl\/fr\/#organization\",\"name\":\"Centre de Documentation et d\u2019Etude du Pontificat de Jean-Paul II \u00e0 Rome\",\"url\":\"https:\/\/jp2doc.pl\/fr\/\",\"logo\":{\"@type\":\"ImageObject\",\"inLanguage\":\"fr-FR\",\"@id\":\"https:\/\/jp2doc.pl\/fr\/#\/schema\/logo\/image\/\",\"url\":\"https:\/\/jp2doc.pl\/fr\/wp-content\/uploads\/sites\/5\/2017\/03\/cropped-logo.png\",\"contentUrl\":\"https:\/\/jp2doc.pl\/fr\/wp-content\/uploads\/sites\/5\/2017\/03\/cropped-logo.png\",\"width\":115,\"height\":115,\"caption\":\"Centre de Documentation et d\u2019Etude du Pontificat de Jean-Paul II \u00e0 Rome\"},\"image\":{\"@id\":\"https:\/\/jp2doc.pl\/fr\/#\/schema\/logo\/image\/\"}},{\"@type\":\"Person\",\"@id\":\"https:\/\/jp2doc.pl\/fr\/#\/schema\/person\/f1a6804b6b9f176835bf67cba35c4212\",\"name\":\"adobrzynski\",\"image\":{\"@type\":\"ImageObject\",\"inLanguage\":\"fr-FR\",\"@id\":\"https:\/\/jp2doc.pl\/fr\/#\/schema\/person\/image\/\",\"url\":\"https:\/\/secure.gravatar.com\/avatar\/6e7eb2a67f64535320a8aa3d72bc5f83c9e81f3ad1797c6abee2e7c78ed2252a?s=96&d=mm&r=g\",\"contentUrl\":\"https:\/\/secure.gravatar.com\/avatar\/6e7eb2a67f64535320a8aa3d72bc5f83c9e81f3ad1797c6abee2e7c78ed2252a?s=96&d=mm&r=g\",\"caption\":\"adobrzynski\"},\"url\":\"https:\/\/jp2doc.pl\/fr\/author\/adobrzynski\/\"}]}<\/script>\n<!-- \/ Yoast SEO plugin. -->","yoast_head_json":{"title":"Comment se manifeste la fid\u00e9lit\u00e9 de Dieu? - Centre de Documentation et d\u2019Etude du Pontificat de Jean-Paul II \u00e0 Rome","robots":{"index":"index","follow":"follow","max-snippet":"max-snippet:-1","max-image-preview":"max-image-preview:large","max-video-preview":"max-video-preview:-1"},"canonical":"https:\/\/jp2doc.pl\/fr\/2019\/11\/10\/comment-se-manifeste-la-fidelite-de-dieu\/","og_locale":"fr_FR","og_type":"article","og_title":"Comment se manifeste la fid\u00e9lit\u00e9 de Dieu? - Centre de Documentation et d\u2019Etude du Pontificat de Jean-Paul II \u00e0 Rome","og_description":"XXXIIeDimanche du Temps Ordinaire","og_url":"https:\/\/jp2doc.pl\/fr\/2019\/11\/10\/comment-se-manifeste-la-fidelite-de-dieu\/","og_site_name":"Centre de Documentation et d\u2019Etude du Pontificat de Jean-Paul II \u00e0 Rome","article_published_time":"2019-11-10T08:24:52+00:00","article_modified_time":"2019-11-10T08:28:28+00:00","og_image":[{"width":1280,"height":528,"url":"https:\/\/jp2doc.pl\/fr\/wp-content\/uploads\/sites\/5\/2019\/11\/people-crowd-walking-9816.jpg","type":"image\/jpeg"}],"author":"adobrzynski","twitter_card":"summary_large_image","twitter_misc":{"\u00c9crit par":"adobrzynski","Dur\u00e9e de lecture estim\u00e9e":"4 minutes"},"schema":{"@context":"https:\/\/schema.org","@graph":[{"@type":"Article","@id":"https:\/\/jp2doc.pl\/fr\/2019\/11\/10\/comment-se-manifeste-la-fidelite-de-dieu\/#article","isPartOf":{"@id":"https:\/\/jp2doc.pl\/fr\/2019\/11\/10\/comment-se-manifeste-la-fidelite-de-dieu\/"},"author":{"name":"adobrzynski","@id":"https:\/\/jp2doc.pl\/fr\/#\/schema\/person\/f1a6804b6b9f176835bf67cba35c4212"},"headline":"Comment se manifeste la fid\u00e9lit\u00e9 de Dieu?","datePublished":"2019-11-10T08:24:52+00:00","dateModified":"2019-11-10T08:28:28+00:00","mainEntityOfPage":{"@id":"https:\/\/jp2doc.pl\/fr\/2019\/11\/10\/comment-se-manifeste-la-fidelite-de-dieu\/"},"wordCount":895,"commentCount":0,"publisher":{"@id":"https:\/\/jp2doc.pl\/fr\/#organization"},"image":{"@id":"https:\/\/jp2doc.pl\/fr\/2019\/11\/10\/comment-se-manifeste-la-fidelite-de-dieu\/#primaryimage"},"thumbnailUrl":"https:\/\/jp2doc.pl\/fr\/wp-content\/uploads\/sites\/5\/2019\/11\/people-crowd-walking-9816.jpg","keywords":["fid\u00e9lit\u00e9"],"articleSection":["Blog","Nouveaut\u00e9s","Strona g\u0142\u00f3wna - najnowsze","Strona g\u0142\u00f3wna - slider"],"inLanguage":"fr-FR","potentialAction":[{"@type":"CommentAction","name":"Comment","target":["https:\/\/jp2doc.pl\/fr\/2019\/11\/10\/comment-se-manifeste-la-fidelite-de-dieu\/#respond"]}]},{"@type":"WebPage","@id":"https:\/\/jp2doc.pl\/fr\/2019\/11\/10\/comment-se-manifeste-la-fidelite-de-dieu\/","url":"https:\/\/jp2doc.pl\/fr\/2019\/11\/10\/comment-se-manifeste-la-fidelite-de-dieu\/","name":"Comment se manifeste la fid\u00e9lit\u00e9 de Dieu? - Centre de Documentation et d\u2019Etude du Pontificat de Jean-Paul II \u00e0 Rome","isPartOf":{"@id":"https:\/\/jp2doc.pl\/fr\/#website"},"primaryImageOfPage":{"@id":"https:\/\/jp2doc.pl\/fr\/2019\/11\/10\/comment-se-manifeste-la-fidelite-de-dieu\/#primaryimage"},"image":{"@id":"https:\/\/jp2doc.pl\/fr\/2019\/11\/10\/comment-se-manifeste-la-fidelite-de-dieu\/#primaryimage"},"thumbnailUrl":"https:\/\/jp2doc.pl\/fr\/wp-content\/uploads\/sites\/5\/2019\/11\/people-crowd-walking-9816.jpg","datePublished":"2019-11-10T08:24:52+00:00","dateModified":"2019-11-10T08:28:28+00:00","breadcrumb":{"@id":"https:\/\/jp2doc.pl\/fr\/2019\/11\/10\/comment-se-manifeste-la-fidelite-de-dieu\/#breadcrumb"},"inLanguage":"fr-FR","potentialAction":[{"@type":"ReadAction","target":["https:\/\/jp2doc.pl\/fr\/2019\/11\/10\/comment-se-manifeste-la-fidelite-de-dieu\/"]}]},{"@type":"ImageObject","inLanguage":"fr-FR","@id":"https:\/\/jp2doc.pl\/fr\/2019\/11\/10\/comment-se-manifeste-la-fidelite-de-dieu\/#primaryimage","url":"https:\/\/jp2doc.pl\/fr\/wp-content\/uploads\/sites\/5\/2019\/11\/people-crowd-walking-9816.jpg","contentUrl":"https:\/\/jp2doc.pl\/fr\/wp-content\/uploads\/sites\/5\/2019\/11\/people-crowd-walking-9816.jpg","width":1280,"height":528},{"@type":"BreadcrumbList","@id":"https:\/\/jp2doc.pl\/fr\/2019\/11\/10\/comment-se-manifeste-la-fidelite-de-dieu\/#breadcrumb","itemListElement":[{"@type":"ListItem","position":1,"name":"Home","item":"https:\/\/jp2doc.pl\/fr\/"},{"@type":"ListItem","position":2,"name":"Comment se manifeste la fid\u00e9lit\u00e9 de Dieu?"}]},{"@type":"WebSite","@id":"https:\/\/jp2doc.pl\/fr\/#website","url":"https:\/\/jp2doc.pl\/fr\/","name":"Centre de Documentation et d\u2019Etude du Pontificat de Jean-Paul II \u00e0 Rome","description":"","publisher":{"@id":"https:\/\/jp2doc.pl\/fr\/#organization"},"potentialAction":[{"@type":"SearchAction","target":{"@type":"EntryPoint","urlTemplate":"https:\/\/jp2doc.pl\/fr\/?s={search_term_string}"},"query-input":{"@type":"PropertyValueSpecification","valueRequired":true,"valueName":"search_term_string"}}],"inLanguage":"fr-FR"},{"@type":"Organization","@id":"https:\/\/jp2doc.pl\/fr\/#organization","name":"Centre de Documentation et d\u2019Etude du Pontificat de Jean-Paul II \u00e0 Rome","url":"https:\/\/jp2doc.pl\/fr\/","logo":{"@type":"ImageObject","inLanguage":"fr-FR","@id":"https:\/\/jp2doc.pl\/fr\/#\/schema\/logo\/image\/","url":"https:\/\/jp2doc.pl\/fr\/wp-content\/uploads\/sites\/5\/2017\/03\/cropped-logo.png","contentUrl":"https:\/\/jp2doc.pl\/fr\/wp-content\/uploads\/sites\/5\/2017\/03\/cropped-logo.png","width":115,"height":115,"caption":"Centre de Documentation et d\u2019Etude du Pontificat de Jean-Paul II \u00e0 Rome"},"image":{"@id":"https:\/\/jp2doc.pl\/fr\/#\/schema\/logo\/image\/"}},{"@type":"Person","@id":"https:\/\/jp2doc.pl\/fr\/#\/schema\/person\/f1a6804b6b9f176835bf67cba35c4212","name":"adobrzynski","image":{"@type":"ImageObject","inLanguage":"fr-FR","@id":"https:\/\/jp2doc.pl\/fr\/#\/schema\/person\/image\/","url":"https:\/\/secure.gravatar.com\/avatar\/6e7eb2a67f64535320a8aa3d72bc5f83c9e81f3ad1797c6abee2e7c78ed2252a?s=96&d=mm&r=g","contentUrl":"https:\/\/secure.gravatar.com\/avatar\/6e7eb2a67f64535320a8aa3d72bc5f83c9e81f3ad1797c6abee2e7c78ed2252a?s=96&d=mm&r=g","caption":"adobrzynski"},"url":"https:\/\/jp2doc.pl\/fr\/author\/adobrzynski\/"}]}},"_links":{"self":[{"href":"https:\/\/jp2doc.pl\/fr\/wp-json\/wp\/v2\/posts\/1551","targetHints":{"allow":["GET"]}}],"collection":[{"href":"https:\/\/jp2doc.pl\/fr\/wp-json\/wp\/v2\/posts"}],"about":[{"href":"https:\/\/jp2doc.pl\/fr\/wp-json\/wp\/v2\/types\/post"}],"author":[{"embeddable":true,"href":"https:\/\/jp2doc.pl\/fr\/wp-json\/wp\/v2\/users\/6"}],"replies":[{"embeddable":true,"href":"https:\/\/jp2doc.pl\/fr\/wp-json\/wp\/v2\/comments?post=1551"}],"version-history":[{"count":2,"href":"https:\/\/jp2doc.pl\/fr\/wp-json\/wp\/v2\/posts\/1551\/revisions"}],"predecessor-version":[{"id":1555,"href":"https:\/\/jp2doc.pl\/fr\/wp-json\/wp\/v2\/posts\/1551\/revisions\/1555"}],"wp:featuredmedia":[{"embeddable":true,"href":"https:\/\/jp2doc.pl\/fr\/wp-json\/wp\/v2\/media\/1552"}],"wp:attachment":[{"href":"https:\/\/jp2doc.pl\/fr\/wp-json\/wp\/v2\/media?parent=1551"}],"wp:term":[{"taxonomy":"category","embeddable":true,"href":"https:\/\/jp2doc.pl\/fr\/wp-json\/wp\/v2\/categories?post=1551"},{"taxonomy":"post_tag","embeddable":true,"href":"https:\/\/jp2doc.pl\/fr\/wp-json\/wp\/v2\/tags?post=1551"}],"curies":[{"name":"wp","href":"https:\/\/api.w.org\/{rel}","templated":true}]}}