{"id":1566,"date":"2019-12-01T09:07:43","date_gmt":"2019-12-01T08:07:43","guid":{"rendered":"https:\/\/jp2doc.pl\/fr\/?p=1566"},"modified":"2019-12-01T09:12:16","modified_gmt":"2019-12-01T08:12:16","slug":"la-venue-du-seigneur","status":"publish","type":"post","link":"https:\/\/jp2doc.pl\/fr\/2019\/12\/01\/la-venue-du-seigneur\/","title":{"rendered":"La venue du Seigneur"},"content":{"rendered":"\n<p>Is 2, 1-5&nbsp;; Rm 13, 11-14&nbsp;; Mt 24, 37-44<\/p>\n\n\n\n<p>Nous commen\u00e7ons le temps fort de&nbsp;<strong>l\u2019Avent<\/strong>. Pendant quatre semaines, nous allons nous pr\u00e9parer \u00e0 la f\u00eate de No\u00ebl, \u00e0 l\u2019entr\u00e9e de Dieu dans notre histoire comme \u00ab&nbsp;vrai Dieu et vrai homme&nbsp;\u00bb. C\u2019est cela l\u2019incarnation du Fils de Dieu. Mais l\u2019Avent est avant tout attente de la seconde venue du Christ. Car si Dieu est entr\u00e9 dans notre histoire, c\u2019est pour que nous entrions dans la sienne. Dans le credo nous disons justement que c\u2019est \u00ab&nbsp;Pour nous les hommes et pour notre salut [Dieu] descendit du ciel&nbsp;\u00bb. L\u2019Avent nous introduit dans l\u2019histoire du salut, de notre salut. En effet, \u00e9tymologiquement le terme Avent d\u00e9rive du latin \u00ab&nbsp;adventus&nbsp;\u00bb&nbsp;: arriv\u00e9e, venue.<\/p>\n\n\n\n<p>Les lectures de ce premier dimanche de l\u2019Avent, appel\u00e9 \u00ab\u00a0Dimanche de la venue du Seigneur\u00a0\u00bb, d\u00e9veloppent\u00a0<strong>le th\u00e8me de la lumi\u00e8re<\/strong>. Ce th\u00e8me de la lumi\u00e8re reviendra dans les lectures de la nuit de la Nativit\u00e9 avec\u00a0<strong>Isa\u00efe<\/strong>\u00a0: \u00ab\u00a0Peuple qui marchait dans les t\u00e9n\u00e8bres a vu se lever une grande lumi\u00e8re\u00a0\u00bb, et avec\u00a0<strong>l\u2019\u00c9vangile<\/strong>\u00a0de <strong>saint Luc<\/strong>: \u00ab L\u2019ange du Seigneur s\u2019approcha, et la gloire du Seigneur enveloppa [les bergers] de sa lumi\u00e8re\u00a0\u00bb.<\/p>\n\n\n\n<p>Mais qu\u2019est-ce que la lumi\u00e8re&nbsp;?&nbsp;&nbsp;La lumi\u00e8re est un agent physique qui en affectant l\u2019\u0153il nous aide \u00e0 voir. On parlera de la lumi\u00e8re naturelle ou du jour qui nous aide \u00e0 percevoir tout ce qui nous entoure. Elle a pour source le soleil. C\u2019est par opposition \u00e0 la lumi\u00e8re artificielle que l\u2019homme peut cr\u00e9er en allumant un feu ou une lampe par exemple. Figurativement, on parlera de la lumi\u00e8re de l\u2019intelligence qui vient de la raison, de la capacit\u00e9 de penser, de r\u00e9fl\u00e9chir et qui nous&nbsp;aide \u00e0 comprendre les choses, les ph\u00e9nom\u00e8nes&nbsp;; de la lumi\u00e8re de la foi qui est un don de Dieu et qui nous aide \u00e0 croire en ce qui d\u00e9passe l\u2019homme, c\u2019est-\u00e0-dire en ce que les sens ne peuvent pas percevoir et que l\u2019intelligence ne peut pas comprendre.<\/p>\n\n\n\n<p>Vous conviendrez donc avec moi que sans la lumi\u00e8re l\u2019homme est perdu.<\/p>\n\n\n\n<p>Aujourd\u2019hui,\u00a0<strong>Isa\u00efe<\/strong> dans\u00a0<strong>la premi\u00e8re lecture<\/strong> nous dit\u00a0: \u00ab\u00a0Venez famille de Jacob, marchons \u00e0 la lumi\u00e8re du Seigneur\u00a0\u00bb. Et dans sa\u00a0<strong>lettre aux Romains<\/strong>,\u00a0<strong>saint Paul<\/strong> nous dit\u00a0: \u00ab Rejetons les activit\u00e9s de t\u00e9n\u00e8bres, rev\u00eatons-nous pour le combat de la lumi\u00e8re\u00a0\u00bb.<\/p>\n\n\n\n<p>Si\u00a0<strong>Isa\u00efe<\/strong> nous invite \u00e0 marcher vers la lumi\u00e8re, c\u2019est que nous n\u2019y sommes pas encore. O\u00f9 sommes-nous alors\u00a0? Dans les t\u00e9n\u00e8bres. Voil\u00e0 pourquoi\u00a0<strong>saint Paul<\/strong> nous demande de rejeter les activit\u00e9s des t\u00e9n\u00e8bres.<\/p>\n\n\n\n<p>Les activit\u00e9s des t\u00e9n\u00e8bres, dit\u00a0<strong>saint Paul<\/strong> aux Romains, sont les \u00abpr\u00e9occupations de la chair\u00a0\u00bb que l\u2019homme entretient \u00ab\u00a0pour satisfaire ses tendances \u00e9go\u00efstes\u00a0\u00bb. Ce sont les activit\u00e9s qui engendrent la mort.<\/p>\n\n\n\n<p>A)\u00a0<strong>En nous-m\u00eame<\/strong>\u00a0:\u00a0<strong>saint Paul<\/strong> cite la ripaille et la beuverie. Il s\u2019agit bien de la bombance, de l\u2019habitude de manger et de boire trop, sans mesure, sans aucune limite. Mais il s\u2019agit aussi de l\u2019habitude de tout ramener \u00e0 soi, d\u2019ignorer son entourage, de croire que les autres n\u2019existent pas. Au fond, on se tue soi-m\u00eame, car personne ne peut vivre sans les autres.<\/p>\n\n\n\n<p><em>Est-ce que j\u2019ai le sens de la mesure&nbsp;? Est-ce que je sais partager&nbsp;?<\/em><\/p>\n\n\n\n<p>B)\u00a0<strong>Dans les autres<\/strong>\u00a0:\u00a0<strong>saint Paul<\/strong> cite les orgies, la d\u00e9bauche, la dispute, la jalousie. Par l\u00e0 nous cherchons \u00e0 conqu\u00e9rir les autres, \u00e0 d\u00e9border sur leurs vies sans vraiment tenir compte de ce qui fait leur bien. Nous dominons, nous divisons, nous nous imposons par notre corps, par nos id\u00e9es ou par nos intentions.<\/p>\n\n\n\n<p><em>Est-ce que je suis pr\u00eat \u00e0 \u00e9couter les autres&nbsp;? Est-ce que je veux m\u2019efforcer \u00e0 comprendre les autres&nbsp;?<\/em><\/p>\n\n\n\n<p>Les lectures nous appellent en effet \u00e0 la conversion pour \u00e9viter de subir le sort des gens de l\u2019\u00e9poque de No\u00e9.\u00a0<strong>L\u2019\u00c9vangile<\/strong> nous dit\u00a0: \u00ab\u00a0A cette \u00e9poque, avant le d\u00e9luge, on mangeait, on buvait, on se mariait, jusqu\u2019au jour o\u00f9 No\u00e9 entra dans l\u2019arche. Les gens ne se sont dout\u00e9s de rien, jusqu\u2019au d\u00e9luge qui les a engloutis\u00a0\u00bb.<\/p>\n\n\n\n<p><strong>Saint Paul<\/strong> nous avertit dans\u00a0<strong>la lettre aux Romains<\/strong>\u00a0: \u00ab\u00a0Fr\u00e8res, vous le savez: c\u2019est le moment, l\u2019heure est venue de sortir de votre sommeil\u00a0\u00bb. Et encore\u00a0: \u00ab\u00a0La nuit est bient\u00f4t finie, le jour est tout proche\u00a0\u00bb.<\/p>\n\n\n\n<p>Comment sortir de notre sommeil&nbsp;? Comment voir le jour&nbsp;?<\/p>\n\n\n\n<p>A)\u00a0<strong>En mettant Dieu \u00e0 la premi\u00e8re place<\/strong>\u00a0: <strong>Isa\u00efe<\/strong> nous dit\u00a0: \u00ab\u00a0La montagne du Seigneur sera plac\u00e9e \u00e0 la t\u00eate des montagnes et dominera les collines\u00a0\u00bb. Nous sommes bien souvent des montagnes et des collines qui emp\u00eachent les autres de bien voir, d\u2019\u00eatre heureux.<\/p>\n\n\n\n<p>Et\u00a0<strong>saint Paul<\/strong> nous dit\u00a0: \u00ab\u00a0rev\u00eatez le Seigneur\u00a0\u00bb. Car bien souvent nous nous rev\u00eatons de nous-m\u00eame et nous devenons des \u00e9pines dans la vie des autres.<\/p>\n\n\n\n<p>B)\u00a0<strong>En acceptant de changer de place<\/strong>\u00a0: <strong>Isa\u00efe<\/strong>nous dit\u00a0: \u00ab\u00a0Venez, montons \u00e0 la montagne du Seigneur\u00a0\u00bb. Il s\u2019agit de quitter nos vieilles habitudes pour nous disposer \u00e0 recevoir l\u2019enseignement du Seigneur.\u00a0<strong>Isa\u00efe<\/strong>nous apprend en effet que \u00ab\u00a0[Dieu] nous enseignera ses chemins et nous suivrons ses sentiers\u00a0\u00bb.<\/p>\n\n\n\n<p><em>Quels sont ces chemins\u00a0? Quels sont ces sentiers\u00a0?<\/em><\/p>\n\n\n\n<p>1\u00b0\u00a0<strong>La paix<\/strong>\u00a0:\u00a0<strong>Isa\u00efe<\/strong> \u00e9crit\u00a0: \u00ab\u00a0De leurs \u00e9p\u00e9es ils forgeront des socs de charrue et de leurs lances des faucilles\u00a0\u00bb.<\/p>\n\n\n\n<p><em>Est-ce que je me dispose \u00e0 \u00eatre un agent de paix&nbsp;?<\/em><\/p>\n\n\n\n<p>2\u00b0&nbsp;<strong>L\u2019honn\u00eatet\u00e9<\/strong>&nbsp;: saint Paul \u00e9crit&nbsp;: \u00ab&nbsp;Conduisez-vous honn\u00eatement comme on le fait en plein jour&nbsp;\u00bb.<\/p>\n\n\n\n<p><em>Est-ce je veux \u00eatre un homme juste, honn\u00eate&nbsp;?<\/em><\/p>\n\n\n\n<p>Si nous vivons ainsi, nous ne serons pas surpris par l\u2019arriv\u00e9e du Seigneur. \u00abVeillez donc\u00bb, nous dit l\u2019\u00c9vangile.<\/p>\n\n\n\n<p>P\u00e8re Jean Claude Cabwinwe Ciza<\/p>\n","protected":false},"excerpt":{"rendered":"<p>I Dimanche de l&rsquo;Avent<\/p>\n","protected":false},"author":6,"featured_media":1296,"comment_status":"open","ping_status":"open","sticky":false,"template":"","format":"standard","meta":{"_acf_changed":false,"_exactmetrics_skip_tracking":false,"_exactmetrics_sitenote_active":false,"_exactmetrics_sitenote_note":"","_exactmetrics_sitenote_category":0,"footnotes":""},"categories":[4,7,13,14],"tags":[],"class_list":["post-1566","post","type-post","status-publish","format-standard","has-post-thumbnail","hentry","category-blog","category-nowosci-wydawnicze","category-strona-glowna-najnowsze","category-strona-glowna-slider"],"acf":[],"yoast_head":"<!-- This site is optimized with the Yoast SEO plugin v26.2 - https:\/\/yoast.com\/wordpress\/plugins\/seo\/ -->\n<title>La venue du Seigneur - Centre de Documentation et d\u2019Etude du Pontificat de Jean-Paul II \u00e0 Rome<\/title>\n<meta name=\"robots\" content=\"index, follow, max-snippet:-1, max-image-preview:large, max-video-preview:-1\" \/>\n<link rel=\"canonical\" href=\"https:\/\/jp2doc.pl\/fr\/2019\/12\/01\/la-venue-du-seigneur\/\" \/>\n<meta property=\"og:locale\" content=\"fr_FR\" \/>\n<meta property=\"og:type\" content=\"article\" \/>\n<meta property=\"og:title\" content=\"La venue du Seigneur - Centre de Documentation et d\u2019Etude du Pontificat de Jean-Paul II \u00e0 Rome\" \/>\n<meta property=\"og:description\" content=\"I Dimanche de l&#039;Avent\" \/>\n<meta property=\"og:url\" content=\"https:\/\/jp2doc.pl\/fr\/2019\/12\/01\/la-venue-du-seigneur\/\" \/>\n<meta property=\"og:site_name\" content=\"Centre de Documentation et d\u2019Etude du Pontificat de Jean-Paul II \u00e0 Rome\" \/>\n<meta property=\"article:published_time\" content=\"2019-12-01T08:07:43+00:00\" \/>\n<meta property=\"article:modified_time\" content=\"2019-12-01T08:12:16+00:00\" \/>\n<meta property=\"og:image\" content=\"https:\/\/jp2doc.pl\/fr\/wp-content\/uploads\/sites\/5\/2017\/11\/33700936773_67cecda3e9_k.jpg\" \/>\n\t<meta property=\"og:image:width\" content=\"1475\" \/>\n\t<meta property=\"og:image:height\" content=\"983\" \/>\n\t<meta property=\"og:image:type\" content=\"image\/jpeg\" \/>\n<meta name=\"author\" content=\"adobrzynski\" \/>\n<meta name=\"twitter:card\" content=\"summary_large_image\" \/>\n<meta name=\"twitter:label1\" content=\"\u00c9crit par\" \/>\n\t<meta name=\"twitter:data1\" content=\"adobrzynski\" \/>\n\t<meta name=\"twitter:label2\" content=\"Dur\u00e9e de lecture estim\u00e9e\" \/>\n\t<meta name=\"twitter:data2\" content=\"5 minutes\" \/>\n<script type=\"application\/ld+json\" class=\"yoast-schema-graph\">{\"@context\":\"https:\/\/schema.org\",\"@graph\":[{\"@type\":\"Article\",\"@id\":\"https:\/\/jp2doc.pl\/fr\/2019\/12\/01\/la-venue-du-seigneur\/#article\",\"isPartOf\":{\"@id\":\"https:\/\/jp2doc.pl\/fr\/2019\/12\/01\/la-venue-du-seigneur\/\"},\"author\":{\"name\":\"adobrzynski\",\"@id\":\"https:\/\/jp2doc.pl\/fr\/#\/schema\/person\/f1a6804b6b9f176835bf67cba35c4212\"},\"headline\":\"La venue du Seigneur\",\"datePublished\":\"2019-12-01T08:07:43+00:00\",\"dateModified\":\"2019-12-01T08:12:16+00:00\",\"mainEntityOfPage\":{\"@id\":\"https:\/\/jp2doc.pl\/fr\/2019\/12\/01\/la-venue-du-seigneur\/\"},\"wordCount\":1030,\"commentCount\":0,\"publisher\":{\"@id\":\"https:\/\/jp2doc.pl\/fr\/#organization\"},\"image\":{\"@id\":\"https:\/\/jp2doc.pl\/fr\/2019\/12\/01\/la-venue-du-seigneur\/#primaryimage\"},\"thumbnailUrl\":\"https:\/\/jp2doc.pl\/fr\/wp-content\/uploads\/sites\/5\/2017\/11\/33700936773_67cecda3e9_k.jpg\",\"articleSection\":[\"Blog\",\"Nouveaut\u00e9s\",\"Strona g\u0142\u00f3wna - najnowsze\",\"Strona g\u0142\u00f3wna - slider\"],\"inLanguage\":\"fr-FR\",\"potentialAction\":[{\"@type\":\"CommentAction\",\"name\":\"Comment\",\"target\":[\"https:\/\/jp2doc.pl\/fr\/2019\/12\/01\/la-venue-du-seigneur\/#respond\"]}]},{\"@type\":\"WebPage\",\"@id\":\"https:\/\/jp2doc.pl\/fr\/2019\/12\/01\/la-venue-du-seigneur\/\",\"url\":\"https:\/\/jp2doc.pl\/fr\/2019\/12\/01\/la-venue-du-seigneur\/\",\"name\":\"La venue du Seigneur - Centre de Documentation et d\u2019Etude du Pontificat de Jean-Paul II \u00e0 Rome\",\"isPartOf\":{\"@id\":\"https:\/\/jp2doc.pl\/fr\/#website\"},\"primaryImageOfPage\":{\"@id\":\"https:\/\/jp2doc.pl\/fr\/2019\/12\/01\/la-venue-du-seigneur\/#primaryimage\"},\"image\":{\"@id\":\"https:\/\/jp2doc.pl\/fr\/2019\/12\/01\/la-venue-du-seigneur\/#primaryimage\"},\"thumbnailUrl\":\"https:\/\/jp2doc.pl\/fr\/wp-content\/uploads\/sites\/5\/2017\/11\/33700936773_67cecda3e9_k.jpg\",\"datePublished\":\"2019-12-01T08:07:43+00:00\",\"dateModified\":\"2019-12-01T08:12:16+00:00\",\"breadcrumb\":{\"@id\":\"https:\/\/jp2doc.pl\/fr\/2019\/12\/01\/la-venue-du-seigneur\/#breadcrumb\"},\"inLanguage\":\"fr-FR\",\"potentialAction\":[{\"@type\":\"ReadAction\",\"target\":[\"https:\/\/jp2doc.pl\/fr\/2019\/12\/01\/la-venue-du-seigneur\/\"]}]},{\"@type\":\"ImageObject\",\"inLanguage\":\"fr-FR\",\"@id\":\"https:\/\/jp2doc.pl\/fr\/2019\/12\/01\/la-venue-du-seigneur\/#primaryimage\",\"url\":\"https:\/\/jp2doc.pl\/fr\/wp-content\/uploads\/sites\/5\/2017\/11\/33700936773_67cecda3e9_k.jpg\",\"contentUrl\":\"https:\/\/jp2doc.pl\/fr\/wp-content\/uploads\/sites\/5\/2017\/11\/33700936773_67cecda3e9_k.jpg\",\"width\":1475,\"height\":983},{\"@type\":\"BreadcrumbList\",\"@id\":\"https:\/\/jp2doc.pl\/fr\/2019\/12\/01\/la-venue-du-seigneur\/#breadcrumb\",\"itemListElement\":[{\"@type\":\"ListItem\",\"position\":1,\"name\":\"Home\",\"item\":\"https:\/\/jp2doc.pl\/fr\/\"},{\"@type\":\"ListItem\",\"position\":2,\"name\":\"La venue du Seigneur\"}]},{\"@type\":\"WebSite\",\"@id\":\"https:\/\/jp2doc.pl\/fr\/#website\",\"url\":\"https:\/\/jp2doc.pl\/fr\/\",\"name\":\"Centre de Documentation et d\u2019Etude du Pontificat de Jean-Paul II \u00e0 Rome\",\"description\":\"\",\"publisher\":{\"@id\":\"https:\/\/jp2doc.pl\/fr\/#organization\"},\"potentialAction\":[{\"@type\":\"SearchAction\",\"target\":{\"@type\":\"EntryPoint\",\"urlTemplate\":\"https:\/\/jp2doc.pl\/fr\/?s={search_term_string}\"},\"query-input\":{\"@type\":\"PropertyValueSpecification\",\"valueRequired\":true,\"valueName\":\"search_term_string\"}}],\"inLanguage\":\"fr-FR\"},{\"@type\":\"Organization\",\"@id\":\"https:\/\/jp2doc.pl\/fr\/#organization\",\"name\":\"Centre de Documentation et d\u2019Etude du Pontificat de Jean-Paul II \u00e0 Rome\",\"url\":\"https:\/\/jp2doc.pl\/fr\/\",\"logo\":{\"@type\":\"ImageObject\",\"inLanguage\":\"fr-FR\",\"@id\":\"https:\/\/jp2doc.pl\/fr\/#\/schema\/logo\/image\/\",\"url\":\"https:\/\/jp2doc.pl\/fr\/wp-content\/uploads\/sites\/5\/2017\/03\/cropped-logo.png\",\"contentUrl\":\"https:\/\/jp2doc.pl\/fr\/wp-content\/uploads\/sites\/5\/2017\/03\/cropped-logo.png\",\"width\":115,\"height\":115,\"caption\":\"Centre de Documentation et d\u2019Etude du Pontificat de Jean-Paul II \u00e0 Rome\"},\"image\":{\"@id\":\"https:\/\/jp2doc.pl\/fr\/#\/schema\/logo\/image\/\"}},{\"@type\":\"Person\",\"@id\":\"https:\/\/jp2doc.pl\/fr\/#\/schema\/person\/f1a6804b6b9f176835bf67cba35c4212\",\"name\":\"adobrzynski\",\"image\":{\"@type\":\"ImageObject\",\"inLanguage\":\"fr-FR\",\"@id\":\"https:\/\/jp2doc.pl\/fr\/#\/schema\/person\/image\/\",\"url\":\"https:\/\/secure.gravatar.com\/avatar\/6e7eb2a67f64535320a8aa3d72bc5f83c9e81f3ad1797c6abee2e7c78ed2252a?s=96&d=mm&r=g\",\"contentUrl\":\"https:\/\/secure.gravatar.com\/avatar\/6e7eb2a67f64535320a8aa3d72bc5f83c9e81f3ad1797c6abee2e7c78ed2252a?s=96&d=mm&r=g\",\"caption\":\"adobrzynski\"},\"url\":\"https:\/\/jp2doc.pl\/fr\/author\/adobrzynski\/\"}]}<\/script>\n<!-- \/ Yoast SEO plugin. -->","yoast_head_json":{"title":"La venue du Seigneur - Centre de Documentation et d\u2019Etude du Pontificat de Jean-Paul II \u00e0 Rome","robots":{"index":"index","follow":"follow","max-snippet":"max-snippet:-1","max-image-preview":"max-image-preview:large","max-video-preview":"max-video-preview:-1"},"canonical":"https:\/\/jp2doc.pl\/fr\/2019\/12\/01\/la-venue-du-seigneur\/","og_locale":"fr_FR","og_type":"article","og_title":"La venue du Seigneur - Centre de Documentation et d\u2019Etude du Pontificat de Jean-Paul II \u00e0 Rome","og_description":"I Dimanche de l'Avent","og_url":"https:\/\/jp2doc.pl\/fr\/2019\/12\/01\/la-venue-du-seigneur\/","og_site_name":"Centre de Documentation et d\u2019Etude du Pontificat de Jean-Paul II \u00e0 Rome","article_published_time":"2019-12-01T08:07:43+00:00","article_modified_time":"2019-12-01T08:12:16+00:00","og_image":[{"width":1475,"height":983,"url":"https:\/\/jp2doc.pl\/fr\/wp-content\/uploads\/sites\/5\/2017\/11\/33700936773_67cecda3e9_k.jpg","type":"image\/jpeg"}],"author":"adobrzynski","twitter_card":"summary_large_image","twitter_misc":{"\u00c9crit par":"adobrzynski","Dur\u00e9e de lecture estim\u00e9e":"5 minutes"},"schema":{"@context":"https:\/\/schema.org","@graph":[{"@type":"Article","@id":"https:\/\/jp2doc.pl\/fr\/2019\/12\/01\/la-venue-du-seigneur\/#article","isPartOf":{"@id":"https:\/\/jp2doc.pl\/fr\/2019\/12\/01\/la-venue-du-seigneur\/"},"author":{"name":"adobrzynski","@id":"https:\/\/jp2doc.pl\/fr\/#\/schema\/person\/f1a6804b6b9f176835bf67cba35c4212"},"headline":"La venue du Seigneur","datePublished":"2019-12-01T08:07:43+00:00","dateModified":"2019-12-01T08:12:16+00:00","mainEntityOfPage":{"@id":"https:\/\/jp2doc.pl\/fr\/2019\/12\/01\/la-venue-du-seigneur\/"},"wordCount":1030,"commentCount":0,"publisher":{"@id":"https:\/\/jp2doc.pl\/fr\/#organization"},"image":{"@id":"https:\/\/jp2doc.pl\/fr\/2019\/12\/01\/la-venue-du-seigneur\/#primaryimage"},"thumbnailUrl":"https:\/\/jp2doc.pl\/fr\/wp-content\/uploads\/sites\/5\/2017\/11\/33700936773_67cecda3e9_k.jpg","articleSection":["Blog","Nouveaut\u00e9s","Strona g\u0142\u00f3wna - najnowsze","Strona g\u0142\u00f3wna - slider"],"inLanguage":"fr-FR","potentialAction":[{"@type":"CommentAction","name":"Comment","target":["https:\/\/jp2doc.pl\/fr\/2019\/12\/01\/la-venue-du-seigneur\/#respond"]}]},{"@type":"WebPage","@id":"https:\/\/jp2doc.pl\/fr\/2019\/12\/01\/la-venue-du-seigneur\/","url":"https:\/\/jp2doc.pl\/fr\/2019\/12\/01\/la-venue-du-seigneur\/","name":"La venue du Seigneur - Centre de Documentation et d\u2019Etude du Pontificat de Jean-Paul II \u00e0 Rome","isPartOf":{"@id":"https:\/\/jp2doc.pl\/fr\/#website"},"primaryImageOfPage":{"@id":"https:\/\/jp2doc.pl\/fr\/2019\/12\/01\/la-venue-du-seigneur\/#primaryimage"},"image":{"@id":"https:\/\/jp2doc.pl\/fr\/2019\/12\/01\/la-venue-du-seigneur\/#primaryimage"},"thumbnailUrl":"https:\/\/jp2doc.pl\/fr\/wp-content\/uploads\/sites\/5\/2017\/11\/33700936773_67cecda3e9_k.jpg","datePublished":"2019-12-01T08:07:43+00:00","dateModified":"2019-12-01T08:12:16+00:00","breadcrumb":{"@id":"https:\/\/jp2doc.pl\/fr\/2019\/12\/01\/la-venue-du-seigneur\/#breadcrumb"},"inLanguage":"fr-FR","potentialAction":[{"@type":"ReadAction","target":["https:\/\/jp2doc.pl\/fr\/2019\/12\/01\/la-venue-du-seigneur\/"]}]},{"@type":"ImageObject","inLanguage":"fr-FR","@id":"https:\/\/jp2doc.pl\/fr\/2019\/12\/01\/la-venue-du-seigneur\/#primaryimage","url":"https:\/\/jp2doc.pl\/fr\/wp-content\/uploads\/sites\/5\/2017\/11\/33700936773_67cecda3e9_k.jpg","contentUrl":"https:\/\/jp2doc.pl\/fr\/wp-content\/uploads\/sites\/5\/2017\/11\/33700936773_67cecda3e9_k.jpg","width":1475,"height":983},{"@type":"BreadcrumbList","@id":"https:\/\/jp2doc.pl\/fr\/2019\/12\/01\/la-venue-du-seigneur\/#breadcrumb","itemListElement":[{"@type":"ListItem","position":1,"name":"Home","item":"https:\/\/jp2doc.pl\/fr\/"},{"@type":"ListItem","position":2,"name":"La venue du Seigneur"}]},{"@type":"WebSite","@id":"https:\/\/jp2doc.pl\/fr\/#website","url":"https:\/\/jp2doc.pl\/fr\/","name":"Centre de Documentation et d\u2019Etude du Pontificat de Jean-Paul II \u00e0 Rome","description":"","publisher":{"@id":"https:\/\/jp2doc.pl\/fr\/#organization"},"potentialAction":[{"@type":"SearchAction","target":{"@type":"EntryPoint","urlTemplate":"https:\/\/jp2doc.pl\/fr\/?s={search_term_string}"},"query-input":{"@type":"PropertyValueSpecification","valueRequired":true,"valueName":"search_term_string"}}],"inLanguage":"fr-FR"},{"@type":"Organization","@id":"https:\/\/jp2doc.pl\/fr\/#organization","name":"Centre de Documentation et d\u2019Etude du Pontificat de Jean-Paul II \u00e0 Rome","url":"https:\/\/jp2doc.pl\/fr\/","logo":{"@type":"ImageObject","inLanguage":"fr-FR","@id":"https:\/\/jp2doc.pl\/fr\/#\/schema\/logo\/image\/","url":"https:\/\/jp2doc.pl\/fr\/wp-content\/uploads\/sites\/5\/2017\/03\/cropped-logo.png","contentUrl":"https:\/\/jp2doc.pl\/fr\/wp-content\/uploads\/sites\/5\/2017\/03\/cropped-logo.png","width":115,"height":115,"caption":"Centre de Documentation et d\u2019Etude du Pontificat de Jean-Paul II \u00e0 Rome"},"image":{"@id":"https:\/\/jp2doc.pl\/fr\/#\/schema\/logo\/image\/"}},{"@type":"Person","@id":"https:\/\/jp2doc.pl\/fr\/#\/schema\/person\/f1a6804b6b9f176835bf67cba35c4212","name":"adobrzynski","image":{"@type":"ImageObject","inLanguage":"fr-FR","@id":"https:\/\/jp2doc.pl\/fr\/#\/schema\/person\/image\/","url":"https:\/\/secure.gravatar.com\/avatar\/6e7eb2a67f64535320a8aa3d72bc5f83c9e81f3ad1797c6abee2e7c78ed2252a?s=96&d=mm&r=g","contentUrl":"https:\/\/secure.gravatar.com\/avatar\/6e7eb2a67f64535320a8aa3d72bc5f83c9e81f3ad1797c6abee2e7c78ed2252a?s=96&d=mm&r=g","caption":"adobrzynski"},"url":"https:\/\/jp2doc.pl\/fr\/author\/adobrzynski\/"}]}},"_links":{"self":[{"href":"https:\/\/jp2doc.pl\/fr\/wp-json\/wp\/v2\/posts\/1566","targetHints":{"allow":["GET"]}}],"collection":[{"href":"https:\/\/jp2doc.pl\/fr\/wp-json\/wp\/v2\/posts"}],"about":[{"href":"https:\/\/jp2doc.pl\/fr\/wp-json\/wp\/v2\/types\/post"}],"author":[{"embeddable":true,"href":"https:\/\/jp2doc.pl\/fr\/wp-json\/wp\/v2\/users\/6"}],"replies":[{"embeddable":true,"href":"https:\/\/jp2doc.pl\/fr\/wp-json\/wp\/v2\/comments?post=1566"}],"version-history":[{"count":2,"href":"https:\/\/jp2doc.pl\/fr\/wp-json\/wp\/v2\/posts\/1566\/revisions"}],"predecessor-version":[{"id":1568,"href":"https:\/\/jp2doc.pl\/fr\/wp-json\/wp\/v2\/posts\/1566\/revisions\/1568"}],"wp:featuredmedia":[{"embeddable":true,"href":"https:\/\/jp2doc.pl\/fr\/wp-json\/wp\/v2\/media\/1296"}],"wp:attachment":[{"href":"https:\/\/jp2doc.pl\/fr\/wp-json\/wp\/v2\/media?parent=1566"}],"wp:term":[{"taxonomy":"category","embeddable":true,"href":"https:\/\/jp2doc.pl\/fr\/wp-json\/wp\/v2\/categories?post=1566"},{"taxonomy":"post_tag","embeddable":true,"href":"https:\/\/jp2doc.pl\/fr\/wp-json\/wp\/v2\/tags?post=1566"}],"curies":[{"name":"wp","href":"https:\/\/api.w.org\/{rel}","templated":true}]}}