{"id":1589,"date":"2019-12-29T11:08:28","date_gmt":"2019-12-29T10:08:28","guid":{"rendered":"https:\/\/jp2doc.pl\/fr\/?p=1589"},"modified":"2019-12-29T11:10:06","modified_gmt":"2019-12-29T10:10:06","slug":"lhumilite-de-la-famille-de-nazareth","status":"publish","type":"post","link":"https:\/\/jp2doc.pl\/fr\/2019\/12\/29\/lhumilite-de-la-famille-de-nazareth\/","title":{"rendered":"L\u2019humilit\u00e9 de la famille de Nazareth"},"content":{"rendered":"\n<p><\/p>\n\n\n\n<p>Sic&nbsp;3, 2-14&nbsp;; Col 3, 12-21&nbsp;; Mt 2, 13-23<\/p>\n\n\n\n<p>En ce premier dimanche dans l\u2019octave de la No\u00ebl, nous c\u00e9l\u00e9brons la f\u00eate de la Sainte Famille de J\u00e9sus, Marie et Joseph.<\/p>\n\n\n\n<p>L\u2019Eglise nous invite \u00e0 voir J\u00e9sus, le Fils de Dieu incarn\u00e9, dans sa famille humaine, et \u00e0 chercher \u00e0 relier nos propres familles \u00e0 la famille de Nazareth.<\/p>\n\n\n\n<p>Lorsqu\u2019on lit attentivement l\u2019\u00e9vangile, on voit que deux faits caract\u00e9risent la Sainte Famille.<\/p>\n\n\n\n<p><strong>En constant dialogue avec Dieu<\/strong><\/p>\n\n\n\n<p>Le premier fait est que la Sainte Famille, dans son humanit\u00e9, est ouverte sur Dieu, est en constant dialogue avec Dieu. En Palestine&nbsp;: \u00ab&nbsp;Apr\u00e8s la visite des mages \u00e0 Bethl\u00e9em, l\u2019ange du Seigneur appara\u00eet en songe \u00e0 Joseph&nbsp;\u00bb. Et m\u00eame en terre \u00e9trang\u00e8re comme en Egypte&nbsp;: \u00ab&nbsp;Apr\u00e8s la mort d\u2019H\u00e9rode, l\u2019ange du Seigneur appara\u00eet en songe \u00e0 Joseph en Egypte&nbsp;\u00bb.<\/p>\n\n\n\n<p>La premi\u00e8re lecture aussi insiste sur cette familiarit\u00e9&nbsp;que les familles des croyants doivent avoir avec Dieu, car \u00ab Le Seigneur glorifie le p\u00e8re dans ses enfants, il renforce l\u2019autorit\u00e9 de la m\u00e8re sur ses fils&nbsp;\u00bb. Les enfants, pour un p\u00e8re, viennent de Dieu. Et la vraie autorit\u00e9, pour une m\u00e8re, repose sur Dieu.<\/p>\n\n\n\n<p>C\u2019est le m\u00eame son de cloche qu\u2019on entend dans la deuxi\u00e8me lecture&nbsp;: <\/p>\n\n\n\n<p><em>\u00ab&nbsp;Vous les femmes, soyez soumises \u00e0 votre mari&nbsp;; dans le Seigneur, c\u2019est ce qui convient. Et vous les hommes, aimez votre femme [\u2026]. Vous les enfants, en toutes choses \u00e9coutez vos parents&nbsp;; dans le Seigneur c\u2019est cela qui est beau&nbsp;\u00bb.<\/em> La famille est tiss\u00e9e avec un fil divin, spirituel.<\/p>\n\n\n\n<p>No\u00ebl, la rencontre du ciel et de la terre, de la divinit\u00e9 et de l\u2019humanit\u00e9, reste ext\u00e9rieur \u00e0 nos vies, \u00e0 nos communaut\u00e9s, \u00e0 notre soci\u00e9t\u00e9 si Dieu n\u2019accompagne pas nos familles, si en toutes circonstances, en tous lieux, c\u2019est-\u00e0-dire en sa propre terre ou en terre \u00e9trang\u00e8re, Dieu ne nous parle pas.<\/p>\n\n\n\n<p>D\u2019o\u00f9 les questions&nbsp;:<\/p>\n\n\n\n<p><em>Est-ce que nous consid\u00e9rons Dieu comme un membre de nos familles&nbsp;? Est-ce que nous nous ouvrons \u00e0 lui, comme \u00e0 un conseiller, avant de prendre des d\u00e9cisions, surtout de grandes d\u00e9cisions&nbsp;?<\/em><\/p>\n\n\n\n<p>Un Africain&nbsp;&nbsp;dit&nbsp;: qu\u2019 (Un enfant qui \u00e9coute ne mange pas une chose interdite)&nbsp;\u00bb. On peut le transformer en disant&nbsp;: <\/p>\n\n\n\n<p><em>\u00ab\u00a0Une famille qui se fie au Seigneur marche sur le droit chemin\u00a0\u00bb.<\/em><\/p>\n\n\n\n<p><strong>L\u2019exp\u00e9rience de la brutalit\u00e9 humaine<\/strong><\/p>\n\n\n\n<p>Le deuxi\u00e8me fait est que la Sainte Famille a fait l\u2019exp\u00e9rience de la brutalit\u00e9 humaine. En effet, nous avons entendu dans l\u2019\u00e9vangile que l\u2019Ange du Seigneur est apparu en songe \u00e0 Joseph pour lui dire&nbsp;: <\/p>\n\n\n\n<p><em>\u00ab&nbsp;L\u00e8ve-toi, prends l\u2019enfant et sa m\u00e8re, et fuis en Egypte [\u2026] car H\u00e9rode va chercher l\u2019enfant, pour le faire p\u00e9rir&nbsp;\u00bb.<\/em><\/p>\n\n\n\n<p>Nous apprenons donc que tr\u00e8s t\u00f4t la Sainte Famille a d\u00fb se mettre en route pour chercher un espace de survie. Fuyant la Palestine, elle a trouv\u00e9 cet espace en Egypte, en Afrique.<\/p>\n\n\n\n<p>Nous vivons dans des familles qui ont \u00e9t\u00e9 directement ou indirectement affect\u00e9 par des sc\u00e8nes de violence. Nous connaissons des familles qui ont \u00e9t\u00e9 contrainte \u00e0 l\u2019exode \u00e0 cause du mal qui couve dans notre monde. Dans certains pays comme en Irak, un moment&nbsp;; on n\u2019a pas pu c\u00e9l\u00e9brer No\u00ebl par crainte que les chr\u00e9tiens r\u00e9unis dans les \u00e9glises ne soient la cible des semeurs de la mort. Au Congo Kinshasa, \u00e0 l\u2019Est dans l\u2019Archidioc\u00e8se de Bukavu, en 2002 \u00e0 certains endroits on n\u2019avait pas c\u00e9l\u00e9br\u00e9 Noel \u00e0 cause de l\u2019ins\u00e9curit\u00e9, la r\u00e9bellion\u2026<\/p>\n\n\n\n<p>Malgr\u00e9 tout les croyants doivent savoir que le Seigneur ne les abandonne pas dans les moments difficiles. C\u2019est ce que l\u2019Ange entend rappeler \u00e0 Joseph&nbsp;: \u00ab&nbsp;Reste l\u00e0-bas jusqu\u2019\u00e0 ce que je t\u2019avertisse&nbsp;\u00bb.<\/p>\n\n\n\n<p><em>Quand les choses ne vont pas bien dans nos familles&nbsp;; quand nous sentons le d\u00e9chirement, pour une raison ou pour une autre, est-ce que nous gardons confiance au Seigneur&nbsp;? Est-ce que nous attendons dans la pri\u00e8re et la m\u00e9ditation une parole de lui&nbsp;?<\/em><\/p>\n\n\n\n<p>Le livre de Sirac le sage invite ceux qui parmi nous se croient forts \u00e0 dominer leur violence. Ainsi ces phrases&nbsp;: <\/p>\n\n\n\n<p><em>\u00ab&nbsp;Mon fils, soutiens ton p\u00e8re dans sa vieillesse, ne le chagrine pas pendant sa vie. M\u00eame si son esprit l\u2019abandonne, sois indulgent, ne le m\u00e9prise pas, toi qui es en pleine force&nbsp;\u00bb. <\/em><\/p>\n\n\n\n<p>Ce verset rappel le 4<sup>e<\/sup>commandement de dieu, o\u00f9 les enfants sont invit\u00e9s \u00e0 honorer leurs parents et Dieu les b\u00e9nira.<\/p>\n\n\n\n<p>Saint Paul n\u2019a pas un langage diff\u00e9rent. Il demande aux croyants de cultiver la non-violence en opposition aux valeurs de ce monde&nbsp;: <\/p>\n\n\n\n<p><em>\u00ab&nbsp;Fr\u00e8res, puisque vous avez \u00e9t\u00e9 choisis par Dieu, que vous \u00eates ses fid\u00e8les et ses bien-aim\u00e9s, faites-vous un c\u0153ur plein de tendresse et de bont\u00e9, d\u2019humilit\u00e9, de douceur, de patience&nbsp;\u00bb<\/em>. <\/p>\n\n\n\n<p>C\u2019\u00e9tait vrai pour les Colossiens, c\u2019est aussi vrai pour nous aujourd\u2019hui. C\u2019est ce que nous demandons pour nos familles chr\u00e9tiennes aujourd\u2019hui, cultiver la tendresse et, l\u2019humilit\u00e9, la douceur et la patience&nbsp;entre vous et nos familles seront \u00e0 l\u2019image de la sainte famille de Nazareth, les lieux o\u00f9 Dieu est pr\u00e9sent, des demeures de la Sainte Trinit\u00e9.P\u00e8re<\/p>\n\n\n\n<p>P\u00e8re Jean Claude Cabwinwe Ciza&nbsp;<\/p>\n","protected":false},"excerpt":{"rendered":"<p>La Sainte Famille<\/p>\n","protected":false},"author":6,"featured_media":1590,"comment_status":"open","ping_status":"open","sticky":false,"template":"","format":"standard","meta":{"_acf_changed":false,"_exactmetrics_skip_tracking":false,"_exactmetrics_sitenote_active":false,"_exactmetrics_sitenote_note":"","_exactmetrics_sitenote_category":0,"footnotes":""},"categories":[4,7,13,14],"tags":[],"class_list":["post-1589","post","type-post","status-publish","format-standard","has-post-thumbnail","hentry","category-blog","category-nowosci-wydawnicze","category-strona-glowna-najnowsze","category-strona-glowna-slider"],"acf":[],"yoast_head":"<!-- This site is optimized with the Yoast SEO plugin v26.2 - https:\/\/yoast.com\/wordpress\/plugins\/seo\/ -->\n<title>L\u2019humilit\u00e9 de la famille de Nazareth - Centre de Documentation et d\u2019Etude du Pontificat de Jean-Paul II \u00e0 Rome<\/title>\n<meta name=\"robots\" content=\"index, follow, max-snippet:-1, max-image-preview:large, max-video-preview:-1\" \/>\n<link rel=\"canonical\" href=\"https:\/\/jp2doc.pl\/fr\/2019\/12\/29\/lhumilite-de-la-famille-de-nazareth\/\" \/>\n<meta property=\"og:locale\" content=\"fr_FR\" \/>\n<meta property=\"og:type\" content=\"article\" \/>\n<meta property=\"og:title\" content=\"L\u2019humilit\u00e9 de la famille de Nazareth - Centre de Documentation et d\u2019Etude du Pontificat de Jean-Paul II \u00e0 Rome\" \/>\n<meta property=\"og:description\" content=\"La Sainte Famille\" \/>\n<meta property=\"og:url\" content=\"https:\/\/jp2doc.pl\/fr\/2019\/12\/29\/lhumilite-de-la-famille-de-nazareth\/\" \/>\n<meta property=\"og:site_name\" content=\"Centre de Documentation et d\u2019Etude du Pontificat de Jean-Paul II \u00e0 Rome\" \/>\n<meta property=\"article:published_time\" content=\"2019-12-29T10:08:28+00:00\" \/>\n<meta property=\"article:modified_time\" content=\"2019-12-29T10:10:06+00:00\" \/>\n<meta property=\"og:image\" content=\"https:\/\/jp2doc.pl\/fr\/wp-content\/uploads\/sites\/5\/2019\/12\/affection-baby-black-and-white-carrying-1097499-2.jpg\" \/>\n\t<meta property=\"og:image:width\" content=\"800\" \/>\n\t<meta property=\"og:image:height\" content=\"1000\" \/>\n\t<meta property=\"og:image:type\" content=\"image\/jpeg\" \/>\n<meta name=\"author\" content=\"adobrzynski\" \/>\n<meta name=\"twitter:card\" content=\"summary_large_image\" \/>\n<meta name=\"twitter:label1\" content=\"\u00c9crit par\" \/>\n\t<meta name=\"twitter:data1\" content=\"adobrzynski\" \/>\n\t<meta name=\"twitter:label2\" content=\"Dur\u00e9e de lecture estim\u00e9e\" \/>\n\t<meta name=\"twitter:data2\" content=\"5 minutes\" \/>\n<script type=\"application\/ld+json\" class=\"yoast-schema-graph\">{\"@context\":\"https:\/\/schema.org\",\"@graph\":[{\"@type\":\"Article\",\"@id\":\"https:\/\/jp2doc.pl\/fr\/2019\/12\/29\/lhumilite-de-la-famille-de-nazareth\/#article\",\"isPartOf\":{\"@id\":\"https:\/\/jp2doc.pl\/fr\/2019\/12\/29\/lhumilite-de-la-famille-de-nazareth\/\"},\"author\":{\"name\":\"adobrzynski\",\"@id\":\"https:\/\/jp2doc.pl\/fr\/#\/schema\/person\/f1a6804b6b9f176835bf67cba35c4212\"},\"headline\":\"L\u2019humilit\u00e9 de la famille de Nazareth\",\"datePublished\":\"2019-12-29T10:08:28+00:00\",\"dateModified\":\"2019-12-29T10:10:06+00:00\",\"mainEntityOfPage\":{\"@id\":\"https:\/\/jp2doc.pl\/fr\/2019\/12\/29\/lhumilite-de-la-famille-de-nazareth\/\"},\"wordCount\":950,\"commentCount\":0,\"publisher\":{\"@id\":\"https:\/\/jp2doc.pl\/fr\/#organization\"},\"image\":{\"@id\":\"https:\/\/jp2doc.pl\/fr\/2019\/12\/29\/lhumilite-de-la-famille-de-nazareth\/#primaryimage\"},\"thumbnailUrl\":\"https:\/\/jp2doc.pl\/fr\/wp-content\/uploads\/sites\/5\/2019\/12\/affection-baby-black-and-white-carrying-1097499-2.jpg\",\"articleSection\":[\"Blog\",\"Nouveaut\u00e9s\",\"Strona g\u0142\u00f3wna - najnowsze\",\"Strona g\u0142\u00f3wna - slider\"],\"inLanguage\":\"fr-FR\",\"potentialAction\":[{\"@type\":\"CommentAction\",\"name\":\"Comment\",\"target\":[\"https:\/\/jp2doc.pl\/fr\/2019\/12\/29\/lhumilite-de-la-famille-de-nazareth\/#respond\"]}]},{\"@type\":\"WebPage\",\"@id\":\"https:\/\/jp2doc.pl\/fr\/2019\/12\/29\/lhumilite-de-la-famille-de-nazareth\/\",\"url\":\"https:\/\/jp2doc.pl\/fr\/2019\/12\/29\/lhumilite-de-la-famille-de-nazareth\/\",\"name\":\"L\u2019humilit\u00e9 de la famille de Nazareth - Centre de Documentation et d\u2019Etude du Pontificat de Jean-Paul II \u00e0 Rome\",\"isPartOf\":{\"@id\":\"https:\/\/jp2doc.pl\/fr\/#website\"},\"primaryImageOfPage\":{\"@id\":\"https:\/\/jp2doc.pl\/fr\/2019\/12\/29\/lhumilite-de-la-famille-de-nazareth\/#primaryimage\"},\"image\":{\"@id\":\"https:\/\/jp2doc.pl\/fr\/2019\/12\/29\/lhumilite-de-la-famille-de-nazareth\/#primaryimage\"},\"thumbnailUrl\":\"https:\/\/jp2doc.pl\/fr\/wp-content\/uploads\/sites\/5\/2019\/12\/affection-baby-black-and-white-carrying-1097499-2.jpg\",\"datePublished\":\"2019-12-29T10:08:28+00:00\",\"dateModified\":\"2019-12-29T10:10:06+00:00\",\"breadcrumb\":{\"@id\":\"https:\/\/jp2doc.pl\/fr\/2019\/12\/29\/lhumilite-de-la-famille-de-nazareth\/#breadcrumb\"},\"inLanguage\":\"fr-FR\",\"potentialAction\":[{\"@type\":\"ReadAction\",\"target\":[\"https:\/\/jp2doc.pl\/fr\/2019\/12\/29\/lhumilite-de-la-famille-de-nazareth\/\"]}]},{\"@type\":\"ImageObject\",\"inLanguage\":\"fr-FR\",\"@id\":\"https:\/\/jp2doc.pl\/fr\/2019\/12\/29\/lhumilite-de-la-famille-de-nazareth\/#primaryimage\",\"url\":\"https:\/\/jp2doc.pl\/fr\/wp-content\/uploads\/sites\/5\/2019\/12\/affection-baby-black-and-white-carrying-1097499-2.jpg\",\"contentUrl\":\"https:\/\/jp2doc.pl\/fr\/wp-content\/uploads\/sites\/5\/2019\/12\/affection-baby-black-and-white-carrying-1097499-2.jpg\",\"width\":800,\"height\":1000},{\"@type\":\"BreadcrumbList\",\"@id\":\"https:\/\/jp2doc.pl\/fr\/2019\/12\/29\/lhumilite-de-la-famille-de-nazareth\/#breadcrumb\",\"itemListElement\":[{\"@type\":\"ListItem\",\"position\":1,\"name\":\"Home\",\"item\":\"https:\/\/jp2doc.pl\/fr\/\"},{\"@type\":\"ListItem\",\"position\":2,\"name\":\"L\u2019humilit\u00e9 de la famille de Nazareth\"}]},{\"@type\":\"WebSite\",\"@id\":\"https:\/\/jp2doc.pl\/fr\/#website\",\"url\":\"https:\/\/jp2doc.pl\/fr\/\",\"name\":\"Centre de Documentation et d\u2019Etude du Pontificat de Jean-Paul II \u00e0 Rome\",\"description\":\"\",\"publisher\":{\"@id\":\"https:\/\/jp2doc.pl\/fr\/#organization\"},\"potentialAction\":[{\"@type\":\"SearchAction\",\"target\":{\"@type\":\"EntryPoint\",\"urlTemplate\":\"https:\/\/jp2doc.pl\/fr\/?s={search_term_string}\"},\"query-input\":{\"@type\":\"PropertyValueSpecification\",\"valueRequired\":true,\"valueName\":\"search_term_string\"}}],\"inLanguage\":\"fr-FR\"},{\"@type\":\"Organization\",\"@id\":\"https:\/\/jp2doc.pl\/fr\/#organization\",\"name\":\"Centre de Documentation et d\u2019Etude du Pontificat de Jean-Paul II \u00e0 Rome\",\"url\":\"https:\/\/jp2doc.pl\/fr\/\",\"logo\":{\"@type\":\"ImageObject\",\"inLanguage\":\"fr-FR\",\"@id\":\"https:\/\/jp2doc.pl\/fr\/#\/schema\/logo\/image\/\",\"url\":\"https:\/\/jp2doc.pl\/fr\/wp-content\/uploads\/sites\/5\/2017\/03\/cropped-logo.png\",\"contentUrl\":\"https:\/\/jp2doc.pl\/fr\/wp-content\/uploads\/sites\/5\/2017\/03\/cropped-logo.png\",\"width\":115,\"height\":115,\"caption\":\"Centre de Documentation et d\u2019Etude du Pontificat de Jean-Paul II \u00e0 Rome\"},\"image\":{\"@id\":\"https:\/\/jp2doc.pl\/fr\/#\/schema\/logo\/image\/\"}},{\"@type\":\"Person\",\"@id\":\"https:\/\/jp2doc.pl\/fr\/#\/schema\/person\/f1a6804b6b9f176835bf67cba35c4212\",\"name\":\"adobrzynski\",\"image\":{\"@type\":\"ImageObject\",\"inLanguage\":\"fr-FR\",\"@id\":\"https:\/\/jp2doc.pl\/fr\/#\/schema\/person\/image\/\",\"url\":\"https:\/\/secure.gravatar.com\/avatar\/6e7eb2a67f64535320a8aa3d72bc5f83c9e81f3ad1797c6abee2e7c78ed2252a?s=96&d=mm&r=g\",\"contentUrl\":\"https:\/\/secure.gravatar.com\/avatar\/6e7eb2a67f64535320a8aa3d72bc5f83c9e81f3ad1797c6abee2e7c78ed2252a?s=96&d=mm&r=g\",\"caption\":\"adobrzynski\"},\"url\":\"https:\/\/jp2doc.pl\/fr\/author\/adobrzynski\/\"}]}<\/script>\n<!-- \/ Yoast SEO plugin. -->","yoast_head_json":{"title":"L\u2019humilit\u00e9 de la famille de Nazareth - Centre de Documentation et d\u2019Etude du Pontificat de Jean-Paul II \u00e0 Rome","robots":{"index":"index","follow":"follow","max-snippet":"max-snippet:-1","max-image-preview":"max-image-preview:large","max-video-preview":"max-video-preview:-1"},"canonical":"https:\/\/jp2doc.pl\/fr\/2019\/12\/29\/lhumilite-de-la-famille-de-nazareth\/","og_locale":"fr_FR","og_type":"article","og_title":"L\u2019humilit\u00e9 de la famille de Nazareth - Centre de Documentation et d\u2019Etude du Pontificat de Jean-Paul II \u00e0 Rome","og_description":"La Sainte Famille","og_url":"https:\/\/jp2doc.pl\/fr\/2019\/12\/29\/lhumilite-de-la-famille-de-nazareth\/","og_site_name":"Centre de Documentation et d\u2019Etude du Pontificat de Jean-Paul II \u00e0 Rome","article_published_time":"2019-12-29T10:08:28+00:00","article_modified_time":"2019-12-29T10:10:06+00:00","og_image":[{"width":800,"height":1000,"url":"https:\/\/jp2doc.pl\/fr\/wp-content\/uploads\/sites\/5\/2019\/12\/affection-baby-black-and-white-carrying-1097499-2.jpg","type":"image\/jpeg"}],"author":"adobrzynski","twitter_card":"summary_large_image","twitter_misc":{"\u00c9crit par":"adobrzynski","Dur\u00e9e de lecture estim\u00e9e":"5 minutes"},"schema":{"@context":"https:\/\/schema.org","@graph":[{"@type":"Article","@id":"https:\/\/jp2doc.pl\/fr\/2019\/12\/29\/lhumilite-de-la-famille-de-nazareth\/#article","isPartOf":{"@id":"https:\/\/jp2doc.pl\/fr\/2019\/12\/29\/lhumilite-de-la-famille-de-nazareth\/"},"author":{"name":"adobrzynski","@id":"https:\/\/jp2doc.pl\/fr\/#\/schema\/person\/f1a6804b6b9f176835bf67cba35c4212"},"headline":"L\u2019humilit\u00e9 de la famille de Nazareth","datePublished":"2019-12-29T10:08:28+00:00","dateModified":"2019-12-29T10:10:06+00:00","mainEntityOfPage":{"@id":"https:\/\/jp2doc.pl\/fr\/2019\/12\/29\/lhumilite-de-la-famille-de-nazareth\/"},"wordCount":950,"commentCount":0,"publisher":{"@id":"https:\/\/jp2doc.pl\/fr\/#organization"},"image":{"@id":"https:\/\/jp2doc.pl\/fr\/2019\/12\/29\/lhumilite-de-la-famille-de-nazareth\/#primaryimage"},"thumbnailUrl":"https:\/\/jp2doc.pl\/fr\/wp-content\/uploads\/sites\/5\/2019\/12\/affection-baby-black-and-white-carrying-1097499-2.jpg","articleSection":["Blog","Nouveaut\u00e9s","Strona g\u0142\u00f3wna - najnowsze","Strona g\u0142\u00f3wna - slider"],"inLanguage":"fr-FR","potentialAction":[{"@type":"CommentAction","name":"Comment","target":["https:\/\/jp2doc.pl\/fr\/2019\/12\/29\/lhumilite-de-la-famille-de-nazareth\/#respond"]}]},{"@type":"WebPage","@id":"https:\/\/jp2doc.pl\/fr\/2019\/12\/29\/lhumilite-de-la-famille-de-nazareth\/","url":"https:\/\/jp2doc.pl\/fr\/2019\/12\/29\/lhumilite-de-la-famille-de-nazareth\/","name":"L\u2019humilit\u00e9 de la famille de Nazareth - Centre de Documentation et d\u2019Etude du Pontificat de Jean-Paul II \u00e0 Rome","isPartOf":{"@id":"https:\/\/jp2doc.pl\/fr\/#website"},"primaryImageOfPage":{"@id":"https:\/\/jp2doc.pl\/fr\/2019\/12\/29\/lhumilite-de-la-famille-de-nazareth\/#primaryimage"},"image":{"@id":"https:\/\/jp2doc.pl\/fr\/2019\/12\/29\/lhumilite-de-la-famille-de-nazareth\/#primaryimage"},"thumbnailUrl":"https:\/\/jp2doc.pl\/fr\/wp-content\/uploads\/sites\/5\/2019\/12\/affection-baby-black-and-white-carrying-1097499-2.jpg","datePublished":"2019-12-29T10:08:28+00:00","dateModified":"2019-12-29T10:10:06+00:00","breadcrumb":{"@id":"https:\/\/jp2doc.pl\/fr\/2019\/12\/29\/lhumilite-de-la-famille-de-nazareth\/#breadcrumb"},"inLanguage":"fr-FR","potentialAction":[{"@type":"ReadAction","target":["https:\/\/jp2doc.pl\/fr\/2019\/12\/29\/lhumilite-de-la-famille-de-nazareth\/"]}]},{"@type":"ImageObject","inLanguage":"fr-FR","@id":"https:\/\/jp2doc.pl\/fr\/2019\/12\/29\/lhumilite-de-la-famille-de-nazareth\/#primaryimage","url":"https:\/\/jp2doc.pl\/fr\/wp-content\/uploads\/sites\/5\/2019\/12\/affection-baby-black-and-white-carrying-1097499-2.jpg","contentUrl":"https:\/\/jp2doc.pl\/fr\/wp-content\/uploads\/sites\/5\/2019\/12\/affection-baby-black-and-white-carrying-1097499-2.jpg","width":800,"height":1000},{"@type":"BreadcrumbList","@id":"https:\/\/jp2doc.pl\/fr\/2019\/12\/29\/lhumilite-de-la-famille-de-nazareth\/#breadcrumb","itemListElement":[{"@type":"ListItem","position":1,"name":"Home","item":"https:\/\/jp2doc.pl\/fr\/"},{"@type":"ListItem","position":2,"name":"L\u2019humilit\u00e9 de la famille de Nazareth"}]},{"@type":"WebSite","@id":"https:\/\/jp2doc.pl\/fr\/#website","url":"https:\/\/jp2doc.pl\/fr\/","name":"Centre de Documentation et d\u2019Etude du Pontificat de Jean-Paul II \u00e0 Rome","description":"","publisher":{"@id":"https:\/\/jp2doc.pl\/fr\/#organization"},"potentialAction":[{"@type":"SearchAction","target":{"@type":"EntryPoint","urlTemplate":"https:\/\/jp2doc.pl\/fr\/?s={search_term_string}"},"query-input":{"@type":"PropertyValueSpecification","valueRequired":true,"valueName":"search_term_string"}}],"inLanguage":"fr-FR"},{"@type":"Organization","@id":"https:\/\/jp2doc.pl\/fr\/#organization","name":"Centre de Documentation et d\u2019Etude du Pontificat de Jean-Paul II \u00e0 Rome","url":"https:\/\/jp2doc.pl\/fr\/","logo":{"@type":"ImageObject","inLanguage":"fr-FR","@id":"https:\/\/jp2doc.pl\/fr\/#\/schema\/logo\/image\/","url":"https:\/\/jp2doc.pl\/fr\/wp-content\/uploads\/sites\/5\/2017\/03\/cropped-logo.png","contentUrl":"https:\/\/jp2doc.pl\/fr\/wp-content\/uploads\/sites\/5\/2017\/03\/cropped-logo.png","width":115,"height":115,"caption":"Centre de Documentation et d\u2019Etude du Pontificat de Jean-Paul II \u00e0 Rome"},"image":{"@id":"https:\/\/jp2doc.pl\/fr\/#\/schema\/logo\/image\/"}},{"@type":"Person","@id":"https:\/\/jp2doc.pl\/fr\/#\/schema\/person\/f1a6804b6b9f176835bf67cba35c4212","name":"adobrzynski","image":{"@type":"ImageObject","inLanguage":"fr-FR","@id":"https:\/\/jp2doc.pl\/fr\/#\/schema\/person\/image\/","url":"https:\/\/secure.gravatar.com\/avatar\/6e7eb2a67f64535320a8aa3d72bc5f83c9e81f3ad1797c6abee2e7c78ed2252a?s=96&d=mm&r=g","contentUrl":"https:\/\/secure.gravatar.com\/avatar\/6e7eb2a67f64535320a8aa3d72bc5f83c9e81f3ad1797c6abee2e7c78ed2252a?s=96&d=mm&r=g","caption":"adobrzynski"},"url":"https:\/\/jp2doc.pl\/fr\/author\/adobrzynski\/"}]}},"_links":{"self":[{"href":"https:\/\/jp2doc.pl\/fr\/wp-json\/wp\/v2\/posts\/1589","targetHints":{"allow":["GET"]}}],"collection":[{"href":"https:\/\/jp2doc.pl\/fr\/wp-json\/wp\/v2\/posts"}],"about":[{"href":"https:\/\/jp2doc.pl\/fr\/wp-json\/wp\/v2\/types\/post"}],"author":[{"embeddable":true,"href":"https:\/\/jp2doc.pl\/fr\/wp-json\/wp\/v2\/users\/6"}],"replies":[{"embeddable":true,"href":"https:\/\/jp2doc.pl\/fr\/wp-json\/wp\/v2\/comments?post=1589"}],"version-history":[{"count":2,"href":"https:\/\/jp2doc.pl\/fr\/wp-json\/wp\/v2\/posts\/1589\/revisions"}],"predecessor-version":[{"id":1592,"href":"https:\/\/jp2doc.pl\/fr\/wp-json\/wp\/v2\/posts\/1589\/revisions\/1592"}],"wp:featuredmedia":[{"embeddable":true,"href":"https:\/\/jp2doc.pl\/fr\/wp-json\/wp\/v2\/media\/1590"}],"wp:attachment":[{"href":"https:\/\/jp2doc.pl\/fr\/wp-json\/wp\/v2\/media?parent=1589"}],"wp:term":[{"taxonomy":"category","embeddable":true,"href":"https:\/\/jp2doc.pl\/fr\/wp-json\/wp\/v2\/categories?post=1589"},{"taxonomy":"post_tag","embeddable":true,"href":"https:\/\/jp2doc.pl\/fr\/wp-json\/wp\/v2\/tags?post=1589"}],"curies":[{"name":"wp","href":"https:\/\/api.w.org\/{rel}","templated":true}]}}