{"id":1600,"date":"2020-01-06T09:12:56","date_gmt":"2020-01-06T08:12:56","guid":{"rendered":"https:\/\/jp2doc.pl\/fr\/?p=1600"},"modified":"2020-01-06T09:12:57","modified_gmt":"2020-01-06T08:12:57","slug":"ouvrir-a-jesus-nos-coeurs","status":"publish","type":"post","link":"https:\/\/jp2doc.pl\/fr\/2020\/01\/06\/ouvrir-a-jesus-nos-coeurs\/","title":{"rendered":"Ouvrir \u00e0 J\u00e9sus nos c\u0153urs"},"content":{"rendered":"\n<p><strong>\u00a0<\/strong>Is 60, 1-6\u00a0; Eph 3, 2-6\u00a0; Mt 2, 1-12<\/p>\n\n\n\n<p>Aujourd\u2019hui nous f\u00eatons l\u2019Epiphanie du Seigneur, c\u2019est-\u00e0-dire la manifestation du Christ au monde. Les lectures qui nous sont propos\u00e9es nous introduisent au th\u00e8me de\u00a0l\u2019h\u00e9ritage. Dans\u00a0la deuxi\u00e8me lecturenous avons entendu\u00a0saint Pauldire aux\u00a0Eph\u00e9siens\u00a0: <em>\u00ab\u00a0gr\u00e2ce \u00e0 l\u2019Evangile, les pa\u00efens sont associ\u00e9s au m\u00eame h\u00e9ritage, au m\u00eame corps, au partage de la m\u00eame promesse, dans le Christ J\u00e9sus\u00a0\u00bb.<\/em><\/p>\n\n\n\n<p>Qu\u2019est-ce qu\u2019un h\u00e9ritage&nbsp;? Un h\u00e9ritage est un bien l\u00e9gu\u00e9 par quelqu\u2019un \u00e0 un autre. L\u2019h\u00e9ritier devient le propri\u00e9taire l\u00e9gitime du bien l\u00e9gu\u00e9. Les h\u00e9ritages sont souvent des sources des conflits, non pas parce que les testaments seraient difficiles \u00e0 faire ou faciles \u00e0 contester, mais bien parce que les h\u00e9ritages sont importants. Ils apportent un plus dans la vie des h\u00e9ritiers.<\/p>\n\n\n\n<p>Quel est cet h\u00e9ritage que Dieu veut nous transmettre\u00a0? C\u2019est\u00a0Isa\u00efe dans\u00a0la premi\u00e8re lecture qui r\u00e9pond \u00e0 cette question lorsque s\u2019adressant \u00e0 J\u00e9rusalem, il dit\u00a0: \u00ab\u00a0sur toi se l\u00e8ve le Seigneur, et sa gloire brille sur toi\u00a0\u00bb. Dieu veut nous associer \u00e0 sa gloire, \u00e0 sa vie, et c\u2019est par la naissance de son Fils. Par le Christ, nous devenons nous aussi\u00a0\u00a0des fils. Ou comme l\u2019\u00e9crit\u00a0saint Paul aux\u00a0Romains\u00a0: \u00ab\u00a0[nous sommes des] Enfants, et donc h\u00e9ritiers\u00a0: h\u00e9ritiers de Dieu, coh\u00e9ritiers de Christ, puisque, ayant part \u00e0 ses souffrances, nous aurons part \u00e0 sa gloire\u00a0\u00bb (Rm, 8, 17).<\/p>\n\n\n\n<p><strong>La caract\u00e9ristique de notre monde<\/strong><\/p>\n\n\n\n<p>Mais comment est l\u2019\u00e9tat du monde avant la manifestation du Seigneur\u00a0? C\u2019est de nouveau\u00a0Isa\u00efe qui nous r\u00e9pond en disant\u00a0\u00e0 J\u00e9rusalem et donc \u00e0 chacun de nous dans\u00a0la premi\u00e8re lecture\u00a0: \u00ab\u00a0Regarde\u00a0: l\u2019obscurit\u00e9 recouvre la terre, les t\u00e9n\u00e8bres couvrent les peuples\u00a0\u00bb. C\u2019est un constat grave. Mais c\u2019est l\u00e0 la caract\u00e9ristique de notre monde.\u00a0La terre est dans l\u2019obscurit\u00e9\u00a0: nous sommes incapables de bien nous voir les uns les autres. Nous sommes incapables de sentir les besoins du monde.\u00a0Nos peuples sont dans les t\u00e9n\u00e8bres\u00a0: nous ne savons pas vraiment nous aimer les uns les autres. Nous refusons d\u2019\u00eatre des hommes et des femmes justes, bons.<\/p>\n\n\n\n<p>Dans les lectures, un personnage symbolise ce monde fait d\u2019obscurit\u00e9 et des t\u00e9n\u00e8bres. C\u2019est\u00a0H\u00e9rode.<\/p>\n\n\n\n<p><strong>La vie dans la suffisance<\/strong>\u00a0<\/p>\n\n\n\n<p>Il est roi, il habite J\u00e9rusalem, il peut r\u00e9unir tous les chefs des pr\u00eatres et tous les scribes d\u2019Isra\u00ebl. Il est donc puissant, il peut faire tout ce qu\u2019il veut. Et c\u2019est l\u00e0 que tout le probl\u00e8me commence. Enferm\u00e9 son orgueil, H\u00e9rode ne conna\u00eet pas Dieu qui pourrait remettre en question ses int\u00e9r\u00eats. Mais J\u00e9rusalem est, comme H\u00e9rode, une cit\u00e9 orgueilleuse, \u00e9gocentrique, trop s\u00fbre d\u2019elle-m\u00eame, enferm\u00e9e sur elle-m\u00eame, incapable de se remettre en question. Ainsi, lorsqu\u2019arrivent les mages avec la nouvelle de la naissance d\u2019un roi, H\u00e9rode est \u00ab\u00a0pris d\u2019inqui\u00e9tude, et tout J\u00e9rusalem avec lui\u00a0\u00bb.<\/p>\n\n\n\n<ul class=\"wp-block-list\"><li><em>Ne nous sentons nous pas inquiets de devoir changer notre mani\u00e8re de vivre avec la nouvelle de la naissance du Christ\u00a0?<\/em><\/li><\/ul>\n\n\n\n<p><strong>La vie dans le mensonge\u00a0<\/strong><\/p>\n\n\n\n<p>H\u00e9rode, dit l\u2019\u00e9vangile, \u00ab\u00a0convoqua les mages en secret\u00a0\u00bb, puis les envoya en disant\u00a0: \u00ab\u00a0quand vous l\u2019aurez trouv\u00e9, avertissez-moi pour que j\u2019aille, moi aussi, me prosterner devant lui\u00a0\u00bb. Le secret ici d\u00e9signe le monde du mensonge par excellence. H\u00e9rode ne veut pas d\u00e9voiler son vrai visage, cache bien ses intentions pour qu\u2019on le prenne pour un ami. Mais au fond, c\u2019est un ennemi de la vie renouvel\u00e9e, de la lumi\u00e8re, du jour. Un loup habill\u00e9 en mouton.<\/p>\n\n\n\n<ul class=\"wp-block-list\"><li><em>Mais ne sommes-nous pas trop familiers d\u2019un tel monde\u00a0? N\u2019agissons-nous pas bien souvent en cachette, derri\u00e8re les dos des gens pour faire mieux avancer notre cause, voire pour nuire aux int\u00e9r\u00eats des autres\u00a0?<\/em><\/li><\/ul>\n\n\n\n<p>Dieu veut que cela change. Il nous dit aujourd\u2019hui, comme il dit \u00e0 J\u00e9rusalem dans\u00a0Isa\u00efe\u00a0: \u00ab\u00a0Debout\u00a0\u00bb.<\/p>\n\n\n\n<p>Debout, pourquoi&nbsp;?<\/p>\n\n\n\n<p><strong>Pour suivre l\u2019\u00e9toile<\/strong>\u00a0<\/p>\n\n\n\n<p>L\u2019\u00e9toile, c\u2019est la parole de Dieu. C\u2019est elle qui doit guider notre vie. Elle est cette lumi\u00e8re qui \u00e9claire au fond des obscurit\u00e9s de nos c\u0153urs. Elle doit nous pr\u00e9c\u00e9der comme l\u2019\u00e9toile pr\u00e9c\u00e9dait les mages et nous conduire l\u00e0 o\u00f9 J\u00e9sus nait aujourd\u2019hui\u00a0: chez le voisin peut-\u00eatre. Ou peut-\u00eatre chez cette personne que je n\u2019aime pas assez.\u00a0L\u2019\u00e9vangile\u00a0pr\u00e9cise\u00a0: \u00ab\u00a0Quand ils virent l\u2019\u00e9toile, [les mages] \u00e9prouv\u00e8rent une grande joie\u00a0\u00bb. Le contact avec la Parole de Dieu doit \u00e9loigner le doute, la tristesse de notre vie. J\u2019esp\u00e8re que le jour de Noel, nous \u00e9tions tous dans la joie, parce que nous avons vu la lumi\u00e8re, le Christ qui \u00e9claire, guide notre vie et qui nous lib\u00e8re de tout ce qui est t\u00e9n\u00e8bres.<\/p>\n\n\n\n<p><strong>Pour adorer le Seigneur<\/strong>\u00a0<\/p>\n\n\n\n<p>Les mages entr\u00e8rent dans la maison. Il ne faut pas rester dehors. Il faut entrer dans l\u2019intimit\u00e9 du Christ. Il nous faut tomber \u00e0 genoux devant lui, nous prosterner devant lui, et non devant les idoles\u00a0:\u00a0l\u2019argent, le pouvoir, certaines personnes, des richesses. Et puis ouvrir \u00e0 J\u00e9sus nos c\u0153urs comme les mages ont ouvert leurs coffrets. Enfin offrir \u00e0 J\u00e9sus ce qui nous tient \u00e0 c\u0153ur\u00a0: nos familles, notre travail, nos amiti\u00e9s, nos projets, notre vie. Il les b\u00e9nira.<\/p>\n\n\n\n<p>Tout cela doit mener \u00e0 la\u00a0conversion. Comme les mages, ne retournons pas chez H\u00e9rode, au monde des t\u00e9n\u00e8bres. Mais regagnons notre pays par un autre chemin, celui de la lumi\u00e8re du Christ.<\/p>\n\n\n\n<p>P\u00e8re Jean Claude Cabwinwe Ciza\u00a0<\/p>\n\n\n\n<p>Photo <\/p>\n\n\n\n<p>Photo by&nbsp;<strong><a href=\"https:\/\/www.pexels.com\/@joao-cabral-1723948?utm_content=attributionCopyText&amp;utm_medium=referral&amp;utm_source=pexels\">Jo\u00e3o Cabral&nbsp;<\/a><\/strong>from&nbsp;<strong><a href=\"https:\/\/www.pexels.com\/photo\/person-walking-on-street-3325720\/?utm_content=attributionCopyText&amp;utm_medium=referral&amp;utm_source=pexels\">Pexels<\/a><\/strong><\/p>\n\n\n\n<p><\/p>\n\n\n\n<p><\/p>\n","protected":false},"excerpt":{"rendered":"<p> Epiphanie du Seigneur  <\/p>\n","protected":false},"author":6,"featured_media":1601,"comment_status":"open","ping_status":"open","sticky":false,"template":"","format":"standard","meta":{"_acf_changed":false,"_exactmetrics_skip_tracking":false,"_exactmetrics_sitenote_active":false,"_exactmetrics_sitenote_note":"","_exactmetrics_sitenote_category":0,"footnotes":""},"categories":[4,7,13,14],"tags":[],"class_list":["post-1600","post","type-post","status-publish","format-standard","has-post-thumbnail","hentry","category-blog","category-nowosci-wydawnicze","category-strona-glowna-najnowsze","category-strona-glowna-slider"],"acf":[],"yoast_head":"<!-- This site is optimized with the Yoast SEO plugin v26.2 - https:\/\/yoast.com\/wordpress\/plugins\/seo\/ -->\n<title>Ouvrir \u00e0 J\u00e9sus nos c\u0153urs - Centre de Documentation et d\u2019Etude du Pontificat de Jean-Paul II \u00e0 Rome<\/title>\n<meta name=\"robots\" content=\"index, follow, max-snippet:-1, max-image-preview:large, max-video-preview:-1\" \/>\n<link rel=\"canonical\" href=\"https:\/\/jp2doc.pl\/fr\/2020\/01\/06\/ouvrir-a-jesus-nos-coeurs\/\" \/>\n<meta property=\"og:locale\" content=\"fr_FR\" \/>\n<meta property=\"og:type\" content=\"article\" \/>\n<meta property=\"og:title\" content=\"Ouvrir \u00e0 J\u00e9sus nos c\u0153urs - Centre de Documentation et d\u2019Etude du Pontificat de Jean-Paul II \u00e0 Rome\" \/>\n<meta property=\"og:description\" content=\"Epiphanie du Seigneur\" \/>\n<meta property=\"og:url\" content=\"https:\/\/jp2doc.pl\/fr\/2020\/01\/06\/ouvrir-a-jesus-nos-coeurs\/\" \/>\n<meta property=\"og:site_name\" content=\"Centre de Documentation et d\u2019Etude du Pontificat de Jean-Paul II \u00e0 Rome\" \/>\n<meta property=\"article:published_time\" content=\"2020-01-06T08:12:56+00:00\" \/>\n<meta property=\"article:modified_time\" content=\"2020-01-06T08:12:57+00:00\" \/>\n<meta property=\"og:image\" content=\"https:\/\/jp2doc.pl\/fr\/wp-content\/uploads\/sites\/5\/2020\/01\/person-walking-on-street-3325720.jpg\" \/>\n\t<meta property=\"og:image:width\" content=\"1280\" \/>\n\t<meta property=\"og:image:height\" content=\"1924\" \/>\n\t<meta property=\"og:image:type\" content=\"image\/jpeg\" \/>\n<meta name=\"author\" content=\"adobrzynski\" \/>\n<meta name=\"twitter:card\" content=\"summary_large_image\" \/>\n<meta name=\"twitter:label1\" content=\"\u00c9crit par\" \/>\n\t<meta name=\"twitter:data1\" content=\"adobrzynski\" \/>\n\t<meta name=\"twitter:label2\" content=\"Dur\u00e9e de lecture estim\u00e9e\" \/>\n\t<meta name=\"twitter:data2\" content=\"5 minutes\" \/>\n<script type=\"application\/ld+json\" class=\"yoast-schema-graph\">{\"@context\":\"https:\/\/schema.org\",\"@graph\":[{\"@type\":\"Article\",\"@id\":\"https:\/\/jp2doc.pl\/fr\/2020\/01\/06\/ouvrir-a-jesus-nos-coeurs\/#article\",\"isPartOf\":{\"@id\":\"https:\/\/jp2doc.pl\/fr\/2020\/01\/06\/ouvrir-a-jesus-nos-coeurs\/\"},\"author\":{\"name\":\"adobrzynski\",\"@id\":\"https:\/\/jp2doc.pl\/fr\/#\/schema\/person\/f1a6804b6b9f176835bf67cba35c4212\"},\"headline\":\"Ouvrir \u00e0 J\u00e9sus nos c\u0153urs\",\"datePublished\":\"2020-01-06T08:12:56+00:00\",\"dateModified\":\"2020-01-06T08:12:57+00:00\",\"mainEntityOfPage\":{\"@id\":\"https:\/\/jp2doc.pl\/fr\/2020\/01\/06\/ouvrir-a-jesus-nos-coeurs\/\"},\"wordCount\":1005,\"commentCount\":0,\"publisher\":{\"@id\":\"https:\/\/jp2doc.pl\/fr\/#organization\"},\"image\":{\"@id\":\"https:\/\/jp2doc.pl\/fr\/2020\/01\/06\/ouvrir-a-jesus-nos-coeurs\/#primaryimage\"},\"thumbnailUrl\":\"https:\/\/jp2doc.pl\/fr\/wp-content\/uploads\/sites\/5\/2020\/01\/person-walking-on-street-3325720.jpg\",\"articleSection\":[\"Blog\",\"Nouveaut\u00e9s\",\"Strona g\u0142\u00f3wna - najnowsze\",\"Strona g\u0142\u00f3wna - slider\"],\"inLanguage\":\"fr-FR\",\"potentialAction\":[{\"@type\":\"CommentAction\",\"name\":\"Comment\",\"target\":[\"https:\/\/jp2doc.pl\/fr\/2020\/01\/06\/ouvrir-a-jesus-nos-coeurs\/#respond\"]}]},{\"@type\":\"WebPage\",\"@id\":\"https:\/\/jp2doc.pl\/fr\/2020\/01\/06\/ouvrir-a-jesus-nos-coeurs\/\",\"url\":\"https:\/\/jp2doc.pl\/fr\/2020\/01\/06\/ouvrir-a-jesus-nos-coeurs\/\",\"name\":\"Ouvrir \u00e0 J\u00e9sus nos c\u0153urs - Centre de Documentation et d\u2019Etude du Pontificat de Jean-Paul II \u00e0 Rome\",\"isPartOf\":{\"@id\":\"https:\/\/jp2doc.pl\/fr\/#website\"},\"primaryImageOfPage\":{\"@id\":\"https:\/\/jp2doc.pl\/fr\/2020\/01\/06\/ouvrir-a-jesus-nos-coeurs\/#primaryimage\"},\"image\":{\"@id\":\"https:\/\/jp2doc.pl\/fr\/2020\/01\/06\/ouvrir-a-jesus-nos-coeurs\/#primaryimage\"},\"thumbnailUrl\":\"https:\/\/jp2doc.pl\/fr\/wp-content\/uploads\/sites\/5\/2020\/01\/person-walking-on-street-3325720.jpg\",\"datePublished\":\"2020-01-06T08:12:56+00:00\",\"dateModified\":\"2020-01-06T08:12:57+00:00\",\"breadcrumb\":{\"@id\":\"https:\/\/jp2doc.pl\/fr\/2020\/01\/06\/ouvrir-a-jesus-nos-coeurs\/#breadcrumb\"},\"inLanguage\":\"fr-FR\",\"potentialAction\":[{\"@type\":\"ReadAction\",\"target\":[\"https:\/\/jp2doc.pl\/fr\/2020\/01\/06\/ouvrir-a-jesus-nos-coeurs\/\"]}]},{\"@type\":\"ImageObject\",\"inLanguage\":\"fr-FR\",\"@id\":\"https:\/\/jp2doc.pl\/fr\/2020\/01\/06\/ouvrir-a-jesus-nos-coeurs\/#primaryimage\",\"url\":\"https:\/\/jp2doc.pl\/fr\/wp-content\/uploads\/sites\/5\/2020\/01\/person-walking-on-street-3325720.jpg\",\"contentUrl\":\"https:\/\/jp2doc.pl\/fr\/wp-content\/uploads\/sites\/5\/2020\/01\/person-walking-on-street-3325720.jpg\",\"width\":1280,\"height\":1924},{\"@type\":\"BreadcrumbList\",\"@id\":\"https:\/\/jp2doc.pl\/fr\/2020\/01\/06\/ouvrir-a-jesus-nos-coeurs\/#breadcrumb\",\"itemListElement\":[{\"@type\":\"ListItem\",\"position\":1,\"name\":\"Home\",\"item\":\"https:\/\/jp2doc.pl\/fr\/\"},{\"@type\":\"ListItem\",\"position\":2,\"name\":\"Ouvrir \u00e0 J\u00e9sus nos c\u0153urs\"}]},{\"@type\":\"WebSite\",\"@id\":\"https:\/\/jp2doc.pl\/fr\/#website\",\"url\":\"https:\/\/jp2doc.pl\/fr\/\",\"name\":\"Centre de Documentation et d\u2019Etude du Pontificat de Jean-Paul II \u00e0 Rome\",\"description\":\"\",\"publisher\":{\"@id\":\"https:\/\/jp2doc.pl\/fr\/#organization\"},\"potentialAction\":[{\"@type\":\"SearchAction\",\"target\":{\"@type\":\"EntryPoint\",\"urlTemplate\":\"https:\/\/jp2doc.pl\/fr\/?s={search_term_string}\"},\"query-input\":{\"@type\":\"PropertyValueSpecification\",\"valueRequired\":true,\"valueName\":\"search_term_string\"}}],\"inLanguage\":\"fr-FR\"},{\"@type\":\"Organization\",\"@id\":\"https:\/\/jp2doc.pl\/fr\/#organization\",\"name\":\"Centre de Documentation et d\u2019Etude du Pontificat de Jean-Paul II \u00e0 Rome\",\"url\":\"https:\/\/jp2doc.pl\/fr\/\",\"logo\":{\"@type\":\"ImageObject\",\"inLanguage\":\"fr-FR\",\"@id\":\"https:\/\/jp2doc.pl\/fr\/#\/schema\/logo\/image\/\",\"url\":\"https:\/\/jp2doc.pl\/fr\/wp-content\/uploads\/sites\/5\/2017\/03\/cropped-logo.png\",\"contentUrl\":\"https:\/\/jp2doc.pl\/fr\/wp-content\/uploads\/sites\/5\/2017\/03\/cropped-logo.png\",\"width\":115,\"height\":115,\"caption\":\"Centre de Documentation et d\u2019Etude du Pontificat de Jean-Paul II \u00e0 Rome\"},\"image\":{\"@id\":\"https:\/\/jp2doc.pl\/fr\/#\/schema\/logo\/image\/\"}},{\"@type\":\"Person\",\"@id\":\"https:\/\/jp2doc.pl\/fr\/#\/schema\/person\/f1a6804b6b9f176835bf67cba35c4212\",\"name\":\"adobrzynski\",\"image\":{\"@type\":\"ImageObject\",\"inLanguage\":\"fr-FR\",\"@id\":\"https:\/\/jp2doc.pl\/fr\/#\/schema\/person\/image\/\",\"url\":\"https:\/\/secure.gravatar.com\/avatar\/6e7eb2a67f64535320a8aa3d72bc5f83c9e81f3ad1797c6abee2e7c78ed2252a?s=96&d=mm&r=g\",\"contentUrl\":\"https:\/\/secure.gravatar.com\/avatar\/6e7eb2a67f64535320a8aa3d72bc5f83c9e81f3ad1797c6abee2e7c78ed2252a?s=96&d=mm&r=g\",\"caption\":\"adobrzynski\"},\"url\":\"https:\/\/jp2doc.pl\/fr\/author\/adobrzynski\/\"}]}<\/script>\n<!-- \/ Yoast SEO plugin. -->","yoast_head_json":{"title":"Ouvrir \u00e0 J\u00e9sus nos c\u0153urs - Centre de Documentation et d\u2019Etude du Pontificat de Jean-Paul II \u00e0 Rome","robots":{"index":"index","follow":"follow","max-snippet":"max-snippet:-1","max-image-preview":"max-image-preview:large","max-video-preview":"max-video-preview:-1"},"canonical":"https:\/\/jp2doc.pl\/fr\/2020\/01\/06\/ouvrir-a-jesus-nos-coeurs\/","og_locale":"fr_FR","og_type":"article","og_title":"Ouvrir \u00e0 J\u00e9sus nos c\u0153urs - Centre de Documentation et d\u2019Etude du Pontificat de Jean-Paul II \u00e0 Rome","og_description":"Epiphanie du Seigneur","og_url":"https:\/\/jp2doc.pl\/fr\/2020\/01\/06\/ouvrir-a-jesus-nos-coeurs\/","og_site_name":"Centre de Documentation et d\u2019Etude du Pontificat de Jean-Paul II \u00e0 Rome","article_published_time":"2020-01-06T08:12:56+00:00","article_modified_time":"2020-01-06T08:12:57+00:00","og_image":[{"width":1280,"height":1924,"url":"https:\/\/jp2doc.pl\/fr\/wp-content\/uploads\/sites\/5\/2020\/01\/person-walking-on-street-3325720.jpg","type":"image\/jpeg"}],"author":"adobrzynski","twitter_card":"summary_large_image","twitter_misc":{"\u00c9crit par":"adobrzynski","Dur\u00e9e de lecture estim\u00e9e":"5 minutes"},"schema":{"@context":"https:\/\/schema.org","@graph":[{"@type":"Article","@id":"https:\/\/jp2doc.pl\/fr\/2020\/01\/06\/ouvrir-a-jesus-nos-coeurs\/#article","isPartOf":{"@id":"https:\/\/jp2doc.pl\/fr\/2020\/01\/06\/ouvrir-a-jesus-nos-coeurs\/"},"author":{"name":"adobrzynski","@id":"https:\/\/jp2doc.pl\/fr\/#\/schema\/person\/f1a6804b6b9f176835bf67cba35c4212"},"headline":"Ouvrir \u00e0 J\u00e9sus nos c\u0153urs","datePublished":"2020-01-06T08:12:56+00:00","dateModified":"2020-01-06T08:12:57+00:00","mainEntityOfPage":{"@id":"https:\/\/jp2doc.pl\/fr\/2020\/01\/06\/ouvrir-a-jesus-nos-coeurs\/"},"wordCount":1005,"commentCount":0,"publisher":{"@id":"https:\/\/jp2doc.pl\/fr\/#organization"},"image":{"@id":"https:\/\/jp2doc.pl\/fr\/2020\/01\/06\/ouvrir-a-jesus-nos-coeurs\/#primaryimage"},"thumbnailUrl":"https:\/\/jp2doc.pl\/fr\/wp-content\/uploads\/sites\/5\/2020\/01\/person-walking-on-street-3325720.jpg","articleSection":["Blog","Nouveaut\u00e9s","Strona g\u0142\u00f3wna - najnowsze","Strona g\u0142\u00f3wna - slider"],"inLanguage":"fr-FR","potentialAction":[{"@type":"CommentAction","name":"Comment","target":["https:\/\/jp2doc.pl\/fr\/2020\/01\/06\/ouvrir-a-jesus-nos-coeurs\/#respond"]}]},{"@type":"WebPage","@id":"https:\/\/jp2doc.pl\/fr\/2020\/01\/06\/ouvrir-a-jesus-nos-coeurs\/","url":"https:\/\/jp2doc.pl\/fr\/2020\/01\/06\/ouvrir-a-jesus-nos-coeurs\/","name":"Ouvrir \u00e0 J\u00e9sus nos c\u0153urs - Centre de Documentation et d\u2019Etude du Pontificat de Jean-Paul II \u00e0 Rome","isPartOf":{"@id":"https:\/\/jp2doc.pl\/fr\/#website"},"primaryImageOfPage":{"@id":"https:\/\/jp2doc.pl\/fr\/2020\/01\/06\/ouvrir-a-jesus-nos-coeurs\/#primaryimage"},"image":{"@id":"https:\/\/jp2doc.pl\/fr\/2020\/01\/06\/ouvrir-a-jesus-nos-coeurs\/#primaryimage"},"thumbnailUrl":"https:\/\/jp2doc.pl\/fr\/wp-content\/uploads\/sites\/5\/2020\/01\/person-walking-on-street-3325720.jpg","datePublished":"2020-01-06T08:12:56+00:00","dateModified":"2020-01-06T08:12:57+00:00","breadcrumb":{"@id":"https:\/\/jp2doc.pl\/fr\/2020\/01\/06\/ouvrir-a-jesus-nos-coeurs\/#breadcrumb"},"inLanguage":"fr-FR","potentialAction":[{"@type":"ReadAction","target":["https:\/\/jp2doc.pl\/fr\/2020\/01\/06\/ouvrir-a-jesus-nos-coeurs\/"]}]},{"@type":"ImageObject","inLanguage":"fr-FR","@id":"https:\/\/jp2doc.pl\/fr\/2020\/01\/06\/ouvrir-a-jesus-nos-coeurs\/#primaryimage","url":"https:\/\/jp2doc.pl\/fr\/wp-content\/uploads\/sites\/5\/2020\/01\/person-walking-on-street-3325720.jpg","contentUrl":"https:\/\/jp2doc.pl\/fr\/wp-content\/uploads\/sites\/5\/2020\/01\/person-walking-on-street-3325720.jpg","width":1280,"height":1924},{"@type":"BreadcrumbList","@id":"https:\/\/jp2doc.pl\/fr\/2020\/01\/06\/ouvrir-a-jesus-nos-coeurs\/#breadcrumb","itemListElement":[{"@type":"ListItem","position":1,"name":"Home","item":"https:\/\/jp2doc.pl\/fr\/"},{"@type":"ListItem","position":2,"name":"Ouvrir \u00e0 J\u00e9sus nos c\u0153urs"}]},{"@type":"WebSite","@id":"https:\/\/jp2doc.pl\/fr\/#website","url":"https:\/\/jp2doc.pl\/fr\/","name":"Centre de Documentation et d\u2019Etude du Pontificat de Jean-Paul II \u00e0 Rome","description":"","publisher":{"@id":"https:\/\/jp2doc.pl\/fr\/#organization"},"potentialAction":[{"@type":"SearchAction","target":{"@type":"EntryPoint","urlTemplate":"https:\/\/jp2doc.pl\/fr\/?s={search_term_string}"},"query-input":{"@type":"PropertyValueSpecification","valueRequired":true,"valueName":"search_term_string"}}],"inLanguage":"fr-FR"},{"@type":"Organization","@id":"https:\/\/jp2doc.pl\/fr\/#organization","name":"Centre de Documentation et d\u2019Etude du Pontificat de Jean-Paul II \u00e0 Rome","url":"https:\/\/jp2doc.pl\/fr\/","logo":{"@type":"ImageObject","inLanguage":"fr-FR","@id":"https:\/\/jp2doc.pl\/fr\/#\/schema\/logo\/image\/","url":"https:\/\/jp2doc.pl\/fr\/wp-content\/uploads\/sites\/5\/2017\/03\/cropped-logo.png","contentUrl":"https:\/\/jp2doc.pl\/fr\/wp-content\/uploads\/sites\/5\/2017\/03\/cropped-logo.png","width":115,"height":115,"caption":"Centre de Documentation et d\u2019Etude du Pontificat de Jean-Paul II \u00e0 Rome"},"image":{"@id":"https:\/\/jp2doc.pl\/fr\/#\/schema\/logo\/image\/"}},{"@type":"Person","@id":"https:\/\/jp2doc.pl\/fr\/#\/schema\/person\/f1a6804b6b9f176835bf67cba35c4212","name":"adobrzynski","image":{"@type":"ImageObject","inLanguage":"fr-FR","@id":"https:\/\/jp2doc.pl\/fr\/#\/schema\/person\/image\/","url":"https:\/\/secure.gravatar.com\/avatar\/6e7eb2a67f64535320a8aa3d72bc5f83c9e81f3ad1797c6abee2e7c78ed2252a?s=96&d=mm&r=g","contentUrl":"https:\/\/secure.gravatar.com\/avatar\/6e7eb2a67f64535320a8aa3d72bc5f83c9e81f3ad1797c6abee2e7c78ed2252a?s=96&d=mm&r=g","caption":"adobrzynski"},"url":"https:\/\/jp2doc.pl\/fr\/author\/adobrzynski\/"}]}},"_links":{"self":[{"href":"https:\/\/jp2doc.pl\/fr\/wp-json\/wp\/v2\/posts\/1600","targetHints":{"allow":["GET"]}}],"collection":[{"href":"https:\/\/jp2doc.pl\/fr\/wp-json\/wp\/v2\/posts"}],"about":[{"href":"https:\/\/jp2doc.pl\/fr\/wp-json\/wp\/v2\/types\/post"}],"author":[{"embeddable":true,"href":"https:\/\/jp2doc.pl\/fr\/wp-json\/wp\/v2\/users\/6"}],"replies":[{"embeddable":true,"href":"https:\/\/jp2doc.pl\/fr\/wp-json\/wp\/v2\/comments?post=1600"}],"version-history":[{"count":1,"href":"https:\/\/jp2doc.pl\/fr\/wp-json\/wp\/v2\/posts\/1600\/revisions"}],"predecessor-version":[{"id":1602,"href":"https:\/\/jp2doc.pl\/fr\/wp-json\/wp\/v2\/posts\/1600\/revisions\/1602"}],"wp:featuredmedia":[{"embeddable":true,"href":"https:\/\/jp2doc.pl\/fr\/wp-json\/wp\/v2\/media\/1601"}],"wp:attachment":[{"href":"https:\/\/jp2doc.pl\/fr\/wp-json\/wp\/v2\/media?parent=1600"}],"wp:term":[{"taxonomy":"category","embeddable":true,"href":"https:\/\/jp2doc.pl\/fr\/wp-json\/wp\/v2\/categories?post=1600"},{"taxonomy":"post_tag","embeddable":true,"href":"https:\/\/jp2doc.pl\/fr\/wp-json\/wp\/v2\/tags?post=1600"}],"curies":[{"name":"wp","href":"https:\/\/api.w.org\/{rel}","templated":true}]}}