{"id":1603,"date":"2020-01-12T17:45:22","date_gmt":"2020-01-12T16:45:22","guid":{"rendered":"https:\/\/jp2doc.pl\/fr\/?p=1603"},"modified":"2020-01-12T17:46:21","modified_gmt":"2020-01-12T16:46:21","slug":"une-nouvelle-naissance","status":"publish","type":"post","link":"https:\/\/jp2doc.pl\/fr\/2020\/01\/12\/une-nouvelle-naissance\/","title":{"rendered":"Une nouvelle naissance"},"content":{"rendered":"\n<p><\/p>\n\n\n\n<p>Is 42, 1-7; Ac 10, 34-38; Mt 3, 13-17<\/p>\n\n\n\n<p>\u00a0Aujourd\u2019hui nous c\u00e9l\u00e9brons le bapt\u00eame du Seigneur. Nous savons depuis le cat\u00e9chisme que le bapt\u00eame est administr\u00e9 \u00e0 l\u2019homme p\u00e9cheur en vue de sa purification, de sa nouvelle naissance qui le relie \u00e0 Dieu. J\u00e9sus-Christ est en tout semblable aux hommes, mais nous enseigne le christianisme \u00ab\u00a0except\u00e9 le p\u00e9ch\u00e9\u00a0\u00bb. Alors, pourquoi J\u00e9sus a-t-il eu besoin de se faire baptiser\u00a0?<\/p>\n\n\n\n<p>Lorsqu\u2019on lit ou on \u00e9coute attentivement les lectures de cette c\u00e9l\u00e9bration, l\u2019on se rend compte que le bapt\u00eame de J\u00e9sus est le moment de r\u00e9v\u00e9lation de deux choses\u00a0: de\u00a0<strong>son identit\u00e9<\/strong> et de\u00a0<strong>sa mission<\/strong>. C\u2019est en cela que pour J\u00e9sus, son bapt\u00eame est une nouvelle naissance. C\u2019est pour cette r\u00e9v\u00e9lation \u00e0 l\u2019humanit\u00e9 qu\u2019il supplie Jean de le laisser faire.<\/p>\n\n\n\n<p>\u00a01\u00b0\u00a0<strong>Identit\u00e9<\/strong>\u00a0: au bapt\u00eame de J\u00e9sus, les cieux s\u2019ouvrent (car ils seront d\u00e9sormais rendus accessibles aux hommes), l\u2019Esprit de Dieu descend, (car il sera lui aussi rendu accessible aux hommes jusqu\u2019\u00e0 la fin des temps) et une voix se fait entendre (car les hommes peuvent de nouveau entendre Dieu). Que dit la voix\u00a0? \u00ab\u00a0Celui-ci est mon Fils bien aim\u00e9, en lui, j\u2019ai mis tout mon amour\u00a0\u00bb. Isa\u00efe parle de \u00ab\u00a0mon serviteur que je soutiens, mon \u00e9lu en qui j\u2019ai mis ma joie\u00a0\u00bb.<\/p>\n\n\n\n<p>Pour nous chr\u00e9tiens, J\u00e9sus-Christ est vraiment Fils de Dieu. Il est Dieu fait homme, car en lui Dieu manifeste son amour total. En J\u00e9sus-Christ, Dieu habite avec les hommes, et les hommes red\u00e9couvrent la force d\u2019aimer.<\/p>\n\n\n\n<p><em>Est-ce que nous sentons dans notre vie que Dieu nous accompagne\u00a0? Que quand la terre semble se d\u00e9rober sous nos pieds, le ciel s\u2019ouvre pour nous pr\u00eater secours\u00a0? Est-ce que notre foi en J\u00e9sus-Christ augmente en nous la force de nous aimer les uns les autres de mani\u00e8re totale comme Dieu nous aime en son Fils\u00a0? Est-ce qu\u2019en J\u00e9sus nous retrouvons la joie de vivre\u00a0?<\/em><\/p>\n\n\n\n<p>2\u00b0\u00a0<strong>Mission<\/strong>\u00a0: J\u00e9sus-Christ est Fils de Dieu. Cette identit\u00e9 lui conf\u00e8re une mission. Laquelle\u00a0? L\u2019\u00e9vangile la d\u00e9finie en termes \u00ab\u00a0d\u2019accomplir parfaitement ce qui est juste\u00a0\u00bb. Isa\u00efe aussi en parle\u00a0en disant : \u00ab\u00a0Moi, le Seigneur, je t\u2019ai appel\u00e9 selon la justice\u00a0\u00bb.\u00a0<\/p>\n\n\n\n<p>Pour le Christ, faire ce qui est parfaitement juste revient \u00e0 ramener les nations \u00e0 Dieu. C\u2019est une mission universelle\u00a0:\u00a0m\u00eame les \u00ab\u00a0\u00eeles lointaines aspirent \u00e0 son enseignement\u00a0\u00bb. Personne n\u2019est exclu, personne ne doit se sentir rejet\u00e9 par Dieu.\u00a0\u00a0Dans la deuxi\u00e8me lecture, Pierre l\u2019a rappel\u00e9 \u00e0 Corneille\u00a0: \u00ab\u00a0Dieu ne fait pas de diff\u00e9rence entre les hommes\u00a0\u00bb. \u00ab\u00a0Il est le Seigneur de tous\u00a0\u00bb. Noirs-Blancs, vieux-enfants, hommes-femmes, riches-pauvres. Tous sont appel\u00e9s \u00e0 devenir dans le Fils de Dieu, des fils de Dieu.<\/p>\n\n\n\n<p>*La mission de J\u00e9sus est\u00a0<strong>discr\u00e8te<\/strong>, mais\u00a0<strong>efficace\u00a0<\/strong>: \u00ab\u00a0On n\u2019entendra pas sa voix sur la place publique\u00a0\u00bb. \u00ab\u00a0[Mais] il ne se laissera pas \u00e9cras\u00e9\u00a0\u00bb. J\u00e9sus travaille en sans bruit. Il y a des gens qui disent\u00a0: \u00ab\u00a0moi je ne change pas, je ne vois pas de changement dans ma vie\u00a0\u00bb. Vraiment\u00a0? Ouvre bien les yeux et voit comment la main de Dieu t\u2019a conduit jusqu\u2019\u00e0 maintenant, \u00e9crivant ton histoire, ta biographie de fa\u00e7on droite, m\u00eame dans la monotonie de la vie, et m\u00eame dans la souffrance.<\/p>\n\n\n\n<p>*La mission de J\u00e9sus redonne justement\u00a0<strong>espoir<\/strong>\u00e0 ceux qui se croient perdus\u00a0: \u00ab\u00a0il n\u2019\u00e9crasera pas le roseau froiss\u00e9\u00a0\u00bb. \u00ab\u00a0Il n\u2019\u00e9teindra pas la m\u00e8che qui faiblit\u00a0\u00bb. J\u00e9sus reverdit le roseau, il met de l\u2019huile dans nos lampes.<\/p>\n\n\n\n<p>-En J\u00e9sus-Christ, les aveugles voient, ceux qui ne savent pas distinguer le bien du mal, le vrai du faux peuvent le faire, car le Seigneur qui vit en eux incarne le bien.<\/p>\n\n\n\n<p>\u00a0-En J\u00e9sus-Christ, ceux qui se croient captifs de la volont\u00e9 de diviser peuvent s\u2019en sortir. Car en J\u00e9sus, l\u2019amour est plus fort que la haine.<\/p>\n\n\n\n<p>-En J\u00e9sus-Christ, ceux qui se croient victimes des t\u00e9n\u00e8bres, des puissances obscures peuvent se sentir effectivement lib\u00e9r\u00e9s. Car J\u00e9sus, \u00ab\u00a0lumi\u00e8re des nations\u00a0\u00bb, peut \u00e9clairer leurs vies de l\u2019int\u00e9rieur, de l\u2019ext\u00e9rieur, de partout, en ne laissant aucune ombre. Pierre l\u2019a bien expliqu\u00e9 \u00e0 Corneille\u00a0: \u00ab\u00a0L\u00e0 o\u00f9 il passait, [J\u00e9sus] faisait le bien et il gu\u00e9rissait tous ceux qui \u00e9taient sous le pouvoir du d\u00e9mon. Car Dieu \u00e9tait avec lui\u00a0\u00bb.<\/p>\n\n\n\n<p>J\u00e9sus fait le mouvement descendant. Son identit\u00e9 de Fils de Dieu lui conf\u00e8re une mission, faire parfaitement ce qui est juste.<\/p>\n\n\n\n<p>Nous les hommes sauv\u00e9s par lui, nous devons faire le mouvement ascendant. Si nous adorons Dieu et pratiquons la justice entre nous, nous devenons en J\u00e9sus-Christ des fils de Dieu. C\u2019est ce que dit Pierre\u00a0: \u00ab\u00a0quelle que soit leur race,\u00a0\u00a0[Dieu] accueille les hommes qui l\u2019adorent et font ce qui est juste\u00a0\u00bb.<\/p>\n\n\n\n<p>Puissions-nous comme J\u00e9sus \u00eatre consacr\u00e9s par Dieu de l\u2019Esprit-Saint et remplis de la force de son amour pour cheminer vers lui avec assurance sur cette terre pleine d\u2019emb\u00fbches\u00a0!<\/p>\n\n\n\n<p>\u00a0P\u00e9re Jean Claude Cabwinwe Ciza<\/p>\n","protected":false},"excerpt":{"rendered":"<p>  Bapt\u00eame du Seigneur <\/p>\n","protected":false},"author":6,"featured_media":1604,"comment_status":"open","ping_status":"open","sticky":false,"template":"","format":"standard","meta":{"_acf_changed":false,"_exactmetrics_skip_tracking":false,"_exactmetrics_sitenote_active":false,"_exactmetrics_sitenote_note":"","_exactmetrics_sitenote_category":0,"footnotes":""},"categories":[4,7,13,14],"tags":[],"class_list":["post-1603","post","type-post","status-publish","format-standard","has-post-thumbnail","hentry","category-blog","category-nowosci-wydawnicze","category-strona-glowna-najnowsze","category-strona-glowna-slider"],"acf":[],"yoast_head":"<!-- This site is optimized with the Yoast SEO plugin v26.2 - https:\/\/yoast.com\/wordpress\/plugins\/seo\/ -->\n<title>Une nouvelle naissance - Centre de Documentation et d\u2019Etude du Pontificat de Jean-Paul II \u00e0 Rome<\/title>\n<meta name=\"robots\" content=\"index, follow, max-snippet:-1, max-image-preview:large, max-video-preview:-1\" \/>\n<link rel=\"canonical\" href=\"https:\/\/jp2doc.pl\/fr\/2020\/01\/12\/une-nouvelle-naissance\/\" \/>\n<meta property=\"og:locale\" content=\"fr_FR\" \/>\n<meta property=\"og:type\" content=\"article\" \/>\n<meta property=\"og:title\" content=\"Une nouvelle naissance - Centre de Documentation et d\u2019Etude du Pontificat de Jean-Paul II \u00e0 Rome\" \/>\n<meta property=\"og:description\" content=\"Bapt\u00eame du Seigneur\" \/>\n<meta property=\"og:url\" content=\"https:\/\/jp2doc.pl\/fr\/2020\/01\/12\/une-nouvelle-naissance\/\" \/>\n<meta property=\"og:site_name\" content=\"Centre de Documentation et d\u2019Etude du Pontificat de Jean-Paul II \u00e0 Rome\" \/>\n<meta property=\"article:published_time\" content=\"2020-01-12T16:45:22+00:00\" \/>\n<meta property=\"article:modified_time\" content=\"2020-01-12T16:46:21+00:00\" \/>\n<meta property=\"og:image\" content=\"https:\/\/jp2doc.pl\/fr\/wp-content\/uploads\/sites\/5\/2020\/01\/christening-the-dew-the-priest-38999.jpg\" \/>\n\t<meta property=\"og:image:width\" content=\"1280\" \/>\n\t<meta property=\"og:image:height\" content=\"971\" \/>\n\t<meta property=\"og:image:type\" content=\"image\/jpeg\" \/>\n<meta name=\"author\" content=\"adobrzynski\" \/>\n<meta name=\"twitter:card\" content=\"summary_large_image\" \/>\n<meta name=\"twitter:label1\" content=\"\u00c9crit par\" \/>\n\t<meta name=\"twitter:data1\" content=\"adobrzynski\" \/>\n\t<meta name=\"twitter:label2\" content=\"Dur\u00e9e de lecture estim\u00e9e\" \/>\n\t<meta name=\"twitter:data2\" content=\"4 minutes\" \/>\n<script type=\"application\/ld+json\" class=\"yoast-schema-graph\">{\"@context\":\"https:\/\/schema.org\",\"@graph\":[{\"@type\":\"Article\",\"@id\":\"https:\/\/jp2doc.pl\/fr\/2020\/01\/12\/une-nouvelle-naissance\/#article\",\"isPartOf\":{\"@id\":\"https:\/\/jp2doc.pl\/fr\/2020\/01\/12\/une-nouvelle-naissance\/\"},\"author\":{\"name\":\"adobrzynski\",\"@id\":\"https:\/\/jp2doc.pl\/fr\/#\/schema\/person\/f1a6804b6b9f176835bf67cba35c4212\"},\"headline\":\"Une nouvelle naissance\",\"datePublished\":\"2020-01-12T16:45:22+00:00\",\"dateModified\":\"2020-01-12T16:46:21+00:00\",\"mainEntityOfPage\":{\"@id\":\"https:\/\/jp2doc.pl\/fr\/2020\/01\/12\/une-nouvelle-naissance\/\"},\"wordCount\":881,\"commentCount\":0,\"publisher\":{\"@id\":\"https:\/\/jp2doc.pl\/fr\/#organization\"},\"image\":{\"@id\":\"https:\/\/jp2doc.pl\/fr\/2020\/01\/12\/une-nouvelle-naissance\/#primaryimage\"},\"thumbnailUrl\":\"https:\/\/jp2doc.pl\/fr\/wp-content\/uploads\/sites\/5\/2020\/01\/christening-the-dew-the-priest-38999.jpg\",\"articleSection\":[\"Blog\",\"Nouveaut\u00e9s\",\"Strona g\u0142\u00f3wna - najnowsze\",\"Strona g\u0142\u00f3wna - slider\"],\"inLanguage\":\"fr-FR\",\"potentialAction\":[{\"@type\":\"CommentAction\",\"name\":\"Comment\",\"target\":[\"https:\/\/jp2doc.pl\/fr\/2020\/01\/12\/une-nouvelle-naissance\/#respond\"]}]},{\"@type\":\"WebPage\",\"@id\":\"https:\/\/jp2doc.pl\/fr\/2020\/01\/12\/une-nouvelle-naissance\/\",\"url\":\"https:\/\/jp2doc.pl\/fr\/2020\/01\/12\/une-nouvelle-naissance\/\",\"name\":\"Une nouvelle naissance - Centre de Documentation et d\u2019Etude du Pontificat de Jean-Paul II \u00e0 Rome\",\"isPartOf\":{\"@id\":\"https:\/\/jp2doc.pl\/fr\/#website\"},\"primaryImageOfPage\":{\"@id\":\"https:\/\/jp2doc.pl\/fr\/2020\/01\/12\/une-nouvelle-naissance\/#primaryimage\"},\"image\":{\"@id\":\"https:\/\/jp2doc.pl\/fr\/2020\/01\/12\/une-nouvelle-naissance\/#primaryimage\"},\"thumbnailUrl\":\"https:\/\/jp2doc.pl\/fr\/wp-content\/uploads\/sites\/5\/2020\/01\/christening-the-dew-the-priest-38999.jpg\",\"datePublished\":\"2020-01-12T16:45:22+00:00\",\"dateModified\":\"2020-01-12T16:46:21+00:00\",\"breadcrumb\":{\"@id\":\"https:\/\/jp2doc.pl\/fr\/2020\/01\/12\/une-nouvelle-naissance\/#breadcrumb\"},\"inLanguage\":\"fr-FR\",\"potentialAction\":[{\"@type\":\"ReadAction\",\"target\":[\"https:\/\/jp2doc.pl\/fr\/2020\/01\/12\/une-nouvelle-naissance\/\"]}]},{\"@type\":\"ImageObject\",\"inLanguage\":\"fr-FR\",\"@id\":\"https:\/\/jp2doc.pl\/fr\/2020\/01\/12\/une-nouvelle-naissance\/#primaryimage\",\"url\":\"https:\/\/jp2doc.pl\/fr\/wp-content\/uploads\/sites\/5\/2020\/01\/christening-the-dew-the-priest-38999.jpg\",\"contentUrl\":\"https:\/\/jp2doc.pl\/fr\/wp-content\/uploads\/sites\/5\/2020\/01\/christening-the-dew-the-priest-38999.jpg\",\"width\":1280,\"height\":971},{\"@type\":\"BreadcrumbList\",\"@id\":\"https:\/\/jp2doc.pl\/fr\/2020\/01\/12\/une-nouvelle-naissance\/#breadcrumb\",\"itemListElement\":[{\"@type\":\"ListItem\",\"position\":1,\"name\":\"Home\",\"item\":\"https:\/\/jp2doc.pl\/fr\/\"},{\"@type\":\"ListItem\",\"position\":2,\"name\":\"Une nouvelle naissance\"}]},{\"@type\":\"WebSite\",\"@id\":\"https:\/\/jp2doc.pl\/fr\/#website\",\"url\":\"https:\/\/jp2doc.pl\/fr\/\",\"name\":\"Centre de Documentation et d\u2019Etude du Pontificat de Jean-Paul II \u00e0 Rome\",\"description\":\"\",\"publisher\":{\"@id\":\"https:\/\/jp2doc.pl\/fr\/#organization\"},\"potentialAction\":[{\"@type\":\"SearchAction\",\"target\":{\"@type\":\"EntryPoint\",\"urlTemplate\":\"https:\/\/jp2doc.pl\/fr\/?s={search_term_string}\"},\"query-input\":{\"@type\":\"PropertyValueSpecification\",\"valueRequired\":true,\"valueName\":\"search_term_string\"}}],\"inLanguage\":\"fr-FR\"},{\"@type\":\"Organization\",\"@id\":\"https:\/\/jp2doc.pl\/fr\/#organization\",\"name\":\"Centre de Documentation et d\u2019Etude du Pontificat de Jean-Paul II \u00e0 Rome\",\"url\":\"https:\/\/jp2doc.pl\/fr\/\",\"logo\":{\"@type\":\"ImageObject\",\"inLanguage\":\"fr-FR\",\"@id\":\"https:\/\/jp2doc.pl\/fr\/#\/schema\/logo\/image\/\",\"url\":\"https:\/\/jp2doc.pl\/fr\/wp-content\/uploads\/sites\/5\/2017\/03\/cropped-logo.png\",\"contentUrl\":\"https:\/\/jp2doc.pl\/fr\/wp-content\/uploads\/sites\/5\/2017\/03\/cropped-logo.png\",\"width\":115,\"height\":115,\"caption\":\"Centre de Documentation et d\u2019Etude du Pontificat de Jean-Paul II \u00e0 Rome\"},\"image\":{\"@id\":\"https:\/\/jp2doc.pl\/fr\/#\/schema\/logo\/image\/\"}},{\"@type\":\"Person\",\"@id\":\"https:\/\/jp2doc.pl\/fr\/#\/schema\/person\/f1a6804b6b9f176835bf67cba35c4212\",\"name\":\"adobrzynski\",\"image\":{\"@type\":\"ImageObject\",\"inLanguage\":\"fr-FR\",\"@id\":\"https:\/\/jp2doc.pl\/fr\/#\/schema\/person\/image\/\",\"url\":\"https:\/\/secure.gravatar.com\/avatar\/6e7eb2a67f64535320a8aa3d72bc5f83c9e81f3ad1797c6abee2e7c78ed2252a?s=96&d=mm&r=g\",\"contentUrl\":\"https:\/\/secure.gravatar.com\/avatar\/6e7eb2a67f64535320a8aa3d72bc5f83c9e81f3ad1797c6abee2e7c78ed2252a?s=96&d=mm&r=g\",\"caption\":\"adobrzynski\"},\"url\":\"https:\/\/jp2doc.pl\/fr\/author\/adobrzynski\/\"}]}<\/script>\n<!-- \/ Yoast SEO plugin. -->","yoast_head_json":{"title":"Une nouvelle naissance - Centre de Documentation et d\u2019Etude du Pontificat de Jean-Paul II \u00e0 Rome","robots":{"index":"index","follow":"follow","max-snippet":"max-snippet:-1","max-image-preview":"max-image-preview:large","max-video-preview":"max-video-preview:-1"},"canonical":"https:\/\/jp2doc.pl\/fr\/2020\/01\/12\/une-nouvelle-naissance\/","og_locale":"fr_FR","og_type":"article","og_title":"Une nouvelle naissance - Centre de Documentation et d\u2019Etude du Pontificat de Jean-Paul II \u00e0 Rome","og_description":"Bapt\u00eame du Seigneur","og_url":"https:\/\/jp2doc.pl\/fr\/2020\/01\/12\/une-nouvelle-naissance\/","og_site_name":"Centre de Documentation et d\u2019Etude du Pontificat de Jean-Paul II \u00e0 Rome","article_published_time":"2020-01-12T16:45:22+00:00","article_modified_time":"2020-01-12T16:46:21+00:00","og_image":[{"width":1280,"height":971,"url":"https:\/\/jp2doc.pl\/fr\/wp-content\/uploads\/sites\/5\/2020\/01\/christening-the-dew-the-priest-38999.jpg","type":"image\/jpeg"}],"author":"adobrzynski","twitter_card":"summary_large_image","twitter_misc":{"\u00c9crit par":"adobrzynski","Dur\u00e9e de lecture estim\u00e9e":"4 minutes"},"schema":{"@context":"https:\/\/schema.org","@graph":[{"@type":"Article","@id":"https:\/\/jp2doc.pl\/fr\/2020\/01\/12\/une-nouvelle-naissance\/#article","isPartOf":{"@id":"https:\/\/jp2doc.pl\/fr\/2020\/01\/12\/une-nouvelle-naissance\/"},"author":{"name":"adobrzynski","@id":"https:\/\/jp2doc.pl\/fr\/#\/schema\/person\/f1a6804b6b9f176835bf67cba35c4212"},"headline":"Une nouvelle naissance","datePublished":"2020-01-12T16:45:22+00:00","dateModified":"2020-01-12T16:46:21+00:00","mainEntityOfPage":{"@id":"https:\/\/jp2doc.pl\/fr\/2020\/01\/12\/une-nouvelle-naissance\/"},"wordCount":881,"commentCount":0,"publisher":{"@id":"https:\/\/jp2doc.pl\/fr\/#organization"},"image":{"@id":"https:\/\/jp2doc.pl\/fr\/2020\/01\/12\/une-nouvelle-naissance\/#primaryimage"},"thumbnailUrl":"https:\/\/jp2doc.pl\/fr\/wp-content\/uploads\/sites\/5\/2020\/01\/christening-the-dew-the-priest-38999.jpg","articleSection":["Blog","Nouveaut\u00e9s","Strona g\u0142\u00f3wna - najnowsze","Strona g\u0142\u00f3wna - slider"],"inLanguage":"fr-FR","potentialAction":[{"@type":"CommentAction","name":"Comment","target":["https:\/\/jp2doc.pl\/fr\/2020\/01\/12\/une-nouvelle-naissance\/#respond"]}]},{"@type":"WebPage","@id":"https:\/\/jp2doc.pl\/fr\/2020\/01\/12\/une-nouvelle-naissance\/","url":"https:\/\/jp2doc.pl\/fr\/2020\/01\/12\/une-nouvelle-naissance\/","name":"Une nouvelle naissance - Centre de Documentation et d\u2019Etude du Pontificat de Jean-Paul II \u00e0 Rome","isPartOf":{"@id":"https:\/\/jp2doc.pl\/fr\/#website"},"primaryImageOfPage":{"@id":"https:\/\/jp2doc.pl\/fr\/2020\/01\/12\/une-nouvelle-naissance\/#primaryimage"},"image":{"@id":"https:\/\/jp2doc.pl\/fr\/2020\/01\/12\/une-nouvelle-naissance\/#primaryimage"},"thumbnailUrl":"https:\/\/jp2doc.pl\/fr\/wp-content\/uploads\/sites\/5\/2020\/01\/christening-the-dew-the-priest-38999.jpg","datePublished":"2020-01-12T16:45:22+00:00","dateModified":"2020-01-12T16:46:21+00:00","breadcrumb":{"@id":"https:\/\/jp2doc.pl\/fr\/2020\/01\/12\/une-nouvelle-naissance\/#breadcrumb"},"inLanguage":"fr-FR","potentialAction":[{"@type":"ReadAction","target":["https:\/\/jp2doc.pl\/fr\/2020\/01\/12\/une-nouvelle-naissance\/"]}]},{"@type":"ImageObject","inLanguage":"fr-FR","@id":"https:\/\/jp2doc.pl\/fr\/2020\/01\/12\/une-nouvelle-naissance\/#primaryimage","url":"https:\/\/jp2doc.pl\/fr\/wp-content\/uploads\/sites\/5\/2020\/01\/christening-the-dew-the-priest-38999.jpg","contentUrl":"https:\/\/jp2doc.pl\/fr\/wp-content\/uploads\/sites\/5\/2020\/01\/christening-the-dew-the-priest-38999.jpg","width":1280,"height":971},{"@type":"BreadcrumbList","@id":"https:\/\/jp2doc.pl\/fr\/2020\/01\/12\/une-nouvelle-naissance\/#breadcrumb","itemListElement":[{"@type":"ListItem","position":1,"name":"Home","item":"https:\/\/jp2doc.pl\/fr\/"},{"@type":"ListItem","position":2,"name":"Une nouvelle naissance"}]},{"@type":"WebSite","@id":"https:\/\/jp2doc.pl\/fr\/#website","url":"https:\/\/jp2doc.pl\/fr\/","name":"Centre de Documentation et d\u2019Etude du Pontificat de Jean-Paul II \u00e0 Rome","description":"","publisher":{"@id":"https:\/\/jp2doc.pl\/fr\/#organization"},"potentialAction":[{"@type":"SearchAction","target":{"@type":"EntryPoint","urlTemplate":"https:\/\/jp2doc.pl\/fr\/?s={search_term_string}"},"query-input":{"@type":"PropertyValueSpecification","valueRequired":true,"valueName":"search_term_string"}}],"inLanguage":"fr-FR"},{"@type":"Organization","@id":"https:\/\/jp2doc.pl\/fr\/#organization","name":"Centre de Documentation et d\u2019Etude du Pontificat de Jean-Paul II \u00e0 Rome","url":"https:\/\/jp2doc.pl\/fr\/","logo":{"@type":"ImageObject","inLanguage":"fr-FR","@id":"https:\/\/jp2doc.pl\/fr\/#\/schema\/logo\/image\/","url":"https:\/\/jp2doc.pl\/fr\/wp-content\/uploads\/sites\/5\/2017\/03\/cropped-logo.png","contentUrl":"https:\/\/jp2doc.pl\/fr\/wp-content\/uploads\/sites\/5\/2017\/03\/cropped-logo.png","width":115,"height":115,"caption":"Centre de Documentation et d\u2019Etude du Pontificat de Jean-Paul II \u00e0 Rome"},"image":{"@id":"https:\/\/jp2doc.pl\/fr\/#\/schema\/logo\/image\/"}},{"@type":"Person","@id":"https:\/\/jp2doc.pl\/fr\/#\/schema\/person\/f1a6804b6b9f176835bf67cba35c4212","name":"adobrzynski","image":{"@type":"ImageObject","inLanguage":"fr-FR","@id":"https:\/\/jp2doc.pl\/fr\/#\/schema\/person\/image\/","url":"https:\/\/secure.gravatar.com\/avatar\/6e7eb2a67f64535320a8aa3d72bc5f83c9e81f3ad1797c6abee2e7c78ed2252a?s=96&d=mm&r=g","contentUrl":"https:\/\/secure.gravatar.com\/avatar\/6e7eb2a67f64535320a8aa3d72bc5f83c9e81f3ad1797c6abee2e7c78ed2252a?s=96&d=mm&r=g","caption":"adobrzynski"},"url":"https:\/\/jp2doc.pl\/fr\/author\/adobrzynski\/"}]}},"_links":{"self":[{"href":"https:\/\/jp2doc.pl\/fr\/wp-json\/wp\/v2\/posts\/1603","targetHints":{"allow":["GET"]}}],"collection":[{"href":"https:\/\/jp2doc.pl\/fr\/wp-json\/wp\/v2\/posts"}],"about":[{"href":"https:\/\/jp2doc.pl\/fr\/wp-json\/wp\/v2\/types\/post"}],"author":[{"embeddable":true,"href":"https:\/\/jp2doc.pl\/fr\/wp-json\/wp\/v2\/users\/6"}],"replies":[{"embeddable":true,"href":"https:\/\/jp2doc.pl\/fr\/wp-json\/wp\/v2\/comments?post=1603"}],"version-history":[{"count":2,"href":"https:\/\/jp2doc.pl\/fr\/wp-json\/wp\/v2\/posts\/1603\/revisions"}],"predecessor-version":[{"id":1606,"href":"https:\/\/jp2doc.pl\/fr\/wp-json\/wp\/v2\/posts\/1603\/revisions\/1606"}],"wp:featuredmedia":[{"embeddable":true,"href":"https:\/\/jp2doc.pl\/fr\/wp-json\/wp\/v2\/media\/1604"}],"wp:attachment":[{"href":"https:\/\/jp2doc.pl\/fr\/wp-json\/wp\/v2\/media?parent=1603"}],"wp:term":[{"taxonomy":"category","embeddable":true,"href":"https:\/\/jp2doc.pl\/fr\/wp-json\/wp\/v2\/categories?post=1603"},{"taxonomy":"post_tag","embeddable":true,"href":"https:\/\/jp2doc.pl\/fr\/wp-json\/wp\/v2\/tags?post=1603"}],"curies":[{"name":"wp","href":"https:\/\/api.w.org\/{rel}","templated":true}]}}