{"id":1622,"date":"2020-02-16T13:53:50","date_gmt":"2020-02-16T12:53:50","guid":{"rendered":"https:\/\/jp2doc.pl\/fr\/?p=1622"},"modified":"2020-02-16T13:53:51","modified_gmt":"2020-02-16T12:53:51","slug":"la-sagesse-qui-vient-de-dieu","status":"publish","type":"post","link":"https:\/\/jp2doc.pl\/fr\/2020\/02\/16\/la-sagesse-qui-vient-de-dieu\/","title":{"rendered":"La sagesse qui vient de Dieu"},"content":{"rendered":"\n<p>Si 15, 15-20&nbsp;;\n1 Co 2, 6-10&nbsp;; Mt 5, 17-37<\/p>\n\n\n\n<p>Les lectures de ce 6<sup>e<\/sup> dimanche nous\nintroduisent au th\u00e8me de la sagesse. Dans la premi\u00e8re lecture, du livre de\nSirac le sage, on nous parle de \u00ab&nbsp;la sagesse du Seigneur [qui] est\ngrande&nbsp;\u00bb. Et dans la deuxi\u00e8me lecture, saint Paul dit aux\nCorinthiens&nbsp;: \u00ab&nbsp;Fr\u00e8res, c\u2019est bien une sagesse que nous\nproclamons&nbsp;\u00bb.<\/p>\n\n\n\n<p>La sagesse, c\u2019est la capacit\u00e9, la mani\u00e8re de diriger\nsa vie, de se conduire dans le monde, dans la soci\u00e9t\u00e9. A la base de la sagesse,\nil y a la libert\u00e9. Seule une personne libre peut choisir souverainement la\nmani\u00e8re dont elle entend mener sa vie. Une personne qui n\u2019est pas libre est\nincapable de choisir. C\u2019est une prisonni\u00e8re, c\u2019est une esclave.<\/p>\n\n\n\n<p>Aussi, Dieu ne s\u2019impose-t-il pas aux hommes, ses\ncr\u00e9atures. Il veut qu\u2019ils soient libres m\u00eame de choisir le mauvais chemin. Le\npo\u00e8te et philosophe allemand Friedrich H\u00f6lderlin a \u00e9crit que \u00ab&nbsp;Dieu cr\u00e9\u00e9\nl\u2019homme comme la mer cr\u00e9\u00e9 les continents, en se retirant&nbsp;\u00bb. C\u2019est dans ce\ncontexte de la libert\u00e9 que Sirac le sage \u00e9crit&nbsp;: \u00ab&nbsp;Si tu le veux, tu\npeux observer les commandements&nbsp;\u00bb.<\/p>\n\n\n\n<p>A cause de cette libert\u00e9 de choix, l\u2019Ecriture nous\nmet devant deux types de sagesse&nbsp;:<\/p>\n\n\n\n<p>1\u00b0 La mauvaise sagesse&nbsp;: elle est mauvaise\nparce que&nbsp;<\/p>\n\n\n\n<p>a) elle exclut Dieu&nbsp;: saint Paul, dans la\npremi\u00e8re lecture, l\u2019appelle \u00ab&nbsp;la sagesse de ce monde&nbsp;\u00bb. Ceux qui\nl\u2019embrassent voient en Dieu un obstacle \u00e0 l\u2019accomplissement de leurs d\u00e9sirs.\nIls crucifient le Seigneur. Pour eux, les commandements de Dieu sont un\nnon-sens et la pri\u00e8re n\u2019a pas de place dans leur vie. Peut-\u00eatre ext\u00e9rieurement,\nils semblent louer Dieu, mais au fond de leur c\u0153ur, ils sont bien loin de lui.\nCe sont des scribes et des pharisiens. Dans l\u2019\u00e9vangile, J\u00e9sus nous\npr\u00e9vient&nbsp;: \u00ab&nbsp;Si votre justice ne surpasse pas celle des scribes et\ndes pharisiens, vous n\u2019entrerez pas dans le Royaume des cieux&nbsp;\u00bb.<\/p>\n\n\n\n<p><em>-Est-ce que\nnous donnons un espace \u00e0 Dieu dans notre vie&nbsp;? Est-ce que nous nous\nlaissons continuellement interpeler par lui&nbsp;?<\/em><\/p>\n\n\n\n<p>b) elle est dominatrice et destructrice&nbsp;: quand\nDieu est exclu de la vie, l\u2019homme n\u2019a pas plus de chance. J\u2019ai d\u00e9j\u00e0 cit\u00e9 le\ncardinal j\u00e9suite fran\u00e7ais Henri de Lubac qui dans son livre <em>Le drame de l\u2019humanisme ath\u00e9e<\/em> a \u00e9crit\nque \u00ab&nbsp;l\u2019homme peut bien gouverner le monde sans Dieu. Mais il ne pourra le\nfaire que contre l\u2019homme&nbsp;\u00bb. Celui qui ne craint pas Dieu, quelle crainte\nde l\u2019homme peut-il avoir&nbsp;? N\u2019est pas ce que nous voyons dans notre\npays&nbsp; plusieurs pays o\u00f9 la d\u00e9mocratie est bafou\u00e9e&nbsp;?, O\u00f9 la religion\nest exclue et interdite aux gens&nbsp;? nous pouvons dire que pour certains,\nc\u2019est parce qu\u2019ils ont&nbsp; d\u00e9fi\u00e9 Dieu que\nles choses ne marchent pas dans notre pays. Regardons bien en nous et autour de\nnous. Que voyons-nous&nbsp;sinon que domination et destruction&nbsp;? Nous optons\nsi facilement pour le feu et la destruction&nbsp;! Nous br\u00fblons et d\u00e9truisons\nnos familles, nous br\u00fblons et d\u00e9truisons nos amiti\u00e9s, nous br\u00fblons et\nd\u00e9truisons notre travail, nous br\u00fblons et d\u00e9truisons nos r\u00e9gions, nous br\u00fblons\net d\u00e9truisons notre avenir, nous br\u00fblons et d\u00e9truisons l\u2019homme.<\/p>\n\n\n\n<p><em>-Est-ce que\nnous avons de la place pour les autres dans notre vie&nbsp;? Est-ce que nous\nrespectons les autres&nbsp;?<\/em><\/p>\n\n\n\n<p>2\u00b0 La bonne sagesse&nbsp;: elle est bonne parce que<\/p>\n\n\n\n<p>a) elle inclut Dieu&nbsp;: en fait elle vient de\nDieu. Dans la deuxi\u00e8me lecture, saint Paul dit&nbsp;: \u00ab&nbsp;Et c\u2019est \u00e0 nous\nque Dieu, par l\u2019Esprit, a r\u00e9v\u00e9l\u00e9 cette sagesse&nbsp;\u00bb. Mais \u00e0 nous qui&nbsp;?\nSaint Paul r\u00e9pond dans la m\u00eame lecture&nbsp;: \u00ab&nbsp;Mais ce que nous\nproclamons, c\u2019est ce que, comme le dit l\u2019Ecriture, ce que personne n\u2019avait vu\nde ses yeux ni entendu de ses oreilles, ce que le c\u0153ur de l\u2019homme n\u2019avait pas\nimagin\u00e9, ce qui avait \u00e9t\u00e9 pr\u00e9par\u00e9 pour ceux qui aiment Dieu&nbsp;\u00bb. Nous sommes\nceux qui aiment Dieu, ceux qui s\u2019ouvrent continuellement \u00e0 son Esprit, qui se\nlaissent guider par sa parole. On le voit avec les disciples. L\u2019\u00e9vangile dit\nd\u2019eux qu\u2019ils \u00ab&nbsp;s\u2019\u00e9taient rassembl\u00e9s autour de J\u00e9sus sur la\nmontagne&nbsp;\u00bb.<\/p>\n\n\n\n<p><em>-Est-ce que\nnous sommes conscients que Dieu nous offre sa sagesse&nbsp;?<\/em><\/p>\n\n\n\n<p>b) elle invite \u00e0 la fid\u00e9lit\u00e9&nbsp;: Sirac le sage,\ndans la premi\u00e8re lecture, dit \u00e0 chacun de nous&nbsp;: \u00ab&nbsp;il d\u00e9pend de ton\nchoix de rester fid\u00e8le&nbsp;\u00bb. L\u2019homme fid\u00e8le craint Dieu et en retour Dieu le\nprend sous sa protection. Sirac le sage \u00e9crit en effet&nbsp;: \u00ab&nbsp;[Les]\nregards [de Dieu] sont tourn\u00e9s vers ceux qui le craignent&nbsp;\u00bb. Et dans l\u2019\u00e9vangile\nJ\u00e9sus d\u00e9clare&nbsp;: \u00ab&nbsp;Mais celui qui [\u2026] observera [les commandements] et\nles enseignera sera d\u00e9clar\u00e9 grand dans le Royaume de cieux&nbsp;\u00bb. Quels sont\nces commandements&nbsp;auxquels nous devons \u00eatre fid\u00e8les ? J\u00e9sus nous les\nrappelle&nbsp;: ne pas tuer, ne pas se mettre en col\u00e8re, ne pas insulter,\nrechercher la r\u00e9conciliation, ne pas commettre l\u2019adult\u00e8re, garder la puret\u00e9 du\nc\u0153ur, prot\u00e9ger le lien du mariage. Au fond Dieu veut que nous soyons des gens\nbons.<\/p>\n\n\n\n<p><em>-Est-ce que\nnous cherchons \u00e0 \u00eatre fid\u00e8les \u00e0 nos engagements vis-\u00e0-vis de Dieu et de nos\nfr\u00e8res&nbsp;?<\/em><\/p>\n\n\n\n<p>Si nous sommes ouverts \u00e0 la sagesse qui vient de\nDieu, alors nous deviendrons ceux que saint Paul appelle des \u00ab&nbsp;adultes\ndans la foi&nbsp;\u00bb.<\/p>\n\n\n\n<p><strong>P\u00e8re Jean Claude Cabwinwe Ciza<\/strong> <\/p>\n\n\n\n<p><em>Fot. Chris Liu\/Unsplash.com<\/em><\/p>\n","protected":false},"excerpt":{"rendered":"<p>VIe Dimanche du Temps Ordinaire<\/p>\n","protected":false},"author":5,"featured_media":1623,"comment_status":"open","ping_status":"open","sticky":false,"template":"","format":"standard","meta":{"_acf_changed":false,"_exactmetrics_skip_tracking":false,"_exactmetrics_sitenote_active":false,"_exactmetrics_sitenote_note":"","_exactmetrics_sitenote_category":0,"footnotes":""},"categories":[4,13,14],"tags":[],"class_list":["post-1622","post","type-post","status-publish","format-standard","has-post-thumbnail","hentry","category-blog","category-strona-glowna-najnowsze","category-strona-glowna-slider"],"acf":[],"yoast_head":"<!-- This site is optimized with the Yoast SEO plugin v26.2 - https:\/\/yoast.com\/wordpress\/plugins\/seo\/ -->\n<title>La sagesse qui vient de Dieu - Centre de Documentation et d\u2019Etude du Pontificat de Jean-Paul II \u00e0 Rome<\/title>\n<meta name=\"robots\" content=\"index, follow, max-snippet:-1, max-image-preview:large, max-video-preview:-1\" \/>\n<link rel=\"canonical\" href=\"https:\/\/jp2doc.pl\/fr\/2020\/02\/16\/la-sagesse-qui-vient-de-dieu\/\" \/>\n<meta property=\"og:locale\" content=\"fr_FR\" \/>\n<meta property=\"og:type\" content=\"article\" \/>\n<meta property=\"og:title\" content=\"La sagesse qui vient de Dieu - Centre de Documentation et d\u2019Etude du Pontificat de Jean-Paul II \u00e0 Rome\" \/>\n<meta property=\"og:description\" content=\"VIe Dimanche du Temps Ordinaire\" \/>\n<meta property=\"og:url\" content=\"https:\/\/jp2doc.pl\/fr\/2020\/02\/16\/la-sagesse-qui-vient-de-dieu\/\" \/>\n<meta property=\"og:site_name\" content=\"Centre de Documentation et d\u2019Etude du Pontificat de Jean-Paul II \u00e0 Rome\" \/>\n<meta property=\"article:published_time\" content=\"2020-02-16T12:53:50+00:00\" \/>\n<meta property=\"article:modified_time\" content=\"2020-02-16T12:53:51+00:00\" \/>\n<meta property=\"og:image\" content=\"https:\/\/jp2doc.pl\/fr\/wp-content\/uploads\/sites\/5\/2020\/02\/chris-liu-p2HesbtuE2c-unsplash.jpg\" \/>\n\t<meta property=\"og:image:width\" content=\"1320\" \/>\n\t<meta property=\"og:image:height\" content=\"990\" \/>\n\t<meta property=\"og:image:type\" content=\"image\/jpeg\" \/>\n<meta name=\"author\" content=\"juliasercanka\" \/>\n<meta name=\"twitter:card\" content=\"summary_large_image\" \/>\n<meta name=\"twitter:label1\" content=\"\u00c9crit par\" \/>\n\t<meta name=\"twitter:data1\" content=\"juliasercanka\" \/>\n\t<meta name=\"twitter:label2\" content=\"Dur\u00e9e de lecture estim\u00e9e\" \/>\n\t<meta name=\"twitter:data2\" content=\"5 minutes\" \/>\n<script type=\"application\/ld+json\" class=\"yoast-schema-graph\">{\"@context\":\"https:\/\/schema.org\",\"@graph\":[{\"@type\":\"Article\",\"@id\":\"https:\/\/jp2doc.pl\/fr\/2020\/02\/16\/la-sagesse-qui-vient-de-dieu\/#article\",\"isPartOf\":{\"@id\":\"https:\/\/jp2doc.pl\/fr\/2020\/02\/16\/la-sagesse-qui-vient-de-dieu\/\"},\"author\":{\"name\":\"juliasercanka\",\"@id\":\"https:\/\/jp2doc.pl\/fr\/#\/schema\/person\/6110109e80abb51f6fac4824777eabfe\"},\"headline\":\"La sagesse qui vient de Dieu\",\"datePublished\":\"2020-02-16T12:53:50+00:00\",\"dateModified\":\"2020-02-16T12:53:51+00:00\",\"mainEntityOfPage\":{\"@id\":\"https:\/\/jp2doc.pl\/fr\/2020\/02\/16\/la-sagesse-qui-vient-de-dieu\/\"},\"wordCount\":1016,\"commentCount\":0,\"publisher\":{\"@id\":\"https:\/\/jp2doc.pl\/fr\/#organization\"},\"image\":{\"@id\":\"https:\/\/jp2doc.pl\/fr\/2020\/02\/16\/la-sagesse-qui-vient-de-dieu\/#primaryimage\"},\"thumbnailUrl\":\"https:\/\/jp2doc.pl\/fr\/wp-content\/uploads\/sites\/5\/2020\/02\/chris-liu-p2HesbtuE2c-unsplash.jpg\",\"articleSection\":[\"Blog\",\"Strona g\u0142\u00f3wna - najnowsze\",\"Strona g\u0142\u00f3wna - slider\"],\"inLanguage\":\"fr-FR\",\"potentialAction\":[{\"@type\":\"CommentAction\",\"name\":\"Comment\",\"target\":[\"https:\/\/jp2doc.pl\/fr\/2020\/02\/16\/la-sagesse-qui-vient-de-dieu\/#respond\"]}]},{\"@type\":\"WebPage\",\"@id\":\"https:\/\/jp2doc.pl\/fr\/2020\/02\/16\/la-sagesse-qui-vient-de-dieu\/\",\"url\":\"https:\/\/jp2doc.pl\/fr\/2020\/02\/16\/la-sagesse-qui-vient-de-dieu\/\",\"name\":\"La sagesse qui vient de Dieu - Centre de Documentation et d\u2019Etude du Pontificat de Jean-Paul II \u00e0 Rome\",\"isPartOf\":{\"@id\":\"https:\/\/jp2doc.pl\/fr\/#website\"},\"primaryImageOfPage\":{\"@id\":\"https:\/\/jp2doc.pl\/fr\/2020\/02\/16\/la-sagesse-qui-vient-de-dieu\/#primaryimage\"},\"image\":{\"@id\":\"https:\/\/jp2doc.pl\/fr\/2020\/02\/16\/la-sagesse-qui-vient-de-dieu\/#primaryimage\"},\"thumbnailUrl\":\"https:\/\/jp2doc.pl\/fr\/wp-content\/uploads\/sites\/5\/2020\/02\/chris-liu-p2HesbtuE2c-unsplash.jpg\",\"datePublished\":\"2020-02-16T12:53:50+00:00\",\"dateModified\":\"2020-02-16T12:53:51+00:00\",\"breadcrumb\":{\"@id\":\"https:\/\/jp2doc.pl\/fr\/2020\/02\/16\/la-sagesse-qui-vient-de-dieu\/#breadcrumb\"},\"inLanguage\":\"fr-FR\",\"potentialAction\":[{\"@type\":\"ReadAction\",\"target\":[\"https:\/\/jp2doc.pl\/fr\/2020\/02\/16\/la-sagesse-qui-vient-de-dieu\/\"]}]},{\"@type\":\"ImageObject\",\"inLanguage\":\"fr-FR\",\"@id\":\"https:\/\/jp2doc.pl\/fr\/2020\/02\/16\/la-sagesse-qui-vient-de-dieu\/#primaryimage\",\"url\":\"https:\/\/jp2doc.pl\/fr\/wp-content\/uploads\/sites\/5\/2020\/02\/chris-liu-p2HesbtuE2c-unsplash.jpg\",\"contentUrl\":\"https:\/\/jp2doc.pl\/fr\/wp-content\/uploads\/sites\/5\/2020\/02\/chris-liu-p2HesbtuE2c-unsplash.jpg\",\"width\":1320,\"height\":990},{\"@type\":\"BreadcrumbList\",\"@id\":\"https:\/\/jp2doc.pl\/fr\/2020\/02\/16\/la-sagesse-qui-vient-de-dieu\/#breadcrumb\",\"itemListElement\":[{\"@type\":\"ListItem\",\"position\":1,\"name\":\"Home\",\"item\":\"https:\/\/jp2doc.pl\/fr\/\"},{\"@type\":\"ListItem\",\"position\":2,\"name\":\"La sagesse qui vient de Dieu\"}]},{\"@type\":\"WebSite\",\"@id\":\"https:\/\/jp2doc.pl\/fr\/#website\",\"url\":\"https:\/\/jp2doc.pl\/fr\/\",\"name\":\"Centre de Documentation et d\u2019Etude du Pontificat de Jean-Paul II \u00e0 Rome\",\"description\":\"\",\"publisher\":{\"@id\":\"https:\/\/jp2doc.pl\/fr\/#organization\"},\"potentialAction\":[{\"@type\":\"SearchAction\",\"target\":{\"@type\":\"EntryPoint\",\"urlTemplate\":\"https:\/\/jp2doc.pl\/fr\/?s={search_term_string}\"},\"query-input\":{\"@type\":\"PropertyValueSpecification\",\"valueRequired\":true,\"valueName\":\"search_term_string\"}}],\"inLanguage\":\"fr-FR\"},{\"@type\":\"Organization\",\"@id\":\"https:\/\/jp2doc.pl\/fr\/#organization\",\"name\":\"Centre de Documentation et d\u2019Etude du Pontificat de Jean-Paul II \u00e0 Rome\",\"url\":\"https:\/\/jp2doc.pl\/fr\/\",\"logo\":{\"@type\":\"ImageObject\",\"inLanguage\":\"fr-FR\",\"@id\":\"https:\/\/jp2doc.pl\/fr\/#\/schema\/logo\/image\/\",\"url\":\"https:\/\/jp2doc.pl\/fr\/wp-content\/uploads\/sites\/5\/2017\/03\/cropped-logo.png\",\"contentUrl\":\"https:\/\/jp2doc.pl\/fr\/wp-content\/uploads\/sites\/5\/2017\/03\/cropped-logo.png\",\"width\":115,\"height\":115,\"caption\":\"Centre de Documentation et d\u2019Etude du Pontificat de Jean-Paul II \u00e0 Rome\"},\"image\":{\"@id\":\"https:\/\/jp2doc.pl\/fr\/#\/schema\/logo\/image\/\"}},{\"@type\":\"Person\",\"@id\":\"https:\/\/jp2doc.pl\/fr\/#\/schema\/person\/6110109e80abb51f6fac4824777eabfe\",\"name\":\"juliasercanka\",\"image\":{\"@type\":\"ImageObject\",\"inLanguage\":\"fr-FR\",\"@id\":\"https:\/\/jp2doc.pl\/fr\/#\/schema\/person\/image\/\",\"url\":\"https:\/\/secure.gravatar.com\/avatar\/266a66e864556e22d55d61b6b10c97fab9060767b738564bcd109f3997e372bc?s=96&d=mm&r=g\",\"contentUrl\":\"https:\/\/secure.gravatar.com\/avatar\/266a66e864556e22d55d61b6b10c97fab9060767b738564bcd109f3997e372bc?s=96&d=mm&r=g\",\"caption\":\"juliasercanka\"},\"url\":\"https:\/\/jp2doc.pl\/fr\/author\/juliasercanka\/\"}]}<\/script>\n<!-- \/ Yoast SEO plugin. -->","yoast_head_json":{"title":"La sagesse qui vient de Dieu - Centre de Documentation et d\u2019Etude du Pontificat de Jean-Paul II \u00e0 Rome","robots":{"index":"index","follow":"follow","max-snippet":"max-snippet:-1","max-image-preview":"max-image-preview:large","max-video-preview":"max-video-preview:-1"},"canonical":"https:\/\/jp2doc.pl\/fr\/2020\/02\/16\/la-sagesse-qui-vient-de-dieu\/","og_locale":"fr_FR","og_type":"article","og_title":"La sagesse qui vient de Dieu - Centre de Documentation et d\u2019Etude du Pontificat de Jean-Paul II \u00e0 Rome","og_description":"VIe Dimanche du Temps Ordinaire","og_url":"https:\/\/jp2doc.pl\/fr\/2020\/02\/16\/la-sagesse-qui-vient-de-dieu\/","og_site_name":"Centre de Documentation et d\u2019Etude du Pontificat de Jean-Paul II \u00e0 Rome","article_published_time":"2020-02-16T12:53:50+00:00","article_modified_time":"2020-02-16T12:53:51+00:00","og_image":[{"width":1320,"height":990,"url":"https:\/\/jp2doc.pl\/fr\/wp-content\/uploads\/sites\/5\/2020\/02\/chris-liu-p2HesbtuE2c-unsplash.jpg","type":"image\/jpeg"}],"author":"juliasercanka","twitter_card":"summary_large_image","twitter_misc":{"\u00c9crit par":"juliasercanka","Dur\u00e9e de lecture estim\u00e9e":"5 minutes"},"schema":{"@context":"https:\/\/schema.org","@graph":[{"@type":"Article","@id":"https:\/\/jp2doc.pl\/fr\/2020\/02\/16\/la-sagesse-qui-vient-de-dieu\/#article","isPartOf":{"@id":"https:\/\/jp2doc.pl\/fr\/2020\/02\/16\/la-sagesse-qui-vient-de-dieu\/"},"author":{"name":"juliasercanka","@id":"https:\/\/jp2doc.pl\/fr\/#\/schema\/person\/6110109e80abb51f6fac4824777eabfe"},"headline":"La sagesse qui vient de Dieu","datePublished":"2020-02-16T12:53:50+00:00","dateModified":"2020-02-16T12:53:51+00:00","mainEntityOfPage":{"@id":"https:\/\/jp2doc.pl\/fr\/2020\/02\/16\/la-sagesse-qui-vient-de-dieu\/"},"wordCount":1016,"commentCount":0,"publisher":{"@id":"https:\/\/jp2doc.pl\/fr\/#organization"},"image":{"@id":"https:\/\/jp2doc.pl\/fr\/2020\/02\/16\/la-sagesse-qui-vient-de-dieu\/#primaryimage"},"thumbnailUrl":"https:\/\/jp2doc.pl\/fr\/wp-content\/uploads\/sites\/5\/2020\/02\/chris-liu-p2HesbtuE2c-unsplash.jpg","articleSection":["Blog","Strona g\u0142\u00f3wna - najnowsze","Strona g\u0142\u00f3wna - slider"],"inLanguage":"fr-FR","potentialAction":[{"@type":"CommentAction","name":"Comment","target":["https:\/\/jp2doc.pl\/fr\/2020\/02\/16\/la-sagesse-qui-vient-de-dieu\/#respond"]}]},{"@type":"WebPage","@id":"https:\/\/jp2doc.pl\/fr\/2020\/02\/16\/la-sagesse-qui-vient-de-dieu\/","url":"https:\/\/jp2doc.pl\/fr\/2020\/02\/16\/la-sagesse-qui-vient-de-dieu\/","name":"La sagesse qui vient de Dieu - Centre de Documentation et d\u2019Etude du Pontificat de Jean-Paul II \u00e0 Rome","isPartOf":{"@id":"https:\/\/jp2doc.pl\/fr\/#website"},"primaryImageOfPage":{"@id":"https:\/\/jp2doc.pl\/fr\/2020\/02\/16\/la-sagesse-qui-vient-de-dieu\/#primaryimage"},"image":{"@id":"https:\/\/jp2doc.pl\/fr\/2020\/02\/16\/la-sagesse-qui-vient-de-dieu\/#primaryimage"},"thumbnailUrl":"https:\/\/jp2doc.pl\/fr\/wp-content\/uploads\/sites\/5\/2020\/02\/chris-liu-p2HesbtuE2c-unsplash.jpg","datePublished":"2020-02-16T12:53:50+00:00","dateModified":"2020-02-16T12:53:51+00:00","breadcrumb":{"@id":"https:\/\/jp2doc.pl\/fr\/2020\/02\/16\/la-sagesse-qui-vient-de-dieu\/#breadcrumb"},"inLanguage":"fr-FR","potentialAction":[{"@type":"ReadAction","target":["https:\/\/jp2doc.pl\/fr\/2020\/02\/16\/la-sagesse-qui-vient-de-dieu\/"]}]},{"@type":"ImageObject","inLanguage":"fr-FR","@id":"https:\/\/jp2doc.pl\/fr\/2020\/02\/16\/la-sagesse-qui-vient-de-dieu\/#primaryimage","url":"https:\/\/jp2doc.pl\/fr\/wp-content\/uploads\/sites\/5\/2020\/02\/chris-liu-p2HesbtuE2c-unsplash.jpg","contentUrl":"https:\/\/jp2doc.pl\/fr\/wp-content\/uploads\/sites\/5\/2020\/02\/chris-liu-p2HesbtuE2c-unsplash.jpg","width":1320,"height":990},{"@type":"BreadcrumbList","@id":"https:\/\/jp2doc.pl\/fr\/2020\/02\/16\/la-sagesse-qui-vient-de-dieu\/#breadcrumb","itemListElement":[{"@type":"ListItem","position":1,"name":"Home","item":"https:\/\/jp2doc.pl\/fr\/"},{"@type":"ListItem","position":2,"name":"La sagesse qui vient de Dieu"}]},{"@type":"WebSite","@id":"https:\/\/jp2doc.pl\/fr\/#website","url":"https:\/\/jp2doc.pl\/fr\/","name":"Centre de Documentation et d\u2019Etude du Pontificat de Jean-Paul II \u00e0 Rome","description":"","publisher":{"@id":"https:\/\/jp2doc.pl\/fr\/#organization"},"potentialAction":[{"@type":"SearchAction","target":{"@type":"EntryPoint","urlTemplate":"https:\/\/jp2doc.pl\/fr\/?s={search_term_string}"},"query-input":{"@type":"PropertyValueSpecification","valueRequired":true,"valueName":"search_term_string"}}],"inLanguage":"fr-FR"},{"@type":"Organization","@id":"https:\/\/jp2doc.pl\/fr\/#organization","name":"Centre de Documentation et d\u2019Etude du Pontificat de Jean-Paul II \u00e0 Rome","url":"https:\/\/jp2doc.pl\/fr\/","logo":{"@type":"ImageObject","inLanguage":"fr-FR","@id":"https:\/\/jp2doc.pl\/fr\/#\/schema\/logo\/image\/","url":"https:\/\/jp2doc.pl\/fr\/wp-content\/uploads\/sites\/5\/2017\/03\/cropped-logo.png","contentUrl":"https:\/\/jp2doc.pl\/fr\/wp-content\/uploads\/sites\/5\/2017\/03\/cropped-logo.png","width":115,"height":115,"caption":"Centre de Documentation et d\u2019Etude du Pontificat de Jean-Paul II \u00e0 Rome"},"image":{"@id":"https:\/\/jp2doc.pl\/fr\/#\/schema\/logo\/image\/"}},{"@type":"Person","@id":"https:\/\/jp2doc.pl\/fr\/#\/schema\/person\/6110109e80abb51f6fac4824777eabfe","name":"juliasercanka","image":{"@type":"ImageObject","inLanguage":"fr-FR","@id":"https:\/\/jp2doc.pl\/fr\/#\/schema\/person\/image\/","url":"https:\/\/secure.gravatar.com\/avatar\/266a66e864556e22d55d61b6b10c97fab9060767b738564bcd109f3997e372bc?s=96&d=mm&r=g","contentUrl":"https:\/\/secure.gravatar.com\/avatar\/266a66e864556e22d55d61b6b10c97fab9060767b738564bcd109f3997e372bc?s=96&d=mm&r=g","caption":"juliasercanka"},"url":"https:\/\/jp2doc.pl\/fr\/author\/juliasercanka\/"}]}},"_links":{"self":[{"href":"https:\/\/jp2doc.pl\/fr\/wp-json\/wp\/v2\/posts\/1622","targetHints":{"allow":["GET"]}}],"collection":[{"href":"https:\/\/jp2doc.pl\/fr\/wp-json\/wp\/v2\/posts"}],"about":[{"href":"https:\/\/jp2doc.pl\/fr\/wp-json\/wp\/v2\/types\/post"}],"author":[{"embeddable":true,"href":"https:\/\/jp2doc.pl\/fr\/wp-json\/wp\/v2\/users\/5"}],"replies":[{"embeddable":true,"href":"https:\/\/jp2doc.pl\/fr\/wp-json\/wp\/v2\/comments?post=1622"}],"version-history":[{"count":1,"href":"https:\/\/jp2doc.pl\/fr\/wp-json\/wp\/v2\/posts\/1622\/revisions"}],"predecessor-version":[{"id":1624,"href":"https:\/\/jp2doc.pl\/fr\/wp-json\/wp\/v2\/posts\/1622\/revisions\/1624"}],"wp:featuredmedia":[{"embeddable":true,"href":"https:\/\/jp2doc.pl\/fr\/wp-json\/wp\/v2\/media\/1623"}],"wp:attachment":[{"href":"https:\/\/jp2doc.pl\/fr\/wp-json\/wp\/v2\/media?parent=1622"}],"wp:term":[{"taxonomy":"category","embeddable":true,"href":"https:\/\/jp2doc.pl\/fr\/wp-json\/wp\/v2\/categories?post=1622"},{"taxonomy":"post_tag","embeddable":true,"href":"https:\/\/jp2doc.pl\/fr\/wp-json\/wp\/v2\/tags?post=1622"}],"curies":[{"name":"wp","href":"https:\/\/api.w.org\/{rel}","templated":true}]}}