{"id":1634,"date":"2020-03-08T12:53:03","date_gmt":"2020-03-08T11:53:03","guid":{"rendered":"https:\/\/jp2doc.pl\/fr\/?p=1634"},"modified":"2020-03-08T12:53:03","modified_gmt":"2020-03-08T11:53:03","slug":"la-croissance-spirituelle-du-croyant","status":"publish","type":"post","link":"https:\/\/jp2doc.pl\/fr\/2020\/03\/08\/la-croissance-spirituelle-du-croyant\/","title":{"rendered":"La croissance spirituelle du croyant"},"content":{"rendered":"\n<p>Gn 12, 1-4&nbsp;;\n2 Tim 1, 8-10&nbsp;; Mt 17, 1-9<\/p>\n\n\n\n<p>Aujourd\u2019hui,\nnous c\u00e9l\u00e9brons le deuxi\u00e8me dimanche de Car\u00eame. Si le premier dimanche est nomm\u00e9\ndans la tradition de l\u2019\u00c9glise \u00ab&nbsp;dimanche de la Tentation&nbsp;\u00bb. Celui-ci,\nle deuxi\u00e8me, est appel\u00e9 \u00ab&nbsp;dimanche d\u2019Abraham et de la\nTransfiguration&nbsp;\u00bb.<\/p>\n\n\n\n<p>Les lectures\n\u00e9voquent le th\u00e8me de la croissance spirituelle du croyant. Qui dit croissance,\ndit \u00e9volution, changement. C\u2019est en effet au changement d\u2019attitude, de position\nou de positionnement que Dieu nous invite.<\/p>\n\n\n\n<p>Dans la premi\u00e8re\nlecture du Livre de la Gen\u00e8se, Dieu dit \u00e0 Abraham&nbsp;: \u00ab&nbsp;Pars de ton\npays&nbsp;\u00bb. Abraham vivait alors en Chald\u00e9e. C\u2019est le pays dont il est\nfamilier, dont on peut dire qu\u2019il en conna\u00eet les coins et les recoins. Abraham\ndoit maintenant le quitter sur ordre de Dieu. Il doit laisser derri\u00e8re lui sa\ns\u00e9curit\u00e9, sa tranquillit\u00e9, ses habitudes, ses jugements.<\/p>\n\n\n\n<p>En fait, ce\nqu\u2019Abraham doit laisser n\u2019est que fausse s\u00e9curit\u00e9, fausse tranquillit\u00e9,\nmauvaises habitudes, mauvais jugements ou pr\u00e9jug\u00e9s.<\/p>\n\n\n\n<p>Abraham doit\ndonc changer de lieu, de perspective. Il doit se laisser bousculer. De son\npropre ma\u00eetre qu\u2019il \u00e9tait, il va recevoir un nouveau ma\u00eetre&nbsp;: le Seigneur\nDieu lui-m\u00eame&nbsp;: \u00ab&nbsp;va dans le pays que je te montrerai&nbsp;\u00bb.<\/p>\n\n\n\n<p>C\u2019est le m\u00eame\nson de cloche que nous entendons dans la deuxi\u00e8me lecture o\u00f9 saint Paul dit \u00e0\nTimoth\u00e9e&nbsp;: \u00ab&nbsp;[Dieu] nous a donn\u00e9 une vocation sainte&nbsp;\u00bb. Une\nvocation est un appel, une sorte de bousculade de nos habitudes, de notre\ntranquillit\u00e9.<\/p>\n\n\n\n<p>L\u2019\u00e9vangile y\nfait aussi largement \u00e9cho. Saint Matthieu nous dit que J\u00e9sus prend avec lui\nPierre, Jacques et Jean son fr\u00e8re&nbsp;\u00bb. Le guide, c\u2019est lui J\u00e9sus&nbsp;:\n\u00ab&nbsp;et il les emm\u00e8ne \u00e0 l\u2019\u00e9cart, sur une haute montagne&nbsp;\u00bb.<\/p>\n\n\n\n<p><em>La question pour nous est celle de savoir si nous\nsommes pr\u00eats comme Abraham, Timoth\u00e9e, Pierre, Jacques et Jean \u00e0 nous laisser\nbousculer, \u00e0 changer de lieu \u00e0 partir duquel nous voyons le monde, \u00e0\nrelativiser nos habitudes, \u00e0 abandonner nos pr\u00e9jug\u00e9s sur les autres&nbsp;; bref\n\u00e0 changer de guide&nbsp;: de nous-m\u00eames comme guides de notre vie au Seigneur\ncomme guide de notre vie.<\/em><\/p>\n\n\n\n<p>Quel sont donc\nles cons\u00e9quences d\u2019une telle option, D\u2019un tel changement&nbsp;? Nous pouvons en\nmentionner trois&nbsp;:<\/p>\n\n\n\n<p>1\u00b0 La\nb\u00e9n\u00e9diction&nbsp;: Dieu dit \u00e0 Abraham&nbsp;: \u00ab&nbsp;je ferai de toi une grande\nnation, je te b\u00e9nirai, je rendrai grand ton nom, et tu deviendras une\nb\u00e9n\u00e9diction&nbsp;\u00bb.<\/p>\n\n\n\n<p>Le bien est\nsolidaire&nbsp;: \u00ab&nbsp;En toi seront b\u00e9nies toutes les familles de la\nterre&nbsp;\u00bb.<\/p>\n\n\n\n<p><em>Est-ce que nous r\u00e9alisons que Dieu dispose des\nb\u00e9n\u00e9dictions pour nous&nbsp;? Est-ce que nous r\u00e9alisons que Dieu veut b\u00e9nir le monde\n\u00e0 travers nous&nbsp;?<\/em><\/p>\n\n\n\n<p>2\u00b0 Le triomphe\nde la vie&nbsp;: saint Paul \u00e9crit&nbsp;\u00e0 Timoth\u00e9e : \u00ab&nbsp;Dieu nous a sauv\u00e9\n[\u2026]. [\u2026] notre Sauveur le Christ J\u00e9sus s\u2019est manifest\u00e9 en d\u00e9truisant la mort et\nen faisant resplendir la vie et l\u2019immortalit\u00e9&nbsp;\u00bb.<\/p>\n\n\n\n<p><em>Est-ce que nous nous rendons compte que Dieu veut\nque nous soyons des agents de la vie, de l\u2019espoir, du sourire, de la joie en\nnous et autour de nous&nbsp;? Voulons-nous resplendir autour de nous la vie que\nDieu nous donne&nbsp;?<\/em><\/p>\n\n\n\n<p>&nbsp;3\u00b0 La beaut\u00e9&nbsp;: saint Matthieu\n\u00e9crit&nbsp;: \u00ab&nbsp;[J\u00e9sus] fut transfigur\u00e9 devant [Pierre, Jacques et\nJean]&nbsp;; son visage devint brillant comme le soleil, et ses v\u00eatements,\nblancs comme la lumi\u00e8re&nbsp;\u00bb. C\u2019est vrai pour le Seigneur, mais c\u2019est aussi\nvrai pour les disciples. Eux aussi sont transfigur\u00e9s&nbsp;: \u00ab&nbsp;une nu\u00e9e\nlumineuse les couvrit de son ombre&nbsp;\u00bb.<\/p>\n\n\n\n<p><em>Est-ce que J\u00e9sus nous attire&nbsp;? Est-ce qu\u2019il\nnous inspire&nbsp;? Est-ce que nous brillons pour les gens qui nous\nvoient&nbsp;? Est-ce que nous inspirons confiance aux autres&nbsp;?<\/em><\/p>\n\n\n\n<p>Ce paysage exige\nde nous de consentir \u00e0 des sacrifices&nbsp;; de changer, de bouger\neffectivement.<\/p>\n\n\n\n<p>*Du livre de la\nGen\u00e8se, nous avons entendu&nbsp;qu\u2019\u00ab&nbsp;Abraham partit&nbsp;\u00bb. C\u2019est un signe\nd\u2019ob\u00e9issance. Il faut ob\u00e9ir \u00e0 Dieu pour \u00eatre heureux.<\/p>\n\n\n\n<p>*Et saint Paul\ndit \u00e0 Timoth\u00e9e&nbsp;: \u00ab&nbsp;Fils bien aim\u00e9, avec la force de Dieu, prends ta\npart de souffrance pour l\u2019annonce de l\u2019Evangile&nbsp;\u00bb. Il faut collaborer avec\nDieu.<\/p>\n\n\n\n<p>*Dans\nl\u2019\u00e9vangile, nous avons appris qu\u2019une voix se fit entendre de la nu\u00e9e&nbsp;:\n\u00ab&nbsp;Celui-ci est mon Fils bien aim\u00e9, en qui j\u2019ai mis tout mon amour&nbsp;;\n\u00e9coutez-le&nbsp;!&nbsp;\u00bb. Ecouter veut dire ob\u00e9ir. Notre croissance spirituelle\nd\u00e9pend de notre ob\u00e9issance \u00e0 J\u00e9sus. Nous devons lever nos yeux vers Lui.<\/p>\n\n\n\n<p>Demandons au\nSeigneur, au cours de cette c\u00e9l\u00e9bration, la gr\u00e2ce de l\u2019\u00e9coute et d\u2019ob\u00e9issance \u00e0\nses ordres.&nbsp; <\/p>\n\n\n\n<p><strong>P\u00e8re Jean Claude Cabwinwe Ciza <\/strong><\/p>\n\n\n\n<p><em>Fot. Magdeleine.com<\/em><\/p>\n","protected":false},"excerpt":{"rendered":"<p>IIe Dimanche de Car\u00eame<\/p>\n","protected":false},"author":5,"featured_media":1635,"comment_status":"open","ping_status":"open","sticky":false,"template":"","format":"standard","meta":{"_acf_changed":false,"_exactmetrics_skip_tracking":false,"_exactmetrics_sitenote_active":false,"_exactmetrics_sitenote_note":"","_exactmetrics_sitenote_category":0,"footnotes":""},"categories":[4,13,14],"tags":[],"class_list":["post-1634","post","type-post","status-publish","format-standard","has-post-thumbnail","hentry","category-blog","category-strona-glowna-najnowsze","category-strona-glowna-slider"],"acf":[],"yoast_head":"<!-- This site is optimized with the Yoast SEO plugin v26.2 - https:\/\/yoast.com\/wordpress\/plugins\/seo\/ -->\n<title>La croissance spirituelle du croyant - Centre de Documentation et d\u2019Etude du Pontificat de Jean-Paul II \u00e0 Rome<\/title>\n<meta name=\"robots\" content=\"index, follow, max-snippet:-1, max-image-preview:large, max-video-preview:-1\" \/>\n<link rel=\"canonical\" href=\"https:\/\/jp2doc.pl\/fr\/2020\/03\/08\/la-croissance-spirituelle-du-croyant\/\" \/>\n<meta property=\"og:locale\" content=\"fr_FR\" \/>\n<meta property=\"og:type\" content=\"article\" \/>\n<meta property=\"og:title\" content=\"La croissance spirituelle du croyant - Centre de Documentation et d\u2019Etude du Pontificat de Jean-Paul II \u00e0 Rome\" \/>\n<meta property=\"og:description\" content=\"IIe Dimanche de Car\u00eame\" \/>\n<meta property=\"og:url\" content=\"https:\/\/jp2doc.pl\/fr\/2020\/03\/08\/la-croissance-spirituelle-du-croyant\/\" \/>\n<meta property=\"og:site_name\" content=\"Centre de Documentation et d\u2019Etude du Pontificat de Jean-Paul II \u00e0 Rome\" \/>\n<meta property=\"article:published_time\" content=\"2020-03-08T11:53:03+00:00\" \/>\n<meta property=\"og:image\" content=\"https:\/\/jp2doc.pl\/fr\/wp-content\/uploads\/sites\/5\/2020\/03\/8207353574_45b8642f31_o-e1583668337884.jpg\" \/>\n\t<meta property=\"og:image:width\" content=\"1389\" \/>\n\t<meta property=\"og:image:height\" content=\"724\" \/>\n\t<meta property=\"og:image:type\" content=\"image\/jpeg\" \/>\n<meta name=\"author\" content=\"juliasercanka\" \/>\n<meta name=\"twitter:card\" content=\"summary_large_image\" \/>\n<meta name=\"twitter:label1\" content=\"\u00c9crit par\" \/>\n\t<meta name=\"twitter:data1\" content=\"juliasercanka\" \/>\n\t<meta name=\"twitter:label2\" content=\"Dur\u00e9e de lecture estim\u00e9e\" \/>\n\t<meta name=\"twitter:data2\" content=\"4 minutes\" \/>\n<script type=\"application\/ld+json\" class=\"yoast-schema-graph\">{\"@context\":\"https:\/\/schema.org\",\"@graph\":[{\"@type\":\"Article\",\"@id\":\"https:\/\/jp2doc.pl\/fr\/2020\/03\/08\/la-croissance-spirituelle-du-croyant\/#article\",\"isPartOf\":{\"@id\":\"https:\/\/jp2doc.pl\/fr\/2020\/03\/08\/la-croissance-spirituelle-du-croyant\/\"},\"author\":{\"name\":\"juliasercanka\",\"@id\":\"https:\/\/jp2doc.pl\/fr\/#\/schema\/person\/6110109e80abb51f6fac4824777eabfe\"},\"headline\":\"La croissance spirituelle du croyant\",\"datePublished\":\"2020-03-08T11:53:03+00:00\",\"mainEntityOfPage\":{\"@id\":\"https:\/\/jp2doc.pl\/fr\/2020\/03\/08\/la-croissance-spirituelle-du-croyant\/\"},\"wordCount\":849,\"commentCount\":0,\"publisher\":{\"@id\":\"https:\/\/jp2doc.pl\/fr\/#organization\"},\"image\":{\"@id\":\"https:\/\/jp2doc.pl\/fr\/2020\/03\/08\/la-croissance-spirituelle-du-croyant\/#primaryimage\"},\"thumbnailUrl\":\"https:\/\/jp2doc.pl\/fr\/wp-content\/uploads\/sites\/5\/2020\/03\/8207353574_45b8642f31_o-e1583668337884.jpg\",\"articleSection\":[\"Blog\",\"Strona g\u0142\u00f3wna - najnowsze\",\"Strona g\u0142\u00f3wna - slider\"],\"inLanguage\":\"fr-FR\",\"potentialAction\":[{\"@type\":\"CommentAction\",\"name\":\"Comment\",\"target\":[\"https:\/\/jp2doc.pl\/fr\/2020\/03\/08\/la-croissance-spirituelle-du-croyant\/#respond\"]}]},{\"@type\":\"WebPage\",\"@id\":\"https:\/\/jp2doc.pl\/fr\/2020\/03\/08\/la-croissance-spirituelle-du-croyant\/\",\"url\":\"https:\/\/jp2doc.pl\/fr\/2020\/03\/08\/la-croissance-spirituelle-du-croyant\/\",\"name\":\"La croissance spirituelle du croyant - Centre de Documentation et d\u2019Etude du Pontificat de Jean-Paul II \u00e0 Rome\",\"isPartOf\":{\"@id\":\"https:\/\/jp2doc.pl\/fr\/#website\"},\"primaryImageOfPage\":{\"@id\":\"https:\/\/jp2doc.pl\/fr\/2020\/03\/08\/la-croissance-spirituelle-du-croyant\/#primaryimage\"},\"image\":{\"@id\":\"https:\/\/jp2doc.pl\/fr\/2020\/03\/08\/la-croissance-spirituelle-du-croyant\/#primaryimage\"},\"thumbnailUrl\":\"https:\/\/jp2doc.pl\/fr\/wp-content\/uploads\/sites\/5\/2020\/03\/8207353574_45b8642f31_o-e1583668337884.jpg\",\"datePublished\":\"2020-03-08T11:53:03+00:00\",\"breadcrumb\":{\"@id\":\"https:\/\/jp2doc.pl\/fr\/2020\/03\/08\/la-croissance-spirituelle-du-croyant\/#breadcrumb\"},\"inLanguage\":\"fr-FR\",\"potentialAction\":[{\"@type\":\"ReadAction\",\"target\":[\"https:\/\/jp2doc.pl\/fr\/2020\/03\/08\/la-croissance-spirituelle-du-croyant\/\"]}]},{\"@type\":\"ImageObject\",\"inLanguage\":\"fr-FR\",\"@id\":\"https:\/\/jp2doc.pl\/fr\/2020\/03\/08\/la-croissance-spirituelle-du-croyant\/#primaryimage\",\"url\":\"https:\/\/jp2doc.pl\/fr\/wp-content\/uploads\/sites\/5\/2020\/03\/8207353574_45b8642f31_o-e1583668337884.jpg\",\"contentUrl\":\"https:\/\/jp2doc.pl\/fr\/wp-content\/uploads\/sites\/5\/2020\/03\/8207353574_45b8642f31_o-e1583668337884.jpg\",\"width\":1389,\"height\":724},{\"@type\":\"BreadcrumbList\",\"@id\":\"https:\/\/jp2doc.pl\/fr\/2020\/03\/08\/la-croissance-spirituelle-du-croyant\/#breadcrumb\",\"itemListElement\":[{\"@type\":\"ListItem\",\"position\":1,\"name\":\"Home\",\"item\":\"https:\/\/jp2doc.pl\/fr\/\"},{\"@type\":\"ListItem\",\"position\":2,\"name\":\"La croissance spirituelle du croyant\"}]},{\"@type\":\"WebSite\",\"@id\":\"https:\/\/jp2doc.pl\/fr\/#website\",\"url\":\"https:\/\/jp2doc.pl\/fr\/\",\"name\":\"Centre de Documentation et d\u2019Etude du Pontificat de Jean-Paul II \u00e0 Rome\",\"description\":\"\",\"publisher\":{\"@id\":\"https:\/\/jp2doc.pl\/fr\/#organization\"},\"potentialAction\":[{\"@type\":\"SearchAction\",\"target\":{\"@type\":\"EntryPoint\",\"urlTemplate\":\"https:\/\/jp2doc.pl\/fr\/?s={search_term_string}\"},\"query-input\":{\"@type\":\"PropertyValueSpecification\",\"valueRequired\":true,\"valueName\":\"search_term_string\"}}],\"inLanguage\":\"fr-FR\"},{\"@type\":\"Organization\",\"@id\":\"https:\/\/jp2doc.pl\/fr\/#organization\",\"name\":\"Centre de Documentation et d\u2019Etude du Pontificat de Jean-Paul II \u00e0 Rome\",\"url\":\"https:\/\/jp2doc.pl\/fr\/\",\"logo\":{\"@type\":\"ImageObject\",\"inLanguage\":\"fr-FR\",\"@id\":\"https:\/\/jp2doc.pl\/fr\/#\/schema\/logo\/image\/\",\"url\":\"https:\/\/jp2doc.pl\/fr\/wp-content\/uploads\/sites\/5\/2017\/03\/cropped-logo.png\",\"contentUrl\":\"https:\/\/jp2doc.pl\/fr\/wp-content\/uploads\/sites\/5\/2017\/03\/cropped-logo.png\",\"width\":115,\"height\":115,\"caption\":\"Centre de Documentation et d\u2019Etude du Pontificat de Jean-Paul II \u00e0 Rome\"},\"image\":{\"@id\":\"https:\/\/jp2doc.pl\/fr\/#\/schema\/logo\/image\/\"}},{\"@type\":\"Person\",\"@id\":\"https:\/\/jp2doc.pl\/fr\/#\/schema\/person\/6110109e80abb51f6fac4824777eabfe\",\"name\":\"juliasercanka\",\"image\":{\"@type\":\"ImageObject\",\"inLanguage\":\"fr-FR\",\"@id\":\"https:\/\/jp2doc.pl\/fr\/#\/schema\/person\/image\/\",\"url\":\"https:\/\/secure.gravatar.com\/avatar\/266a66e864556e22d55d61b6b10c97fab9060767b738564bcd109f3997e372bc?s=96&d=mm&r=g\",\"contentUrl\":\"https:\/\/secure.gravatar.com\/avatar\/266a66e864556e22d55d61b6b10c97fab9060767b738564bcd109f3997e372bc?s=96&d=mm&r=g\",\"caption\":\"juliasercanka\"},\"url\":\"https:\/\/jp2doc.pl\/fr\/author\/juliasercanka\/\"}]}<\/script>\n<!-- \/ Yoast SEO plugin. -->","yoast_head_json":{"title":"La croissance spirituelle du croyant - Centre de Documentation et d\u2019Etude du Pontificat de Jean-Paul II \u00e0 Rome","robots":{"index":"index","follow":"follow","max-snippet":"max-snippet:-1","max-image-preview":"max-image-preview:large","max-video-preview":"max-video-preview:-1"},"canonical":"https:\/\/jp2doc.pl\/fr\/2020\/03\/08\/la-croissance-spirituelle-du-croyant\/","og_locale":"fr_FR","og_type":"article","og_title":"La croissance spirituelle du croyant - Centre de Documentation et d\u2019Etude du Pontificat de Jean-Paul II \u00e0 Rome","og_description":"IIe Dimanche de Car\u00eame","og_url":"https:\/\/jp2doc.pl\/fr\/2020\/03\/08\/la-croissance-spirituelle-du-croyant\/","og_site_name":"Centre de Documentation et d\u2019Etude du Pontificat de Jean-Paul II \u00e0 Rome","article_published_time":"2020-03-08T11:53:03+00:00","og_image":[{"width":1389,"height":724,"url":"https:\/\/jp2doc.pl\/fr\/wp-content\/uploads\/sites\/5\/2020\/03\/8207353574_45b8642f31_o-e1583668337884.jpg","type":"image\/jpeg"}],"author":"juliasercanka","twitter_card":"summary_large_image","twitter_misc":{"\u00c9crit par":"juliasercanka","Dur\u00e9e de lecture estim\u00e9e":"4 minutes"},"schema":{"@context":"https:\/\/schema.org","@graph":[{"@type":"Article","@id":"https:\/\/jp2doc.pl\/fr\/2020\/03\/08\/la-croissance-spirituelle-du-croyant\/#article","isPartOf":{"@id":"https:\/\/jp2doc.pl\/fr\/2020\/03\/08\/la-croissance-spirituelle-du-croyant\/"},"author":{"name":"juliasercanka","@id":"https:\/\/jp2doc.pl\/fr\/#\/schema\/person\/6110109e80abb51f6fac4824777eabfe"},"headline":"La croissance spirituelle du croyant","datePublished":"2020-03-08T11:53:03+00:00","mainEntityOfPage":{"@id":"https:\/\/jp2doc.pl\/fr\/2020\/03\/08\/la-croissance-spirituelle-du-croyant\/"},"wordCount":849,"commentCount":0,"publisher":{"@id":"https:\/\/jp2doc.pl\/fr\/#organization"},"image":{"@id":"https:\/\/jp2doc.pl\/fr\/2020\/03\/08\/la-croissance-spirituelle-du-croyant\/#primaryimage"},"thumbnailUrl":"https:\/\/jp2doc.pl\/fr\/wp-content\/uploads\/sites\/5\/2020\/03\/8207353574_45b8642f31_o-e1583668337884.jpg","articleSection":["Blog","Strona g\u0142\u00f3wna - najnowsze","Strona g\u0142\u00f3wna - slider"],"inLanguage":"fr-FR","potentialAction":[{"@type":"CommentAction","name":"Comment","target":["https:\/\/jp2doc.pl\/fr\/2020\/03\/08\/la-croissance-spirituelle-du-croyant\/#respond"]}]},{"@type":"WebPage","@id":"https:\/\/jp2doc.pl\/fr\/2020\/03\/08\/la-croissance-spirituelle-du-croyant\/","url":"https:\/\/jp2doc.pl\/fr\/2020\/03\/08\/la-croissance-spirituelle-du-croyant\/","name":"La croissance spirituelle du croyant - Centre de Documentation et d\u2019Etude du Pontificat de Jean-Paul II \u00e0 Rome","isPartOf":{"@id":"https:\/\/jp2doc.pl\/fr\/#website"},"primaryImageOfPage":{"@id":"https:\/\/jp2doc.pl\/fr\/2020\/03\/08\/la-croissance-spirituelle-du-croyant\/#primaryimage"},"image":{"@id":"https:\/\/jp2doc.pl\/fr\/2020\/03\/08\/la-croissance-spirituelle-du-croyant\/#primaryimage"},"thumbnailUrl":"https:\/\/jp2doc.pl\/fr\/wp-content\/uploads\/sites\/5\/2020\/03\/8207353574_45b8642f31_o-e1583668337884.jpg","datePublished":"2020-03-08T11:53:03+00:00","breadcrumb":{"@id":"https:\/\/jp2doc.pl\/fr\/2020\/03\/08\/la-croissance-spirituelle-du-croyant\/#breadcrumb"},"inLanguage":"fr-FR","potentialAction":[{"@type":"ReadAction","target":["https:\/\/jp2doc.pl\/fr\/2020\/03\/08\/la-croissance-spirituelle-du-croyant\/"]}]},{"@type":"ImageObject","inLanguage":"fr-FR","@id":"https:\/\/jp2doc.pl\/fr\/2020\/03\/08\/la-croissance-spirituelle-du-croyant\/#primaryimage","url":"https:\/\/jp2doc.pl\/fr\/wp-content\/uploads\/sites\/5\/2020\/03\/8207353574_45b8642f31_o-e1583668337884.jpg","contentUrl":"https:\/\/jp2doc.pl\/fr\/wp-content\/uploads\/sites\/5\/2020\/03\/8207353574_45b8642f31_o-e1583668337884.jpg","width":1389,"height":724},{"@type":"BreadcrumbList","@id":"https:\/\/jp2doc.pl\/fr\/2020\/03\/08\/la-croissance-spirituelle-du-croyant\/#breadcrumb","itemListElement":[{"@type":"ListItem","position":1,"name":"Home","item":"https:\/\/jp2doc.pl\/fr\/"},{"@type":"ListItem","position":2,"name":"La croissance spirituelle du croyant"}]},{"@type":"WebSite","@id":"https:\/\/jp2doc.pl\/fr\/#website","url":"https:\/\/jp2doc.pl\/fr\/","name":"Centre de Documentation et d\u2019Etude du Pontificat de Jean-Paul II \u00e0 Rome","description":"","publisher":{"@id":"https:\/\/jp2doc.pl\/fr\/#organization"},"potentialAction":[{"@type":"SearchAction","target":{"@type":"EntryPoint","urlTemplate":"https:\/\/jp2doc.pl\/fr\/?s={search_term_string}"},"query-input":{"@type":"PropertyValueSpecification","valueRequired":true,"valueName":"search_term_string"}}],"inLanguage":"fr-FR"},{"@type":"Organization","@id":"https:\/\/jp2doc.pl\/fr\/#organization","name":"Centre de Documentation et d\u2019Etude du Pontificat de Jean-Paul II \u00e0 Rome","url":"https:\/\/jp2doc.pl\/fr\/","logo":{"@type":"ImageObject","inLanguage":"fr-FR","@id":"https:\/\/jp2doc.pl\/fr\/#\/schema\/logo\/image\/","url":"https:\/\/jp2doc.pl\/fr\/wp-content\/uploads\/sites\/5\/2017\/03\/cropped-logo.png","contentUrl":"https:\/\/jp2doc.pl\/fr\/wp-content\/uploads\/sites\/5\/2017\/03\/cropped-logo.png","width":115,"height":115,"caption":"Centre de Documentation et d\u2019Etude du Pontificat de Jean-Paul II \u00e0 Rome"},"image":{"@id":"https:\/\/jp2doc.pl\/fr\/#\/schema\/logo\/image\/"}},{"@type":"Person","@id":"https:\/\/jp2doc.pl\/fr\/#\/schema\/person\/6110109e80abb51f6fac4824777eabfe","name":"juliasercanka","image":{"@type":"ImageObject","inLanguage":"fr-FR","@id":"https:\/\/jp2doc.pl\/fr\/#\/schema\/person\/image\/","url":"https:\/\/secure.gravatar.com\/avatar\/266a66e864556e22d55d61b6b10c97fab9060767b738564bcd109f3997e372bc?s=96&d=mm&r=g","contentUrl":"https:\/\/secure.gravatar.com\/avatar\/266a66e864556e22d55d61b6b10c97fab9060767b738564bcd109f3997e372bc?s=96&d=mm&r=g","caption":"juliasercanka"},"url":"https:\/\/jp2doc.pl\/fr\/author\/juliasercanka\/"}]}},"_links":{"self":[{"href":"https:\/\/jp2doc.pl\/fr\/wp-json\/wp\/v2\/posts\/1634","targetHints":{"allow":["GET"]}}],"collection":[{"href":"https:\/\/jp2doc.pl\/fr\/wp-json\/wp\/v2\/posts"}],"about":[{"href":"https:\/\/jp2doc.pl\/fr\/wp-json\/wp\/v2\/types\/post"}],"author":[{"embeddable":true,"href":"https:\/\/jp2doc.pl\/fr\/wp-json\/wp\/v2\/users\/5"}],"replies":[{"embeddable":true,"href":"https:\/\/jp2doc.pl\/fr\/wp-json\/wp\/v2\/comments?post=1634"}],"version-history":[{"count":3,"href":"https:\/\/jp2doc.pl\/fr\/wp-json\/wp\/v2\/posts\/1634\/revisions"}],"predecessor-version":[{"id":1638,"href":"https:\/\/jp2doc.pl\/fr\/wp-json\/wp\/v2\/posts\/1634\/revisions\/1638"}],"wp:featuredmedia":[{"embeddable":true,"href":"https:\/\/jp2doc.pl\/fr\/wp-json\/wp\/v2\/media\/1635"}],"wp:attachment":[{"href":"https:\/\/jp2doc.pl\/fr\/wp-json\/wp\/v2\/media?parent=1634"}],"wp:term":[{"taxonomy":"category","embeddable":true,"href":"https:\/\/jp2doc.pl\/fr\/wp-json\/wp\/v2\/categories?post=1634"},{"taxonomy":"post_tag","embeddable":true,"href":"https:\/\/jp2doc.pl\/fr\/wp-json\/wp\/v2\/tags?post=1634"}],"curies":[{"name":"wp","href":"https:\/\/api.w.org\/{rel}","templated":true}]}}