{"id":1640,"date":"2020-03-17T16:56:31","date_gmt":"2020-03-17T15:56:31","guid":{"rendered":"https:\/\/jp2doc.pl\/fr\/?p=1640"},"modified":"2020-03-17T16:56:32","modified_gmt":"2020-03-17T15:56:32","slug":"quest-ce-qui-nous-manque","status":"publish","type":"post","link":"https:\/\/jp2doc.pl\/fr\/2020\/03\/17\/quest-ce-qui-nous-manque\/","title":{"rendered":"Qu\u2019est-ce qui nous manque?"},"content":{"rendered":"\n<p>Ex 17, 3-7&nbsp;; Rm 5, 1-8&nbsp;; Jn 4, 5-42<\/p>\n\n\n\n<p>Aujourd\u2019hui, nous c\u00e9l\u00e9brons le troisi\u00e8me dimanche de\nCar\u00eame. La tradition nomme le premier dimanche, \u00ab&nbsp;dimanche de la\nTentation&nbsp;\u00bb (avec la tentation de J\u00e9sus au d\u00e9sert). Le deuxi\u00e8me dimanche\nest nomm\u00e9 \u00ab&nbsp;dimanche d\u2019Abraham et de la Transfiguration&nbsp;\u00bb (avec la\nsortie d\u2019Abraham de son pays et la transfiguration de J\u00e9sus devant ses\ndisciples). Ce dimanche-ci, qui est le troisi\u00e8me, est appel\u00e9 \u00ab&nbsp;dimanche de\nMo\u00efse et de la Samaritaine&nbsp;\u00bb.<\/p>\n\n\n\n<p>Les lectures que nous venons d\u2019entendre d\u00e9veloppent <strong>le th\u00e8me du<\/strong> <strong>don<\/strong>.<\/p>\n\n\n\n<p><strong>Le don<\/strong>, c\u2019est quelque chose que\nl\u2019on re\u00e7oit d\u2019un autre. Ce qu\u2019on obtient de soi-m\u00eame n\u2019est pas un don. Certes\nquelque chose que l\u2019on obtient par ses propres efforts procure de la joie. Mais\nun don semble procurer beaucoup plus de joie encore avec l\u2019effet de surprise\nqui l\u2019accompagne.<\/p>\n\n\n\n<p>Pendant les f\u00eates de l\u2019ann\u00e9e (No\u00ebl par exemple) ou les\nanniversaires (de naissance par exemple), on aime faire des cadeaux. Le don est\nsynonyme de vie, d\u2019amour. Le don dilate le c\u0153ur&nbsp;!<\/p>\n\n\n\n<p>Les lectures nous montrent l\u2019homme dans une situation\nde <strong>manque<\/strong>. Symboliquement, <strong>le<\/strong> <strong>livre\nde l\u2019Exode<\/strong> appelle cela le d\u00e9sert&nbsp;: \u00ab&nbsp;Les files d\u2019Isra\u00ebl\ncampaient dans <strong>le d\u00e9sert<\/strong>&nbsp;\u00bb. Le\nd\u00e9sert est un endroit aride. C\u2019est la terre de la soif&nbsp;: \u00ab&nbsp;et le\npeuple eut <strong>soif<\/strong>&nbsp;\u00bb.<\/p>\n\n\n\n<p>Dans l\u2019\u00e9vangile, on parle d\u2019une femme samaritaine. Les\nfemmes, dans la culture juive, n\u2019avaient pas beaucoup de place dans la soci\u00e9t\u00e9.\nOn les associait aux enfants. Pire encore, la femme dont on parle ici est\nsamaritaine. Les Samaritains \u00e9taient consid\u00e9r\u00e9s comme des Juifs de seconde\nzone, des Juifs m\u00eal\u00e9s aux pa\u00efens&nbsp;! D\u2019ailleurs la femme le rappelle \u00e0\nJ\u00e9sus&nbsp;: \u00ab&nbsp;nos p\u00e8res ont ador\u00e9 Dieu sur la montagne qui est l\u00e0, et\nvous, les Juifs, vous dites que le lieu o\u00f9 il faut l\u2019adorer est \u00e0\nJ\u00e9rusalem&nbsp;\u00bb. <strong>La femme<\/strong> est donc\ndans une situation de manque. Elle a soif elle aussi. Elle vient chercher de\nl\u2019eau au puits.<\/p>\n\n\n\n<p><em>Qu\u2019est-ce qui\nnous manque dans notre vie&nbsp;? Les habits&nbsp;? La nourriture&nbsp;?\nL\u2019affection&nbsp;? L\u2019intelligence&nbsp;? La bont\u00e9&nbsp;? Mais qu\u2019est-ce qui\nnous manque fondamentalement, de quoi nous pouvons dire&nbsp;: \u201cnous avons\nsoifs\u201d?<\/em><\/p>\n\n\n\n<p>L\u2019eau que cherchent les fils d\u2019Isra\u00ebl, l\u2019eau que\ncherche la femme samaritaine, c\u2019est au fond l\u2019amour de Dieu dont parle saint\nPaul aux Romains&nbsp;: \u00ab&nbsp;Et l\u2019esp\u00e9rance ne trompe pas puisque <strong>l\u2019amour de Dieu<\/strong> a \u00e9t\u00e9 r\u00e9pandu dans nos\nc\u0153urs par l\u2019Esprit-Saint qui nous a \u00e9t\u00e9 donn\u00e9&nbsp;\u00bb.<\/p>\n\n\n\n<p>L\u2019amour de Dieu est un don. Il vient de Dieu \u00e0 nous.\nIl rejoint notre cri&nbsp;! Comme nous recevons la vie par l\u2019interm\u00e9diaire de\nnos parents, nous recevons l\u2019amour de Dieu par son envoy\u00e9.<\/p>\n\n\n\n<p>Les enfants d\u2019Isra\u00ebl ont fait l\u2019exp\u00e9rience de cet\namour par l\u2019interm\u00e9diaire de Mo\u00efse. Dans la Nouvelle Alliance nous le recevons\npar J\u00e9sus.<\/p>\n\n\n\n<p><em>Est-ce que nous\nsentons le d\u00e9sir de nous approcher de J\u00e9sus&nbsp;? Est-ce que nous parlons \u00e0\nJ\u00e9sus de nos probl\u00e8mes comme on parle \u00e0 un ami le c\u0153ur ouvert comme un\nlivre&nbsp;?<\/em><\/p>\n\n\n\n<p>Lorsqu\u2019on est touch\u00e9 par l\u2019attention de J\u00e9sus, par sa\ntendresse, l\u2019on ne peut pas ne pas l\u00e2cher quelque chose, ce qui nous encombre. <strong>L\u2019\u00e9vangile<\/strong> nous dit&nbsp;: \u00ab&nbsp;La\nfemme, laissant l\u00e0 sa cruche, revint \u00e0 la ville&nbsp;\u00bb.<\/p>\n\n\n\n<p><em>Quelle notre\ncruche&nbsp;? Qu\u2019est-ce qui est superflu, qui nous emp\u00eache d\u2019\u00eatre pour Dieu et\npour le prochain, que nous devons laisser l\u00e0&nbsp;?<\/em><\/p>\n\n\n\n<p>L\u2019amour de Dieu n\u2019a pas besoin de cruches, ces\nustensiles qui font notre orgueil. Mais de notre c\u0153ur.<\/p>\n\n\n\n<p>L\u2019amour de Dieu, on le partage. Un vrai croyant ne\npeut pas s\u2019enfermer sur lui-m\u00eame. Il re\u00e7oit la vie de Dieu et il communique\ncette vie aux autres. C\u2019est pour cela que la femme rentre en ville&nbsp;:\n\u00ab&nbsp;Venez voir un homme qui m\u2019a dit tout ce que j\u2019ai fait&nbsp;\u00bb.<\/p>\n\n\n\n<p><em>Parlons-nous de\nJ\u00e9sus aux autres&nbsp;? Par notre vie, notre comportement, attirons-nous les\nautres au Christ&nbsp;?<\/em><\/p>\n\n\n\n<p>La femme samaritaine, malgr\u00e9 une vie d\u00e9licate, a \u00e9t\u00e9\ntransform\u00e9e par J\u00e9sus. Nous pouvons l\u2019\u00eatre nous aussi si nous nous ouvrons\nsinc\u00e8rement \u00e0 lui.<\/p>\n\n\n\n<p>Prions le Seigneur en cette p\u00e9riode de crise\nsanitaire, que la Vierge marie nous obtienne la gr\u00e2ce de la gu\u00e9rison, que cette\n\u00e9pid\u00e9mie se stoppe pour donner \u00e0 chaque homme la possibilit\u00e9 de c\u00e9l\u00e9brer la\nVictoire du Christ sur la mort. Pour ceux-l\u00e0 qui sont morts, que Dieu dans sa\nmis\u00e9ricorde leurs accorde le repos \u00e9ternel. Gardons confiance en Dieu et\nesp\u00e9rons toujours en son intervention.<\/p>\n\n\n\n<p><strong>P\u00e8re Jean Claude Cabwinwe Ciza <\/strong><\/p>\n\n\n\n<p><strong>Fot. Dave Francis\/Unsplash.com<\/strong><\/p>\n","protected":false},"excerpt":{"rendered":"<p>III Dimanche de Car\u00eame<\/p>\n","protected":false},"author":5,"featured_media":1641,"comment_status":"open","ping_status":"open","sticky":false,"template":"","format":"standard","meta":{"_acf_changed":false,"_exactmetrics_skip_tracking":false,"_exactmetrics_sitenote_active":false,"_exactmetrics_sitenote_note":"","_exactmetrics_sitenote_category":0,"footnotes":""},"categories":[4,13,14],"tags":[],"class_list":["post-1640","post","type-post","status-publish","format-standard","has-post-thumbnail","hentry","category-blog","category-strona-glowna-najnowsze","category-strona-glowna-slider"],"acf":[],"yoast_head":"<!-- This site is optimized with the Yoast SEO plugin v26.2 - https:\/\/yoast.com\/wordpress\/plugins\/seo\/ -->\n<title>Qu\u2019est-ce qui nous manque? - Centre de Documentation et d\u2019Etude du Pontificat de Jean-Paul II \u00e0 Rome<\/title>\n<meta name=\"robots\" content=\"index, follow, max-snippet:-1, max-image-preview:large, max-video-preview:-1\" \/>\n<link rel=\"canonical\" href=\"https:\/\/jp2doc.pl\/fr\/2020\/03\/17\/quest-ce-qui-nous-manque\/\" \/>\n<meta property=\"og:locale\" content=\"fr_FR\" \/>\n<meta property=\"og:type\" content=\"article\" \/>\n<meta property=\"og:title\" content=\"Qu\u2019est-ce qui nous manque? - Centre de Documentation et d\u2019Etude du Pontificat de Jean-Paul II \u00e0 Rome\" \/>\n<meta property=\"og:description\" content=\"III Dimanche de Car\u00eame\" \/>\n<meta property=\"og:url\" content=\"https:\/\/jp2doc.pl\/fr\/2020\/03\/17\/quest-ce-qui-nous-manque\/\" \/>\n<meta property=\"og:site_name\" content=\"Centre de Documentation et d\u2019Etude du Pontificat de Jean-Paul II \u00e0 Rome\" \/>\n<meta property=\"article:published_time\" content=\"2020-03-17T15:56:31+00:00\" \/>\n<meta property=\"article:modified_time\" content=\"2020-03-17T15:56:32+00:00\" \/>\n<meta property=\"og:image\" content=\"https:\/\/jp2doc.pl\/fr\/wp-content\/uploads\/sites\/5\/2020\/03\/dave-francis-6wXovuDgx00-unsplash.jpg\" \/>\n\t<meta property=\"og:image:width\" content=\"1691\" \/>\n\t<meta property=\"og:image:height\" content=\"951\" \/>\n\t<meta property=\"og:image:type\" content=\"image\/jpeg\" \/>\n<meta name=\"author\" content=\"juliasercanka\" \/>\n<meta name=\"twitter:card\" content=\"summary_large_image\" \/>\n<meta name=\"twitter:label1\" content=\"\u00c9crit par\" \/>\n\t<meta name=\"twitter:data1\" content=\"juliasercanka\" \/>\n\t<meta name=\"twitter:label2\" content=\"Dur\u00e9e de lecture estim\u00e9e\" \/>\n\t<meta name=\"twitter:data2\" content=\"4 minutes\" \/>\n<script type=\"application\/ld+json\" class=\"yoast-schema-graph\">{\"@context\":\"https:\/\/schema.org\",\"@graph\":[{\"@type\":\"Article\",\"@id\":\"https:\/\/jp2doc.pl\/fr\/2020\/03\/17\/quest-ce-qui-nous-manque\/#article\",\"isPartOf\":{\"@id\":\"https:\/\/jp2doc.pl\/fr\/2020\/03\/17\/quest-ce-qui-nous-manque\/\"},\"author\":{\"name\":\"juliasercanka\",\"@id\":\"https:\/\/jp2doc.pl\/fr\/#\/schema\/person\/6110109e80abb51f6fac4824777eabfe\"},\"headline\":\"Qu\u2019est-ce qui nous manque?\",\"datePublished\":\"2020-03-17T15:56:31+00:00\",\"dateModified\":\"2020-03-17T15:56:32+00:00\",\"mainEntityOfPage\":{\"@id\":\"https:\/\/jp2doc.pl\/fr\/2020\/03\/17\/quest-ce-qui-nous-manque\/\"},\"wordCount\":877,\"commentCount\":0,\"publisher\":{\"@id\":\"https:\/\/jp2doc.pl\/fr\/#organization\"},\"image\":{\"@id\":\"https:\/\/jp2doc.pl\/fr\/2020\/03\/17\/quest-ce-qui-nous-manque\/#primaryimage\"},\"thumbnailUrl\":\"https:\/\/jp2doc.pl\/fr\/wp-content\/uploads\/sites\/5\/2020\/03\/dave-francis-6wXovuDgx00-unsplash.jpg\",\"articleSection\":[\"Blog\",\"Strona g\u0142\u00f3wna - najnowsze\",\"Strona g\u0142\u00f3wna - slider\"],\"inLanguage\":\"fr-FR\",\"potentialAction\":[{\"@type\":\"CommentAction\",\"name\":\"Comment\",\"target\":[\"https:\/\/jp2doc.pl\/fr\/2020\/03\/17\/quest-ce-qui-nous-manque\/#respond\"]}]},{\"@type\":\"WebPage\",\"@id\":\"https:\/\/jp2doc.pl\/fr\/2020\/03\/17\/quest-ce-qui-nous-manque\/\",\"url\":\"https:\/\/jp2doc.pl\/fr\/2020\/03\/17\/quest-ce-qui-nous-manque\/\",\"name\":\"Qu\u2019est-ce qui nous manque? - Centre de Documentation et d\u2019Etude du Pontificat de Jean-Paul II \u00e0 Rome\",\"isPartOf\":{\"@id\":\"https:\/\/jp2doc.pl\/fr\/#website\"},\"primaryImageOfPage\":{\"@id\":\"https:\/\/jp2doc.pl\/fr\/2020\/03\/17\/quest-ce-qui-nous-manque\/#primaryimage\"},\"image\":{\"@id\":\"https:\/\/jp2doc.pl\/fr\/2020\/03\/17\/quest-ce-qui-nous-manque\/#primaryimage\"},\"thumbnailUrl\":\"https:\/\/jp2doc.pl\/fr\/wp-content\/uploads\/sites\/5\/2020\/03\/dave-francis-6wXovuDgx00-unsplash.jpg\",\"datePublished\":\"2020-03-17T15:56:31+00:00\",\"dateModified\":\"2020-03-17T15:56:32+00:00\",\"breadcrumb\":{\"@id\":\"https:\/\/jp2doc.pl\/fr\/2020\/03\/17\/quest-ce-qui-nous-manque\/#breadcrumb\"},\"inLanguage\":\"fr-FR\",\"potentialAction\":[{\"@type\":\"ReadAction\",\"target\":[\"https:\/\/jp2doc.pl\/fr\/2020\/03\/17\/quest-ce-qui-nous-manque\/\"]}]},{\"@type\":\"ImageObject\",\"inLanguage\":\"fr-FR\",\"@id\":\"https:\/\/jp2doc.pl\/fr\/2020\/03\/17\/quest-ce-qui-nous-manque\/#primaryimage\",\"url\":\"https:\/\/jp2doc.pl\/fr\/wp-content\/uploads\/sites\/5\/2020\/03\/dave-francis-6wXovuDgx00-unsplash.jpg\",\"contentUrl\":\"https:\/\/jp2doc.pl\/fr\/wp-content\/uploads\/sites\/5\/2020\/03\/dave-francis-6wXovuDgx00-unsplash.jpg\",\"width\":1691,\"height\":951},{\"@type\":\"BreadcrumbList\",\"@id\":\"https:\/\/jp2doc.pl\/fr\/2020\/03\/17\/quest-ce-qui-nous-manque\/#breadcrumb\",\"itemListElement\":[{\"@type\":\"ListItem\",\"position\":1,\"name\":\"Home\",\"item\":\"https:\/\/jp2doc.pl\/fr\/\"},{\"@type\":\"ListItem\",\"position\":2,\"name\":\"Qu\u2019est-ce qui nous manque?\"}]},{\"@type\":\"WebSite\",\"@id\":\"https:\/\/jp2doc.pl\/fr\/#website\",\"url\":\"https:\/\/jp2doc.pl\/fr\/\",\"name\":\"Centre de Documentation et d\u2019Etude du Pontificat de Jean-Paul II \u00e0 Rome\",\"description\":\"\",\"publisher\":{\"@id\":\"https:\/\/jp2doc.pl\/fr\/#organization\"},\"potentialAction\":[{\"@type\":\"SearchAction\",\"target\":{\"@type\":\"EntryPoint\",\"urlTemplate\":\"https:\/\/jp2doc.pl\/fr\/?s={search_term_string}\"},\"query-input\":{\"@type\":\"PropertyValueSpecification\",\"valueRequired\":true,\"valueName\":\"search_term_string\"}}],\"inLanguage\":\"fr-FR\"},{\"@type\":\"Organization\",\"@id\":\"https:\/\/jp2doc.pl\/fr\/#organization\",\"name\":\"Centre de Documentation et d\u2019Etude du Pontificat de Jean-Paul II \u00e0 Rome\",\"url\":\"https:\/\/jp2doc.pl\/fr\/\",\"logo\":{\"@type\":\"ImageObject\",\"inLanguage\":\"fr-FR\",\"@id\":\"https:\/\/jp2doc.pl\/fr\/#\/schema\/logo\/image\/\",\"url\":\"https:\/\/jp2doc.pl\/fr\/wp-content\/uploads\/sites\/5\/2017\/03\/cropped-logo.png\",\"contentUrl\":\"https:\/\/jp2doc.pl\/fr\/wp-content\/uploads\/sites\/5\/2017\/03\/cropped-logo.png\",\"width\":115,\"height\":115,\"caption\":\"Centre de Documentation et d\u2019Etude du Pontificat de Jean-Paul II \u00e0 Rome\"},\"image\":{\"@id\":\"https:\/\/jp2doc.pl\/fr\/#\/schema\/logo\/image\/\"}},{\"@type\":\"Person\",\"@id\":\"https:\/\/jp2doc.pl\/fr\/#\/schema\/person\/6110109e80abb51f6fac4824777eabfe\",\"name\":\"juliasercanka\",\"image\":{\"@type\":\"ImageObject\",\"inLanguage\":\"fr-FR\",\"@id\":\"https:\/\/jp2doc.pl\/fr\/#\/schema\/person\/image\/\",\"url\":\"https:\/\/secure.gravatar.com\/avatar\/266a66e864556e22d55d61b6b10c97fab9060767b738564bcd109f3997e372bc?s=96&d=mm&r=g\",\"contentUrl\":\"https:\/\/secure.gravatar.com\/avatar\/266a66e864556e22d55d61b6b10c97fab9060767b738564bcd109f3997e372bc?s=96&d=mm&r=g\",\"caption\":\"juliasercanka\"},\"url\":\"https:\/\/jp2doc.pl\/fr\/author\/juliasercanka\/\"}]}<\/script>\n<!-- \/ Yoast SEO plugin. -->","yoast_head_json":{"title":"Qu\u2019est-ce qui nous manque? - Centre de Documentation et d\u2019Etude du Pontificat de Jean-Paul II \u00e0 Rome","robots":{"index":"index","follow":"follow","max-snippet":"max-snippet:-1","max-image-preview":"max-image-preview:large","max-video-preview":"max-video-preview:-1"},"canonical":"https:\/\/jp2doc.pl\/fr\/2020\/03\/17\/quest-ce-qui-nous-manque\/","og_locale":"fr_FR","og_type":"article","og_title":"Qu\u2019est-ce qui nous manque? - Centre de Documentation et d\u2019Etude du Pontificat de Jean-Paul II \u00e0 Rome","og_description":"III Dimanche de Car\u00eame","og_url":"https:\/\/jp2doc.pl\/fr\/2020\/03\/17\/quest-ce-qui-nous-manque\/","og_site_name":"Centre de Documentation et d\u2019Etude du Pontificat de Jean-Paul II \u00e0 Rome","article_published_time":"2020-03-17T15:56:31+00:00","article_modified_time":"2020-03-17T15:56:32+00:00","og_image":[{"width":1691,"height":951,"url":"https:\/\/jp2doc.pl\/fr\/wp-content\/uploads\/sites\/5\/2020\/03\/dave-francis-6wXovuDgx00-unsplash.jpg","type":"image\/jpeg"}],"author":"juliasercanka","twitter_card":"summary_large_image","twitter_misc":{"\u00c9crit par":"juliasercanka","Dur\u00e9e de lecture estim\u00e9e":"4 minutes"},"schema":{"@context":"https:\/\/schema.org","@graph":[{"@type":"Article","@id":"https:\/\/jp2doc.pl\/fr\/2020\/03\/17\/quest-ce-qui-nous-manque\/#article","isPartOf":{"@id":"https:\/\/jp2doc.pl\/fr\/2020\/03\/17\/quest-ce-qui-nous-manque\/"},"author":{"name":"juliasercanka","@id":"https:\/\/jp2doc.pl\/fr\/#\/schema\/person\/6110109e80abb51f6fac4824777eabfe"},"headline":"Qu\u2019est-ce qui nous manque?","datePublished":"2020-03-17T15:56:31+00:00","dateModified":"2020-03-17T15:56:32+00:00","mainEntityOfPage":{"@id":"https:\/\/jp2doc.pl\/fr\/2020\/03\/17\/quest-ce-qui-nous-manque\/"},"wordCount":877,"commentCount":0,"publisher":{"@id":"https:\/\/jp2doc.pl\/fr\/#organization"},"image":{"@id":"https:\/\/jp2doc.pl\/fr\/2020\/03\/17\/quest-ce-qui-nous-manque\/#primaryimage"},"thumbnailUrl":"https:\/\/jp2doc.pl\/fr\/wp-content\/uploads\/sites\/5\/2020\/03\/dave-francis-6wXovuDgx00-unsplash.jpg","articleSection":["Blog","Strona g\u0142\u00f3wna - najnowsze","Strona g\u0142\u00f3wna - slider"],"inLanguage":"fr-FR","potentialAction":[{"@type":"CommentAction","name":"Comment","target":["https:\/\/jp2doc.pl\/fr\/2020\/03\/17\/quest-ce-qui-nous-manque\/#respond"]}]},{"@type":"WebPage","@id":"https:\/\/jp2doc.pl\/fr\/2020\/03\/17\/quest-ce-qui-nous-manque\/","url":"https:\/\/jp2doc.pl\/fr\/2020\/03\/17\/quest-ce-qui-nous-manque\/","name":"Qu\u2019est-ce qui nous manque? - Centre de Documentation et d\u2019Etude du Pontificat de Jean-Paul II \u00e0 Rome","isPartOf":{"@id":"https:\/\/jp2doc.pl\/fr\/#website"},"primaryImageOfPage":{"@id":"https:\/\/jp2doc.pl\/fr\/2020\/03\/17\/quest-ce-qui-nous-manque\/#primaryimage"},"image":{"@id":"https:\/\/jp2doc.pl\/fr\/2020\/03\/17\/quest-ce-qui-nous-manque\/#primaryimage"},"thumbnailUrl":"https:\/\/jp2doc.pl\/fr\/wp-content\/uploads\/sites\/5\/2020\/03\/dave-francis-6wXovuDgx00-unsplash.jpg","datePublished":"2020-03-17T15:56:31+00:00","dateModified":"2020-03-17T15:56:32+00:00","breadcrumb":{"@id":"https:\/\/jp2doc.pl\/fr\/2020\/03\/17\/quest-ce-qui-nous-manque\/#breadcrumb"},"inLanguage":"fr-FR","potentialAction":[{"@type":"ReadAction","target":["https:\/\/jp2doc.pl\/fr\/2020\/03\/17\/quest-ce-qui-nous-manque\/"]}]},{"@type":"ImageObject","inLanguage":"fr-FR","@id":"https:\/\/jp2doc.pl\/fr\/2020\/03\/17\/quest-ce-qui-nous-manque\/#primaryimage","url":"https:\/\/jp2doc.pl\/fr\/wp-content\/uploads\/sites\/5\/2020\/03\/dave-francis-6wXovuDgx00-unsplash.jpg","contentUrl":"https:\/\/jp2doc.pl\/fr\/wp-content\/uploads\/sites\/5\/2020\/03\/dave-francis-6wXovuDgx00-unsplash.jpg","width":1691,"height":951},{"@type":"BreadcrumbList","@id":"https:\/\/jp2doc.pl\/fr\/2020\/03\/17\/quest-ce-qui-nous-manque\/#breadcrumb","itemListElement":[{"@type":"ListItem","position":1,"name":"Home","item":"https:\/\/jp2doc.pl\/fr\/"},{"@type":"ListItem","position":2,"name":"Qu\u2019est-ce qui nous manque?"}]},{"@type":"WebSite","@id":"https:\/\/jp2doc.pl\/fr\/#website","url":"https:\/\/jp2doc.pl\/fr\/","name":"Centre de Documentation et d\u2019Etude du Pontificat de Jean-Paul II \u00e0 Rome","description":"","publisher":{"@id":"https:\/\/jp2doc.pl\/fr\/#organization"},"potentialAction":[{"@type":"SearchAction","target":{"@type":"EntryPoint","urlTemplate":"https:\/\/jp2doc.pl\/fr\/?s={search_term_string}"},"query-input":{"@type":"PropertyValueSpecification","valueRequired":true,"valueName":"search_term_string"}}],"inLanguage":"fr-FR"},{"@type":"Organization","@id":"https:\/\/jp2doc.pl\/fr\/#organization","name":"Centre de Documentation et d\u2019Etude du Pontificat de Jean-Paul II \u00e0 Rome","url":"https:\/\/jp2doc.pl\/fr\/","logo":{"@type":"ImageObject","inLanguage":"fr-FR","@id":"https:\/\/jp2doc.pl\/fr\/#\/schema\/logo\/image\/","url":"https:\/\/jp2doc.pl\/fr\/wp-content\/uploads\/sites\/5\/2017\/03\/cropped-logo.png","contentUrl":"https:\/\/jp2doc.pl\/fr\/wp-content\/uploads\/sites\/5\/2017\/03\/cropped-logo.png","width":115,"height":115,"caption":"Centre de Documentation et d\u2019Etude du Pontificat de Jean-Paul II \u00e0 Rome"},"image":{"@id":"https:\/\/jp2doc.pl\/fr\/#\/schema\/logo\/image\/"}},{"@type":"Person","@id":"https:\/\/jp2doc.pl\/fr\/#\/schema\/person\/6110109e80abb51f6fac4824777eabfe","name":"juliasercanka","image":{"@type":"ImageObject","inLanguage":"fr-FR","@id":"https:\/\/jp2doc.pl\/fr\/#\/schema\/person\/image\/","url":"https:\/\/secure.gravatar.com\/avatar\/266a66e864556e22d55d61b6b10c97fab9060767b738564bcd109f3997e372bc?s=96&d=mm&r=g","contentUrl":"https:\/\/secure.gravatar.com\/avatar\/266a66e864556e22d55d61b6b10c97fab9060767b738564bcd109f3997e372bc?s=96&d=mm&r=g","caption":"juliasercanka"},"url":"https:\/\/jp2doc.pl\/fr\/author\/juliasercanka\/"}]}},"_links":{"self":[{"href":"https:\/\/jp2doc.pl\/fr\/wp-json\/wp\/v2\/posts\/1640","targetHints":{"allow":["GET"]}}],"collection":[{"href":"https:\/\/jp2doc.pl\/fr\/wp-json\/wp\/v2\/posts"}],"about":[{"href":"https:\/\/jp2doc.pl\/fr\/wp-json\/wp\/v2\/types\/post"}],"author":[{"embeddable":true,"href":"https:\/\/jp2doc.pl\/fr\/wp-json\/wp\/v2\/users\/5"}],"replies":[{"embeddable":true,"href":"https:\/\/jp2doc.pl\/fr\/wp-json\/wp\/v2\/comments?post=1640"}],"version-history":[{"count":1,"href":"https:\/\/jp2doc.pl\/fr\/wp-json\/wp\/v2\/posts\/1640\/revisions"}],"predecessor-version":[{"id":1642,"href":"https:\/\/jp2doc.pl\/fr\/wp-json\/wp\/v2\/posts\/1640\/revisions\/1642"}],"wp:featuredmedia":[{"embeddable":true,"href":"https:\/\/jp2doc.pl\/fr\/wp-json\/wp\/v2\/media\/1641"}],"wp:attachment":[{"href":"https:\/\/jp2doc.pl\/fr\/wp-json\/wp\/v2\/media?parent=1640"}],"wp:term":[{"taxonomy":"category","embeddable":true,"href":"https:\/\/jp2doc.pl\/fr\/wp-json\/wp\/v2\/categories?post=1640"},{"taxonomy":"post_tag","embeddable":true,"href":"https:\/\/jp2doc.pl\/fr\/wp-json\/wp\/v2\/tags?post=1640"}],"curies":[{"name":"wp","href":"https:\/\/api.w.org\/{rel}","templated":true}]}}