{"id":1643,"date":"2020-03-21T17:38:49","date_gmt":"2020-03-21T16:38:49","guid":{"rendered":"https:\/\/jp2doc.pl\/fr\/?p=1643"},"modified":"2020-03-21T17:38:50","modified_gmt":"2020-03-21T16:38:50","slug":"devenir-apotre-de-la-lumiere","status":"publish","type":"post","link":"https:\/\/jp2doc.pl\/fr\/2020\/03\/21\/devenir-apotre-de-la-lumiere\/","title":{"rendered":"Devenir ap\u00f4tre de la lumi\u00e8re"},"content":{"rendered":"\n<p>Aujourd\u2019hui nous\nc\u00e9l\u00e9brons le quatri\u00e8me dimanche de Car\u00eame. Comme vous le savez, le 1<sup>er<\/sup>\ndimanche est appel\u00e9 \u00ab&nbsp;dimanche de la Tentation&nbsp;\u00bb, le deuxi\u00e8me,\n\u00ab&nbsp;dimanche d\u2019Abraham et de la Transfiguration&nbsp;\u00bb, le troisi\u00e8me,\n\u00ab&nbsp;dimanche de Mo\u00efse et de la Samaritaine&nbsp;\u00bb. Celui-ci, le quatri\u00e8me,\nest appel\u00e9 \u00ab&nbsp;dimanche d\u2019Isra\u00ebl et de l\u2019Aveugle-n\u00e9&nbsp;\u00bb.<\/p>\n\n\n\n<p>Les lectures que\nnous venons d\u2019entendre, nous invitent \u00e0 m\u00e9diter sur <strong>le th\u00e8me de<\/strong> <strong>la lumi\u00e8re<\/strong>.<\/p>\n\n\n\n<p>Dans <strong>l\u2019\u00e9vangile<\/strong> o\u00f9 nous avons entendu le\nr\u00e9cit de la gu\u00e9rison de l\u2019aveugle-n\u00e9, J\u00e9sus dit \u00e0 ses disciples&nbsp;:\n\u00ab&nbsp;Tant que je suis dans le monde, je suis la lumi\u00e8re du monde&nbsp;\u00bb. Les\nenfants de lumi\u00e8re travaillent avec la lumi\u00e8re et \u00e9vitent de s\u2019associer avec\nles t\u00e9n\u00e8bres. J\u00e9sus nous rappelle en parlant \u00e0 ses disciples en ces\ntermes&nbsp;: \u00ab&nbsp;Il nous faut r\u00e9aliser l\u2019action de celui qui m\u2019a envoy\u00e9,\npendant qu\u2019il fait encore jour&nbsp;; d\u00e9j\u00e0 la nuit approche, et personne ne\npourra plus agir&nbsp;\u00bb. <\/p>\n\n\n\n<p>Dans notre vie,\nnous devons <strong>choisir<\/strong> r\u00e9solument <strong>entre<\/strong> <strong>J\u00e9sus<\/strong>, et donc la lumi\u00e8re, <strong>et\nles idoles<\/strong>, et donc les t\u00e9n\u00e8bres. En nous disant \u00ab&nbsp; tant que je suis\ndans le monde, je suis la lumi\u00e8re du monde&nbsp;\u00bb,aujourd\u2019hui&nbsp;; Il nous\ninvite \u00e0 tourner notre regard vers, ce monde rong\u00e9 par le virus de Corona, vers\nlui car lui seul est capable de chasser l\u2019obscurit\u00e9 que s\u00e8me cette pand\u00e9mie\ndans le monde.<\/p>\n\n\n\n<p>Dans sa lettre aux\nPhilippiens, saint Paul nous apprend que ce choix n\u2019est pas indiff\u00e9rent. Il\nporte des fruits. Celui qui adopte la lumi\u00e8re produit des actes de bont\u00e9, de\njustice, de v\u00e9rit\u00e9 (ce qui nous fait penser \u00e0 la mat \u00e9gyptienne). Mais celui\nqui adopte les t\u00e9n\u00e8bres comme son mode de vie, se condamne au vide, au n\u00e9ant,\nau d\u00e9sordre perp\u00e9tuel, \u00e0 l\u2019\u00e9chec.<\/p>\n\n\n\n<p><em>Pendant cette p\u00e9riode de crise mondiale&nbsp;; O\u00f9\nsommes-nous&nbsp;? Est-ce que J\u00e9sus est avec nous&nbsp;? Est-ce que nous\ninvitons J\u00e9sus dans notre monde&nbsp;? Ou pr\u00e9f\u00e9rons-nous nous occuper\nnous-m\u00eames de nos affaires&nbsp;?<\/em><\/p>\n\n\n\n<p><strong>La premi\u00e8re lecture<\/strong> nous invite\n\u00e0 la vigilance que nous rappelle aussi <strong>la\ndeuxi\u00e8me lecture<\/strong> lorsque saint Paul cite le chant qui dit&nbsp;:\n\u00ab&nbsp;R\u00e9veille-toi, \u00f4 toi qui dors, rel\u00e8ve-toi d\u2019entre les morts, et le Christ\nt\u2019illuminera&nbsp;\u00bb. oui r\u00e9veillons-nous car c\u2019est le moment de nous confier au\nSeigneur \u00e0 la mani\u00e8re des disciples sur la mer&nbsp;; r\u00e9veillons J\u00e9sus pour\nqu\u2019Il apaise cette vague qui nous menace. En effet, dans <strong>la premi\u00e8re lecture<\/strong>, on voit que Samuel, qui pourtant est un\nproph\u00e8te, s\u2019est laiss\u00e9 un moment emporter par le coup de foudre dans le choix\nd\u2019un futur roi d\u2019Isra\u00ebl. Mais Dieu l\u2019a pr\u00e9venu, et il nous pr\u00e9vient\naujourd\u2019hui&nbsp;: \u00ab&nbsp;Dieu ne voit pas \u00e0 la mani\u00e8re des hommes, car les\nhommes regardent l\u2019apparence, mais le Seigneur regarde le c\u0153ur&nbsp;\u00bb.<\/p>\n\n\n\n<p>Il n\u2019est pas facile\nen effet de passer de la mani\u00e8re dont les hommes voient \u00e0 la mani\u00e8re dont Dieu\nvoit et veut que nous voyions. C\u2019est une v\u00e9ritable initiation comme dans\nl\u2019\u00e9vangile de l\u2019aveugle-n\u00e9. Oui, J\u00e9sus peut nous gu\u00e9rir m\u00eame comme il le fait\npour un aveugle-n\u00e9. Personne n\u2019est \u00e0 jamais perdu, s\u2019il se confie \u00e0 Dieu&nbsp;!\n<\/p>\n\n\n\n<p>Mais nous devons\ncollaborer \u00e0 notre propre gu\u00e9rison. C\u2019est le moment de le dire&nbsp;! &nbsp;Si J\u00e9sus nous met de la boue sur les yeux, en\nnous fermant au monde des t\u00e9n\u00e8bres, nous devons accepter de nous laver,\nc\u2019est-\u00e0-dire d\u2019abandonner quelque chose, de nous d\u00e9barrasser de vieilles\nhabitudes, de quitter les vieilles voies. <strong>Alors\non voit<\/strong>&nbsp;!<\/p>\n\n\n\n<p>Purifi\u00e9s, nous\npouvons compter plus que jamais sur l\u2019aide du Seigneur. C\u2019est l\u2019aveugle-n\u00e9 qui\nle montre. Car il est devenu ap\u00f4tre de la lumi\u00e8re&nbsp;: \u00ab&nbsp;Dieu n\u2019exauce\npas les p\u00e9cheurs, mais si quelqu\u2019un l\u2019honore et fait sa volont\u00e9, il\nl\u2019exauce&nbsp;\u00bb.<\/p>\n\n\n\n<p>Allons-nous \u00e9couter\nl\u2019aveugle-n\u00e9 gu\u00e9ri&nbsp;?<\/p>\n\n\n\n<p><strong>Amen\u00a0!<\/strong><\/p>\n\n\n\n<p><strong>P\u00e8re Jean Claude Cabwinwe Ciza <\/strong><\/p>\n\n\n\n<p><em>Fot.Taras Chernus\/Unsplash.com<\/em><\/p>\n","protected":false},"excerpt":{"rendered":"<p>IVe dimanche de Car\u00eame <\/p>\n","protected":false},"author":5,"featured_media":1644,"comment_status":"open","ping_status":"open","sticky":false,"template":"","format":"standard","meta":{"_acf_changed":false,"_exactmetrics_skip_tracking":false,"_exactmetrics_sitenote_active":false,"_exactmetrics_sitenote_note":"","_exactmetrics_sitenote_category":0,"footnotes":""},"categories":[4,13,14],"tags":[],"class_list":["post-1643","post","type-post","status-publish","format-standard","has-post-thumbnail","hentry","category-blog","category-strona-glowna-najnowsze","category-strona-glowna-slider"],"acf":[],"yoast_head":"<!-- This site is optimized with the Yoast SEO plugin v26.2 - https:\/\/yoast.com\/wordpress\/plugins\/seo\/ -->\n<title>Devenir ap\u00f4tre de la lumi\u00e8re - Centre de Documentation et d\u2019Etude du Pontificat de Jean-Paul II \u00e0 Rome<\/title>\n<meta name=\"robots\" content=\"index, follow, max-snippet:-1, max-image-preview:large, max-video-preview:-1\" \/>\n<link rel=\"canonical\" href=\"https:\/\/jp2doc.pl\/fr\/2020\/03\/21\/devenir-apotre-de-la-lumiere\/\" \/>\n<meta property=\"og:locale\" content=\"fr_FR\" \/>\n<meta property=\"og:type\" content=\"article\" \/>\n<meta property=\"og:title\" content=\"Devenir ap\u00f4tre de la lumi\u00e8re - Centre de Documentation et d\u2019Etude du Pontificat de Jean-Paul II \u00e0 Rome\" \/>\n<meta property=\"og:description\" content=\"IVe dimanche de Car\u00eame\" \/>\n<meta property=\"og:url\" content=\"https:\/\/jp2doc.pl\/fr\/2020\/03\/21\/devenir-apotre-de-la-lumiere\/\" \/>\n<meta property=\"og:site_name\" content=\"Centre de Documentation et d\u2019Etude du Pontificat de Jean-Paul II \u00e0 Rome\" \/>\n<meta property=\"article:published_time\" content=\"2020-03-21T16:38:49+00:00\" \/>\n<meta property=\"article:modified_time\" content=\"2020-03-21T16:38:50+00:00\" \/>\n<meta property=\"og:image\" content=\"https:\/\/jp2doc.pl\/fr\/wp-content\/uploads\/sites\/5\/2020\/03\/taras-chernus-rWkpNxqE_rM-unsplash.jpg\" \/>\n\t<meta property=\"og:image:width\" content=\"1743\" \/>\n\t<meta property=\"og:image:height\" content=\"981\" \/>\n\t<meta property=\"og:image:type\" content=\"image\/jpeg\" \/>\n<meta name=\"author\" content=\"juliasercanka\" \/>\n<meta name=\"twitter:card\" content=\"summary_large_image\" \/>\n<meta name=\"twitter:label1\" content=\"\u00c9crit par\" \/>\n\t<meta name=\"twitter:data1\" content=\"juliasercanka\" \/>\n\t<meta name=\"twitter:label2\" content=\"Dur\u00e9e de lecture estim\u00e9e\" \/>\n\t<meta name=\"twitter:data2\" content=\"4 minutes\" \/>\n<script type=\"application\/ld+json\" class=\"yoast-schema-graph\">{\"@context\":\"https:\/\/schema.org\",\"@graph\":[{\"@type\":\"Article\",\"@id\":\"https:\/\/jp2doc.pl\/fr\/2020\/03\/21\/devenir-apotre-de-la-lumiere\/#article\",\"isPartOf\":{\"@id\":\"https:\/\/jp2doc.pl\/fr\/2020\/03\/21\/devenir-apotre-de-la-lumiere\/\"},\"author\":{\"name\":\"juliasercanka\",\"@id\":\"https:\/\/jp2doc.pl\/fr\/#\/schema\/person\/6110109e80abb51f6fac4824777eabfe\"},\"headline\":\"Devenir ap\u00f4tre de la lumi\u00e8re\",\"datePublished\":\"2020-03-21T16:38:49+00:00\",\"dateModified\":\"2020-03-21T16:38:50+00:00\",\"mainEntityOfPage\":{\"@id\":\"https:\/\/jp2doc.pl\/fr\/2020\/03\/21\/devenir-apotre-de-la-lumiere\/\"},\"wordCount\":754,\"commentCount\":0,\"publisher\":{\"@id\":\"https:\/\/jp2doc.pl\/fr\/#organization\"},\"image\":{\"@id\":\"https:\/\/jp2doc.pl\/fr\/2020\/03\/21\/devenir-apotre-de-la-lumiere\/#primaryimage\"},\"thumbnailUrl\":\"https:\/\/jp2doc.pl\/fr\/wp-content\/uploads\/sites\/5\/2020\/03\/taras-chernus-rWkpNxqE_rM-unsplash.jpg\",\"articleSection\":[\"Blog\",\"Strona g\u0142\u00f3wna - najnowsze\",\"Strona g\u0142\u00f3wna - slider\"],\"inLanguage\":\"fr-FR\",\"potentialAction\":[{\"@type\":\"CommentAction\",\"name\":\"Comment\",\"target\":[\"https:\/\/jp2doc.pl\/fr\/2020\/03\/21\/devenir-apotre-de-la-lumiere\/#respond\"]}]},{\"@type\":\"WebPage\",\"@id\":\"https:\/\/jp2doc.pl\/fr\/2020\/03\/21\/devenir-apotre-de-la-lumiere\/\",\"url\":\"https:\/\/jp2doc.pl\/fr\/2020\/03\/21\/devenir-apotre-de-la-lumiere\/\",\"name\":\"Devenir ap\u00f4tre de la lumi\u00e8re - Centre de Documentation et d\u2019Etude du Pontificat de Jean-Paul II \u00e0 Rome\",\"isPartOf\":{\"@id\":\"https:\/\/jp2doc.pl\/fr\/#website\"},\"primaryImageOfPage\":{\"@id\":\"https:\/\/jp2doc.pl\/fr\/2020\/03\/21\/devenir-apotre-de-la-lumiere\/#primaryimage\"},\"image\":{\"@id\":\"https:\/\/jp2doc.pl\/fr\/2020\/03\/21\/devenir-apotre-de-la-lumiere\/#primaryimage\"},\"thumbnailUrl\":\"https:\/\/jp2doc.pl\/fr\/wp-content\/uploads\/sites\/5\/2020\/03\/taras-chernus-rWkpNxqE_rM-unsplash.jpg\",\"datePublished\":\"2020-03-21T16:38:49+00:00\",\"dateModified\":\"2020-03-21T16:38:50+00:00\",\"breadcrumb\":{\"@id\":\"https:\/\/jp2doc.pl\/fr\/2020\/03\/21\/devenir-apotre-de-la-lumiere\/#breadcrumb\"},\"inLanguage\":\"fr-FR\",\"potentialAction\":[{\"@type\":\"ReadAction\",\"target\":[\"https:\/\/jp2doc.pl\/fr\/2020\/03\/21\/devenir-apotre-de-la-lumiere\/\"]}]},{\"@type\":\"ImageObject\",\"inLanguage\":\"fr-FR\",\"@id\":\"https:\/\/jp2doc.pl\/fr\/2020\/03\/21\/devenir-apotre-de-la-lumiere\/#primaryimage\",\"url\":\"https:\/\/jp2doc.pl\/fr\/wp-content\/uploads\/sites\/5\/2020\/03\/taras-chernus-rWkpNxqE_rM-unsplash.jpg\",\"contentUrl\":\"https:\/\/jp2doc.pl\/fr\/wp-content\/uploads\/sites\/5\/2020\/03\/taras-chernus-rWkpNxqE_rM-unsplash.jpg\",\"width\":1743,\"height\":981},{\"@type\":\"BreadcrumbList\",\"@id\":\"https:\/\/jp2doc.pl\/fr\/2020\/03\/21\/devenir-apotre-de-la-lumiere\/#breadcrumb\",\"itemListElement\":[{\"@type\":\"ListItem\",\"position\":1,\"name\":\"Home\",\"item\":\"https:\/\/jp2doc.pl\/fr\/\"},{\"@type\":\"ListItem\",\"position\":2,\"name\":\"Devenir ap\u00f4tre de la lumi\u00e8re\"}]},{\"@type\":\"WebSite\",\"@id\":\"https:\/\/jp2doc.pl\/fr\/#website\",\"url\":\"https:\/\/jp2doc.pl\/fr\/\",\"name\":\"Centre de Documentation et d\u2019Etude du Pontificat de Jean-Paul II \u00e0 Rome\",\"description\":\"\",\"publisher\":{\"@id\":\"https:\/\/jp2doc.pl\/fr\/#organization\"},\"potentialAction\":[{\"@type\":\"SearchAction\",\"target\":{\"@type\":\"EntryPoint\",\"urlTemplate\":\"https:\/\/jp2doc.pl\/fr\/?s={search_term_string}\"},\"query-input\":{\"@type\":\"PropertyValueSpecification\",\"valueRequired\":true,\"valueName\":\"search_term_string\"}}],\"inLanguage\":\"fr-FR\"},{\"@type\":\"Organization\",\"@id\":\"https:\/\/jp2doc.pl\/fr\/#organization\",\"name\":\"Centre de Documentation et d\u2019Etude du Pontificat de Jean-Paul II \u00e0 Rome\",\"url\":\"https:\/\/jp2doc.pl\/fr\/\",\"logo\":{\"@type\":\"ImageObject\",\"inLanguage\":\"fr-FR\",\"@id\":\"https:\/\/jp2doc.pl\/fr\/#\/schema\/logo\/image\/\",\"url\":\"https:\/\/jp2doc.pl\/fr\/wp-content\/uploads\/sites\/5\/2017\/03\/cropped-logo.png\",\"contentUrl\":\"https:\/\/jp2doc.pl\/fr\/wp-content\/uploads\/sites\/5\/2017\/03\/cropped-logo.png\",\"width\":115,\"height\":115,\"caption\":\"Centre de Documentation et d\u2019Etude du Pontificat de Jean-Paul II \u00e0 Rome\"},\"image\":{\"@id\":\"https:\/\/jp2doc.pl\/fr\/#\/schema\/logo\/image\/\"}},{\"@type\":\"Person\",\"@id\":\"https:\/\/jp2doc.pl\/fr\/#\/schema\/person\/6110109e80abb51f6fac4824777eabfe\",\"name\":\"juliasercanka\",\"image\":{\"@type\":\"ImageObject\",\"inLanguage\":\"fr-FR\",\"@id\":\"https:\/\/jp2doc.pl\/fr\/#\/schema\/person\/image\/\",\"url\":\"https:\/\/secure.gravatar.com\/avatar\/266a66e864556e22d55d61b6b10c97fab9060767b738564bcd109f3997e372bc?s=96&d=mm&r=g\",\"contentUrl\":\"https:\/\/secure.gravatar.com\/avatar\/266a66e864556e22d55d61b6b10c97fab9060767b738564bcd109f3997e372bc?s=96&d=mm&r=g\",\"caption\":\"juliasercanka\"},\"url\":\"https:\/\/jp2doc.pl\/fr\/author\/juliasercanka\/\"}]}<\/script>\n<!-- \/ Yoast SEO plugin. -->","yoast_head_json":{"title":"Devenir ap\u00f4tre de la lumi\u00e8re - Centre de Documentation et d\u2019Etude du Pontificat de Jean-Paul II \u00e0 Rome","robots":{"index":"index","follow":"follow","max-snippet":"max-snippet:-1","max-image-preview":"max-image-preview:large","max-video-preview":"max-video-preview:-1"},"canonical":"https:\/\/jp2doc.pl\/fr\/2020\/03\/21\/devenir-apotre-de-la-lumiere\/","og_locale":"fr_FR","og_type":"article","og_title":"Devenir ap\u00f4tre de la lumi\u00e8re - Centre de Documentation et d\u2019Etude du Pontificat de Jean-Paul II \u00e0 Rome","og_description":"IVe dimanche de Car\u00eame","og_url":"https:\/\/jp2doc.pl\/fr\/2020\/03\/21\/devenir-apotre-de-la-lumiere\/","og_site_name":"Centre de Documentation et d\u2019Etude du Pontificat de Jean-Paul II \u00e0 Rome","article_published_time":"2020-03-21T16:38:49+00:00","article_modified_time":"2020-03-21T16:38:50+00:00","og_image":[{"width":1743,"height":981,"url":"https:\/\/jp2doc.pl\/fr\/wp-content\/uploads\/sites\/5\/2020\/03\/taras-chernus-rWkpNxqE_rM-unsplash.jpg","type":"image\/jpeg"}],"author":"juliasercanka","twitter_card":"summary_large_image","twitter_misc":{"\u00c9crit par":"juliasercanka","Dur\u00e9e de lecture estim\u00e9e":"4 minutes"},"schema":{"@context":"https:\/\/schema.org","@graph":[{"@type":"Article","@id":"https:\/\/jp2doc.pl\/fr\/2020\/03\/21\/devenir-apotre-de-la-lumiere\/#article","isPartOf":{"@id":"https:\/\/jp2doc.pl\/fr\/2020\/03\/21\/devenir-apotre-de-la-lumiere\/"},"author":{"name":"juliasercanka","@id":"https:\/\/jp2doc.pl\/fr\/#\/schema\/person\/6110109e80abb51f6fac4824777eabfe"},"headline":"Devenir ap\u00f4tre de la lumi\u00e8re","datePublished":"2020-03-21T16:38:49+00:00","dateModified":"2020-03-21T16:38:50+00:00","mainEntityOfPage":{"@id":"https:\/\/jp2doc.pl\/fr\/2020\/03\/21\/devenir-apotre-de-la-lumiere\/"},"wordCount":754,"commentCount":0,"publisher":{"@id":"https:\/\/jp2doc.pl\/fr\/#organization"},"image":{"@id":"https:\/\/jp2doc.pl\/fr\/2020\/03\/21\/devenir-apotre-de-la-lumiere\/#primaryimage"},"thumbnailUrl":"https:\/\/jp2doc.pl\/fr\/wp-content\/uploads\/sites\/5\/2020\/03\/taras-chernus-rWkpNxqE_rM-unsplash.jpg","articleSection":["Blog","Strona g\u0142\u00f3wna - najnowsze","Strona g\u0142\u00f3wna - slider"],"inLanguage":"fr-FR","potentialAction":[{"@type":"CommentAction","name":"Comment","target":["https:\/\/jp2doc.pl\/fr\/2020\/03\/21\/devenir-apotre-de-la-lumiere\/#respond"]}]},{"@type":"WebPage","@id":"https:\/\/jp2doc.pl\/fr\/2020\/03\/21\/devenir-apotre-de-la-lumiere\/","url":"https:\/\/jp2doc.pl\/fr\/2020\/03\/21\/devenir-apotre-de-la-lumiere\/","name":"Devenir ap\u00f4tre de la lumi\u00e8re - Centre de Documentation et d\u2019Etude du Pontificat de Jean-Paul II \u00e0 Rome","isPartOf":{"@id":"https:\/\/jp2doc.pl\/fr\/#website"},"primaryImageOfPage":{"@id":"https:\/\/jp2doc.pl\/fr\/2020\/03\/21\/devenir-apotre-de-la-lumiere\/#primaryimage"},"image":{"@id":"https:\/\/jp2doc.pl\/fr\/2020\/03\/21\/devenir-apotre-de-la-lumiere\/#primaryimage"},"thumbnailUrl":"https:\/\/jp2doc.pl\/fr\/wp-content\/uploads\/sites\/5\/2020\/03\/taras-chernus-rWkpNxqE_rM-unsplash.jpg","datePublished":"2020-03-21T16:38:49+00:00","dateModified":"2020-03-21T16:38:50+00:00","breadcrumb":{"@id":"https:\/\/jp2doc.pl\/fr\/2020\/03\/21\/devenir-apotre-de-la-lumiere\/#breadcrumb"},"inLanguage":"fr-FR","potentialAction":[{"@type":"ReadAction","target":["https:\/\/jp2doc.pl\/fr\/2020\/03\/21\/devenir-apotre-de-la-lumiere\/"]}]},{"@type":"ImageObject","inLanguage":"fr-FR","@id":"https:\/\/jp2doc.pl\/fr\/2020\/03\/21\/devenir-apotre-de-la-lumiere\/#primaryimage","url":"https:\/\/jp2doc.pl\/fr\/wp-content\/uploads\/sites\/5\/2020\/03\/taras-chernus-rWkpNxqE_rM-unsplash.jpg","contentUrl":"https:\/\/jp2doc.pl\/fr\/wp-content\/uploads\/sites\/5\/2020\/03\/taras-chernus-rWkpNxqE_rM-unsplash.jpg","width":1743,"height":981},{"@type":"BreadcrumbList","@id":"https:\/\/jp2doc.pl\/fr\/2020\/03\/21\/devenir-apotre-de-la-lumiere\/#breadcrumb","itemListElement":[{"@type":"ListItem","position":1,"name":"Home","item":"https:\/\/jp2doc.pl\/fr\/"},{"@type":"ListItem","position":2,"name":"Devenir ap\u00f4tre de la lumi\u00e8re"}]},{"@type":"WebSite","@id":"https:\/\/jp2doc.pl\/fr\/#website","url":"https:\/\/jp2doc.pl\/fr\/","name":"Centre de Documentation et d\u2019Etude du Pontificat de Jean-Paul II \u00e0 Rome","description":"","publisher":{"@id":"https:\/\/jp2doc.pl\/fr\/#organization"},"potentialAction":[{"@type":"SearchAction","target":{"@type":"EntryPoint","urlTemplate":"https:\/\/jp2doc.pl\/fr\/?s={search_term_string}"},"query-input":{"@type":"PropertyValueSpecification","valueRequired":true,"valueName":"search_term_string"}}],"inLanguage":"fr-FR"},{"@type":"Organization","@id":"https:\/\/jp2doc.pl\/fr\/#organization","name":"Centre de Documentation et d\u2019Etude du Pontificat de Jean-Paul II \u00e0 Rome","url":"https:\/\/jp2doc.pl\/fr\/","logo":{"@type":"ImageObject","inLanguage":"fr-FR","@id":"https:\/\/jp2doc.pl\/fr\/#\/schema\/logo\/image\/","url":"https:\/\/jp2doc.pl\/fr\/wp-content\/uploads\/sites\/5\/2017\/03\/cropped-logo.png","contentUrl":"https:\/\/jp2doc.pl\/fr\/wp-content\/uploads\/sites\/5\/2017\/03\/cropped-logo.png","width":115,"height":115,"caption":"Centre de Documentation et d\u2019Etude du Pontificat de Jean-Paul II \u00e0 Rome"},"image":{"@id":"https:\/\/jp2doc.pl\/fr\/#\/schema\/logo\/image\/"}},{"@type":"Person","@id":"https:\/\/jp2doc.pl\/fr\/#\/schema\/person\/6110109e80abb51f6fac4824777eabfe","name":"juliasercanka","image":{"@type":"ImageObject","inLanguage":"fr-FR","@id":"https:\/\/jp2doc.pl\/fr\/#\/schema\/person\/image\/","url":"https:\/\/secure.gravatar.com\/avatar\/266a66e864556e22d55d61b6b10c97fab9060767b738564bcd109f3997e372bc?s=96&d=mm&r=g","contentUrl":"https:\/\/secure.gravatar.com\/avatar\/266a66e864556e22d55d61b6b10c97fab9060767b738564bcd109f3997e372bc?s=96&d=mm&r=g","caption":"juliasercanka"},"url":"https:\/\/jp2doc.pl\/fr\/author\/juliasercanka\/"}]}},"_links":{"self":[{"href":"https:\/\/jp2doc.pl\/fr\/wp-json\/wp\/v2\/posts\/1643","targetHints":{"allow":["GET"]}}],"collection":[{"href":"https:\/\/jp2doc.pl\/fr\/wp-json\/wp\/v2\/posts"}],"about":[{"href":"https:\/\/jp2doc.pl\/fr\/wp-json\/wp\/v2\/types\/post"}],"author":[{"embeddable":true,"href":"https:\/\/jp2doc.pl\/fr\/wp-json\/wp\/v2\/users\/5"}],"replies":[{"embeddable":true,"href":"https:\/\/jp2doc.pl\/fr\/wp-json\/wp\/v2\/comments?post=1643"}],"version-history":[{"count":1,"href":"https:\/\/jp2doc.pl\/fr\/wp-json\/wp\/v2\/posts\/1643\/revisions"}],"predecessor-version":[{"id":1645,"href":"https:\/\/jp2doc.pl\/fr\/wp-json\/wp\/v2\/posts\/1643\/revisions\/1645"}],"wp:featuredmedia":[{"embeddable":true,"href":"https:\/\/jp2doc.pl\/fr\/wp-json\/wp\/v2\/media\/1644"}],"wp:attachment":[{"href":"https:\/\/jp2doc.pl\/fr\/wp-json\/wp\/v2\/media?parent=1643"}],"wp:term":[{"taxonomy":"category","embeddable":true,"href":"https:\/\/jp2doc.pl\/fr\/wp-json\/wp\/v2\/categories?post=1643"},{"taxonomy":"post_tag","embeddable":true,"href":"https:\/\/jp2doc.pl\/fr\/wp-json\/wp\/v2\/tags?post=1643"}],"curies":[{"name":"wp","href":"https:\/\/api.w.org\/{rel}","templated":true}]}}