{"id":1647,"date":"2020-03-29T13:54:47","date_gmt":"2020-03-29T11:54:47","guid":{"rendered":"https:\/\/jp2doc.pl\/fr\/?p=1647"},"modified":"2020-03-29T13:54:50","modified_gmt":"2020-03-29T11:54:50","slug":"nous-avons-besoin-du-seigneur","status":"publish","type":"post","link":"https:\/\/jp2doc.pl\/fr\/2020\/03\/29\/nous-avons-besoin-du-seigneur\/","title":{"rendered":"Nous avons besoin du Seigneur"},"content":{"rendered":"\n<p>Ez 37, 12-14&nbsp;;\nRm 8, 8-11&nbsp;; Jn 11, 1-45<\/p>\n\n\n\n<p>Aujourd\u2019hui nous\nc\u00e9l\u00e9brons le cinqui\u00e8me dimanche de Car\u00eame. Comme nous le savons, le premier\ndimanche de Car\u00eame est appel\u00e9 le \u00ab&nbsp;dimanche de la Tentation&nbsp;\u00bb&nbsp;;\nle deuxi\u00e8me, le \u00ab&nbsp;dimanche d\u2019Abraham et de la\nTransfiguration&nbsp;\u00bb&nbsp;; le troisi\u00e8me, le \u00ab&nbsp;dimanche de Mo\u00efse et de\nla Samaritaine&nbsp;\u00bb&nbsp;; le quatri\u00e8me, le dimanche d\u2019Isra\u00ebl et de\nl\u2019Aveugle-n\u00e9&nbsp;\u00bb. Celui-ci, le cinqui\u00e8me est le \u00ab&nbsp;dimanche des\nProph\u00e8tes et de Lazare&nbsp;\u00bb.<\/p>\n\n\n\n<p>Les lectures que\nnous venons d\u2019entendre d\u00e9veloppent le th\u00e8me <strong>de la vie<\/strong> que Dieu veut donner aux hommes qui sont enferm\u00e9s dans la\nmort.<\/p>\n\n\n\n<p>Dans <strong>l\u2019\u00e9vangile<\/strong>, J\u00e9sus d\u00e9clare qu\u2019il est\nlui, \u00ab&nbsp;la r\u00e9surrection et la vie&nbsp;\u00bb. C\u2019est J\u00e9sus qui est la vie des\nhommes. C\u2019est par lui que Dieu communique son esprit aux croyants pour qu\u2019ils\nvivent. Aujourd\u2019hui encore en ce moment o\u00f9 le monde est atteint par le COVID\n19, les lectures nous montre que J\u00e9sus est notre vie, plus de peur mais\nbeaucoup de confiance en lui.<\/p>\n\n\n\n<p>Celui qui a l\u2019esprit\nde Dieu en lui marche n\u00e9cessairement pendant le jour. \u00ab&nbsp;Il ne tr\u00e9buche\npas&nbsp;\u00bb, c\u2019est-\u00e0-dire qu\u2019il ne fait pas du tort \u00e0 son prochain, qu\u2019il n\u2019est\npas nuisible aux gens. <strong>Pourquoi&nbsp;?<\/strong>\nParce qu\u2019il voit la lumi\u00e8re de ce monde qu\u2019est le Christ. Il est comme le\ntournesol qui suit le soleil. Il se laisse guider par le Christ, sa lumi\u00e8re.<\/p>\n\n\n\n<p>Dans sa <strong>lettre aux Romains<\/strong>, <strong>saint Paul<\/strong> nous dit que ceux qui\nappartiennent au Christ sont devenus des justes, l\u2019Esprit est leur vie. C\u2019est\ncela&nbsp;! Quand on appartient au Christ, on d\u00e9borde de bont\u00e9, de joie, de\nlumi\u00e8re, de v\u00e9rit\u00e9.<\/p>\n\n\n\n<p>Nous pouvons\ndonc nous demander&nbsp;: <em>est-ce que dans\nnotre vie, nous nous laissons vraiment guider par le Christ&nbsp;? Est-ce que\nJ\u00e9sus est vraiment notre lumi\u00e8re par laquelle nous voyons, nous interrogeons, nous\ncomprenons les hommes qui nous entourent, les \u00e9v\u00e9nements qui nous\narrivent&nbsp;?<\/em><\/p>\n\n\n\n<p>Maintenant,\ncelui qui n\u2019a pas l\u2019Esprit de Dieu en lui, marche n\u00e9cessairement dans la nuit.\n\u00ab&nbsp;Il tr\u00e9buche&nbsp;\u00bb, dit J\u00e9sus dans <strong>l\u2019\u00e9vangile<\/strong>.\nC\u2019est-\u00e0-dire qu\u2019il est port\u00e9 par le mal, il fait le mal. J\u00e9sus ajoute \u00e0 propos\nde lui&nbsp;: \u00ab&nbsp;la lumi\u00e8re n\u2019est pas en lui&nbsp;\u00bb. On se serait attendu \u00e0\nce que J\u00e9sus dise&nbsp;: \u00ab&nbsp;la lumi\u00e8re n\u2019est pas avec lui&nbsp;\u00bb, ou\n\u00ab&nbsp;il manque de lumi\u00e8re&nbsp;\u00bb. Non&nbsp;! J\u00e9sus parle de la lumi\u00e8re qui\nn\u2019est pas en lui. J\u00e9sus, la lumi\u00e8re du monde, n\u2019est pas en lui. Par cons\u00e9quent,\nil ne se laisse pas guider par J\u00e9sus. Voil\u00e0 pourquoi il est nuisible \u00e0 lui-m\u00eame\net \u00e0 son prochain.<\/p>\n\n\n\n<p><strong>Saint Paul<\/strong> dira d\u2019un tel\nhomme qu\u2019il est \u00ab&nbsp;sous l\u2019emprise de la chair&nbsp;\u00bb, et comme tel il ne\npeut plaire \u00e0 Dieu. <\/p>\n\n\n\n<p>L\u2019homme qui n\u2019a\npas l\u2019Esprit de Dieu cr\u00e9e des malades, tue la vie et enferme les gens dans des\ntombeaux. <strong>L\u2019\u00e9vangile<\/strong> qui d\u00e9crit le\ndrame de Lazare nous dit qu\u2019il est tomb\u00e9 malade, qu\u2019il est mort, qu\u2019il est\nplac\u00e9 dans une grotte dont l\u2019entr\u00e9e est bloqu\u00e9e par une pierre, et lui-m\u00eame a\nles pieds et les mains ligot\u00e9s et le visage couvert. <strong>C\u2019est absolument un drame<\/strong>. Mais c\u2019est ce qui peut arriver quand le\nmal domine dans les c\u0153urs des hommes. Actuellement, on dirait que le monde vit\nle m\u00eame drame que Lazare. Nous sommes tous bloqu\u00e9s, ligot\u00e9s presque par ce\nvirus qui nous enferme chacun dans une grotte ferm\u00e9e par une pierre, la peur de\nla mort.<\/p>\n\n\n\n<p>D\u2019o\u00f9 les\nquestions&nbsp;: est-ce que nous enfermons les autres dans des\ncat\u00e9gories&nbsp;n\u00e9gatives, dans des pr\u00e9jug\u00e9s qui finissent par les paralyser et\nles rendre incapables de faire le bien ? Est-ce que par notre comportement,\nnous faisons pourrir la vie des autres en parlant mal d\u2019eux ou en leur tendant\ndes pi\u00e8ges pour qu\u2019ils tombent et deviennent inutiles \u00e0 la soci\u00e9t\u00e9&nbsp;?<\/p>\n\n\n\n<p>Aujourd\u2019hui, le\nSeigneur nous dit&nbsp;: \u00ab&nbsp;Je vais ouvrir vos tombeaux et je vous en ferai\nsortir&nbsp;\u00bb&nbsp;; \u00ab&nbsp;Je mettrai en vous mon esprit, et vous\nvivrez&nbsp;\u00bb comme nous l\u2019avons entendu dans le livre d\u2019Ez\u00e9kiel. Oui,\naujourd\u2019hui plus que jamais, nous avons besoin de cette d\u00e9livrance du Seigneur.\nTournons notre regard vers lui comme nous l\u2019a enseign\u00e9 le Saint P\u00e8re ce\nvendredi dans la m\u00e9ditation et la pri\u00e8re d\u2019intercession pour le monde en ce\ntemps de crise mondiale.<\/p>\n\n\n\n<p>Comme c\u2019est\nl\u2019homme qui enferme un autre dans un tombeau, J\u00e9sus entend lib\u00e9rer et celui qui\nest enferm\u00e9 et celui qui enferme. D\u2019o\u00f9 ces ordres que nous avons\nentendus&nbsp;dans l\u2019\u00e9vangile : \u00ab Enlevez la pierre&nbsp;\u00bb, \u00ab&nbsp;D\u00e9liez-le,\net laissez-le aller&nbsp;\u00bb. Celui qui fait le mal est tout aussi gu\u00e9ri que\ncelui \u00e0 qui on le fait. Mais <strong>attention&nbsp;!<\/strong>\nLes sujets&nbsp;de ces verbes enlever, d\u00e9lier et laisser ne sont pas nomm\u00e9s. Il\ns\u2019agit des \u00ab&nbsp;<strong>on&nbsp;\u00bb<\/strong>. Cela\nveut dire que chacun de nous doit s\u2019examiner et se demander o\u00f9 il en est dans\nsa relation avec ses semblables. En tout cas, quel que soit notre condition,\nm\u00eame si nous sommes consid\u00e9r\u00e9s comme pourri, J\u00e9sus est capable de nous faire\npasser des t\u00e9n\u00e8bres \u00e0 la lumi\u00e8re, de la maladie \u00e0 la sant\u00e9, de la mort \u00e0 la\nvie. Demandons lui de faire passer le monde pris dans le pi\u00e8ge de la maladie,\nde la mort, au monde nouveau, un monde o\u00f9 la vie renait et o\u00f9 la r\u00e9surrection\ntriomphe sur la mort et sur les t\u00e9n\u00e8bres.<\/p>\n\n\n\n<p><strong>P\u00e9re Jean Claude Cabwinwe Ciza <\/strong><\/p>\n\n\n\n<p><em>Fot. Tom Barrett\/Unsplash.com<\/em><\/p>\n","protected":false},"excerpt":{"rendered":"<p>Ve Dimanche de Car\u00eame <\/p>\n","protected":false},"author":5,"featured_media":1648,"comment_status":"open","ping_status":"open","sticky":false,"template":"","format":"standard","meta":{"_acf_changed":false,"_exactmetrics_skip_tracking":false,"_exactmetrics_sitenote_active":false,"_exactmetrics_sitenote_note":"","_exactmetrics_sitenote_category":0,"footnotes":""},"categories":[4,13,14],"tags":[],"class_list":["post-1647","post","type-post","status-publish","format-standard","has-post-thumbnail","hentry","category-blog","category-strona-glowna-najnowsze","category-strona-glowna-slider"],"acf":[],"yoast_head":"<!-- This site is optimized with the Yoast SEO plugin v26.2 - https:\/\/yoast.com\/wordpress\/plugins\/seo\/ -->\n<title>Nous avons besoin du Seigneur - Centre de Documentation et d\u2019Etude du Pontificat de Jean-Paul II \u00e0 Rome<\/title>\n<meta name=\"robots\" content=\"index, follow, max-snippet:-1, max-image-preview:large, max-video-preview:-1\" \/>\n<link rel=\"canonical\" href=\"https:\/\/jp2doc.pl\/fr\/2020\/03\/29\/nous-avons-besoin-du-seigneur\/\" \/>\n<meta property=\"og:locale\" content=\"fr_FR\" \/>\n<meta property=\"og:type\" content=\"article\" \/>\n<meta property=\"og:title\" content=\"Nous avons besoin du Seigneur - Centre de Documentation et d\u2019Etude du Pontificat de Jean-Paul II \u00e0 Rome\" \/>\n<meta property=\"og:description\" content=\"Ve Dimanche de Car\u00eame\" \/>\n<meta property=\"og:url\" content=\"https:\/\/jp2doc.pl\/fr\/2020\/03\/29\/nous-avons-besoin-du-seigneur\/\" \/>\n<meta property=\"og:site_name\" content=\"Centre de Documentation et d\u2019Etude du Pontificat de Jean-Paul II \u00e0 Rome\" \/>\n<meta property=\"article:published_time\" content=\"2020-03-29T11:54:47+00:00\" \/>\n<meta property=\"article:modified_time\" content=\"2020-03-29T11:54:50+00:00\" \/>\n<meta property=\"og:image\" content=\"https:\/\/jp2doc.pl\/fr\/wp-content\/uploads\/sites\/5\/2020\/03\/tom-barrett-7FNOH-qSxMI-unsplash.jpg\" \/>\n\t<meta property=\"og:image:width\" content=\"1267\" \/>\n\t<meta property=\"og:image:height\" content=\"920\" \/>\n\t<meta property=\"og:image:type\" content=\"image\/jpeg\" \/>\n<meta name=\"author\" content=\"juliasercanka\" \/>\n<meta name=\"twitter:card\" content=\"summary_large_image\" \/>\n<meta name=\"twitter:label1\" content=\"\u00c9crit par\" \/>\n\t<meta name=\"twitter:data1\" content=\"juliasercanka\" \/>\n\t<meta name=\"twitter:label2\" content=\"Dur\u00e9e de lecture estim\u00e9e\" \/>\n\t<meta name=\"twitter:data2\" content=\"5 minutes\" \/>\n<script type=\"application\/ld+json\" class=\"yoast-schema-graph\">{\"@context\":\"https:\/\/schema.org\",\"@graph\":[{\"@type\":\"Article\",\"@id\":\"https:\/\/jp2doc.pl\/fr\/2020\/03\/29\/nous-avons-besoin-du-seigneur\/#article\",\"isPartOf\":{\"@id\":\"https:\/\/jp2doc.pl\/fr\/2020\/03\/29\/nous-avons-besoin-du-seigneur\/\"},\"author\":{\"name\":\"juliasercanka\",\"@id\":\"https:\/\/jp2doc.pl\/fr\/#\/schema\/person\/6110109e80abb51f6fac4824777eabfe\"},\"headline\":\"Nous avons besoin du Seigneur\",\"datePublished\":\"2020-03-29T11:54:47+00:00\",\"dateModified\":\"2020-03-29T11:54:50+00:00\",\"mainEntityOfPage\":{\"@id\":\"https:\/\/jp2doc.pl\/fr\/2020\/03\/29\/nous-avons-besoin-du-seigneur\/\"},\"wordCount\":1056,\"commentCount\":0,\"publisher\":{\"@id\":\"https:\/\/jp2doc.pl\/fr\/#organization\"},\"image\":{\"@id\":\"https:\/\/jp2doc.pl\/fr\/2020\/03\/29\/nous-avons-besoin-du-seigneur\/#primaryimage\"},\"thumbnailUrl\":\"https:\/\/jp2doc.pl\/fr\/wp-content\/uploads\/sites\/5\/2020\/03\/tom-barrett-7FNOH-qSxMI-unsplash.jpg\",\"articleSection\":[\"Blog\",\"Strona g\u0142\u00f3wna - najnowsze\",\"Strona g\u0142\u00f3wna - slider\"],\"inLanguage\":\"fr-FR\",\"potentialAction\":[{\"@type\":\"CommentAction\",\"name\":\"Comment\",\"target\":[\"https:\/\/jp2doc.pl\/fr\/2020\/03\/29\/nous-avons-besoin-du-seigneur\/#respond\"]}]},{\"@type\":\"WebPage\",\"@id\":\"https:\/\/jp2doc.pl\/fr\/2020\/03\/29\/nous-avons-besoin-du-seigneur\/\",\"url\":\"https:\/\/jp2doc.pl\/fr\/2020\/03\/29\/nous-avons-besoin-du-seigneur\/\",\"name\":\"Nous avons besoin du Seigneur - Centre de Documentation et d\u2019Etude du Pontificat de Jean-Paul II \u00e0 Rome\",\"isPartOf\":{\"@id\":\"https:\/\/jp2doc.pl\/fr\/#website\"},\"primaryImageOfPage\":{\"@id\":\"https:\/\/jp2doc.pl\/fr\/2020\/03\/29\/nous-avons-besoin-du-seigneur\/#primaryimage\"},\"image\":{\"@id\":\"https:\/\/jp2doc.pl\/fr\/2020\/03\/29\/nous-avons-besoin-du-seigneur\/#primaryimage\"},\"thumbnailUrl\":\"https:\/\/jp2doc.pl\/fr\/wp-content\/uploads\/sites\/5\/2020\/03\/tom-barrett-7FNOH-qSxMI-unsplash.jpg\",\"datePublished\":\"2020-03-29T11:54:47+00:00\",\"dateModified\":\"2020-03-29T11:54:50+00:00\",\"breadcrumb\":{\"@id\":\"https:\/\/jp2doc.pl\/fr\/2020\/03\/29\/nous-avons-besoin-du-seigneur\/#breadcrumb\"},\"inLanguage\":\"fr-FR\",\"potentialAction\":[{\"@type\":\"ReadAction\",\"target\":[\"https:\/\/jp2doc.pl\/fr\/2020\/03\/29\/nous-avons-besoin-du-seigneur\/\"]}]},{\"@type\":\"ImageObject\",\"inLanguage\":\"fr-FR\",\"@id\":\"https:\/\/jp2doc.pl\/fr\/2020\/03\/29\/nous-avons-besoin-du-seigneur\/#primaryimage\",\"url\":\"https:\/\/jp2doc.pl\/fr\/wp-content\/uploads\/sites\/5\/2020\/03\/tom-barrett-7FNOH-qSxMI-unsplash.jpg\",\"contentUrl\":\"https:\/\/jp2doc.pl\/fr\/wp-content\/uploads\/sites\/5\/2020\/03\/tom-barrett-7FNOH-qSxMI-unsplash.jpg\",\"width\":1267,\"height\":920},{\"@type\":\"BreadcrumbList\",\"@id\":\"https:\/\/jp2doc.pl\/fr\/2020\/03\/29\/nous-avons-besoin-du-seigneur\/#breadcrumb\",\"itemListElement\":[{\"@type\":\"ListItem\",\"position\":1,\"name\":\"Home\",\"item\":\"https:\/\/jp2doc.pl\/fr\/\"},{\"@type\":\"ListItem\",\"position\":2,\"name\":\"Nous avons besoin du Seigneur\"}]},{\"@type\":\"WebSite\",\"@id\":\"https:\/\/jp2doc.pl\/fr\/#website\",\"url\":\"https:\/\/jp2doc.pl\/fr\/\",\"name\":\"Centre de Documentation et d\u2019Etude du Pontificat de Jean-Paul II \u00e0 Rome\",\"description\":\"\",\"publisher\":{\"@id\":\"https:\/\/jp2doc.pl\/fr\/#organization\"},\"potentialAction\":[{\"@type\":\"SearchAction\",\"target\":{\"@type\":\"EntryPoint\",\"urlTemplate\":\"https:\/\/jp2doc.pl\/fr\/?s={search_term_string}\"},\"query-input\":{\"@type\":\"PropertyValueSpecification\",\"valueRequired\":true,\"valueName\":\"search_term_string\"}}],\"inLanguage\":\"fr-FR\"},{\"@type\":\"Organization\",\"@id\":\"https:\/\/jp2doc.pl\/fr\/#organization\",\"name\":\"Centre de Documentation et d\u2019Etude du Pontificat de Jean-Paul II \u00e0 Rome\",\"url\":\"https:\/\/jp2doc.pl\/fr\/\",\"logo\":{\"@type\":\"ImageObject\",\"inLanguage\":\"fr-FR\",\"@id\":\"https:\/\/jp2doc.pl\/fr\/#\/schema\/logo\/image\/\",\"url\":\"https:\/\/jp2doc.pl\/fr\/wp-content\/uploads\/sites\/5\/2017\/03\/cropped-logo.png\",\"contentUrl\":\"https:\/\/jp2doc.pl\/fr\/wp-content\/uploads\/sites\/5\/2017\/03\/cropped-logo.png\",\"width\":115,\"height\":115,\"caption\":\"Centre de Documentation et d\u2019Etude du Pontificat de Jean-Paul II \u00e0 Rome\"},\"image\":{\"@id\":\"https:\/\/jp2doc.pl\/fr\/#\/schema\/logo\/image\/\"}},{\"@type\":\"Person\",\"@id\":\"https:\/\/jp2doc.pl\/fr\/#\/schema\/person\/6110109e80abb51f6fac4824777eabfe\",\"name\":\"juliasercanka\",\"image\":{\"@type\":\"ImageObject\",\"inLanguage\":\"fr-FR\",\"@id\":\"https:\/\/jp2doc.pl\/fr\/#\/schema\/person\/image\/\",\"url\":\"https:\/\/secure.gravatar.com\/avatar\/266a66e864556e22d55d61b6b10c97fab9060767b738564bcd109f3997e372bc?s=96&d=mm&r=g\",\"contentUrl\":\"https:\/\/secure.gravatar.com\/avatar\/266a66e864556e22d55d61b6b10c97fab9060767b738564bcd109f3997e372bc?s=96&d=mm&r=g\",\"caption\":\"juliasercanka\"},\"url\":\"https:\/\/jp2doc.pl\/fr\/author\/juliasercanka\/\"}]}<\/script>\n<!-- \/ Yoast SEO plugin. -->","yoast_head_json":{"title":"Nous avons besoin du Seigneur - Centre de Documentation et d\u2019Etude du Pontificat de Jean-Paul II \u00e0 Rome","robots":{"index":"index","follow":"follow","max-snippet":"max-snippet:-1","max-image-preview":"max-image-preview:large","max-video-preview":"max-video-preview:-1"},"canonical":"https:\/\/jp2doc.pl\/fr\/2020\/03\/29\/nous-avons-besoin-du-seigneur\/","og_locale":"fr_FR","og_type":"article","og_title":"Nous avons besoin du Seigneur - Centre de Documentation et d\u2019Etude du Pontificat de Jean-Paul II \u00e0 Rome","og_description":"Ve Dimanche de Car\u00eame","og_url":"https:\/\/jp2doc.pl\/fr\/2020\/03\/29\/nous-avons-besoin-du-seigneur\/","og_site_name":"Centre de Documentation et d\u2019Etude du Pontificat de Jean-Paul II \u00e0 Rome","article_published_time":"2020-03-29T11:54:47+00:00","article_modified_time":"2020-03-29T11:54:50+00:00","og_image":[{"width":1267,"height":920,"url":"https:\/\/jp2doc.pl\/fr\/wp-content\/uploads\/sites\/5\/2020\/03\/tom-barrett-7FNOH-qSxMI-unsplash.jpg","type":"image\/jpeg"}],"author":"juliasercanka","twitter_card":"summary_large_image","twitter_misc":{"\u00c9crit par":"juliasercanka","Dur\u00e9e de lecture estim\u00e9e":"5 minutes"},"schema":{"@context":"https:\/\/schema.org","@graph":[{"@type":"Article","@id":"https:\/\/jp2doc.pl\/fr\/2020\/03\/29\/nous-avons-besoin-du-seigneur\/#article","isPartOf":{"@id":"https:\/\/jp2doc.pl\/fr\/2020\/03\/29\/nous-avons-besoin-du-seigneur\/"},"author":{"name":"juliasercanka","@id":"https:\/\/jp2doc.pl\/fr\/#\/schema\/person\/6110109e80abb51f6fac4824777eabfe"},"headline":"Nous avons besoin du Seigneur","datePublished":"2020-03-29T11:54:47+00:00","dateModified":"2020-03-29T11:54:50+00:00","mainEntityOfPage":{"@id":"https:\/\/jp2doc.pl\/fr\/2020\/03\/29\/nous-avons-besoin-du-seigneur\/"},"wordCount":1056,"commentCount":0,"publisher":{"@id":"https:\/\/jp2doc.pl\/fr\/#organization"},"image":{"@id":"https:\/\/jp2doc.pl\/fr\/2020\/03\/29\/nous-avons-besoin-du-seigneur\/#primaryimage"},"thumbnailUrl":"https:\/\/jp2doc.pl\/fr\/wp-content\/uploads\/sites\/5\/2020\/03\/tom-barrett-7FNOH-qSxMI-unsplash.jpg","articleSection":["Blog","Strona g\u0142\u00f3wna - najnowsze","Strona g\u0142\u00f3wna - slider"],"inLanguage":"fr-FR","potentialAction":[{"@type":"CommentAction","name":"Comment","target":["https:\/\/jp2doc.pl\/fr\/2020\/03\/29\/nous-avons-besoin-du-seigneur\/#respond"]}]},{"@type":"WebPage","@id":"https:\/\/jp2doc.pl\/fr\/2020\/03\/29\/nous-avons-besoin-du-seigneur\/","url":"https:\/\/jp2doc.pl\/fr\/2020\/03\/29\/nous-avons-besoin-du-seigneur\/","name":"Nous avons besoin du Seigneur - Centre de Documentation et d\u2019Etude du Pontificat de Jean-Paul II \u00e0 Rome","isPartOf":{"@id":"https:\/\/jp2doc.pl\/fr\/#website"},"primaryImageOfPage":{"@id":"https:\/\/jp2doc.pl\/fr\/2020\/03\/29\/nous-avons-besoin-du-seigneur\/#primaryimage"},"image":{"@id":"https:\/\/jp2doc.pl\/fr\/2020\/03\/29\/nous-avons-besoin-du-seigneur\/#primaryimage"},"thumbnailUrl":"https:\/\/jp2doc.pl\/fr\/wp-content\/uploads\/sites\/5\/2020\/03\/tom-barrett-7FNOH-qSxMI-unsplash.jpg","datePublished":"2020-03-29T11:54:47+00:00","dateModified":"2020-03-29T11:54:50+00:00","breadcrumb":{"@id":"https:\/\/jp2doc.pl\/fr\/2020\/03\/29\/nous-avons-besoin-du-seigneur\/#breadcrumb"},"inLanguage":"fr-FR","potentialAction":[{"@type":"ReadAction","target":["https:\/\/jp2doc.pl\/fr\/2020\/03\/29\/nous-avons-besoin-du-seigneur\/"]}]},{"@type":"ImageObject","inLanguage":"fr-FR","@id":"https:\/\/jp2doc.pl\/fr\/2020\/03\/29\/nous-avons-besoin-du-seigneur\/#primaryimage","url":"https:\/\/jp2doc.pl\/fr\/wp-content\/uploads\/sites\/5\/2020\/03\/tom-barrett-7FNOH-qSxMI-unsplash.jpg","contentUrl":"https:\/\/jp2doc.pl\/fr\/wp-content\/uploads\/sites\/5\/2020\/03\/tom-barrett-7FNOH-qSxMI-unsplash.jpg","width":1267,"height":920},{"@type":"BreadcrumbList","@id":"https:\/\/jp2doc.pl\/fr\/2020\/03\/29\/nous-avons-besoin-du-seigneur\/#breadcrumb","itemListElement":[{"@type":"ListItem","position":1,"name":"Home","item":"https:\/\/jp2doc.pl\/fr\/"},{"@type":"ListItem","position":2,"name":"Nous avons besoin du Seigneur"}]},{"@type":"WebSite","@id":"https:\/\/jp2doc.pl\/fr\/#website","url":"https:\/\/jp2doc.pl\/fr\/","name":"Centre de Documentation et d\u2019Etude du Pontificat de Jean-Paul II \u00e0 Rome","description":"","publisher":{"@id":"https:\/\/jp2doc.pl\/fr\/#organization"},"potentialAction":[{"@type":"SearchAction","target":{"@type":"EntryPoint","urlTemplate":"https:\/\/jp2doc.pl\/fr\/?s={search_term_string}"},"query-input":{"@type":"PropertyValueSpecification","valueRequired":true,"valueName":"search_term_string"}}],"inLanguage":"fr-FR"},{"@type":"Organization","@id":"https:\/\/jp2doc.pl\/fr\/#organization","name":"Centre de Documentation et d\u2019Etude du Pontificat de Jean-Paul II \u00e0 Rome","url":"https:\/\/jp2doc.pl\/fr\/","logo":{"@type":"ImageObject","inLanguage":"fr-FR","@id":"https:\/\/jp2doc.pl\/fr\/#\/schema\/logo\/image\/","url":"https:\/\/jp2doc.pl\/fr\/wp-content\/uploads\/sites\/5\/2017\/03\/cropped-logo.png","contentUrl":"https:\/\/jp2doc.pl\/fr\/wp-content\/uploads\/sites\/5\/2017\/03\/cropped-logo.png","width":115,"height":115,"caption":"Centre de Documentation et d\u2019Etude du Pontificat de Jean-Paul II \u00e0 Rome"},"image":{"@id":"https:\/\/jp2doc.pl\/fr\/#\/schema\/logo\/image\/"}},{"@type":"Person","@id":"https:\/\/jp2doc.pl\/fr\/#\/schema\/person\/6110109e80abb51f6fac4824777eabfe","name":"juliasercanka","image":{"@type":"ImageObject","inLanguage":"fr-FR","@id":"https:\/\/jp2doc.pl\/fr\/#\/schema\/person\/image\/","url":"https:\/\/secure.gravatar.com\/avatar\/266a66e864556e22d55d61b6b10c97fab9060767b738564bcd109f3997e372bc?s=96&d=mm&r=g","contentUrl":"https:\/\/secure.gravatar.com\/avatar\/266a66e864556e22d55d61b6b10c97fab9060767b738564bcd109f3997e372bc?s=96&d=mm&r=g","caption":"juliasercanka"},"url":"https:\/\/jp2doc.pl\/fr\/author\/juliasercanka\/"}]}},"_links":{"self":[{"href":"https:\/\/jp2doc.pl\/fr\/wp-json\/wp\/v2\/posts\/1647","targetHints":{"allow":["GET"]}}],"collection":[{"href":"https:\/\/jp2doc.pl\/fr\/wp-json\/wp\/v2\/posts"}],"about":[{"href":"https:\/\/jp2doc.pl\/fr\/wp-json\/wp\/v2\/types\/post"}],"author":[{"embeddable":true,"href":"https:\/\/jp2doc.pl\/fr\/wp-json\/wp\/v2\/users\/5"}],"replies":[{"embeddable":true,"href":"https:\/\/jp2doc.pl\/fr\/wp-json\/wp\/v2\/comments?post=1647"}],"version-history":[{"count":1,"href":"https:\/\/jp2doc.pl\/fr\/wp-json\/wp\/v2\/posts\/1647\/revisions"}],"predecessor-version":[{"id":1649,"href":"https:\/\/jp2doc.pl\/fr\/wp-json\/wp\/v2\/posts\/1647\/revisions\/1649"}],"wp:featuredmedia":[{"embeddable":true,"href":"https:\/\/jp2doc.pl\/fr\/wp-json\/wp\/v2\/media\/1648"}],"wp:attachment":[{"href":"https:\/\/jp2doc.pl\/fr\/wp-json\/wp\/v2\/media?parent=1647"}],"wp:term":[{"taxonomy":"category","embeddable":true,"href":"https:\/\/jp2doc.pl\/fr\/wp-json\/wp\/v2\/categories?post=1647"},{"taxonomy":"post_tag","embeddable":true,"href":"https:\/\/jp2doc.pl\/fr\/wp-json\/wp\/v2\/tags?post=1647"}],"curies":[{"name":"wp","href":"https:\/\/api.w.org\/{rel}","templated":true}]}}