{"id":1658,"date":"2020-04-12T14:29:52","date_gmt":"2020-04-12T12:29:52","guid":{"rendered":"https:\/\/jp2doc.pl\/fr\/?p=1658"},"modified":"2020-04-12T14:29:53","modified_gmt":"2020-04-12T12:29:53","slug":"la-conversion-et-le-temoignage","status":"publish","type":"post","link":"https:\/\/jp2doc.pl\/fr\/2020\/04\/12\/la-conversion-et-le-temoignage\/","title":{"rendered":"La conversion et le t\u00e9moignage"},"content":{"rendered":"\n<p>Ac 10, 34-43&nbsp;;\nCor 5, 6-8&nbsp;; Jn 20, 1-9<\/p>\n\n\n\n<p>Bien aim\u00e9 de\nDieu&nbsp;! Ce dimanche de la R\u00e9surrection est un dimanche extraordinaire dans\nl\u2019histoire de l\u2019Eglise. Une P\u00e2ques c\u00e9l\u00e9br\u00e9e sans beaucoup des bruits des\ncloches de nos Eglises, sans joie de bapt\u00eame, sans c\u00e9l\u00e9bration des sacrements\nde l\u2019initiation&nbsp;chr\u00e9tienne! \u00e0 certains endroits, il ressemble \u00e0 un jour de\ndeuil, de silence&nbsp;! Oui, un silence ext\u00e9rieur qui nous invite \u00e0 \u00e9couter\nplus Dieu qui nous parle au fond de nos c\u0153urs. Une P\u00e2ques o\u00f9 J\u00e9sus s\u2019invite\ndans le c\u0153ur de chacun pour lui parle en secret et l\u2019invite \u00e0 un examen de\nconscience profond sur sa vie et son attachement au P\u00e8re. Les lectures nous\nintroduisent au <strong>th\u00e8me de la vie<\/strong>, de\nla victoire de la vie sur la mort, de la vie dont J\u00e9sus nous fait don.<\/p>\n\n\n\n<p>J\u00e9sus, dit le livre\ndes <strong>Actes des Ap\u00f4tres<\/strong>, \u00ab&nbsp;Dieu\nl\u2019a consacr\u00e9 par l\u2019Esprit Saint et rempli de sa force&nbsp;\u00bb. La mal ne peut\npas nuire \u00e0 J\u00e9sus, le n\u00e9ant ne peut l\u2019an\u00e9antir. Voil\u00e0 un message d\u2019esp\u00e9rance\npour nous en cette p\u00e9riode. Le mal ne peut pas nous an\u00e9antir.<\/p>\n\n\n\n<p>Maintenant, nous\npouvons nous poser deux questions. La premi\u00e8re&nbsp;: <em>comment la vie de J\u00e9sus se manifeste-t-elle \u00e0 nous&nbsp;aujourd\u2019hui?<\/em>\nEt la deuxi\u00e8me&nbsp;: <em>quelles\ncons\u00e9quences cette vie de J\u00e9sus entra\u00eene-t-elle pour nous&nbsp;?<\/em><\/p>\n\n\n\n<p>A la premi\u00e8re\nquestion nous r\u00e9pondons, en nous appuyant sur les lectures, que la vie de J\u00e9sus\nse manifeste \u00e0 nous dans <strong>l\u2019absence<\/strong>.\nL\u2019absence d\u2019o\u00f9&nbsp;? <strong>L\u2019absence du\ntombeau<\/strong>.<\/p>\n\n\n\n<p>L\u2019\u00e9vangile nous dit\nen effet que \u00ab&nbsp;Marie Madeleine se rend au tombeau&nbsp;\u00bb, \u00ab&nbsp;Elle voit\nque la pierre a \u00e9t\u00e9 enlev\u00e9e du tombeau&nbsp;\u00bb, alors elle va en courant dire \u00e0\nSimon Pierre et au disciple aim\u00e9 du Christ qu\u2019&nbsp;\u00ab&nbsp;On a enlev\u00e9 le\nSeigneur de son tombeau&nbsp;\u00bb, eux aussi courent au tombeau et doivent\nconstater l\u2019absence de J\u00e9sus du tombeau.<\/p>\n\n\n\n<p>Mais c\u2019est quoi ce\ntombeau&nbsp;? Ce sont nos tombeaux o\u00f9 en bonne ou en mauvaise conscience nous\nenfermons J\u00e9sus. Ce sont nos tombeaux o\u00f9 comme Marie Madeleine nous cherchons\nJ\u00e9sus \u00ab&nbsp;de grand matin, alors qu\u2019il fait encore sombre&nbsp;\u00bb.<\/p>\n\n\n\n<p>Oui, dans\nl\u2019obscurit\u00e9 de nos vies, nous cherchons J\u00e9sus dans nos tombeaux&nbsp;: nos\nvieilles habitudes, nos \u00e9go\u00efsmes, nos pr\u00e9jug\u00e9s, notre orgueil, etc. que nous\ncroyons justifi\u00e9s par J\u00e9sus. Mais J\u00e9sus n\u2019est pas l\u00e0&nbsp;! <\/p>\n\n\n\n<p>Nous avons beau\ncourir, cherchant \u00e0 faire croire que nous sommes des gens anim\u00e9s de bonne\nvolont\u00e9, si nous ne savons pas interpr\u00e9ter l\u2019absence de J\u00e9sus de nos vieux\nsentiers, cela ne sert \u00e0 rien.<\/p>\n\n\n\n<p>C\u2019est ici que Jean\nnous sert de guide vers l\u00e0 o\u00f9 est J\u00e9sus&nbsp;: \u00ab&nbsp;il vit et il crut&nbsp;\u00bb.\nIl crut que J\u00e9sus est hors du tombeau, hors de nos tombeaux, <strong>Il est vivant&nbsp;! <\/strong>J\u00e9sus est absent\nde nos \u00e9go\u00efsmes, des pr\u00e9jug\u00e9s sur les autres car IL ne juge personne, m\u00eame ceux\nqui l\u2019ont mis \u00e0 mort. Souvenez-vous qu\u2019il a pri\u00e9 pour eux en demandant le\npardon de leur ignorance. J\u00e9sus est absent de notre orgueil&nbsp;; lui des\nconditions divines, Il nous appris \u00e0 ob\u00e9ir et \u00e0 nous courber pour laver les\npieds de nos fr\u00e8res.<\/p>\n\n\n\n<p>D\u2019o\u00f9 la deuxi\u00e8me\nquestion&nbsp;: <em>quelles cons\u00e9quences la\nvie de J\u00e9sus entra\u00eene-t-elle pour nous&nbsp;?<\/em> La vie de J\u00e9sus entra\u00eene pour\nnous une double cons\u00e9quence&nbsp;: la conversion et le t\u00e9moignage.<\/p>\n\n\n\n<p>1\u00b0 <strong>La conversion<\/strong>&nbsp;: puisque J\u00e9sus\nn\u2019est pas au tombeau, dans nos tombeaux o\u00f9 nous sommes morts, il nous r\u00e9veille\net nous invite \u00e0 sortir nous aussi de nos tombeaux pour embrasser, respirer la\nvie. C\u2019est ce que saint Paul rappelle aux Corinthiens lorsqu\u2019il leur dit&nbsp;:\n\u00ab&nbsp;Purifiez-vous donc de vieux ferments&nbsp;\u00bb.&nbsp; Quels sont ces vieux ferments&nbsp;? Il\ncite&nbsp;: \u00ab&nbsp;la perversit\u00e9 et le vice&nbsp;\u00bb.<\/p>\n\n\n\n<p>C\u2019est le lieu de\nnous demander&nbsp;: <em>quelle est ma\nperversit\u00e9&nbsp;? Quel est mon vice&nbsp;? Quelle est cette attitude que\nj\u2019assume, mais qui ne me fait pas identifier comme fils de Dieu&nbsp;? Quels\nsont les actes que je pose et qui pourrissent ma vie et la vie des\nautres&nbsp;?oui le temps de P\u00e2ques qui est pr\u00e9c\u00e9d\u00e9 par celui de car\u00eame, est un\ntemps o\u00f9 nous devons continuer \u00e0 nous mettre sur le chemin de la conversion.\nLes actes et exercices du car\u00eame ont pour objectif de nous convertir.<\/em><\/p>\n\n\n\n<p>Nous devons nous\npurifier de cela. En vue de quoi&nbsp;? Saint Paul r\u00e9pond&nbsp;: pour \u00eatre\n\u00ab&nbsp;une p\u00e2te nouvelle&nbsp;\u00bb, \u00ab&nbsp;le pain de la P\u00e2que&nbsp;\u00bb, le\n\u00ab&nbsp;pain non ferment\u00e9&nbsp;\u00bb, c\u2019est-\u00e0-dire, poursuit-il, pour c\u00e9l\u00e9brer J\u00e9sus\ndans \u00ab&nbsp;la droiture et la v\u00e9rit\u00e9&nbsp;\u00bb. Deux attitudes n\u00e9cessaires pour\navancer sur le chemin de la conversion&nbsp;: La droiture et la v\u00e9rit\u00e9. On\ndirait que notre monde d\u2019aujourd\u2019hui est devenu hostile \u00e0 ces vertus. <\/p>\n\n\n\n<p>C\u2019est le lieu de\nnous demander&nbsp;: <em>est-ce que je suis\npr\u00eat \u00e0 vivre dans la droiture et la v\u00e9rit\u00e9&nbsp; en famille, en communaut\u00e9, au\ntravail, \u00e0 l\u2019\u00e9cole, m\u00eame si les gens me donneront toutes sortes de\nqualifications n\u00e9gatives ? Est-ce que je suis pr\u00eat, \u00e0 la suite de J\u00e9sus,\nd\u2019accueillir Dieu chez moi m\u00eame si les gens me traiteront de fou au regard des\n\u00ab&nbsp;valeurs&nbsp;\u00bb de ce monde&nbsp;?<\/em><\/p>\n\n\n\n<p>2\u00b0 La vie de J\u00e9sus\nentra\u00eene pour nous <strong>la conversion<\/strong>,\nmais aussi <strong>le t\u00e9moignage<\/strong>. Nous ne\npouvons pas garder cette nouvelle vie pour nous-m\u00eames, comme une propri\u00e9t\u00e9\npriv\u00e9e. Un chr\u00e9tien, un croyant ne peut \u00eatre \u00e9go\u00efste. On est toujours envoy\u00e9 en\nmission o\u00f9 l\u2019Esprit de Dieu nous pr\u00e9c\u00e8de. Nous nous tournons vers nos fr\u00e8res\npour les confirmer dans le Seigneur. Le t\u00e9moignage doit \u00eatre au c\u0153ur de nos\nactions. C\u2019est une mani\u00e8re de montrer que Dieu est avec nous, qu\u2019Il est vivant\nen nous. <\/p>\n\n\n\n<p>A la crucifixion,\nun centurion sans \u00eatre disciple du Christ avait cru que J\u00e9sus est \u00ab&nbsp;Fils\nde Dieu&nbsp;\u00bb. Et Pierre se rend chez un centurion pour lui r\u00e9v\u00e9ler le Christ,\npour l\u2019inviter \u00e0 l\u2019imitation du Christ qui, \u00e9crit <strong>le livre des Actes<\/strong> \u00ab&nbsp;L\u00e0 o\u00f9 il passait, [\u2026] faisait le bien et\ngu\u00e9rissait tous ceux qui \u00e9taient sous le pouvoir du d\u00e9mon. Car Dieu \u00e9tait avec\nlui&nbsp;\u00bb.<\/p>\n\n\n\n<p>Si Dieu est avec\nnous, nous ne pouvons que faire le bien, vivre une nouvelle vie en J\u00e9sus-Christ\nressuscit\u00e9. Le Christ vainqueur de la mort nous envoie aussi comme Il a envoy\u00e9\nMarie Madeleine pour aller annoncer \u00e0 nos fr\u00e8res terrifi\u00e9s par la peur, la\nmaladie et ce virus, qu\u2019Il est Vivant et que sa vie est en celui qui le cherche\net qui croit en lui. JOYEUSE PAQUES A TOUS&nbsp;!<\/p>\n\n\n\n<p><strong>P\u00e8re Jean Claude Cabwinwe Ciza<\/strong> <\/p>\n\n\n\n<p><em>Fot.  Joshua Eckstein\/Unsplash.com<\/em><\/p>\n","protected":false},"excerpt":{"rendered":"<p>Dimanche de la R\u00e9surrection  <\/p>\n","protected":false},"author":5,"featured_media":1659,"comment_status":"open","ping_status":"open","sticky":false,"template":"","format":"standard","meta":{"_acf_changed":false,"_exactmetrics_skip_tracking":false,"_exactmetrics_sitenote_active":false,"_exactmetrics_sitenote_note":"","_exactmetrics_sitenote_category":0,"footnotes":""},"categories":[4,13,14],"tags":[],"class_list":["post-1658","post","type-post","status-publish","format-standard","has-post-thumbnail","hentry","category-blog","category-strona-glowna-najnowsze","category-strona-glowna-slider"],"acf":[],"yoast_head":"<!-- This site is optimized with the Yoast SEO plugin v26.2 - https:\/\/yoast.com\/wordpress\/plugins\/seo\/ -->\n<title>La conversion et le t\u00e9moignage - Centre de Documentation et d\u2019Etude du Pontificat de Jean-Paul II \u00e0 Rome<\/title>\n<meta name=\"robots\" content=\"index, follow, max-snippet:-1, max-image-preview:large, max-video-preview:-1\" \/>\n<link rel=\"canonical\" href=\"https:\/\/jp2doc.pl\/fr\/2020\/04\/12\/la-conversion-et-le-temoignage\/\" \/>\n<meta property=\"og:locale\" content=\"fr_FR\" \/>\n<meta property=\"og:type\" content=\"article\" \/>\n<meta property=\"og:title\" content=\"La conversion et le t\u00e9moignage - Centre de Documentation et d\u2019Etude du Pontificat de Jean-Paul II \u00e0 Rome\" \/>\n<meta property=\"og:description\" content=\"Dimanche de la R\u00e9surrection\" \/>\n<meta property=\"og:url\" content=\"https:\/\/jp2doc.pl\/fr\/2020\/04\/12\/la-conversion-et-le-temoignage\/\" \/>\n<meta property=\"og:site_name\" content=\"Centre de Documentation et d\u2019Etude du Pontificat de Jean-Paul II \u00e0 Rome\" \/>\n<meta property=\"article:published_time\" content=\"2020-04-12T12:29:52+00:00\" \/>\n<meta property=\"article:modified_time\" content=\"2020-04-12T12:29:53+00:00\" \/>\n<meta property=\"og:image\" content=\"https:\/\/jp2doc.pl\/fr\/wp-content\/uploads\/sites\/5\/2020\/04\/joshua-eckstein-m12WxUkPuJc-unsplash.jpg\" \/>\n\t<meta property=\"og:image:width\" content=\"1537\" \/>\n\t<meta property=\"og:image:height\" content=\"982\" \/>\n\t<meta property=\"og:image:type\" content=\"image\/jpeg\" \/>\n<meta name=\"author\" content=\"juliasercanka\" \/>\n<meta name=\"twitter:card\" content=\"summary_large_image\" \/>\n<meta name=\"twitter:label1\" content=\"\u00c9crit par\" \/>\n\t<meta name=\"twitter:data1\" content=\"juliasercanka\" \/>\n\t<meta name=\"twitter:label2\" content=\"Dur\u00e9e de lecture estim\u00e9e\" \/>\n\t<meta name=\"twitter:data2\" content=\"6 minutes\" \/>\n<script type=\"application\/ld+json\" class=\"yoast-schema-graph\">{\"@context\":\"https:\/\/schema.org\",\"@graph\":[{\"@type\":\"Article\",\"@id\":\"https:\/\/jp2doc.pl\/fr\/2020\/04\/12\/la-conversion-et-le-temoignage\/#article\",\"isPartOf\":{\"@id\":\"https:\/\/jp2doc.pl\/fr\/2020\/04\/12\/la-conversion-et-le-temoignage\/\"},\"author\":{\"name\":\"juliasercanka\",\"@id\":\"https:\/\/jp2doc.pl\/fr\/#\/schema\/person\/6110109e80abb51f6fac4824777eabfe\"},\"headline\":\"La conversion et le t\u00e9moignage\",\"datePublished\":\"2020-04-12T12:29:52+00:00\",\"dateModified\":\"2020-04-12T12:29:53+00:00\",\"mainEntityOfPage\":{\"@id\":\"https:\/\/jp2doc.pl\/fr\/2020\/04\/12\/la-conversion-et-le-temoignage\/\"},\"wordCount\":1247,\"commentCount\":0,\"publisher\":{\"@id\":\"https:\/\/jp2doc.pl\/fr\/#organization\"},\"image\":{\"@id\":\"https:\/\/jp2doc.pl\/fr\/2020\/04\/12\/la-conversion-et-le-temoignage\/#primaryimage\"},\"thumbnailUrl\":\"https:\/\/jp2doc.pl\/fr\/wp-content\/uploads\/sites\/5\/2020\/04\/joshua-eckstein-m12WxUkPuJc-unsplash.jpg\",\"articleSection\":[\"Blog\",\"Strona g\u0142\u00f3wna - najnowsze\",\"Strona g\u0142\u00f3wna - slider\"],\"inLanguage\":\"fr-FR\",\"potentialAction\":[{\"@type\":\"CommentAction\",\"name\":\"Comment\",\"target\":[\"https:\/\/jp2doc.pl\/fr\/2020\/04\/12\/la-conversion-et-le-temoignage\/#respond\"]}]},{\"@type\":\"WebPage\",\"@id\":\"https:\/\/jp2doc.pl\/fr\/2020\/04\/12\/la-conversion-et-le-temoignage\/\",\"url\":\"https:\/\/jp2doc.pl\/fr\/2020\/04\/12\/la-conversion-et-le-temoignage\/\",\"name\":\"La conversion et le t\u00e9moignage - Centre de Documentation et d\u2019Etude du Pontificat de Jean-Paul II \u00e0 Rome\",\"isPartOf\":{\"@id\":\"https:\/\/jp2doc.pl\/fr\/#website\"},\"primaryImageOfPage\":{\"@id\":\"https:\/\/jp2doc.pl\/fr\/2020\/04\/12\/la-conversion-et-le-temoignage\/#primaryimage\"},\"image\":{\"@id\":\"https:\/\/jp2doc.pl\/fr\/2020\/04\/12\/la-conversion-et-le-temoignage\/#primaryimage\"},\"thumbnailUrl\":\"https:\/\/jp2doc.pl\/fr\/wp-content\/uploads\/sites\/5\/2020\/04\/joshua-eckstein-m12WxUkPuJc-unsplash.jpg\",\"datePublished\":\"2020-04-12T12:29:52+00:00\",\"dateModified\":\"2020-04-12T12:29:53+00:00\",\"breadcrumb\":{\"@id\":\"https:\/\/jp2doc.pl\/fr\/2020\/04\/12\/la-conversion-et-le-temoignage\/#breadcrumb\"},\"inLanguage\":\"fr-FR\",\"potentialAction\":[{\"@type\":\"ReadAction\",\"target\":[\"https:\/\/jp2doc.pl\/fr\/2020\/04\/12\/la-conversion-et-le-temoignage\/\"]}]},{\"@type\":\"ImageObject\",\"inLanguage\":\"fr-FR\",\"@id\":\"https:\/\/jp2doc.pl\/fr\/2020\/04\/12\/la-conversion-et-le-temoignage\/#primaryimage\",\"url\":\"https:\/\/jp2doc.pl\/fr\/wp-content\/uploads\/sites\/5\/2020\/04\/joshua-eckstein-m12WxUkPuJc-unsplash.jpg\",\"contentUrl\":\"https:\/\/jp2doc.pl\/fr\/wp-content\/uploads\/sites\/5\/2020\/04\/joshua-eckstein-m12WxUkPuJc-unsplash.jpg\",\"width\":1537,\"height\":982},{\"@type\":\"BreadcrumbList\",\"@id\":\"https:\/\/jp2doc.pl\/fr\/2020\/04\/12\/la-conversion-et-le-temoignage\/#breadcrumb\",\"itemListElement\":[{\"@type\":\"ListItem\",\"position\":1,\"name\":\"Home\",\"item\":\"https:\/\/jp2doc.pl\/fr\/\"},{\"@type\":\"ListItem\",\"position\":2,\"name\":\"La conversion et le t\u00e9moignage\"}]},{\"@type\":\"WebSite\",\"@id\":\"https:\/\/jp2doc.pl\/fr\/#website\",\"url\":\"https:\/\/jp2doc.pl\/fr\/\",\"name\":\"Centre de Documentation et d\u2019Etude du Pontificat de Jean-Paul II \u00e0 Rome\",\"description\":\"\",\"publisher\":{\"@id\":\"https:\/\/jp2doc.pl\/fr\/#organization\"},\"potentialAction\":[{\"@type\":\"SearchAction\",\"target\":{\"@type\":\"EntryPoint\",\"urlTemplate\":\"https:\/\/jp2doc.pl\/fr\/?s={search_term_string}\"},\"query-input\":{\"@type\":\"PropertyValueSpecification\",\"valueRequired\":true,\"valueName\":\"search_term_string\"}}],\"inLanguage\":\"fr-FR\"},{\"@type\":\"Organization\",\"@id\":\"https:\/\/jp2doc.pl\/fr\/#organization\",\"name\":\"Centre de Documentation et d\u2019Etude du Pontificat de Jean-Paul II \u00e0 Rome\",\"url\":\"https:\/\/jp2doc.pl\/fr\/\",\"logo\":{\"@type\":\"ImageObject\",\"inLanguage\":\"fr-FR\",\"@id\":\"https:\/\/jp2doc.pl\/fr\/#\/schema\/logo\/image\/\",\"url\":\"https:\/\/jp2doc.pl\/fr\/wp-content\/uploads\/sites\/5\/2017\/03\/cropped-logo.png\",\"contentUrl\":\"https:\/\/jp2doc.pl\/fr\/wp-content\/uploads\/sites\/5\/2017\/03\/cropped-logo.png\",\"width\":115,\"height\":115,\"caption\":\"Centre de Documentation et d\u2019Etude du Pontificat de Jean-Paul II \u00e0 Rome\"},\"image\":{\"@id\":\"https:\/\/jp2doc.pl\/fr\/#\/schema\/logo\/image\/\"}},{\"@type\":\"Person\",\"@id\":\"https:\/\/jp2doc.pl\/fr\/#\/schema\/person\/6110109e80abb51f6fac4824777eabfe\",\"name\":\"juliasercanka\",\"image\":{\"@type\":\"ImageObject\",\"inLanguage\":\"fr-FR\",\"@id\":\"https:\/\/jp2doc.pl\/fr\/#\/schema\/person\/image\/\",\"url\":\"https:\/\/secure.gravatar.com\/avatar\/266a66e864556e22d55d61b6b10c97fab9060767b738564bcd109f3997e372bc?s=96&d=mm&r=g\",\"contentUrl\":\"https:\/\/secure.gravatar.com\/avatar\/266a66e864556e22d55d61b6b10c97fab9060767b738564bcd109f3997e372bc?s=96&d=mm&r=g\",\"caption\":\"juliasercanka\"},\"url\":\"https:\/\/jp2doc.pl\/fr\/author\/juliasercanka\/\"}]}<\/script>\n<!-- \/ Yoast SEO plugin. -->","yoast_head_json":{"title":"La conversion et le t\u00e9moignage - Centre de Documentation et d\u2019Etude du Pontificat de Jean-Paul II \u00e0 Rome","robots":{"index":"index","follow":"follow","max-snippet":"max-snippet:-1","max-image-preview":"max-image-preview:large","max-video-preview":"max-video-preview:-1"},"canonical":"https:\/\/jp2doc.pl\/fr\/2020\/04\/12\/la-conversion-et-le-temoignage\/","og_locale":"fr_FR","og_type":"article","og_title":"La conversion et le t\u00e9moignage - Centre de Documentation et d\u2019Etude du Pontificat de Jean-Paul II \u00e0 Rome","og_description":"Dimanche de la R\u00e9surrection","og_url":"https:\/\/jp2doc.pl\/fr\/2020\/04\/12\/la-conversion-et-le-temoignage\/","og_site_name":"Centre de Documentation et d\u2019Etude du Pontificat de Jean-Paul II \u00e0 Rome","article_published_time":"2020-04-12T12:29:52+00:00","article_modified_time":"2020-04-12T12:29:53+00:00","og_image":[{"width":1537,"height":982,"url":"https:\/\/jp2doc.pl\/fr\/wp-content\/uploads\/sites\/5\/2020\/04\/joshua-eckstein-m12WxUkPuJc-unsplash.jpg","type":"image\/jpeg"}],"author":"juliasercanka","twitter_card":"summary_large_image","twitter_misc":{"\u00c9crit par":"juliasercanka","Dur\u00e9e de lecture estim\u00e9e":"6 minutes"},"schema":{"@context":"https:\/\/schema.org","@graph":[{"@type":"Article","@id":"https:\/\/jp2doc.pl\/fr\/2020\/04\/12\/la-conversion-et-le-temoignage\/#article","isPartOf":{"@id":"https:\/\/jp2doc.pl\/fr\/2020\/04\/12\/la-conversion-et-le-temoignage\/"},"author":{"name":"juliasercanka","@id":"https:\/\/jp2doc.pl\/fr\/#\/schema\/person\/6110109e80abb51f6fac4824777eabfe"},"headline":"La conversion et le t\u00e9moignage","datePublished":"2020-04-12T12:29:52+00:00","dateModified":"2020-04-12T12:29:53+00:00","mainEntityOfPage":{"@id":"https:\/\/jp2doc.pl\/fr\/2020\/04\/12\/la-conversion-et-le-temoignage\/"},"wordCount":1247,"commentCount":0,"publisher":{"@id":"https:\/\/jp2doc.pl\/fr\/#organization"},"image":{"@id":"https:\/\/jp2doc.pl\/fr\/2020\/04\/12\/la-conversion-et-le-temoignage\/#primaryimage"},"thumbnailUrl":"https:\/\/jp2doc.pl\/fr\/wp-content\/uploads\/sites\/5\/2020\/04\/joshua-eckstein-m12WxUkPuJc-unsplash.jpg","articleSection":["Blog","Strona g\u0142\u00f3wna - najnowsze","Strona g\u0142\u00f3wna - slider"],"inLanguage":"fr-FR","potentialAction":[{"@type":"CommentAction","name":"Comment","target":["https:\/\/jp2doc.pl\/fr\/2020\/04\/12\/la-conversion-et-le-temoignage\/#respond"]}]},{"@type":"WebPage","@id":"https:\/\/jp2doc.pl\/fr\/2020\/04\/12\/la-conversion-et-le-temoignage\/","url":"https:\/\/jp2doc.pl\/fr\/2020\/04\/12\/la-conversion-et-le-temoignage\/","name":"La conversion et le t\u00e9moignage - Centre de Documentation et d\u2019Etude du Pontificat de Jean-Paul II \u00e0 Rome","isPartOf":{"@id":"https:\/\/jp2doc.pl\/fr\/#website"},"primaryImageOfPage":{"@id":"https:\/\/jp2doc.pl\/fr\/2020\/04\/12\/la-conversion-et-le-temoignage\/#primaryimage"},"image":{"@id":"https:\/\/jp2doc.pl\/fr\/2020\/04\/12\/la-conversion-et-le-temoignage\/#primaryimage"},"thumbnailUrl":"https:\/\/jp2doc.pl\/fr\/wp-content\/uploads\/sites\/5\/2020\/04\/joshua-eckstein-m12WxUkPuJc-unsplash.jpg","datePublished":"2020-04-12T12:29:52+00:00","dateModified":"2020-04-12T12:29:53+00:00","breadcrumb":{"@id":"https:\/\/jp2doc.pl\/fr\/2020\/04\/12\/la-conversion-et-le-temoignage\/#breadcrumb"},"inLanguage":"fr-FR","potentialAction":[{"@type":"ReadAction","target":["https:\/\/jp2doc.pl\/fr\/2020\/04\/12\/la-conversion-et-le-temoignage\/"]}]},{"@type":"ImageObject","inLanguage":"fr-FR","@id":"https:\/\/jp2doc.pl\/fr\/2020\/04\/12\/la-conversion-et-le-temoignage\/#primaryimage","url":"https:\/\/jp2doc.pl\/fr\/wp-content\/uploads\/sites\/5\/2020\/04\/joshua-eckstein-m12WxUkPuJc-unsplash.jpg","contentUrl":"https:\/\/jp2doc.pl\/fr\/wp-content\/uploads\/sites\/5\/2020\/04\/joshua-eckstein-m12WxUkPuJc-unsplash.jpg","width":1537,"height":982},{"@type":"BreadcrumbList","@id":"https:\/\/jp2doc.pl\/fr\/2020\/04\/12\/la-conversion-et-le-temoignage\/#breadcrumb","itemListElement":[{"@type":"ListItem","position":1,"name":"Home","item":"https:\/\/jp2doc.pl\/fr\/"},{"@type":"ListItem","position":2,"name":"La conversion et le t\u00e9moignage"}]},{"@type":"WebSite","@id":"https:\/\/jp2doc.pl\/fr\/#website","url":"https:\/\/jp2doc.pl\/fr\/","name":"Centre de Documentation et d\u2019Etude du Pontificat de Jean-Paul II \u00e0 Rome","description":"","publisher":{"@id":"https:\/\/jp2doc.pl\/fr\/#organization"},"potentialAction":[{"@type":"SearchAction","target":{"@type":"EntryPoint","urlTemplate":"https:\/\/jp2doc.pl\/fr\/?s={search_term_string}"},"query-input":{"@type":"PropertyValueSpecification","valueRequired":true,"valueName":"search_term_string"}}],"inLanguage":"fr-FR"},{"@type":"Organization","@id":"https:\/\/jp2doc.pl\/fr\/#organization","name":"Centre de Documentation et d\u2019Etude du Pontificat de Jean-Paul II \u00e0 Rome","url":"https:\/\/jp2doc.pl\/fr\/","logo":{"@type":"ImageObject","inLanguage":"fr-FR","@id":"https:\/\/jp2doc.pl\/fr\/#\/schema\/logo\/image\/","url":"https:\/\/jp2doc.pl\/fr\/wp-content\/uploads\/sites\/5\/2017\/03\/cropped-logo.png","contentUrl":"https:\/\/jp2doc.pl\/fr\/wp-content\/uploads\/sites\/5\/2017\/03\/cropped-logo.png","width":115,"height":115,"caption":"Centre de Documentation et d\u2019Etude du Pontificat de Jean-Paul II \u00e0 Rome"},"image":{"@id":"https:\/\/jp2doc.pl\/fr\/#\/schema\/logo\/image\/"}},{"@type":"Person","@id":"https:\/\/jp2doc.pl\/fr\/#\/schema\/person\/6110109e80abb51f6fac4824777eabfe","name":"juliasercanka","image":{"@type":"ImageObject","inLanguage":"fr-FR","@id":"https:\/\/jp2doc.pl\/fr\/#\/schema\/person\/image\/","url":"https:\/\/secure.gravatar.com\/avatar\/266a66e864556e22d55d61b6b10c97fab9060767b738564bcd109f3997e372bc?s=96&d=mm&r=g","contentUrl":"https:\/\/secure.gravatar.com\/avatar\/266a66e864556e22d55d61b6b10c97fab9060767b738564bcd109f3997e372bc?s=96&d=mm&r=g","caption":"juliasercanka"},"url":"https:\/\/jp2doc.pl\/fr\/author\/juliasercanka\/"}]}},"_links":{"self":[{"href":"https:\/\/jp2doc.pl\/fr\/wp-json\/wp\/v2\/posts\/1658","targetHints":{"allow":["GET"]}}],"collection":[{"href":"https:\/\/jp2doc.pl\/fr\/wp-json\/wp\/v2\/posts"}],"about":[{"href":"https:\/\/jp2doc.pl\/fr\/wp-json\/wp\/v2\/types\/post"}],"author":[{"embeddable":true,"href":"https:\/\/jp2doc.pl\/fr\/wp-json\/wp\/v2\/users\/5"}],"replies":[{"embeddable":true,"href":"https:\/\/jp2doc.pl\/fr\/wp-json\/wp\/v2\/comments?post=1658"}],"version-history":[{"count":1,"href":"https:\/\/jp2doc.pl\/fr\/wp-json\/wp\/v2\/posts\/1658\/revisions"}],"predecessor-version":[{"id":1660,"href":"https:\/\/jp2doc.pl\/fr\/wp-json\/wp\/v2\/posts\/1658\/revisions\/1660"}],"wp:featuredmedia":[{"embeddable":true,"href":"https:\/\/jp2doc.pl\/fr\/wp-json\/wp\/v2\/media\/1659"}],"wp:attachment":[{"href":"https:\/\/jp2doc.pl\/fr\/wp-json\/wp\/v2\/media?parent=1658"}],"wp:term":[{"taxonomy":"category","embeddable":true,"href":"https:\/\/jp2doc.pl\/fr\/wp-json\/wp\/v2\/categories?post=1658"},{"taxonomy":"post_tag","embeddable":true,"href":"https:\/\/jp2doc.pl\/fr\/wp-json\/wp\/v2\/tags?post=1658"}],"curies":[{"name":"wp","href":"https:\/\/api.w.org\/{rel}","templated":true}]}}