{"id":1681,"date":"2020-05-09T17:32:06","date_gmt":"2020-05-09T15:32:06","guid":{"rendered":"https:\/\/jp2doc.pl\/fr\/?p=1681"},"modified":"2020-05-09T17:32:07","modified_gmt":"2020-05-09T15:32:07","slug":"pierres-vivantes-qui-constituent-leglise","status":"publish","type":"post","link":"https:\/\/jp2doc.pl\/fr\/2020\/05\/09\/pierres-vivantes-qui-constituent-leglise\/","title":{"rendered":"Pierres vivantes qui constituent l\u2019\u00c9glise"},"content":{"rendered":"\n<p>Ac 6, 1-7&nbsp;; 1 P 2, 4-9&nbsp;; Jn 14, 1-12 <\/p>\n\n\n\n<p>En ce cinqui\u00e8me dimanche de P\u00e2ques, les lectures nous\nintroduisent au th\u00e8me de la <strong>foi<\/strong>. Comme\nnous le savons tous bien, la foi, c\u2019est l\u2019adh\u00e9sion aux id\u00e9es d\u2019une\npersonne&nbsp;; aux id\u00e9es d\u2019un groupe ou l\u2019acceptation d\u2019une promesse. La foi\nest donc l\u2019acceptation d\u2019une promesse. La conviction qu\u2019elle s\u2019est r\u00e9alis\u00e9e ou\nqu\u2019elle se r\u00e9alisera. C\u2019est une projection vers ce qu\u2019on n\u2019a pas, mais dont on\nest convaincu qu\u2019on l\u2019aura. La foi \u00e9panouit, la foi lib\u00e8re, la foi rend\nheureux.<\/p>\n\n\n\n<p>Aujourd\u2019hui, les textes liturgiques nous invite \u00e0\ngarder la foi, \u00e0 vivre notre foi sans honte ni peur. Dans <strong>l\u2019\u00e9vangile<\/strong>, il nous dit en effet&nbsp;: \u00ab&nbsp;vous croyez en Dieu,\ncroyez aussi en moi&nbsp;\u00bb. Le Christ, en qui nous devons croire de tout notre\n\u00eatre, avec tout notre c\u0153ur, nous initie \u00e0 la vie divine, nous introduit aux\nprojets de Dieu sur l\u2019humanit\u00e9. \u00ab&nbsp;Moi, dit-il dans l\u2019\u00e9vangile, je suis le\nChemin, la V\u00e9rit\u00e9 et la Vie&nbsp;; personne ne va vers le P\u00e8re sans passer par\nmoi&nbsp;\u00bb.<\/p>\n\n\n\n<p>Comment est ce monde dans lequel le Christ vient nous\nouvrir \u00e0 la foi&nbsp;? En le croire, en regardant notre monde aujourd\u2019hui, on\npeut convenir que c\u2019est un monde t\u00e9n\u00e9breux. Nous n\u2019avons qu\u2019avoir ce qui se\npasse aujourd\u2019hui avec le COVID 19. Un monde qui inspire la peur, o\u00f9 l\u2019odeur de\nla mort se fait sentir mais o\u00f9 aussi l\u2019espoir d\u2019une vie nouvelle se dessine.<\/p>\n\n\n\n<p>Dans <strong>la\ndeuxi\u00e8me lecture<\/strong>, <strong>saint Pierre<\/strong>\nnous dit&nbsp;: \u00ab&nbsp;vous \u00eates donc charg\u00e9s d\u2019annoncer les merveilles de\ncelui qui vous a appel\u00e9s des t\u00e9n\u00e8bres \u00e0 son admirable lumi\u00e8re&nbsp;\u00bb. Les\nt\u00e9n\u00e8bres nous entourent. Et dans les t\u00e9n\u00e8bres, il est bien difficile de voir,\nil est bien difficile d\u2019\u00eatre en ordre, il est bien difficile de discerner. Dans\nles t\u00e9n\u00e8bres, on marche \u00e0 t\u00e2tons. Et les t\u00e9n\u00e8bres peuvent s\u2019emparer des\nchr\u00e9tiens. C\u2019\u00e9tait vrai hier. <\/p>\n\n\n\n<p>En effet, dans <strong>la\npremi\u00e8re lecture<\/strong>, on nous parle des disciples de langue h\u00e9bra\u00efque qui\nd\u00e9favorisaient les veuves des disciples de langue grecque dans le secours distribu\u00e9s\nquotidiennement. Il s\u2019agit l\u00e0 de l\u2019injustice au quotidien suivant l\u2019origine\nethnique. C\u2019est encore vrai aujourd\u2019hui. Nous les chr\u00e9tiens, nous n\u2019\u00e9chappons\npas au r\u00e9gionalisme, nous n\u2019\u00e9chappons pas au tribalisme, nous n\u2019\u00e9chappons pas\nau racisme l\u00e0 o\u00f9 nous vivons, l\u00e0 o\u00f9 nous prions, l\u00e0 o\u00f9 nous travaillons. Nous\nsommes bien souvent plein des pr\u00e9jug\u00e9s vis-\u00e0-vis des autres.<\/p>\n\n\n\n<p>Aujourd\u2019hui, le Seigneur nous donne sa lumi\u00e8re pour\nque nous voyions en tout homme l\u2019image de Dieu, pour que nous aimions tout homme\ncomme le Christ nous aime. Nous est-il possible de faire le bien en ce\nmonde&nbsp;? La r\u00e9ponse est oui. Dans <strong>l\u2019\u00e9vangile<\/strong>,\nle Christ nous fait cette confidence&nbsp;: \u00ab&nbsp;Oui vraiment, je vous le\ndis&nbsp;: celui qui croit en moi accomplira les m\u00eames \u0153uvres que moi. Il en accomplira\nm\u00eame de plus grandes puisque je pars vers le P\u00e8re&nbsp;\u00bb.<\/p>\n\n\n\n<p>Cela para\u00eet \u00eatre impossible. Et pourtant c\u2019est le\nChrist lui-m\u00eame qui nous le dit. Nous pouvons faire de grandes \u0153uvres, m\u00eame\nplus qu\u2019il n\u2019en a fait parce qu\u2019il interc\u00e8de pour nous aupr\u00e8s du P\u00e8re.\nD\u00e9sormais nous n\u2019avons plus d\u2019excuses&nbsp;! Maintenant, comment pouvons-nous\naccomplir le bien&nbsp;?<\/p>\n\n\n\n<p><strong>En nous ouvrant\nau Christ<\/strong>&nbsp;:\nle Christ vient vers nous, et nous, nous devons l\u2019accueillir. <strong>C\u2019est la dimension verticale de la foi<\/strong>.\nDans <strong>la deuxi\u00e8me lecture<\/strong>, <strong>saint Pierre<\/strong> nous\ndit&nbsp;:&nbsp;\u00ab&nbsp;Fr\u00e8res, allez vers le Christ&nbsp;\u00bb. On va vers le\nChrist si l\u2019on accueille continuellement <strong>la\nParole de Dieu<\/strong> dans son c\u0153ur, dans sa vie&nbsp;; si l\u2019on accepte que les\ncommandements de Dieu nous servent de guides, de rep\u00e8res. \u00ab&nbsp;La Parole de Dieu\ngagnait du terrain&nbsp;\u00bb, dit <strong>la\npremi\u00e8re lecture<\/strong>. Ce terrain, c\u2019est le c\u0153ur d\u2019un chacun.<\/p>\n\n\n\n<p><em>-Est-ce que\nj\u2019aime la Parole de Dieu&nbsp;?<\/em><\/p>\n\n\n\n<p><strong>En nous ouvrant\naux autres<\/strong>&nbsp;:\nle Christ vient vers nous, et nous devons aller vers les autres. <strong>C\u2019est la dimension horizontale de la foi<\/strong>.\nNous avons entendu dans <strong>la premi\u00e8re\nlecture<\/strong> ce que les Douze dirent \u00e0 l\u2019assembl\u00e9 des disciples&nbsp;:\n\u00ab&nbsp;Cherchez [\u2026] fr\u00e8res, sept d\u2019entre vous, qui soient des hommes estim\u00e9s de\ntous, remplis d\u2019Esprit Saint et de sagesse&nbsp;\u00bb. Dans la vie, on ne doit pas\nseulement \u00eatre rempli d\u2019Esprit Saint. On doit aussi, sans doute \u00e0 cause de\ncela, \u00eatre rempli de sagesse. On doit \u00eatre des personnes estim\u00e9es de tous.\nC\u2019est cela \u00eatre \u00ab&nbsp;des pierres vivantes&nbsp;\u00bb, dont parle <strong>saint Pierre<\/strong> dans <strong>la deuxi\u00e8me lecture<\/strong>. Pierres vivantes qui constituent l\u2019Eglise\ncomme communaut\u00e9 des fr\u00e8res unis par la foi, l\u2019amour, l\u2019unit\u00e9. Saint Paul nous\ninvite \u00e0 exercer chacun son sacerdoce en s\u2019offrant comme offrande agr\u00e9able au\nP\u00e8re et en offrant la vie des autres.<\/p>\n\n\n\n<p><em>-Est-ce que\nj\u2019apporte un peu d\u2019amour, un peu de vie dans mon entourage&nbsp;? est-ce que je\nprie pour les autres qui sont membres de l\u2019Eglise de ce temple Saint&nbsp;?<\/em><\/p>\n\n\n\n<p>Si nous avons la foi au Christ, nous serons des\nenfants de lumi\u00e8re, une nation sainte, un peuple qui appartient \u00e0 Dieu&nbsp;;\nun sacerdoce royal capable d\u2019offrir \u00e0 Dieu notre vie et la vie de nos proches.\nQue le Christ le vrai Pr\u00eatre, nous donne en l\u2019accueillant dans l\u2019eucharistie la\ngr\u00e2ce d\u2019\u00eatre pour les autres un signe d\u2019unit\u00e9, de charit\u00e9 et messagers des\nmerveilles du Seigneur.<\/p>\n\n\n\n<p><strong>P\u00e8re Jean Claude Ciza <\/strong><\/p>\n\n\n\n<p><em>Fot. Josh Applegate\/Unsplash.com<\/em><\/p>\n","protected":false},"excerpt":{"rendered":"<p>V Dimanche de P\u00e2ques  <\/p>\n","protected":false},"author":5,"featured_media":1682,"comment_status":"open","ping_status":"open","sticky":false,"template":"","format":"standard","meta":{"_acf_changed":false,"_exactmetrics_skip_tracking":false,"_exactmetrics_sitenote_active":false,"_exactmetrics_sitenote_note":"","_exactmetrics_sitenote_category":0,"footnotes":""},"categories":[4,13,14],"tags":[],"class_list":["post-1681","post","type-post","status-publish","format-standard","has-post-thumbnail","hentry","category-blog","category-strona-glowna-najnowsze","category-strona-glowna-slider"],"acf":[],"yoast_head":"<!-- This site is optimized with the Yoast SEO plugin v26.2 - https:\/\/yoast.com\/wordpress\/plugins\/seo\/ -->\n<title>Pierres vivantes qui constituent l\u2019\u00c9glise - Centre de Documentation et d\u2019Etude du Pontificat de Jean-Paul II \u00e0 Rome<\/title>\n<meta name=\"robots\" content=\"index, follow, max-snippet:-1, max-image-preview:large, max-video-preview:-1\" \/>\n<link rel=\"canonical\" href=\"https:\/\/jp2doc.pl\/fr\/2020\/05\/09\/pierres-vivantes-qui-constituent-leglise\/\" \/>\n<meta property=\"og:locale\" content=\"fr_FR\" \/>\n<meta property=\"og:type\" content=\"article\" \/>\n<meta property=\"og:title\" content=\"Pierres vivantes qui constituent l\u2019\u00c9glise - Centre de Documentation et d\u2019Etude du Pontificat de Jean-Paul II \u00e0 Rome\" \/>\n<meta property=\"og:description\" content=\"V Dimanche de P\u00e2ques\" \/>\n<meta property=\"og:url\" content=\"https:\/\/jp2doc.pl\/fr\/2020\/05\/09\/pierres-vivantes-qui-constituent-leglise\/\" \/>\n<meta property=\"og:site_name\" content=\"Centre de Documentation et d\u2019Etude du Pontificat de Jean-Paul II \u00e0 Rome\" \/>\n<meta property=\"article:published_time\" content=\"2020-05-09T15:32:06+00:00\" \/>\n<meta property=\"article:modified_time\" content=\"2020-05-09T15:32:07+00:00\" \/>\n<meta property=\"og:image\" content=\"https:\/\/jp2doc.pl\/fr\/wp-content\/uploads\/sites\/5\/2020\/05\/josh-applegate-g0WjhnQRTa8-unsplash.jpg\" \/>\n\t<meta property=\"og:image:width\" content=\"1450\" \/>\n\t<meta property=\"og:image:height\" content=\"967\" \/>\n\t<meta property=\"og:image:type\" content=\"image\/jpeg\" \/>\n<meta name=\"author\" content=\"juliasercanka\" \/>\n<meta name=\"twitter:card\" content=\"summary_large_image\" \/>\n<meta name=\"twitter:label1\" content=\"\u00c9crit par\" \/>\n\t<meta name=\"twitter:data1\" content=\"juliasercanka\" \/>\n\t<meta name=\"twitter:label2\" content=\"Dur\u00e9e de lecture estim\u00e9e\" \/>\n\t<meta name=\"twitter:data2\" content=\"5 minutes\" \/>\n<script type=\"application\/ld+json\" class=\"yoast-schema-graph\">{\"@context\":\"https:\/\/schema.org\",\"@graph\":[{\"@type\":\"Article\",\"@id\":\"https:\/\/jp2doc.pl\/fr\/2020\/05\/09\/pierres-vivantes-qui-constituent-leglise\/#article\",\"isPartOf\":{\"@id\":\"https:\/\/jp2doc.pl\/fr\/2020\/05\/09\/pierres-vivantes-qui-constituent-leglise\/\"},\"author\":{\"name\":\"juliasercanka\",\"@id\":\"https:\/\/jp2doc.pl\/fr\/#\/schema\/person\/6110109e80abb51f6fac4824777eabfe\"},\"headline\":\"Pierres vivantes qui constituent l\u2019\u00c9glise\",\"datePublished\":\"2020-05-09T15:32:06+00:00\",\"dateModified\":\"2020-05-09T15:32:07+00:00\",\"mainEntityOfPage\":{\"@id\":\"https:\/\/jp2doc.pl\/fr\/2020\/05\/09\/pierres-vivantes-qui-constituent-leglise\/\"},\"wordCount\":1029,\"commentCount\":0,\"publisher\":{\"@id\":\"https:\/\/jp2doc.pl\/fr\/#organization\"},\"image\":{\"@id\":\"https:\/\/jp2doc.pl\/fr\/2020\/05\/09\/pierres-vivantes-qui-constituent-leglise\/#primaryimage\"},\"thumbnailUrl\":\"https:\/\/jp2doc.pl\/fr\/wp-content\/uploads\/sites\/5\/2020\/05\/josh-applegate-g0WjhnQRTa8-unsplash.jpg\",\"articleSection\":[\"Blog\",\"Strona g\u0142\u00f3wna - najnowsze\",\"Strona g\u0142\u00f3wna - slider\"],\"inLanguage\":\"fr-FR\",\"potentialAction\":[{\"@type\":\"CommentAction\",\"name\":\"Comment\",\"target\":[\"https:\/\/jp2doc.pl\/fr\/2020\/05\/09\/pierres-vivantes-qui-constituent-leglise\/#respond\"]}]},{\"@type\":\"WebPage\",\"@id\":\"https:\/\/jp2doc.pl\/fr\/2020\/05\/09\/pierres-vivantes-qui-constituent-leglise\/\",\"url\":\"https:\/\/jp2doc.pl\/fr\/2020\/05\/09\/pierres-vivantes-qui-constituent-leglise\/\",\"name\":\"Pierres vivantes qui constituent l\u2019\u00c9glise - Centre de Documentation et d\u2019Etude du Pontificat de Jean-Paul II \u00e0 Rome\",\"isPartOf\":{\"@id\":\"https:\/\/jp2doc.pl\/fr\/#website\"},\"primaryImageOfPage\":{\"@id\":\"https:\/\/jp2doc.pl\/fr\/2020\/05\/09\/pierres-vivantes-qui-constituent-leglise\/#primaryimage\"},\"image\":{\"@id\":\"https:\/\/jp2doc.pl\/fr\/2020\/05\/09\/pierres-vivantes-qui-constituent-leglise\/#primaryimage\"},\"thumbnailUrl\":\"https:\/\/jp2doc.pl\/fr\/wp-content\/uploads\/sites\/5\/2020\/05\/josh-applegate-g0WjhnQRTa8-unsplash.jpg\",\"datePublished\":\"2020-05-09T15:32:06+00:00\",\"dateModified\":\"2020-05-09T15:32:07+00:00\",\"breadcrumb\":{\"@id\":\"https:\/\/jp2doc.pl\/fr\/2020\/05\/09\/pierres-vivantes-qui-constituent-leglise\/#breadcrumb\"},\"inLanguage\":\"fr-FR\",\"potentialAction\":[{\"@type\":\"ReadAction\",\"target\":[\"https:\/\/jp2doc.pl\/fr\/2020\/05\/09\/pierres-vivantes-qui-constituent-leglise\/\"]}]},{\"@type\":\"ImageObject\",\"inLanguage\":\"fr-FR\",\"@id\":\"https:\/\/jp2doc.pl\/fr\/2020\/05\/09\/pierres-vivantes-qui-constituent-leglise\/#primaryimage\",\"url\":\"https:\/\/jp2doc.pl\/fr\/wp-content\/uploads\/sites\/5\/2020\/05\/josh-applegate-g0WjhnQRTa8-unsplash.jpg\",\"contentUrl\":\"https:\/\/jp2doc.pl\/fr\/wp-content\/uploads\/sites\/5\/2020\/05\/josh-applegate-g0WjhnQRTa8-unsplash.jpg\",\"width\":1450,\"height\":967},{\"@type\":\"BreadcrumbList\",\"@id\":\"https:\/\/jp2doc.pl\/fr\/2020\/05\/09\/pierres-vivantes-qui-constituent-leglise\/#breadcrumb\",\"itemListElement\":[{\"@type\":\"ListItem\",\"position\":1,\"name\":\"Home\",\"item\":\"https:\/\/jp2doc.pl\/fr\/\"},{\"@type\":\"ListItem\",\"position\":2,\"name\":\"Pierres vivantes qui constituent l\u2019\u00c9glise\"}]},{\"@type\":\"WebSite\",\"@id\":\"https:\/\/jp2doc.pl\/fr\/#website\",\"url\":\"https:\/\/jp2doc.pl\/fr\/\",\"name\":\"Centre de Documentation et d\u2019Etude du Pontificat de Jean-Paul II \u00e0 Rome\",\"description\":\"\",\"publisher\":{\"@id\":\"https:\/\/jp2doc.pl\/fr\/#organization\"},\"potentialAction\":[{\"@type\":\"SearchAction\",\"target\":{\"@type\":\"EntryPoint\",\"urlTemplate\":\"https:\/\/jp2doc.pl\/fr\/?s={search_term_string}\"},\"query-input\":{\"@type\":\"PropertyValueSpecification\",\"valueRequired\":true,\"valueName\":\"search_term_string\"}}],\"inLanguage\":\"fr-FR\"},{\"@type\":\"Organization\",\"@id\":\"https:\/\/jp2doc.pl\/fr\/#organization\",\"name\":\"Centre de Documentation et d\u2019Etude du Pontificat de Jean-Paul II \u00e0 Rome\",\"url\":\"https:\/\/jp2doc.pl\/fr\/\",\"logo\":{\"@type\":\"ImageObject\",\"inLanguage\":\"fr-FR\",\"@id\":\"https:\/\/jp2doc.pl\/fr\/#\/schema\/logo\/image\/\",\"url\":\"https:\/\/jp2doc.pl\/fr\/wp-content\/uploads\/sites\/5\/2017\/03\/cropped-logo.png\",\"contentUrl\":\"https:\/\/jp2doc.pl\/fr\/wp-content\/uploads\/sites\/5\/2017\/03\/cropped-logo.png\",\"width\":115,\"height\":115,\"caption\":\"Centre de Documentation et d\u2019Etude du Pontificat de Jean-Paul II \u00e0 Rome\"},\"image\":{\"@id\":\"https:\/\/jp2doc.pl\/fr\/#\/schema\/logo\/image\/\"}},{\"@type\":\"Person\",\"@id\":\"https:\/\/jp2doc.pl\/fr\/#\/schema\/person\/6110109e80abb51f6fac4824777eabfe\",\"name\":\"juliasercanka\",\"image\":{\"@type\":\"ImageObject\",\"inLanguage\":\"fr-FR\",\"@id\":\"https:\/\/jp2doc.pl\/fr\/#\/schema\/person\/image\/\",\"url\":\"https:\/\/secure.gravatar.com\/avatar\/266a66e864556e22d55d61b6b10c97fab9060767b738564bcd109f3997e372bc?s=96&d=mm&r=g\",\"contentUrl\":\"https:\/\/secure.gravatar.com\/avatar\/266a66e864556e22d55d61b6b10c97fab9060767b738564bcd109f3997e372bc?s=96&d=mm&r=g\",\"caption\":\"juliasercanka\"},\"url\":\"https:\/\/jp2doc.pl\/fr\/author\/juliasercanka\/\"}]}<\/script>\n<!-- \/ Yoast SEO plugin. -->","yoast_head_json":{"title":"Pierres vivantes qui constituent l\u2019\u00c9glise - Centre de Documentation et d\u2019Etude du Pontificat de Jean-Paul II \u00e0 Rome","robots":{"index":"index","follow":"follow","max-snippet":"max-snippet:-1","max-image-preview":"max-image-preview:large","max-video-preview":"max-video-preview:-1"},"canonical":"https:\/\/jp2doc.pl\/fr\/2020\/05\/09\/pierres-vivantes-qui-constituent-leglise\/","og_locale":"fr_FR","og_type":"article","og_title":"Pierres vivantes qui constituent l\u2019\u00c9glise - Centre de Documentation et d\u2019Etude du Pontificat de Jean-Paul II \u00e0 Rome","og_description":"V Dimanche de P\u00e2ques","og_url":"https:\/\/jp2doc.pl\/fr\/2020\/05\/09\/pierres-vivantes-qui-constituent-leglise\/","og_site_name":"Centre de Documentation et d\u2019Etude du Pontificat de Jean-Paul II \u00e0 Rome","article_published_time":"2020-05-09T15:32:06+00:00","article_modified_time":"2020-05-09T15:32:07+00:00","og_image":[{"width":1450,"height":967,"url":"https:\/\/jp2doc.pl\/fr\/wp-content\/uploads\/sites\/5\/2020\/05\/josh-applegate-g0WjhnQRTa8-unsplash.jpg","type":"image\/jpeg"}],"author":"juliasercanka","twitter_card":"summary_large_image","twitter_misc":{"\u00c9crit par":"juliasercanka","Dur\u00e9e de lecture estim\u00e9e":"5 minutes"},"schema":{"@context":"https:\/\/schema.org","@graph":[{"@type":"Article","@id":"https:\/\/jp2doc.pl\/fr\/2020\/05\/09\/pierres-vivantes-qui-constituent-leglise\/#article","isPartOf":{"@id":"https:\/\/jp2doc.pl\/fr\/2020\/05\/09\/pierres-vivantes-qui-constituent-leglise\/"},"author":{"name":"juliasercanka","@id":"https:\/\/jp2doc.pl\/fr\/#\/schema\/person\/6110109e80abb51f6fac4824777eabfe"},"headline":"Pierres vivantes qui constituent l\u2019\u00c9glise","datePublished":"2020-05-09T15:32:06+00:00","dateModified":"2020-05-09T15:32:07+00:00","mainEntityOfPage":{"@id":"https:\/\/jp2doc.pl\/fr\/2020\/05\/09\/pierres-vivantes-qui-constituent-leglise\/"},"wordCount":1029,"commentCount":0,"publisher":{"@id":"https:\/\/jp2doc.pl\/fr\/#organization"},"image":{"@id":"https:\/\/jp2doc.pl\/fr\/2020\/05\/09\/pierres-vivantes-qui-constituent-leglise\/#primaryimage"},"thumbnailUrl":"https:\/\/jp2doc.pl\/fr\/wp-content\/uploads\/sites\/5\/2020\/05\/josh-applegate-g0WjhnQRTa8-unsplash.jpg","articleSection":["Blog","Strona g\u0142\u00f3wna - najnowsze","Strona g\u0142\u00f3wna - slider"],"inLanguage":"fr-FR","potentialAction":[{"@type":"CommentAction","name":"Comment","target":["https:\/\/jp2doc.pl\/fr\/2020\/05\/09\/pierres-vivantes-qui-constituent-leglise\/#respond"]}]},{"@type":"WebPage","@id":"https:\/\/jp2doc.pl\/fr\/2020\/05\/09\/pierres-vivantes-qui-constituent-leglise\/","url":"https:\/\/jp2doc.pl\/fr\/2020\/05\/09\/pierres-vivantes-qui-constituent-leglise\/","name":"Pierres vivantes qui constituent l\u2019\u00c9glise - Centre de Documentation et d\u2019Etude du Pontificat de Jean-Paul II \u00e0 Rome","isPartOf":{"@id":"https:\/\/jp2doc.pl\/fr\/#website"},"primaryImageOfPage":{"@id":"https:\/\/jp2doc.pl\/fr\/2020\/05\/09\/pierres-vivantes-qui-constituent-leglise\/#primaryimage"},"image":{"@id":"https:\/\/jp2doc.pl\/fr\/2020\/05\/09\/pierres-vivantes-qui-constituent-leglise\/#primaryimage"},"thumbnailUrl":"https:\/\/jp2doc.pl\/fr\/wp-content\/uploads\/sites\/5\/2020\/05\/josh-applegate-g0WjhnQRTa8-unsplash.jpg","datePublished":"2020-05-09T15:32:06+00:00","dateModified":"2020-05-09T15:32:07+00:00","breadcrumb":{"@id":"https:\/\/jp2doc.pl\/fr\/2020\/05\/09\/pierres-vivantes-qui-constituent-leglise\/#breadcrumb"},"inLanguage":"fr-FR","potentialAction":[{"@type":"ReadAction","target":["https:\/\/jp2doc.pl\/fr\/2020\/05\/09\/pierres-vivantes-qui-constituent-leglise\/"]}]},{"@type":"ImageObject","inLanguage":"fr-FR","@id":"https:\/\/jp2doc.pl\/fr\/2020\/05\/09\/pierres-vivantes-qui-constituent-leglise\/#primaryimage","url":"https:\/\/jp2doc.pl\/fr\/wp-content\/uploads\/sites\/5\/2020\/05\/josh-applegate-g0WjhnQRTa8-unsplash.jpg","contentUrl":"https:\/\/jp2doc.pl\/fr\/wp-content\/uploads\/sites\/5\/2020\/05\/josh-applegate-g0WjhnQRTa8-unsplash.jpg","width":1450,"height":967},{"@type":"BreadcrumbList","@id":"https:\/\/jp2doc.pl\/fr\/2020\/05\/09\/pierres-vivantes-qui-constituent-leglise\/#breadcrumb","itemListElement":[{"@type":"ListItem","position":1,"name":"Home","item":"https:\/\/jp2doc.pl\/fr\/"},{"@type":"ListItem","position":2,"name":"Pierres vivantes qui constituent l\u2019\u00c9glise"}]},{"@type":"WebSite","@id":"https:\/\/jp2doc.pl\/fr\/#website","url":"https:\/\/jp2doc.pl\/fr\/","name":"Centre de Documentation et d\u2019Etude du Pontificat de Jean-Paul II \u00e0 Rome","description":"","publisher":{"@id":"https:\/\/jp2doc.pl\/fr\/#organization"},"potentialAction":[{"@type":"SearchAction","target":{"@type":"EntryPoint","urlTemplate":"https:\/\/jp2doc.pl\/fr\/?s={search_term_string}"},"query-input":{"@type":"PropertyValueSpecification","valueRequired":true,"valueName":"search_term_string"}}],"inLanguage":"fr-FR"},{"@type":"Organization","@id":"https:\/\/jp2doc.pl\/fr\/#organization","name":"Centre de Documentation et d\u2019Etude du Pontificat de Jean-Paul II \u00e0 Rome","url":"https:\/\/jp2doc.pl\/fr\/","logo":{"@type":"ImageObject","inLanguage":"fr-FR","@id":"https:\/\/jp2doc.pl\/fr\/#\/schema\/logo\/image\/","url":"https:\/\/jp2doc.pl\/fr\/wp-content\/uploads\/sites\/5\/2017\/03\/cropped-logo.png","contentUrl":"https:\/\/jp2doc.pl\/fr\/wp-content\/uploads\/sites\/5\/2017\/03\/cropped-logo.png","width":115,"height":115,"caption":"Centre de Documentation et d\u2019Etude du Pontificat de Jean-Paul II \u00e0 Rome"},"image":{"@id":"https:\/\/jp2doc.pl\/fr\/#\/schema\/logo\/image\/"}},{"@type":"Person","@id":"https:\/\/jp2doc.pl\/fr\/#\/schema\/person\/6110109e80abb51f6fac4824777eabfe","name":"juliasercanka","image":{"@type":"ImageObject","inLanguage":"fr-FR","@id":"https:\/\/jp2doc.pl\/fr\/#\/schema\/person\/image\/","url":"https:\/\/secure.gravatar.com\/avatar\/266a66e864556e22d55d61b6b10c97fab9060767b738564bcd109f3997e372bc?s=96&d=mm&r=g","contentUrl":"https:\/\/secure.gravatar.com\/avatar\/266a66e864556e22d55d61b6b10c97fab9060767b738564bcd109f3997e372bc?s=96&d=mm&r=g","caption":"juliasercanka"},"url":"https:\/\/jp2doc.pl\/fr\/author\/juliasercanka\/"}]}},"_links":{"self":[{"href":"https:\/\/jp2doc.pl\/fr\/wp-json\/wp\/v2\/posts\/1681","targetHints":{"allow":["GET"]}}],"collection":[{"href":"https:\/\/jp2doc.pl\/fr\/wp-json\/wp\/v2\/posts"}],"about":[{"href":"https:\/\/jp2doc.pl\/fr\/wp-json\/wp\/v2\/types\/post"}],"author":[{"embeddable":true,"href":"https:\/\/jp2doc.pl\/fr\/wp-json\/wp\/v2\/users\/5"}],"replies":[{"embeddable":true,"href":"https:\/\/jp2doc.pl\/fr\/wp-json\/wp\/v2\/comments?post=1681"}],"version-history":[{"count":1,"href":"https:\/\/jp2doc.pl\/fr\/wp-json\/wp\/v2\/posts\/1681\/revisions"}],"predecessor-version":[{"id":1683,"href":"https:\/\/jp2doc.pl\/fr\/wp-json\/wp\/v2\/posts\/1681\/revisions\/1683"}],"wp:featuredmedia":[{"embeddable":true,"href":"https:\/\/jp2doc.pl\/fr\/wp-json\/wp\/v2\/media\/1682"}],"wp:attachment":[{"href":"https:\/\/jp2doc.pl\/fr\/wp-json\/wp\/v2\/media?parent=1681"}],"wp:term":[{"taxonomy":"category","embeddable":true,"href":"https:\/\/jp2doc.pl\/fr\/wp-json\/wp\/v2\/categories?post=1681"},{"taxonomy":"post_tag","embeddable":true,"href":"https:\/\/jp2doc.pl\/fr\/wp-json\/wp\/v2\/tags?post=1681"}],"curies":[{"name":"wp","href":"https:\/\/api.w.org\/{rel}","templated":true}]}}