{"id":1685,"date":"2020-05-16T21:28:04","date_gmt":"2020-05-16T19:28:04","guid":{"rendered":"https:\/\/jp2doc.pl\/fr\/?p=1685"},"modified":"2020-05-16T21:28:05","modified_gmt":"2020-05-16T19:28:05","slug":"davoir-plus-que-detre-plus","status":"publish","type":"post","link":"https:\/\/jp2doc.pl\/fr\/2020\/05\/16\/davoir-plus-que-detre-plus\/","title":{"rendered":"D\u2019avoir plus que d\u2019\u00eatre plus ?"},"content":{"rendered":"\n<p>Ac 8, 5-17&nbsp;; 1 P 3, 15-18&nbsp;;\nJn 14, 15-21&nbsp;&nbsp;&nbsp;&nbsp;&nbsp;&nbsp;&nbsp;&nbsp;&nbsp;&nbsp;&nbsp;&nbsp;&nbsp;&nbsp;&nbsp;&nbsp;&nbsp;&nbsp;&nbsp;&nbsp;&nbsp;&nbsp;&nbsp;&nbsp;&nbsp;&nbsp;&nbsp;&nbsp;&nbsp;&nbsp;&nbsp;&nbsp;&nbsp;&nbsp;&nbsp;&nbsp;&nbsp;&nbsp;&nbsp;&nbsp;&nbsp; <\/p>\n\n\n\n<p>Le\nsixi\u00e8me dimanche de P\u00e2ques est appel\u00e9 \u00ab&nbsp;dimanche de l\u2019expansion\nmissionnaire&nbsp;\u00bb. Et les lectures que nous avons entendues nous invitent \u00e0\nm\u00e9diter sur <strong>l\u2019amour<\/strong>.<\/p>\n\n\n\n<p>Qu\u2019est-ce\nque l\u2019amour&nbsp;? L\u2019amour est un \u00e9lan, une sortie de soi vers l\u2019autre. C\u2019est\naussi l\u2019accueil de l\u2019autre. En v\u00e9rit\u00e9, c\u2019est communier aux joies et aux peines\nde l\u2019autre.<\/p>\n\n\n\n<p>Les\nlectures nous parlent de l\u2019amour de Dieu et de l\u2019amour du prochain que les\ncroyants doivent cultiver en eux.<\/p>\n\n\n\n<p>*En\nquoi consiste l\u2019amour de Dieu&nbsp;? L\u2019amour de Dieu consiste dans l\u2019accueil de\nla parole de Dieu comme le firent les Samaritains, selon <strong>les Actes des Ap\u00f4tres<\/strong>. Et que nous demande la parole de Dieu&nbsp;?\n<strong>La premi\u00e8re lettre de saint Pierre<\/strong>\nr\u00e9pond&nbsp;: \u00ab&nbsp;Fr\u00e8res, c\u2019est le Seigneur, le Christ, que vous devez\nrespecter comme le seul saint&nbsp;\u00bb. Cela veut dire que nous devons nous\nattacher \u00e0 lui seul. C\u2019est avec lui que nous devons nous familiariser en\npremier lieu et au-dessus de tout. <\/p>\n\n\n\n<p>Dans\nnotre vie, la tentation est grande de tomber dans l\u2019idol\u00e2trie en rempla\u00e7ant le\nSeigneur, consciemment ou inconsciemment&nbsp;:<\/p>\n\n\n\n<p>&#8211; par\nune personne qui occupe toute notre pens\u00e9e au point d\u2019oublier que le Seigneur a\nbesoin d\u2019un espace en nous&nbsp;;<\/p>\n\n\n\n<p>&#8211; par\ndes choses, des biens mat\u00e9riels qui nous encombrent et que nous continuons \u00e0\nrechercher sans fin au point d\u2019oublier que les choses sont \u00e0 la disposition de\nl\u2019homme et non l\u2019homme \u00e0 la disposition des choses. On perd la ma\u00eetrise de soi,\non perd le sens des choses, on perd le go\u00fbt pour le recueillement, pour la\nprofondeur.<\/p>\n\n\n\n<p>Or\nle Christ est clair sur ce qu\u2019il attend de nous&nbsp;: de l\u2019aimer et de nous\nlaisser aimer par lui. Dans <strong>l\u2019\u00c9vangile\nde Jean<\/strong>, nous l\u2019avons bien entendu&nbsp;: \u00ab&nbsp;Celui qui a re\u00e7u mes\ncommandements et y reste fid\u00e8le, c\u2019est celui-l\u00e0 qui&nbsp; m\u2019aime&nbsp;; et celui m\u2019aime sera aim\u00e9 de\nmon p\u00e8re&nbsp;; moi aussi je l\u2019aimerai, et je me manifesterai \u00e0 lui&nbsp;\u00bb.<\/p>\n\n\n\n<p>D\u2019o\u00f9\nles questions pour nous&nbsp;: <em>est-ce que\nnous aimons vraiment le Christ. Quelle place, quel temps il occupe dans notre\nvie quotidienne&nbsp;? Ne nous arrive-t-il pas de l\u2019oublier&nbsp;?<\/em><\/p>\n\n\n\n<p>*En\nquoi consiste l\u2019amour du prochain&nbsp;? Il consiste d\u2019abord \u00e0 nous ouvrir aux\nautres, en tant que croyants avec douceur et respect comme le dit <strong>la lettre de Pierre<\/strong>. Un croyant qui est\nviolent ou irrespectueux ne certainement pas un bon t\u00e9moignage de la foi\nchr\u00e9tienne qui nous enseigne que tous les hommes sont cr\u00e9\u00e9s \u00e0 l\u2019image de Dieu.\nSi nous respectons Dieu, nous devons respecter tous les hommes.<\/p>\n\n\n\n<p>Et\nles questions pour nous&nbsp;: <em>est-ce que\nnous sommes doux et respectueux vis-\u00e0-vis des autres dans nos familles, aux\nlieux de travail, dans nos communaut\u00e9s, \u00e0 l\u2019\u00e9cole&nbsp;? Est-ce que ne nous\nplaisons-nous pas \u00e0 faire souffrir les autres ou \u00e0 voir les autres souffrir, se\nlamenter&nbsp;?<\/em><\/p>\n\n\n\n<p>L\u2019amour\ndu prochain consiste aussi dans le minist\u00e8re de la gu\u00e9rison. En approchant les\nautres, on leur apporte, au lieu des blessures, l\u2019assurance, la joie. <strong>Le livre des Actes des Ap\u00f4tres<\/strong> nous dit\nque dans la ville de Samarie, Philippe a d\u00e9livr\u00e9 les poss\u00e9d\u00e9s, a gu\u00e9ri les\nparalytiques et les infirmes, a donn\u00e9 une grande joie aux habitants. Dans notre\nSamarie, autour de nous, il ne manque pas des poss\u00e9d\u00e9s&nbsp;: des gens qui\ncherchent toujours des conflits, qui sont toujours au bord de l\u2019explosion, qui\ncherchent chaque fois \u00e0 diviser plut\u00f4t qu\u2019\u00e0 unir.<\/p>\n\n\n\n<p><em>Est-ce que notre pr\u00e9sence cr\u00e9e\nla diff\u00e9rence dans leur vie&nbsp;? Est-ce qu\u2019ils s\u2019am\u00e9liorent gr\u00e2ce \u00e0 notre\npropre t\u00e9moignage de foi, \u00e0 notre mani\u00e8re de vivre, de r\u00e9agir aux\n\u00e9v\u00e9nements&nbsp;? <\/em><\/p>\n\n\n\n<p>Dans\nnotre Samarie, autour de nous, il ne manque pas des paralys\u00e9s, des\ninfirmes&nbsp;: des gens qui ont peur sortir de leurs parcelles, voire de leurs\nmaisons, de gens qui ont peur de prendre la parole, des initiatives.<\/p>\n\n\n\n<p><em>Est-ce que notre pr\u00e9sence est\nun r\u00e9confort pour eux&nbsp;? Est-ce que nous les aidons \u00e0 retrouver la\nconfiance en eux-m\u00eames&nbsp;? Est-ce que nous apportons la joie l\u00e0 o\u00f9 nous\nsommes&nbsp;?<\/em><\/p>\n\n\n\n<p>Sans\ndoute que de nous-m\u00eames nous serons incapables d\u2019aimer Dieu et d\u2019aimer notre\nprochain comme il convient. J\u00e9sus nous donne l\u2019Esprit Saint, l\u2019esprit de v\u00e9rit\u00e9\npour nous aider, comme nous l\u2019avons entendu dans <strong>l\u2019\u00e9vangile de Jean<\/strong>. C\u2019est cet Esprit que Pierre et Jean ont\ncommuniqu\u00e9 aux Samaritains en leur imposant les mains. Nous l\u2019avons re\u00e7u par le\nbapt\u00eame et la confirmation&nbsp;; nous le recevons encore dans la pri\u00e8re.\nL\u2019amour du prochain doit prendre racine dans l\u2019amour dont J\u00e9sus a envers nous.\nCet amour qui change notre identit\u00e9 devant lui. Comme Il nous le disait encore\nhier dans l\u2019Evangile, par son amour envers nous, nous ne sommes seulement ses\ndisciples, moins encore les serviteurs, mais ses amis. Il nous demande de nous\naimer les uns les autres comme Il nous a aim\u00e9. Mais comment il nous a\naim\u00e9&nbsp;? Par la mort sur la croix. Ainsi, le vrai amour nous invite \u00e0 nous\nsacrifier pour le bien des autres, \u00e0 nous oublier pour sauver les autres.\nDemandons au Seigneur cette gr\u00e2ce de l\u2019aimer jusqu\u2019au bout et d\u2019aimer le\nprochain comme nous-m\u00eames.<\/p>\n\n\n\n<p><strong>P\u00e8re Jean Claude Ciza <\/strong><\/p>\n\n\n\n<p><em>Fot. Noorulabdeen Ahmad\/Unsplash.com<\/em><\/p>\n","protected":false},"excerpt":{"rendered":"<p>VI Dimanche de P\u00e2ques<\/p>\n","protected":false},"author":5,"featured_media":1686,"comment_status":"open","ping_status":"open","sticky":false,"template":"","format":"standard","meta":{"_acf_changed":false,"_exactmetrics_skip_tracking":false,"_exactmetrics_sitenote_active":false,"_exactmetrics_sitenote_note":"","_exactmetrics_sitenote_category":0,"footnotes":""},"categories":[4,13,14],"tags":[],"class_list":["post-1685","post","type-post","status-publish","format-standard","has-post-thumbnail","hentry","category-blog","category-strona-glowna-najnowsze","category-strona-glowna-slider"],"acf":[],"yoast_head":"<!-- This site is optimized with the Yoast SEO plugin v26.2 - https:\/\/yoast.com\/wordpress\/plugins\/seo\/ -->\n<title>D\u2019avoir plus que d\u2019\u00eatre plus ? - Centre de Documentation et d\u2019Etude du Pontificat de Jean-Paul II \u00e0 Rome<\/title>\n<meta name=\"robots\" content=\"index, follow, max-snippet:-1, max-image-preview:large, max-video-preview:-1\" \/>\n<link rel=\"canonical\" href=\"https:\/\/jp2doc.pl\/fr\/2020\/05\/16\/davoir-plus-que-detre-plus\/\" \/>\n<meta property=\"og:locale\" content=\"fr_FR\" \/>\n<meta property=\"og:type\" content=\"article\" \/>\n<meta property=\"og:title\" content=\"D\u2019avoir plus que d\u2019\u00eatre plus ? - Centre de Documentation et d\u2019Etude du Pontificat de Jean-Paul II \u00e0 Rome\" \/>\n<meta property=\"og:description\" content=\"VI Dimanche de P\u00e2ques\" \/>\n<meta property=\"og:url\" content=\"https:\/\/jp2doc.pl\/fr\/2020\/05\/16\/davoir-plus-que-detre-plus\/\" \/>\n<meta property=\"og:site_name\" content=\"Centre de Documentation et d\u2019Etude du Pontificat de Jean-Paul II \u00e0 Rome\" \/>\n<meta property=\"article:published_time\" content=\"2020-05-16T19:28:04+00:00\" \/>\n<meta property=\"article:modified_time\" content=\"2020-05-16T19:28:05+00:00\" \/>\n<meta property=\"og:image\" content=\"https:\/\/jp2doc.pl\/fr\/wp-content\/uploads\/sites\/5\/2020\/05\/noorulabdeen-ahmad-MW_2Osq-yIE-unsplash-1.jpg\" \/>\n\t<meta property=\"og:image:width\" content=\"1807\" \/>\n\t<meta property=\"og:image:height\" content=\"1291\" \/>\n\t<meta property=\"og:image:type\" content=\"image\/jpeg\" \/>\n<meta name=\"author\" content=\"juliasercanka\" \/>\n<meta name=\"twitter:card\" content=\"summary_large_image\" \/>\n<meta name=\"twitter:label1\" content=\"\u00c9crit par\" \/>\n\t<meta name=\"twitter:data1\" content=\"juliasercanka\" \/>\n\t<meta name=\"twitter:label2\" content=\"Dur\u00e9e de lecture estim\u00e9e\" \/>\n\t<meta name=\"twitter:data2\" content=\"5 minutes\" \/>\n<script type=\"application\/ld+json\" class=\"yoast-schema-graph\">{\"@context\":\"https:\/\/schema.org\",\"@graph\":[{\"@type\":\"Article\",\"@id\":\"https:\/\/jp2doc.pl\/fr\/2020\/05\/16\/davoir-plus-que-detre-plus\/#article\",\"isPartOf\":{\"@id\":\"https:\/\/jp2doc.pl\/fr\/2020\/05\/16\/davoir-plus-que-detre-plus\/\"},\"author\":{\"name\":\"juliasercanka\",\"@id\":\"https:\/\/jp2doc.pl\/fr\/#\/schema\/person\/6110109e80abb51f6fac4824777eabfe\"},\"headline\":\"D\u2019avoir plus que d\u2019\u00eatre plus ?\",\"datePublished\":\"2020-05-16T19:28:04+00:00\",\"dateModified\":\"2020-05-16T19:28:05+00:00\",\"mainEntityOfPage\":{\"@id\":\"https:\/\/jp2doc.pl\/fr\/2020\/05\/16\/davoir-plus-que-detre-plus\/\"},\"wordCount\":1019,\"commentCount\":0,\"publisher\":{\"@id\":\"https:\/\/jp2doc.pl\/fr\/#organization\"},\"image\":{\"@id\":\"https:\/\/jp2doc.pl\/fr\/2020\/05\/16\/davoir-plus-que-detre-plus\/#primaryimage\"},\"thumbnailUrl\":\"https:\/\/jp2doc.pl\/fr\/wp-content\/uploads\/sites\/5\/2020\/05\/noorulabdeen-ahmad-MW_2Osq-yIE-unsplash-1.jpg\",\"articleSection\":[\"Blog\",\"Strona g\u0142\u00f3wna - najnowsze\",\"Strona g\u0142\u00f3wna - slider\"],\"inLanguage\":\"fr-FR\",\"potentialAction\":[{\"@type\":\"CommentAction\",\"name\":\"Comment\",\"target\":[\"https:\/\/jp2doc.pl\/fr\/2020\/05\/16\/davoir-plus-que-detre-plus\/#respond\"]}]},{\"@type\":\"WebPage\",\"@id\":\"https:\/\/jp2doc.pl\/fr\/2020\/05\/16\/davoir-plus-que-detre-plus\/\",\"url\":\"https:\/\/jp2doc.pl\/fr\/2020\/05\/16\/davoir-plus-que-detre-plus\/\",\"name\":\"D\u2019avoir plus que d\u2019\u00eatre plus ? - Centre de Documentation et d\u2019Etude du Pontificat de Jean-Paul II \u00e0 Rome\",\"isPartOf\":{\"@id\":\"https:\/\/jp2doc.pl\/fr\/#website\"},\"primaryImageOfPage\":{\"@id\":\"https:\/\/jp2doc.pl\/fr\/2020\/05\/16\/davoir-plus-que-detre-plus\/#primaryimage\"},\"image\":{\"@id\":\"https:\/\/jp2doc.pl\/fr\/2020\/05\/16\/davoir-plus-que-detre-plus\/#primaryimage\"},\"thumbnailUrl\":\"https:\/\/jp2doc.pl\/fr\/wp-content\/uploads\/sites\/5\/2020\/05\/noorulabdeen-ahmad-MW_2Osq-yIE-unsplash-1.jpg\",\"datePublished\":\"2020-05-16T19:28:04+00:00\",\"dateModified\":\"2020-05-16T19:28:05+00:00\",\"breadcrumb\":{\"@id\":\"https:\/\/jp2doc.pl\/fr\/2020\/05\/16\/davoir-plus-que-detre-plus\/#breadcrumb\"},\"inLanguage\":\"fr-FR\",\"potentialAction\":[{\"@type\":\"ReadAction\",\"target\":[\"https:\/\/jp2doc.pl\/fr\/2020\/05\/16\/davoir-plus-que-detre-plus\/\"]}]},{\"@type\":\"ImageObject\",\"inLanguage\":\"fr-FR\",\"@id\":\"https:\/\/jp2doc.pl\/fr\/2020\/05\/16\/davoir-plus-que-detre-plus\/#primaryimage\",\"url\":\"https:\/\/jp2doc.pl\/fr\/wp-content\/uploads\/sites\/5\/2020\/05\/noorulabdeen-ahmad-MW_2Osq-yIE-unsplash-1.jpg\",\"contentUrl\":\"https:\/\/jp2doc.pl\/fr\/wp-content\/uploads\/sites\/5\/2020\/05\/noorulabdeen-ahmad-MW_2Osq-yIE-unsplash-1.jpg\",\"width\":1807,\"height\":1291},{\"@type\":\"BreadcrumbList\",\"@id\":\"https:\/\/jp2doc.pl\/fr\/2020\/05\/16\/davoir-plus-que-detre-plus\/#breadcrumb\",\"itemListElement\":[{\"@type\":\"ListItem\",\"position\":1,\"name\":\"Home\",\"item\":\"https:\/\/jp2doc.pl\/fr\/\"},{\"@type\":\"ListItem\",\"position\":2,\"name\":\"D\u2019avoir plus que d\u2019\u00eatre plus ?\"}]},{\"@type\":\"WebSite\",\"@id\":\"https:\/\/jp2doc.pl\/fr\/#website\",\"url\":\"https:\/\/jp2doc.pl\/fr\/\",\"name\":\"Centre de Documentation et d\u2019Etude du Pontificat de Jean-Paul II \u00e0 Rome\",\"description\":\"\",\"publisher\":{\"@id\":\"https:\/\/jp2doc.pl\/fr\/#organization\"},\"potentialAction\":[{\"@type\":\"SearchAction\",\"target\":{\"@type\":\"EntryPoint\",\"urlTemplate\":\"https:\/\/jp2doc.pl\/fr\/?s={search_term_string}\"},\"query-input\":{\"@type\":\"PropertyValueSpecification\",\"valueRequired\":true,\"valueName\":\"search_term_string\"}}],\"inLanguage\":\"fr-FR\"},{\"@type\":\"Organization\",\"@id\":\"https:\/\/jp2doc.pl\/fr\/#organization\",\"name\":\"Centre de Documentation et d\u2019Etude du Pontificat de Jean-Paul II \u00e0 Rome\",\"url\":\"https:\/\/jp2doc.pl\/fr\/\",\"logo\":{\"@type\":\"ImageObject\",\"inLanguage\":\"fr-FR\",\"@id\":\"https:\/\/jp2doc.pl\/fr\/#\/schema\/logo\/image\/\",\"url\":\"https:\/\/jp2doc.pl\/fr\/wp-content\/uploads\/sites\/5\/2017\/03\/cropped-logo.png\",\"contentUrl\":\"https:\/\/jp2doc.pl\/fr\/wp-content\/uploads\/sites\/5\/2017\/03\/cropped-logo.png\",\"width\":115,\"height\":115,\"caption\":\"Centre de Documentation et d\u2019Etude du Pontificat de Jean-Paul II \u00e0 Rome\"},\"image\":{\"@id\":\"https:\/\/jp2doc.pl\/fr\/#\/schema\/logo\/image\/\"}},{\"@type\":\"Person\",\"@id\":\"https:\/\/jp2doc.pl\/fr\/#\/schema\/person\/6110109e80abb51f6fac4824777eabfe\",\"name\":\"juliasercanka\",\"image\":{\"@type\":\"ImageObject\",\"inLanguage\":\"fr-FR\",\"@id\":\"https:\/\/jp2doc.pl\/fr\/#\/schema\/person\/image\/\",\"url\":\"https:\/\/secure.gravatar.com\/avatar\/266a66e864556e22d55d61b6b10c97fab9060767b738564bcd109f3997e372bc?s=96&d=mm&r=g\",\"contentUrl\":\"https:\/\/secure.gravatar.com\/avatar\/266a66e864556e22d55d61b6b10c97fab9060767b738564bcd109f3997e372bc?s=96&d=mm&r=g\",\"caption\":\"juliasercanka\"},\"url\":\"https:\/\/jp2doc.pl\/fr\/author\/juliasercanka\/\"}]}<\/script>\n<!-- \/ Yoast SEO plugin. -->","yoast_head_json":{"title":"D\u2019avoir plus que d\u2019\u00eatre plus ? - Centre de Documentation et d\u2019Etude du Pontificat de Jean-Paul II \u00e0 Rome","robots":{"index":"index","follow":"follow","max-snippet":"max-snippet:-1","max-image-preview":"max-image-preview:large","max-video-preview":"max-video-preview:-1"},"canonical":"https:\/\/jp2doc.pl\/fr\/2020\/05\/16\/davoir-plus-que-detre-plus\/","og_locale":"fr_FR","og_type":"article","og_title":"D\u2019avoir plus que d\u2019\u00eatre plus ? - Centre de Documentation et d\u2019Etude du Pontificat de Jean-Paul II \u00e0 Rome","og_description":"VI Dimanche de P\u00e2ques","og_url":"https:\/\/jp2doc.pl\/fr\/2020\/05\/16\/davoir-plus-que-detre-plus\/","og_site_name":"Centre de Documentation et d\u2019Etude du Pontificat de Jean-Paul II \u00e0 Rome","article_published_time":"2020-05-16T19:28:04+00:00","article_modified_time":"2020-05-16T19:28:05+00:00","og_image":[{"width":1807,"height":1291,"url":"https:\/\/jp2doc.pl\/fr\/wp-content\/uploads\/sites\/5\/2020\/05\/noorulabdeen-ahmad-MW_2Osq-yIE-unsplash-1.jpg","type":"image\/jpeg"}],"author":"juliasercanka","twitter_card":"summary_large_image","twitter_misc":{"\u00c9crit par":"juliasercanka","Dur\u00e9e de lecture estim\u00e9e":"5 minutes"},"schema":{"@context":"https:\/\/schema.org","@graph":[{"@type":"Article","@id":"https:\/\/jp2doc.pl\/fr\/2020\/05\/16\/davoir-plus-que-detre-plus\/#article","isPartOf":{"@id":"https:\/\/jp2doc.pl\/fr\/2020\/05\/16\/davoir-plus-que-detre-plus\/"},"author":{"name":"juliasercanka","@id":"https:\/\/jp2doc.pl\/fr\/#\/schema\/person\/6110109e80abb51f6fac4824777eabfe"},"headline":"D\u2019avoir plus que d\u2019\u00eatre plus ?","datePublished":"2020-05-16T19:28:04+00:00","dateModified":"2020-05-16T19:28:05+00:00","mainEntityOfPage":{"@id":"https:\/\/jp2doc.pl\/fr\/2020\/05\/16\/davoir-plus-que-detre-plus\/"},"wordCount":1019,"commentCount":0,"publisher":{"@id":"https:\/\/jp2doc.pl\/fr\/#organization"},"image":{"@id":"https:\/\/jp2doc.pl\/fr\/2020\/05\/16\/davoir-plus-que-detre-plus\/#primaryimage"},"thumbnailUrl":"https:\/\/jp2doc.pl\/fr\/wp-content\/uploads\/sites\/5\/2020\/05\/noorulabdeen-ahmad-MW_2Osq-yIE-unsplash-1.jpg","articleSection":["Blog","Strona g\u0142\u00f3wna - najnowsze","Strona g\u0142\u00f3wna - slider"],"inLanguage":"fr-FR","potentialAction":[{"@type":"CommentAction","name":"Comment","target":["https:\/\/jp2doc.pl\/fr\/2020\/05\/16\/davoir-plus-que-detre-plus\/#respond"]}]},{"@type":"WebPage","@id":"https:\/\/jp2doc.pl\/fr\/2020\/05\/16\/davoir-plus-que-detre-plus\/","url":"https:\/\/jp2doc.pl\/fr\/2020\/05\/16\/davoir-plus-que-detre-plus\/","name":"D\u2019avoir plus que d\u2019\u00eatre plus ? - Centre de Documentation et d\u2019Etude du Pontificat de Jean-Paul II \u00e0 Rome","isPartOf":{"@id":"https:\/\/jp2doc.pl\/fr\/#website"},"primaryImageOfPage":{"@id":"https:\/\/jp2doc.pl\/fr\/2020\/05\/16\/davoir-plus-que-detre-plus\/#primaryimage"},"image":{"@id":"https:\/\/jp2doc.pl\/fr\/2020\/05\/16\/davoir-plus-que-detre-plus\/#primaryimage"},"thumbnailUrl":"https:\/\/jp2doc.pl\/fr\/wp-content\/uploads\/sites\/5\/2020\/05\/noorulabdeen-ahmad-MW_2Osq-yIE-unsplash-1.jpg","datePublished":"2020-05-16T19:28:04+00:00","dateModified":"2020-05-16T19:28:05+00:00","breadcrumb":{"@id":"https:\/\/jp2doc.pl\/fr\/2020\/05\/16\/davoir-plus-que-detre-plus\/#breadcrumb"},"inLanguage":"fr-FR","potentialAction":[{"@type":"ReadAction","target":["https:\/\/jp2doc.pl\/fr\/2020\/05\/16\/davoir-plus-que-detre-plus\/"]}]},{"@type":"ImageObject","inLanguage":"fr-FR","@id":"https:\/\/jp2doc.pl\/fr\/2020\/05\/16\/davoir-plus-que-detre-plus\/#primaryimage","url":"https:\/\/jp2doc.pl\/fr\/wp-content\/uploads\/sites\/5\/2020\/05\/noorulabdeen-ahmad-MW_2Osq-yIE-unsplash-1.jpg","contentUrl":"https:\/\/jp2doc.pl\/fr\/wp-content\/uploads\/sites\/5\/2020\/05\/noorulabdeen-ahmad-MW_2Osq-yIE-unsplash-1.jpg","width":1807,"height":1291},{"@type":"BreadcrumbList","@id":"https:\/\/jp2doc.pl\/fr\/2020\/05\/16\/davoir-plus-que-detre-plus\/#breadcrumb","itemListElement":[{"@type":"ListItem","position":1,"name":"Home","item":"https:\/\/jp2doc.pl\/fr\/"},{"@type":"ListItem","position":2,"name":"D\u2019avoir plus que d\u2019\u00eatre plus ?"}]},{"@type":"WebSite","@id":"https:\/\/jp2doc.pl\/fr\/#website","url":"https:\/\/jp2doc.pl\/fr\/","name":"Centre de Documentation et d\u2019Etude du Pontificat de Jean-Paul II \u00e0 Rome","description":"","publisher":{"@id":"https:\/\/jp2doc.pl\/fr\/#organization"},"potentialAction":[{"@type":"SearchAction","target":{"@type":"EntryPoint","urlTemplate":"https:\/\/jp2doc.pl\/fr\/?s={search_term_string}"},"query-input":{"@type":"PropertyValueSpecification","valueRequired":true,"valueName":"search_term_string"}}],"inLanguage":"fr-FR"},{"@type":"Organization","@id":"https:\/\/jp2doc.pl\/fr\/#organization","name":"Centre de Documentation et d\u2019Etude du Pontificat de Jean-Paul II \u00e0 Rome","url":"https:\/\/jp2doc.pl\/fr\/","logo":{"@type":"ImageObject","inLanguage":"fr-FR","@id":"https:\/\/jp2doc.pl\/fr\/#\/schema\/logo\/image\/","url":"https:\/\/jp2doc.pl\/fr\/wp-content\/uploads\/sites\/5\/2017\/03\/cropped-logo.png","contentUrl":"https:\/\/jp2doc.pl\/fr\/wp-content\/uploads\/sites\/5\/2017\/03\/cropped-logo.png","width":115,"height":115,"caption":"Centre de Documentation et d\u2019Etude du Pontificat de Jean-Paul II \u00e0 Rome"},"image":{"@id":"https:\/\/jp2doc.pl\/fr\/#\/schema\/logo\/image\/"}},{"@type":"Person","@id":"https:\/\/jp2doc.pl\/fr\/#\/schema\/person\/6110109e80abb51f6fac4824777eabfe","name":"juliasercanka","image":{"@type":"ImageObject","inLanguage":"fr-FR","@id":"https:\/\/jp2doc.pl\/fr\/#\/schema\/person\/image\/","url":"https:\/\/secure.gravatar.com\/avatar\/266a66e864556e22d55d61b6b10c97fab9060767b738564bcd109f3997e372bc?s=96&d=mm&r=g","contentUrl":"https:\/\/secure.gravatar.com\/avatar\/266a66e864556e22d55d61b6b10c97fab9060767b738564bcd109f3997e372bc?s=96&d=mm&r=g","caption":"juliasercanka"},"url":"https:\/\/jp2doc.pl\/fr\/author\/juliasercanka\/"}]}},"_links":{"self":[{"href":"https:\/\/jp2doc.pl\/fr\/wp-json\/wp\/v2\/posts\/1685","targetHints":{"allow":["GET"]}}],"collection":[{"href":"https:\/\/jp2doc.pl\/fr\/wp-json\/wp\/v2\/posts"}],"about":[{"href":"https:\/\/jp2doc.pl\/fr\/wp-json\/wp\/v2\/types\/post"}],"author":[{"embeddable":true,"href":"https:\/\/jp2doc.pl\/fr\/wp-json\/wp\/v2\/users\/5"}],"replies":[{"embeddable":true,"href":"https:\/\/jp2doc.pl\/fr\/wp-json\/wp\/v2\/comments?post=1685"}],"version-history":[{"count":1,"href":"https:\/\/jp2doc.pl\/fr\/wp-json\/wp\/v2\/posts\/1685\/revisions"}],"predecessor-version":[{"id":1687,"href":"https:\/\/jp2doc.pl\/fr\/wp-json\/wp\/v2\/posts\/1685\/revisions\/1687"}],"wp:featuredmedia":[{"embeddable":true,"href":"https:\/\/jp2doc.pl\/fr\/wp-json\/wp\/v2\/media\/1686"}],"wp:attachment":[{"href":"https:\/\/jp2doc.pl\/fr\/wp-json\/wp\/v2\/media?parent=1685"}],"wp:term":[{"taxonomy":"category","embeddable":true,"href":"https:\/\/jp2doc.pl\/fr\/wp-json\/wp\/v2\/categories?post=1685"},{"taxonomy":"post_tag","embeddable":true,"href":"https:\/\/jp2doc.pl\/fr\/wp-json\/wp\/v2\/tags?post=1685"}],"curies":[{"name":"wp","href":"https:\/\/api.w.org\/{rel}","templated":true}]}}