{"id":1700,"date":"2020-05-30T22:55:58","date_gmt":"2020-05-30T20:55:58","guid":{"rendered":"https:\/\/jp2doc.pl\/fr\/?p=1700"},"modified":"2020-05-30T22:55:59","modified_gmt":"2020-05-30T20:55:59","slug":"lesprit-saint-nous-change","status":"publish","type":"post","link":"https:\/\/jp2doc.pl\/fr\/2020\/05\/30\/lesprit-saint-nous-change\/","title":{"rendered":"L\u2019Esprit Saint nous change"},"content":{"rendered":"\n<p><\/p>\n\n\n\n<p><\/p>\n\n\n\n<p>Ac 2, 1-11&nbsp;; 1\nCor 12, 3-13&nbsp;; Jn 20, 19-23&nbsp;&nbsp;&nbsp;&nbsp;&nbsp;&nbsp;&nbsp;&nbsp;&nbsp;&nbsp;&nbsp;&nbsp;&nbsp;&nbsp;&nbsp;&nbsp;&nbsp;&nbsp;&nbsp;&nbsp;&nbsp;&nbsp;&nbsp;&nbsp;&nbsp;&nbsp;&nbsp;&nbsp;&nbsp;&nbsp;&nbsp;&nbsp;&nbsp;&nbsp;&nbsp;&nbsp;&nbsp;&nbsp;&nbsp;&nbsp;&nbsp; <\/p>\n\n\n\n<p>En ce dimanche de\nla Pentec\u00f4te, de la venue de l\u2019Esprit Saint qui cl\u00f4ture le temps pascal, les\nlectures nous invitent \u00e0 m\u00e9diter sur <strong>le\nth\u00e8me de l\u2019unit\u00e9<\/strong>.<\/p>\n\n\n\n<p>Dans les Actes des\nAp\u00f4tres, nous avons entendu que \u00ab&nbsp;Quand arriva la Pentec\u00f4te, les fr\u00e8res se\ntrouvaient r\u00e9unis ensemble&nbsp;\u00bb. Si dans l\u2019\u00e9vangile, saint Jean parle des\n\u00ab&nbsp;disciples&nbsp;\u00bb, saint Luc pr\u00e9f\u00e8re l\u2019expression \u00ab&nbsp;fr\u00e8res&nbsp;\u00bb\npour souligner sans doute cette dimension d\u2019unit\u00e9, d\u2019harmonie, d\u2019accord qui\ndoit r\u00e9gner entre les fils de Dieu, entre les coh\u00e9ritiers du Seigneur.<\/p>\n\n\n\n<p>Saint Paul dans sa\nlettre aux Corinthiens parle bien de cette unit\u00e9 qui doit exister entre les\ncroyants, en faisant appel \u00e0 des images dont celle du corps qui forme un tout\nbien qu\u2019ayant plusieurs membres.<\/p>\n\n\n\n<p>Il semble \u00e9vident\nque la donation de l\u2019Esprit Saint est le fruit de l\u2019unit\u00e9&nbsp;: \u00ab&nbsp;Les\nfr\u00e8res se trouvaient r\u00e9unis tous ensemble&nbsp;\u00bb, dit la premi\u00e8re lecture. Cela\nveut dire qu\u2019il n\u2019y avait pas de repli sur soi pour chacun d\u2019eux.<\/p>\n\n\n\n<p>M\u00eame dans\nl\u2019\u00e9vangile, J\u00e9sus donne l\u2019Esprit Saint \u00e0 ses disciples apr\u00e8s s\u2019\u00eatre assur\u00e9,\nrassur\u00e9 qu\u2019ils ont la paix en eux-m\u00eames, qu\u2019ils sont r\u00e9concili\u00e9s en eux-m\u00eames\net entre eux.<\/p>\n\n\n\n<p>D\u2019o\u00f9 les questions\nsuivantes&nbsp;pour nous : <em>est-ce que\nnous sommes des artisans d\u2019unit\u00e9, de paix dans nos familles, nos communaut\u00e9s,\nnos lieux de travail, notre quartier&nbsp;? Ou plut\u00f4t nous plaisons-nous \u00e0\nsemer la division, \u00e0 faire na\u00eetre des frictions entre les gens&nbsp;? Est-ce\nque nous sommes des familles, des communaut\u00e9s unies&nbsp;?<\/em><\/p>\n\n\n\n<p>Etre uni n\u2019est pas\nsynonyme d\u2019uniformit\u00e9, qui ne serait qu\u2019une forme de m\u00e9diocrit\u00e9. Saint Paul\nnous enseigne que \u00ab&nbsp;les dons de la gr\u00e2ce sont vari\u00e9s&nbsp;\u00bb, que\n\u00ab&nbsp;les fonctions dans l\u2019Eglise sont vari\u00e9es&nbsp;\u00bb, que \u00ab&nbsp;les\nactivit\u00e9s sont vari\u00e9es&nbsp;\u00bb, mais il s\u2019empresse de souligner que \u00ab&nbsp;c\u2019est\ntoujours le m\u00eame Esprit&nbsp;\u00bb qui nous inspire, que \u00ab&nbsp;c\u2019est toujours le\nm\u00eame Seigneur&nbsp;\u00bb qui nous guide, que \u00ab&nbsp;c\u2019est partout le m\u00eame Dieu qui\nagit en tous&nbsp;\u00bb. il n\u2019y a qu\u2019un seul Seigneur et un seul Esprit.<\/p>\n\n\n\n<p>Nous ne devons donc\npas renier nos diff\u00e9rences ou \u00e9touffer nos talents et qualit\u00e9s personnels,\nm\u00e9priser les succ\u00e8s des autres. Au contraire, nous devons les laisser\ns\u2019\u00e9manciper, nous devons chercher les moyens de les voir s\u2019\u00e9panouir, pourvu que\nnous gardions en m\u00e9moire le rappel que saint Paul fait aux Corinthiens, \u00e0\nsavoir&nbsp;: \u00ab&nbsp;Chacun re\u00e7oit le don de manifester l\u2019Esprit en vue du bien\nde tous&nbsp;\u00bb.<\/p>\n\n\n\n<p>Ce rappel de saint\nPaul aux Corinthiens est<\/p>\n\n\n\n<p>1\u00b0 <strong>un correctif contre l\u2019\u00e9go\u00efsme<\/strong> qui\n\u00e9loigne les autres, qui nous fait oublier que nous appartenons \u00e0 une famille,\nqui paralyse ceux qui s\u2019approchent de nous&nbsp;;<\/p>\n\n\n\n<p>2\u00b0 <strong>un correctif contre la peur<\/strong> qui nous\nparalyse en nous plongeant dans la nuit. L\u2019\u00e9vangile dit&nbsp;: \u00ab&nbsp;Le soir\nde P\u00e2ques, les disciples avaient verrouill\u00e9 les portes du lieu o\u00f9 ils \u00e9taient,\ncar ils avaient peur des Juifs&nbsp;\u00bb. C\u2019est cette peur qui nous fait croire\nque nous sommes diff\u00e9rents, tout le monde va nous en vouloir. \u00c7a bloque le\nprogr\u00e8s, la croissance de soi.<\/p>\n\n\n\n<p>D\u2019ici l\u2019on\nentrevoit l\u2019importance de la pr\u00e9sence de l\u2019Esprit Saint dans la vie des\ncroyants, dans les croyants&nbsp;:<\/p>\n\n\n\n<p>1\u00b0 <strong>Il nous change<\/strong>&nbsp;: c\u2019est un vent\nviolent qui vient du ciel. Donc il est vie. Il chasse en nous les feuilles\nmortes qui nous encombrent, qui nous rendent m\u00e9connaissables&nbsp;: les\nmauvaises habitudes que nous accumulons.<\/p>\n\n\n\n<p>2\u00b0 <strong>Il nous rend mall\u00e9ables<\/strong>&nbsp;: c\u2019est un\nfeu qui liqu\u00e9fie en nous des talents devenus tellement solides qu\u2019ils ne\nservent plus \u00e0 rien. Liqu\u00e9fi\u00e9s, ils peuvent prendre de nouvelles formes.<\/p>\n\n\n\n<p>3\u00b0 <strong>Il nous rend universels<\/strong>&nbsp;: parler\nen d\u2019autres langues signifie sortir de son petit univers, s\u2019ouvrir aux autres,\nvers les autres pour reconna\u00eetre en chaque homme un fils de Dieu.<\/p>\n\n\n\n<p>4\u00b0 <strong>Il nous rend responsables devant Dieu<\/strong>&nbsp;:\nsi nous pardonnons les gens, nous enlevons d\u2019eux un lourd fardeau&nbsp;: le\np\u00e9ch\u00e9. Mais si nous ne pardonnons pas, le fardeau leur reste attach\u00e9. Ne\ndevons-nous donc pas pardonner comme nous l\u2019exhorte la pri\u00e8re du \u00ab&nbsp;Notre\nP\u00e8re&nbsp;\u00bb&nbsp;? Implorons la pr\u00e9sence de l\u2019Esprit Saint dans notre vie, sur\nnos proches et sur le monde&nbsp; pour\ntoujours.<\/p>\n\n\n\n<p><strong>P\u00e9re Jean Claude Ciza<\/strong><\/p>\n","protected":false},"excerpt":{"rendered":"<p>Dimanche de la Pentec\u00f4te  <\/p>\n","protected":false},"author":5,"featured_media":1701,"comment_status":"open","ping_status":"open","sticky":false,"template":"","format":"standard","meta":{"_acf_changed":false,"_exactmetrics_skip_tracking":false,"_exactmetrics_sitenote_active":false,"_exactmetrics_sitenote_note":"","_exactmetrics_sitenote_category":0,"footnotes":""},"categories":[4,13,14],"tags":[],"class_list":["post-1700","post","type-post","status-publish","format-standard","has-post-thumbnail","hentry","category-blog","category-strona-glowna-najnowsze","category-strona-glowna-slider"],"acf":[],"yoast_head":"<!-- This site is optimized with the Yoast SEO plugin v26.2 - https:\/\/yoast.com\/wordpress\/plugins\/seo\/ -->\n<title>L\u2019Esprit Saint nous change - Centre de Documentation et d\u2019Etude du Pontificat de Jean-Paul II \u00e0 Rome<\/title>\n<meta name=\"robots\" content=\"index, follow, max-snippet:-1, max-image-preview:large, max-video-preview:-1\" \/>\n<link rel=\"canonical\" href=\"https:\/\/jp2doc.pl\/fr\/2020\/05\/30\/lesprit-saint-nous-change\/\" \/>\n<meta property=\"og:locale\" content=\"fr_FR\" \/>\n<meta property=\"og:type\" content=\"article\" \/>\n<meta property=\"og:title\" content=\"L\u2019Esprit Saint nous change - Centre de Documentation et d\u2019Etude du Pontificat de Jean-Paul II \u00e0 Rome\" \/>\n<meta property=\"og:description\" content=\"Dimanche de la Pentec\u00f4te\" \/>\n<meta property=\"og:url\" content=\"https:\/\/jp2doc.pl\/fr\/2020\/05\/30\/lesprit-saint-nous-change\/\" \/>\n<meta property=\"og:site_name\" content=\"Centre de Documentation et d\u2019Etude du Pontificat de Jean-Paul II \u00e0 Rome\" \/>\n<meta property=\"article:published_time\" content=\"2020-05-30T20:55:58+00:00\" \/>\n<meta property=\"article:modified_time\" content=\"2020-05-30T20:55:59+00:00\" \/>\n<meta property=\"og:image\" content=\"https:\/\/jp2doc.pl\/fr\/wp-content\/uploads\/sites\/5\/2020\/05\/m.1.jpg\" \/>\n\t<meta property=\"og:image:width\" content=\"1521\" \/>\n\t<meta property=\"og:image:height\" content=\"949\" \/>\n\t<meta property=\"og:image:type\" content=\"image\/jpeg\" \/>\n<meta name=\"author\" content=\"juliasercanka\" \/>\n<meta name=\"twitter:card\" content=\"summary_large_image\" \/>\n<meta name=\"twitter:label1\" content=\"\u00c9crit par\" \/>\n\t<meta name=\"twitter:data1\" content=\"juliasercanka\" \/>\n\t<meta name=\"twitter:label2\" content=\"Dur\u00e9e de lecture estim\u00e9e\" \/>\n\t<meta name=\"twitter:data2\" content=\"4 minutes\" \/>\n<script type=\"application\/ld+json\" class=\"yoast-schema-graph\">{\"@context\":\"https:\/\/schema.org\",\"@graph\":[{\"@type\":\"Article\",\"@id\":\"https:\/\/jp2doc.pl\/fr\/2020\/05\/30\/lesprit-saint-nous-change\/#article\",\"isPartOf\":{\"@id\":\"https:\/\/jp2doc.pl\/fr\/2020\/05\/30\/lesprit-saint-nous-change\/\"},\"author\":{\"name\":\"juliasercanka\",\"@id\":\"https:\/\/jp2doc.pl\/fr\/#\/schema\/person\/6110109e80abb51f6fac4824777eabfe\"},\"headline\":\"L\u2019Esprit Saint nous change\",\"datePublished\":\"2020-05-30T20:55:58+00:00\",\"dateModified\":\"2020-05-30T20:55:59+00:00\",\"mainEntityOfPage\":{\"@id\":\"https:\/\/jp2doc.pl\/fr\/2020\/05\/30\/lesprit-saint-nous-change\/\"},\"wordCount\":849,\"commentCount\":0,\"publisher\":{\"@id\":\"https:\/\/jp2doc.pl\/fr\/#organization\"},\"image\":{\"@id\":\"https:\/\/jp2doc.pl\/fr\/2020\/05\/30\/lesprit-saint-nous-change\/#primaryimage\"},\"thumbnailUrl\":\"https:\/\/jp2doc.pl\/fr\/wp-content\/uploads\/sites\/5\/2020\/05\/m.1.jpg\",\"articleSection\":[\"Blog\",\"Strona g\u0142\u00f3wna - najnowsze\",\"Strona g\u0142\u00f3wna - slider\"],\"inLanguage\":\"fr-FR\",\"potentialAction\":[{\"@type\":\"CommentAction\",\"name\":\"Comment\",\"target\":[\"https:\/\/jp2doc.pl\/fr\/2020\/05\/30\/lesprit-saint-nous-change\/#respond\"]}]},{\"@type\":\"WebPage\",\"@id\":\"https:\/\/jp2doc.pl\/fr\/2020\/05\/30\/lesprit-saint-nous-change\/\",\"url\":\"https:\/\/jp2doc.pl\/fr\/2020\/05\/30\/lesprit-saint-nous-change\/\",\"name\":\"L\u2019Esprit Saint nous change - Centre de Documentation et d\u2019Etude du Pontificat de Jean-Paul II \u00e0 Rome\",\"isPartOf\":{\"@id\":\"https:\/\/jp2doc.pl\/fr\/#website\"},\"primaryImageOfPage\":{\"@id\":\"https:\/\/jp2doc.pl\/fr\/2020\/05\/30\/lesprit-saint-nous-change\/#primaryimage\"},\"image\":{\"@id\":\"https:\/\/jp2doc.pl\/fr\/2020\/05\/30\/lesprit-saint-nous-change\/#primaryimage\"},\"thumbnailUrl\":\"https:\/\/jp2doc.pl\/fr\/wp-content\/uploads\/sites\/5\/2020\/05\/m.1.jpg\",\"datePublished\":\"2020-05-30T20:55:58+00:00\",\"dateModified\":\"2020-05-30T20:55:59+00:00\",\"breadcrumb\":{\"@id\":\"https:\/\/jp2doc.pl\/fr\/2020\/05\/30\/lesprit-saint-nous-change\/#breadcrumb\"},\"inLanguage\":\"fr-FR\",\"potentialAction\":[{\"@type\":\"ReadAction\",\"target\":[\"https:\/\/jp2doc.pl\/fr\/2020\/05\/30\/lesprit-saint-nous-change\/\"]}]},{\"@type\":\"ImageObject\",\"inLanguage\":\"fr-FR\",\"@id\":\"https:\/\/jp2doc.pl\/fr\/2020\/05\/30\/lesprit-saint-nous-change\/#primaryimage\",\"url\":\"https:\/\/jp2doc.pl\/fr\/wp-content\/uploads\/sites\/5\/2020\/05\/m.1.jpg\",\"contentUrl\":\"https:\/\/jp2doc.pl\/fr\/wp-content\/uploads\/sites\/5\/2020\/05\/m.1.jpg\",\"width\":1521,\"height\":949},{\"@type\":\"BreadcrumbList\",\"@id\":\"https:\/\/jp2doc.pl\/fr\/2020\/05\/30\/lesprit-saint-nous-change\/#breadcrumb\",\"itemListElement\":[{\"@type\":\"ListItem\",\"position\":1,\"name\":\"Home\",\"item\":\"https:\/\/jp2doc.pl\/fr\/\"},{\"@type\":\"ListItem\",\"position\":2,\"name\":\"L\u2019Esprit Saint nous change\"}]},{\"@type\":\"WebSite\",\"@id\":\"https:\/\/jp2doc.pl\/fr\/#website\",\"url\":\"https:\/\/jp2doc.pl\/fr\/\",\"name\":\"Centre de Documentation et d\u2019Etude du Pontificat de Jean-Paul II \u00e0 Rome\",\"description\":\"\",\"publisher\":{\"@id\":\"https:\/\/jp2doc.pl\/fr\/#organization\"},\"potentialAction\":[{\"@type\":\"SearchAction\",\"target\":{\"@type\":\"EntryPoint\",\"urlTemplate\":\"https:\/\/jp2doc.pl\/fr\/?s={search_term_string}\"},\"query-input\":{\"@type\":\"PropertyValueSpecification\",\"valueRequired\":true,\"valueName\":\"search_term_string\"}}],\"inLanguage\":\"fr-FR\"},{\"@type\":\"Organization\",\"@id\":\"https:\/\/jp2doc.pl\/fr\/#organization\",\"name\":\"Centre de Documentation et d\u2019Etude du Pontificat de Jean-Paul II \u00e0 Rome\",\"url\":\"https:\/\/jp2doc.pl\/fr\/\",\"logo\":{\"@type\":\"ImageObject\",\"inLanguage\":\"fr-FR\",\"@id\":\"https:\/\/jp2doc.pl\/fr\/#\/schema\/logo\/image\/\",\"url\":\"https:\/\/jp2doc.pl\/fr\/wp-content\/uploads\/sites\/5\/2017\/03\/cropped-logo.png\",\"contentUrl\":\"https:\/\/jp2doc.pl\/fr\/wp-content\/uploads\/sites\/5\/2017\/03\/cropped-logo.png\",\"width\":115,\"height\":115,\"caption\":\"Centre de Documentation et d\u2019Etude du Pontificat de Jean-Paul II \u00e0 Rome\"},\"image\":{\"@id\":\"https:\/\/jp2doc.pl\/fr\/#\/schema\/logo\/image\/\"}},{\"@type\":\"Person\",\"@id\":\"https:\/\/jp2doc.pl\/fr\/#\/schema\/person\/6110109e80abb51f6fac4824777eabfe\",\"name\":\"juliasercanka\",\"image\":{\"@type\":\"ImageObject\",\"inLanguage\":\"fr-FR\",\"@id\":\"https:\/\/jp2doc.pl\/fr\/#\/schema\/person\/image\/\",\"url\":\"https:\/\/secure.gravatar.com\/avatar\/266a66e864556e22d55d61b6b10c97fab9060767b738564bcd109f3997e372bc?s=96&d=mm&r=g\",\"contentUrl\":\"https:\/\/secure.gravatar.com\/avatar\/266a66e864556e22d55d61b6b10c97fab9060767b738564bcd109f3997e372bc?s=96&d=mm&r=g\",\"caption\":\"juliasercanka\"},\"url\":\"https:\/\/jp2doc.pl\/fr\/author\/juliasercanka\/\"}]}<\/script>\n<!-- \/ Yoast SEO plugin. -->","yoast_head_json":{"title":"L\u2019Esprit Saint nous change - Centre de Documentation et d\u2019Etude du Pontificat de Jean-Paul II \u00e0 Rome","robots":{"index":"index","follow":"follow","max-snippet":"max-snippet:-1","max-image-preview":"max-image-preview:large","max-video-preview":"max-video-preview:-1"},"canonical":"https:\/\/jp2doc.pl\/fr\/2020\/05\/30\/lesprit-saint-nous-change\/","og_locale":"fr_FR","og_type":"article","og_title":"L\u2019Esprit Saint nous change - Centre de Documentation et d\u2019Etude du Pontificat de Jean-Paul II \u00e0 Rome","og_description":"Dimanche de la Pentec\u00f4te","og_url":"https:\/\/jp2doc.pl\/fr\/2020\/05\/30\/lesprit-saint-nous-change\/","og_site_name":"Centre de Documentation et d\u2019Etude du Pontificat de Jean-Paul II \u00e0 Rome","article_published_time":"2020-05-30T20:55:58+00:00","article_modified_time":"2020-05-30T20:55:59+00:00","og_image":[{"width":1521,"height":949,"url":"https:\/\/jp2doc.pl\/fr\/wp-content\/uploads\/sites\/5\/2020\/05\/m.1.jpg","type":"image\/jpeg"}],"author":"juliasercanka","twitter_card":"summary_large_image","twitter_misc":{"\u00c9crit par":"juliasercanka","Dur\u00e9e de lecture estim\u00e9e":"4 minutes"},"schema":{"@context":"https:\/\/schema.org","@graph":[{"@type":"Article","@id":"https:\/\/jp2doc.pl\/fr\/2020\/05\/30\/lesprit-saint-nous-change\/#article","isPartOf":{"@id":"https:\/\/jp2doc.pl\/fr\/2020\/05\/30\/lesprit-saint-nous-change\/"},"author":{"name":"juliasercanka","@id":"https:\/\/jp2doc.pl\/fr\/#\/schema\/person\/6110109e80abb51f6fac4824777eabfe"},"headline":"L\u2019Esprit Saint nous change","datePublished":"2020-05-30T20:55:58+00:00","dateModified":"2020-05-30T20:55:59+00:00","mainEntityOfPage":{"@id":"https:\/\/jp2doc.pl\/fr\/2020\/05\/30\/lesprit-saint-nous-change\/"},"wordCount":849,"commentCount":0,"publisher":{"@id":"https:\/\/jp2doc.pl\/fr\/#organization"},"image":{"@id":"https:\/\/jp2doc.pl\/fr\/2020\/05\/30\/lesprit-saint-nous-change\/#primaryimage"},"thumbnailUrl":"https:\/\/jp2doc.pl\/fr\/wp-content\/uploads\/sites\/5\/2020\/05\/m.1.jpg","articleSection":["Blog","Strona g\u0142\u00f3wna - najnowsze","Strona g\u0142\u00f3wna - slider"],"inLanguage":"fr-FR","potentialAction":[{"@type":"CommentAction","name":"Comment","target":["https:\/\/jp2doc.pl\/fr\/2020\/05\/30\/lesprit-saint-nous-change\/#respond"]}]},{"@type":"WebPage","@id":"https:\/\/jp2doc.pl\/fr\/2020\/05\/30\/lesprit-saint-nous-change\/","url":"https:\/\/jp2doc.pl\/fr\/2020\/05\/30\/lesprit-saint-nous-change\/","name":"L\u2019Esprit Saint nous change - Centre de Documentation et d\u2019Etude du Pontificat de Jean-Paul II \u00e0 Rome","isPartOf":{"@id":"https:\/\/jp2doc.pl\/fr\/#website"},"primaryImageOfPage":{"@id":"https:\/\/jp2doc.pl\/fr\/2020\/05\/30\/lesprit-saint-nous-change\/#primaryimage"},"image":{"@id":"https:\/\/jp2doc.pl\/fr\/2020\/05\/30\/lesprit-saint-nous-change\/#primaryimage"},"thumbnailUrl":"https:\/\/jp2doc.pl\/fr\/wp-content\/uploads\/sites\/5\/2020\/05\/m.1.jpg","datePublished":"2020-05-30T20:55:58+00:00","dateModified":"2020-05-30T20:55:59+00:00","breadcrumb":{"@id":"https:\/\/jp2doc.pl\/fr\/2020\/05\/30\/lesprit-saint-nous-change\/#breadcrumb"},"inLanguage":"fr-FR","potentialAction":[{"@type":"ReadAction","target":["https:\/\/jp2doc.pl\/fr\/2020\/05\/30\/lesprit-saint-nous-change\/"]}]},{"@type":"ImageObject","inLanguage":"fr-FR","@id":"https:\/\/jp2doc.pl\/fr\/2020\/05\/30\/lesprit-saint-nous-change\/#primaryimage","url":"https:\/\/jp2doc.pl\/fr\/wp-content\/uploads\/sites\/5\/2020\/05\/m.1.jpg","contentUrl":"https:\/\/jp2doc.pl\/fr\/wp-content\/uploads\/sites\/5\/2020\/05\/m.1.jpg","width":1521,"height":949},{"@type":"BreadcrumbList","@id":"https:\/\/jp2doc.pl\/fr\/2020\/05\/30\/lesprit-saint-nous-change\/#breadcrumb","itemListElement":[{"@type":"ListItem","position":1,"name":"Home","item":"https:\/\/jp2doc.pl\/fr\/"},{"@type":"ListItem","position":2,"name":"L\u2019Esprit Saint nous change"}]},{"@type":"WebSite","@id":"https:\/\/jp2doc.pl\/fr\/#website","url":"https:\/\/jp2doc.pl\/fr\/","name":"Centre de Documentation et d\u2019Etude du Pontificat de Jean-Paul II \u00e0 Rome","description":"","publisher":{"@id":"https:\/\/jp2doc.pl\/fr\/#organization"},"potentialAction":[{"@type":"SearchAction","target":{"@type":"EntryPoint","urlTemplate":"https:\/\/jp2doc.pl\/fr\/?s={search_term_string}"},"query-input":{"@type":"PropertyValueSpecification","valueRequired":true,"valueName":"search_term_string"}}],"inLanguage":"fr-FR"},{"@type":"Organization","@id":"https:\/\/jp2doc.pl\/fr\/#organization","name":"Centre de Documentation et d\u2019Etude du Pontificat de Jean-Paul II \u00e0 Rome","url":"https:\/\/jp2doc.pl\/fr\/","logo":{"@type":"ImageObject","inLanguage":"fr-FR","@id":"https:\/\/jp2doc.pl\/fr\/#\/schema\/logo\/image\/","url":"https:\/\/jp2doc.pl\/fr\/wp-content\/uploads\/sites\/5\/2017\/03\/cropped-logo.png","contentUrl":"https:\/\/jp2doc.pl\/fr\/wp-content\/uploads\/sites\/5\/2017\/03\/cropped-logo.png","width":115,"height":115,"caption":"Centre de Documentation et d\u2019Etude du Pontificat de Jean-Paul II \u00e0 Rome"},"image":{"@id":"https:\/\/jp2doc.pl\/fr\/#\/schema\/logo\/image\/"}},{"@type":"Person","@id":"https:\/\/jp2doc.pl\/fr\/#\/schema\/person\/6110109e80abb51f6fac4824777eabfe","name":"juliasercanka","image":{"@type":"ImageObject","inLanguage":"fr-FR","@id":"https:\/\/jp2doc.pl\/fr\/#\/schema\/person\/image\/","url":"https:\/\/secure.gravatar.com\/avatar\/266a66e864556e22d55d61b6b10c97fab9060767b738564bcd109f3997e372bc?s=96&d=mm&r=g","contentUrl":"https:\/\/secure.gravatar.com\/avatar\/266a66e864556e22d55d61b6b10c97fab9060767b738564bcd109f3997e372bc?s=96&d=mm&r=g","caption":"juliasercanka"},"url":"https:\/\/jp2doc.pl\/fr\/author\/juliasercanka\/"}]}},"_links":{"self":[{"href":"https:\/\/jp2doc.pl\/fr\/wp-json\/wp\/v2\/posts\/1700","targetHints":{"allow":["GET"]}}],"collection":[{"href":"https:\/\/jp2doc.pl\/fr\/wp-json\/wp\/v2\/posts"}],"about":[{"href":"https:\/\/jp2doc.pl\/fr\/wp-json\/wp\/v2\/types\/post"}],"author":[{"embeddable":true,"href":"https:\/\/jp2doc.pl\/fr\/wp-json\/wp\/v2\/users\/5"}],"replies":[{"embeddable":true,"href":"https:\/\/jp2doc.pl\/fr\/wp-json\/wp\/v2\/comments?post=1700"}],"version-history":[{"count":1,"href":"https:\/\/jp2doc.pl\/fr\/wp-json\/wp\/v2\/posts\/1700\/revisions"}],"predecessor-version":[{"id":1702,"href":"https:\/\/jp2doc.pl\/fr\/wp-json\/wp\/v2\/posts\/1700\/revisions\/1702"}],"wp:featuredmedia":[{"embeddable":true,"href":"https:\/\/jp2doc.pl\/fr\/wp-json\/wp\/v2\/media\/1701"}],"wp:attachment":[{"href":"https:\/\/jp2doc.pl\/fr\/wp-json\/wp\/v2\/media?parent=1700"}],"wp:term":[{"taxonomy":"category","embeddable":true,"href":"https:\/\/jp2doc.pl\/fr\/wp-json\/wp\/v2\/categories?post=1700"},{"taxonomy":"post_tag","embeddable":true,"href":"https:\/\/jp2doc.pl\/fr\/wp-json\/wp\/v2\/tags?post=1700"}],"curies":[{"name":"wp","href":"https:\/\/api.w.org\/{rel}","templated":true}]}}