{"id":1714,"date":"2020-06-27T18:11:58","date_gmt":"2020-06-27T16:11:58","guid":{"rendered":"https:\/\/jp2doc.pl\/fr\/?p=1714"},"modified":"2020-06-27T18:12:42","modified_gmt":"2020-06-27T16:12:42","slug":"accueillir-dieu-pour-quil-transforme-notre-vie","status":"publish","type":"post","link":"https:\/\/jp2doc.pl\/fr\/2020\/06\/27\/accueillir-dieu-pour-quil-transforme-notre-vie\/","title":{"rendered":"Accueillir Dieu pour qu\u2019il transforme notre vie"},"content":{"rendered":"\n<p>2 R4&nbsp;; 8-16&nbsp;;\nRm 6,3-4.8-11&nbsp;; Mt 10, 37-42<\/p>\n\n\n\n<p>En ce treizi\u00e8me\ndimanche du temps ordinaire, les lectures nous invitent \u00e0 m\u00e9diter sur l\u2019accueil\nde Dieu \u00e0 travers l\u2019\u00e9tranger. On dit de quelqu\u2019un qu\u2019il est accueillant s\u2019il se\nrend disponible, s\u2019il cr\u00e9e un espace dans sa vie pour les autres, s\u2019il donne\nson temps aux autres, s\u2019il a le sens de l\u2019\u00e9coute.<\/p>\n\n\n\n<p>Aujourd\u2019hui\nl\u2019Ecriture nous rappelle que Dieu vient vers nous par ses envoy\u00e9s. Aussi dans\nla premi\u00e8re lecture est-il \u00e9crit&nbsp;: \u00ab&nbsp;un jour, le proph\u00e8te Elis\u00e9e\npassait \u00e0 Sunam&nbsp;; une femme riche de ce pays insista pour qu\u2019il vienne\nmanger chez elle&nbsp;\u00bb. v8<\/p>\n\n\n\n<p>Sunam, c\u2019est notre\nmilieu de vie, c\u2019est notre lieu de travail, c\u2019est notre vie. Dieu vient vers\nnous \u00e0 travers un \u00e9tranger, un pauvre, il nous rejoint l\u00e0. Mais comment le\ntraitons-nous&nbsp;? Quelle est notre attitude vis-\u00e0-vis de lui&nbsp;?\nConcr\u00e8tement, comment traitons-nous nos fr\u00e8res et s\u0153urs par qui Dieu nous parle\naujourd\u2019hui&nbsp;? Comment nous traitons-nous les uns les autres&nbsp;?<\/p>\n\n\n\n<p>Les lectures nous\nmontrent que face \u00e0 Dieu qui vient vers nous, nous pouvons d\u00e9velopper plusieurs\nattitudes&nbsp;: soit nous accueillons Dieu, soit nous le rejetons.<\/p>\n\n\n\n<p>Comment\naccueillons-nous Dieu&nbsp;?<\/p>\n\n\n\n<p>1\u00b0 Si nous savons <em>le d\u00e9couvrir dans un \u00e9tranger, un proph\u00e8te,\nun enfant, comme nous d\u00e9crit&nbsp; la premi\u00e8re\nlecture et l\u2019\u00e9vangile, un sans-abri&nbsp;; un pauvre qui mendie, un orphelin\nsans assistance, bref dans tout homme qui est dans le besoin.<\/em> &nbsp;Dieu nous rejoint encore par sa parole o\u00f9 il\nnous r\u00e9v\u00e8le sa volont\u00e9. Il nous montre le Christ comme le guide de notre vie. &nbsp;<\/p>\n\n\n\n<p><em>Quand nous nous examinons, est-ce que nous pouvons\nvraiment dire que nous pr\u00eatons attention \u00e0 toute personne \u00e9trang\u00e8re qui passe\ndevant notre maison, devant nos lieux de travail&nbsp;? Est-ce que nous \u00e9coutons\nle Christ&nbsp;? Que nous nous laissons guider chaque jour par lui, par sa\nparole de vie&nbsp;?<\/em><\/p>\n\n\n\n<p>2\u00b0 Si nous <em>acceptons le bapt\u00eame, la conversion<\/em>&nbsp;:\nl\u2019accueil de Dieu n\u2019est pas pour un moment, un instant. Nous devons constamment\naccueillir Dieu pour qu\u2019il transforme notre vie pour toujours. &nbsp;Avec le bapt\u00eame nous sommes unis au Christ et\navec lui la mort n\u2019a plus de pouvoir sur nous. C\u2019est ce que nous avons entendus\ndans la deuxi\u00e8me lecture<\/p>\n\n\n\n<p>3\u00b0 &nbsp;Par le sacrifice&nbsp;et l\u2019amour du Christ en\npremi\u00e8re position: dans l\u2019\u00e9vangile le Christ nous dit&nbsp;: \u00ab&nbsp;celui qui\naime son p\u00e8re ou sa m\u00e8re plus que moi n\u2019est pas digne de moi&nbsp;; celui qui\naime son fils ou sa fille plus que moi n\u2019est pas digne de moi.&nbsp; Celui qui ne prend pas sa croix et ne me suit\npas n\u2019est pas digne de moi&nbsp;\u00bb.V37-38. <strong>&nbsp;<\/strong>C\u2019est cela&nbsp;! La vie chr\u00e9tienne est\nune grande \u00e9preuve. Nous devons accepter d\u2019aller vers le Christ avec nos croix,\nnotre vie de chaque jour avec ses joies et ses peines. &nbsp;Les choses ne sont pas si simples. Le Christ\nne nous demande pas de ha\u00efr nos parents, nos proches, mais nous invite \u00e0 le\nmettre \u00e0 la premi\u00e8re place dans notre vie. &nbsp;Nous devons lutter pour nous illustrer dans le\nbien. C\u2019est le chemin qu\u2019a emprunt\u00e9 notre Seigneur. Nous devons l\u2019y suivre <\/p>\n\n\n\n<p>4) <em>Par le service<\/em>&nbsp;: encore une fois\ndans l\u2019\u00e9vangile, Mt nous dit&nbsp;: \u00ab&nbsp; qui accueille un proph\u00e8te en sa\nqualit\u00e9 de proph\u00e8te recevra une r\u00e9compense de proph\u00e8te&nbsp;; qui accueille un\nhomme juste en sa qualit\u00e9 de juste recevra une r\u00e9compense de juste&nbsp;\u00bb. Au\nfait c\u2019est ce que nous avons vu dans la premi\u00e8re lecture. Le Seigneur\nr\u00e9compense toujours celui qui l\u2019accueille&nbsp;; Il lui rend le centuple,\nr\u00e9pond \u00e0 ses aspirations.&nbsp; Il\najoute&nbsp;: \u00ab&nbsp; celui qui donnera \u00e0 boire, m\u00eame un simple verre d\u2019eau\nfraiche, \u00e0 un de ces petits en sa qualit\u00e9 de disciple, amen, je vous le\ndis&nbsp;: non, il ne perdra pas sa r\u00e9compense&nbsp;\u00bb. Qu\u2019elle est cette\nr\u00e9compense sinon le ciel&nbsp;? Cette vision doit devenir une r\u00e9alit\u00e9 d\u00e9j\u00e0 dans\nnotre vie pr\u00e9sente. Nous sommes invit\u00e9s \u00e0 recevoir tout le monde, \u00e0 venir en\naide aux autres, aux pauvres car c\u2019est cela la vraie religion. Nous sommes les\ntemples du Saint Esprit, dit l\u2019Ecriture. Servir Dieu dans son temple, c\u2019est le\nservir dans nos fr\u00e8res et s\u0153urs, jour et nuit, par de petites attentions, de\npetits gestes ou de petits conseils. Etre pr\u00e9sent \u00e0 nos fr\u00e8res et s\u0153urs nous\nouvre au Tr\u00f4ne de Dieu. <\/p>\n\n\n\n<p><em>Est-ce que nous sommes sensibles aux autres&nbsp;? Est-ce\nque nous voyons ceux qui nous entourent&nbsp;?<\/em><\/p>\n\n\n\n<p>Et nous, comment\nsont nos c\u0153urs&nbsp;? Comment sont nos bouches&nbsp;? Ne traitons-nous pas\nsouvent mal les gens qui nous approchent pour nous remettre sur le bon chemin\nquand il nous arrive de nous tromper, nous \u00e9garer&nbsp;?<\/p>\n\n\n\n<p>Nous devons \u00e9viter\nd\u2019expulser de notre territoire, de notre vie, de notre c\u0153ur ceux qui nous\naiment, ceux qui nous veulent du bien, l\u2019\u00e9tranger et les petits. C\u2019est par eux\nque le Seigneur vient habiter parmi nous&nbsp;: Et nous appartiendrons pour\ntoujours au Seigneur&nbsp;; \u00ab&nbsp;Ce que le P\u00e8re m\u2019a donn\u00e9, dit J\u00e9sus, vaut\nplus que tout, et personne ne peut rien arracher de la main du P\u00e8re&nbsp;\u00bb. Et nous\nvivrons en harmonie les uns avec les autres et nous serons prot\u00e9g\u00e9s&nbsp;des\npuissants : \u00ab&nbsp;Ils n\u2019auront plus faim, ils n\u2019auront plus soif, la br\u00fblure\ndu soleil ne les accablera plus&nbsp;\u00bb, \u00e9crit Jean \u00e0 propos des \u00e9lus.<\/p>\n\n\n\n<p><strong>P\u00e8re Jean Claude Ciza<\/strong><\/p>\n\n\n\n<p><em>Fot. Tung Minh\/Unsplash.com<\/em><\/p>\n","protected":false},"excerpt":{"rendered":"<p>XIII Dimanche du Temps Ordinaire<\/p>\n","protected":false},"author":5,"featured_media":1715,"comment_status":"open","ping_status":"open","sticky":false,"template":"","format":"standard","meta":{"_acf_changed":false,"_exactmetrics_skip_tracking":false,"_exactmetrics_sitenote_active":false,"_exactmetrics_sitenote_note":"","_exactmetrics_sitenote_category":0,"footnotes":""},"categories":[4,13,14],"tags":[],"class_list":["post-1714","post","type-post","status-publish","format-standard","has-post-thumbnail","hentry","category-blog","category-strona-glowna-najnowsze","category-strona-glowna-slider"],"acf":[],"yoast_head":"<!-- This site is optimized with the Yoast SEO plugin v26.2 - https:\/\/yoast.com\/wordpress\/plugins\/seo\/ -->\n<title>Accueillir Dieu pour qu\u2019il transforme notre vie - Centre de Documentation et d\u2019Etude du Pontificat de Jean-Paul II \u00e0 Rome<\/title>\n<meta name=\"robots\" content=\"index, follow, max-snippet:-1, max-image-preview:large, max-video-preview:-1\" \/>\n<link rel=\"canonical\" href=\"https:\/\/jp2doc.pl\/fr\/2020\/06\/27\/accueillir-dieu-pour-quil-transforme-notre-vie\/\" \/>\n<meta property=\"og:locale\" content=\"fr_FR\" \/>\n<meta property=\"og:type\" content=\"article\" \/>\n<meta property=\"og:title\" content=\"Accueillir Dieu pour qu\u2019il transforme notre vie - Centre de Documentation et d\u2019Etude du Pontificat de Jean-Paul II \u00e0 Rome\" \/>\n<meta property=\"og:description\" content=\"XIII Dimanche du Temps Ordinaire\" \/>\n<meta property=\"og:url\" content=\"https:\/\/jp2doc.pl\/fr\/2020\/06\/27\/accueillir-dieu-pour-quil-transforme-notre-vie\/\" \/>\n<meta property=\"og:site_name\" content=\"Centre de Documentation et d\u2019Etude du Pontificat de Jean-Paul II \u00e0 Rome\" \/>\n<meta property=\"article:published_time\" content=\"2020-06-27T16:11:58+00:00\" \/>\n<meta property=\"article:modified_time\" content=\"2020-06-27T16:12:42+00:00\" \/>\n<meta property=\"og:image\" content=\"https:\/\/jp2doc.pl\/fr\/wp-content\/uploads\/sites\/5\/2020\/06\/tung-minh-FMMcLlrG70M-unsplash-1.jpg\" \/>\n\t<meta property=\"og:image:width\" content=\"1496\" \/>\n\t<meta property=\"og:image:height\" content=\"997\" \/>\n\t<meta property=\"og:image:type\" content=\"image\/jpeg\" \/>\n<meta name=\"author\" content=\"juliasercanka\" \/>\n<meta name=\"twitter:card\" content=\"summary_large_image\" \/>\n<meta name=\"twitter:label1\" content=\"\u00c9crit par\" \/>\n\t<meta name=\"twitter:data1\" content=\"juliasercanka\" \/>\n\t<meta name=\"twitter:label2\" content=\"Dur\u00e9e de lecture estim\u00e9e\" \/>\n\t<meta name=\"twitter:data2\" content=\"5 minutes\" \/>\n<script type=\"application\/ld+json\" class=\"yoast-schema-graph\">{\"@context\":\"https:\/\/schema.org\",\"@graph\":[{\"@type\":\"Article\",\"@id\":\"https:\/\/jp2doc.pl\/fr\/2020\/06\/27\/accueillir-dieu-pour-quil-transforme-notre-vie\/#article\",\"isPartOf\":{\"@id\":\"https:\/\/jp2doc.pl\/fr\/2020\/06\/27\/accueillir-dieu-pour-quil-transforme-notre-vie\/\"},\"author\":{\"name\":\"juliasercanka\",\"@id\":\"https:\/\/jp2doc.pl\/fr\/#\/schema\/person\/6110109e80abb51f6fac4824777eabfe\"},\"headline\":\"Accueillir Dieu pour qu\u2019il transforme notre vie\",\"datePublished\":\"2020-06-27T16:11:58+00:00\",\"dateModified\":\"2020-06-27T16:12:42+00:00\",\"mainEntityOfPage\":{\"@id\":\"https:\/\/jp2doc.pl\/fr\/2020\/06\/27\/accueillir-dieu-pour-quil-transforme-notre-vie\/\"},\"wordCount\":1018,\"commentCount\":0,\"publisher\":{\"@id\":\"https:\/\/jp2doc.pl\/fr\/#organization\"},\"image\":{\"@id\":\"https:\/\/jp2doc.pl\/fr\/2020\/06\/27\/accueillir-dieu-pour-quil-transforme-notre-vie\/#primaryimage\"},\"thumbnailUrl\":\"https:\/\/jp2doc.pl\/fr\/wp-content\/uploads\/sites\/5\/2020\/06\/tung-minh-FMMcLlrG70M-unsplash-1.jpg\",\"articleSection\":[\"Blog\",\"Strona g\u0142\u00f3wna - najnowsze\",\"Strona g\u0142\u00f3wna - slider\"],\"inLanguage\":\"fr-FR\",\"potentialAction\":[{\"@type\":\"CommentAction\",\"name\":\"Comment\",\"target\":[\"https:\/\/jp2doc.pl\/fr\/2020\/06\/27\/accueillir-dieu-pour-quil-transforme-notre-vie\/#respond\"]}]},{\"@type\":\"WebPage\",\"@id\":\"https:\/\/jp2doc.pl\/fr\/2020\/06\/27\/accueillir-dieu-pour-quil-transforme-notre-vie\/\",\"url\":\"https:\/\/jp2doc.pl\/fr\/2020\/06\/27\/accueillir-dieu-pour-quil-transforme-notre-vie\/\",\"name\":\"Accueillir Dieu pour qu\u2019il transforme notre vie - Centre de Documentation et d\u2019Etude du Pontificat de Jean-Paul II \u00e0 Rome\",\"isPartOf\":{\"@id\":\"https:\/\/jp2doc.pl\/fr\/#website\"},\"primaryImageOfPage\":{\"@id\":\"https:\/\/jp2doc.pl\/fr\/2020\/06\/27\/accueillir-dieu-pour-quil-transforme-notre-vie\/#primaryimage\"},\"image\":{\"@id\":\"https:\/\/jp2doc.pl\/fr\/2020\/06\/27\/accueillir-dieu-pour-quil-transforme-notre-vie\/#primaryimage\"},\"thumbnailUrl\":\"https:\/\/jp2doc.pl\/fr\/wp-content\/uploads\/sites\/5\/2020\/06\/tung-minh-FMMcLlrG70M-unsplash-1.jpg\",\"datePublished\":\"2020-06-27T16:11:58+00:00\",\"dateModified\":\"2020-06-27T16:12:42+00:00\",\"breadcrumb\":{\"@id\":\"https:\/\/jp2doc.pl\/fr\/2020\/06\/27\/accueillir-dieu-pour-quil-transforme-notre-vie\/#breadcrumb\"},\"inLanguage\":\"fr-FR\",\"potentialAction\":[{\"@type\":\"ReadAction\",\"target\":[\"https:\/\/jp2doc.pl\/fr\/2020\/06\/27\/accueillir-dieu-pour-quil-transforme-notre-vie\/\"]}]},{\"@type\":\"ImageObject\",\"inLanguage\":\"fr-FR\",\"@id\":\"https:\/\/jp2doc.pl\/fr\/2020\/06\/27\/accueillir-dieu-pour-quil-transforme-notre-vie\/#primaryimage\",\"url\":\"https:\/\/jp2doc.pl\/fr\/wp-content\/uploads\/sites\/5\/2020\/06\/tung-minh-FMMcLlrG70M-unsplash-1.jpg\",\"contentUrl\":\"https:\/\/jp2doc.pl\/fr\/wp-content\/uploads\/sites\/5\/2020\/06\/tung-minh-FMMcLlrG70M-unsplash-1.jpg\",\"width\":1496,\"height\":997},{\"@type\":\"BreadcrumbList\",\"@id\":\"https:\/\/jp2doc.pl\/fr\/2020\/06\/27\/accueillir-dieu-pour-quil-transforme-notre-vie\/#breadcrumb\",\"itemListElement\":[{\"@type\":\"ListItem\",\"position\":1,\"name\":\"Home\",\"item\":\"https:\/\/jp2doc.pl\/fr\/\"},{\"@type\":\"ListItem\",\"position\":2,\"name\":\"Accueillir Dieu pour qu\u2019il transforme notre vie\"}]},{\"@type\":\"WebSite\",\"@id\":\"https:\/\/jp2doc.pl\/fr\/#website\",\"url\":\"https:\/\/jp2doc.pl\/fr\/\",\"name\":\"Centre de Documentation et d\u2019Etude du Pontificat de Jean-Paul II \u00e0 Rome\",\"description\":\"\",\"publisher\":{\"@id\":\"https:\/\/jp2doc.pl\/fr\/#organization\"},\"potentialAction\":[{\"@type\":\"SearchAction\",\"target\":{\"@type\":\"EntryPoint\",\"urlTemplate\":\"https:\/\/jp2doc.pl\/fr\/?s={search_term_string}\"},\"query-input\":{\"@type\":\"PropertyValueSpecification\",\"valueRequired\":true,\"valueName\":\"search_term_string\"}}],\"inLanguage\":\"fr-FR\"},{\"@type\":\"Organization\",\"@id\":\"https:\/\/jp2doc.pl\/fr\/#organization\",\"name\":\"Centre de Documentation et d\u2019Etude du Pontificat de Jean-Paul II \u00e0 Rome\",\"url\":\"https:\/\/jp2doc.pl\/fr\/\",\"logo\":{\"@type\":\"ImageObject\",\"inLanguage\":\"fr-FR\",\"@id\":\"https:\/\/jp2doc.pl\/fr\/#\/schema\/logo\/image\/\",\"url\":\"https:\/\/jp2doc.pl\/fr\/wp-content\/uploads\/sites\/5\/2017\/03\/cropped-logo.png\",\"contentUrl\":\"https:\/\/jp2doc.pl\/fr\/wp-content\/uploads\/sites\/5\/2017\/03\/cropped-logo.png\",\"width\":115,\"height\":115,\"caption\":\"Centre de Documentation et d\u2019Etude du Pontificat de Jean-Paul II \u00e0 Rome\"},\"image\":{\"@id\":\"https:\/\/jp2doc.pl\/fr\/#\/schema\/logo\/image\/\"}},{\"@type\":\"Person\",\"@id\":\"https:\/\/jp2doc.pl\/fr\/#\/schema\/person\/6110109e80abb51f6fac4824777eabfe\",\"name\":\"juliasercanka\",\"image\":{\"@type\":\"ImageObject\",\"inLanguage\":\"fr-FR\",\"@id\":\"https:\/\/jp2doc.pl\/fr\/#\/schema\/person\/image\/\",\"url\":\"https:\/\/secure.gravatar.com\/avatar\/266a66e864556e22d55d61b6b10c97fab9060767b738564bcd109f3997e372bc?s=96&d=mm&r=g\",\"contentUrl\":\"https:\/\/secure.gravatar.com\/avatar\/266a66e864556e22d55d61b6b10c97fab9060767b738564bcd109f3997e372bc?s=96&d=mm&r=g\",\"caption\":\"juliasercanka\"},\"url\":\"https:\/\/jp2doc.pl\/fr\/author\/juliasercanka\/\"}]}<\/script>\n<!-- \/ Yoast SEO plugin. -->","yoast_head_json":{"title":"Accueillir Dieu pour qu\u2019il transforme notre vie - Centre de Documentation et d\u2019Etude du Pontificat de Jean-Paul II \u00e0 Rome","robots":{"index":"index","follow":"follow","max-snippet":"max-snippet:-1","max-image-preview":"max-image-preview:large","max-video-preview":"max-video-preview:-1"},"canonical":"https:\/\/jp2doc.pl\/fr\/2020\/06\/27\/accueillir-dieu-pour-quil-transforme-notre-vie\/","og_locale":"fr_FR","og_type":"article","og_title":"Accueillir Dieu pour qu\u2019il transforme notre vie - Centre de Documentation et d\u2019Etude du Pontificat de Jean-Paul II \u00e0 Rome","og_description":"XIII Dimanche du Temps Ordinaire","og_url":"https:\/\/jp2doc.pl\/fr\/2020\/06\/27\/accueillir-dieu-pour-quil-transforme-notre-vie\/","og_site_name":"Centre de Documentation et d\u2019Etude du Pontificat de Jean-Paul II \u00e0 Rome","article_published_time":"2020-06-27T16:11:58+00:00","article_modified_time":"2020-06-27T16:12:42+00:00","og_image":[{"width":1496,"height":997,"url":"https:\/\/jp2doc.pl\/fr\/wp-content\/uploads\/sites\/5\/2020\/06\/tung-minh-FMMcLlrG70M-unsplash-1.jpg","type":"image\/jpeg"}],"author":"juliasercanka","twitter_card":"summary_large_image","twitter_misc":{"\u00c9crit par":"juliasercanka","Dur\u00e9e de lecture estim\u00e9e":"5 minutes"},"schema":{"@context":"https:\/\/schema.org","@graph":[{"@type":"Article","@id":"https:\/\/jp2doc.pl\/fr\/2020\/06\/27\/accueillir-dieu-pour-quil-transforme-notre-vie\/#article","isPartOf":{"@id":"https:\/\/jp2doc.pl\/fr\/2020\/06\/27\/accueillir-dieu-pour-quil-transforme-notre-vie\/"},"author":{"name":"juliasercanka","@id":"https:\/\/jp2doc.pl\/fr\/#\/schema\/person\/6110109e80abb51f6fac4824777eabfe"},"headline":"Accueillir Dieu pour qu\u2019il transforme notre vie","datePublished":"2020-06-27T16:11:58+00:00","dateModified":"2020-06-27T16:12:42+00:00","mainEntityOfPage":{"@id":"https:\/\/jp2doc.pl\/fr\/2020\/06\/27\/accueillir-dieu-pour-quil-transforme-notre-vie\/"},"wordCount":1018,"commentCount":0,"publisher":{"@id":"https:\/\/jp2doc.pl\/fr\/#organization"},"image":{"@id":"https:\/\/jp2doc.pl\/fr\/2020\/06\/27\/accueillir-dieu-pour-quil-transforme-notre-vie\/#primaryimage"},"thumbnailUrl":"https:\/\/jp2doc.pl\/fr\/wp-content\/uploads\/sites\/5\/2020\/06\/tung-minh-FMMcLlrG70M-unsplash-1.jpg","articleSection":["Blog","Strona g\u0142\u00f3wna - najnowsze","Strona g\u0142\u00f3wna - slider"],"inLanguage":"fr-FR","potentialAction":[{"@type":"CommentAction","name":"Comment","target":["https:\/\/jp2doc.pl\/fr\/2020\/06\/27\/accueillir-dieu-pour-quil-transforme-notre-vie\/#respond"]}]},{"@type":"WebPage","@id":"https:\/\/jp2doc.pl\/fr\/2020\/06\/27\/accueillir-dieu-pour-quil-transforme-notre-vie\/","url":"https:\/\/jp2doc.pl\/fr\/2020\/06\/27\/accueillir-dieu-pour-quil-transforme-notre-vie\/","name":"Accueillir Dieu pour qu\u2019il transforme notre vie - Centre de Documentation et d\u2019Etude du Pontificat de Jean-Paul II \u00e0 Rome","isPartOf":{"@id":"https:\/\/jp2doc.pl\/fr\/#website"},"primaryImageOfPage":{"@id":"https:\/\/jp2doc.pl\/fr\/2020\/06\/27\/accueillir-dieu-pour-quil-transforme-notre-vie\/#primaryimage"},"image":{"@id":"https:\/\/jp2doc.pl\/fr\/2020\/06\/27\/accueillir-dieu-pour-quil-transforme-notre-vie\/#primaryimage"},"thumbnailUrl":"https:\/\/jp2doc.pl\/fr\/wp-content\/uploads\/sites\/5\/2020\/06\/tung-minh-FMMcLlrG70M-unsplash-1.jpg","datePublished":"2020-06-27T16:11:58+00:00","dateModified":"2020-06-27T16:12:42+00:00","breadcrumb":{"@id":"https:\/\/jp2doc.pl\/fr\/2020\/06\/27\/accueillir-dieu-pour-quil-transforme-notre-vie\/#breadcrumb"},"inLanguage":"fr-FR","potentialAction":[{"@type":"ReadAction","target":["https:\/\/jp2doc.pl\/fr\/2020\/06\/27\/accueillir-dieu-pour-quil-transforme-notre-vie\/"]}]},{"@type":"ImageObject","inLanguage":"fr-FR","@id":"https:\/\/jp2doc.pl\/fr\/2020\/06\/27\/accueillir-dieu-pour-quil-transforme-notre-vie\/#primaryimage","url":"https:\/\/jp2doc.pl\/fr\/wp-content\/uploads\/sites\/5\/2020\/06\/tung-minh-FMMcLlrG70M-unsplash-1.jpg","contentUrl":"https:\/\/jp2doc.pl\/fr\/wp-content\/uploads\/sites\/5\/2020\/06\/tung-minh-FMMcLlrG70M-unsplash-1.jpg","width":1496,"height":997},{"@type":"BreadcrumbList","@id":"https:\/\/jp2doc.pl\/fr\/2020\/06\/27\/accueillir-dieu-pour-quil-transforme-notre-vie\/#breadcrumb","itemListElement":[{"@type":"ListItem","position":1,"name":"Home","item":"https:\/\/jp2doc.pl\/fr\/"},{"@type":"ListItem","position":2,"name":"Accueillir Dieu pour qu\u2019il transforme notre vie"}]},{"@type":"WebSite","@id":"https:\/\/jp2doc.pl\/fr\/#website","url":"https:\/\/jp2doc.pl\/fr\/","name":"Centre de Documentation et d\u2019Etude du Pontificat de Jean-Paul II \u00e0 Rome","description":"","publisher":{"@id":"https:\/\/jp2doc.pl\/fr\/#organization"},"potentialAction":[{"@type":"SearchAction","target":{"@type":"EntryPoint","urlTemplate":"https:\/\/jp2doc.pl\/fr\/?s={search_term_string}"},"query-input":{"@type":"PropertyValueSpecification","valueRequired":true,"valueName":"search_term_string"}}],"inLanguage":"fr-FR"},{"@type":"Organization","@id":"https:\/\/jp2doc.pl\/fr\/#organization","name":"Centre de Documentation et d\u2019Etude du Pontificat de Jean-Paul II \u00e0 Rome","url":"https:\/\/jp2doc.pl\/fr\/","logo":{"@type":"ImageObject","inLanguage":"fr-FR","@id":"https:\/\/jp2doc.pl\/fr\/#\/schema\/logo\/image\/","url":"https:\/\/jp2doc.pl\/fr\/wp-content\/uploads\/sites\/5\/2017\/03\/cropped-logo.png","contentUrl":"https:\/\/jp2doc.pl\/fr\/wp-content\/uploads\/sites\/5\/2017\/03\/cropped-logo.png","width":115,"height":115,"caption":"Centre de Documentation et d\u2019Etude du Pontificat de Jean-Paul II \u00e0 Rome"},"image":{"@id":"https:\/\/jp2doc.pl\/fr\/#\/schema\/logo\/image\/"}},{"@type":"Person","@id":"https:\/\/jp2doc.pl\/fr\/#\/schema\/person\/6110109e80abb51f6fac4824777eabfe","name":"juliasercanka","image":{"@type":"ImageObject","inLanguage":"fr-FR","@id":"https:\/\/jp2doc.pl\/fr\/#\/schema\/person\/image\/","url":"https:\/\/secure.gravatar.com\/avatar\/266a66e864556e22d55d61b6b10c97fab9060767b738564bcd109f3997e372bc?s=96&d=mm&r=g","contentUrl":"https:\/\/secure.gravatar.com\/avatar\/266a66e864556e22d55d61b6b10c97fab9060767b738564bcd109f3997e372bc?s=96&d=mm&r=g","caption":"juliasercanka"},"url":"https:\/\/jp2doc.pl\/fr\/author\/juliasercanka\/"}]}},"_links":{"self":[{"href":"https:\/\/jp2doc.pl\/fr\/wp-json\/wp\/v2\/posts\/1714","targetHints":{"allow":["GET"]}}],"collection":[{"href":"https:\/\/jp2doc.pl\/fr\/wp-json\/wp\/v2\/posts"}],"about":[{"href":"https:\/\/jp2doc.pl\/fr\/wp-json\/wp\/v2\/types\/post"}],"author":[{"embeddable":true,"href":"https:\/\/jp2doc.pl\/fr\/wp-json\/wp\/v2\/users\/5"}],"replies":[{"embeddable":true,"href":"https:\/\/jp2doc.pl\/fr\/wp-json\/wp\/v2\/comments?post=1714"}],"version-history":[{"count":4,"href":"https:\/\/jp2doc.pl\/fr\/wp-json\/wp\/v2\/posts\/1714\/revisions"}],"predecessor-version":[{"id":1719,"href":"https:\/\/jp2doc.pl\/fr\/wp-json\/wp\/v2\/posts\/1714\/revisions\/1719"}],"wp:featuredmedia":[{"embeddable":true,"href":"https:\/\/jp2doc.pl\/fr\/wp-json\/wp\/v2\/media\/1715"}],"wp:attachment":[{"href":"https:\/\/jp2doc.pl\/fr\/wp-json\/wp\/v2\/media?parent=1714"}],"wp:term":[{"taxonomy":"category","embeddable":true,"href":"https:\/\/jp2doc.pl\/fr\/wp-json\/wp\/v2\/categories?post=1714"},{"taxonomy":"post_tag","embeddable":true,"href":"https:\/\/jp2doc.pl\/fr\/wp-json\/wp\/v2\/tags?post=1714"}],"curies":[{"name":"wp","href":"https:\/\/api.w.org\/{rel}","templated":true}]}}