{"id":1721,"date":"2020-07-04T20:13:32","date_gmt":"2020-07-04T18:13:32","guid":{"rendered":"https:\/\/jp2doc.pl\/fr\/?p=1721"},"modified":"2020-07-04T20:13:33","modified_gmt":"2020-07-04T18:13:33","slug":"priere-daction-de-grace","status":"publish","type":"post","link":"https:\/\/jp2doc.pl\/fr\/2020\/07\/04\/priere-daction-de-grace\/","title":{"rendered":"Pri\u00e8re d\u2019action de gr\u00e2ce"},"content":{"rendered":"\n<p><\/p>\n\n\n\n<p>Zac 9,9-10&nbsp;; Ps 145&nbsp;; Rm 8,9,11-13&nbsp;; Mt 11, 25-30<\/p>\n\n\n\n<p>En ce 14 \u00e8 dimanche du temps ordinaire, les textes de la liturgie nous parlent de la pri\u00e8re d\u2019action de gr\u00e2ce. C\u2019est le Christ qui nous donne le ton et nous montre apr\u00e8s avoir enseign\u00e9 \u00e0 ses disciples comment prier, comment louer le p\u00e8re pour son amour&nbsp;&nbsp;envers les petits.<\/p>\n\n\n\n<p>Dans l\u2019Evangile, nous le voyons prier. D\u2019abord il loue le P\u00e8re. La pri\u00e8re par excellence de tout chr\u00e9tien doit \u00eatre d\u2019abord et essentiellement une pri\u00e8re de louange, d\u2019action de gr\u00e2ce. Et comme nous le savons toujours, cette pri\u00e8re pour nous c\u2019est l\u2019Eucharistie. Du Grec&nbsp;: eucharistie signifie action de gr\u00e2ce. Pourquoi louer Dieu&nbsp;?<\/p>\n\n\n\n<ul class=\"wp-block-list\"><li>D\u2019abord pour la r\u00e9v\u00e9lation et la manifestation de sa bont\u00e9 envers nous.<\/li><li>En plus pour sa parole de vie qui nous nourrit et nous fortifie&nbsp;; son Fils J\u00e9sus- Christ notre sauveur&nbsp;;<\/li><li>Aussi&nbsp;&nbsp;pour l\u2019Esprit Saint qu\u2019Il nous donne chaque fois, ce m\u00eame Esprit qui habite en nous depuis le bapt\u00eame et qui nous guide&nbsp;; nous dit la deuxi\u00e8me lecture.<\/li><\/ul>\n\n\n\n<p>Louons aussi Dieu en J\u00e9sus Christ notre Roi et notre lib\u00e9rateur qui vient nous lib\u00e8re et comme roi, qui vient nous apporter la paix. Alors la premi\u00e8re lecture nous invite sans attendre \u00e0 pousser des cris de joie.<\/p>\n\n\n\n<p>Bien aim\u00e9s de Dieu, demandons aujourd\u2019hui cet esprit, ce c\u0153ur qui loue, exalte le seigneur. Louer Dieu c\u2019est un signe d\u2019humilit\u00e9, de douceur, de petitesse comme le c\u0153ur de J\u00e9sus.&nbsp;&nbsp;Il dit&nbsp;: \u00ab&nbsp;p\u00e8re, seigneur du Ciel et de la terre, je proclame ta louange\u2026&nbsp;\u00bb&nbsp;. Nous pouvons louer Dieu, magnifier son nom en proclamant ses bienfaits sans peur ni honte devant les hommes. Mais pourquoi devons-nous louer Dieu dans notre vie&nbsp;?<\/p>\n\n\n\n<p>Parce que pour un chr\u00e9tien, la louange est un cri d\u2019esp\u00e9rance\u00a0; un cri de quelqu\u2019un qui esp\u00e8re en Dieu comme unique recours de sa vie. La joie, la louange sont des fruits de l\u2019esp\u00e9rance chr\u00e9tienne. Dans notre monde, beaucoup des gens ne savent pas louer Dieu, parce qu\u2019ils sont d\u00e9sesp\u00e9r\u00e9s, d\u00e9courag\u00e9s. Le manque d\u2019esp\u00e9rance conduit au p\u00e9ch\u00e9, \u00e0 l\u2019\u00e9loignement par rapport \u00e0 Dieu. Qu\u2019est ce qui nous am\u00e8ne \u00e0 cette situation\u00a0? C\u2019est\u00a0\u00a0sont souvent les soucis de la vie, les lourdeurs du c\u0153ur, les d\u00e9ceptions et surtout le manque de c\u0153ur d\u2019enfant confiant en son P\u00e8re.\u00a0\u00a0A ces obstacles, nous pouvons aussi ajouter l\u2019orgueil qui nous renferme sur nous-m\u00eames, sur nos forces, nos suffisances, et endurcit notre c\u0153ur. Seuls ceux qui ont le c\u0153ur d\u2019enfant, les petits comme le dit l\u2019\u00e9vangile, savent louer Dieu car ils reconnaissent en lui la source de toute leur vie.\u00a0\u00a0Les orgueilleux ne savent pas louer Dieu, ils ne savent pas rendre gr\u00e2ce.\u00a0\u00a0Nous le voyons dans la vie quotidienne, ils ne savent pas dire merci et pensent qu\u2019ils ont droit \u00e0 tout. Chose dr\u00f4le, ils ne savent pas demander pardon \u00e0 cause de leur\u00a0suffisance\u00a0? Ils sont enchain\u00e9s dans leurs \u00ab\u00a0ego\u00a0\u00bb.\u00a0<\/p>\n\n\n\n<p>Par contre, l\u2019amour du Seigneur nous lib\u00e8re. Voil\u00e0 pourquoi, J\u00e9sus dans l\u2019Evangile nous dit&nbsp; que son joug est facile \u00e0 porter et son fardeau est l\u00e9ger. Et avant de nous le d\u00e9clarer&nbsp;; Il nous invite \u00e0 aller \u00e0 lui en ces termes&nbsp;: \u00ab&nbsp; venez \u00e0 moi, vous tous qui peinez sous le poids du fardeau, et moi je vous procurerai le repos&nbsp;!&nbsp;\u00bb&nbsp;&nbsp;Quelle joie pour nous aujourd\u2019hui, qui sommes surcharg\u00e9s par le poids de la vie, nous qui ne savons plus dormir, nous qui manquons des gens pour nous&nbsp;&nbsp;\u00e9couter\u2026. Aujourd\u2019hui, le Christ nous dit&nbsp;: plus question d\u2019aller chez les devins, plus question d\u2019aller chercher solutions ailleurs, plus question de manquer du sommeil, plus question de vous d\u00e9couragez&nbsp;; venez tous \u00e0 moi et je vais vous soulager, vous procurer le repos&nbsp;!<\/p>\n\n\n\n<p>Une occasion pour nous aujourd\u2019hui de rendre gr\u00e2ce car nous avons trouv\u00e9 quelqu\u2019un pour nous soulager de tout ce poids qui pesait sur nous.&nbsp;<\/p>\n\n\n\n<p>Bien aim\u00e9s de Dieu, la louange c\u2019est la pl\u00e9nitude de la vie en Dieu&nbsp;; c\u2019est la pri\u00e8re d\u2019une personne lib\u00e9r\u00e9e par Dieu&nbsp;; c\u2019est la pri\u00e8re du chr\u00e9tien tout simplement d\u2019une personne vivant en Dieu et pour Dieu.&nbsp;&nbsp;La pri\u00e8re chr\u00e9tienne est d\u2019abord une pri\u00e8re d\u2019action de gr\u00e2ce comme nous l\u2019enseigne le Pater qui commence par une louange \u00e0 Dieu.<\/p>\n\n\n\n<p>Apprenons&nbsp;&nbsp;donc, dans nos pri\u00e8res quotidiennes, \u00e0 louer Dieu plut\u00f4t qu\u2019\u00e0 passer notre temps \u00e0 nous lamenter contre lui, \u00e0 faire la liste de nos&nbsp;&nbsp;probl\u00e8mes en oubliant qu\u2019avant d\u2019aller vers lui, Il nous connait et connait ceux dont nous avons besoin et en oubliant encore les merveilles qu\u2019Il fait chaque jour et chaque instant pour nous.<\/p>\n\n\n\n<p>Enfin, disons au Christ\u00a0: nous qui sommes rassembl\u00e9s ici dans sa maison\u00a0; \u00ab\u00a0 nous sommes venus \u00e0 toi Seigneur J\u00e9sus. Nous nous unissons \u00e0 ton action de gr\u00e2ce car ce que tu as cach\u00e9 aux sages et aux savants, tu l\u2019as r\u00e9v\u00e9l\u00e9 aux tout-petits que nous sommes. Rends nous des vrais t\u00e9moins fid\u00e8les de ton amour aupr\u00e8s de tous ceux-l\u00e0 que nous allons rencontrer sur notre toute. Apprends nous \u00e0 dire \u00ab\u00a0merci\u00a0\u00bb \u00e0 toi notre Sauveur, \u00e0 ton P\u00e8re notre Cr\u00e9ateur et \u00e0 l\u2019Esprit Saint qui nous guide et nous \u00e9claire.<\/p>\n\n\n\n<p>P\u00e8re Jean Claude Ciza<\/p>\n","protected":false},"excerpt":{"rendered":"<p>XIV Dimanche du Temps Ordinaire<\/p>\n","protected":false},"author":6,"featured_media":1400,"comment_status":"open","ping_status":"open","sticky":false,"template":"","format":"standard","meta":{"_acf_changed":false,"_exactmetrics_skip_tracking":false,"_exactmetrics_sitenote_active":false,"_exactmetrics_sitenote_note":"","_exactmetrics_sitenote_category":0,"footnotes":""},"categories":[4,7,13,14],"tags":[],"class_list":["post-1721","post","type-post","status-publish","format-standard","has-post-thumbnail","hentry","category-blog","category-nowosci-wydawnicze","category-strona-glowna-najnowsze","category-strona-glowna-slider"],"acf":[],"yoast_head":"<!-- This site is optimized with the Yoast SEO plugin v26.2 - https:\/\/yoast.com\/wordpress\/plugins\/seo\/ -->\n<title>Pri\u00e8re d\u2019action de gr\u00e2ce - Centre de Documentation et d\u2019Etude du Pontificat de Jean-Paul II \u00e0 Rome<\/title>\n<meta name=\"robots\" content=\"index, follow, max-snippet:-1, max-image-preview:large, max-video-preview:-1\" \/>\n<link rel=\"canonical\" href=\"https:\/\/jp2doc.pl\/fr\/2020\/07\/04\/priere-daction-de-grace\/\" \/>\n<meta property=\"og:locale\" content=\"fr_FR\" \/>\n<meta property=\"og:type\" content=\"article\" \/>\n<meta property=\"og:title\" content=\"Pri\u00e8re d\u2019action de gr\u00e2ce - Centre de Documentation et d\u2019Etude du Pontificat de Jean-Paul II \u00e0 Rome\" \/>\n<meta property=\"og:description\" content=\"XIV Dimanche du Temps Ordinaire\" \/>\n<meta property=\"og:url\" content=\"https:\/\/jp2doc.pl\/fr\/2020\/07\/04\/priere-daction-de-grace\/\" \/>\n<meta property=\"og:site_name\" content=\"Centre de Documentation et d\u2019Etude du Pontificat de Jean-Paul II \u00e0 Rome\" \/>\n<meta property=\"article:published_time\" content=\"2020-07-04T18:13:32+00:00\" \/>\n<meta property=\"article:modified_time\" content=\"2020-07-04T18:13:33+00:00\" \/>\n<meta property=\"og:image\" content=\"https:\/\/jp2doc.pl\/fr\/wp-content\/uploads\/sites\/5\/2018\/06\/pexels-photo-725255.jpeg\" \/>\n\t<meta property=\"og:image:width\" content=\"1280\" \/>\n\t<meta property=\"og:image:height\" content=\"960\" \/>\n\t<meta property=\"og:image:type\" content=\"image\/jpeg\" \/>\n<meta name=\"author\" content=\"adobrzynski\" \/>\n<meta name=\"twitter:card\" content=\"summary_large_image\" \/>\n<meta name=\"twitter:label1\" content=\"\u00c9crit par\" \/>\n\t<meta name=\"twitter:data1\" content=\"adobrzynski\" \/>\n\t<meta name=\"twitter:label2\" content=\"Dur\u00e9e de lecture estim\u00e9e\" \/>\n\t<meta name=\"twitter:data2\" content=\"5 minutes\" \/>\n<script type=\"application\/ld+json\" class=\"yoast-schema-graph\">{\"@context\":\"https:\/\/schema.org\",\"@graph\":[{\"@type\":\"Article\",\"@id\":\"https:\/\/jp2doc.pl\/fr\/2020\/07\/04\/priere-daction-de-grace\/#article\",\"isPartOf\":{\"@id\":\"https:\/\/jp2doc.pl\/fr\/2020\/07\/04\/priere-daction-de-grace\/\"},\"author\":{\"name\":\"adobrzynski\",\"@id\":\"https:\/\/jp2doc.pl\/fr\/#\/schema\/person\/f1a6804b6b9f176835bf67cba35c4212\"},\"headline\":\"Pri\u00e8re d\u2019action de gr\u00e2ce\",\"datePublished\":\"2020-07-04T18:13:32+00:00\",\"dateModified\":\"2020-07-04T18:13:33+00:00\",\"mainEntityOfPage\":{\"@id\":\"https:\/\/jp2doc.pl\/fr\/2020\/07\/04\/priere-daction-de-grace\/\"},\"wordCount\":990,\"commentCount\":0,\"publisher\":{\"@id\":\"https:\/\/jp2doc.pl\/fr\/#organization\"},\"image\":{\"@id\":\"https:\/\/jp2doc.pl\/fr\/2020\/07\/04\/priere-daction-de-grace\/#primaryimage\"},\"thumbnailUrl\":\"https:\/\/jp2doc.pl\/fr\/wp-content\/uploads\/sites\/5\/2018\/06\/pexels-photo-725255.jpeg\",\"articleSection\":[\"Blog\",\"Nouveaut\u00e9s\",\"Strona g\u0142\u00f3wna - najnowsze\",\"Strona g\u0142\u00f3wna - slider\"],\"inLanguage\":\"fr-FR\",\"potentialAction\":[{\"@type\":\"CommentAction\",\"name\":\"Comment\",\"target\":[\"https:\/\/jp2doc.pl\/fr\/2020\/07\/04\/priere-daction-de-grace\/#respond\"]}]},{\"@type\":\"WebPage\",\"@id\":\"https:\/\/jp2doc.pl\/fr\/2020\/07\/04\/priere-daction-de-grace\/\",\"url\":\"https:\/\/jp2doc.pl\/fr\/2020\/07\/04\/priere-daction-de-grace\/\",\"name\":\"Pri\u00e8re d\u2019action de gr\u00e2ce - Centre de Documentation et d\u2019Etude du Pontificat de Jean-Paul II \u00e0 Rome\",\"isPartOf\":{\"@id\":\"https:\/\/jp2doc.pl\/fr\/#website\"},\"primaryImageOfPage\":{\"@id\":\"https:\/\/jp2doc.pl\/fr\/2020\/07\/04\/priere-daction-de-grace\/#primaryimage\"},\"image\":{\"@id\":\"https:\/\/jp2doc.pl\/fr\/2020\/07\/04\/priere-daction-de-grace\/#primaryimage\"},\"thumbnailUrl\":\"https:\/\/jp2doc.pl\/fr\/wp-content\/uploads\/sites\/5\/2018\/06\/pexels-photo-725255.jpeg\",\"datePublished\":\"2020-07-04T18:13:32+00:00\",\"dateModified\":\"2020-07-04T18:13:33+00:00\",\"breadcrumb\":{\"@id\":\"https:\/\/jp2doc.pl\/fr\/2020\/07\/04\/priere-daction-de-grace\/#breadcrumb\"},\"inLanguage\":\"fr-FR\",\"potentialAction\":[{\"@type\":\"ReadAction\",\"target\":[\"https:\/\/jp2doc.pl\/fr\/2020\/07\/04\/priere-daction-de-grace\/\"]}]},{\"@type\":\"ImageObject\",\"inLanguage\":\"fr-FR\",\"@id\":\"https:\/\/jp2doc.pl\/fr\/2020\/07\/04\/priere-daction-de-grace\/#primaryimage\",\"url\":\"https:\/\/jp2doc.pl\/fr\/wp-content\/uploads\/sites\/5\/2018\/06\/pexels-photo-725255.jpeg\",\"contentUrl\":\"https:\/\/jp2doc.pl\/fr\/wp-content\/uploads\/sites\/5\/2018\/06\/pexels-photo-725255.jpeg\",\"width\":1280,\"height\":960,\"caption\":\"Photo by Nina Uhl\u00edkov\u00e1 from Pexels\"},{\"@type\":\"BreadcrumbList\",\"@id\":\"https:\/\/jp2doc.pl\/fr\/2020\/07\/04\/priere-daction-de-grace\/#breadcrumb\",\"itemListElement\":[{\"@type\":\"ListItem\",\"position\":1,\"name\":\"Home\",\"item\":\"https:\/\/jp2doc.pl\/fr\/\"},{\"@type\":\"ListItem\",\"position\":2,\"name\":\"Pri\u00e8re d\u2019action de gr\u00e2ce\"}]},{\"@type\":\"WebSite\",\"@id\":\"https:\/\/jp2doc.pl\/fr\/#website\",\"url\":\"https:\/\/jp2doc.pl\/fr\/\",\"name\":\"Centre de Documentation et d\u2019Etude du Pontificat de Jean-Paul II \u00e0 Rome\",\"description\":\"\",\"publisher\":{\"@id\":\"https:\/\/jp2doc.pl\/fr\/#organization\"},\"potentialAction\":[{\"@type\":\"SearchAction\",\"target\":{\"@type\":\"EntryPoint\",\"urlTemplate\":\"https:\/\/jp2doc.pl\/fr\/?s={search_term_string}\"},\"query-input\":{\"@type\":\"PropertyValueSpecification\",\"valueRequired\":true,\"valueName\":\"search_term_string\"}}],\"inLanguage\":\"fr-FR\"},{\"@type\":\"Organization\",\"@id\":\"https:\/\/jp2doc.pl\/fr\/#organization\",\"name\":\"Centre de Documentation et d\u2019Etude du Pontificat de Jean-Paul II \u00e0 Rome\",\"url\":\"https:\/\/jp2doc.pl\/fr\/\",\"logo\":{\"@type\":\"ImageObject\",\"inLanguage\":\"fr-FR\",\"@id\":\"https:\/\/jp2doc.pl\/fr\/#\/schema\/logo\/image\/\",\"url\":\"https:\/\/jp2doc.pl\/fr\/wp-content\/uploads\/sites\/5\/2017\/03\/cropped-logo.png\",\"contentUrl\":\"https:\/\/jp2doc.pl\/fr\/wp-content\/uploads\/sites\/5\/2017\/03\/cropped-logo.png\",\"width\":115,\"height\":115,\"caption\":\"Centre de Documentation et d\u2019Etude du Pontificat de Jean-Paul II \u00e0 Rome\"},\"image\":{\"@id\":\"https:\/\/jp2doc.pl\/fr\/#\/schema\/logo\/image\/\"}},{\"@type\":\"Person\",\"@id\":\"https:\/\/jp2doc.pl\/fr\/#\/schema\/person\/f1a6804b6b9f176835bf67cba35c4212\",\"name\":\"adobrzynski\",\"image\":{\"@type\":\"ImageObject\",\"inLanguage\":\"fr-FR\",\"@id\":\"https:\/\/jp2doc.pl\/fr\/#\/schema\/person\/image\/\",\"url\":\"https:\/\/secure.gravatar.com\/avatar\/6e7eb2a67f64535320a8aa3d72bc5f83c9e81f3ad1797c6abee2e7c78ed2252a?s=96&d=mm&r=g\",\"contentUrl\":\"https:\/\/secure.gravatar.com\/avatar\/6e7eb2a67f64535320a8aa3d72bc5f83c9e81f3ad1797c6abee2e7c78ed2252a?s=96&d=mm&r=g\",\"caption\":\"adobrzynski\"},\"url\":\"https:\/\/jp2doc.pl\/fr\/author\/adobrzynski\/\"}]}<\/script>\n<!-- \/ Yoast SEO plugin. -->","yoast_head_json":{"title":"Pri\u00e8re d\u2019action de gr\u00e2ce - Centre de Documentation et d\u2019Etude du Pontificat de Jean-Paul II \u00e0 Rome","robots":{"index":"index","follow":"follow","max-snippet":"max-snippet:-1","max-image-preview":"max-image-preview:large","max-video-preview":"max-video-preview:-1"},"canonical":"https:\/\/jp2doc.pl\/fr\/2020\/07\/04\/priere-daction-de-grace\/","og_locale":"fr_FR","og_type":"article","og_title":"Pri\u00e8re d\u2019action de gr\u00e2ce - Centre de Documentation et d\u2019Etude du Pontificat de Jean-Paul II \u00e0 Rome","og_description":"XIV Dimanche du Temps Ordinaire","og_url":"https:\/\/jp2doc.pl\/fr\/2020\/07\/04\/priere-daction-de-grace\/","og_site_name":"Centre de Documentation et d\u2019Etude du Pontificat de Jean-Paul II \u00e0 Rome","article_published_time":"2020-07-04T18:13:32+00:00","article_modified_time":"2020-07-04T18:13:33+00:00","og_image":[{"width":1280,"height":960,"url":"https:\/\/jp2doc.pl\/fr\/wp-content\/uploads\/sites\/5\/2018\/06\/pexels-photo-725255.jpeg","type":"image\/jpeg"}],"author":"adobrzynski","twitter_card":"summary_large_image","twitter_misc":{"\u00c9crit par":"adobrzynski","Dur\u00e9e de lecture estim\u00e9e":"5 minutes"},"schema":{"@context":"https:\/\/schema.org","@graph":[{"@type":"Article","@id":"https:\/\/jp2doc.pl\/fr\/2020\/07\/04\/priere-daction-de-grace\/#article","isPartOf":{"@id":"https:\/\/jp2doc.pl\/fr\/2020\/07\/04\/priere-daction-de-grace\/"},"author":{"name":"adobrzynski","@id":"https:\/\/jp2doc.pl\/fr\/#\/schema\/person\/f1a6804b6b9f176835bf67cba35c4212"},"headline":"Pri\u00e8re d\u2019action de gr\u00e2ce","datePublished":"2020-07-04T18:13:32+00:00","dateModified":"2020-07-04T18:13:33+00:00","mainEntityOfPage":{"@id":"https:\/\/jp2doc.pl\/fr\/2020\/07\/04\/priere-daction-de-grace\/"},"wordCount":990,"commentCount":0,"publisher":{"@id":"https:\/\/jp2doc.pl\/fr\/#organization"},"image":{"@id":"https:\/\/jp2doc.pl\/fr\/2020\/07\/04\/priere-daction-de-grace\/#primaryimage"},"thumbnailUrl":"https:\/\/jp2doc.pl\/fr\/wp-content\/uploads\/sites\/5\/2018\/06\/pexels-photo-725255.jpeg","articleSection":["Blog","Nouveaut\u00e9s","Strona g\u0142\u00f3wna - najnowsze","Strona g\u0142\u00f3wna - slider"],"inLanguage":"fr-FR","potentialAction":[{"@type":"CommentAction","name":"Comment","target":["https:\/\/jp2doc.pl\/fr\/2020\/07\/04\/priere-daction-de-grace\/#respond"]}]},{"@type":"WebPage","@id":"https:\/\/jp2doc.pl\/fr\/2020\/07\/04\/priere-daction-de-grace\/","url":"https:\/\/jp2doc.pl\/fr\/2020\/07\/04\/priere-daction-de-grace\/","name":"Pri\u00e8re d\u2019action de gr\u00e2ce - Centre de Documentation et d\u2019Etude du Pontificat de Jean-Paul II \u00e0 Rome","isPartOf":{"@id":"https:\/\/jp2doc.pl\/fr\/#website"},"primaryImageOfPage":{"@id":"https:\/\/jp2doc.pl\/fr\/2020\/07\/04\/priere-daction-de-grace\/#primaryimage"},"image":{"@id":"https:\/\/jp2doc.pl\/fr\/2020\/07\/04\/priere-daction-de-grace\/#primaryimage"},"thumbnailUrl":"https:\/\/jp2doc.pl\/fr\/wp-content\/uploads\/sites\/5\/2018\/06\/pexels-photo-725255.jpeg","datePublished":"2020-07-04T18:13:32+00:00","dateModified":"2020-07-04T18:13:33+00:00","breadcrumb":{"@id":"https:\/\/jp2doc.pl\/fr\/2020\/07\/04\/priere-daction-de-grace\/#breadcrumb"},"inLanguage":"fr-FR","potentialAction":[{"@type":"ReadAction","target":["https:\/\/jp2doc.pl\/fr\/2020\/07\/04\/priere-daction-de-grace\/"]}]},{"@type":"ImageObject","inLanguage":"fr-FR","@id":"https:\/\/jp2doc.pl\/fr\/2020\/07\/04\/priere-daction-de-grace\/#primaryimage","url":"https:\/\/jp2doc.pl\/fr\/wp-content\/uploads\/sites\/5\/2018\/06\/pexels-photo-725255.jpeg","contentUrl":"https:\/\/jp2doc.pl\/fr\/wp-content\/uploads\/sites\/5\/2018\/06\/pexels-photo-725255.jpeg","width":1280,"height":960,"caption":"Photo by Nina Uhl\u00edkov\u00e1 from Pexels"},{"@type":"BreadcrumbList","@id":"https:\/\/jp2doc.pl\/fr\/2020\/07\/04\/priere-daction-de-grace\/#breadcrumb","itemListElement":[{"@type":"ListItem","position":1,"name":"Home","item":"https:\/\/jp2doc.pl\/fr\/"},{"@type":"ListItem","position":2,"name":"Pri\u00e8re d\u2019action de gr\u00e2ce"}]},{"@type":"WebSite","@id":"https:\/\/jp2doc.pl\/fr\/#website","url":"https:\/\/jp2doc.pl\/fr\/","name":"Centre de Documentation et d\u2019Etude du Pontificat de Jean-Paul II \u00e0 Rome","description":"","publisher":{"@id":"https:\/\/jp2doc.pl\/fr\/#organization"},"potentialAction":[{"@type":"SearchAction","target":{"@type":"EntryPoint","urlTemplate":"https:\/\/jp2doc.pl\/fr\/?s={search_term_string}"},"query-input":{"@type":"PropertyValueSpecification","valueRequired":true,"valueName":"search_term_string"}}],"inLanguage":"fr-FR"},{"@type":"Organization","@id":"https:\/\/jp2doc.pl\/fr\/#organization","name":"Centre de Documentation et d\u2019Etude du Pontificat de Jean-Paul II \u00e0 Rome","url":"https:\/\/jp2doc.pl\/fr\/","logo":{"@type":"ImageObject","inLanguage":"fr-FR","@id":"https:\/\/jp2doc.pl\/fr\/#\/schema\/logo\/image\/","url":"https:\/\/jp2doc.pl\/fr\/wp-content\/uploads\/sites\/5\/2017\/03\/cropped-logo.png","contentUrl":"https:\/\/jp2doc.pl\/fr\/wp-content\/uploads\/sites\/5\/2017\/03\/cropped-logo.png","width":115,"height":115,"caption":"Centre de Documentation et d\u2019Etude du Pontificat de Jean-Paul II \u00e0 Rome"},"image":{"@id":"https:\/\/jp2doc.pl\/fr\/#\/schema\/logo\/image\/"}},{"@type":"Person","@id":"https:\/\/jp2doc.pl\/fr\/#\/schema\/person\/f1a6804b6b9f176835bf67cba35c4212","name":"adobrzynski","image":{"@type":"ImageObject","inLanguage":"fr-FR","@id":"https:\/\/jp2doc.pl\/fr\/#\/schema\/person\/image\/","url":"https:\/\/secure.gravatar.com\/avatar\/6e7eb2a67f64535320a8aa3d72bc5f83c9e81f3ad1797c6abee2e7c78ed2252a?s=96&d=mm&r=g","contentUrl":"https:\/\/secure.gravatar.com\/avatar\/6e7eb2a67f64535320a8aa3d72bc5f83c9e81f3ad1797c6abee2e7c78ed2252a?s=96&d=mm&r=g","caption":"adobrzynski"},"url":"https:\/\/jp2doc.pl\/fr\/author\/adobrzynski\/"}]}},"_links":{"self":[{"href":"https:\/\/jp2doc.pl\/fr\/wp-json\/wp\/v2\/posts\/1721","targetHints":{"allow":["GET"]}}],"collection":[{"href":"https:\/\/jp2doc.pl\/fr\/wp-json\/wp\/v2\/posts"}],"about":[{"href":"https:\/\/jp2doc.pl\/fr\/wp-json\/wp\/v2\/types\/post"}],"author":[{"embeddable":true,"href":"https:\/\/jp2doc.pl\/fr\/wp-json\/wp\/v2\/users\/6"}],"replies":[{"embeddable":true,"href":"https:\/\/jp2doc.pl\/fr\/wp-json\/wp\/v2\/comments?post=1721"}],"version-history":[{"count":1,"href":"https:\/\/jp2doc.pl\/fr\/wp-json\/wp\/v2\/posts\/1721\/revisions"}],"predecessor-version":[{"id":1722,"href":"https:\/\/jp2doc.pl\/fr\/wp-json\/wp\/v2\/posts\/1721\/revisions\/1722"}],"wp:featuredmedia":[{"embeddable":true,"href":"https:\/\/jp2doc.pl\/fr\/wp-json\/wp\/v2\/media\/1400"}],"wp:attachment":[{"href":"https:\/\/jp2doc.pl\/fr\/wp-json\/wp\/v2\/media?parent=1721"}],"wp:term":[{"taxonomy":"category","embeddable":true,"href":"https:\/\/jp2doc.pl\/fr\/wp-json\/wp\/v2\/categories?post=1721"},{"taxonomy":"post_tag","embeddable":true,"href":"https:\/\/jp2doc.pl\/fr\/wp-json\/wp\/v2\/tags?post=1721"}],"curies":[{"name":"wp","href":"https:\/\/api.w.org\/{rel}","templated":true}]}}